{"id":213621,"date":"2025-01-17T05:30:00","date_gmt":"2025-01-17T08:30:00","guid":{"rendered":"https:\/\/www.gaveanews.com\/?p=213621"},"modified":"2025-01-17T00:53:13","modified_gmt":"2025-01-17T03:53:13","slug":"gremio-a-declaracao-de-gustavo-quinteros-sobre-a-saida-de-marchesin","status":"publish","type":"post","link":"https:\/\/www.gaveanews.com\/index.php\/2025\/01\/17\/gremio-a-declaracao-de-gustavo-quinteros-sobre-a-saida-de-marchesin\/","title":{"rendered":"Gr\u00eamio: a declara\u00e7\u00e3o de Gustavo Quinteros sobre a sa\u00edda de Marches\u00edn"},"content":{"rendered":"\n<p>O futuro de Agust\u00edn Marches\u00edn no Gr\u00eamio est\u00e1 em xeque. O goleiro, que se tornou pe\u00e7a-chave no time, entrou na mira do Boca Juniors, e o t\u00e9cnico Gustavo Quinteros n\u00e3o descartou sua sa\u00edda. O cen\u00e1rio, que j\u00e1 movimenta os bastidores, pode trazer grandes mudan\u00e7as para o Tricolor.<\/p>\n\n\n\n<ul class=\"wp-block-list\">\n<li><a href=\"https:\/\/www.gaveanews.com\/index.php\/2025\/01\/14\/gremio-define-substituto-para-marchesin\/\">Gr\u00eamio define substituto para Marches\u00edn<\/a><\/li>\n\n\n\n<li><a href=\"https:\/\/www.gaveanews.com\/index.php\/2025\/01\/14\/vai-fechar-gremio-recebe-contraproposta-para-contratar-atacante\/\">Vai fechar? Gr\u00eamio recebe contraproposta para contratar atacante<\/a><\/li>\n<\/ul>\n\n\n\n<h2 class=\"wp-block-heading\" id=\"h-quinteros-deixa-portas-abertas-para-decisao-de-marchesin\">Quinteros deixa portas abertas para decis\u00e3o de Marches\u00edn<\/h2>\n\n\n\n<figure class=\"wp-block-image size-full\"><img loading=\"lazy\" decoding=\"async\" width=\"984\" height=\"656\" src=\"https:\/\/www.gaveanews.com\/wp-content\/uploads\/Agustin-Marchesin-pelo-Gremio.webp\" alt=\"\" class=\"wp-image-167369\" srcset=\"https:\/\/www.gaveanews.com\/wp-content\/uploads\/Agustin-Marchesin-pelo-Gremio.webp 984w, https:\/\/www.gaveanews.com\/wp-content\/uploads\/Agustin-Marchesin-pelo-Gremio-300x200.webp 300w, https:\/\/www.gaveanews.com\/wp-content\/uploads\/Agustin-Marchesin-pelo-Gremio-768x512.webp 768w, https:\/\/www.gaveanews.com\/wp-content\/uploads\/Agustin-Marchesin-pelo-Gremio-630x420.webp 630w, https:\/\/www.gaveanews.com\/wp-content\/uploads\/Agustin-Marchesin-pelo-Gremio-640x427.webp 640w, https:\/\/www.gaveanews.com\/wp-content\/uploads\/Agustin-Marchesin-pelo-Gremio-681x454.webp 681w, https:\/\/www.gaveanews.com\/wp-content\/uploads\/Agustin-Marchesin-pelo-Gremio-100x67.webp 100w\" sizes=\"auto, (max-width: 984px) 100vw, 984px\" \/><figcaption class=\"wp-element-caption\">Agust\u00edn Marches\u00edn pelo Gr\u00eamio (Foto: Lucas Uebel\/Gr\u00eamio)<\/figcaption><\/figure>\n\n\n\n<p>Gustavo Quinteros abordou abertamente a poss\u00edvel transfer\u00eancia durante entrevista ao programa &#8220;V\u00e9lez e seu mundo&#8221;. Na conversa, o treinador afirmou que respeitar\u00e1 a decis\u00e3o do jogador, caso ele opte por voltar \u00e0 Argentina.&nbsp;<\/p>\n\n\n\n<p>\u201cSe o jogador, o Gr\u00eamio e o Boca chegarem a um acordo em uma negocia\u00e7\u00e3o, e o jogador quiser ir, sempre tem as portas abertas para sair\u201d, declarou.<\/p>\n\n\n\n<p>Cabe ressaltar que Quinteros destacou a qualidade do elenco gremista, refor\u00e7ando que o clube est\u00e1 preparado para lidar com situa\u00e7\u00f5es como essa. Por isso, o t\u00e9cnico mant\u00e9m otimismo quanto \u00e0 continuidade de um projeto s\u00f3lido no Gr\u00eamio.<\/p>\n\n\n\n<h2 class=\"wp-block-heading\" id=\"h-boca-juniors-aumenta-investida-e-complica-o-gremio\">Boca Juniors aumenta investida e complica o Gr\u00eamio<\/h2>\n\n\n\n<p>O interesse do Boca Juniors cresceu nos \u00faltimos dias, com propostas que chamaram a aten\u00e7\u00e3o de Marches\u00edn. Isso porque o goleiro, que completar\u00e1 37 anos em breve, pode ver na transfer\u00eancia uma oportunidade de encerrar a carreira em um dos maiores clubes de seu pa\u00eds.<\/p>\n\n\n\n<p>Vale destacar que Marches\u00edn n\u00e3o tem treinado devido a um desconforto muscular, o que alimenta ainda mais as especula\u00e7\u00f5es sobre uma poss\u00edvel sa\u00edda.&nbsp;<\/p>\n\n\n\n<p>Nos bastidores do Gr\u00eamio, fala-se em buscar um goleiro brasileiro, caso a transfer\u00eancia se concretize.<\/p>\n\n\n\n<h2 class=\"wp-block-heading\" id=\"h-marchesin-lideranca-dentro-e-fora-de-campo\">Marches\u00edn: lideran\u00e7a dentro e fora de campo<\/h2>\n\n\n\n<p>Desde sua chegada ao Gr\u00eamio em 2024, Marches\u00edn disputou 46 partidas e se firmou como titular indiscut\u00edvel, mostrando grande seguran\u00e7a sob a meta. Al\u00e9m disso, exerceu um papel de lideran\u00e7a no vesti\u00e1rio, sendo um dos pilares da equipe.&nbsp;<\/p>\n\n\n\n<p>Sua sa\u00edda representaria n\u00e3o apenas a perda de um goleiro experiente, mas tamb\u00e9m um desafio significativo para o clube, que precisaria reestruturar sua defesa de forma urgente.&nbsp;<\/p>\n\n\n\n<p>O Gr\u00eamio teria que buscar rapidamente um substituto \u00e0 altura, o que poderia afetar a estabilidade da equipe neste in\u00edcio de temporada.<\/p>\n","protected":false},"excerpt":{"rendered":"<p>O futuro de Agust\u00edn Marches\u00edn no Gr\u00eamio est\u00e1 em xeque. O goleiro, que se tornou pe\u00e7a-chave no time, entrou na mira do Boca Juniors, e o t\u00e9cnico Gustavo Quinteros n\u00e3o descartou sua sa\u00edda. O cen\u00e1rio, que j\u00e1 movimenta os bastidores, pode trazer grandes mudan\u00e7as para o Tricolor. Quinteros deixa portas abertas para decis\u00e3o de Marches\u00edn [&hellip;]<\/p>\n","protected":false},"author":25,"featured_media":208932,"comment_status":"open","ping_status":"closed","sticky":false,"template":"","format":"standard","meta":{"footnotes":""},"categories":[147],"tags":[],"class_list":["post-213621","post","type-post","status-publish","format-standard","has-post-thumbnail","hentry","category-gremio"],"yoast_head":"<!-- This site is optimized with the Yoast SEO Premium plugin v24.2 (Yoast SEO v26.9) - https:\/\/yoast.com\/product\/yoast-seo-premium-wordpress\/ -->\n<title>Gr\u00eamio: a declara\u00e7\u00e3o de Gustavo Quinteros sobre a sa\u00edda de Marches\u00edn<\/title>\n<meta name=\"robots\" content=\"index, follow, max-snippet:-1, max-image-preview:large, max-video-preview:-1\" \/>\n<link rel=\"canonical\" href=\"https:\/\/www.gaveanews.com\/index.php\/2025\/01\/17\/gremio-a-declaracao-de-gustavo-quinteros-sobre-a-saida-de-marchesin\/\" \/>\n<meta property=\"og:locale\" content=\"pt_BR\" \/>\n<meta property=\"og:type\" content=\"article\" \/>\n<meta property=\"og:title\" content=\"Gr\u00eamio: a declara\u00e7\u00e3o de Gustavo Quinteros sobre a sa\u00edda de Marches\u00edn\" \/>\n<meta property=\"og:description\" content=\"O futuro de Agust\u00edn Marches\u00edn no Gr\u00eamio est\u00e1 em xeque. O goleiro, que se tornou pe\u00e7a-chave no time, entrou na mira do Boca Juniors, e o t\u00e9cnico Gustavo Quinteros n\u00e3o descartou sua sa\u00edda. O cen\u00e1rio, que j\u00e1 movimenta os bastidores, pode trazer grandes mudan\u00e7as para o Tricolor. Quinteros deixa portas abertas para decis\u00e3o de Marches\u00edn [&hellip;]\" \/>\n<meta property=\"og:url\" content=\"https:\/\/www.gaveanews.com\/index.php\/2025\/01\/17\/gremio-a-declaracao-de-gustavo-quinteros-sobre-a-saida-de-marchesin\/\" \/>\n<meta property=\"og:site_name\" content=\"G\u00e1vea News\" \/>\n<meta property=\"article:publisher\" content=\"https:\/\/facebook.com\/gaveaNews\/\" \/>\n<meta property=\"article:published_time\" content=\"2025-01-17T08:30:00+00:00\" \/>\n<meta property=\"og:image\" content=\"http:\/\/www.gaveanews.com\/wp-content\/uploads\/Quinteros-posa-para-foto-no-estadio-do-Gremio.webp\" \/>\n\t<meta property=\"og:image:width\" content=\"1024\" \/>\n\t<meta property=\"og:image:height\" content=\"576\" \/>\n\t<meta property=\"og:image:type\" content=\"image\/webp\" \/>\n<meta name=\"author\" content=\"Rafaela Ladeira\" \/>\n<meta name=\"twitter:card\" content=\"summary_large_image\" \/>\n<meta name=\"twitter:label1\" content=\"Escrito por\" \/>\n\t<meta name=\"twitter:data1\" content=\"Rafaela Ladeira\" \/>\n\t<meta name=\"twitter:label2\" content=\"Est. tempo de leitura\" \/>\n\t<meta name=\"twitter:data2\" content=\"3 minutos\" \/>\n<script type=\"application\/ld+json\" class=\"yoast-schema-graph\">{\"@context\":\"https:\/\/schema.org\",\"@graph\":[{\"@type\":\"NewsArticle\",\"@id\":\"https:\/\/www.gaveanews.com\/index.php\/2025\/01\/17\/gremio-a-declaracao-de-gustavo-quinteros-sobre-a-saida-de-marchesin\/#article\",\"isPartOf\":{\"@id\":\"https:\/\/www.gaveanews.com\/index.php\/2025\/01\/17\/gremio-a-declaracao-de-gustavo-quinteros-sobre-a-saida-de-marchesin\/\"},\"author\":{\"name\":\"Rafaela Ladeira\",\"@id\":\"https:\/\/www.gaveanews.com\/#\/schema\/person\/0eb3e3fe1754f0205218538adbe8f5ed\"},\"headline\":\"Gr\u00eamio: a declara\u00e7\u00e3o de Gustavo Quinteros sobre a sa\u00edda de Marches\u00edn\",\"datePublished\":\"2025-01-17T08:30:00+00:00\",\"mainEntityOfPage\":{\"@id\":\"https:\/\/www.gaveanews.com\/index.php\/2025\/01\/17\/gremio-a-declaracao-de-gustavo-quinteros-sobre-a-saida-de-marchesin\/\"},\"wordCount\":428,\"commentCount\":0,\"image\":{\"@id\":\"https:\/\/www.gaveanews.com\/index.php\/2025\/01\/17\/gremio-a-declaracao-de-gustavo-quinteros-sobre-a-saida-de-marchesin\/#primaryimage\"},\"thumbnailUrl\":\"https:\/\/www.gaveanews.com\/wp-content\/uploads\/Quinteros-posa-para-foto-no-estadio-do-Gremio.webp\",\"articleSection\":[\"Gr\u00eamio\"],\"inLanguage\":\"pt-BR\",\"potentialAction\":[{\"@type\":\"CommentAction\",\"name\":\"Comment\",\"target\":[\"https:\/\/www.gaveanews.com\/index.php\/2025\/01\/17\/gremio-a-declaracao-de-gustavo-quinteros-sobre-a-saida-de-marchesin\/#respond\"]}],\"copyrightYear\":\"2025\",\"copyrightHolder\":{\"@id\":\"https:\/\/www.gaveanews.com\/#organization\"}},{\"@type\":\"WebPage\",\"@id\":\"https:\/\/www.gaveanews.com\/index.php\/2025\/01\/17\/gremio-a-declaracao-de-gustavo-quinteros-sobre-a-saida-de-marchesin\/\",\"url\":\"https:\/\/www.gaveanews.com\/index.php\/2025\/01\/17\/gremio-a-declaracao-de-gustavo-quinteros-sobre-a-saida-de-marchesin\/\",\"name\":\"Gr\u00eamio: a declara\u00e7\u00e3o de Gustavo Quinteros sobre a sa\u00edda de Marches\u00edn\",\"isPartOf\":{\"@id\":\"https:\/\/www.gaveanews.com\/#website\"},\"primaryImageOfPage\":{\"@id\":\"https:\/\/www.gaveanews.com\/index.php\/2025\/01\/17\/gremio-a-declaracao-de-gustavo-quinteros-sobre-a-saida-de-marchesin\/#primaryimage\"},\"image\":{\"@id\":\"https:\/\/www.gaveanews.com\/index.php\/2025\/01\/17\/gremio-a-declaracao-de-gustavo-quinteros-sobre-a-saida-de-marchesin\/#primaryimage\"},\"thumbnailUrl\":\"https:\/\/www.gaveanews.com\/wp-content\/uploads\/Quinteros-posa-para-foto-no-estadio-do-Gremio.webp\",\"datePublished\":\"2025-01-17T08:30:00+00:00\",\"author\":{\"@id\":\"https:\/\/www.gaveanews.com\/#\/schema\/person\/0eb3e3fe1754f0205218538adbe8f5ed\"},\"breadcrumb\":{\"@id\":\"https:\/\/www.gaveanews.com\/index.php\/2025\/01\/17\/gremio-a-declaracao-de-gustavo-quinteros-sobre-a-saida-de-marchesin\/#breadcrumb\"},\"inLanguage\":\"pt-BR\",\"potentialAction\":[{\"@type\":\"ReadAction\",\"target\":[\"https:\/\/www.gaveanews.com\/index.php\/2025\/01\/17\/gremio-a-declaracao-de-gustavo-quinteros-sobre-a-saida-de-marchesin\/\"]}]},{\"@type\":\"ImageObject\",\"inLanguage\":\"pt-BR\",\"@id\":\"https:\/\/www.gaveanews.com\/index.php\/2025\/01\/17\/gremio-a-declaracao-de-gustavo-quinteros-sobre-a-saida-de-marchesin\/#primaryimage\",\"url\":\"https:\/\/www.gaveanews.com\/wp-content\/uploads\/Quinteros-posa-para-foto-no-estadio-do-Gremio.webp\",\"contentUrl\":\"https:\/\/www.gaveanews.com\/wp-content\/uploads\/Quinteros-posa-para-foto-no-estadio-do-Gremio.webp\",\"width\":1024,\"height\":576,\"caption\":\"Quinteros posa para foto no est\u00e1dio do Gr\u00eamio (Foto: Lucas Uebel\/Gr\u00eamio)\"},{\"@type\":\"BreadcrumbList\",\"@id\":\"https:\/\/www.gaveanews.com\/index.php\/2025\/01\/17\/gremio-a-declaracao-de-gustavo-quinteros-sobre-a-saida-de-marchesin\/#breadcrumb\",\"itemListElement\":[{\"@type\":\"ListItem\",\"position\":1,\"name\":\"Home\",\"item\":\"https:\/\/www.gaveanews.com\/\"},{\"@type\":\"ListItem\",\"position\":2,\"name\":\"Gr\u00eamio: a declara\u00e7\u00e3o de Gustavo Quinteros sobre a sa\u00edda de Marches\u00edn\"}]},{\"@type\":\"WebSite\",\"@id\":\"https:\/\/www.gaveanews.com\/#website\",\"url\":\"https:\/\/www.gaveanews.com\/\",\"name\":\"G\u00e1vea News\",\"description\":\"Veja todas as not\u00edcias sobre o Flamengo: Contrata\u00e7\u00f5es, categorias de base, resultados das partidas, tabela de classifica\u00e7\u00e3o, pr\u00f3ximos jogos!\",\"potentialAction\":[{\"@type\":\"SearchAction\",\"target\":{\"@type\":\"EntryPoint\",\"urlTemplate\":\"https:\/\/www.gaveanews.com\/?s={search_term_string}\"},\"query-input\":{\"@type\":\"PropertyValueSpecification\",\"valueRequired\":true,\"valueName\":\"search_term_string\"}}],\"inLanguage\":\"pt-BR\"},{\"@type\":\"Person\",\"@id\":\"https:\/\/www.gaveanews.com\/#\/schema\/person\/0eb3e3fe1754f0205218538adbe8f5ed\",\"name\":\"Rafaela Ladeira\",\"image\":{\"@type\":\"ImageObject\",\"inLanguage\":\"pt-BR\",\"@id\":\"https:\/\/www.gaveanews.com\/#\/schema\/person\/image\/\",\"url\":\"https:\/\/secure.gravatar.com\/avatar\/c31f513acffd85eacab5730cbdfdbbf59f21ba5aeada8cd890acea879fbb2455?s=96&d=mm&r=g\",\"contentUrl\":\"https:\/\/secure.gravatar.com\/avatar\/c31f513acffd85eacab5730cbdfdbbf59f21ba5aeada8cd890acea879fbb2455?s=96&d=mm&r=g\",\"caption\":\"Rafaela Ladeira\"}}]}<\/script>\n<!-- \/ Yoast SEO Premium plugin. -->","yoast_head_json":{"title":"Gr\u00eamio: a declara\u00e7\u00e3o de Gustavo Quinteros sobre a sa\u00edda de Marches\u00edn","robots":{"index":"index","follow":"follow","max-snippet":"max-snippet:-1","max-image-preview":"max-image-preview:large","max-video-preview":"max-video-preview:-1"},"canonical":"https:\/\/www.gaveanews.com\/index.php\/2025\/01\/17\/gremio-a-declaracao-de-gustavo-quinteros-sobre-a-saida-de-marchesin\/","og_locale":"pt_BR","og_type":"article","og_title":"Gr\u00eamio: a declara\u00e7\u00e3o de Gustavo Quinteros sobre a sa\u00edda de Marches\u00edn","og_description":"O futuro de Agust\u00edn Marches\u00edn no Gr\u00eamio est\u00e1 em xeque. O goleiro, que se tornou pe\u00e7a-chave no time, entrou na mira do Boca Juniors, e o t\u00e9cnico Gustavo Quinteros n\u00e3o descartou sua sa\u00edda. O cen\u00e1rio, que j\u00e1 movimenta os bastidores, pode trazer grandes mudan\u00e7as para o Tricolor. Quinteros deixa portas abertas para decis\u00e3o de Marches\u00edn [&hellip;]","og_url":"https:\/\/www.gaveanews.com\/index.php\/2025\/01\/17\/gremio-a-declaracao-de-gustavo-quinteros-sobre-a-saida-de-marchesin\/","og_site_name":"G\u00e1vea News","article_publisher":"https:\/\/facebook.com\/gaveaNews\/","article_published_time":"2025-01-17T08:30:00+00:00","og_image":[{"width":1024,"height":576,"url":"http:\/\/www.gaveanews.com\/wp-content\/uploads\/Quinteros-posa-para-foto-no-estadio-do-Gremio.webp","type":"image\/webp"}],"author":"Rafaela Ladeira","twitter_card":"summary_large_image","twitter_misc":{"Escrito por":"Rafaela Ladeira","Est. tempo de leitura":"3 minutos"},"schema":{"@context":"https:\/\/schema.org","@graph":[{"@type":"NewsArticle","@id":"https:\/\/www.gaveanews.com\/index.php\/2025\/01\/17\/gremio-a-declaracao-de-gustavo-quinteros-sobre-a-saida-de-marchesin\/#article","isPartOf":{"@id":"https:\/\/www.gaveanews.com\/index.php\/2025\/01\/17\/gremio-a-declaracao-de-gustavo-quinteros-sobre-a-saida-de-marchesin\/"},"author":{"name":"Rafaela Ladeira","@id":"https:\/\/www.gaveanews.com\/#\/schema\/person\/0eb3e3fe1754f0205218538adbe8f5ed"},"headline":"Gr\u00eamio: a declara\u00e7\u00e3o de Gustavo Quinteros sobre a sa\u00edda de Marches\u00edn","datePublished":"2025-01-17T08:30:00+00:00","mainEntityOfPage":{"@id":"https:\/\/www.gaveanews.com\/index.php\/2025\/01\/17\/gremio-a-declaracao-de-gustavo-quinteros-sobre-a-saida-de-marchesin\/"},"wordCount":428,"commentCount":0,"image":{"@id":"https:\/\/www.gaveanews.com\/index.php\/2025\/01\/17\/gremio-a-declaracao-de-gustavo-quinteros-sobre-a-saida-de-marchesin\/#primaryimage"},"thumbnailUrl":"https:\/\/www.gaveanews.com\/wp-content\/uploads\/Quinteros-posa-para-foto-no-estadio-do-Gremio.webp","articleSection":["Gr\u00eamio"],"inLanguage":"pt-BR","potentialAction":[{"@type":"CommentAction","name":"Comment","target":["https:\/\/www.gaveanews.com\/index.php\/2025\/01\/17\/gremio-a-declaracao-de-gustavo-quinteros-sobre-a-saida-de-marchesin\/#respond"]}],"copyrightYear":"2025","copyrightHolder":{"@id":"https:\/\/www.gaveanews.com\/#organization"}},{"@type":"WebPage","@id":"https:\/\/www.gaveanews.com\/index.php\/2025\/01\/17\/gremio-a-declaracao-de-gustavo-quinteros-sobre-a-saida-de-marchesin\/","url":"https:\/\/www.gaveanews.com\/index.php\/2025\/01\/17\/gremio-a-declaracao-de-gustavo-quinteros-sobre-a-saida-de-marchesin\/","name":"Gr\u00eamio: a declara\u00e7\u00e3o de Gustavo Quinteros sobre a sa\u00edda de Marches\u00edn","isPartOf":{"@id":"https:\/\/www.gaveanews.com\/#website"},"primaryImageOfPage":{"@id":"https:\/\/www.gaveanews.com\/index.php\/2025\/01\/17\/gremio-a-declaracao-de-gustavo-quinteros-sobre-a-saida-de-marchesin\/#primaryimage"},"image":{"@id":"https:\/\/www.gaveanews.com\/index.php\/2025\/01\/17\/gremio-a-declaracao-de-gustavo-quinteros-sobre-a-saida-de-marchesin\/#primaryimage"},"thumbnailUrl":"https:\/\/www.gaveanews.com\/wp-content\/uploads\/Quinteros-posa-para-foto-no-estadio-do-Gremio.webp","datePublished":"2025-01-17T08:30:00+00:00","author":{"@id":"https:\/\/www.gaveanews.com\/#\/schema\/person\/0eb3e3fe1754f0205218538adbe8f5ed"},"breadcrumb":{"@id":"https:\/\/www.gaveanews.com\/index.php\/2025\/01\/17\/gremio-a-declaracao-de-gustavo-quinteros-sobre-a-saida-de-marchesin\/#breadcrumb"},"inLanguage":"pt-BR","potentialAction":[{"@type":"ReadAction","target":["https:\/\/www.gaveanews.com\/index.php\/2025\/01\/17\/gremio-a-declaracao-de-gustavo-quinteros-sobre-a-saida-de-marchesin\/"]}]},{"@type":"ImageObject","inLanguage":"pt-BR","@id":"https:\/\/www.gaveanews.com\/index.php\/2025\/01\/17\/gremio-a-declaracao-de-gustavo-quinteros-sobre-a-saida-de-marchesin\/#primaryimage","url":"https:\/\/www.gaveanews.com\/wp-content\/uploads\/Quinteros-posa-para-foto-no-estadio-do-Gremio.webp","contentUrl":"https:\/\/www.gaveanews.com\/wp-content\/uploads\/Quinteros-posa-para-foto-no-estadio-do-Gremio.webp","width":1024,"height":576,"caption":"Quinteros posa para foto no est\u00e1dio do Gr\u00eamio (Foto: Lucas Uebel\/Gr\u00eamio)"},{"@type":"BreadcrumbList","@id":"https:\/\/www.gaveanews.com\/index.php\/2025\/01\/17\/gremio-a-declaracao-de-gustavo-quinteros-sobre-a-saida-de-marchesin\/#breadcrumb","itemListElement":[{"@type":"ListItem","position":1,"name":"Home","item":"https:\/\/www.gaveanews.com\/"},{"@type":"ListItem","position":2,"name":"Gr\u00eamio: a declara\u00e7\u00e3o de Gustavo Quinteros sobre a sa\u00edda de Marches\u00edn"}]},{"@type":"WebSite","@id":"https:\/\/www.gaveanews.com\/#website","url":"https:\/\/www.gaveanews.com\/","name":"G\u00e1vea News","description":"Veja todas as not\u00edcias sobre o Flamengo: Contrata\u00e7\u00f5es, categorias de base, resultados das partidas, tabela de classifica\u00e7\u00e3o, pr\u00f3ximos jogos!","potentialAction":[{"@type":"SearchAction","target":{"@type":"EntryPoint","urlTemplate":"https:\/\/www.gaveanews.com\/?s={search_term_string}"},"query-input":{"@type":"PropertyValueSpecification","valueRequired":true,"valueName":"search_term_string"}}],"inLanguage":"pt-BR"},{"@type":"Person","@id":"https:\/\/www.gaveanews.com\/#\/schema\/person\/0eb3e3fe1754f0205218538adbe8f5ed","name":"Rafaela Ladeira","image":{"@type":"ImageObject","inLanguage":"pt-BR","@id":"https:\/\/www.gaveanews.com\/#\/schema\/person\/image\/","url":"https:\/\/secure.gravatar.com\/avatar\/c31f513acffd85eacab5730cbdfdbbf59f21ba5aeada8cd890acea879fbb2455?s=96&d=mm&r=g","contentUrl":"https:\/\/secure.gravatar.com\/avatar\/c31f513acffd85eacab5730cbdfdbbf59f21ba5aeada8cd890acea879fbb2455?s=96&d=mm&r=g","caption":"Rafaela Ladeira"}}]}},"_links":{"self":[{"href":"https:\/\/www.gaveanews.com\/index.php\/wp-json\/wp\/v2\/posts\/213621","targetHints":{"allow":["GET"]}}],"collection":[{"href":"https:\/\/www.gaveanews.com\/index.php\/wp-json\/wp\/v2\/posts"}],"about":[{"href":"https:\/\/www.gaveanews.com\/index.php\/wp-json\/wp\/v2\/types\/post"}],"author":[{"embeddable":true,"href":"https:\/\/www.gaveanews.com\/index.php\/wp-json\/wp\/v2\/users\/25"}],"replies":[{"embeddable":true,"href":"https:\/\/www.gaveanews.com\/index.php\/wp-json\/wp\/v2\/comments?post=213621"}],"version-history":[{"count":1,"href":"https:\/\/www.gaveanews.com\/index.php\/wp-json\/wp\/v2\/posts\/213621\/revisions"}],"predecessor-version":[{"id":213622,"href":"https:\/\/www.gaveanews.com\/index.php\/wp-json\/wp\/v2\/posts\/213621\/revisions\/213622"}],"wp:featuredmedia":[{"embeddable":true,"href":"https:\/\/www.gaveanews.com\/index.php\/wp-json\/wp\/v2\/media\/208932"}],"wp:attachment":[{"href":"https:\/\/www.gaveanews.com\/index.php\/wp-json\/wp\/v2\/media?parent=213621"}],"wp:term":[{"taxonomy":"category","embeddable":true,"href":"https:\/\/www.gaveanews.com\/index.php\/wp-json\/wp\/v2\/categories?post=213621"},{"taxonomy":"post_tag","embeddable":true,"href":"https:\/\/www.gaveanews.com\/index.php\/wp-json\/wp\/v2\/tags?post=213621"}],"curies":[{"name":"wp","href":"https:\/\/api.w.org\/{rel}","templated":true}]}}