{"id":213696,"date":"2025-01-17T06:45:00","date_gmt":"2025-01-17T09:45:00","guid":{"rendered":"https:\/\/www.gaveanews.com\/?p=213696"},"modified":"2025-01-17T00:58:20","modified_gmt":"2025-01-17T03:58:20","slug":"craque-neto-revela-possivel-destino-de-neymar","status":"publish","type":"post","link":"https:\/\/www.gaveanews.com\/index.php\/2025\/01\/17\/craque-neto-revela-possivel-destino-de-neymar\/","title":{"rendered":"Craque Neto revela poss\u00edvel destino de Neymar"},"content":{"rendered":"\n<p>O t\u00e9cnico Jorge Jesus deu novos ind\u00edcios de que o Al-Hilal n\u00e3o conta com Neymar para os pr\u00f3ximos compromissos da temporada. As \u00faltimas informa\u00e7\u00f5es tamb\u00e9m indicam que o astro brasileiro j\u00e1 admite uma sa\u00edda nesta janela, e clubes da MLS t\u00eam se mobilizado para contrat\u00e1-lo. Apesar disso, de acordo com o Craque Neto, o desejo do atacante \u00e9 um s\u00f3: retornar ao Santos.<\/p>\n\n\n\n<ul class=\"wp-block-list\">\n<li><a href=\"https:\/\/www.gaveanews.com\/index.php\/2025\/01\/16\/brasil-romario-aponta-destino-ideal-para-neymar\/\">Brasil? Rom\u00e1rio aponta destino ideal para Neymar<\/a><\/li>\n\n\n\n<li><a href=\"https:\/\/www.gaveanews.com\/index.php\/2025\/01\/16\/neymar-faz-publicacao-direcionada-a-lamine-yamal-do-barcelona\/\">Neymar faz publica\u00e7\u00e3o direcionada a Lamine Yamal, do Barcelona<\/a><\/li>\n<\/ul>\n\n\n\n<p>\u201cN\u00e3o vai mais para o Inter Miami, ele vai para o Santos. \u00c9 isso mesmo. A minha primeira informa\u00e7\u00e3o era o Inter Miami, mas acabei de ligar meu celular e recebi uma informa\u00e7\u00e3o. Essa informa\u00e7\u00e3o diz que o Neymar quer vir pro Santos\u201d, revelou o apresentador do &#8216;Os Donos da Bola&#8217;, da Band.<\/p>\n\n\n\n<p>Neto confirmou a exist\u00eancia de uma proposta exorbitante por parte do Inter Miami, dos Estados Unidos, mas que o desejo de Neymar pode falar mais alto. Vale frisar que a equipe mencionada pelo apresentador tem David Beckham como um dos acionistas, al\u00e9m de Messi e Suar\u00e9z no elenco.<\/p>\n\n\n\n<p>\u201cEle recebeu uma proposta monstruosa do Miami, mas o Santos \u00e9 o time que ele quer jogar. E o que eu sei agora \u00e9 que ele n\u00e3o quer o Inter Miami. E a\u00ed vai ser maravilhoso pro futebol brasileiro e pra voc\u00ea Neymar. O Santos \u00e9 a casa dele, vai querer fazer um time muito forte\u201d, cravou Neto.<\/p>\n\n\n\n<figure class=\"wp-block-embed is-type-rich is-provider-twitter wp-block-embed-twitter\"><div class=\"wp-block-embed__wrapper\">\n<blockquote class=\"twitter-tweet\" data-width=\"550\" data-dnt=\"true\"><p lang=\"pt\" dir=\"ltr\">NEYMAR NO SANTOS \ud83d\udca5\ud83d\udc1f<br><br>Craque Neto havia informado anteriormente que o Neymar estaria de sa\u00edda do Al-Hilal para o Inter Miami, da MLS. No entanto, o clube n\u00e3o pode pagar altos vencimentos ao atleta, por estar pr\u00f3ximo ao teto de gastos da liga americana, esfriando o neg\u00f3cio.<br><br>Com\u2026 <a href=\"https:\/\/t.co\/xBhNebR68U\">pic.twitter.com\/xBhNebR68U<\/a><\/p>&mdash; R\u00e1dio Craque Neto (@radiocraqueneto) <a href=\"https:\/\/twitter.com\/radiocraqueneto\/status\/1879900294986809384?ref_src=twsrc%5Etfw\">January 16, 2025<\/a><\/blockquote><script async src=\"https:\/\/platform.twitter.com\/widgets.js\" charset=\"utf-8\"><\/script>\n<\/div><\/figure>\n\n\n\n<h2 class=\"wp-block-heading\" id=\"h-jorge-jesus-se-manifesta-sobre-neymar\">Jorge Jesus se manifesta sobre Neymar<\/h2>\n\n\n\n<p>O t\u00e9cnico do Al-Hilal comentou a situa\u00e7\u00e3o do atacante brasileiro durante coletiva nesta quinta-feira, 16. O Mister afirmou que o condicionamento f\u00edsico de Neymar o impede de &#8220;acompanhar a equipe&#8221;.<\/p>\n\n\n\n<p>&#8220;Sobre Neymar\u2026 N\u00e3o est\u00e1 f\u00e1cil. Ele vem de uma les\u00e3o que o tirou da competi\u00e7\u00e3o. Quando estava quase voltando, voltou a se lesionar. \u00c9 um jogador que n\u00e3o deixa d\u00favidas a ningu\u00e9m, de top mundial. Mas a verdade \u00e9 que fisicamente n\u00e3o tem conseguido acompanhar a equipe&#8221;, pontuou Jesus.<\/p>\n\n\n\n<p>O atacante levou um ano &#8211; entre outubro de 2023 e 2024 &#8211; para se recuperar da les\u00e3o mais grave da carreira, no joelho esquerdo. Por\u00e9m, apresentou um novo problema f\u00edsico dois jogos ap\u00f3s seu retorno aos gramados. Vale frisar que Neymar disputou apenas sete partidas desde sua chegada \u00e0 equipe saudita, na temporada 2023.<\/p>\n\n\n\n<h2 class=\"wp-block-heading\" id=\"h-clubes-interessados\">Clubes interessados<\/h2>\n\n\n\n<p>O Santos nunca escondeu o desejo de repatriar Neymar e j\u00e1 chegou a se reunir com o pai e empres\u00e1rio do atleta em outras oportunidades. No entanto, dentre todos interessados, \u00e9 o clube com menor poderio financeiro. Ou seja, para que haja acordo ser\u00e1 necess\u00e1rio, acima de tudo, um esfor\u00e7o financeiro por parte do Menino da Vila.<\/p>\n\n\n\n<p>A incerteza sobre o futuro tamb\u00e9m abriu caminhos para clubes da MLS. De acordo com a ESPN, o Chicago Fire largou na frente e adquiriu o Discovery Fire do jogador, que \u00e9 uma esp\u00e9cie de prefer\u00eancia para franquia contratar atletas do exterior que nunca atuaram na liga.<\/p>\n","protected":false},"excerpt":{"rendered":"<p>O t\u00e9cnico Jorge Jesus deu novos ind\u00edcios de que o Al-Hilal n\u00e3o conta com Neymar para os pr\u00f3ximos compromissos da temporada. As \u00faltimas informa\u00e7\u00f5es tamb\u00e9m indicam que o astro brasileiro j\u00e1 admite uma sa\u00edda nesta janela, e clubes da MLS t\u00eam se mobilizado para contrat\u00e1-lo. Apesar disso, de acordo com o Craque Neto, o desejo [&hellip;]<\/p>\n","protected":false},"author":30,"featured_media":161273,"comment_status":"open","ping_status":"closed","sticky":false,"template":"","format":"standard","meta":{"footnotes":""},"categories":[216,473,139],"tags":[],"class_list":["post-213696","post","type-post","status-publish","format-standard","has-post-thumbnail","hentry","category-al-hilal","category-inter-miami","category-santos"],"yoast_head":"<!-- This site is optimized with the Yoast SEO Premium plugin v24.2 (Yoast SEO v26.9) - https:\/\/yoast.com\/product\/yoast-seo-premium-wordpress\/ -->\n<title>Craque Neto revela poss\u00edvel destino de Neymar<\/title>\n<meta name=\"robots\" content=\"index, follow, max-snippet:-1, max-image-preview:large, max-video-preview:-1\" \/>\n<link rel=\"canonical\" href=\"https:\/\/www.gaveanews.com\/index.php\/2025\/01\/17\/craque-neto-revela-possivel-destino-de-neymar\/\" \/>\n<meta property=\"og:locale\" content=\"pt_BR\" \/>\n<meta property=\"og:type\" content=\"article\" \/>\n<meta property=\"og:title\" content=\"Craque Neto revela poss\u00edvel destino de Neymar\" \/>\n<meta property=\"og:description\" content=\"O t\u00e9cnico Jorge Jesus deu novos ind\u00edcios de que o Al-Hilal n\u00e3o conta com Neymar para os pr\u00f3ximos compromissos da temporada. As \u00faltimas informa\u00e7\u00f5es tamb\u00e9m indicam que o astro brasileiro j\u00e1 admite uma sa\u00edda nesta janela, e clubes da MLS t\u00eam se mobilizado para contrat\u00e1-lo. Apesar disso, de acordo com o Craque Neto, o desejo [&hellip;]\" \/>\n<meta property=\"og:url\" content=\"https:\/\/www.gaveanews.com\/index.php\/2025\/01\/17\/craque-neto-revela-possivel-destino-de-neymar\/\" \/>\n<meta property=\"og:site_name\" content=\"G\u00e1vea News\" \/>\n<meta property=\"article:publisher\" content=\"https:\/\/facebook.com\/gaveaNews\/\" \/>\n<meta property=\"article:published_time\" content=\"2025-01-17T09:45:00+00:00\" \/>\n<meta property=\"og:image\" content=\"https:\/\/www.gaveanews.com\/wp-content\/uploads\/Neymar-com-a-camisa-do-Al-Hilal-em-2023.webp\" \/>\n\t<meta property=\"og:image:width\" content=\"1440\" \/>\n\t<meta property=\"og:image:height\" content=\"960\" \/>\n\t<meta property=\"og:image:type\" content=\"image\/webp\" \/>\n<meta name=\"author\" content=\"Ana Teixeira\" \/>\n<meta name=\"twitter:card\" content=\"summary_large_image\" \/>\n<meta name=\"twitter:label1\" content=\"Escrito por\" \/>\n\t<meta name=\"twitter:data1\" content=\"Ana Teixeira\" \/>\n\t<meta name=\"twitter:label2\" content=\"Est. tempo de leitura\" \/>\n\t<meta name=\"twitter:data2\" content=\"3 minutos\" \/>\n<script type=\"application\/ld+json\" class=\"yoast-schema-graph\">{\"@context\":\"https:\/\/schema.org\",\"@graph\":[{\"@type\":\"NewsArticle\",\"@id\":\"https:\/\/www.gaveanews.com\/index.php\/2025\/01\/17\/craque-neto-revela-possivel-destino-de-neymar\/#article\",\"isPartOf\":{\"@id\":\"https:\/\/www.gaveanews.com\/index.php\/2025\/01\/17\/craque-neto-revela-possivel-destino-de-neymar\/\"},\"author\":{\"name\":\"Ana Teixeira\",\"@id\":\"https:\/\/www.gaveanews.com\/#\/schema\/person\/3b19f7288b0ce20372991275e4f2e6c2\"},\"headline\":\"Craque Neto revela poss\u00edvel destino de Neymar\",\"datePublished\":\"2025-01-17T09:45:00+00:00\",\"mainEntityOfPage\":{\"@id\":\"https:\/\/www.gaveanews.com\/index.php\/2025\/01\/17\/craque-neto-revela-possivel-destino-de-neymar\/\"},\"wordCount\":523,\"commentCount\":0,\"image\":{\"@id\":\"https:\/\/www.gaveanews.com\/index.php\/2025\/01\/17\/craque-neto-revela-possivel-destino-de-neymar\/#primaryimage\"},\"thumbnailUrl\":\"https:\/\/www.gaveanews.com\/wp-content\/uploads\/Neymar-com-a-camisa-do-Al-Hilal-em-2023.webp\",\"articleSection\":[\"Al-Hilal\",\"Inter Miami\",\"Santos\"],\"inLanguage\":\"pt-BR\",\"potentialAction\":[{\"@type\":\"CommentAction\",\"name\":\"Comment\",\"target\":[\"https:\/\/www.gaveanews.com\/index.php\/2025\/01\/17\/craque-neto-revela-possivel-destino-de-neymar\/#respond\"]}],\"copyrightYear\":\"2025\",\"copyrightHolder\":{\"@id\":\"https:\/\/www.gaveanews.com\/#organization\"}},{\"@type\":\"WebPage\",\"@id\":\"https:\/\/www.gaveanews.com\/index.php\/2025\/01\/17\/craque-neto-revela-possivel-destino-de-neymar\/\",\"url\":\"https:\/\/www.gaveanews.com\/index.php\/2025\/01\/17\/craque-neto-revela-possivel-destino-de-neymar\/\",\"name\":\"Craque Neto revela poss\u00edvel destino de Neymar\",\"isPartOf\":{\"@id\":\"https:\/\/www.gaveanews.com\/#website\"},\"primaryImageOfPage\":{\"@id\":\"https:\/\/www.gaveanews.com\/index.php\/2025\/01\/17\/craque-neto-revela-possivel-destino-de-neymar\/#primaryimage\"},\"image\":{\"@id\":\"https:\/\/www.gaveanews.com\/index.php\/2025\/01\/17\/craque-neto-revela-possivel-destino-de-neymar\/#primaryimage\"},\"thumbnailUrl\":\"https:\/\/www.gaveanews.com\/wp-content\/uploads\/Neymar-com-a-camisa-do-Al-Hilal-em-2023.webp\",\"datePublished\":\"2025-01-17T09:45:00+00:00\",\"author\":{\"@id\":\"https:\/\/www.gaveanews.com\/#\/schema\/person\/3b19f7288b0ce20372991275e4f2e6c2\"},\"breadcrumb\":{\"@id\":\"https:\/\/www.gaveanews.com\/index.php\/2025\/01\/17\/craque-neto-revela-possivel-destino-de-neymar\/#breadcrumb\"},\"inLanguage\":\"pt-BR\",\"potentialAction\":[{\"@type\":\"ReadAction\",\"target\":[\"https:\/\/www.gaveanews.com\/index.php\/2025\/01\/17\/craque-neto-revela-possivel-destino-de-neymar\/\"]}]},{\"@type\":\"ImageObject\",\"inLanguage\":\"pt-BR\",\"@id\":\"https:\/\/www.gaveanews.com\/index.php\/2025\/01\/17\/craque-neto-revela-possivel-destino-de-neymar\/#primaryimage\",\"url\":\"https:\/\/www.gaveanews.com\/wp-content\/uploads\/Neymar-com-a-camisa-do-Al-Hilal-em-2023.webp\",\"contentUrl\":\"https:\/\/www.gaveanews.com\/wp-content\/uploads\/Neymar-com-a-camisa-do-Al-Hilal-em-2023.webp\",\"width\":1440,\"height\":960,\"caption\":\"Neymar com a camisa do Al-Hilal em 2023 (Foto: Reprodu\u00e7\u00e3o\/Instagram)\"},{\"@type\":\"BreadcrumbList\",\"@id\":\"https:\/\/www.gaveanews.com\/index.php\/2025\/01\/17\/craque-neto-revela-possivel-destino-de-neymar\/#breadcrumb\",\"itemListElement\":[{\"@type\":\"ListItem\",\"position\":1,\"name\":\"Home\",\"item\":\"https:\/\/www.gaveanews.com\/\"},{\"@type\":\"ListItem\",\"position\":2,\"name\":\"Craque Neto revela poss\u00edvel destino de Neymar\"}]},{\"@type\":\"WebSite\",\"@id\":\"https:\/\/www.gaveanews.com\/#website\",\"url\":\"https:\/\/www.gaveanews.com\/\",\"name\":\"G\u00e1vea News\",\"description\":\"Veja todas as not\u00edcias sobre o Flamengo: Contrata\u00e7\u00f5es, categorias de base, resultados das partidas, tabela de classifica\u00e7\u00e3o, pr\u00f3ximos jogos!\",\"potentialAction\":[{\"@type\":\"SearchAction\",\"target\":{\"@type\":\"EntryPoint\",\"urlTemplate\":\"https:\/\/www.gaveanews.com\/?s={search_term_string}\"},\"query-input\":{\"@type\":\"PropertyValueSpecification\",\"valueRequired\":true,\"valueName\":\"search_term_string\"}}],\"inLanguage\":\"pt-BR\"},{\"@type\":\"Person\",\"@id\":\"https:\/\/www.gaveanews.com\/#\/schema\/person\/3b19f7288b0ce20372991275e4f2e6c2\",\"name\":\"Ana Teixeira\",\"image\":{\"@type\":\"ImageObject\",\"inLanguage\":\"pt-BR\",\"@id\":\"https:\/\/www.gaveanews.com\/#\/schema\/person\/image\/\",\"url\":\"https:\/\/secure.gravatar.com\/avatar\/0a73f5a5258f3fed37fc2fa641892f3f7a4748456d4d4792f9bc550e6c19e06c?s=96&d=mm&r=g\",\"contentUrl\":\"https:\/\/secure.gravatar.com\/avatar\/0a73f5a5258f3fed37fc2fa641892f3f7a4748456d4d4792f9bc550e6c19e06c?s=96&d=mm&r=g\",\"caption\":\"Ana Teixeira\"}}]}<\/script>\n<!-- \/ Yoast SEO Premium plugin. -->","yoast_head_json":{"title":"Craque Neto revela poss\u00edvel destino de Neymar","robots":{"index":"index","follow":"follow","max-snippet":"max-snippet:-1","max-image-preview":"max-image-preview:large","max-video-preview":"max-video-preview:-1"},"canonical":"https:\/\/www.gaveanews.com\/index.php\/2025\/01\/17\/craque-neto-revela-possivel-destino-de-neymar\/","og_locale":"pt_BR","og_type":"article","og_title":"Craque Neto revela poss\u00edvel destino de Neymar","og_description":"O t\u00e9cnico Jorge Jesus deu novos ind\u00edcios de que o Al-Hilal n\u00e3o conta com Neymar para os pr\u00f3ximos compromissos da temporada. As \u00faltimas informa\u00e7\u00f5es tamb\u00e9m indicam que o astro brasileiro j\u00e1 admite uma sa\u00edda nesta janela, e clubes da MLS t\u00eam se mobilizado para contrat\u00e1-lo. Apesar disso, de acordo com o Craque Neto, o desejo [&hellip;]","og_url":"https:\/\/www.gaveanews.com\/index.php\/2025\/01\/17\/craque-neto-revela-possivel-destino-de-neymar\/","og_site_name":"G\u00e1vea News","article_publisher":"https:\/\/facebook.com\/gaveaNews\/","article_published_time":"2025-01-17T09:45:00+00:00","og_image":[{"width":1440,"height":960,"url":"https:\/\/www.gaveanews.com\/wp-content\/uploads\/Neymar-com-a-camisa-do-Al-Hilal-em-2023.webp","type":"image\/webp"}],"author":"Ana Teixeira","twitter_card":"summary_large_image","twitter_misc":{"Escrito por":"Ana Teixeira","Est. tempo de leitura":"3 minutos"},"schema":{"@context":"https:\/\/schema.org","@graph":[{"@type":"NewsArticle","@id":"https:\/\/www.gaveanews.com\/index.php\/2025\/01\/17\/craque-neto-revela-possivel-destino-de-neymar\/#article","isPartOf":{"@id":"https:\/\/www.gaveanews.com\/index.php\/2025\/01\/17\/craque-neto-revela-possivel-destino-de-neymar\/"},"author":{"name":"Ana Teixeira","@id":"https:\/\/www.gaveanews.com\/#\/schema\/person\/3b19f7288b0ce20372991275e4f2e6c2"},"headline":"Craque Neto revela poss\u00edvel destino de Neymar","datePublished":"2025-01-17T09:45:00+00:00","mainEntityOfPage":{"@id":"https:\/\/www.gaveanews.com\/index.php\/2025\/01\/17\/craque-neto-revela-possivel-destino-de-neymar\/"},"wordCount":523,"commentCount":0,"image":{"@id":"https:\/\/www.gaveanews.com\/index.php\/2025\/01\/17\/craque-neto-revela-possivel-destino-de-neymar\/#primaryimage"},"thumbnailUrl":"https:\/\/www.gaveanews.com\/wp-content\/uploads\/Neymar-com-a-camisa-do-Al-Hilal-em-2023.webp","articleSection":["Al-Hilal","Inter Miami","Santos"],"inLanguage":"pt-BR","potentialAction":[{"@type":"CommentAction","name":"Comment","target":["https:\/\/www.gaveanews.com\/index.php\/2025\/01\/17\/craque-neto-revela-possivel-destino-de-neymar\/#respond"]}],"copyrightYear":"2025","copyrightHolder":{"@id":"https:\/\/www.gaveanews.com\/#organization"}},{"@type":"WebPage","@id":"https:\/\/www.gaveanews.com\/index.php\/2025\/01\/17\/craque-neto-revela-possivel-destino-de-neymar\/","url":"https:\/\/www.gaveanews.com\/index.php\/2025\/01\/17\/craque-neto-revela-possivel-destino-de-neymar\/","name":"Craque Neto revela poss\u00edvel destino de Neymar","isPartOf":{"@id":"https:\/\/www.gaveanews.com\/#website"},"primaryImageOfPage":{"@id":"https:\/\/www.gaveanews.com\/index.php\/2025\/01\/17\/craque-neto-revela-possivel-destino-de-neymar\/#primaryimage"},"image":{"@id":"https:\/\/www.gaveanews.com\/index.php\/2025\/01\/17\/craque-neto-revela-possivel-destino-de-neymar\/#primaryimage"},"thumbnailUrl":"https:\/\/www.gaveanews.com\/wp-content\/uploads\/Neymar-com-a-camisa-do-Al-Hilal-em-2023.webp","datePublished":"2025-01-17T09:45:00+00:00","author":{"@id":"https:\/\/www.gaveanews.com\/#\/schema\/person\/3b19f7288b0ce20372991275e4f2e6c2"},"breadcrumb":{"@id":"https:\/\/www.gaveanews.com\/index.php\/2025\/01\/17\/craque-neto-revela-possivel-destino-de-neymar\/#breadcrumb"},"inLanguage":"pt-BR","potentialAction":[{"@type":"ReadAction","target":["https:\/\/www.gaveanews.com\/index.php\/2025\/01\/17\/craque-neto-revela-possivel-destino-de-neymar\/"]}]},{"@type":"ImageObject","inLanguage":"pt-BR","@id":"https:\/\/www.gaveanews.com\/index.php\/2025\/01\/17\/craque-neto-revela-possivel-destino-de-neymar\/#primaryimage","url":"https:\/\/www.gaveanews.com\/wp-content\/uploads\/Neymar-com-a-camisa-do-Al-Hilal-em-2023.webp","contentUrl":"https:\/\/www.gaveanews.com\/wp-content\/uploads\/Neymar-com-a-camisa-do-Al-Hilal-em-2023.webp","width":1440,"height":960,"caption":"Neymar com a camisa do Al-Hilal em 2023 (Foto: Reprodu\u00e7\u00e3o\/Instagram)"},{"@type":"BreadcrumbList","@id":"https:\/\/www.gaveanews.com\/index.php\/2025\/01\/17\/craque-neto-revela-possivel-destino-de-neymar\/#breadcrumb","itemListElement":[{"@type":"ListItem","position":1,"name":"Home","item":"https:\/\/www.gaveanews.com\/"},{"@type":"ListItem","position":2,"name":"Craque Neto revela poss\u00edvel destino de Neymar"}]},{"@type":"WebSite","@id":"https:\/\/www.gaveanews.com\/#website","url":"https:\/\/www.gaveanews.com\/","name":"G\u00e1vea News","description":"Veja todas as not\u00edcias sobre o Flamengo: Contrata\u00e7\u00f5es, categorias de base, resultados das partidas, tabela de classifica\u00e7\u00e3o, pr\u00f3ximos jogos!","potentialAction":[{"@type":"SearchAction","target":{"@type":"EntryPoint","urlTemplate":"https:\/\/www.gaveanews.com\/?s={search_term_string}"},"query-input":{"@type":"PropertyValueSpecification","valueRequired":true,"valueName":"search_term_string"}}],"inLanguage":"pt-BR"},{"@type":"Person","@id":"https:\/\/www.gaveanews.com\/#\/schema\/person\/3b19f7288b0ce20372991275e4f2e6c2","name":"Ana Teixeira","image":{"@type":"ImageObject","inLanguage":"pt-BR","@id":"https:\/\/www.gaveanews.com\/#\/schema\/person\/image\/","url":"https:\/\/secure.gravatar.com\/avatar\/0a73f5a5258f3fed37fc2fa641892f3f7a4748456d4d4792f9bc550e6c19e06c?s=96&d=mm&r=g","contentUrl":"https:\/\/secure.gravatar.com\/avatar\/0a73f5a5258f3fed37fc2fa641892f3f7a4748456d4d4792f9bc550e6c19e06c?s=96&d=mm&r=g","caption":"Ana Teixeira"}}]}},"_links":{"self":[{"href":"https:\/\/www.gaveanews.com\/index.php\/wp-json\/wp\/v2\/posts\/213696","targetHints":{"allow":["GET"]}}],"collection":[{"href":"https:\/\/www.gaveanews.com\/index.php\/wp-json\/wp\/v2\/posts"}],"about":[{"href":"https:\/\/www.gaveanews.com\/index.php\/wp-json\/wp\/v2\/types\/post"}],"author":[{"embeddable":true,"href":"https:\/\/www.gaveanews.com\/index.php\/wp-json\/wp\/v2\/users\/30"}],"replies":[{"embeddable":true,"href":"https:\/\/www.gaveanews.com\/index.php\/wp-json\/wp\/v2\/comments?post=213696"}],"version-history":[{"count":5,"href":"https:\/\/www.gaveanews.com\/index.php\/wp-json\/wp\/v2\/posts\/213696\/revisions"}],"predecessor-version":[{"id":213706,"href":"https:\/\/www.gaveanews.com\/index.php\/wp-json\/wp\/v2\/posts\/213696\/revisions\/213706"}],"wp:featuredmedia":[{"embeddable":true,"href":"https:\/\/www.gaveanews.com\/index.php\/wp-json\/wp\/v2\/media\/161273"}],"wp:attachment":[{"href":"https:\/\/www.gaveanews.com\/index.php\/wp-json\/wp\/v2\/media?parent=213696"}],"wp:term":[{"taxonomy":"category","embeddable":true,"href":"https:\/\/www.gaveanews.com\/index.php\/wp-json\/wp\/v2\/categories?post=213696"},{"taxonomy":"post_tag","embeddable":true,"href":"https:\/\/www.gaveanews.com\/index.php\/wp-json\/wp\/v2\/tags?post=213696"}],"curies":[{"name":"wp","href":"https:\/\/api.w.org\/{rel}","templated":true}]}}