{"id":213744,"date":"2025-01-17T01:40:00","date_gmt":"2025-01-17T04:40:00","guid":{"rendered":"https:\/\/www.gaveanews.com\/?p=213744"},"modified":"2025-01-16T21:51:47","modified_gmt":"2025-01-17T00:51:47","slug":"vampeta-detona-escolha-do-atletico-mg","status":"publish","type":"post","link":"https:\/\/www.gaveanews.com\/index.php\/2025\/01\/17\/vampeta-detona-escolha-do-atletico-mg\/","title":{"rendered":"Vampeta detona escolha do Atl\u00e9tico-MG"},"content":{"rendered":"\n<p>Mudam as temporadas mas o debate entre priorizar as Copas ou dar foco no Brasileir\u00e3o se mant\u00e9m entre os mais discutidos do futebol brasileiro. Para Vampeta, por exemplo, o maior erro do Atl\u00e9tico-MG na temporada passada foi justamente ter &#8216;escanteado&#8217; a competi\u00e7\u00e3o de pontos corridos. Na an\u00e1lise o ex-jogador, a Copa do Brasil ocupa a terceira escala de prioridade no cen\u00e1rio nacional.<\/p>\n\n\n\n<ul class=\"wp-block-list\">\n<li><a href=\"https:\/\/www.gaveanews.com\/index.php\/2025\/01\/16\/fotos-torcedores-do-atletico-mg-fazem-protesto-em-belo-horizonte\/#google_vignette\">Fotos: torcedores do Atl\u00e9tico-MG fazem protesto em Belo Horizonte<\/a><\/li>\n\n\n\n<li><a href=\"https:\/\/www.gaveanews.com\/index.php\/2025\/01\/16\/atletico-mg-responde-de-forma-oficial-ao-botafogo-sobre-alisson\/\">Atletico-MG responde de forma oficial ao Botafogo sobre Alisson<\/a><\/li>\n<\/ul>\n\n\n\n<p>\u201cA Copa do Brasil \u00e9 a terceira competi\u00e7\u00e3o mais importante. Eu acho o Brasileir\u00e3o mais importante. N\u00e3o como valor de t\u00edtulo, mas \u00e9 o mais importante, porque quando voc\u00ea faz \u2018m\u2026\u2019, igual o Atl\u00e9tico-MG fez ano passado, ferra a temporada seguinte. Olha a\u00ed onde se enfiou\u201d, avaliou Vampeta.<\/p>\n\n\n\n<p>Vice-campe\u00e3o da Copa do Brasil e da Libertadores 2024, o Galo chegou na \u00faltima rodada do Brasileir\u00e3o com chances de rebaixamento. O clube fez o que precisava ser feito para se livrar da queda, mas n\u00e3o garantiu vaga sequer na pr\u00e9-Libertadores. O resultado ainda trouxe um impacto negativo imenso no or\u00e7amento para temporada 2025.<\/p>\n\n\n\n<h2 class=\"wp-block-heading\" id=\"h-questoes-orcamentarias\">Quest\u00f5es or\u00e7ament\u00e1rias<\/h2>\n\n\n\n<p>O Galo se prepara para disputar quatro competi\u00e7\u00f5es em 2025: Campeonato Mineiro, Brasileir\u00e3o, Copa do Brasil e Copa Sul-Americana. A aus\u00eancia na Libertadores resultou numa queda significativa no aspecto financeiro, que consequentemente interferiu na janela de transfer\u00eancias.<\/p>\n\n\n\n<p>Sem vaga na Libertadores, o Atl\u00e9tico passa por um per\u00edodo de menor atratividade para futuros patrocinadores, por exemplo. As quest\u00f5es financeiras geram questionamentos \u00e0 SAF que v\u00e3o desde o futebol \u00e0s d\u00edvidas.<\/p>\n\n\n\n<p>A c\u00fapula ainda enfrentou o processo de busca por um novo nome ap\u00f3s o desgaste irrevers\u00edvel na rela\u00e7\u00e3o com Milito. O escolhido foi um velho conhecido: Cuca. Mas o tempo dedicado \u00e0 procura do novo treinador interferiu na busca por refor\u00e7os no mercado e, agora, a miss\u00e3o \u00e9 correr atr\u00e1s do tempo perdido.<\/p>\n\n\n\n<p>O clube trabalha com cautela e menos poderio financeiro na busca por refor\u00e7os, mas h\u00e1 conversas em andamento. At\u00e9 o momento, a equipe de Cuca anunciou tr\u00eas novos nomes: o lateral-direito Natanael, ex-Coritiba, e os meias Gabriel Menino e Patrick (envolvidos na ida de Paulinho para o Palmeiras).<\/p>\n\n\n\n<p>Por outro lado, colecionou sa\u00eddas: Matheus Mendes, Battaglia, Maur\u00edcio Lemos, Mariano, Zaracho, Vargas, Kardec e Paulinho.<\/p>\n","protected":false},"excerpt":{"rendered":"<p>Mudam as temporadas mas o debate entre priorizar as Copas ou dar foco no Brasileir\u00e3o se mant\u00e9m entre os mais discutidos do futebol brasileiro. Para Vampeta, por exemplo, o maior erro do Atl\u00e9tico-MG na temporada passada foi justamente ter &#8216;escanteado&#8217; a competi\u00e7\u00e3o de pontos corridos. Na an\u00e1lise o ex-jogador, a Copa do Brasil ocupa a [&hellip;]<\/p>\n","protected":false},"author":30,"featured_media":127595,"comment_status":"open","ping_status":"closed","sticky":false,"template":"","format":"standard","meta":{"footnotes":""},"categories":[136],"tags":[],"class_list":["post-213744","post","type-post","status-publish","format-standard","has-post-thumbnail","hentry","category-atletico-mg"],"yoast_head":"<!-- This site is optimized with the Yoast SEO Premium plugin v24.2 (Yoast SEO v26.9) - https:\/\/yoast.com\/product\/yoast-seo-premium-wordpress\/ -->\n<title>Vampeta detona escolha do Atl\u00e9tico-MG<\/title>\n<meta name=\"robots\" content=\"index, follow, max-snippet:-1, max-image-preview:large, max-video-preview:-1\" \/>\n<link rel=\"canonical\" href=\"https:\/\/www.gaveanews.com\/index.php\/2025\/01\/17\/vampeta-detona-escolha-do-atletico-mg\/\" \/>\n<meta property=\"og:locale\" content=\"pt_BR\" \/>\n<meta property=\"og:type\" content=\"article\" \/>\n<meta property=\"og:title\" content=\"Vampeta detona escolha do Atl\u00e9tico-MG\" \/>\n<meta property=\"og:description\" content=\"Mudam as temporadas mas o debate entre priorizar as Copas ou dar foco no Brasileir\u00e3o se mant\u00e9m entre os mais discutidos do futebol brasileiro. Para Vampeta, por exemplo, o maior erro do Atl\u00e9tico-MG na temporada passada foi justamente ter &#8216;escanteado&#8217; a competi\u00e7\u00e3o de pontos corridos. Na an\u00e1lise o ex-jogador, a Copa do Brasil ocupa a [&hellip;]\" \/>\n<meta property=\"og:url\" content=\"https:\/\/www.gaveanews.com\/index.php\/2025\/01\/17\/vampeta-detona-escolha-do-atletico-mg\/\" \/>\n<meta property=\"og:site_name\" content=\"G\u00e1vea News\" \/>\n<meta property=\"article:publisher\" content=\"https:\/\/facebook.com\/gaveaNews\/\" \/>\n<meta property=\"article:published_time\" content=\"2025-01-17T04:40:00+00:00\" \/>\n<meta property=\"og:image\" content=\"https:\/\/www.gaveanews.com\/wp-content\/uploads\/Vampeta.webp\" \/>\n\t<meta property=\"og:image:width\" content=\"1024\" \/>\n\t<meta property=\"og:image:height\" content=\"497\" \/>\n\t<meta property=\"og:image:type\" content=\"image\/png\" \/>\n<meta name=\"author\" content=\"Ana Teixeira\" \/>\n<meta name=\"twitter:card\" content=\"summary_large_image\" \/>\n<meta name=\"twitter:label1\" content=\"Escrito por\" \/>\n\t<meta name=\"twitter:data1\" content=\"Ana Teixeira\" \/>\n\t<meta name=\"twitter:label2\" content=\"Est. tempo de leitura\" \/>\n\t<meta name=\"twitter:data2\" content=\"3 minutos\" \/>\n<script type=\"application\/ld+json\" class=\"yoast-schema-graph\">{\"@context\":\"https:\/\/schema.org\",\"@graph\":[{\"@type\":\"NewsArticle\",\"@id\":\"https:\/\/www.gaveanews.com\/index.php\/2025\/01\/17\/vampeta-detona-escolha-do-atletico-mg\/#article\",\"isPartOf\":{\"@id\":\"https:\/\/www.gaveanews.com\/index.php\/2025\/01\/17\/vampeta-detona-escolha-do-atletico-mg\/\"},\"author\":{\"name\":\"Ana Teixeira\",\"@id\":\"https:\/\/www.gaveanews.com\/#\/schema\/person\/3b19f7288b0ce20372991275e4f2e6c2\"},\"headline\":\"Vampeta detona escolha do Atl\u00e9tico-MG\",\"datePublished\":\"2025-01-17T04:40:00+00:00\",\"mainEntityOfPage\":{\"@id\":\"https:\/\/www.gaveanews.com\/index.php\/2025\/01\/17\/vampeta-detona-escolha-do-atletico-mg\/\"},\"wordCount\":408,\"commentCount\":0,\"image\":{\"@id\":\"https:\/\/www.gaveanews.com\/index.php\/2025\/01\/17\/vampeta-detona-escolha-do-atletico-mg\/#primaryimage\"},\"thumbnailUrl\":\"https:\/\/www.gaveanews.com\/wp-content\/uploads\/Vampeta.webp\",\"articleSection\":[\"Atl\u00e9tico-MG\"],\"inLanguage\":\"pt-BR\",\"potentialAction\":[{\"@type\":\"CommentAction\",\"name\":\"Comment\",\"target\":[\"https:\/\/www.gaveanews.com\/index.php\/2025\/01\/17\/vampeta-detona-escolha-do-atletico-mg\/#respond\"]}],\"copyrightYear\":\"2025\",\"copyrightHolder\":{\"@id\":\"https:\/\/www.gaveanews.com\/#organization\"}},{\"@type\":\"WebPage\",\"@id\":\"https:\/\/www.gaveanews.com\/index.php\/2025\/01\/17\/vampeta-detona-escolha-do-atletico-mg\/\",\"url\":\"https:\/\/www.gaveanews.com\/index.php\/2025\/01\/17\/vampeta-detona-escolha-do-atletico-mg\/\",\"name\":\"Vampeta detona escolha do Atl\u00e9tico-MG\",\"isPartOf\":{\"@id\":\"https:\/\/www.gaveanews.com\/#website\"},\"primaryImageOfPage\":{\"@id\":\"https:\/\/www.gaveanews.com\/index.php\/2025\/01\/17\/vampeta-detona-escolha-do-atletico-mg\/#primaryimage\"},\"image\":{\"@id\":\"https:\/\/www.gaveanews.com\/index.php\/2025\/01\/17\/vampeta-detona-escolha-do-atletico-mg\/#primaryimage\"},\"thumbnailUrl\":\"https:\/\/www.gaveanews.com\/wp-content\/uploads\/Vampeta.webp\",\"datePublished\":\"2025-01-17T04:40:00+00:00\",\"author\":{\"@id\":\"https:\/\/www.gaveanews.com\/#\/schema\/person\/3b19f7288b0ce20372991275e4f2e6c2\"},\"breadcrumb\":{\"@id\":\"https:\/\/www.gaveanews.com\/index.php\/2025\/01\/17\/vampeta-detona-escolha-do-atletico-mg\/#breadcrumb\"},\"inLanguage\":\"pt-BR\",\"potentialAction\":[{\"@type\":\"ReadAction\",\"target\":[\"https:\/\/www.gaveanews.com\/index.php\/2025\/01\/17\/vampeta-detona-escolha-do-atletico-mg\/\"]}]},{\"@type\":\"ImageObject\",\"inLanguage\":\"pt-BR\",\"@id\":\"https:\/\/www.gaveanews.com\/index.php\/2025\/01\/17\/vampeta-detona-escolha-do-atletico-mg\/#primaryimage\",\"url\":\"https:\/\/www.gaveanews.com\/wp-content\/uploads\/Vampeta.webp\",\"contentUrl\":\"https:\/\/www.gaveanews.com\/wp-content\/uploads\/Vampeta.webp\",\"width\":1024,\"height\":497,\"caption\":\"Vampeta durante programa esportivo Jovem Pan Esportes - Foto: Reprodu\u00e7\u00e3o\"},{\"@type\":\"BreadcrumbList\",\"@id\":\"https:\/\/www.gaveanews.com\/index.php\/2025\/01\/17\/vampeta-detona-escolha-do-atletico-mg\/#breadcrumb\",\"itemListElement\":[{\"@type\":\"ListItem\",\"position\":1,\"name\":\"Home\",\"item\":\"https:\/\/www.gaveanews.com\/\"},{\"@type\":\"ListItem\",\"position\":2,\"name\":\"Vampeta detona escolha do Atl\u00e9tico-MG\"}]},{\"@type\":\"WebSite\",\"@id\":\"https:\/\/www.gaveanews.com\/#website\",\"url\":\"https:\/\/www.gaveanews.com\/\",\"name\":\"G\u00e1vea News\",\"description\":\"Veja todas as not\u00edcias sobre o Flamengo: Contrata\u00e7\u00f5es, categorias de base, resultados das partidas, tabela de classifica\u00e7\u00e3o, pr\u00f3ximos jogos!\",\"potentialAction\":[{\"@type\":\"SearchAction\",\"target\":{\"@type\":\"EntryPoint\",\"urlTemplate\":\"https:\/\/www.gaveanews.com\/?s={search_term_string}\"},\"query-input\":{\"@type\":\"PropertyValueSpecification\",\"valueRequired\":true,\"valueName\":\"search_term_string\"}}],\"inLanguage\":\"pt-BR\"},{\"@type\":\"Person\",\"@id\":\"https:\/\/www.gaveanews.com\/#\/schema\/person\/3b19f7288b0ce20372991275e4f2e6c2\",\"name\":\"Ana Teixeira\",\"image\":{\"@type\":\"ImageObject\",\"inLanguage\":\"pt-BR\",\"@id\":\"https:\/\/www.gaveanews.com\/#\/schema\/person\/image\/\",\"url\":\"https:\/\/secure.gravatar.com\/avatar\/0a73f5a5258f3fed37fc2fa641892f3f7a4748456d4d4792f9bc550e6c19e06c?s=96&d=mm&r=g\",\"contentUrl\":\"https:\/\/secure.gravatar.com\/avatar\/0a73f5a5258f3fed37fc2fa641892f3f7a4748456d4d4792f9bc550e6c19e06c?s=96&d=mm&r=g\",\"caption\":\"Ana Teixeira\"}}]}<\/script>\n<!-- \/ Yoast SEO Premium plugin. -->","yoast_head_json":{"title":"Vampeta detona escolha do Atl\u00e9tico-MG","robots":{"index":"index","follow":"follow","max-snippet":"max-snippet:-1","max-image-preview":"max-image-preview:large","max-video-preview":"max-video-preview:-1"},"canonical":"https:\/\/www.gaveanews.com\/index.php\/2025\/01\/17\/vampeta-detona-escolha-do-atletico-mg\/","og_locale":"pt_BR","og_type":"article","og_title":"Vampeta detona escolha do Atl\u00e9tico-MG","og_description":"Mudam as temporadas mas o debate entre priorizar as Copas ou dar foco no Brasileir\u00e3o se mant\u00e9m entre os mais discutidos do futebol brasileiro. Para Vampeta, por exemplo, o maior erro do Atl\u00e9tico-MG na temporada passada foi justamente ter &#8216;escanteado&#8217; a competi\u00e7\u00e3o de pontos corridos. Na an\u00e1lise o ex-jogador, a Copa do Brasil ocupa a [&hellip;]","og_url":"https:\/\/www.gaveanews.com\/index.php\/2025\/01\/17\/vampeta-detona-escolha-do-atletico-mg\/","og_site_name":"G\u00e1vea News","article_publisher":"https:\/\/facebook.com\/gaveaNews\/","article_published_time":"2025-01-17T04:40:00+00:00","og_image":[{"width":1024,"height":497,"url":"https:\/\/www.gaveanews.com\/wp-content\/uploads\/Vampeta.webp","type":"image\/png"}],"author":"Ana Teixeira","twitter_card":"summary_large_image","twitter_misc":{"Escrito por":"Ana Teixeira","Est. tempo de leitura":"3 minutos"},"schema":{"@context":"https:\/\/schema.org","@graph":[{"@type":"NewsArticle","@id":"https:\/\/www.gaveanews.com\/index.php\/2025\/01\/17\/vampeta-detona-escolha-do-atletico-mg\/#article","isPartOf":{"@id":"https:\/\/www.gaveanews.com\/index.php\/2025\/01\/17\/vampeta-detona-escolha-do-atletico-mg\/"},"author":{"name":"Ana Teixeira","@id":"https:\/\/www.gaveanews.com\/#\/schema\/person\/3b19f7288b0ce20372991275e4f2e6c2"},"headline":"Vampeta detona escolha do Atl\u00e9tico-MG","datePublished":"2025-01-17T04:40:00+00:00","mainEntityOfPage":{"@id":"https:\/\/www.gaveanews.com\/index.php\/2025\/01\/17\/vampeta-detona-escolha-do-atletico-mg\/"},"wordCount":408,"commentCount":0,"image":{"@id":"https:\/\/www.gaveanews.com\/index.php\/2025\/01\/17\/vampeta-detona-escolha-do-atletico-mg\/#primaryimage"},"thumbnailUrl":"https:\/\/www.gaveanews.com\/wp-content\/uploads\/Vampeta.webp","articleSection":["Atl\u00e9tico-MG"],"inLanguage":"pt-BR","potentialAction":[{"@type":"CommentAction","name":"Comment","target":["https:\/\/www.gaveanews.com\/index.php\/2025\/01\/17\/vampeta-detona-escolha-do-atletico-mg\/#respond"]}],"copyrightYear":"2025","copyrightHolder":{"@id":"https:\/\/www.gaveanews.com\/#organization"}},{"@type":"WebPage","@id":"https:\/\/www.gaveanews.com\/index.php\/2025\/01\/17\/vampeta-detona-escolha-do-atletico-mg\/","url":"https:\/\/www.gaveanews.com\/index.php\/2025\/01\/17\/vampeta-detona-escolha-do-atletico-mg\/","name":"Vampeta detona escolha do Atl\u00e9tico-MG","isPartOf":{"@id":"https:\/\/www.gaveanews.com\/#website"},"primaryImageOfPage":{"@id":"https:\/\/www.gaveanews.com\/index.php\/2025\/01\/17\/vampeta-detona-escolha-do-atletico-mg\/#primaryimage"},"image":{"@id":"https:\/\/www.gaveanews.com\/index.php\/2025\/01\/17\/vampeta-detona-escolha-do-atletico-mg\/#primaryimage"},"thumbnailUrl":"https:\/\/www.gaveanews.com\/wp-content\/uploads\/Vampeta.webp","datePublished":"2025-01-17T04:40:00+00:00","author":{"@id":"https:\/\/www.gaveanews.com\/#\/schema\/person\/3b19f7288b0ce20372991275e4f2e6c2"},"breadcrumb":{"@id":"https:\/\/www.gaveanews.com\/index.php\/2025\/01\/17\/vampeta-detona-escolha-do-atletico-mg\/#breadcrumb"},"inLanguage":"pt-BR","potentialAction":[{"@type":"ReadAction","target":["https:\/\/www.gaveanews.com\/index.php\/2025\/01\/17\/vampeta-detona-escolha-do-atletico-mg\/"]}]},{"@type":"ImageObject","inLanguage":"pt-BR","@id":"https:\/\/www.gaveanews.com\/index.php\/2025\/01\/17\/vampeta-detona-escolha-do-atletico-mg\/#primaryimage","url":"https:\/\/www.gaveanews.com\/wp-content\/uploads\/Vampeta.webp","contentUrl":"https:\/\/www.gaveanews.com\/wp-content\/uploads\/Vampeta.webp","width":1024,"height":497,"caption":"Vampeta durante programa esportivo Jovem Pan Esportes - Foto: Reprodu\u00e7\u00e3o"},{"@type":"BreadcrumbList","@id":"https:\/\/www.gaveanews.com\/index.php\/2025\/01\/17\/vampeta-detona-escolha-do-atletico-mg\/#breadcrumb","itemListElement":[{"@type":"ListItem","position":1,"name":"Home","item":"https:\/\/www.gaveanews.com\/"},{"@type":"ListItem","position":2,"name":"Vampeta detona escolha do Atl\u00e9tico-MG"}]},{"@type":"WebSite","@id":"https:\/\/www.gaveanews.com\/#website","url":"https:\/\/www.gaveanews.com\/","name":"G\u00e1vea News","description":"Veja todas as not\u00edcias sobre o Flamengo: Contrata\u00e7\u00f5es, categorias de base, resultados das partidas, tabela de classifica\u00e7\u00e3o, pr\u00f3ximos jogos!","potentialAction":[{"@type":"SearchAction","target":{"@type":"EntryPoint","urlTemplate":"https:\/\/www.gaveanews.com\/?s={search_term_string}"},"query-input":{"@type":"PropertyValueSpecification","valueRequired":true,"valueName":"search_term_string"}}],"inLanguage":"pt-BR"},{"@type":"Person","@id":"https:\/\/www.gaveanews.com\/#\/schema\/person\/3b19f7288b0ce20372991275e4f2e6c2","name":"Ana Teixeira","image":{"@type":"ImageObject","inLanguage":"pt-BR","@id":"https:\/\/www.gaveanews.com\/#\/schema\/person\/image\/","url":"https:\/\/secure.gravatar.com\/avatar\/0a73f5a5258f3fed37fc2fa641892f3f7a4748456d4d4792f9bc550e6c19e06c?s=96&d=mm&r=g","contentUrl":"https:\/\/secure.gravatar.com\/avatar\/0a73f5a5258f3fed37fc2fa641892f3f7a4748456d4d4792f9bc550e6c19e06c?s=96&d=mm&r=g","caption":"Ana Teixeira"}}]}},"_links":{"self":[{"href":"https:\/\/www.gaveanews.com\/index.php\/wp-json\/wp\/v2\/posts\/213744","targetHints":{"allow":["GET"]}}],"collection":[{"href":"https:\/\/www.gaveanews.com\/index.php\/wp-json\/wp\/v2\/posts"}],"about":[{"href":"https:\/\/www.gaveanews.com\/index.php\/wp-json\/wp\/v2\/types\/post"}],"author":[{"embeddable":true,"href":"https:\/\/www.gaveanews.com\/index.php\/wp-json\/wp\/v2\/users\/30"}],"replies":[{"embeddable":true,"href":"https:\/\/www.gaveanews.com\/index.php\/wp-json\/wp\/v2\/comments?post=213744"}],"version-history":[{"count":1,"href":"https:\/\/www.gaveanews.com\/index.php\/wp-json\/wp\/v2\/posts\/213744\/revisions"}],"predecessor-version":[{"id":213745,"href":"https:\/\/www.gaveanews.com\/index.php\/wp-json\/wp\/v2\/posts\/213744\/revisions\/213745"}],"wp:featuredmedia":[{"embeddable":true,"href":"https:\/\/www.gaveanews.com\/index.php\/wp-json\/wp\/v2\/media\/127595"}],"wp:attachment":[{"href":"https:\/\/www.gaveanews.com\/index.php\/wp-json\/wp\/v2\/media?parent=213744"}],"wp:term":[{"taxonomy":"category","embeddable":true,"href":"https:\/\/www.gaveanews.com\/index.php\/wp-json\/wp\/v2\/categories?post=213744"},{"taxonomy":"post_tag","embeddable":true,"href":"https:\/\/www.gaveanews.com\/index.php\/wp-json\/wp\/v2\/tags?post=213744"}],"curies":[{"name":"wp","href":"https:\/\/api.w.org\/{rel}","templated":true}]}}