{"id":213788,"date":"2025-01-17T04:00:00","date_gmt":"2025-01-17T07:00:00","guid":{"rendered":"https:\/\/www.gaveanews.com\/?p=213788"},"modified":"2025-01-17T00:54:24","modified_gmt":"2025-01-17T03:54:24","slug":"al-hilal-a-declaracao-de-jorge-jesus-direcionada-a-neymar","status":"publish","type":"post","link":"https:\/\/www.gaveanews.com\/index.php\/2025\/01\/17\/al-hilal-a-declaracao-de-jorge-jesus-direcionada-a-neymar\/","title":{"rendered":"Al-Hilal: a declara\u00e7\u00e3o de Jorge Jesus direcionada a Neymar"},"content":{"rendered":"\n<p>O treinador Jorge Jesus falou nesta quinta-feira sobre a situa\u00e7\u00e3o de Neymar no Al-Hilal e sugeriu que o jogador pode continuar registrado apenas na Liga dos Campe\u00f5es da \u00c1sia, j\u00e1 que ficou fora da lista de atletas dispon\u00edveis para o Campeonato Saudita devido a uma les\u00e3o grave. Durante uma coletiva de imprensa, o t\u00e9cnico portugu\u00eas destacou que o brasileiro n\u00e3o tem conseguido acompanhar a equipe em termos f\u00edsicos.<\/p>\n\n\n\n<ul class=\"wp-block-list\">\n<li><a href=\"https:\/\/www.gaveanews.com\/index.php\/2024\/11\/20\/al-hilal-aceita-saida-de-neymar\/\">Al-Hilal aceita sa\u00edda de Neymar<\/a><\/li>\n\n\n\n<li><a href=\"https:\/\/www.gaveanews.com\/index.php\/2024\/11\/18\/valor-astronomico-veja-quanto-o-neymar-ganhou-por-partida-pelo-al-hilal\/\">Valor astron\u00f4mico! Veja quanto o Neymar ganhou por partida pelo Al-Hilal<\/a><\/li>\n<\/ul>\n\n\n\n<p>&#8220;Sobre Neymar&#8230; N\u00e3o est\u00e1 f\u00e1cil. Ele vem de uma les\u00e3o que o tirou da competi\u00e7\u00e3o. Quando estava quase voltando, voltou a se lesionar. \u00c9 um jogador que n\u00e3o deixa d\u00favidas a ningu\u00e9m, de top mundial. Mas a verdade \u00e9 que fisicamente n\u00e3o tem conseguido acompanhar a equipe.&#8221;<\/p>\n\n\n\n<p>Fontes do ge revelaram que a comiss\u00e3o t\u00e9cnica percebe que a intensidade e o condicionamento f\u00edsico de Neymar atualmente n\u00e3o est\u00e3o nos padr\u00f5es ideais. Al\u00e9m disso, foi avaliado que nenhum dos jogadores estrangeiros do elenco est\u00e1 dando margem para ser removido da lista de inscritos no Campeonato Saudita. Para que o camisa 10 pudesse ser inclu\u00eddo, seria necess\u00e1rio retirar um deles da rela\u00e7\u00e3o.<\/p>\n\n\n\n<figure class=\"wp-block-image size-full\"><img loading=\"lazy\" decoding=\"async\" width=\"984\" height=\"671\" src=\"https:\/\/www.gaveanews.com\/wp-content\/uploads\/Neymar-posa-para-foto-com-o-novo-uniforme-do-Al-Hilal.webp\" alt=\"\" class=\"wp-image-157481\" srcset=\"https:\/\/www.gaveanews.com\/wp-content\/uploads\/Neymar-posa-para-foto-com-o-novo-uniforme-do-Al-Hilal.webp 984w, https:\/\/www.gaveanews.com\/wp-content\/uploads\/Neymar-posa-para-foto-com-o-novo-uniforme-do-Al-Hilal-300x205.webp 300w, https:\/\/www.gaveanews.com\/wp-content\/uploads\/Neymar-posa-para-foto-com-o-novo-uniforme-do-Al-Hilal-768x524.webp 768w, https:\/\/www.gaveanews.com\/wp-content\/uploads\/Neymar-posa-para-foto-com-o-novo-uniforme-do-Al-Hilal-616x420.webp 616w, https:\/\/www.gaveanews.com\/wp-content\/uploads\/Neymar-posa-para-foto-com-o-novo-uniforme-do-Al-Hilal-640x436.webp 640w, https:\/\/www.gaveanews.com\/wp-content\/uploads\/Neymar-posa-para-foto-com-o-novo-uniforme-do-Al-Hilal-681x464.webp 681w, https:\/\/www.gaveanews.com\/wp-content\/uploads\/Neymar-posa-para-foto-com-o-novo-uniforme-do-Al-Hilal-100x68.webp 100w\" sizes=\"auto, (max-width: 984px) 100vw, 984px\" \/><figcaption class=\"wp-element-caption\">Neymar posa para foto com o novo uniforme do Al-Hilal (Foto: Reprodu\u00e7\u00e3o\/Al-Hilal)<\/figcaption><\/figure>\n\n\n\n<p>&#8220;N\u00e3o \u00e9 f\u00e1cil. Temos que tirar um jogador estrangeiro para inscrever o Neymar. O Neymar est\u00e1 inscrito na Champions da \u00c1sia, s\u00f3 n\u00e3o est\u00e1 inscrito numa competi\u00e7\u00e3o, que \u00e9 o campeonato. Ele tamb\u00e9m vai decidir a vida dele. O que sei \u00e9 que tem contrato com o Al-Hilal. E o resto j\u00e1 n\u00e3o compete a mim falar mais alguma coisa sobre a situa\u00e7\u00e3o particular dele ,comentou o Mister.&#8221;<\/p>\n\n\n\n<p>Neymar n\u00e3o foi inscrito pelo Al-Hilal no Campeonato Saudita 2024\/25 devido a uma s\u00e9ria les\u00e3o no joelho esquerdo sofrida em outubro de 2023, durante a partida entre Brasil e Uruguai, pelas eliminat\u00f3rias.<\/p>\n\n\n\n<p>O regulamento do torneio estabelece que cada equipe pode incluir at\u00e9 10 jogadores n\u00e3o-asi\u00e1ticos durante o torneio, sendo que dois deles devem ter nascido ap\u00f3s 2003. Em cada partida, podem ser utilizados oito jogadores n\u00e3o asi\u00e1ticos. Portanto, a equipe optou por n\u00e3o registrar o brasileiro para poder contar com mais um estrangeiro dispon\u00edvel.<\/p>\n\n\n\n<p>Al\u00e9m de Neymar, o Al-Hilal possui outros nove jogadores estrangeiros, al\u00e9m do brasileiro Renan Lodi, Malcom e Marcos Leonardo (sub-21), os portugueses Jo\u00e3o Cancelo e R\u00faben Neves, os s\u00e9rvios Mitrovic e Milinkovic-Savic, o senegal\u00eas Koulibaly e o marroquino Bono.<\/p>\n\n\n\n<p>O jogador se registrou normalmente na Liga dos Campe\u00f5es da \u00c1sia, que possui um regulamento mais adapt\u00e1vel, com regras definidas a cada partida. A Confedera\u00e7\u00e3o Asi\u00e1tica permite a inscri\u00e7\u00e3o de 35 jogadores no total. A cada jogo, \u00e9 gerada uma lista de jogadores relacionados, que pode conter at\u00e9 cinco estrangeiros.<\/p>\n\n\n\n<p>Esta semana, surgiram novas especula\u00e7\u00f5es acerca do futuro de Neymar, e a MLS, a principal liga de futebol dos Estados Unidos, revelou clubes interessados em contratar o craque. O nome do brasileiro foi primeiramente associado ao Inter Miami, clube de Messi e Su\u00e1rez. Posteriormente, o Chicago Fire emergiu como outra poss\u00edvel equipe para o jogador. Jorge Jesus foi questionado sobre o assunto, mas optou por n\u00e3o emitir opini\u00f5es mais aprofundadas.<\/p>\n\n\n\n<p>&#8220;N\u00e3o posso comentar coisas que n\u00e3o sei. A \u00fanica coisa que sei \u00e9 que Neymar neste momento n\u00e3o est\u00e1 inscrito. At\u00e9 31 de janeiro a janela est\u00e1 aberta. Portanto, n\u00e3o vou especular coisas que n\u00e3o sei. Eu quando idealizei este time foi com Mitrovic e Neymar, antes de ele ter essa les\u00e3o que j\u00e1 vai a 14 ou 15 meses que ficou fora da competi\u00e7\u00e3o. N\u00e3o sei do interesse desses clubes, isso n\u00e3o passa por mim. N\u00e3o posso responder porque n\u00e3o sei, disse Jorge Jesus.&#8221;<\/p>\n\n\n\n<p>Neymar permaneceu afastado das partidas de futebol por um ano, de outubro de 2023 a outubro de 2024, devido a uma s\u00e9ria les\u00e3o no joelho esquerdo. Ele foi submetido a uma cirurgia e enfrentou um extenso per\u00edodo de recupera\u00e7\u00e3o. Contudo, ap\u00f3s retornar aos campos, enfrentou um novo desafio f\u00edsico. No segundo jogo ap\u00f3s o retorno, contra o Esteghlal, em 4 de novembro, enfrentou uma les\u00e3o muscular na coxa direita.<\/p>\n\n\n\n<p>Ele disse sentir uma esp\u00e9cie de c\u00e2imbra, por\u00e9m muito intensa e, ap\u00f3s realizar exames, foi identificada uma les\u00e3o que poderia lev\u00e1-lo a ficar afastado de quatro a seis semanas. Como s\u00f3 se inscreveu at\u00e9 agora na Champions da \u00c1sia, ele ainda n\u00e3o jogou desde ent\u00e3o. Agora, o foco est\u00e1 no duelo contra o Persepolis, no dia 4 de fevereiro, quando retorna a competi\u00e7\u00e3o continental.<\/p>\n","protected":false},"excerpt":{"rendered":"<p>O treinador Jorge Jesus falou nesta quinta-feira sobre a situa\u00e7\u00e3o de Neymar no Al-Hilal e sugeriu que o jogador pode continuar registrado apenas na Liga dos Campe\u00f5es da \u00c1sia, j\u00e1 que ficou fora da lista de atletas dispon\u00edveis para o Campeonato Saudita devido a uma les\u00e3o grave. Durante uma coletiva de imprensa, o t\u00e9cnico portugu\u00eas [&hellip;]<\/p>\n","protected":false},"author":16,"featured_media":161273,"comment_status":"open","ping_status":"closed","sticky":false,"template":"","format":"standard","meta":{"footnotes":""},"categories":[216],"tags":[],"class_list":["post-213788","post","type-post","status-publish","format-standard","has-post-thumbnail","hentry","category-al-hilal"],"yoast_head":"<!-- This site is optimized with the Yoast SEO Premium plugin v24.2 (Yoast SEO v26.9) - https:\/\/yoast.com\/product\/yoast-seo-premium-wordpress\/ -->\n<title>Al-Hilal: a declara\u00e7\u00e3o de Jorge Jesus direcionada a Neymar<\/title>\n<meta name=\"robots\" content=\"index, follow, max-snippet:-1, max-image-preview:large, max-video-preview:-1\" \/>\n<link rel=\"canonical\" href=\"https:\/\/www.gaveanews.com\/index.php\/2025\/01\/17\/al-hilal-a-declaracao-de-jorge-jesus-direcionada-a-neymar\/\" \/>\n<meta property=\"og:locale\" content=\"pt_BR\" \/>\n<meta property=\"og:type\" content=\"article\" \/>\n<meta property=\"og:title\" content=\"Al-Hilal: a declara\u00e7\u00e3o de Jorge Jesus direcionada a Neymar\" \/>\n<meta property=\"og:description\" content=\"O treinador Jorge Jesus falou nesta quinta-feira sobre a situa\u00e7\u00e3o de Neymar no Al-Hilal e sugeriu que o jogador pode continuar registrado apenas na Liga dos Campe\u00f5es da \u00c1sia, j\u00e1 que ficou fora da lista de atletas dispon\u00edveis para o Campeonato Saudita devido a uma les\u00e3o grave. Durante uma coletiva de imprensa, o t\u00e9cnico portugu\u00eas [&hellip;]\" \/>\n<meta property=\"og:url\" content=\"https:\/\/www.gaveanews.com\/index.php\/2025\/01\/17\/al-hilal-a-declaracao-de-jorge-jesus-direcionada-a-neymar\/\" \/>\n<meta property=\"og:site_name\" content=\"G\u00e1vea News\" \/>\n<meta property=\"article:publisher\" content=\"https:\/\/facebook.com\/gaveaNews\/\" \/>\n<meta property=\"article:published_time\" content=\"2025-01-17T07:00:00+00:00\" \/>\n<meta property=\"og:image\" content=\"http:\/\/www.gaveanews.com\/wp-content\/uploads\/Neymar-com-a-camisa-do-Al-Hilal-em-2023.webp\" \/>\n\t<meta property=\"og:image:width\" content=\"1440\" \/>\n\t<meta property=\"og:image:height\" content=\"960\" \/>\n\t<meta property=\"og:image:type\" content=\"image\/webp\" \/>\n<meta name=\"author\" content=\"D\u00e9bora Figueiredo\" \/>\n<meta name=\"twitter:card\" content=\"summary_large_image\" \/>\n<meta name=\"twitter:label1\" content=\"Escrito por\" \/>\n\t<meta name=\"twitter:data1\" content=\"D\u00e9bora Figueiredo\" \/>\n\t<meta name=\"twitter:label2\" content=\"Est. tempo de leitura\" \/>\n\t<meta name=\"twitter:data2\" content=\"5 minutos\" \/>\n<script type=\"application\/ld+json\" class=\"yoast-schema-graph\">{\"@context\":\"https:\/\/schema.org\",\"@graph\":[{\"@type\":\"NewsArticle\",\"@id\":\"https:\/\/www.gaveanews.com\/index.php\/2025\/01\/17\/al-hilal-a-declaracao-de-jorge-jesus-direcionada-a-neymar\/#article\",\"isPartOf\":{\"@id\":\"https:\/\/www.gaveanews.com\/index.php\/2025\/01\/17\/al-hilal-a-declaracao-de-jorge-jesus-direcionada-a-neymar\/\"},\"author\":{\"name\":\"D\u00e9bora Figueiredo\",\"@id\":\"https:\/\/www.gaveanews.com\/#\/schema\/person\/37122681a8575a5c8db05a56f099a5e4\"},\"headline\":\"Al-Hilal: a declara\u00e7\u00e3o de Jorge Jesus direcionada a Neymar\",\"datePublished\":\"2025-01-17T07:00:00+00:00\",\"mainEntityOfPage\":{\"@id\":\"https:\/\/www.gaveanews.com\/index.php\/2025\/01\/17\/al-hilal-a-declaracao-de-jorge-jesus-direcionada-a-neymar\/\"},\"wordCount\":818,\"commentCount\":0,\"image\":{\"@id\":\"https:\/\/www.gaveanews.com\/index.php\/2025\/01\/17\/al-hilal-a-declaracao-de-jorge-jesus-direcionada-a-neymar\/#primaryimage\"},\"thumbnailUrl\":\"https:\/\/www.gaveanews.com\/wp-content\/uploads\/Neymar-com-a-camisa-do-Al-Hilal-em-2023.webp\",\"articleSection\":[\"Al-Hilal\"],\"inLanguage\":\"pt-BR\",\"potentialAction\":[{\"@type\":\"CommentAction\",\"name\":\"Comment\",\"target\":[\"https:\/\/www.gaveanews.com\/index.php\/2025\/01\/17\/al-hilal-a-declaracao-de-jorge-jesus-direcionada-a-neymar\/#respond\"]}],\"copyrightYear\":\"2025\",\"copyrightHolder\":{\"@id\":\"https:\/\/www.gaveanews.com\/#organization\"}},{\"@type\":\"WebPage\",\"@id\":\"https:\/\/www.gaveanews.com\/index.php\/2025\/01\/17\/al-hilal-a-declaracao-de-jorge-jesus-direcionada-a-neymar\/\",\"url\":\"https:\/\/www.gaveanews.com\/index.php\/2025\/01\/17\/al-hilal-a-declaracao-de-jorge-jesus-direcionada-a-neymar\/\",\"name\":\"Al-Hilal: a declara\u00e7\u00e3o de Jorge Jesus direcionada a Neymar\",\"isPartOf\":{\"@id\":\"https:\/\/www.gaveanews.com\/#website\"},\"primaryImageOfPage\":{\"@id\":\"https:\/\/www.gaveanews.com\/index.php\/2025\/01\/17\/al-hilal-a-declaracao-de-jorge-jesus-direcionada-a-neymar\/#primaryimage\"},\"image\":{\"@id\":\"https:\/\/www.gaveanews.com\/index.php\/2025\/01\/17\/al-hilal-a-declaracao-de-jorge-jesus-direcionada-a-neymar\/#primaryimage\"},\"thumbnailUrl\":\"https:\/\/www.gaveanews.com\/wp-content\/uploads\/Neymar-com-a-camisa-do-Al-Hilal-em-2023.webp\",\"datePublished\":\"2025-01-17T07:00:00+00:00\",\"author\":{\"@id\":\"https:\/\/www.gaveanews.com\/#\/schema\/person\/37122681a8575a5c8db05a56f099a5e4\"},\"breadcrumb\":{\"@id\":\"https:\/\/www.gaveanews.com\/index.php\/2025\/01\/17\/al-hilal-a-declaracao-de-jorge-jesus-direcionada-a-neymar\/#breadcrumb\"},\"inLanguage\":\"pt-BR\",\"potentialAction\":[{\"@type\":\"ReadAction\",\"target\":[\"https:\/\/www.gaveanews.com\/index.php\/2025\/01\/17\/al-hilal-a-declaracao-de-jorge-jesus-direcionada-a-neymar\/\"]}]},{\"@type\":\"ImageObject\",\"inLanguage\":\"pt-BR\",\"@id\":\"https:\/\/www.gaveanews.com\/index.php\/2025\/01\/17\/al-hilal-a-declaracao-de-jorge-jesus-direcionada-a-neymar\/#primaryimage\",\"url\":\"https:\/\/www.gaveanews.com\/wp-content\/uploads\/Neymar-com-a-camisa-do-Al-Hilal-em-2023.webp\",\"contentUrl\":\"https:\/\/www.gaveanews.com\/wp-content\/uploads\/Neymar-com-a-camisa-do-Al-Hilal-em-2023.webp\",\"width\":1440,\"height\":960,\"caption\":\"Neymar com a camisa do Al-Hilal em 2023 (Foto: Reprodu\u00e7\u00e3o\/Instagram)\"},{\"@type\":\"BreadcrumbList\",\"@id\":\"https:\/\/www.gaveanews.com\/index.php\/2025\/01\/17\/al-hilal-a-declaracao-de-jorge-jesus-direcionada-a-neymar\/#breadcrumb\",\"itemListElement\":[{\"@type\":\"ListItem\",\"position\":1,\"name\":\"Home\",\"item\":\"https:\/\/www.gaveanews.com\/\"},{\"@type\":\"ListItem\",\"position\":2,\"name\":\"Al-Hilal: a declara\u00e7\u00e3o de Jorge Jesus direcionada a Neymar\"}]},{\"@type\":\"WebSite\",\"@id\":\"https:\/\/www.gaveanews.com\/#website\",\"url\":\"https:\/\/www.gaveanews.com\/\",\"name\":\"G\u00e1vea News\",\"description\":\"Veja todas as not\u00edcias sobre o Flamengo: Contrata\u00e7\u00f5es, categorias de base, resultados das partidas, tabela de classifica\u00e7\u00e3o, pr\u00f3ximos jogos!\",\"potentialAction\":[{\"@type\":\"SearchAction\",\"target\":{\"@type\":\"EntryPoint\",\"urlTemplate\":\"https:\/\/www.gaveanews.com\/?s={search_term_string}\"},\"query-input\":{\"@type\":\"PropertyValueSpecification\",\"valueRequired\":true,\"valueName\":\"search_term_string\"}}],\"inLanguage\":\"pt-BR\"},{\"@type\":\"Person\",\"@id\":\"https:\/\/www.gaveanews.com\/#\/schema\/person\/37122681a8575a5c8db05a56f099a5e4\",\"name\":\"D\u00e9bora Figueiredo\",\"image\":{\"@type\":\"ImageObject\",\"inLanguage\":\"pt-BR\",\"@id\":\"https:\/\/www.gaveanews.com\/#\/schema\/person\/image\/\",\"url\":\"https:\/\/secure.gravatar.com\/avatar\/1f44802859351588499d26f52aed1d15796ce17e67602895b72837c08018868d?s=96&d=mm&r=g\",\"contentUrl\":\"https:\/\/secure.gravatar.com\/avatar\/1f44802859351588499d26f52aed1d15796ce17e67602895b72837c08018868d?s=96&d=mm&r=g\",\"caption\":\"D\u00e9bora Figueiredo\"}}]}<\/script>\n<!-- \/ Yoast SEO Premium plugin. -->","yoast_head_json":{"title":"Al-Hilal: a declara\u00e7\u00e3o de Jorge Jesus direcionada a Neymar","robots":{"index":"index","follow":"follow","max-snippet":"max-snippet:-1","max-image-preview":"max-image-preview:large","max-video-preview":"max-video-preview:-1"},"canonical":"https:\/\/www.gaveanews.com\/index.php\/2025\/01\/17\/al-hilal-a-declaracao-de-jorge-jesus-direcionada-a-neymar\/","og_locale":"pt_BR","og_type":"article","og_title":"Al-Hilal: a declara\u00e7\u00e3o de Jorge Jesus direcionada a Neymar","og_description":"O treinador Jorge Jesus falou nesta quinta-feira sobre a situa\u00e7\u00e3o de Neymar no Al-Hilal e sugeriu que o jogador pode continuar registrado apenas na Liga dos Campe\u00f5es da \u00c1sia, j\u00e1 que ficou fora da lista de atletas dispon\u00edveis para o Campeonato Saudita devido a uma les\u00e3o grave. Durante uma coletiva de imprensa, o t\u00e9cnico portugu\u00eas [&hellip;]","og_url":"https:\/\/www.gaveanews.com\/index.php\/2025\/01\/17\/al-hilal-a-declaracao-de-jorge-jesus-direcionada-a-neymar\/","og_site_name":"G\u00e1vea News","article_publisher":"https:\/\/facebook.com\/gaveaNews\/","article_published_time":"2025-01-17T07:00:00+00:00","og_image":[{"width":1440,"height":960,"url":"http:\/\/www.gaveanews.com\/wp-content\/uploads\/Neymar-com-a-camisa-do-Al-Hilal-em-2023.webp","type":"image\/webp"}],"author":"D\u00e9bora Figueiredo","twitter_card":"summary_large_image","twitter_misc":{"Escrito por":"D\u00e9bora Figueiredo","Est. tempo de leitura":"5 minutos"},"schema":{"@context":"https:\/\/schema.org","@graph":[{"@type":"NewsArticle","@id":"https:\/\/www.gaveanews.com\/index.php\/2025\/01\/17\/al-hilal-a-declaracao-de-jorge-jesus-direcionada-a-neymar\/#article","isPartOf":{"@id":"https:\/\/www.gaveanews.com\/index.php\/2025\/01\/17\/al-hilal-a-declaracao-de-jorge-jesus-direcionada-a-neymar\/"},"author":{"name":"D\u00e9bora Figueiredo","@id":"https:\/\/www.gaveanews.com\/#\/schema\/person\/37122681a8575a5c8db05a56f099a5e4"},"headline":"Al-Hilal: a declara\u00e7\u00e3o de Jorge Jesus direcionada a Neymar","datePublished":"2025-01-17T07:00:00+00:00","mainEntityOfPage":{"@id":"https:\/\/www.gaveanews.com\/index.php\/2025\/01\/17\/al-hilal-a-declaracao-de-jorge-jesus-direcionada-a-neymar\/"},"wordCount":818,"commentCount":0,"image":{"@id":"https:\/\/www.gaveanews.com\/index.php\/2025\/01\/17\/al-hilal-a-declaracao-de-jorge-jesus-direcionada-a-neymar\/#primaryimage"},"thumbnailUrl":"https:\/\/www.gaveanews.com\/wp-content\/uploads\/Neymar-com-a-camisa-do-Al-Hilal-em-2023.webp","articleSection":["Al-Hilal"],"inLanguage":"pt-BR","potentialAction":[{"@type":"CommentAction","name":"Comment","target":["https:\/\/www.gaveanews.com\/index.php\/2025\/01\/17\/al-hilal-a-declaracao-de-jorge-jesus-direcionada-a-neymar\/#respond"]}],"copyrightYear":"2025","copyrightHolder":{"@id":"https:\/\/www.gaveanews.com\/#organization"}},{"@type":"WebPage","@id":"https:\/\/www.gaveanews.com\/index.php\/2025\/01\/17\/al-hilal-a-declaracao-de-jorge-jesus-direcionada-a-neymar\/","url":"https:\/\/www.gaveanews.com\/index.php\/2025\/01\/17\/al-hilal-a-declaracao-de-jorge-jesus-direcionada-a-neymar\/","name":"Al-Hilal: a declara\u00e7\u00e3o de Jorge Jesus direcionada a Neymar","isPartOf":{"@id":"https:\/\/www.gaveanews.com\/#website"},"primaryImageOfPage":{"@id":"https:\/\/www.gaveanews.com\/index.php\/2025\/01\/17\/al-hilal-a-declaracao-de-jorge-jesus-direcionada-a-neymar\/#primaryimage"},"image":{"@id":"https:\/\/www.gaveanews.com\/index.php\/2025\/01\/17\/al-hilal-a-declaracao-de-jorge-jesus-direcionada-a-neymar\/#primaryimage"},"thumbnailUrl":"https:\/\/www.gaveanews.com\/wp-content\/uploads\/Neymar-com-a-camisa-do-Al-Hilal-em-2023.webp","datePublished":"2025-01-17T07:00:00+00:00","author":{"@id":"https:\/\/www.gaveanews.com\/#\/schema\/person\/37122681a8575a5c8db05a56f099a5e4"},"breadcrumb":{"@id":"https:\/\/www.gaveanews.com\/index.php\/2025\/01\/17\/al-hilal-a-declaracao-de-jorge-jesus-direcionada-a-neymar\/#breadcrumb"},"inLanguage":"pt-BR","potentialAction":[{"@type":"ReadAction","target":["https:\/\/www.gaveanews.com\/index.php\/2025\/01\/17\/al-hilal-a-declaracao-de-jorge-jesus-direcionada-a-neymar\/"]}]},{"@type":"ImageObject","inLanguage":"pt-BR","@id":"https:\/\/www.gaveanews.com\/index.php\/2025\/01\/17\/al-hilal-a-declaracao-de-jorge-jesus-direcionada-a-neymar\/#primaryimage","url":"https:\/\/www.gaveanews.com\/wp-content\/uploads\/Neymar-com-a-camisa-do-Al-Hilal-em-2023.webp","contentUrl":"https:\/\/www.gaveanews.com\/wp-content\/uploads\/Neymar-com-a-camisa-do-Al-Hilal-em-2023.webp","width":1440,"height":960,"caption":"Neymar com a camisa do Al-Hilal em 2023 (Foto: Reprodu\u00e7\u00e3o\/Instagram)"},{"@type":"BreadcrumbList","@id":"https:\/\/www.gaveanews.com\/index.php\/2025\/01\/17\/al-hilal-a-declaracao-de-jorge-jesus-direcionada-a-neymar\/#breadcrumb","itemListElement":[{"@type":"ListItem","position":1,"name":"Home","item":"https:\/\/www.gaveanews.com\/"},{"@type":"ListItem","position":2,"name":"Al-Hilal: a declara\u00e7\u00e3o de Jorge Jesus direcionada a Neymar"}]},{"@type":"WebSite","@id":"https:\/\/www.gaveanews.com\/#website","url":"https:\/\/www.gaveanews.com\/","name":"G\u00e1vea News","description":"Veja todas as not\u00edcias sobre o Flamengo: Contrata\u00e7\u00f5es, categorias de base, resultados das partidas, tabela de classifica\u00e7\u00e3o, pr\u00f3ximos jogos!","potentialAction":[{"@type":"SearchAction","target":{"@type":"EntryPoint","urlTemplate":"https:\/\/www.gaveanews.com\/?s={search_term_string}"},"query-input":{"@type":"PropertyValueSpecification","valueRequired":true,"valueName":"search_term_string"}}],"inLanguage":"pt-BR"},{"@type":"Person","@id":"https:\/\/www.gaveanews.com\/#\/schema\/person\/37122681a8575a5c8db05a56f099a5e4","name":"D\u00e9bora Figueiredo","image":{"@type":"ImageObject","inLanguage":"pt-BR","@id":"https:\/\/www.gaveanews.com\/#\/schema\/person\/image\/","url":"https:\/\/secure.gravatar.com\/avatar\/1f44802859351588499d26f52aed1d15796ce17e67602895b72837c08018868d?s=96&d=mm&r=g","contentUrl":"https:\/\/secure.gravatar.com\/avatar\/1f44802859351588499d26f52aed1d15796ce17e67602895b72837c08018868d?s=96&d=mm&r=g","caption":"D\u00e9bora Figueiredo"}}]}},"_links":{"self":[{"href":"https:\/\/www.gaveanews.com\/index.php\/wp-json\/wp\/v2\/posts\/213788","targetHints":{"allow":["GET"]}}],"collection":[{"href":"https:\/\/www.gaveanews.com\/index.php\/wp-json\/wp\/v2\/posts"}],"about":[{"href":"https:\/\/www.gaveanews.com\/index.php\/wp-json\/wp\/v2\/types\/post"}],"author":[{"embeddable":true,"href":"https:\/\/www.gaveanews.com\/index.php\/wp-json\/wp\/v2\/users\/16"}],"replies":[{"embeddable":true,"href":"https:\/\/www.gaveanews.com\/index.php\/wp-json\/wp\/v2\/comments?post=213788"}],"version-history":[{"count":1,"href":"https:\/\/www.gaveanews.com\/index.php\/wp-json\/wp\/v2\/posts\/213788\/revisions"}],"predecessor-version":[{"id":213792,"href":"https:\/\/www.gaveanews.com\/index.php\/wp-json\/wp\/v2\/posts\/213788\/revisions\/213792"}],"wp:featuredmedia":[{"embeddable":true,"href":"https:\/\/www.gaveanews.com\/index.php\/wp-json\/wp\/v2\/media\/161273"}],"wp:attachment":[{"href":"https:\/\/www.gaveanews.com\/index.php\/wp-json\/wp\/v2\/media?parent=213788"}],"wp:term":[{"taxonomy":"category","embeddable":true,"href":"https:\/\/www.gaveanews.com\/index.php\/wp-json\/wp\/v2\/categories?post=213788"},{"taxonomy":"post_tag","embeddable":true,"href":"https:\/\/www.gaveanews.com\/index.php\/wp-json\/wp\/v2\/tags?post=213788"}],"curies":[{"name":"wp","href":"https:\/\/api.w.org\/{rel}","templated":true}]}}