{"id":213857,"date":"2025-01-17T08:30:00","date_gmt":"2025-01-17T11:30:00","guid":{"rendered":"https:\/\/www.gaveanews.com\/?p=213857"},"modified":"2025-01-17T06:31:01","modified_gmt":"2025-01-17T09:31:01","slug":"sao-paulo-casares-e-sincero-ao-falar-sobre-chegada-de-wendell","status":"publish","type":"post","link":"https:\/\/www.gaveanews.com\/index.php\/2025\/01\/17\/sao-paulo-casares-e-sincero-ao-falar-sobre-chegada-de-wendell\/","title":{"rendered":"S\u00e3o Paulo: Casares \u00e9 sincero ao falar sobre chegada de Wendell"},"content":{"rendered":"\n<p>Sob a expectativa da chegada de Wendell para refor\u00e7ar a lateral-esquerda do S\u00e3o Paulo, o presidente Julio Casares falou sobre a negocia\u00e7\u00e3o com o Porto, de Portugal. O mandat\u00e1rio afirmou que espera que a equipe portuguesa n\u00e3o crie empecilhos e que libera o atleta para vir ao Brasil ainda em janeiro.<\/p>\n\n\n\n<ul class=\"wp-block-list\">\n<li><a href=\"https:\/\/www.gaveanews.com\/index.php\/2025\/01\/17\/sao-paulo-x-flamengo-a-declaracao-de-lucas-moura\/\">S\u00e3o Paulo x Flamengo: a declara\u00e7\u00e3o de Lucas Moura<\/a><\/li>\n\n\n\n<li><a href=\"https:\/\/www.gaveanews.com\/index.php\/2025\/01\/17\/ele-pode-deixar-o-palmeiras-para-assinar-com-o-sao-paulo\/\">Ele pode deixar o Palmeiras para assinar com o S\u00e3o Paulo<\/a><\/li>\n<\/ul>\n\n\n\n<p>Depois das sa\u00eddas de Welington para&nbsp; o Southampton, da Inglaterra, e Jamal Lewis, que retornou de empr\u00e9stimo para o Newcastle, tamb\u00e9m do pa\u00eds ingl\u00eas, a lateral-esquerda se tornou uma importante lacuna do time tricolor.<\/p>\n\n\n\n<p>Atento \u00e0s oportunidades de mercado, o S\u00e3o Paulo chegou ao nome de Wendell, jogador brasileiro que atua pelo Porto desde 2021 e que o v\u00ednculo se encerra em junho com os Drag\u00f5es. Por isso, o Soberano foi \u00e1gil e assinou um pr\u00e9-contrato com o defensor. Assim, a partir de julho ele ser\u00e1 refor\u00e7o do clube.<\/p>\n\n\n\n<p>Com esse fato,&nbsp; Julio Casares esperava que os portugueses o liberassem ainda em janeiro para refor\u00e7ar o Tricolor Paulista. Mas o movimento nos bastidores sem consultar os mandat\u00e1rios portistas os incomodou e decidiram que s\u00f3 liberariam Wendell mediante compensa\u00e7\u00e3o financeira.<\/p>\n\n\n\n<p>Antes do empate com o Cruzeiro por 1 a 1, na estreia do FC Series, torneio amistoso disputado nos Estados Unidos, o presidente s\u00e3o-paulino falou sobre o imbr\u00f3glio da negocia\u00e7\u00e3o.<\/p>\n\n\n\n<p>&#8220;H\u00e1 essa possibilidade (da transfer\u00eancia), o S\u00e3o Paulo tem tratado, mas com muita tranquilidade. N\u00e3o podemos estar desesperados. Wendell quer vir, est\u00e1 ajudando muito, assim como seus empres\u00e1rios&#8221;, disse Casares, em entrevista \u00e0 TNT.<\/p>\n\n\n\n<p>Ainda, o dirigente revelou que o lateral-esquerdo \u00e9 um desejo antigo. Ele o observava desde a Copa Am\u00e9rica.<\/p>\n\n\n\n<p>&#8220;Lembro que conheci o Wendell na Copa Am\u00e9rica e falei: seu futuro \u00e9 no S\u00e3o Paulo. O Rafael [goleiro] tamb\u00e9m ajudava. Mas temos que ter calma, porque o S\u00e3o Paulo tem um or\u00e7amento para cumprir. Acreditamos no bom senso do Porto. Estamos na expectativa de receb\u00ea-lo o mais r\u00e1pido poss\u00edvel&#8221;, completou.<\/p>\n","protected":false},"excerpt":{"rendered":"<p>Sob a expectativa da chegada de Wendell para refor\u00e7ar a lateral-esquerda do S\u00e3o Paulo, o presidente Julio Casares falou sobre a negocia\u00e7\u00e3o com o Porto, de Portugal. O mandat\u00e1rio afirmou que espera que a equipe portuguesa n\u00e3o crie empecilhos e que libera o atleta para vir ao Brasil ainda em janeiro. Depois das sa\u00eddas de [&hellip;]<\/p>\n","protected":false},"author":29,"featured_media":148896,"comment_status":"open","ping_status":"closed","sticky":false,"template":"","format":"standard","meta":{"footnotes":""},"categories":[100,151],"tags":[],"class_list":["post-213857","post","type-post","status-publish","format-standard","has-post-thumbnail","hentry","category-porto","category-sao-paulo"],"yoast_head":"<!-- This site is optimized with the Yoast SEO Premium plugin v24.2 (Yoast SEO v26.9) - https:\/\/yoast.com\/product\/yoast-seo-premium-wordpress\/ -->\n<title>S\u00e3o Paulo: Casares \u00e9 sincero ao falar sobre chegada de Wendell<\/title>\n<meta name=\"robots\" content=\"index, follow, max-snippet:-1, max-image-preview:large, max-video-preview:-1\" \/>\n<link rel=\"canonical\" href=\"https:\/\/www.gaveanews.com\/index.php\/2025\/01\/17\/sao-paulo-casares-e-sincero-ao-falar-sobre-chegada-de-wendell\/\" \/>\n<meta property=\"og:locale\" content=\"pt_BR\" \/>\n<meta property=\"og:type\" content=\"article\" \/>\n<meta property=\"og:title\" content=\"S\u00e3o Paulo: Casares \u00e9 sincero ao falar sobre chegada de Wendell\" \/>\n<meta property=\"og:description\" content=\"Sob a expectativa da chegada de Wendell para refor\u00e7ar a lateral-esquerda do S\u00e3o Paulo, o presidente Julio Casares falou sobre a negocia\u00e7\u00e3o com o Porto, de Portugal. O mandat\u00e1rio afirmou que espera que a equipe portuguesa n\u00e3o crie empecilhos e que libera o atleta para vir ao Brasil ainda em janeiro. Depois das sa\u00eddas de [&hellip;]\" \/>\n<meta property=\"og:url\" content=\"https:\/\/www.gaveanews.com\/index.php\/2025\/01\/17\/sao-paulo-casares-e-sincero-ao-falar-sobre-chegada-de-wendell\/\" \/>\n<meta property=\"og:site_name\" content=\"G\u00e1vea News\" \/>\n<meta property=\"article:publisher\" content=\"https:\/\/facebook.com\/gaveaNews\/\" \/>\n<meta property=\"article:published_time\" content=\"2025-01-17T11:30:00+00:00\" \/>\n<meta property=\"og:image\" content=\"https:\/\/www.gaveanews.com\/wp-content\/uploads\/Casares-durante-entrevista-para-a-ESPN.webp\" \/>\n\t<meta property=\"og:image:width\" content=\"900\" \/>\n\t<meta property=\"og:image:height\" content=\"475\" \/>\n\t<meta property=\"og:image:type\" content=\"image\/png\" \/>\n<meta name=\"author\" content=\"Marco Menezes\" \/>\n<meta name=\"twitter:card\" content=\"summary_large_image\" \/>\n<meta name=\"twitter:label1\" content=\"Escrito por\" \/>\n\t<meta name=\"twitter:data1\" content=\"Marco Menezes\" \/>\n\t<meta name=\"twitter:label2\" content=\"Est. tempo de leitura\" \/>\n\t<meta name=\"twitter:data2\" content=\"3 minutos\" \/>\n<script type=\"application\/ld+json\" class=\"yoast-schema-graph\">{\"@context\":\"https:\/\/schema.org\",\"@graph\":[{\"@type\":\"NewsArticle\",\"@id\":\"https:\/\/www.gaveanews.com\/index.php\/2025\/01\/17\/sao-paulo-casares-e-sincero-ao-falar-sobre-chegada-de-wendell\/#article\",\"isPartOf\":{\"@id\":\"https:\/\/www.gaveanews.com\/index.php\/2025\/01\/17\/sao-paulo-casares-e-sincero-ao-falar-sobre-chegada-de-wendell\/\"},\"author\":{\"name\":\"Marco Menezes\",\"@id\":\"https:\/\/www.gaveanews.com\/#\/schema\/person\/a9f62fe75380c6bada1b2fc49bc23d69\"},\"headline\":\"S\u00e3o Paulo: Casares \u00e9 sincero ao falar sobre chegada de Wendell\",\"datePublished\":\"2025-01-17T11:30:00+00:00\",\"mainEntityOfPage\":{\"@id\":\"https:\/\/www.gaveanews.com\/index.php\/2025\/01\/17\/sao-paulo-casares-e-sincero-ao-falar-sobre-chegada-de-wendell\/\"},\"wordCount\":377,\"commentCount\":0,\"image\":{\"@id\":\"https:\/\/www.gaveanews.com\/index.php\/2025\/01\/17\/sao-paulo-casares-e-sincero-ao-falar-sobre-chegada-de-wendell\/#primaryimage\"},\"thumbnailUrl\":\"https:\/\/www.gaveanews.com\/wp-content\/uploads\/Casares-durante-entrevista-para-a-ESPN.webp\",\"articleSection\":[\"Porto\",\"S\u00e3o Paulo\"],\"inLanguage\":\"pt-BR\",\"potentialAction\":[{\"@type\":\"CommentAction\",\"name\":\"Comment\",\"target\":[\"https:\/\/www.gaveanews.com\/index.php\/2025\/01\/17\/sao-paulo-casares-e-sincero-ao-falar-sobre-chegada-de-wendell\/#respond\"]}],\"copyrightYear\":\"2025\",\"copyrightHolder\":{\"@id\":\"https:\/\/www.gaveanews.com\/#organization\"}},{\"@type\":\"WebPage\",\"@id\":\"https:\/\/www.gaveanews.com\/index.php\/2025\/01\/17\/sao-paulo-casares-e-sincero-ao-falar-sobre-chegada-de-wendell\/\",\"url\":\"https:\/\/www.gaveanews.com\/index.php\/2025\/01\/17\/sao-paulo-casares-e-sincero-ao-falar-sobre-chegada-de-wendell\/\",\"name\":\"S\u00e3o Paulo: Casares \u00e9 sincero ao falar sobre chegada de Wendell\",\"isPartOf\":{\"@id\":\"https:\/\/www.gaveanews.com\/#website\"},\"primaryImageOfPage\":{\"@id\":\"https:\/\/www.gaveanews.com\/index.php\/2025\/01\/17\/sao-paulo-casares-e-sincero-ao-falar-sobre-chegada-de-wendell\/#primaryimage\"},\"image\":{\"@id\":\"https:\/\/www.gaveanews.com\/index.php\/2025\/01\/17\/sao-paulo-casares-e-sincero-ao-falar-sobre-chegada-de-wendell\/#primaryimage\"},\"thumbnailUrl\":\"https:\/\/www.gaveanews.com\/wp-content\/uploads\/Casares-durante-entrevista-para-a-ESPN.webp\",\"datePublished\":\"2025-01-17T11:30:00+00:00\",\"author\":{\"@id\":\"https:\/\/www.gaveanews.com\/#\/schema\/person\/a9f62fe75380c6bada1b2fc49bc23d69\"},\"breadcrumb\":{\"@id\":\"https:\/\/www.gaveanews.com\/index.php\/2025\/01\/17\/sao-paulo-casares-e-sincero-ao-falar-sobre-chegada-de-wendell\/#breadcrumb\"},\"inLanguage\":\"pt-BR\",\"potentialAction\":[{\"@type\":\"ReadAction\",\"target\":[\"https:\/\/www.gaveanews.com\/index.php\/2025\/01\/17\/sao-paulo-casares-e-sincero-ao-falar-sobre-chegada-de-wendell\/\"]}]},{\"@type\":\"ImageObject\",\"inLanguage\":\"pt-BR\",\"@id\":\"https:\/\/www.gaveanews.com\/index.php\/2025\/01\/17\/sao-paulo-casares-e-sincero-ao-falar-sobre-chegada-de-wendell\/#primaryimage\",\"url\":\"https:\/\/www.gaveanews.com\/wp-content\/uploads\/Casares-durante-entrevista-para-a-ESPN.webp\",\"contentUrl\":\"https:\/\/www.gaveanews.com\/wp-content\/uploads\/Casares-durante-entrevista-para-a-ESPN.webp\",\"width\":900,\"height\":475,\"caption\":\"Casares, presidente do S\u00e3o Paulo, durante entrevista para a ESPN (Foto: Reprodu\u00e7\u00e3o\/ESPN)\"},{\"@type\":\"BreadcrumbList\",\"@id\":\"https:\/\/www.gaveanews.com\/index.php\/2025\/01\/17\/sao-paulo-casares-e-sincero-ao-falar-sobre-chegada-de-wendell\/#breadcrumb\",\"itemListElement\":[{\"@type\":\"ListItem\",\"position\":1,\"name\":\"Home\",\"item\":\"https:\/\/www.gaveanews.com\/\"},{\"@type\":\"ListItem\",\"position\":2,\"name\":\"S\u00e3o Paulo: Casares \u00e9 sincero ao falar sobre chegada de Wendell\"}]},{\"@type\":\"WebSite\",\"@id\":\"https:\/\/www.gaveanews.com\/#website\",\"url\":\"https:\/\/www.gaveanews.com\/\",\"name\":\"G\u00e1vea News\",\"description\":\"Veja todas as not\u00edcias sobre o Flamengo: Contrata\u00e7\u00f5es, categorias de base, resultados das partidas, tabela de classifica\u00e7\u00e3o, pr\u00f3ximos jogos!\",\"potentialAction\":[{\"@type\":\"SearchAction\",\"target\":{\"@type\":\"EntryPoint\",\"urlTemplate\":\"https:\/\/www.gaveanews.com\/?s={search_term_string}\"},\"query-input\":{\"@type\":\"PropertyValueSpecification\",\"valueRequired\":true,\"valueName\":\"search_term_string\"}}],\"inLanguage\":\"pt-BR\"},{\"@type\":\"Person\",\"@id\":\"https:\/\/www.gaveanews.com\/#\/schema\/person\/a9f62fe75380c6bada1b2fc49bc23d69\",\"name\":\"Marco Menezes\",\"image\":{\"@type\":\"ImageObject\",\"inLanguage\":\"pt-BR\",\"@id\":\"https:\/\/www.gaveanews.com\/#\/schema\/person\/image\/\",\"url\":\"https:\/\/secure.gravatar.com\/avatar\/a1d148ae17fc8bfc5dbccffd07979e8bd2c9ba494221779de86ec2c7907b71ec?s=96&d=mm&r=g\",\"contentUrl\":\"https:\/\/secure.gravatar.com\/avatar\/a1d148ae17fc8bfc5dbccffd07979e8bd2c9ba494221779de86ec2c7907b71ec?s=96&d=mm&r=g\",\"caption\":\"Marco Menezes\"}}]}<\/script>\n<!-- \/ Yoast SEO Premium plugin. -->","yoast_head_json":{"title":"S\u00e3o Paulo: Casares \u00e9 sincero ao falar sobre chegada de Wendell","robots":{"index":"index","follow":"follow","max-snippet":"max-snippet:-1","max-image-preview":"max-image-preview:large","max-video-preview":"max-video-preview:-1"},"canonical":"https:\/\/www.gaveanews.com\/index.php\/2025\/01\/17\/sao-paulo-casares-e-sincero-ao-falar-sobre-chegada-de-wendell\/","og_locale":"pt_BR","og_type":"article","og_title":"S\u00e3o Paulo: Casares \u00e9 sincero ao falar sobre chegada de Wendell","og_description":"Sob a expectativa da chegada de Wendell para refor\u00e7ar a lateral-esquerda do S\u00e3o Paulo, o presidente Julio Casares falou sobre a negocia\u00e7\u00e3o com o Porto, de Portugal. O mandat\u00e1rio afirmou que espera que a equipe portuguesa n\u00e3o crie empecilhos e que libera o atleta para vir ao Brasil ainda em janeiro. Depois das sa\u00eddas de [&hellip;]","og_url":"https:\/\/www.gaveanews.com\/index.php\/2025\/01\/17\/sao-paulo-casares-e-sincero-ao-falar-sobre-chegada-de-wendell\/","og_site_name":"G\u00e1vea News","article_publisher":"https:\/\/facebook.com\/gaveaNews\/","article_published_time":"2025-01-17T11:30:00+00:00","og_image":[{"width":900,"height":475,"url":"https:\/\/www.gaveanews.com\/wp-content\/uploads\/Casares-durante-entrevista-para-a-ESPN.webp","type":"image\/png"}],"author":"Marco Menezes","twitter_card":"summary_large_image","twitter_misc":{"Escrito por":"Marco Menezes","Est. tempo de leitura":"3 minutos"},"schema":{"@context":"https:\/\/schema.org","@graph":[{"@type":"NewsArticle","@id":"https:\/\/www.gaveanews.com\/index.php\/2025\/01\/17\/sao-paulo-casares-e-sincero-ao-falar-sobre-chegada-de-wendell\/#article","isPartOf":{"@id":"https:\/\/www.gaveanews.com\/index.php\/2025\/01\/17\/sao-paulo-casares-e-sincero-ao-falar-sobre-chegada-de-wendell\/"},"author":{"name":"Marco Menezes","@id":"https:\/\/www.gaveanews.com\/#\/schema\/person\/a9f62fe75380c6bada1b2fc49bc23d69"},"headline":"S\u00e3o Paulo: Casares \u00e9 sincero ao falar sobre chegada de Wendell","datePublished":"2025-01-17T11:30:00+00:00","mainEntityOfPage":{"@id":"https:\/\/www.gaveanews.com\/index.php\/2025\/01\/17\/sao-paulo-casares-e-sincero-ao-falar-sobre-chegada-de-wendell\/"},"wordCount":377,"commentCount":0,"image":{"@id":"https:\/\/www.gaveanews.com\/index.php\/2025\/01\/17\/sao-paulo-casares-e-sincero-ao-falar-sobre-chegada-de-wendell\/#primaryimage"},"thumbnailUrl":"https:\/\/www.gaveanews.com\/wp-content\/uploads\/Casares-durante-entrevista-para-a-ESPN.webp","articleSection":["Porto","S\u00e3o Paulo"],"inLanguage":"pt-BR","potentialAction":[{"@type":"CommentAction","name":"Comment","target":["https:\/\/www.gaveanews.com\/index.php\/2025\/01\/17\/sao-paulo-casares-e-sincero-ao-falar-sobre-chegada-de-wendell\/#respond"]}],"copyrightYear":"2025","copyrightHolder":{"@id":"https:\/\/www.gaveanews.com\/#organization"}},{"@type":"WebPage","@id":"https:\/\/www.gaveanews.com\/index.php\/2025\/01\/17\/sao-paulo-casares-e-sincero-ao-falar-sobre-chegada-de-wendell\/","url":"https:\/\/www.gaveanews.com\/index.php\/2025\/01\/17\/sao-paulo-casares-e-sincero-ao-falar-sobre-chegada-de-wendell\/","name":"S\u00e3o Paulo: Casares \u00e9 sincero ao falar sobre chegada de Wendell","isPartOf":{"@id":"https:\/\/www.gaveanews.com\/#website"},"primaryImageOfPage":{"@id":"https:\/\/www.gaveanews.com\/index.php\/2025\/01\/17\/sao-paulo-casares-e-sincero-ao-falar-sobre-chegada-de-wendell\/#primaryimage"},"image":{"@id":"https:\/\/www.gaveanews.com\/index.php\/2025\/01\/17\/sao-paulo-casares-e-sincero-ao-falar-sobre-chegada-de-wendell\/#primaryimage"},"thumbnailUrl":"https:\/\/www.gaveanews.com\/wp-content\/uploads\/Casares-durante-entrevista-para-a-ESPN.webp","datePublished":"2025-01-17T11:30:00+00:00","author":{"@id":"https:\/\/www.gaveanews.com\/#\/schema\/person\/a9f62fe75380c6bada1b2fc49bc23d69"},"breadcrumb":{"@id":"https:\/\/www.gaveanews.com\/index.php\/2025\/01\/17\/sao-paulo-casares-e-sincero-ao-falar-sobre-chegada-de-wendell\/#breadcrumb"},"inLanguage":"pt-BR","potentialAction":[{"@type":"ReadAction","target":["https:\/\/www.gaveanews.com\/index.php\/2025\/01\/17\/sao-paulo-casares-e-sincero-ao-falar-sobre-chegada-de-wendell\/"]}]},{"@type":"ImageObject","inLanguage":"pt-BR","@id":"https:\/\/www.gaveanews.com\/index.php\/2025\/01\/17\/sao-paulo-casares-e-sincero-ao-falar-sobre-chegada-de-wendell\/#primaryimage","url":"https:\/\/www.gaveanews.com\/wp-content\/uploads\/Casares-durante-entrevista-para-a-ESPN.webp","contentUrl":"https:\/\/www.gaveanews.com\/wp-content\/uploads\/Casares-durante-entrevista-para-a-ESPN.webp","width":900,"height":475,"caption":"Casares, presidente do S\u00e3o Paulo, durante entrevista para a ESPN (Foto: Reprodu\u00e7\u00e3o\/ESPN)"},{"@type":"BreadcrumbList","@id":"https:\/\/www.gaveanews.com\/index.php\/2025\/01\/17\/sao-paulo-casares-e-sincero-ao-falar-sobre-chegada-de-wendell\/#breadcrumb","itemListElement":[{"@type":"ListItem","position":1,"name":"Home","item":"https:\/\/www.gaveanews.com\/"},{"@type":"ListItem","position":2,"name":"S\u00e3o Paulo: Casares \u00e9 sincero ao falar sobre chegada de Wendell"}]},{"@type":"WebSite","@id":"https:\/\/www.gaveanews.com\/#website","url":"https:\/\/www.gaveanews.com\/","name":"G\u00e1vea News","description":"Veja todas as not\u00edcias sobre o Flamengo: Contrata\u00e7\u00f5es, categorias de base, resultados das partidas, tabela de classifica\u00e7\u00e3o, pr\u00f3ximos jogos!","potentialAction":[{"@type":"SearchAction","target":{"@type":"EntryPoint","urlTemplate":"https:\/\/www.gaveanews.com\/?s={search_term_string}"},"query-input":{"@type":"PropertyValueSpecification","valueRequired":true,"valueName":"search_term_string"}}],"inLanguage":"pt-BR"},{"@type":"Person","@id":"https:\/\/www.gaveanews.com\/#\/schema\/person\/a9f62fe75380c6bada1b2fc49bc23d69","name":"Marco Menezes","image":{"@type":"ImageObject","inLanguage":"pt-BR","@id":"https:\/\/www.gaveanews.com\/#\/schema\/person\/image\/","url":"https:\/\/secure.gravatar.com\/avatar\/a1d148ae17fc8bfc5dbccffd07979e8bd2c9ba494221779de86ec2c7907b71ec?s=96&d=mm&r=g","contentUrl":"https:\/\/secure.gravatar.com\/avatar\/a1d148ae17fc8bfc5dbccffd07979e8bd2c9ba494221779de86ec2c7907b71ec?s=96&d=mm&r=g","caption":"Marco Menezes"}}]}},"_links":{"self":[{"href":"https:\/\/www.gaveanews.com\/index.php\/wp-json\/wp\/v2\/posts\/213857","targetHints":{"allow":["GET"]}}],"collection":[{"href":"https:\/\/www.gaveanews.com\/index.php\/wp-json\/wp\/v2\/posts"}],"about":[{"href":"https:\/\/www.gaveanews.com\/index.php\/wp-json\/wp\/v2\/types\/post"}],"author":[{"embeddable":true,"href":"https:\/\/www.gaveanews.com\/index.php\/wp-json\/wp\/v2\/users\/29"}],"replies":[{"embeddable":true,"href":"https:\/\/www.gaveanews.com\/index.php\/wp-json\/wp\/v2\/comments?post=213857"}],"version-history":[{"count":1,"href":"https:\/\/www.gaveanews.com\/index.php\/wp-json\/wp\/v2\/posts\/213857\/revisions"}],"predecessor-version":[{"id":213858,"href":"https:\/\/www.gaveanews.com\/index.php\/wp-json\/wp\/v2\/posts\/213857\/revisions\/213858"}],"wp:featuredmedia":[{"embeddable":true,"href":"https:\/\/www.gaveanews.com\/index.php\/wp-json\/wp\/v2\/media\/148896"}],"wp:attachment":[{"href":"https:\/\/www.gaveanews.com\/index.php\/wp-json\/wp\/v2\/media?parent=213857"}],"wp:term":[{"taxonomy":"category","embeddable":true,"href":"https:\/\/www.gaveanews.com\/index.php\/wp-json\/wp\/v2\/categories?post=213857"},{"taxonomy":"post_tag","embeddable":true,"href":"https:\/\/www.gaveanews.com\/index.php\/wp-json\/wp\/v2\/tags?post=213857"}],"curies":[{"name":"wp","href":"https:\/\/api.w.org\/{rel}","templated":true}]}}