{"id":213877,"date":"2025-01-17T11:15:59","date_gmt":"2025-01-17T14:15:59","guid":{"rendered":"https:\/\/www.gaveanews.com\/?p=213877"},"modified":"2025-01-17T11:14:29","modified_gmt":"2025-01-17T14:14:29","slug":"declaracao-de-neymar-ganha-repercussao-nas-redes-sociais","status":"publish","type":"post","link":"https:\/\/www.gaveanews.com\/index.php\/2025\/01\/17\/declaracao-de-neymar-ganha-repercussao-nas-redes-sociais\/","title":{"rendered":"Declara\u00e7\u00e3o de Neymar ganha repercuss\u00e3o nas redes sociais"},"content":{"rendered":"\n<h2 class=\"wp-block-heading\" id=\"h-neymar-diz-ter-vivido-auge-no-psg\">Neymar diz ter vivido auge no PSG<\/h2>\n\n\n\n<p>Neymar ganhou os principais trof\u00e9us de sua carreira jogando por Santos e Barcelona. No entanto, em uma entrevista ao ex-atacante Rom\u00e1rio que ser\u00e1 transmitida nesta quinta-feira, 16, afirmou ter atingido seu \u00e1pice t\u00e9cnico no per\u00edodo em que defendeu o Paris Saint-Germain, de 2017 a 2023.<\/p>\n\n\n\n<ul class=\"wp-block-list\">\n<li><a href=\"https:\/\/www.gaveanews.com\/index.php\/2025\/01\/17\/craque-neto-revela-possivel-destino-de-neymar\/\">Craque Neto revela poss\u00edvel destino de Neymar<\/a><\/li>\n\n\n\n<li><a href=\"https:\/\/www.gaveanews.com\/index.php\/2025\/01\/17\/al-hilal-a-declaracao-de-jorge-jesus-direcionada-a-neymar\/\">Al-Hilal: a declara\u00e7\u00e3o de Jorge Jesus direcionada a Neymar<\/a><\/li>\n<\/ul>\n\n\n\n<p>No bate-papo inaugural do canal Rom\u00e1rio, &#8220;De Cara com o Cara&#8221;, o artista de 32 anos recordou v\u00e1rios epis\u00f3dios de sua trajet\u00f3ria profissional, incluindo a turbulenta sa\u00edda do Bar\u00e7a.<\/p>\n\n\n\n<p>Embora Neymar n\u00e3o tenha vencido a Champions League nem o pr\u00eamio de melhor do mundo pelo PSG, ele acredita ter atingido seu auge como atleta na Fran\u00e7a. &#8220;Meu auge primeiro foi no PSG&#8221;, afirmou, durante a entrevista.<\/p>\n\n\n\n<p>De fato, apesar do auge de sua carreira ter ocorrido nos tempos do trio MSN, com Messi e Su\u00e1rez, no Barcelona, o PSG foi o clube europeu onde Neymar jogou mais vezes, marcou mais gols e ganhou o maior n\u00famero de t\u00edtulos. Em geral, o Santos foi a equipe onde o craque mais marcou gols.<\/p>\n\n\n\n<p>Aos 17 anos, o atacante fez sua estreia no time profissional do Santos. Na sua segunda temporada como profissional, iniciou a conquista de t\u00edtulos pelo time da Vila Belmiro: ao todo, foram seis. O primeiro jogo da s\u00e9rie de tr\u00eas Paulistas ocorreu em 2010.<\/p>\n\n\n\n<h2 class=\"wp-block-heading\">Os n\u00fameros da carreira de Neymar<\/h2>\n\n\n\n<ul class=\"wp-block-list\">\n<li><strong>Santos (2009 a 2013)<\/strong>\n<ul class=\"wp-block-list\">\n<li>Jogos: 225<\/li>\n\n\n\n<li>Gols: 136<\/li>\n\n\n\n<li>Assist\u00eancias: 64<\/li>\n\n\n\n<li>T\u00edtulos: 6 \u2013 Copa Libertadores (2011), Recopa Sul-Americana (2011), Copa do Brasil (2009) e Campeonato Paulista (2010, 2011 e 2012)<\/li>\n<\/ul>\n<\/li>\n<\/ul>\n\n\n\n<p>No ano seguinte, sua maior honraria pelo clube que o revelou ocorreu ao conquistar a Libertadores ap\u00f3s 48 anos de bicampeonato do clube. Tamb\u00e9m ocorreu em 2012 a Recopa Sul-Americana.<\/p>\n\n\n\n<ul class=\"wp-block-list\">\n<li><strong>Barcelona (2013 a 2017)<\/strong>\n<ul class=\"wp-block-list\">\n<li>Jogos: 186<\/li>\n\n\n\n<li>Gols: 105<\/li>\n\n\n\n<li>Assist\u00eancias: 76<\/li>\n\n\n\n<li>T\u00edtulos: 8 \u2013 Mundial de Clubes (2015), Champions League (2015), Campeonato Espanhol (2015 e 2016), Copa do Rei (2015, 2016 e 2017) e Supercopa da Espanha (2013)<\/li>\n<\/ul>\n<\/li>\n<\/ul>\n\n\n\n<p>Ent\u00e3o, a mudan\u00e7a para o Barcelona ocorreu em maio de 2013. Apesar das controv\u00e9rsias sobre os valores das transfer\u00eancias e a data de assinatura do contrato, Neymar ganhou oito t\u00edtulos pelo clube catal\u00e3o e marcou a hist\u00f3ria do futebol ao integrar o trio MSN durante sua carreira, ao lado de Lionel Messi e Luis Su\u00e1rez. Neymar deixou o Bar\u00e7a levando para casa uma Supercopa da Espanha (2013), duas LaLiga (2015 e 2016), tr\u00eas Copa do Rei (2015, 2016 e 2017), al\u00e9m de uma Champions League (2015) e um Mundial de Clubes (2015).<\/p>\n\n\n\n<ul class=\"wp-block-list\">\n<li><strong>PSG (2017 a 2023)<\/strong>\n<ul class=\"wp-block-list\">\n<li>Jogos: 173<\/li>\n\n\n\n<li>Gols: 118<\/li>\n\n\n\n<li>Assist\u00eancias: 77<\/li>\n\n\n\n<li>T\u00edtulos: 13 \u2013 Campeonato Franc\u00eas (2018, 2019, 2020, 2022 e 2023), Copa da Fran\u00e7a (2018, 2020 e 2021), Supercopa da Fran\u00e7a (2018, 2020 e 2022) e Copa da Liga Francesa (2018 e 2020)<\/li>\n<\/ul>\n<\/li>\n<\/ul>\n\n\n\n<p>Neymar chegou ao Paris Saint-Germain em agosto de 2017, movido pela busca de conquistas e pelo seu objetivo pessoal de se tornar o melhor jogador do planeta. A primeira etapa foi conclu\u00edda com 13 conquistas durante sua estadia l\u00e1. Com um clube dominante a n\u00edvel nacional, n\u00e3o foi propriamente desafiador conquistar cinco Ligue 1, at\u00e9 2023. <\/p>\n\n\n\n<p>Adicionalmente, conquistou tr\u00eas edi\u00e7\u00f5es da Copa da Fran\u00e7a (2018, 2020 e 2021), duas edi\u00e7\u00f5es da Copa da Liga Francesa (2018 e 2020) e tr\u00eas Supercopas da Fran\u00e7a (2018, 2020 e 2022). O ent\u00e3o atleta mais caro do planeta, vendido por 222 milh\u00f5es de euros, tinha ainda o desejo de conceder ao clube a in\u00e9dita Champions League. Em 2020, levou o time \u00e0 final, mas foi derrotado pelo Bayern de Munique.<\/p>\n\n\n\n<p>No PSG, Neymar demonstrou uma nova personalidade em campo, atuando menos concentrado na ponta esquerda e assumindo a fun\u00e7\u00e3o de um aut\u00eantico camisa 10. O mapa de calor a seguir, disponibilizado pela Sofascore, ilustra a maneira como o brasileiro se movia da extremidade para o centro, entrando frequentemente na zona de finaliza\u00e7\u00e3o.<\/p>\n\n\n\n<p>No Barcelona, Neymar se concentrava mais na ponta esquerda, criando oportunidades perto da linha de fundo, enquanto Messi e Su\u00e1rez se concentravam mais na regi\u00e3o central.<\/p>\n\n\n\n<p>Na conversa com Rom\u00e1rio, Neymar explicar\u00e1 por que v\u00ea sua passagem pelo PSG como o ponto alto t\u00e9cnico de sua trajet\u00f3ria profissional.<\/p>\n","protected":false},"excerpt":{"rendered":"<p>Neymar diz ter vivido auge no PSG Neymar ganhou os principais trof\u00e9us de sua carreira jogando por Santos e Barcelona. No entanto, em uma entrevista ao ex-atacante Rom\u00e1rio que ser\u00e1 transmitida nesta quinta-feira, 16, afirmou ter atingido seu \u00e1pice t\u00e9cnico no per\u00edodo em que defendeu o Paris Saint-Germain, de 2017 a 2023. No bate-papo inaugural [&hellip;]<\/p>\n","protected":false},"author":16,"featured_media":147894,"comment_status":"open","ping_status":"closed","sticky":false,"template":"","format":"standard","meta":{"footnotes":""},"categories":[102,139],"tags":[],"class_list":["post-213877","post","type-post","status-publish","format-standard","has-post-thumbnail","hentry","category-psg","category-santos"],"yoast_head":"<!-- This site is optimized with the Yoast SEO Premium plugin v24.2 (Yoast SEO v26.9) - https:\/\/yoast.com\/product\/yoast-seo-premium-wordpress\/ -->\n<title>Declara\u00e7\u00e3o de Neymar ganha repercuss\u00e3o nas redes sociais<\/title>\n<meta name=\"robots\" content=\"index, follow, max-snippet:-1, max-image-preview:large, max-video-preview:-1\" \/>\n<link rel=\"canonical\" href=\"https:\/\/www.gaveanews.com\/index.php\/2025\/01\/17\/declaracao-de-neymar-ganha-repercussao-nas-redes-sociais\/\" \/>\n<meta property=\"og:locale\" content=\"pt_BR\" \/>\n<meta property=\"og:type\" content=\"article\" \/>\n<meta property=\"og:title\" content=\"Declara\u00e7\u00e3o de Neymar ganha repercuss\u00e3o nas redes sociais\" \/>\n<meta property=\"og:description\" content=\"Neymar diz ter vivido auge no PSG Neymar ganhou os principais trof\u00e9us de sua carreira jogando por Santos e Barcelona. No entanto, em uma entrevista ao ex-atacante Rom\u00e1rio que ser\u00e1 transmitida nesta quinta-feira, 16, afirmou ter atingido seu \u00e1pice t\u00e9cnico no per\u00edodo em que defendeu o Paris Saint-Germain, de 2017 a 2023. No bate-papo inaugural [&hellip;]\" \/>\n<meta property=\"og:url\" content=\"https:\/\/www.gaveanews.com\/index.php\/2025\/01\/17\/declaracao-de-neymar-ganha-repercussao-nas-redes-sociais\/\" \/>\n<meta property=\"og:site_name\" content=\"G\u00e1vea News\" \/>\n<meta property=\"article:publisher\" content=\"https:\/\/facebook.com\/gaveaNews\/\" \/>\n<meta property=\"article:published_time\" content=\"2025-01-17T14:15:59+00:00\" \/>\n<meta property=\"og:image\" content=\"http:\/\/www.gaveanews.com\/wp-content\/uploads\/Neymar-em-acao-pelo-Selecao-Brasileira.webp\" \/>\n\t<meta property=\"og:image:width\" content=\"1295\" \/>\n\t<meta property=\"og:image:height\" content=\"863\" \/>\n\t<meta property=\"og:image:type\" content=\"image\/webp\" \/>\n<meta name=\"author\" content=\"D\u00e9bora Figueiredo\" \/>\n<meta name=\"twitter:card\" content=\"summary_large_image\" \/>\n<meta name=\"twitter:label1\" content=\"Escrito por\" \/>\n\t<meta name=\"twitter:data1\" content=\"D\u00e9bora Figueiredo\" \/>\n\t<meta name=\"twitter:label2\" content=\"Est. tempo de leitura\" \/>\n\t<meta name=\"twitter:data2\" content=\"5 minutos\" \/>\n<script type=\"application\/ld+json\" class=\"yoast-schema-graph\">{\"@context\":\"https:\/\/schema.org\",\"@graph\":[{\"@type\":\"NewsArticle\",\"@id\":\"https:\/\/www.gaveanews.com\/index.php\/2025\/01\/17\/declaracao-de-neymar-ganha-repercussao-nas-redes-sociais\/#article\",\"isPartOf\":{\"@id\":\"https:\/\/www.gaveanews.com\/index.php\/2025\/01\/17\/declaracao-de-neymar-ganha-repercussao-nas-redes-sociais\/\"},\"author\":{\"name\":\"D\u00e9bora Figueiredo\",\"@id\":\"https:\/\/www.gaveanews.com\/#\/schema\/person\/37122681a8575a5c8db05a56f099a5e4\"},\"headline\":\"Declara\u00e7\u00e3o de Neymar ganha repercuss\u00e3o nas redes sociais\",\"datePublished\":\"2025-01-17T14:15:59+00:00\",\"mainEntityOfPage\":{\"@id\":\"https:\/\/www.gaveanews.com\/index.php\/2025\/01\/17\/declaracao-de-neymar-ganha-repercussao-nas-redes-sociais\/\"},\"wordCount\":690,\"commentCount\":0,\"image\":{\"@id\":\"https:\/\/www.gaveanews.com\/index.php\/2025\/01\/17\/declaracao-de-neymar-ganha-repercussao-nas-redes-sociais\/#primaryimage\"},\"thumbnailUrl\":\"https:\/\/www.gaveanews.com\/wp-content\/uploads\/Neymar-em-acao-pelo-Selecao-Brasileira.webp\",\"articleSection\":[\"PSG\",\"Santos\"],\"inLanguage\":\"pt-BR\",\"potentialAction\":[{\"@type\":\"CommentAction\",\"name\":\"Comment\",\"target\":[\"https:\/\/www.gaveanews.com\/index.php\/2025\/01\/17\/declaracao-de-neymar-ganha-repercussao-nas-redes-sociais\/#respond\"]}],\"copyrightYear\":\"2025\",\"copyrightHolder\":{\"@id\":\"https:\/\/www.gaveanews.com\/#organization\"}},{\"@type\":\"WebPage\",\"@id\":\"https:\/\/www.gaveanews.com\/index.php\/2025\/01\/17\/declaracao-de-neymar-ganha-repercussao-nas-redes-sociais\/\",\"url\":\"https:\/\/www.gaveanews.com\/index.php\/2025\/01\/17\/declaracao-de-neymar-ganha-repercussao-nas-redes-sociais\/\",\"name\":\"Declara\u00e7\u00e3o de Neymar ganha repercuss\u00e3o nas redes sociais\",\"isPartOf\":{\"@id\":\"https:\/\/www.gaveanews.com\/#website\"},\"primaryImageOfPage\":{\"@id\":\"https:\/\/www.gaveanews.com\/index.php\/2025\/01\/17\/declaracao-de-neymar-ganha-repercussao-nas-redes-sociais\/#primaryimage\"},\"image\":{\"@id\":\"https:\/\/www.gaveanews.com\/index.php\/2025\/01\/17\/declaracao-de-neymar-ganha-repercussao-nas-redes-sociais\/#primaryimage\"},\"thumbnailUrl\":\"https:\/\/www.gaveanews.com\/wp-content\/uploads\/Neymar-em-acao-pelo-Selecao-Brasileira.webp\",\"datePublished\":\"2025-01-17T14:15:59+00:00\",\"author\":{\"@id\":\"https:\/\/www.gaveanews.com\/#\/schema\/person\/37122681a8575a5c8db05a56f099a5e4\"},\"breadcrumb\":{\"@id\":\"https:\/\/www.gaveanews.com\/index.php\/2025\/01\/17\/declaracao-de-neymar-ganha-repercussao-nas-redes-sociais\/#breadcrumb\"},\"inLanguage\":\"pt-BR\",\"potentialAction\":[{\"@type\":\"ReadAction\",\"target\":[\"https:\/\/www.gaveanews.com\/index.php\/2025\/01\/17\/declaracao-de-neymar-ganha-repercussao-nas-redes-sociais\/\"]}]},{\"@type\":\"ImageObject\",\"inLanguage\":\"pt-BR\",\"@id\":\"https:\/\/www.gaveanews.com\/index.php\/2025\/01\/17\/declaracao-de-neymar-ganha-repercussao-nas-redes-sociais\/#primaryimage\",\"url\":\"https:\/\/www.gaveanews.com\/wp-content\/uploads\/Neymar-em-acao-pelo-Selecao-Brasileira.webp\",\"contentUrl\":\"https:\/\/www.gaveanews.com\/wp-content\/uploads\/Neymar-em-acao-pelo-Selecao-Brasileira.webp\",\"width\":1295,\"height\":863,\"caption\":\"Neymar em a\u00e7\u00e3o pelo Sele\u00e7\u00e3o Brasileira (Foto: Reprodu\u00e7\u00e3o\/Instagram)\"},{\"@type\":\"BreadcrumbList\",\"@id\":\"https:\/\/www.gaveanews.com\/index.php\/2025\/01\/17\/declaracao-de-neymar-ganha-repercussao-nas-redes-sociais\/#breadcrumb\",\"itemListElement\":[{\"@type\":\"ListItem\",\"position\":1,\"name\":\"Home\",\"item\":\"https:\/\/www.gaveanews.com\/\"},{\"@type\":\"ListItem\",\"position\":2,\"name\":\"Declara\u00e7\u00e3o de Neymar ganha repercuss\u00e3o nas redes sociais\"}]},{\"@type\":\"WebSite\",\"@id\":\"https:\/\/www.gaveanews.com\/#website\",\"url\":\"https:\/\/www.gaveanews.com\/\",\"name\":\"G\u00e1vea News\",\"description\":\"Veja todas as not\u00edcias sobre o Flamengo: Contrata\u00e7\u00f5es, categorias de base, resultados das partidas, tabela de classifica\u00e7\u00e3o, pr\u00f3ximos jogos!\",\"potentialAction\":[{\"@type\":\"SearchAction\",\"target\":{\"@type\":\"EntryPoint\",\"urlTemplate\":\"https:\/\/www.gaveanews.com\/?s={search_term_string}\"},\"query-input\":{\"@type\":\"PropertyValueSpecification\",\"valueRequired\":true,\"valueName\":\"search_term_string\"}}],\"inLanguage\":\"pt-BR\"},{\"@type\":\"Person\",\"@id\":\"https:\/\/www.gaveanews.com\/#\/schema\/person\/37122681a8575a5c8db05a56f099a5e4\",\"name\":\"D\u00e9bora Figueiredo\",\"image\":{\"@type\":\"ImageObject\",\"inLanguage\":\"pt-BR\",\"@id\":\"https:\/\/www.gaveanews.com\/#\/schema\/person\/image\/\",\"url\":\"https:\/\/secure.gravatar.com\/avatar\/1f44802859351588499d26f52aed1d15796ce17e67602895b72837c08018868d?s=96&d=mm&r=g\",\"contentUrl\":\"https:\/\/secure.gravatar.com\/avatar\/1f44802859351588499d26f52aed1d15796ce17e67602895b72837c08018868d?s=96&d=mm&r=g\",\"caption\":\"D\u00e9bora Figueiredo\"}}]}<\/script>\n<!-- \/ Yoast SEO Premium plugin. -->","yoast_head_json":{"title":"Declara\u00e7\u00e3o de Neymar ganha repercuss\u00e3o nas redes sociais","robots":{"index":"index","follow":"follow","max-snippet":"max-snippet:-1","max-image-preview":"max-image-preview:large","max-video-preview":"max-video-preview:-1"},"canonical":"https:\/\/www.gaveanews.com\/index.php\/2025\/01\/17\/declaracao-de-neymar-ganha-repercussao-nas-redes-sociais\/","og_locale":"pt_BR","og_type":"article","og_title":"Declara\u00e7\u00e3o de Neymar ganha repercuss\u00e3o nas redes sociais","og_description":"Neymar diz ter vivido auge no PSG Neymar ganhou os principais trof\u00e9us de sua carreira jogando por Santos e Barcelona. No entanto, em uma entrevista ao ex-atacante Rom\u00e1rio que ser\u00e1 transmitida nesta quinta-feira, 16, afirmou ter atingido seu \u00e1pice t\u00e9cnico no per\u00edodo em que defendeu o Paris Saint-Germain, de 2017 a 2023. No bate-papo inaugural [&hellip;]","og_url":"https:\/\/www.gaveanews.com\/index.php\/2025\/01\/17\/declaracao-de-neymar-ganha-repercussao-nas-redes-sociais\/","og_site_name":"G\u00e1vea News","article_publisher":"https:\/\/facebook.com\/gaveaNews\/","article_published_time":"2025-01-17T14:15:59+00:00","og_image":[{"width":1295,"height":863,"url":"http:\/\/www.gaveanews.com\/wp-content\/uploads\/Neymar-em-acao-pelo-Selecao-Brasileira.webp","type":"image\/webp"}],"author":"D\u00e9bora Figueiredo","twitter_card":"summary_large_image","twitter_misc":{"Escrito por":"D\u00e9bora Figueiredo","Est. tempo de leitura":"5 minutos"},"schema":{"@context":"https:\/\/schema.org","@graph":[{"@type":"NewsArticle","@id":"https:\/\/www.gaveanews.com\/index.php\/2025\/01\/17\/declaracao-de-neymar-ganha-repercussao-nas-redes-sociais\/#article","isPartOf":{"@id":"https:\/\/www.gaveanews.com\/index.php\/2025\/01\/17\/declaracao-de-neymar-ganha-repercussao-nas-redes-sociais\/"},"author":{"name":"D\u00e9bora Figueiredo","@id":"https:\/\/www.gaveanews.com\/#\/schema\/person\/37122681a8575a5c8db05a56f099a5e4"},"headline":"Declara\u00e7\u00e3o de Neymar ganha repercuss\u00e3o nas redes sociais","datePublished":"2025-01-17T14:15:59+00:00","mainEntityOfPage":{"@id":"https:\/\/www.gaveanews.com\/index.php\/2025\/01\/17\/declaracao-de-neymar-ganha-repercussao-nas-redes-sociais\/"},"wordCount":690,"commentCount":0,"image":{"@id":"https:\/\/www.gaveanews.com\/index.php\/2025\/01\/17\/declaracao-de-neymar-ganha-repercussao-nas-redes-sociais\/#primaryimage"},"thumbnailUrl":"https:\/\/www.gaveanews.com\/wp-content\/uploads\/Neymar-em-acao-pelo-Selecao-Brasileira.webp","articleSection":["PSG","Santos"],"inLanguage":"pt-BR","potentialAction":[{"@type":"CommentAction","name":"Comment","target":["https:\/\/www.gaveanews.com\/index.php\/2025\/01\/17\/declaracao-de-neymar-ganha-repercussao-nas-redes-sociais\/#respond"]}],"copyrightYear":"2025","copyrightHolder":{"@id":"https:\/\/www.gaveanews.com\/#organization"}},{"@type":"WebPage","@id":"https:\/\/www.gaveanews.com\/index.php\/2025\/01\/17\/declaracao-de-neymar-ganha-repercussao-nas-redes-sociais\/","url":"https:\/\/www.gaveanews.com\/index.php\/2025\/01\/17\/declaracao-de-neymar-ganha-repercussao-nas-redes-sociais\/","name":"Declara\u00e7\u00e3o de Neymar ganha repercuss\u00e3o nas redes sociais","isPartOf":{"@id":"https:\/\/www.gaveanews.com\/#website"},"primaryImageOfPage":{"@id":"https:\/\/www.gaveanews.com\/index.php\/2025\/01\/17\/declaracao-de-neymar-ganha-repercussao-nas-redes-sociais\/#primaryimage"},"image":{"@id":"https:\/\/www.gaveanews.com\/index.php\/2025\/01\/17\/declaracao-de-neymar-ganha-repercussao-nas-redes-sociais\/#primaryimage"},"thumbnailUrl":"https:\/\/www.gaveanews.com\/wp-content\/uploads\/Neymar-em-acao-pelo-Selecao-Brasileira.webp","datePublished":"2025-01-17T14:15:59+00:00","author":{"@id":"https:\/\/www.gaveanews.com\/#\/schema\/person\/37122681a8575a5c8db05a56f099a5e4"},"breadcrumb":{"@id":"https:\/\/www.gaveanews.com\/index.php\/2025\/01\/17\/declaracao-de-neymar-ganha-repercussao-nas-redes-sociais\/#breadcrumb"},"inLanguage":"pt-BR","potentialAction":[{"@type":"ReadAction","target":["https:\/\/www.gaveanews.com\/index.php\/2025\/01\/17\/declaracao-de-neymar-ganha-repercussao-nas-redes-sociais\/"]}]},{"@type":"ImageObject","inLanguage":"pt-BR","@id":"https:\/\/www.gaveanews.com\/index.php\/2025\/01\/17\/declaracao-de-neymar-ganha-repercussao-nas-redes-sociais\/#primaryimage","url":"https:\/\/www.gaveanews.com\/wp-content\/uploads\/Neymar-em-acao-pelo-Selecao-Brasileira.webp","contentUrl":"https:\/\/www.gaveanews.com\/wp-content\/uploads\/Neymar-em-acao-pelo-Selecao-Brasileira.webp","width":1295,"height":863,"caption":"Neymar em a\u00e7\u00e3o pelo Sele\u00e7\u00e3o Brasileira (Foto: Reprodu\u00e7\u00e3o\/Instagram)"},{"@type":"BreadcrumbList","@id":"https:\/\/www.gaveanews.com\/index.php\/2025\/01\/17\/declaracao-de-neymar-ganha-repercussao-nas-redes-sociais\/#breadcrumb","itemListElement":[{"@type":"ListItem","position":1,"name":"Home","item":"https:\/\/www.gaveanews.com\/"},{"@type":"ListItem","position":2,"name":"Declara\u00e7\u00e3o de Neymar ganha repercuss\u00e3o nas redes sociais"}]},{"@type":"WebSite","@id":"https:\/\/www.gaveanews.com\/#website","url":"https:\/\/www.gaveanews.com\/","name":"G\u00e1vea News","description":"Veja todas as not\u00edcias sobre o Flamengo: Contrata\u00e7\u00f5es, categorias de base, resultados das partidas, tabela de classifica\u00e7\u00e3o, pr\u00f3ximos jogos!","potentialAction":[{"@type":"SearchAction","target":{"@type":"EntryPoint","urlTemplate":"https:\/\/www.gaveanews.com\/?s={search_term_string}"},"query-input":{"@type":"PropertyValueSpecification","valueRequired":true,"valueName":"search_term_string"}}],"inLanguage":"pt-BR"},{"@type":"Person","@id":"https:\/\/www.gaveanews.com\/#\/schema\/person\/37122681a8575a5c8db05a56f099a5e4","name":"D\u00e9bora Figueiredo","image":{"@type":"ImageObject","inLanguage":"pt-BR","@id":"https:\/\/www.gaveanews.com\/#\/schema\/person\/image\/","url":"https:\/\/secure.gravatar.com\/avatar\/1f44802859351588499d26f52aed1d15796ce17e67602895b72837c08018868d?s=96&d=mm&r=g","contentUrl":"https:\/\/secure.gravatar.com\/avatar\/1f44802859351588499d26f52aed1d15796ce17e67602895b72837c08018868d?s=96&d=mm&r=g","caption":"D\u00e9bora Figueiredo"}}]}},"_links":{"self":[{"href":"https:\/\/www.gaveanews.com\/index.php\/wp-json\/wp\/v2\/posts\/213877","targetHints":{"allow":["GET"]}}],"collection":[{"href":"https:\/\/www.gaveanews.com\/index.php\/wp-json\/wp\/v2\/posts"}],"about":[{"href":"https:\/\/www.gaveanews.com\/index.php\/wp-json\/wp\/v2\/types\/post"}],"author":[{"embeddable":true,"href":"https:\/\/www.gaveanews.com\/index.php\/wp-json\/wp\/v2\/users\/16"}],"replies":[{"embeddable":true,"href":"https:\/\/www.gaveanews.com\/index.php\/wp-json\/wp\/v2\/comments?post=213877"}],"version-history":[{"count":2,"href":"https:\/\/www.gaveanews.com\/index.php\/wp-json\/wp\/v2\/posts\/213877\/revisions"}],"predecessor-version":[{"id":213907,"href":"https:\/\/www.gaveanews.com\/index.php\/wp-json\/wp\/v2\/posts\/213877\/revisions\/213907"}],"wp:featuredmedia":[{"embeddable":true,"href":"https:\/\/www.gaveanews.com\/index.php\/wp-json\/wp\/v2\/media\/147894"}],"wp:attachment":[{"href":"https:\/\/www.gaveanews.com\/index.php\/wp-json\/wp\/v2\/media?parent=213877"}],"wp:term":[{"taxonomy":"category","embeddable":true,"href":"https:\/\/www.gaveanews.com\/index.php\/wp-json\/wp\/v2\/categories?post=213877"},{"taxonomy":"post_tag","embeddable":true,"href":"https:\/\/www.gaveanews.com\/index.php\/wp-json\/wp\/v2\/tags?post=213877"}],"curies":[{"name":"wp","href":"https:\/\/api.w.org\/{rel}","templated":true}]}}