{"id":213917,"date":"2025-01-17T12:36:50","date_gmt":"2025-01-17T15:36:50","guid":{"rendered":"https:\/\/www.gaveanews.com\/?p=213917"},"modified":"2025-01-17T12:36:53","modified_gmt":"2025-01-17T15:36:53","slug":"palmeiras-a-declaracao-de-leila-direcionada-a-dudu-do-cruzeiro","status":"publish","type":"post","link":"https:\/\/www.gaveanews.com\/index.php\/2025\/01\/17\/palmeiras-a-declaracao-de-leila-direcionada-a-dudu-do-cruzeiro\/","title":{"rendered":"Palmeiras: a declara\u00e7\u00e3o de Leila direcionada a Dudu, do Cruzeiro"},"content":{"rendered":"\n<p>A presidente do clube Palmeiras, Leila Pereira, foi novamente questionada sobre o processo que pretende mover contra o ex atacante do Verd\u00e3o, Dudu, que agora pertence ao Cruzeiro, por conta das ofensas recebidas nas redes sociais, ela tamb\u00e9m detalhou o porque da sua decis\u00e3o de encaminhar o caso \u00e0 Justi\u00e7a. <\/p>\n\n\n\n<ul class=\"wp-block-list\">\n<li><a href=\"https:\/\/www.gaveanews.com\/index.php\/2025\/01\/17\/palmeiras-a-declaracao-de-leila-pereira-sobre-andreas-pereira\/\">Palmeiras: a declara\u00e7\u00e3o de Leila Pereira sobre Andreas Pereira<\/a><\/li>\n\n\n\n<li><a href=\"https:\/\/www.gaveanews.com\/index.php\/2025\/01\/17\/ele-pode-deixar-o-palmeiras-para-assinar-com-o-sao-paulo\/\">Ele pode deixar o Palmeiras para assinar com o S\u00e3o Paulo<\/a><\/li>\n<\/ul>\n\n\n\n<p>&#8220;Ele foi muito grosseiro, isso \u00e9 imperdo\u00e1vel. Ele vai ser processado na esfera criminal e c\u00edvel. At\u00e9 acredito que esse tipo de atitude contra a minha pessoa foi porque eu sou uma mulher. As pessoas v\u00e3o dizer que estou exagerando, mas n\u00e3o estou exagerando.&#8221; &#8211; afirmou a mandat\u00e1ria do Alviverde Paulista ao sportv.<\/p>\n\n\n\n<h2 class=\"wp-block-heading\" id=\"h-leila-continuou-a-falar-sobre-o-caso\">Leila continuou a falar sobre o caso<\/h2>\n\n\n\n<p>&#8220;Nunca vi atleta ou ex-atleta se dirigir a um presidente homem dessa forma que ele se dirigiu a mim. Que sirva de recado para ele e para qualquer um. N\u00e3o poderia fazer isso com ningu\u00e9m. Eu sei bater muito forte, tamb\u00e9m, mas de forma civilizada. Que sirva de exemplo para outras mulheres. Se fosse um homem ele n\u00e3o teria coragem de fazer isso como nunca houve na hist\u00f3ria do futebol brasileiro&#8221; \u2013 acrescentou.<\/p>\n\n\n\n<h2 class=\"wp-block-heading\" id=\"h-motivo-da-discussao\">Motivo da discuss\u00e3o <\/h2>\n\n\n\n<p>O in\u00edcio de toda a troca de acusa\u00e7\u00f5es entre Leila e Dudu aconteceu na \u00faltima segunda-feira (13). Durante o evento de an\u00fancio do novo patrocinador m\u00e1ster do Palmeiras, a presidente Leila, fez cr\u00edticas ao atacante, afirmando que ele teria deixado o clube &#8220;pela porta dos fundos&#8221;. Horas depois,\u00a0o &#8216;\u00eddolo palmeirense&#8217; utilizou as redes sociais para responder as falas da Leila.<\/p>\n\n\n\n<p>O jogador publicou: &#8220;Minha hist\u00f3ria foi gigante e sincera, diferente da sua senhora Leila Pereira (marcando o perfil da presidente). Me esquece. VTNC&#8221; \u2013 escreveu. A sigla &#8220;VTNC&#8221; \u00e9 a abrevia\u00e7\u00e3o do xingamento &#8220;Vai tomar no&#8230;&#8221;. No dia seguinte, Dudu comentou em uma postagem nas redes sociais que ela era &#8220;falsa&#8221; e a mandat\u00e1ria tomou a decis\u00e3o de processar o ex palmeiras.<\/p>\n\n\n\n<p>A presidente do Palmeiras, entende que a conduta de Dudu foi agressiva e tamb\u00e9m muito machista, pois segundo ela, se um homem dissesse as mesmas coisas, o jogador n\u00e3o teria respondido com essa falta de respeito. Ela garante que em nenhum momento ofendeu o Dudu, apenas fez uma cr\u00edtica pela forma em que o jogador saiu do clube paulista, e chegou a comparar a sa\u00edda dele com a de Roni.<\/p>\n","protected":false},"excerpt":{"rendered":"<p>A presidente do clube Palmeiras, Leila Pereira, foi novamente questionada sobre o processo que pretende mover contra o ex atacante do Verd\u00e3o, Dudu, que agora pertence ao Cruzeiro, por conta das ofensas recebidas nas redes sociais, ela tamb\u00e9m detalhou o porque da sua decis\u00e3o de encaminhar o caso \u00e0 Justi\u00e7a. &#8220;Ele foi muito grosseiro, isso [&hellip;]<\/p>\n","protected":false},"author":31,"featured_media":142474,"comment_status":"open","ping_status":"closed","sticky":false,"template":"","format":"standard","meta":{"footnotes":""},"categories":[150],"tags":[],"class_list":["post-213917","post","type-post","status-publish","format-standard","has-post-thumbnail","hentry","category-palmeiras"],"yoast_head":"<!-- This site is optimized with the Yoast SEO Premium plugin v24.2 (Yoast SEO v26.9) - https:\/\/yoast.com\/product\/yoast-seo-premium-wordpress\/ -->\n<title>Palmeiras: a declara\u00e7\u00e3o de Leila direcionada a Dudu, do Cruzeiro<\/title>\n<meta name=\"robots\" content=\"index, follow, max-snippet:-1, max-image-preview:large, max-video-preview:-1\" \/>\n<link rel=\"canonical\" href=\"https:\/\/www.gaveanews.com\/index.php\/2025\/01\/17\/palmeiras-a-declaracao-de-leila-direcionada-a-dudu-do-cruzeiro\/\" \/>\n<meta property=\"og:locale\" content=\"pt_BR\" \/>\n<meta property=\"og:type\" content=\"article\" \/>\n<meta property=\"og:title\" content=\"Palmeiras: a declara\u00e7\u00e3o de Leila direcionada a Dudu, do Cruzeiro\" \/>\n<meta property=\"og:description\" content=\"A presidente do clube Palmeiras, Leila Pereira, foi novamente questionada sobre o processo que pretende mover contra o ex atacante do Verd\u00e3o, Dudu, que agora pertence ao Cruzeiro, por conta das ofensas recebidas nas redes sociais, ela tamb\u00e9m detalhou o porque da sua decis\u00e3o de encaminhar o caso \u00e0 Justi\u00e7a. &#8220;Ele foi muito grosseiro, isso [&hellip;]\" \/>\n<meta property=\"og:url\" content=\"https:\/\/www.gaveanews.com\/index.php\/2025\/01\/17\/palmeiras-a-declaracao-de-leila-direcionada-a-dudu-do-cruzeiro\/\" \/>\n<meta property=\"og:site_name\" content=\"G\u00e1vea News\" \/>\n<meta property=\"article:publisher\" content=\"https:\/\/facebook.com\/gaveaNews\/\" \/>\n<meta property=\"article:published_time\" content=\"2025-01-17T15:36:50+00:00\" \/>\n<meta property=\"article:modified_time\" content=\"2025-01-17T15:36:53+00:00\" \/>\n<meta property=\"og:image\" content=\"https:\/\/www.gaveanews.com\/wp-content\/uploads\/A-presidente-Leila-Pereira-da-SE-Palmeiras-durante-coletiva-de-imprensa-na-Academia-de-Futebol-2-696x385-1.webp\" \/>\n\t<meta property=\"og:image:width\" content=\"696\" \/>\n\t<meta property=\"og:image:height\" content=\"385\" \/>\n\t<meta property=\"og:image:type\" content=\"image\/webp\" \/>\n<meta name=\"author\" content=\"Michel Camargo\" \/>\n<meta name=\"twitter:card\" content=\"summary_large_image\" \/>\n<meta name=\"twitter:label1\" content=\"Escrito por\" \/>\n\t<meta name=\"twitter:data1\" content=\"Michel Camargo\" \/>\n\t<meta name=\"twitter:label2\" content=\"Est. tempo de leitura\" \/>\n\t<meta name=\"twitter:data2\" content=\"3 minutos\" \/>\n<script type=\"application\/ld+json\" class=\"yoast-schema-graph\">{\"@context\":\"https:\/\/schema.org\",\"@graph\":[{\"@type\":\"NewsArticle\",\"@id\":\"https:\/\/www.gaveanews.com\/index.php\/2025\/01\/17\/palmeiras-a-declaracao-de-leila-direcionada-a-dudu-do-cruzeiro\/#article\",\"isPartOf\":{\"@id\":\"https:\/\/www.gaveanews.com\/index.php\/2025\/01\/17\/palmeiras-a-declaracao-de-leila-direcionada-a-dudu-do-cruzeiro\/\"},\"author\":{\"name\":\"Michel Camargo\",\"@id\":\"https:\/\/www.gaveanews.com\/#\/schema\/person\/6f5583f09aa4bcc9866a7360b5604486\"},\"headline\":\"Palmeiras: a declara\u00e7\u00e3o de Leila direcionada a Dudu, do Cruzeiro\",\"datePublished\":\"2025-01-17T15:36:50+00:00\",\"dateModified\":\"2025-01-17T15:36:53+00:00\",\"mainEntityOfPage\":{\"@id\":\"https:\/\/www.gaveanews.com\/index.php\/2025\/01\/17\/palmeiras-a-declaracao-de-leila-direcionada-a-dudu-do-cruzeiro\/\"},\"wordCount\":434,\"commentCount\":0,\"image\":{\"@id\":\"https:\/\/www.gaveanews.com\/index.php\/2025\/01\/17\/palmeiras-a-declaracao-de-leila-direcionada-a-dudu-do-cruzeiro\/#primaryimage\"},\"thumbnailUrl\":\"https:\/\/www.gaveanews.com\/wp-content\/uploads\/A-presidente-Leila-Pereira-da-SE-Palmeiras-durante-coletiva-de-imprensa-na-Academia-de-Futebol-2-696x385-1.webp\",\"articleSection\":[\"Palmeiras\"],\"inLanguage\":\"pt-BR\",\"potentialAction\":[{\"@type\":\"CommentAction\",\"name\":\"Comment\",\"target\":[\"https:\/\/www.gaveanews.com\/index.php\/2025\/01\/17\/palmeiras-a-declaracao-de-leila-direcionada-a-dudu-do-cruzeiro\/#respond\"]}],\"copyrightYear\":\"2025\",\"copyrightHolder\":{\"@id\":\"https:\/\/www.gaveanews.com\/#organization\"}},{\"@type\":\"WebPage\",\"@id\":\"https:\/\/www.gaveanews.com\/index.php\/2025\/01\/17\/palmeiras-a-declaracao-de-leila-direcionada-a-dudu-do-cruzeiro\/\",\"url\":\"https:\/\/www.gaveanews.com\/index.php\/2025\/01\/17\/palmeiras-a-declaracao-de-leila-direcionada-a-dudu-do-cruzeiro\/\",\"name\":\"Palmeiras: a declara\u00e7\u00e3o de Leila direcionada a Dudu, do Cruzeiro\",\"isPartOf\":{\"@id\":\"https:\/\/www.gaveanews.com\/#website\"},\"primaryImageOfPage\":{\"@id\":\"https:\/\/www.gaveanews.com\/index.php\/2025\/01\/17\/palmeiras-a-declaracao-de-leila-direcionada-a-dudu-do-cruzeiro\/#primaryimage\"},\"image\":{\"@id\":\"https:\/\/www.gaveanews.com\/index.php\/2025\/01\/17\/palmeiras-a-declaracao-de-leila-direcionada-a-dudu-do-cruzeiro\/#primaryimage\"},\"thumbnailUrl\":\"https:\/\/www.gaveanews.com\/wp-content\/uploads\/A-presidente-Leila-Pereira-da-SE-Palmeiras-durante-coletiva-de-imprensa-na-Academia-de-Futebol-2-696x385-1.webp\",\"datePublished\":\"2025-01-17T15:36:50+00:00\",\"dateModified\":\"2025-01-17T15:36:53+00:00\",\"author\":{\"@id\":\"https:\/\/www.gaveanews.com\/#\/schema\/person\/6f5583f09aa4bcc9866a7360b5604486\"},\"breadcrumb\":{\"@id\":\"https:\/\/www.gaveanews.com\/index.php\/2025\/01\/17\/palmeiras-a-declaracao-de-leila-direcionada-a-dudu-do-cruzeiro\/#breadcrumb\"},\"inLanguage\":\"pt-BR\",\"potentialAction\":[{\"@type\":\"ReadAction\",\"target\":[\"https:\/\/www.gaveanews.com\/index.php\/2025\/01\/17\/palmeiras-a-declaracao-de-leila-direcionada-a-dudu-do-cruzeiro\/\"]}]},{\"@type\":\"ImageObject\",\"inLanguage\":\"pt-BR\",\"@id\":\"https:\/\/www.gaveanews.com\/index.php\/2025\/01\/17\/palmeiras-a-declaracao-de-leila-direcionada-a-dudu-do-cruzeiro\/#primaryimage\",\"url\":\"https:\/\/www.gaveanews.com\/wp-content\/uploads\/A-presidente-Leila-Pereira-da-SE-Palmeiras-durante-coletiva-de-imprensa-na-Academia-de-Futebol-2-696x385-1.webp\",\"contentUrl\":\"https:\/\/www.gaveanews.com\/wp-content\/uploads\/A-presidente-Leila-Pereira-da-SE-Palmeiras-durante-coletiva-de-imprensa-na-Academia-de-Futebol-2-696x385-1.webp\",\"width\":696,\"height\":385,\"caption\":\"Leila Pereira em coletiva - Foto: Cesar Greco\/Palmeiras\"},{\"@type\":\"BreadcrumbList\",\"@id\":\"https:\/\/www.gaveanews.com\/index.php\/2025\/01\/17\/palmeiras-a-declaracao-de-leila-direcionada-a-dudu-do-cruzeiro\/#breadcrumb\",\"itemListElement\":[{\"@type\":\"ListItem\",\"position\":1,\"name\":\"Home\",\"item\":\"https:\/\/www.gaveanews.com\/\"},{\"@type\":\"ListItem\",\"position\":2,\"name\":\"Palmeiras: a declara\u00e7\u00e3o de Leila direcionada a Dudu, do Cruzeiro\"}]},{\"@type\":\"WebSite\",\"@id\":\"https:\/\/www.gaveanews.com\/#website\",\"url\":\"https:\/\/www.gaveanews.com\/\",\"name\":\"G\u00e1vea News\",\"description\":\"Veja todas as not\u00edcias sobre o Flamengo: Contrata\u00e7\u00f5es, categorias de base, resultados das partidas, tabela de classifica\u00e7\u00e3o, pr\u00f3ximos jogos!\",\"potentialAction\":[{\"@type\":\"SearchAction\",\"target\":{\"@type\":\"EntryPoint\",\"urlTemplate\":\"https:\/\/www.gaveanews.com\/?s={search_term_string}\"},\"query-input\":{\"@type\":\"PropertyValueSpecification\",\"valueRequired\":true,\"valueName\":\"search_term_string\"}}],\"inLanguage\":\"pt-BR\"},{\"@type\":\"Person\",\"@id\":\"https:\/\/www.gaveanews.com\/#\/schema\/person\/6f5583f09aa4bcc9866a7360b5604486\",\"name\":\"Michel Camargo\",\"image\":{\"@type\":\"ImageObject\",\"inLanguage\":\"pt-BR\",\"@id\":\"https:\/\/www.gaveanews.com\/#\/schema\/person\/image\/\",\"url\":\"https:\/\/secure.gravatar.com\/avatar\/59285e68c26a1d55b30461b1bb1cc6534e5c51ef836b39890a73916a1db2d486?s=96&d=mm&r=g\",\"contentUrl\":\"https:\/\/secure.gravatar.com\/avatar\/59285e68c26a1d55b30461b1bb1cc6534e5c51ef836b39890a73916a1db2d486?s=96&d=mm&r=g\",\"caption\":\"Michel Camargo\"}}]}<\/script>\n<!-- \/ Yoast SEO Premium plugin. -->","yoast_head_json":{"title":"Palmeiras: a declara\u00e7\u00e3o de Leila direcionada a Dudu, do Cruzeiro","robots":{"index":"index","follow":"follow","max-snippet":"max-snippet:-1","max-image-preview":"max-image-preview:large","max-video-preview":"max-video-preview:-1"},"canonical":"https:\/\/www.gaveanews.com\/index.php\/2025\/01\/17\/palmeiras-a-declaracao-de-leila-direcionada-a-dudu-do-cruzeiro\/","og_locale":"pt_BR","og_type":"article","og_title":"Palmeiras: a declara\u00e7\u00e3o de Leila direcionada a Dudu, do Cruzeiro","og_description":"A presidente do clube Palmeiras, Leila Pereira, foi novamente questionada sobre o processo que pretende mover contra o ex atacante do Verd\u00e3o, Dudu, que agora pertence ao Cruzeiro, por conta das ofensas recebidas nas redes sociais, ela tamb\u00e9m detalhou o porque da sua decis\u00e3o de encaminhar o caso \u00e0 Justi\u00e7a. &#8220;Ele foi muito grosseiro, isso [&hellip;]","og_url":"https:\/\/www.gaveanews.com\/index.php\/2025\/01\/17\/palmeiras-a-declaracao-de-leila-direcionada-a-dudu-do-cruzeiro\/","og_site_name":"G\u00e1vea News","article_publisher":"https:\/\/facebook.com\/gaveaNews\/","article_published_time":"2025-01-17T15:36:50+00:00","article_modified_time":"2025-01-17T15:36:53+00:00","og_image":[{"width":696,"height":385,"url":"https:\/\/www.gaveanews.com\/wp-content\/uploads\/A-presidente-Leila-Pereira-da-SE-Palmeiras-durante-coletiva-de-imprensa-na-Academia-de-Futebol-2-696x385-1.webp","type":"image\/webp"}],"author":"Michel Camargo","twitter_card":"summary_large_image","twitter_misc":{"Escrito por":"Michel Camargo","Est. tempo de leitura":"3 minutos"},"schema":{"@context":"https:\/\/schema.org","@graph":[{"@type":"NewsArticle","@id":"https:\/\/www.gaveanews.com\/index.php\/2025\/01\/17\/palmeiras-a-declaracao-de-leila-direcionada-a-dudu-do-cruzeiro\/#article","isPartOf":{"@id":"https:\/\/www.gaveanews.com\/index.php\/2025\/01\/17\/palmeiras-a-declaracao-de-leila-direcionada-a-dudu-do-cruzeiro\/"},"author":{"name":"Michel Camargo","@id":"https:\/\/www.gaveanews.com\/#\/schema\/person\/6f5583f09aa4bcc9866a7360b5604486"},"headline":"Palmeiras: a declara\u00e7\u00e3o de Leila direcionada a Dudu, do Cruzeiro","datePublished":"2025-01-17T15:36:50+00:00","dateModified":"2025-01-17T15:36:53+00:00","mainEntityOfPage":{"@id":"https:\/\/www.gaveanews.com\/index.php\/2025\/01\/17\/palmeiras-a-declaracao-de-leila-direcionada-a-dudu-do-cruzeiro\/"},"wordCount":434,"commentCount":0,"image":{"@id":"https:\/\/www.gaveanews.com\/index.php\/2025\/01\/17\/palmeiras-a-declaracao-de-leila-direcionada-a-dudu-do-cruzeiro\/#primaryimage"},"thumbnailUrl":"https:\/\/www.gaveanews.com\/wp-content\/uploads\/A-presidente-Leila-Pereira-da-SE-Palmeiras-durante-coletiva-de-imprensa-na-Academia-de-Futebol-2-696x385-1.webp","articleSection":["Palmeiras"],"inLanguage":"pt-BR","potentialAction":[{"@type":"CommentAction","name":"Comment","target":["https:\/\/www.gaveanews.com\/index.php\/2025\/01\/17\/palmeiras-a-declaracao-de-leila-direcionada-a-dudu-do-cruzeiro\/#respond"]}],"copyrightYear":"2025","copyrightHolder":{"@id":"https:\/\/www.gaveanews.com\/#organization"}},{"@type":"WebPage","@id":"https:\/\/www.gaveanews.com\/index.php\/2025\/01\/17\/palmeiras-a-declaracao-de-leila-direcionada-a-dudu-do-cruzeiro\/","url":"https:\/\/www.gaveanews.com\/index.php\/2025\/01\/17\/palmeiras-a-declaracao-de-leila-direcionada-a-dudu-do-cruzeiro\/","name":"Palmeiras: a declara\u00e7\u00e3o de Leila direcionada a Dudu, do Cruzeiro","isPartOf":{"@id":"https:\/\/www.gaveanews.com\/#website"},"primaryImageOfPage":{"@id":"https:\/\/www.gaveanews.com\/index.php\/2025\/01\/17\/palmeiras-a-declaracao-de-leila-direcionada-a-dudu-do-cruzeiro\/#primaryimage"},"image":{"@id":"https:\/\/www.gaveanews.com\/index.php\/2025\/01\/17\/palmeiras-a-declaracao-de-leila-direcionada-a-dudu-do-cruzeiro\/#primaryimage"},"thumbnailUrl":"https:\/\/www.gaveanews.com\/wp-content\/uploads\/A-presidente-Leila-Pereira-da-SE-Palmeiras-durante-coletiva-de-imprensa-na-Academia-de-Futebol-2-696x385-1.webp","datePublished":"2025-01-17T15:36:50+00:00","dateModified":"2025-01-17T15:36:53+00:00","author":{"@id":"https:\/\/www.gaveanews.com\/#\/schema\/person\/6f5583f09aa4bcc9866a7360b5604486"},"breadcrumb":{"@id":"https:\/\/www.gaveanews.com\/index.php\/2025\/01\/17\/palmeiras-a-declaracao-de-leila-direcionada-a-dudu-do-cruzeiro\/#breadcrumb"},"inLanguage":"pt-BR","potentialAction":[{"@type":"ReadAction","target":["https:\/\/www.gaveanews.com\/index.php\/2025\/01\/17\/palmeiras-a-declaracao-de-leila-direcionada-a-dudu-do-cruzeiro\/"]}]},{"@type":"ImageObject","inLanguage":"pt-BR","@id":"https:\/\/www.gaveanews.com\/index.php\/2025\/01\/17\/palmeiras-a-declaracao-de-leila-direcionada-a-dudu-do-cruzeiro\/#primaryimage","url":"https:\/\/www.gaveanews.com\/wp-content\/uploads\/A-presidente-Leila-Pereira-da-SE-Palmeiras-durante-coletiva-de-imprensa-na-Academia-de-Futebol-2-696x385-1.webp","contentUrl":"https:\/\/www.gaveanews.com\/wp-content\/uploads\/A-presidente-Leila-Pereira-da-SE-Palmeiras-durante-coletiva-de-imprensa-na-Academia-de-Futebol-2-696x385-1.webp","width":696,"height":385,"caption":"Leila Pereira em coletiva - Foto: Cesar Greco\/Palmeiras"},{"@type":"BreadcrumbList","@id":"https:\/\/www.gaveanews.com\/index.php\/2025\/01\/17\/palmeiras-a-declaracao-de-leila-direcionada-a-dudu-do-cruzeiro\/#breadcrumb","itemListElement":[{"@type":"ListItem","position":1,"name":"Home","item":"https:\/\/www.gaveanews.com\/"},{"@type":"ListItem","position":2,"name":"Palmeiras: a declara\u00e7\u00e3o de Leila direcionada a Dudu, do Cruzeiro"}]},{"@type":"WebSite","@id":"https:\/\/www.gaveanews.com\/#website","url":"https:\/\/www.gaveanews.com\/","name":"G\u00e1vea News","description":"Veja todas as not\u00edcias sobre o Flamengo: Contrata\u00e7\u00f5es, categorias de base, resultados das partidas, tabela de classifica\u00e7\u00e3o, pr\u00f3ximos jogos!","potentialAction":[{"@type":"SearchAction","target":{"@type":"EntryPoint","urlTemplate":"https:\/\/www.gaveanews.com\/?s={search_term_string}"},"query-input":{"@type":"PropertyValueSpecification","valueRequired":true,"valueName":"search_term_string"}}],"inLanguage":"pt-BR"},{"@type":"Person","@id":"https:\/\/www.gaveanews.com\/#\/schema\/person\/6f5583f09aa4bcc9866a7360b5604486","name":"Michel Camargo","image":{"@type":"ImageObject","inLanguage":"pt-BR","@id":"https:\/\/www.gaveanews.com\/#\/schema\/person\/image\/","url":"https:\/\/secure.gravatar.com\/avatar\/59285e68c26a1d55b30461b1bb1cc6534e5c51ef836b39890a73916a1db2d486?s=96&d=mm&r=g","contentUrl":"https:\/\/secure.gravatar.com\/avatar\/59285e68c26a1d55b30461b1bb1cc6534e5c51ef836b39890a73916a1db2d486?s=96&d=mm&r=g","caption":"Michel Camargo"}}]}},"_links":{"self":[{"href":"https:\/\/www.gaveanews.com\/index.php\/wp-json\/wp\/v2\/posts\/213917","targetHints":{"allow":["GET"]}}],"collection":[{"href":"https:\/\/www.gaveanews.com\/index.php\/wp-json\/wp\/v2\/posts"}],"about":[{"href":"https:\/\/www.gaveanews.com\/index.php\/wp-json\/wp\/v2\/types\/post"}],"author":[{"embeddable":true,"href":"https:\/\/www.gaveanews.com\/index.php\/wp-json\/wp\/v2\/users\/31"}],"replies":[{"embeddable":true,"href":"https:\/\/www.gaveanews.com\/index.php\/wp-json\/wp\/v2\/comments?post=213917"}],"version-history":[{"count":1,"href":"https:\/\/www.gaveanews.com\/index.php\/wp-json\/wp\/v2\/posts\/213917\/revisions"}],"predecessor-version":[{"id":213940,"href":"https:\/\/www.gaveanews.com\/index.php\/wp-json\/wp\/v2\/posts\/213917\/revisions\/213940"}],"wp:featuredmedia":[{"embeddable":true,"href":"https:\/\/www.gaveanews.com\/index.php\/wp-json\/wp\/v2\/media\/142474"}],"wp:attachment":[{"href":"https:\/\/www.gaveanews.com\/index.php\/wp-json\/wp\/v2\/media?parent=213917"}],"wp:term":[{"taxonomy":"category","embeddable":true,"href":"https:\/\/www.gaveanews.com\/index.php\/wp-json\/wp\/v2\/categories?post=213917"},{"taxonomy":"post_tag","embeddable":true,"href":"https:\/\/www.gaveanews.com\/index.php\/wp-json\/wp\/v2\/tags?post=213917"}],"curies":[{"name":"wp","href":"https:\/\/api.w.org\/{rel}","templated":true}]}}