{"id":213982,"date":"2025-01-17T23:15:00","date_gmt":"2025-01-18T02:15:00","guid":{"rendered":"https:\/\/www.gaveanews.com\/?p=213982"},"modified":"2025-01-17T18:40:30","modified_gmt":"2025-01-17T21:40:30","slug":"palmeiras-flavio-prado-e-sincero-ao-falar-sobre-contratacao-de-andreas-pereira","status":"publish","type":"post","link":"https:\/\/www.gaveanews.com\/index.php\/2025\/01\/17\/palmeiras-flavio-prado-e-sincero-ao-falar-sobre-contratacao-de-andreas-pereira\/","title":{"rendered":"Palmeiras: Fl\u00e1vio Prado \u00e9 sincero ao falar sobre contrata\u00e7\u00e3o de Andreas Pereira"},"content":{"rendered":"\n<p>O jornalista Fl\u00e1vio Prado abriu o jogo sobre a possibilidade da contrata\u00e7\u00e3o de Andreas Pereira pelo Palmeiras. O Verd\u00e3o enviou uma oferta para o Fullham, que tem demorado a responder os pedidos de Leila Pereira, pelo desejo de manter o jogador no elenco do clube Ingl\u00eas.<\/p>\n\n\n\n<ul class=\"wp-block-list\">\n<li><a href=\"https:\/\/www.gaveanews.com\/index.php\/2025\/01\/17\/palmeiras-a-declaracao-de-leila-pereira-sobre-andreas-pereira\/\">Palmeiras: a declara\u00e7\u00e3o de Leila Pereira sobre Andreas Pereira<\/a><\/li>\n\n\n\n<li><a href=\"https:\/\/www.gaveanews.com\/index.php\/2025\/01\/17\/federacao-paulista-promove-alteracao-em-jogo-do-palmeiras\/\">Federa\u00e7\u00e3o Paulista promove altera\u00e7\u00e3o em jogo do Palmeiras<\/a><\/li>\n<\/ul>\n\n\n\n<p>Para Fl\u00e1vio Prado, Andreas Pereira \u00e9 um \u00f3timo jogador e que vale uma investida para t\u00ea-lo no elenco. Entretanto, n\u00e3o a qualquer custo. <\/p>\n\n\n\n<p>\u201cEu gosto do Andreas Pereira, mas n\u00e3o a qualquer pre\u00e7o, n\u00e3o com sacrif\u00edcio absurdo. \u00c9 um jogador interessante, mas n\u00e3o acho crucial. Tem experi\u00eancia, rodagem, at\u00e9 pelo que viveu aqui no futebol brasileiro. Poderia ser \u00fatil, mas n\u00e3o \u00e9 ele que vai mudar o patamar do Palmeiras\u201d, avaliou&nbsp;Fl\u00e1vio Prado.<\/p>\n\n\n\n<p>O jornalista acredita que o Palmeiras tem insistido demais por um jogador ao qual o Fullham claramente n\u00e3o quer se desfazer:<\/p>\n\n\n\n<p>\u201cN\u00e3o h\u00e1 uma empolga\u00e7\u00e3o muito grande do Fulham em se desfazer do jogador. (Andreas) Tem jogado como capit\u00e3o do time, tem jogado um bom futebol. Tenho a impress\u00e3o que vai demorar ainda (a negocia\u00e7\u00e3o) e, se sair, ser\u00e1 s\u00f3 ao final da (temporada da) Premier League\u201d, avaliou Fl\u00e1vio Prado.<\/p>\n\n\n\n<p>\u201cN\u00e3o sei quanto o Palmeiras se disp\u00f5em a pagar, mas n\u00e3o acredito que o Fulham facilite as coisas. Uma contrata\u00e7\u00e3o dif\u00edcil, mas convenhamos que, se o Palmeiras tiver que esperar at\u00e9 o fim da temporada, n\u00e3o tem grandes problemas. N\u00e3o precisa do Andreas Pereira para ganhar o Paulista. As grandes competi\u00e7\u00f5es s\u00f3 come\u00e7am a partir do final da temporada europeia\u201d, concluiu o comentarista.<\/p>\n\n\n\n<h2 class=\"wp-block-heading\" id=\"h-qual-a-proxima-partida-do-palmeiras\">Qual a pr\u00f3xima partida do Palmeiras?<\/h2>\n\n\n\n<p>Na segunda rodada da fase de grupos do&nbsp;Campeonato Paulista de 2025, o&nbsp;Palmeiras&nbsp;enfrenta o&nbsp;Noroeste&nbsp;neste s\u00e1bado (18), no Est\u00e1dio Alfredo de Castilho, em Bauru. A partida est\u00e1 agendada para as 18h30 (de Bras\u00edlia) e ser\u00e1 transmitida pela&nbsp;Caz\u00e9TV&nbsp;(Youtube).&nbsp;<\/p>\n","protected":false},"excerpt":{"rendered":"<p>O jornalista Fl\u00e1vio Prado abriu o jogo sobre a possibilidade da contrata\u00e7\u00e3o de Andreas Pereira pelo Palmeiras. O Verd\u00e3o enviou uma oferta para o Fullham, que tem demorado a responder os pedidos de Leila Pereira, pelo desejo de manter o jogador no elenco do clube Ingl\u00eas. Para Fl\u00e1vio Prado, Andreas Pereira \u00e9 um \u00f3timo jogador [&hellip;]<\/p>\n","protected":false},"author":19,"featured_media":102292,"comment_status":"open","ping_status":"closed","sticky":false,"template":"","format":"standard","meta":{"footnotes":""},"categories":[150],"tags":[],"class_list":["post-213982","post","type-post","status-publish","format-standard","has-post-thumbnail","hentry","category-palmeiras"],"yoast_head":"<!-- This site is optimized with the Yoast SEO Premium plugin v24.2 (Yoast SEO v26.9) - https:\/\/yoast.com\/product\/yoast-seo-premium-wordpress\/ -->\n<title>Palmeiras: Fl\u00e1vio Prado \u00e9 sincero ao falar sobre contrata\u00e7\u00e3o de Andreas Pereira<\/title>\n<meta name=\"robots\" content=\"index, follow, max-snippet:-1, max-image-preview:large, max-video-preview:-1\" \/>\n<link rel=\"canonical\" href=\"https:\/\/www.gaveanews.com\/index.php\/2025\/01\/17\/palmeiras-flavio-prado-e-sincero-ao-falar-sobre-contratacao-de-andreas-pereira\/\" \/>\n<meta property=\"og:locale\" content=\"pt_BR\" \/>\n<meta property=\"og:type\" content=\"article\" \/>\n<meta property=\"og:title\" content=\"Palmeiras: Fl\u00e1vio Prado \u00e9 sincero ao falar sobre contrata\u00e7\u00e3o de Andreas Pereira\" \/>\n<meta property=\"og:description\" content=\"O jornalista Fl\u00e1vio Prado abriu o jogo sobre a possibilidade da contrata\u00e7\u00e3o de Andreas Pereira pelo Palmeiras. O Verd\u00e3o enviou uma oferta para o Fullham, que tem demorado a responder os pedidos de Leila Pereira, pelo desejo de manter o jogador no elenco do clube Ingl\u00eas. Para Fl\u00e1vio Prado, Andreas Pereira \u00e9 um \u00f3timo jogador [&hellip;]\" \/>\n<meta property=\"og:url\" content=\"https:\/\/www.gaveanews.com\/index.php\/2025\/01\/17\/palmeiras-flavio-prado-e-sincero-ao-falar-sobre-contratacao-de-andreas-pereira\/\" \/>\n<meta property=\"og:site_name\" content=\"G\u00e1vea News\" \/>\n<meta property=\"article:publisher\" content=\"https:\/\/facebook.com\/gaveaNews\/\" \/>\n<meta property=\"article:published_time\" content=\"2025-01-18T02:15:00+00:00\" \/>\n<meta property=\"og:image\" content=\"https:\/\/www.gaveanews.com\/wp-content\/uploads\/Flavio-Prado.webp\" \/>\n\t<meta property=\"og:image:width\" content=\"999\" \/>\n\t<meta property=\"og:image:height\" content=\"548\" \/>\n\t<meta property=\"og:image:type\" content=\"image\/png\" \/>\n<meta name=\"author\" content=\"Bruno Zanchetta\" \/>\n<meta name=\"twitter:card\" content=\"summary_large_image\" \/>\n<meta name=\"twitter:label1\" content=\"Escrito por\" \/>\n\t<meta name=\"twitter:data1\" content=\"Bruno Zanchetta\" \/>\n\t<meta name=\"twitter:label2\" content=\"Est. tempo de leitura\" \/>\n\t<meta name=\"twitter:data2\" content=\"2 minutos\" \/>\n<script type=\"application\/ld+json\" class=\"yoast-schema-graph\">{\"@context\":\"https:\/\/schema.org\",\"@graph\":[{\"@type\":\"NewsArticle\",\"@id\":\"https:\/\/www.gaveanews.com\/index.php\/2025\/01\/17\/palmeiras-flavio-prado-e-sincero-ao-falar-sobre-contratacao-de-andreas-pereira\/#article\",\"isPartOf\":{\"@id\":\"https:\/\/www.gaveanews.com\/index.php\/2025\/01\/17\/palmeiras-flavio-prado-e-sincero-ao-falar-sobre-contratacao-de-andreas-pereira\/\"},\"author\":{\"name\":\"Bruno Zanchetta\",\"@id\":\"https:\/\/www.gaveanews.com\/#\/schema\/person\/32fddefab25b466689f181be346cd98c\"},\"headline\":\"Palmeiras: Fl\u00e1vio Prado \u00e9 sincero ao falar sobre contrata\u00e7\u00e3o de Andreas Pereira\",\"datePublished\":\"2025-01-18T02:15:00+00:00\",\"mainEntityOfPage\":{\"@id\":\"https:\/\/www.gaveanews.com\/index.php\/2025\/01\/17\/palmeiras-flavio-prado-e-sincero-ao-falar-sobre-contratacao-de-andreas-pereira\/\"},\"wordCount\":373,\"commentCount\":0,\"image\":{\"@id\":\"https:\/\/www.gaveanews.com\/index.php\/2025\/01\/17\/palmeiras-flavio-prado-e-sincero-ao-falar-sobre-contratacao-de-andreas-pereira\/#primaryimage\"},\"thumbnailUrl\":\"https:\/\/www.gaveanews.com\/wp-content\/uploads\/Flavio-Prado.webp\",\"articleSection\":[\"Palmeiras\"],\"inLanguage\":\"pt-BR\",\"potentialAction\":[{\"@type\":\"CommentAction\",\"name\":\"Comment\",\"target\":[\"https:\/\/www.gaveanews.com\/index.php\/2025\/01\/17\/palmeiras-flavio-prado-e-sincero-ao-falar-sobre-contratacao-de-andreas-pereira\/#respond\"]}],\"copyrightYear\":\"2025\",\"copyrightHolder\":{\"@id\":\"https:\/\/www.gaveanews.com\/#organization\"}},{\"@type\":\"WebPage\",\"@id\":\"https:\/\/www.gaveanews.com\/index.php\/2025\/01\/17\/palmeiras-flavio-prado-e-sincero-ao-falar-sobre-contratacao-de-andreas-pereira\/\",\"url\":\"https:\/\/www.gaveanews.com\/index.php\/2025\/01\/17\/palmeiras-flavio-prado-e-sincero-ao-falar-sobre-contratacao-de-andreas-pereira\/\",\"name\":\"Palmeiras: Fl\u00e1vio Prado \u00e9 sincero ao falar sobre contrata\u00e7\u00e3o de Andreas Pereira\",\"isPartOf\":{\"@id\":\"https:\/\/www.gaveanews.com\/#website\"},\"primaryImageOfPage\":{\"@id\":\"https:\/\/www.gaveanews.com\/index.php\/2025\/01\/17\/palmeiras-flavio-prado-e-sincero-ao-falar-sobre-contratacao-de-andreas-pereira\/#primaryimage\"},\"image\":{\"@id\":\"https:\/\/www.gaveanews.com\/index.php\/2025\/01\/17\/palmeiras-flavio-prado-e-sincero-ao-falar-sobre-contratacao-de-andreas-pereira\/#primaryimage\"},\"thumbnailUrl\":\"https:\/\/www.gaveanews.com\/wp-content\/uploads\/Flavio-Prado.webp\",\"datePublished\":\"2025-01-18T02:15:00+00:00\",\"author\":{\"@id\":\"https:\/\/www.gaveanews.com\/#\/schema\/person\/32fddefab25b466689f181be346cd98c\"},\"breadcrumb\":{\"@id\":\"https:\/\/www.gaveanews.com\/index.php\/2025\/01\/17\/palmeiras-flavio-prado-e-sincero-ao-falar-sobre-contratacao-de-andreas-pereira\/#breadcrumb\"},\"inLanguage\":\"pt-BR\",\"potentialAction\":[{\"@type\":\"ReadAction\",\"target\":[\"https:\/\/www.gaveanews.com\/index.php\/2025\/01\/17\/palmeiras-flavio-prado-e-sincero-ao-falar-sobre-contratacao-de-andreas-pereira\/\"]}]},{\"@type\":\"ImageObject\",\"inLanguage\":\"pt-BR\",\"@id\":\"https:\/\/www.gaveanews.com\/index.php\/2025\/01\/17\/palmeiras-flavio-prado-e-sincero-ao-falar-sobre-contratacao-de-andreas-pereira\/#primaryimage\",\"url\":\"https:\/\/www.gaveanews.com\/wp-content\/uploads\/Flavio-Prado.webp\",\"contentUrl\":\"https:\/\/www.gaveanews.com\/wp-content\/uploads\/Flavio-Prado.webp\",\"width\":999,\"height\":548,\"caption\":\"Flavio Prado - Foto: Reprodu\u00e7\u00e3o\"},{\"@type\":\"BreadcrumbList\",\"@id\":\"https:\/\/www.gaveanews.com\/index.php\/2025\/01\/17\/palmeiras-flavio-prado-e-sincero-ao-falar-sobre-contratacao-de-andreas-pereira\/#breadcrumb\",\"itemListElement\":[{\"@type\":\"ListItem\",\"position\":1,\"name\":\"Home\",\"item\":\"https:\/\/www.gaveanews.com\/\"},{\"@type\":\"ListItem\",\"position\":2,\"name\":\"Palmeiras: Fl\u00e1vio Prado \u00e9 sincero ao falar sobre contrata\u00e7\u00e3o de Andreas Pereira\"}]},{\"@type\":\"WebSite\",\"@id\":\"https:\/\/www.gaveanews.com\/#website\",\"url\":\"https:\/\/www.gaveanews.com\/\",\"name\":\"G\u00e1vea News\",\"description\":\"Veja todas as not\u00edcias sobre o Flamengo: Contrata\u00e7\u00f5es, categorias de base, resultados das partidas, tabela de classifica\u00e7\u00e3o, pr\u00f3ximos jogos!\",\"potentialAction\":[{\"@type\":\"SearchAction\",\"target\":{\"@type\":\"EntryPoint\",\"urlTemplate\":\"https:\/\/www.gaveanews.com\/?s={search_term_string}\"},\"query-input\":{\"@type\":\"PropertyValueSpecification\",\"valueRequired\":true,\"valueName\":\"search_term_string\"}}],\"inLanguage\":\"pt-BR\"},{\"@type\":\"Person\",\"@id\":\"https:\/\/www.gaveanews.com\/#\/schema\/person\/32fddefab25b466689f181be346cd98c\",\"name\":\"Bruno Zanchetta\",\"image\":{\"@type\":\"ImageObject\",\"inLanguage\":\"pt-BR\",\"@id\":\"https:\/\/www.gaveanews.com\/#\/schema\/person\/image\/\",\"url\":\"https:\/\/secure.gravatar.com\/avatar\/3ba2d39f8a912ad65276975a996d6ad8d9e3dd13448684be8dc4d7c17099d2ee?s=96&d=mm&r=g\",\"contentUrl\":\"https:\/\/secure.gravatar.com\/avatar\/3ba2d39f8a912ad65276975a996d6ad8d9e3dd13448684be8dc4d7c17099d2ee?s=96&d=mm&r=g\",\"caption\":\"Bruno Zanchetta\"}}]}<\/script>\n<!-- \/ Yoast SEO Premium plugin. -->","yoast_head_json":{"title":"Palmeiras: Fl\u00e1vio Prado \u00e9 sincero ao falar sobre contrata\u00e7\u00e3o de Andreas Pereira","robots":{"index":"index","follow":"follow","max-snippet":"max-snippet:-1","max-image-preview":"max-image-preview:large","max-video-preview":"max-video-preview:-1"},"canonical":"https:\/\/www.gaveanews.com\/index.php\/2025\/01\/17\/palmeiras-flavio-prado-e-sincero-ao-falar-sobre-contratacao-de-andreas-pereira\/","og_locale":"pt_BR","og_type":"article","og_title":"Palmeiras: Fl\u00e1vio Prado \u00e9 sincero ao falar sobre contrata\u00e7\u00e3o de Andreas Pereira","og_description":"O jornalista Fl\u00e1vio Prado abriu o jogo sobre a possibilidade da contrata\u00e7\u00e3o de Andreas Pereira pelo Palmeiras. O Verd\u00e3o enviou uma oferta para o Fullham, que tem demorado a responder os pedidos de Leila Pereira, pelo desejo de manter o jogador no elenco do clube Ingl\u00eas. Para Fl\u00e1vio Prado, Andreas Pereira \u00e9 um \u00f3timo jogador [&hellip;]","og_url":"https:\/\/www.gaveanews.com\/index.php\/2025\/01\/17\/palmeiras-flavio-prado-e-sincero-ao-falar-sobre-contratacao-de-andreas-pereira\/","og_site_name":"G\u00e1vea News","article_publisher":"https:\/\/facebook.com\/gaveaNews\/","article_published_time":"2025-01-18T02:15:00+00:00","og_image":[{"width":999,"height":548,"url":"https:\/\/www.gaveanews.com\/wp-content\/uploads\/Flavio-Prado.webp","type":"image\/png"}],"author":"Bruno Zanchetta","twitter_card":"summary_large_image","twitter_misc":{"Escrito por":"Bruno Zanchetta","Est. tempo de leitura":"2 minutos"},"schema":{"@context":"https:\/\/schema.org","@graph":[{"@type":"NewsArticle","@id":"https:\/\/www.gaveanews.com\/index.php\/2025\/01\/17\/palmeiras-flavio-prado-e-sincero-ao-falar-sobre-contratacao-de-andreas-pereira\/#article","isPartOf":{"@id":"https:\/\/www.gaveanews.com\/index.php\/2025\/01\/17\/palmeiras-flavio-prado-e-sincero-ao-falar-sobre-contratacao-de-andreas-pereira\/"},"author":{"name":"Bruno Zanchetta","@id":"https:\/\/www.gaveanews.com\/#\/schema\/person\/32fddefab25b466689f181be346cd98c"},"headline":"Palmeiras: Fl\u00e1vio Prado \u00e9 sincero ao falar sobre contrata\u00e7\u00e3o de Andreas Pereira","datePublished":"2025-01-18T02:15:00+00:00","mainEntityOfPage":{"@id":"https:\/\/www.gaveanews.com\/index.php\/2025\/01\/17\/palmeiras-flavio-prado-e-sincero-ao-falar-sobre-contratacao-de-andreas-pereira\/"},"wordCount":373,"commentCount":0,"image":{"@id":"https:\/\/www.gaveanews.com\/index.php\/2025\/01\/17\/palmeiras-flavio-prado-e-sincero-ao-falar-sobre-contratacao-de-andreas-pereira\/#primaryimage"},"thumbnailUrl":"https:\/\/www.gaveanews.com\/wp-content\/uploads\/Flavio-Prado.webp","articleSection":["Palmeiras"],"inLanguage":"pt-BR","potentialAction":[{"@type":"CommentAction","name":"Comment","target":["https:\/\/www.gaveanews.com\/index.php\/2025\/01\/17\/palmeiras-flavio-prado-e-sincero-ao-falar-sobre-contratacao-de-andreas-pereira\/#respond"]}],"copyrightYear":"2025","copyrightHolder":{"@id":"https:\/\/www.gaveanews.com\/#organization"}},{"@type":"WebPage","@id":"https:\/\/www.gaveanews.com\/index.php\/2025\/01\/17\/palmeiras-flavio-prado-e-sincero-ao-falar-sobre-contratacao-de-andreas-pereira\/","url":"https:\/\/www.gaveanews.com\/index.php\/2025\/01\/17\/palmeiras-flavio-prado-e-sincero-ao-falar-sobre-contratacao-de-andreas-pereira\/","name":"Palmeiras: Fl\u00e1vio Prado \u00e9 sincero ao falar sobre contrata\u00e7\u00e3o de Andreas Pereira","isPartOf":{"@id":"https:\/\/www.gaveanews.com\/#website"},"primaryImageOfPage":{"@id":"https:\/\/www.gaveanews.com\/index.php\/2025\/01\/17\/palmeiras-flavio-prado-e-sincero-ao-falar-sobre-contratacao-de-andreas-pereira\/#primaryimage"},"image":{"@id":"https:\/\/www.gaveanews.com\/index.php\/2025\/01\/17\/palmeiras-flavio-prado-e-sincero-ao-falar-sobre-contratacao-de-andreas-pereira\/#primaryimage"},"thumbnailUrl":"https:\/\/www.gaveanews.com\/wp-content\/uploads\/Flavio-Prado.webp","datePublished":"2025-01-18T02:15:00+00:00","author":{"@id":"https:\/\/www.gaveanews.com\/#\/schema\/person\/32fddefab25b466689f181be346cd98c"},"breadcrumb":{"@id":"https:\/\/www.gaveanews.com\/index.php\/2025\/01\/17\/palmeiras-flavio-prado-e-sincero-ao-falar-sobre-contratacao-de-andreas-pereira\/#breadcrumb"},"inLanguage":"pt-BR","potentialAction":[{"@type":"ReadAction","target":["https:\/\/www.gaveanews.com\/index.php\/2025\/01\/17\/palmeiras-flavio-prado-e-sincero-ao-falar-sobre-contratacao-de-andreas-pereira\/"]}]},{"@type":"ImageObject","inLanguage":"pt-BR","@id":"https:\/\/www.gaveanews.com\/index.php\/2025\/01\/17\/palmeiras-flavio-prado-e-sincero-ao-falar-sobre-contratacao-de-andreas-pereira\/#primaryimage","url":"https:\/\/www.gaveanews.com\/wp-content\/uploads\/Flavio-Prado.webp","contentUrl":"https:\/\/www.gaveanews.com\/wp-content\/uploads\/Flavio-Prado.webp","width":999,"height":548,"caption":"Flavio Prado - Foto: Reprodu\u00e7\u00e3o"},{"@type":"BreadcrumbList","@id":"https:\/\/www.gaveanews.com\/index.php\/2025\/01\/17\/palmeiras-flavio-prado-e-sincero-ao-falar-sobre-contratacao-de-andreas-pereira\/#breadcrumb","itemListElement":[{"@type":"ListItem","position":1,"name":"Home","item":"https:\/\/www.gaveanews.com\/"},{"@type":"ListItem","position":2,"name":"Palmeiras: Fl\u00e1vio Prado \u00e9 sincero ao falar sobre contrata\u00e7\u00e3o de Andreas Pereira"}]},{"@type":"WebSite","@id":"https:\/\/www.gaveanews.com\/#website","url":"https:\/\/www.gaveanews.com\/","name":"G\u00e1vea News","description":"Veja todas as not\u00edcias sobre o Flamengo: Contrata\u00e7\u00f5es, categorias de base, resultados das partidas, tabela de classifica\u00e7\u00e3o, pr\u00f3ximos jogos!","potentialAction":[{"@type":"SearchAction","target":{"@type":"EntryPoint","urlTemplate":"https:\/\/www.gaveanews.com\/?s={search_term_string}"},"query-input":{"@type":"PropertyValueSpecification","valueRequired":true,"valueName":"search_term_string"}}],"inLanguage":"pt-BR"},{"@type":"Person","@id":"https:\/\/www.gaveanews.com\/#\/schema\/person\/32fddefab25b466689f181be346cd98c","name":"Bruno Zanchetta","image":{"@type":"ImageObject","inLanguage":"pt-BR","@id":"https:\/\/www.gaveanews.com\/#\/schema\/person\/image\/","url":"https:\/\/secure.gravatar.com\/avatar\/3ba2d39f8a912ad65276975a996d6ad8d9e3dd13448684be8dc4d7c17099d2ee?s=96&d=mm&r=g","contentUrl":"https:\/\/secure.gravatar.com\/avatar\/3ba2d39f8a912ad65276975a996d6ad8d9e3dd13448684be8dc4d7c17099d2ee?s=96&d=mm&r=g","caption":"Bruno Zanchetta"}}]}},"_links":{"self":[{"href":"https:\/\/www.gaveanews.com\/index.php\/wp-json\/wp\/v2\/posts\/213982","targetHints":{"allow":["GET"]}}],"collection":[{"href":"https:\/\/www.gaveanews.com\/index.php\/wp-json\/wp\/v2\/posts"}],"about":[{"href":"https:\/\/www.gaveanews.com\/index.php\/wp-json\/wp\/v2\/types\/post"}],"author":[{"embeddable":true,"href":"https:\/\/www.gaveanews.com\/index.php\/wp-json\/wp\/v2\/users\/19"}],"replies":[{"embeddable":true,"href":"https:\/\/www.gaveanews.com\/index.php\/wp-json\/wp\/v2\/comments?post=213982"}],"version-history":[{"count":2,"href":"https:\/\/www.gaveanews.com\/index.php\/wp-json\/wp\/v2\/posts\/213982\/revisions"}],"predecessor-version":[{"id":214235,"href":"https:\/\/www.gaveanews.com\/index.php\/wp-json\/wp\/v2\/posts\/213982\/revisions\/214235"}],"wp:featuredmedia":[{"embeddable":true,"href":"https:\/\/www.gaveanews.com\/index.php\/wp-json\/wp\/v2\/media\/102292"}],"wp:attachment":[{"href":"https:\/\/www.gaveanews.com\/index.php\/wp-json\/wp\/v2\/media?parent=213982"}],"wp:term":[{"taxonomy":"category","embeddable":true,"href":"https:\/\/www.gaveanews.com\/index.php\/wp-json\/wp\/v2\/categories?post=213982"},{"taxonomy":"post_tag","embeddable":true,"href":"https:\/\/www.gaveanews.com\/index.php\/wp-json\/wp\/v2\/tags?post=213982"}],"curies":[{"name":"wp","href":"https:\/\/api.w.org\/{rel}","templated":true}]}}