{"id":214262,"date":"2025-01-18T02:15:00","date_gmt":"2025-01-18T05:15:00","guid":{"rendered":"https:\/\/www.gaveanews.com\/?p=214262"},"modified":"2025-01-17T21:29:46","modified_gmt":"2025-01-18T00:29:46","slug":"gremio-acelera-negociacoes-por-seu-proximo-reforco","status":"publish","type":"post","link":"https:\/\/www.gaveanews.com\/index.php\/2025\/01\/18\/gremio-acelera-negociacoes-por-seu-proximo-reforco\/","title":{"rendered":"Gr\u00eamio acelera negocia\u00e7\u00f5es por seu pr\u00f3ximo refor\u00e7o"},"content":{"rendered":"\n<h2 class=\"wp-block-heading\" id=\"h-gremio-monitora-goleiros-e-avalia-saida-de-marchesin-para-o-boca-juniors\">Gr\u00eamio monitora goleiros e avalia sa\u00edda de Marches\u00edn para o Boca Juniors<\/h2>\n\n\n\n<p>O Gr\u00eamio estuda a possibilidade de perder o goleiro Agust\u00edn Marches\u00edn para o Boca Juniors e, como medida preventiva, j\u00e1 analisa op\u00e7\u00f5es no mercado para refor\u00e7ar a posi\u00e7\u00e3o. Tr\u00eas nomes aparecem como principais candidatos: Matheus Magalh\u00e3es, do Braga (Portugal); Ma\u00edlson, ex-Sport e atualmente no Al Taawoun (Ar\u00e1bia Saudita); e Marcelo Grohe, \u00eddolo tricolor que tamb\u00e9m atua no futebol saudita.<\/p>\n\n\n\n<ul class=\"wp-block-list\">\n<li><a href=\"https:\/\/www.gaveanews.com\/index.php\/2025\/01\/17\/gremio-anuncia-contratacao-de-reforco\/\">Gr\u00eamio anuncia contrata\u00e7\u00e3o de refor\u00e7o<\/a><\/li>\n\n\n\n<li><a href=\"https:\/\/www.gaveanews.com\/index.php\/2025\/01\/14\/gremio-define-substituto-para-marchesin\/\">Gr\u00eamio define substituto para Marches\u00edn<\/a><\/li>\n<\/ul>\n\n\n\n<p>A negocia\u00e7\u00e3o com o Boca Juniors evoluiu nos \u00faltimos dias, e o clube argentino intensificou os esfor\u00e7os para contratar Marches\u00edn. Ve\u00edculos de comunica\u00e7\u00e3o na Argentina indicam que o goleiro j\u00e1 aceitou a proposta. No entanto, o Gr\u00eamio mant\u00e9m a postura de que sua prioridade \u00e9 a perman\u00eancia do jogador e n\u00e3o confirma publicamente o avan\u00e7o das tratativas. Oficialmente, o clube informa que recebeu apenas uma consulta sobre as condi\u00e7\u00f5es do atleta.<\/p>\n\n\n\n<p>Marches\u00edn est\u00e1 afastado dos treinamentos h\u00e1 cinco dias, alegando inc\u00f4modos musculares. Nos bastidores, a aus\u00eancia aumenta as especula\u00e7\u00f5es sobre sua sa\u00edda iminente. Caso a transfer\u00eancia seja concretizada, o Gr\u00eamio ter\u00e1 que agir rapidamente para encontrar um substituto.<\/p>\n\n\n\n<h2 class=\"wp-block-heading\" id=\"h-alternativas-para-o-gol\">Alternativas para o gol<\/h2>\n\n\n\n<p>A diretoria gremista avalia diferentes cen\u00e1rios para refor\u00e7ar a posi\u00e7\u00e3o. Matheus Magalh\u00e3es, titular do Braga, \u00e9 um dos alvos, mas o Gr\u00eamio teria a concorr\u00eancia do Bahia, que tamb\u00e9m demonstrou interesse no jogador. Ma\u00edlson, ex-Sport, surge como outra op\u00e7\u00e3o vi\u00e1vel, j\u00e1 que seu contrato com o Al Taawoun est\u00e1 pr\u00f3ximo do fim, o que lhe permitir\u00e1 assinar um pr\u00e9-contrato com qualquer equipe.<\/p>\n\n\n\n<p>A possibilidade de repatriar Marcelo Grohe \u00e9 uma das mais cogitadas internamente. O goleiro, que construiu uma trajet\u00f3ria vitoriosa no clube antes de se transferir para o Al-Ittihad, sempre teve forte identifica\u00e7\u00e3o com a torcida gremista.<\/p>\n\n\n\n<p>Al\u00e9m desses tr\u00eas nomes, o Gr\u00eamio chegou a avaliar Keylor Navas e Tiago Volpi, mas as negocia\u00e7\u00f5es n\u00e3o avan\u00e7aram para est\u00e1gios concretos.<\/p>\n\n\n\n<h2 class=\"wp-block-heading\" id=\"h-movimentacoes-no-elenco\">Movimenta\u00e7\u00f5es no elenco<\/h2>\n\n\n\n<p>A poss\u00edvel sa\u00edda de Marches\u00edn faz parte de um cen\u00e1rio mais amplo de reformula\u00e7\u00e3o no Gr\u00eamio. Entre os goleiros do elenco, Adriel e Gabriel Grando tamb\u00e9m est\u00e3o sendo avaliados, e pelo menos um deles deve deixar o clube nesta janela.<\/p>\n\n\n\n<p>At\u00e9 o momento, o Tricolor j\u00e1 confirmou as chegadas de Jo\u00e3o Gabriel e do volante Cu\u00e9llar, enquanto nomes como Reinaldo, Diego Costa, Rafael Cabral, Soteldo e Du Queiroz deixaram a equipe. O clube tamb\u00e9m se despediu de dois veteranos hist\u00f3ricos: o zagueiro Geromel e o lateral-direito F\u00e1bio encerraram suas carreiras em 2024.<\/p>\n\n\n\n<p>Outros jogadores podem sair em breve. O lateral-direito Mayk n\u00e3o faz parte dos planos para a temporada e pode ser negociado. Entre os volantes, Mila e Ronald s\u00e3o cotados para empr\u00e9stimos a fim de ganharem mais experi\u00eancia<\/p>\n","protected":false},"excerpt":{"rendered":"<p>Gr\u00eamio monitora goleiros e avalia sa\u00edda de Marches\u00edn para o Boca Juniors O Gr\u00eamio estuda a possibilidade de perder o goleiro Agust\u00edn Marches\u00edn para o Boca Juniors e, como medida preventiva, j\u00e1 analisa op\u00e7\u00f5es no mercado para refor\u00e7ar a posi\u00e7\u00e3o. Tr\u00eas nomes aparecem como principais candidatos: Matheus Magalh\u00e3es, do Braga (Portugal); Ma\u00edlson, ex-Sport e atualmente [&hellip;]<\/p>\n","protected":false},"author":17,"featured_media":165925,"comment_status":"open","ping_status":"closed","sticky":false,"template":"","format":"standard","meta":{"footnotes":""},"categories":[147],"tags":[],"class_list":["post-214262","post","type-post","status-publish","format-standard","has-post-thumbnail","hentry","category-gremio"],"yoast_head":"<!-- This site is optimized with the Yoast SEO Premium plugin v24.2 (Yoast SEO v26.9) - https:\/\/yoast.com\/product\/yoast-seo-premium-wordpress\/ -->\n<title>Gr\u00eamio acelera negocia\u00e7\u00f5es por seu pr\u00f3ximo refor\u00e7o<\/title>\n<meta name=\"robots\" content=\"index, follow, max-snippet:-1, max-image-preview:large, max-video-preview:-1\" \/>\n<link rel=\"canonical\" href=\"https:\/\/www.gaveanews.com\/index.php\/2025\/01\/18\/gremio-acelera-negociacoes-por-seu-proximo-reforco\/\" \/>\n<meta property=\"og:locale\" content=\"pt_BR\" \/>\n<meta property=\"og:type\" content=\"article\" \/>\n<meta property=\"og:title\" content=\"Gr\u00eamio acelera negocia\u00e7\u00f5es por seu pr\u00f3ximo refor\u00e7o\" \/>\n<meta property=\"og:description\" content=\"Gr\u00eamio monitora goleiros e avalia sa\u00edda de Marches\u00edn para o Boca Juniors O Gr\u00eamio estuda a possibilidade de perder o goleiro Agust\u00edn Marches\u00edn para o Boca Juniors e, como medida preventiva, j\u00e1 analisa op\u00e7\u00f5es no mercado para refor\u00e7ar a posi\u00e7\u00e3o. Tr\u00eas nomes aparecem como principais candidatos: Matheus Magalh\u00e3es, do Braga (Portugal); Ma\u00edlson, ex-Sport e atualmente [&hellip;]\" \/>\n<meta property=\"og:url\" content=\"https:\/\/www.gaveanews.com\/index.php\/2025\/01\/18\/gremio-acelera-negociacoes-por-seu-proximo-reforco\/\" \/>\n<meta property=\"og:site_name\" content=\"G\u00e1vea News\" \/>\n<meta property=\"article:publisher\" content=\"https:\/\/facebook.com\/gaveaNews\/\" \/>\n<meta property=\"article:published_time\" content=\"2025-01-18T05:15:00+00:00\" \/>\n<meta property=\"og:image\" content=\"https:\/\/www.gaveanews.com\/wp-content\/uploads\/Bandeira-do-Gremio.webp\" \/>\n\t<meta property=\"og:image:width\" content=\"1043\" \/>\n\t<meta property=\"og:image:height\" content=\"695\" \/>\n\t<meta property=\"og:image:type\" content=\"image\/webp\" \/>\n<meta name=\"author\" content=\"Geovanna Thomaz\" \/>\n<meta name=\"twitter:card\" content=\"summary_large_image\" \/>\n<meta name=\"twitter:label1\" content=\"Escrito por\" \/>\n\t<meta name=\"twitter:data1\" content=\"Geovanna Thomaz\" \/>\n\t<meta name=\"twitter:label2\" content=\"Est. tempo de leitura\" \/>\n\t<meta name=\"twitter:data2\" content=\"3 minutos\" \/>\n<script type=\"application\/ld+json\" class=\"yoast-schema-graph\">{\"@context\":\"https:\/\/schema.org\",\"@graph\":[{\"@type\":\"NewsArticle\",\"@id\":\"https:\/\/www.gaveanews.com\/index.php\/2025\/01\/18\/gremio-acelera-negociacoes-por-seu-proximo-reforco\/#article\",\"isPartOf\":{\"@id\":\"https:\/\/www.gaveanews.com\/index.php\/2025\/01\/18\/gremio-acelera-negociacoes-por-seu-proximo-reforco\/\"},\"author\":{\"name\":\"Geovanna Thomaz\",\"@id\":\"https:\/\/www.gaveanews.com\/#\/schema\/person\/f42654babcd2b2014a1a65af82b081f1\"},\"headline\":\"Gr\u00eamio acelera negocia\u00e7\u00f5es por seu pr\u00f3ximo refor\u00e7o\",\"datePublished\":\"2025-01-18T05:15:00+00:00\",\"mainEntityOfPage\":{\"@id\":\"https:\/\/www.gaveanews.com\/index.php\/2025\/01\/18\/gremio-acelera-negociacoes-por-seu-proximo-reforco\/\"},\"wordCount\":528,\"commentCount\":0,\"image\":{\"@id\":\"https:\/\/www.gaveanews.com\/index.php\/2025\/01\/18\/gremio-acelera-negociacoes-por-seu-proximo-reforco\/#primaryimage\"},\"thumbnailUrl\":\"https:\/\/www.gaveanews.com\/wp-content\/uploads\/Bandeira-do-Gremio.webp\",\"articleSection\":[\"Gr\u00eamio\"],\"inLanguage\":\"pt-BR\",\"potentialAction\":[{\"@type\":\"CommentAction\",\"name\":\"Comment\",\"target\":[\"https:\/\/www.gaveanews.com\/index.php\/2025\/01\/18\/gremio-acelera-negociacoes-por-seu-proximo-reforco\/#respond\"]}],\"copyrightYear\":\"2025\",\"copyrightHolder\":{\"@id\":\"https:\/\/www.gaveanews.com\/#organization\"}},{\"@type\":\"WebPage\",\"@id\":\"https:\/\/www.gaveanews.com\/index.php\/2025\/01\/18\/gremio-acelera-negociacoes-por-seu-proximo-reforco\/\",\"url\":\"https:\/\/www.gaveanews.com\/index.php\/2025\/01\/18\/gremio-acelera-negociacoes-por-seu-proximo-reforco\/\",\"name\":\"Gr\u00eamio acelera negocia\u00e7\u00f5es por seu pr\u00f3ximo refor\u00e7o\",\"isPartOf\":{\"@id\":\"https:\/\/www.gaveanews.com\/#website\"},\"primaryImageOfPage\":{\"@id\":\"https:\/\/www.gaveanews.com\/index.php\/2025\/01\/18\/gremio-acelera-negociacoes-por-seu-proximo-reforco\/#primaryimage\"},\"image\":{\"@id\":\"https:\/\/www.gaveanews.com\/index.php\/2025\/01\/18\/gremio-acelera-negociacoes-por-seu-proximo-reforco\/#primaryimage\"},\"thumbnailUrl\":\"https:\/\/www.gaveanews.com\/wp-content\/uploads\/Bandeira-do-Gremio.webp\",\"datePublished\":\"2025-01-18T05:15:00+00:00\",\"author\":{\"@id\":\"https:\/\/www.gaveanews.com\/#\/schema\/person\/f42654babcd2b2014a1a65af82b081f1\"},\"breadcrumb\":{\"@id\":\"https:\/\/www.gaveanews.com\/index.php\/2025\/01\/18\/gremio-acelera-negociacoes-por-seu-proximo-reforco\/#breadcrumb\"},\"inLanguage\":\"pt-BR\",\"potentialAction\":[{\"@type\":\"ReadAction\",\"target\":[\"https:\/\/www.gaveanews.com\/index.php\/2025\/01\/18\/gremio-acelera-negociacoes-por-seu-proximo-reforco\/\"]}]},{\"@type\":\"ImageObject\",\"inLanguage\":\"pt-BR\",\"@id\":\"https:\/\/www.gaveanews.com\/index.php\/2025\/01\/18\/gremio-acelera-negociacoes-por-seu-proximo-reforco\/#primaryimage\",\"url\":\"https:\/\/www.gaveanews.com\/wp-content\/uploads\/Bandeira-do-Gremio.webp\",\"contentUrl\":\"https:\/\/www.gaveanews.com\/wp-content\/uploads\/Bandeira-do-Gremio.webp\",\"width\":1043,\"height\":695,\"caption\":\"Bandeira do Gr\u00eamio (Foto: Reprodu\u00e7\u00e3o\/Gr\u00eamio)\"},{\"@type\":\"BreadcrumbList\",\"@id\":\"https:\/\/www.gaveanews.com\/index.php\/2025\/01\/18\/gremio-acelera-negociacoes-por-seu-proximo-reforco\/#breadcrumb\",\"itemListElement\":[{\"@type\":\"ListItem\",\"position\":1,\"name\":\"Home\",\"item\":\"https:\/\/www.gaveanews.com\/\"},{\"@type\":\"ListItem\",\"position\":2,\"name\":\"Gr\u00eamio acelera negocia\u00e7\u00f5es por seu pr\u00f3ximo refor\u00e7o\"}]},{\"@type\":\"WebSite\",\"@id\":\"https:\/\/www.gaveanews.com\/#website\",\"url\":\"https:\/\/www.gaveanews.com\/\",\"name\":\"G\u00e1vea News\",\"description\":\"Veja todas as not\u00edcias sobre o Flamengo: Contrata\u00e7\u00f5es, categorias de base, resultados das partidas, tabela de classifica\u00e7\u00e3o, pr\u00f3ximos jogos!\",\"potentialAction\":[{\"@type\":\"SearchAction\",\"target\":{\"@type\":\"EntryPoint\",\"urlTemplate\":\"https:\/\/www.gaveanews.com\/?s={search_term_string}\"},\"query-input\":{\"@type\":\"PropertyValueSpecification\",\"valueRequired\":true,\"valueName\":\"search_term_string\"}}],\"inLanguage\":\"pt-BR\"},{\"@type\":\"Person\",\"@id\":\"https:\/\/www.gaveanews.com\/#\/schema\/person\/f42654babcd2b2014a1a65af82b081f1\",\"name\":\"Geovanna Thomaz\",\"image\":{\"@type\":\"ImageObject\",\"inLanguage\":\"pt-BR\",\"@id\":\"https:\/\/www.gaveanews.com\/#\/schema\/person\/image\/\",\"url\":\"https:\/\/secure.gravatar.com\/avatar\/4092073255489533afb558984b49b64268c47198af8623cc82a925ae9fb7118a?s=96&d=mm&r=g\",\"contentUrl\":\"https:\/\/secure.gravatar.com\/avatar\/4092073255489533afb558984b49b64268c47198af8623cc82a925ae9fb7118a?s=96&d=mm&r=g\",\"caption\":\"Geovanna Thomaz\"}}]}<\/script>\n<!-- \/ Yoast SEO Premium plugin. -->","yoast_head_json":{"title":"Gr\u00eamio acelera negocia\u00e7\u00f5es por seu pr\u00f3ximo refor\u00e7o","robots":{"index":"index","follow":"follow","max-snippet":"max-snippet:-1","max-image-preview":"max-image-preview:large","max-video-preview":"max-video-preview:-1"},"canonical":"https:\/\/www.gaveanews.com\/index.php\/2025\/01\/18\/gremio-acelera-negociacoes-por-seu-proximo-reforco\/","og_locale":"pt_BR","og_type":"article","og_title":"Gr\u00eamio acelera negocia\u00e7\u00f5es por seu pr\u00f3ximo refor\u00e7o","og_description":"Gr\u00eamio monitora goleiros e avalia sa\u00edda de Marches\u00edn para o Boca Juniors O Gr\u00eamio estuda a possibilidade de perder o goleiro Agust\u00edn Marches\u00edn para o Boca Juniors e, como medida preventiva, j\u00e1 analisa op\u00e7\u00f5es no mercado para refor\u00e7ar a posi\u00e7\u00e3o. Tr\u00eas nomes aparecem como principais candidatos: Matheus Magalh\u00e3es, do Braga (Portugal); Ma\u00edlson, ex-Sport e atualmente [&hellip;]","og_url":"https:\/\/www.gaveanews.com\/index.php\/2025\/01\/18\/gremio-acelera-negociacoes-por-seu-proximo-reforco\/","og_site_name":"G\u00e1vea News","article_publisher":"https:\/\/facebook.com\/gaveaNews\/","article_published_time":"2025-01-18T05:15:00+00:00","og_image":[{"width":1043,"height":695,"url":"https:\/\/www.gaveanews.com\/wp-content\/uploads\/Bandeira-do-Gremio.webp","type":"image\/webp"}],"author":"Geovanna Thomaz","twitter_card":"summary_large_image","twitter_misc":{"Escrito por":"Geovanna Thomaz","Est. tempo de leitura":"3 minutos"},"schema":{"@context":"https:\/\/schema.org","@graph":[{"@type":"NewsArticle","@id":"https:\/\/www.gaveanews.com\/index.php\/2025\/01\/18\/gremio-acelera-negociacoes-por-seu-proximo-reforco\/#article","isPartOf":{"@id":"https:\/\/www.gaveanews.com\/index.php\/2025\/01\/18\/gremio-acelera-negociacoes-por-seu-proximo-reforco\/"},"author":{"name":"Geovanna Thomaz","@id":"https:\/\/www.gaveanews.com\/#\/schema\/person\/f42654babcd2b2014a1a65af82b081f1"},"headline":"Gr\u00eamio acelera negocia\u00e7\u00f5es por seu pr\u00f3ximo refor\u00e7o","datePublished":"2025-01-18T05:15:00+00:00","mainEntityOfPage":{"@id":"https:\/\/www.gaveanews.com\/index.php\/2025\/01\/18\/gremio-acelera-negociacoes-por-seu-proximo-reforco\/"},"wordCount":528,"commentCount":0,"image":{"@id":"https:\/\/www.gaveanews.com\/index.php\/2025\/01\/18\/gremio-acelera-negociacoes-por-seu-proximo-reforco\/#primaryimage"},"thumbnailUrl":"https:\/\/www.gaveanews.com\/wp-content\/uploads\/Bandeira-do-Gremio.webp","articleSection":["Gr\u00eamio"],"inLanguage":"pt-BR","potentialAction":[{"@type":"CommentAction","name":"Comment","target":["https:\/\/www.gaveanews.com\/index.php\/2025\/01\/18\/gremio-acelera-negociacoes-por-seu-proximo-reforco\/#respond"]}],"copyrightYear":"2025","copyrightHolder":{"@id":"https:\/\/www.gaveanews.com\/#organization"}},{"@type":"WebPage","@id":"https:\/\/www.gaveanews.com\/index.php\/2025\/01\/18\/gremio-acelera-negociacoes-por-seu-proximo-reforco\/","url":"https:\/\/www.gaveanews.com\/index.php\/2025\/01\/18\/gremio-acelera-negociacoes-por-seu-proximo-reforco\/","name":"Gr\u00eamio acelera negocia\u00e7\u00f5es por seu pr\u00f3ximo refor\u00e7o","isPartOf":{"@id":"https:\/\/www.gaveanews.com\/#website"},"primaryImageOfPage":{"@id":"https:\/\/www.gaveanews.com\/index.php\/2025\/01\/18\/gremio-acelera-negociacoes-por-seu-proximo-reforco\/#primaryimage"},"image":{"@id":"https:\/\/www.gaveanews.com\/index.php\/2025\/01\/18\/gremio-acelera-negociacoes-por-seu-proximo-reforco\/#primaryimage"},"thumbnailUrl":"https:\/\/www.gaveanews.com\/wp-content\/uploads\/Bandeira-do-Gremio.webp","datePublished":"2025-01-18T05:15:00+00:00","author":{"@id":"https:\/\/www.gaveanews.com\/#\/schema\/person\/f42654babcd2b2014a1a65af82b081f1"},"breadcrumb":{"@id":"https:\/\/www.gaveanews.com\/index.php\/2025\/01\/18\/gremio-acelera-negociacoes-por-seu-proximo-reforco\/#breadcrumb"},"inLanguage":"pt-BR","potentialAction":[{"@type":"ReadAction","target":["https:\/\/www.gaveanews.com\/index.php\/2025\/01\/18\/gremio-acelera-negociacoes-por-seu-proximo-reforco\/"]}]},{"@type":"ImageObject","inLanguage":"pt-BR","@id":"https:\/\/www.gaveanews.com\/index.php\/2025\/01\/18\/gremio-acelera-negociacoes-por-seu-proximo-reforco\/#primaryimage","url":"https:\/\/www.gaveanews.com\/wp-content\/uploads\/Bandeira-do-Gremio.webp","contentUrl":"https:\/\/www.gaveanews.com\/wp-content\/uploads\/Bandeira-do-Gremio.webp","width":1043,"height":695,"caption":"Bandeira do Gr\u00eamio (Foto: Reprodu\u00e7\u00e3o\/Gr\u00eamio)"},{"@type":"BreadcrumbList","@id":"https:\/\/www.gaveanews.com\/index.php\/2025\/01\/18\/gremio-acelera-negociacoes-por-seu-proximo-reforco\/#breadcrumb","itemListElement":[{"@type":"ListItem","position":1,"name":"Home","item":"https:\/\/www.gaveanews.com\/"},{"@type":"ListItem","position":2,"name":"Gr\u00eamio acelera negocia\u00e7\u00f5es por seu pr\u00f3ximo refor\u00e7o"}]},{"@type":"WebSite","@id":"https:\/\/www.gaveanews.com\/#website","url":"https:\/\/www.gaveanews.com\/","name":"G\u00e1vea News","description":"Veja todas as not\u00edcias sobre o Flamengo: Contrata\u00e7\u00f5es, categorias de base, resultados das partidas, tabela de classifica\u00e7\u00e3o, pr\u00f3ximos jogos!","potentialAction":[{"@type":"SearchAction","target":{"@type":"EntryPoint","urlTemplate":"https:\/\/www.gaveanews.com\/?s={search_term_string}"},"query-input":{"@type":"PropertyValueSpecification","valueRequired":true,"valueName":"search_term_string"}}],"inLanguage":"pt-BR"},{"@type":"Person","@id":"https:\/\/www.gaveanews.com\/#\/schema\/person\/f42654babcd2b2014a1a65af82b081f1","name":"Geovanna Thomaz","image":{"@type":"ImageObject","inLanguage":"pt-BR","@id":"https:\/\/www.gaveanews.com\/#\/schema\/person\/image\/","url":"https:\/\/secure.gravatar.com\/avatar\/4092073255489533afb558984b49b64268c47198af8623cc82a925ae9fb7118a?s=96&d=mm&r=g","contentUrl":"https:\/\/secure.gravatar.com\/avatar\/4092073255489533afb558984b49b64268c47198af8623cc82a925ae9fb7118a?s=96&d=mm&r=g","caption":"Geovanna Thomaz"}}]}},"_links":{"self":[{"href":"https:\/\/www.gaveanews.com\/index.php\/wp-json\/wp\/v2\/posts\/214262","targetHints":{"allow":["GET"]}}],"collection":[{"href":"https:\/\/www.gaveanews.com\/index.php\/wp-json\/wp\/v2\/posts"}],"about":[{"href":"https:\/\/www.gaveanews.com\/index.php\/wp-json\/wp\/v2\/types\/post"}],"author":[{"embeddable":true,"href":"https:\/\/www.gaveanews.com\/index.php\/wp-json\/wp\/v2\/users\/17"}],"replies":[{"embeddable":true,"href":"https:\/\/www.gaveanews.com\/index.php\/wp-json\/wp\/v2\/comments?post=214262"}],"version-history":[{"count":1,"href":"https:\/\/www.gaveanews.com\/index.php\/wp-json\/wp\/v2\/posts\/214262\/revisions"}],"predecessor-version":[{"id":214263,"href":"https:\/\/www.gaveanews.com\/index.php\/wp-json\/wp\/v2\/posts\/214262\/revisions\/214263"}],"wp:featuredmedia":[{"embeddable":true,"href":"https:\/\/www.gaveanews.com\/index.php\/wp-json\/wp\/v2\/media\/165925"}],"wp:attachment":[{"href":"https:\/\/www.gaveanews.com\/index.php\/wp-json\/wp\/v2\/media?parent=214262"}],"wp:term":[{"taxonomy":"category","embeddable":true,"href":"https:\/\/www.gaveanews.com\/index.php\/wp-json\/wp\/v2\/categories?post=214262"},{"taxonomy":"post_tag","embeddable":true,"href":"https:\/\/www.gaveanews.com\/index.php\/wp-json\/wp\/v2\/tags?post=214262"}],"curies":[{"name":"wp","href":"https:\/\/api.w.org\/{rel}","templated":true}]}}