{"id":214339,"date":"2025-01-18T09:50:00","date_gmt":"2025-01-18T12:50:00","guid":{"rendered":"https:\/\/www.gaveanews.com\/?p=214339"},"modified":"2025-01-17T23:15:55","modified_gmt":"2025-01-18T02:15:55","slug":"real-madrid-a-declaracao-de-endrick-direcionada-a-rudiger","status":"publish","type":"post","link":"https:\/\/www.gaveanews.com\/index.php\/2025\/01\/18\/real-madrid-a-declaracao-de-endrick-direcionada-a-rudiger\/","title":{"rendered":"Real Madrid: a declara\u00e7\u00e3o de Endrick direcionada a R\u00fcdiger"},"content":{"rendered":"\n<h2 class=\"wp-block-heading\" id=\"h-endrick-decide-para-o-real-madrid-na-copa-do-rei-e-exalta-rudiger-apos-vitoria\">Endrick decide para o Real Madrid na Copa do Rei e exalta R\u00fcdiger ap\u00f3s vit\u00f3ria<\/h2>\n\n\n\n<p>Endrick brilhou na classifica\u00e7\u00e3o do Real Madrid para as quartas de final da Copa do Rei. Com dois gols marcados na prorroga\u00e7\u00e3o, o atacante brasileiro foi decisivo na vit\u00f3ria por 5 a 3 sobre o Celta de Vigo, na \u00faltima quinta-feira, e garantiu a equipe na pr\u00f3xima fase do torneio. Depois da partida, o jogador fez quest\u00e3o de dedicar os gols ao zagueiro R\u00fcdiger, a quem atribuiu um papel fundamental em sua adapta\u00e7\u00e3o ao clube.<\/p>\n\n\n\n<ul class=\"wp-block-list\">\n<li><a href=\"https:\/\/www.gaveanews.com\/index.php\/2025\/01\/17\/real-madrid-atuacao-de-endrick-ganha-destaque-na-midia-internacional-2\/\">Real Madrid: atua\u00e7\u00e3o de Endrick ganha destaque na m\u00eddia internacional<\/a><\/li>\n\n\n\n<li><a href=\"https:\/\/www.gaveanews.com\/index.php\/2025\/01\/16\/real-madrid-atualizacao-sobre-a-chegada-de-alphonso-davies\/\">Real Madrid: atualiza\u00e7\u00e3o sobre a chegada de Alphonso Davies<\/a><\/li>\n<\/ul>\n\n\n\n<p>Ap\u00f3s a partida, Endrick revelou que R\u00fcdiger tem sido uma figura importante em sua trajet\u00f3ria no Real Madrid, sempre cobrando evolu\u00e7\u00e3o e dedica\u00e7\u00e3o dentro de campo.<\/p>\n\n\n\n<p>\u201cEu dedico esses dois gols ao R\u00fcdiger. Nunca me fez um elogio, mas isso para mim n\u00e3o \u00e9 uma coisa ruim. \u00c9 bom, porque ele gosta de mim, ent\u00e3o me diz o que tenho que fazer, que preciso marcar e correr. Mesmo que n\u00e3o esteja jogando, ele me diz que preciso seguir lutando. Ontem, ele me deu uma dura no treinamento, porque eu estava pensando na minha casa. Ele tem sido uma \u00f3tima pessoa desde que eu cheguei\u201d, declarou o atacante.<\/p>\n\n\n\n<p>R\u00fcdiger, de 31 anos, chegou ao Real Madrid em 2022, ap\u00f3s passagem pelo Chelsea, e se consolidou como um dos pilares da defesa do t\u00e9cnico Carlo Ancelotti. Na temporada atual, o zagueiro disputou 30 jogos, sendo titular em 29 deles. Al\u00e9m de sua solidez defensiva, o alem\u00e3o tamb\u00e9m \u00e9 conhecido pelo comportamento irreverente fora de campo, o que fez com que torcedores o apelidassem de \u201clouco\u201d.<\/p>\n\n\n\n<p>O confronto contra o Celta de Vigo foi movimentado. O Real Madrid abriu vantagem com gols de Vini Jr. e Mbapp\u00e9 ainda no primeiro tempo, mas sofreu o empate nos acr\u00e9scimos. A prorroga\u00e7\u00e3o se tornou necess\u00e1ria, e foi quando Endrick apareceu. O jovem atacante marcou um gola\u00e7o de fora da \u00e1rea para recolocar o time merengue na frente e, minutos depois, ampliou com um toque de calcanhar. Valverde fechou o placar e selou a classifica\u00e7\u00e3o.<\/p>\n\n\n\n<p>A imprensa espanhola destacou a import\u00e2ncia de Endrick na partida. O jornal <strong>\u201cAS\u201d<\/strong> classificou sua atua\u00e7\u00e3o como decisiva e afirmou que o brasileiro \u201cevitou outro desastre\u201d do Real Madrid. O atacante n\u00e3o marcava desde setembro de 2024, quando balan\u00e7ou as redes contra o Stuttgart pela primeira rodada da Champions League.<\/p>\n\n\n\n<p>Depois da classifica\u00e7\u00e3o na Copa do Rei, o Real Madrid volta a campo no s\u00e1bado, \u00e0s 17h (hor\u00e1rio de Bras\u00edlia), pela 20\u00aa rodada da LaLiga. A equipe enfrentar\u00e1 o Getafe, fora de casa, em busca de mais uma vit\u00f3ria na competi\u00e7\u00e3o.<\/p>\n","protected":false},"excerpt":{"rendered":"<p>Endrick decide para o Real Madrid na Copa do Rei e exalta R\u00fcdiger ap\u00f3s vit\u00f3ria Endrick brilhou na classifica\u00e7\u00e3o do Real Madrid para as quartas de final da Copa do Rei. Com dois gols marcados na prorroga\u00e7\u00e3o, o atacante brasileiro foi decisivo na vit\u00f3ria por 5 a 3 sobre o Celta de Vigo, na \u00faltima [&hellip;]<\/p>\n","protected":false},"author":17,"featured_media":161086,"comment_status":"open","ping_status":"closed","sticky":false,"template":"","format":"standard","meta":{"footnotes":""},"categories":[88],"tags":[],"class_list":["post-214339","post","type-post","status-publish","format-standard","has-post-thumbnail","hentry","category-real-madrid"],"yoast_head":"<!-- This site is optimized with the Yoast SEO Premium plugin v24.2 (Yoast SEO v26.9) - https:\/\/yoast.com\/product\/yoast-seo-premium-wordpress\/ -->\n<title>Real Madrid: a declara\u00e7\u00e3o de Endrick direcionada a R\u00fcdiger<\/title>\n<meta name=\"robots\" content=\"index, follow, max-snippet:-1, max-image-preview:large, max-video-preview:-1\" \/>\n<link rel=\"canonical\" href=\"https:\/\/www.gaveanews.com\/index.php\/2025\/01\/18\/real-madrid-a-declaracao-de-endrick-direcionada-a-rudiger\/\" \/>\n<meta property=\"og:locale\" content=\"pt_BR\" \/>\n<meta property=\"og:type\" content=\"article\" \/>\n<meta property=\"og:title\" content=\"Real Madrid: a declara\u00e7\u00e3o de Endrick direcionada a R\u00fcdiger\" \/>\n<meta property=\"og:description\" content=\"Endrick decide para o Real Madrid na Copa do Rei e exalta R\u00fcdiger ap\u00f3s vit\u00f3ria Endrick brilhou na classifica\u00e7\u00e3o do Real Madrid para as quartas de final da Copa do Rei. Com dois gols marcados na prorroga\u00e7\u00e3o, o atacante brasileiro foi decisivo na vit\u00f3ria por 5 a 3 sobre o Celta de Vigo, na \u00faltima [&hellip;]\" \/>\n<meta property=\"og:url\" content=\"https:\/\/www.gaveanews.com\/index.php\/2025\/01\/18\/real-madrid-a-declaracao-de-endrick-direcionada-a-rudiger\/\" \/>\n<meta property=\"og:site_name\" content=\"G\u00e1vea News\" \/>\n<meta property=\"article:publisher\" content=\"https:\/\/facebook.com\/gaveaNews\/\" \/>\n<meta property=\"article:published_time\" content=\"2025-01-18T12:50:00+00:00\" \/>\n<meta property=\"og:image\" content=\"https:\/\/www.gaveanews.com\/wp-content\/uploads\/endrick_-_real_madrid_1.jpg_554688468.webp\" \/>\n\t<meta property=\"og:image:width\" content=\"1200\" \/>\n\t<meta property=\"og:image:height\" content=\"675\" \/>\n\t<meta property=\"og:image:type\" content=\"image\/webp\" \/>\n<meta name=\"author\" content=\"Geovanna Thomaz\" \/>\n<meta name=\"twitter:card\" content=\"summary_large_image\" \/>\n<meta name=\"twitter:label1\" content=\"Escrito por\" \/>\n\t<meta name=\"twitter:data1\" content=\"Geovanna Thomaz\" \/>\n\t<meta name=\"twitter:label2\" content=\"Est. tempo de leitura\" \/>\n\t<meta name=\"twitter:data2\" content=\"3 minutos\" \/>\n<script type=\"application\/ld+json\" class=\"yoast-schema-graph\">{\"@context\":\"https:\/\/schema.org\",\"@graph\":[{\"@type\":\"NewsArticle\",\"@id\":\"https:\/\/www.gaveanews.com\/index.php\/2025\/01\/18\/real-madrid-a-declaracao-de-endrick-direcionada-a-rudiger\/#article\",\"isPartOf\":{\"@id\":\"https:\/\/www.gaveanews.com\/index.php\/2025\/01\/18\/real-madrid-a-declaracao-de-endrick-direcionada-a-rudiger\/\"},\"author\":{\"name\":\"Geovanna Thomaz\",\"@id\":\"https:\/\/www.gaveanews.com\/#\/schema\/person\/f42654babcd2b2014a1a65af82b081f1\"},\"headline\":\"Real Madrid: a declara\u00e7\u00e3o de Endrick direcionada a R\u00fcdiger\",\"datePublished\":\"2025-01-18T12:50:00+00:00\",\"mainEntityOfPage\":{\"@id\":\"https:\/\/www.gaveanews.com\/index.php\/2025\/01\/18\/real-madrid-a-declaracao-de-endrick-direcionada-a-rudiger\/\"},\"wordCount\":491,\"commentCount\":0,\"image\":{\"@id\":\"https:\/\/www.gaveanews.com\/index.php\/2025\/01\/18\/real-madrid-a-declaracao-de-endrick-direcionada-a-rudiger\/#primaryimage\"},\"thumbnailUrl\":\"https:\/\/www.gaveanews.com\/wp-content\/uploads\/endrick_-_real_madrid_1.jpg_554688468.webp\",\"articleSection\":[\"Real Madrid\"],\"inLanguage\":\"pt-BR\",\"potentialAction\":[{\"@type\":\"CommentAction\",\"name\":\"Comment\",\"target\":[\"https:\/\/www.gaveanews.com\/index.php\/2025\/01\/18\/real-madrid-a-declaracao-de-endrick-direcionada-a-rudiger\/#respond\"]}],\"copyrightYear\":\"2025\",\"copyrightHolder\":{\"@id\":\"https:\/\/www.gaveanews.com\/#organization\"}},{\"@type\":\"WebPage\",\"@id\":\"https:\/\/www.gaveanews.com\/index.php\/2025\/01\/18\/real-madrid-a-declaracao-de-endrick-direcionada-a-rudiger\/\",\"url\":\"https:\/\/www.gaveanews.com\/index.php\/2025\/01\/18\/real-madrid-a-declaracao-de-endrick-direcionada-a-rudiger\/\",\"name\":\"Real Madrid: a declara\u00e7\u00e3o de Endrick direcionada a R\u00fcdiger\",\"isPartOf\":{\"@id\":\"https:\/\/www.gaveanews.com\/#website\"},\"primaryImageOfPage\":{\"@id\":\"https:\/\/www.gaveanews.com\/index.php\/2025\/01\/18\/real-madrid-a-declaracao-de-endrick-direcionada-a-rudiger\/#primaryimage\"},\"image\":{\"@id\":\"https:\/\/www.gaveanews.com\/index.php\/2025\/01\/18\/real-madrid-a-declaracao-de-endrick-direcionada-a-rudiger\/#primaryimage\"},\"thumbnailUrl\":\"https:\/\/www.gaveanews.com\/wp-content\/uploads\/endrick_-_real_madrid_1.jpg_554688468.webp\",\"datePublished\":\"2025-01-18T12:50:00+00:00\",\"author\":{\"@id\":\"https:\/\/www.gaveanews.com\/#\/schema\/person\/f42654babcd2b2014a1a65af82b081f1\"},\"breadcrumb\":{\"@id\":\"https:\/\/www.gaveanews.com\/index.php\/2025\/01\/18\/real-madrid-a-declaracao-de-endrick-direcionada-a-rudiger\/#breadcrumb\"},\"inLanguage\":\"pt-BR\",\"potentialAction\":[{\"@type\":\"ReadAction\",\"target\":[\"https:\/\/www.gaveanews.com\/index.php\/2025\/01\/18\/real-madrid-a-declaracao-de-endrick-direcionada-a-rudiger\/\"]}]},{\"@type\":\"ImageObject\",\"inLanguage\":\"pt-BR\",\"@id\":\"https:\/\/www.gaveanews.com\/index.php\/2025\/01\/18\/real-madrid-a-declaracao-de-endrick-direcionada-a-rudiger\/#primaryimage\",\"url\":\"https:\/\/www.gaveanews.com\/wp-content\/uploads\/endrick_-_real_madrid_1.jpg_554688468.webp\",\"contentUrl\":\"https:\/\/www.gaveanews.com\/wp-content\/uploads\/endrick_-_real_madrid_1.jpg_554688468.webp\",\"width\":1200,\"height\":675,\"caption\":\"Endrick marcou seu primeiro gol pelo Real Madrid - Angel Martinez (2024 Getty Images, Getty Images Europe)\"},{\"@type\":\"BreadcrumbList\",\"@id\":\"https:\/\/www.gaveanews.com\/index.php\/2025\/01\/18\/real-madrid-a-declaracao-de-endrick-direcionada-a-rudiger\/#breadcrumb\",\"itemListElement\":[{\"@type\":\"ListItem\",\"position\":1,\"name\":\"Home\",\"item\":\"https:\/\/www.gaveanews.com\/\"},{\"@type\":\"ListItem\",\"position\":2,\"name\":\"Real Madrid: a declara\u00e7\u00e3o de Endrick direcionada a R\u00fcdiger\"}]},{\"@type\":\"WebSite\",\"@id\":\"https:\/\/www.gaveanews.com\/#website\",\"url\":\"https:\/\/www.gaveanews.com\/\",\"name\":\"G\u00e1vea News\",\"description\":\"Veja todas as not\u00edcias sobre o Flamengo: Contrata\u00e7\u00f5es, categorias de base, resultados das partidas, tabela de classifica\u00e7\u00e3o, pr\u00f3ximos jogos!\",\"potentialAction\":[{\"@type\":\"SearchAction\",\"target\":{\"@type\":\"EntryPoint\",\"urlTemplate\":\"https:\/\/www.gaveanews.com\/?s={search_term_string}\"},\"query-input\":{\"@type\":\"PropertyValueSpecification\",\"valueRequired\":true,\"valueName\":\"search_term_string\"}}],\"inLanguage\":\"pt-BR\"},{\"@type\":\"Person\",\"@id\":\"https:\/\/www.gaveanews.com\/#\/schema\/person\/f42654babcd2b2014a1a65af82b081f1\",\"name\":\"Geovanna Thomaz\",\"image\":{\"@type\":\"ImageObject\",\"inLanguage\":\"pt-BR\",\"@id\":\"https:\/\/www.gaveanews.com\/#\/schema\/person\/image\/\",\"url\":\"https:\/\/secure.gravatar.com\/avatar\/4092073255489533afb558984b49b64268c47198af8623cc82a925ae9fb7118a?s=96&d=mm&r=g\",\"contentUrl\":\"https:\/\/secure.gravatar.com\/avatar\/4092073255489533afb558984b49b64268c47198af8623cc82a925ae9fb7118a?s=96&d=mm&r=g\",\"caption\":\"Geovanna Thomaz\"}}]}<\/script>\n<!-- \/ Yoast SEO Premium plugin. -->","yoast_head_json":{"title":"Real Madrid: a declara\u00e7\u00e3o de Endrick direcionada a R\u00fcdiger","robots":{"index":"index","follow":"follow","max-snippet":"max-snippet:-1","max-image-preview":"max-image-preview:large","max-video-preview":"max-video-preview:-1"},"canonical":"https:\/\/www.gaveanews.com\/index.php\/2025\/01\/18\/real-madrid-a-declaracao-de-endrick-direcionada-a-rudiger\/","og_locale":"pt_BR","og_type":"article","og_title":"Real Madrid: a declara\u00e7\u00e3o de Endrick direcionada a R\u00fcdiger","og_description":"Endrick decide para o Real Madrid na Copa do Rei e exalta R\u00fcdiger ap\u00f3s vit\u00f3ria Endrick brilhou na classifica\u00e7\u00e3o do Real Madrid para as quartas de final da Copa do Rei. Com dois gols marcados na prorroga\u00e7\u00e3o, o atacante brasileiro foi decisivo na vit\u00f3ria por 5 a 3 sobre o Celta de Vigo, na \u00faltima [&hellip;]","og_url":"https:\/\/www.gaveanews.com\/index.php\/2025\/01\/18\/real-madrid-a-declaracao-de-endrick-direcionada-a-rudiger\/","og_site_name":"G\u00e1vea News","article_publisher":"https:\/\/facebook.com\/gaveaNews\/","article_published_time":"2025-01-18T12:50:00+00:00","og_image":[{"width":1200,"height":675,"url":"https:\/\/www.gaveanews.com\/wp-content\/uploads\/endrick_-_real_madrid_1.jpg_554688468.webp","type":"image\/webp"}],"author":"Geovanna Thomaz","twitter_card":"summary_large_image","twitter_misc":{"Escrito por":"Geovanna Thomaz","Est. tempo de leitura":"3 minutos"},"schema":{"@context":"https:\/\/schema.org","@graph":[{"@type":"NewsArticle","@id":"https:\/\/www.gaveanews.com\/index.php\/2025\/01\/18\/real-madrid-a-declaracao-de-endrick-direcionada-a-rudiger\/#article","isPartOf":{"@id":"https:\/\/www.gaveanews.com\/index.php\/2025\/01\/18\/real-madrid-a-declaracao-de-endrick-direcionada-a-rudiger\/"},"author":{"name":"Geovanna Thomaz","@id":"https:\/\/www.gaveanews.com\/#\/schema\/person\/f42654babcd2b2014a1a65af82b081f1"},"headline":"Real Madrid: a declara\u00e7\u00e3o de Endrick direcionada a R\u00fcdiger","datePublished":"2025-01-18T12:50:00+00:00","mainEntityOfPage":{"@id":"https:\/\/www.gaveanews.com\/index.php\/2025\/01\/18\/real-madrid-a-declaracao-de-endrick-direcionada-a-rudiger\/"},"wordCount":491,"commentCount":0,"image":{"@id":"https:\/\/www.gaveanews.com\/index.php\/2025\/01\/18\/real-madrid-a-declaracao-de-endrick-direcionada-a-rudiger\/#primaryimage"},"thumbnailUrl":"https:\/\/www.gaveanews.com\/wp-content\/uploads\/endrick_-_real_madrid_1.jpg_554688468.webp","articleSection":["Real Madrid"],"inLanguage":"pt-BR","potentialAction":[{"@type":"CommentAction","name":"Comment","target":["https:\/\/www.gaveanews.com\/index.php\/2025\/01\/18\/real-madrid-a-declaracao-de-endrick-direcionada-a-rudiger\/#respond"]}],"copyrightYear":"2025","copyrightHolder":{"@id":"https:\/\/www.gaveanews.com\/#organization"}},{"@type":"WebPage","@id":"https:\/\/www.gaveanews.com\/index.php\/2025\/01\/18\/real-madrid-a-declaracao-de-endrick-direcionada-a-rudiger\/","url":"https:\/\/www.gaveanews.com\/index.php\/2025\/01\/18\/real-madrid-a-declaracao-de-endrick-direcionada-a-rudiger\/","name":"Real Madrid: a declara\u00e7\u00e3o de Endrick direcionada a R\u00fcdiger","isPartOf":{"@id":"https:\/\/www.gaveanews.com\/#website"},"primaryImageOfPage":{"@id":"https:\/\/www.gaveanews.com\/index.php\/2025\/01\/18\/real-madrid-a-declaracao-de-endrick-direcionada-a-rudiger\/#primaryimage"},"image":{"@id":"https:\/\/www.gaveanews.com\/index.php\/2025\/01\/18\/real-madrid-a-declaracao-de-endrick-direcionada-a-rudiger\/#primaryimage"},"thumbnailUrl":"https:\/\/www.gaveanews.com\/wp-content\/uploads\/endrick_-_real_madrid_1.jpg_554688468.webp","datePublished":"2025-01-18T12:50:00+00:00","author":{"@id":"https:\/\/www.gaveanews.com\/#\/schema\/person\/f42654babcd2b2014a1a65af82b081f1"},"breadcrumb":{"@id":"https:\/\/www.gaveanews.com\/index.php\/2025\/01\/18\/real-madrid-a-declaracao-de-endrick-direcionada-a-rudiger\/#breadcrumb"},"inLanguage":"pt-BR","potentialAction":[{"@type":"ReadAction","target":["https:\/\/www.gaveanews.com\/index.php\/2025\/01\/18\/real-madrid-a-declaracao-de-endrick-direcionada-a-rudiger\/"]}]},{"@type":"ImageObject","inLanguage":"pt-BR","@id":"https:\/\/www.gaveanews.com\/index.php\/2025\/01\/18\/real-madrid-a-declaracao-de-endrick-direcionada-a-rudiger\/#primaryimage","url":"https:\/\/www.gaveanews.com\/wp-content\/uploads\/endrick_-_real_madrid_1.jpg_554688468.webp","contentUrl":"https:\/\/www.gaveanews.com\/wp-content\/uploads\/endrick_-_real_madrid_1.jpg_554688468.webp","width":1200,"height":675,"caption":"Endrick marcou seu primeiro gol pelo Real Madrid - Angel Martinez (2024 Getty Images, Getty Images Europe)"},{"@type":"BreadcrumbList","@id":"https:\/\/www.gaveanews.com\/index.php\/2025\/01\/18\/real-madrid-a-declaracao-de-endrick-direcionada-a-rudiger\/#breadcrumb","itemListElement":[{"@type":"ListItem","position":1,"name":"Home","item":"https:\/\/www.gaveanews.com\/"},{"@type":"ListItem","position":2,"name":"Real Madrid: a declara\u00e7\u00e3o de Endrick direcionada a R\u00fcdiger"}]},{"@type":"WebSite","@id":"https:\/\/www.gaveanews.com\/#website","url":"https:\/\/www.gaveanews.com\/","name":"G\u00e1vea News","description":"Veja todas as not\u00edcias sobre o Flamengo: Contrata\u00e7\u00f5es, categorias de base, resultados das partidas, tabela de classifica\u00e7\u00e3o, pr\u00f3ximos jogos!","potentialAction":[{"@type":"SearchAction","target":{"@type":"EntryPoint","urlTemplate":"https:\/\/www.gaveanews.com\/?s={search_term_string}"},"query-input":{"@type":"PropertyValueSpecification","valueRequired":true,"valueName":"search_term_string"}}],"inLanguage":"pt-BR"},{"@type":"Person","@id":"https:\/\/www.gaveanews.com\/#\/schema\/person\/f42654babcd2b2014a1a65af82b081f1","name":"Geovanna Thomaz","image":{"@type":"ImageObject","inLanguage":"pt-BR","@id":"https:\/\/www.gaveanews.com\/#\/schema\/person\/image\/","url":"https:\/\/secure.gravatar.com\/avatar\/4092073255489533afb558984b49b64268c47198af8623cc82a925ae9fb7118a?s=96&d=mm&r=g","contentUrl":"https:\/\/secure.gravatar.com\/avatar\/4092073255489533afb558984b49b64268c47198af8623cc82a925ae9fb7118a?s=96&d=mm&r=g","caption":"Geovanna Thomaz"}}]}},"_links":{"self":[{"href":"https:\/\/www.gaveanews.com\/index.php\/wp-json\/wp\/v2\/posts\/214339","targetHints":{"allow":["GET"]}}],"collection":[{"href":"https:\/\/www.gaveanews.com\/index.php\/wp-json\/wp\/v2\/posts"}],"about":[{"href":"https:\/\/www.gaveanews.com\/index.php\/wp-json\/wp\/v2\/types\/post"}],"author":[{"embeddable":true,"href":"https:\/\/www.gaveanews.com\/index.php\/wp-json\/wp\/v2\/users\/17"}],"replies":[{"embeddable":true,"href":"https:\/\/www.gaveanews.com\/index.php\/wp-json\/wp\/v2\/comments?post=214339"}],"version-history":[{"count":1,"href":"https:\/\/www.gaveanews.com\/index.php\/wp-json\/wp\/v2\/posts\/214339\/revisions"}],"predecessor-version":[{"id":214350,"href":"https:\/\/www.gaveanews.com\/index.php\/wp-json\/wp\/v2\/posts\/214339\/revisions\/214350"}],"wp:featuredmedia":[{"embeddable":true,"href":"https:\/\/www.gaveanews.com\/index.php\/wp-json\/wp\/v2\/media\/161086"}],"wp:attachment":[{"href":"https:\/\/www.gaveanews.com\/index.php\/wp-json\/wp\/v2\/media?parent=214339"}],"wp:term":[{"taxonomy":"category","embeddable":true,"href":"https:\/\/www.gaveanews.com\/index.php\/wp-json\/wp\/v2\/categories?post=214339"},{"taxonomy":"post_tag","embeddable":true,"href":"https:\/\/www.gaveanews.com\/index.php\/wp-json\/wp\/v2\/tags?post=214339"}],"curies":[{"name":"wp","href":"https:\/\/api.w.org\/{rel}","templated":true}]}}