{"id":214455,"date":"2025-01-18T14:40:00","date_gmt":"2025-01-18T17:40:00","guid":{"rendered":"https:\/\/www.gaveanews.com\/?p=214455"},"modified":"2025-01-18T13:19:40","modified_gmt":"2025-01-18T16:19:40","slug":"esse-e-o-valor-que-o-palmeiras-vai-ter-que-pagar-por-valentin-gomez","status":"publish","type":"post","link":"https:\/\/www.gaveanews.com\/index.php\/2025\/01\/18\/esse-e-o-valor-que-o-palmeiras-vai-ter-que-pagar-por-valentin-gomez\/","title":{"rendered":"Esse \u00e9 o valor que o Palmeiras vai ter que pagar por Valent\u00edn G\u00f3mez"},"content":{"rendered":"\n<p>O defensor Valent\u00edn G\u00f3mez, do V\u00e9lez, foi apresentado ao Palmeiras por meio de intermedi\u00e1rios com boa rela\u00e7\u00e3o com o clube. De acordo com o portal Nosso Palestra afirmam que qualquer proposta para sua contrata\u00e7\u00e3o deve incluir um pagamento em torno de US$ 12 milh\u00f5es (cerca de R$ 72 milh\u00f5es na cota\u00e7\u00e3o atual).<\/p>\n\n\n\n<ul class=\"wp-block-list\">\n<li><a href=\"https:\/\/www.gaveanews.com\/index.php\/2025\/01\/17\/palmeiras-flavio-prado-pede-mais-oportunidades-para-jogador\/\">Palmeiras: Fl\u00e1vio Prado pede mais oportunidades para jogador<\/a><\/li>\n\n\n\n<li><a href=\"https:\/\/www.gaveanews.com\/index.php\/2025\/01\/17\/leila-pereira-e-sincera-sobre-chegada-de-reforcos-no-palmeiras\/\">Leila Pereira \u00e9 sincera sobre chegada de refor\u00e7os no Palmeiras<\/a><\/li>\n<\/ul>\n\n\n\n<p>Apesar disso, o presidente do V\u00e9lez, Fabi\u00e1n Berlanga, conversou com o jornalista PVC por telefone. O comunicador compartilhou os detalhes dessa conversa em sua coluna no UOL Esporte.<\/p>\n\n\n\n<p>O zagueiro canhoto Valent\u00edn G\u00f3mez, que estava em negocia\u00e7\u00f5es com o Cruzeiro at\u00e9 a diretoria de Pedro Louren\u00e7o decidir n\u00e3o continuar com a contrata\u00e7\u00e3o, seria uma adi\u00e7\u00e3o valiosa para o Verd\u00e3o e se alinharia ao perfil desejado por Abel Ferreira, por\u00e9m n\u00e3o houve proposta formal.<\/p>\n\n\n\n<figure class=\"wp-block-embed is-type-photo is-provider-flickr wp-block-embed-flickr\"><div class=\"wp-block-embed__wrapper\">\n<a href=\"https:\/\/www.flickr.com\/photos\/201636948@N07\/54242581279\/in\/dateposted-public\/\"><img loading=\"lazy\" decoding=\"async\" src=\"https:\/\/live.staticflickr.com\/65535\/54242581279_1c0f42885c_c.webp\" alt=\"GgQKCD6WgAA2Gld\" width=\"640\" height=\"800\" \/><\/a>\n<\/div><\/figure>\n\n\n\n<p>Foram tr\u00eas respostas positivas seguidas de novas exig\u00eancias por parte do clube argentino, mas no final n\u00e3o se chegou a um acordo. Berlanga confirmou as tratativas com o Cruzeiro e informou que o time mineiro retirou a proposta.<\/p>\n\n\n\n<p>Quando perguntado sobre ofertas do Palmeiras ou Flamengo neste momento, Berlanga afirmou que n\u00e3o h\u00e1 nenhuma.<\/p>\n\n\n\n<p>&#8220;Neste momento, n\u00e3o h\u00e1 nenhuma proposta por Valent\u00edn e, por ora, ele segue conosco para a temporada.\u201d<\/p>\n\n\n\n<p>No Palmeiras, as quest\u00f5es relacionadas a Valent\u00edn G\u00f3mez n\u00e3o possuem confirma\u00e7\u00e3o ou nega\u00e7\u00e3o. Em outras palavras, pode ocorrer um ataque a qualquer instante. N\u00e3o me agrada internamente e est\u00e1 em an\u00e1lise a hip\u00f3tese.<\/p>\n\n\n\n<p>No entanto, o l\u00edder do V\u00e9lez assegura que, neste momento, n\u00e3o h\u00e1 nenhuma oferta do futebol brasileiro. Nenhum representante do Palmeiras ou do Flamengo. A equipe do Rio de Janeiro foi novamente mencionada como uma op\u00e7\u00e3o para contratar o atleta.<\/p>\n\n\n\n<p>\u00c9 importante mencionar que ele chegou a negociar com o Cruzeiro nesta janela de transfer\u00eancias, por\u00e9m, o acordo foi anulado ap\u00f3s uma partida dif\u00edcil contra o V\u00e9lez Sarsfield. Portanto, a Raposa abandonou o acordo, embora a transa\u00e7\u00e3o estivesse estimada em 10 milh\u00f5es de d\u00f3lares.<\/p>\n","protected":false},"excerpt":{"rendered":"<p>O defensor Valent\u00edn G\u00f3mez, do V\u00e9lez, foi apresentado ao Palmeiras por meio de intermedi\u00e1rios com boa rela\u00e7\u00e3o com o clube. De acordo com o portal Nosso Palestra afirmam que qualquer proposta para sua contrata\u00e7\u00e3o deve incluir um pagamento em torno de US$ 12 milh\u00f5es (cerca de R$ 72 milh\u00f5es na cota\u00e7\u00e3o atual). Apesar disso, o [&hellip;]<\/p>\n","protected":false},"author":16,"featured_media":142474,"comment_status":"open","ping_status":"closed","sticky":false,"template":"","format":"standard","meta":{"footnotes":""},"categories":[150],"tags":[],"class_list":["post-214455","post","type-post","status-publish","format-standard","has-post-thumbnail","hentry","category-palmeiras"],"yoast_head":"<!-- This site is optimized with the Yoast SEO Premium plugin v24.2 (Yoast SEO v26.9) - https:\/\/yoast.com\/product\/yoast-seo-premium-wordpress\/ -->\n<title>Esse \u00e9 o valor que o Palmeiras vai ter que pagar por Valent\u00edn G\u00f3mez<\/title>\n<meta name=\"robots\" content=\"index, follow, max-snippet:-1, max-image-preview:large, max-video-preview:-1\" \/>\n<link rel=\"canonical\" href=\"https:\/\/www.gaveanews.com\/index.php\/2025\/01\/18\/esse-e-o-valor-que-o-palmeiras-vai-ter-que-pagar-por-valentin-gomez\/\" \/>\n<meta property=\"og:locale\" content=\"pt_BR\" \/>\n<meta property=\"og:type\" content=\"article\" \/>\n<meta property=\"og:title\" content=\"Esse \u00e9 o valor que o Palmeiras vai ter que pagar por Valent\u00edn G\u00f3mez\" \/>\n<meta property=\"og:description\" content=\"O defensor Valent\u00edn G\u00f3mez, do V\u00e9lez, foi apresentado ao Palmeiras por meio de intermedi\u00e1rios com boa rela\u00e7\u00e3o com o clube. De acordo com o portal Nosso Palestra afirmam que qualquer proposta para sua contrata\u00e7\u00e3o deve incluir um pagamento em torno de US$ 12 milh\u00f5es (cerca de R$ 72 milh\u00f5es na cota\u00e7\u00e3o atual). Apesar disso, o [&hellip;]\" \/>\n<meta property=\"og:url\" content=\"https:\/\/www.gaveanews.com\/index.php\/2025\/01\/18\/esse-e-o-valor-que-o-palmeiras-vai-ter-que-pagar-por-valentin-gomez\/\" \/>\n<meta property=\"og:site_name\" content=\"G\u00e1vea News\" \/>\n<meta property=\"article:publisher\" content=\"https:\/\/facebook.com\/gaveaNews\/\" \/>\n<meta property=\"article:published_time\" content=\"2025-01-18T17:40:00+00:00\" \/>\n<meta property=\"og:image\" content=\"https:\/\/www.gaveanews.com\/wp-content\/uploads\/A-presidente-Leila-Pereira-da-SE-Palmeiras-durante-coletiva-de-imprensa-na-Academia-de-Futebol-2-696x385-1.webp\" \/>\n\t<meta property=\"og:image:width\" content=\"696\" \/>\n\t<meta property=\"og:image:height\" content=\"385\" \/>\n\t<meta property=\"og:image:type\" content=\"image\/webp\" \/>\n<meta name=\"author\" content=\"D\u00e9bora Figueiredo\" \/>\n<meta name=\"twitter:card\" content=\"summary_large_image\" \/>\n<meta name=\"twitter:label1\" content=\"Escrito por\" \/>\n\t<meta name=\"twitter:data1\" content=\"D\u00e9bora Figueiredo\" \/>\n\t<meta name=\"twitter:label2\" content=\"Est. tempo de leitura\" \/>\n\t<meta name=\"twitter:data2\" content=\"3 minutos\" \/>\n<script type=\"application\/ld+json\" class=\"yoast-schema-graph\">{\"@context\":\"https:\/\/schema.org\",\"@graph\":[{\"@type\":\"NewsArticle\",\"@id\":\"https:\/\/www.gaveanews.com\/index.php\/2025\/01\/18\/esse-e-o-valor-que-o-palmeiras-vai-ter-que-pagar-por-valentin-gomez\/#article\",\"isPartOf\":{\"@id\":\"https:\/\/www.gaveanews.com\/index.php\/2025\/01\/18\/esse-e-o-valor-que-o-palmeiras-vai-ter-que-pagar-por-valentin-gomez\/\"},\"author\":{\"name\":\"D\u00e9bora Figueiredo\",\"@id\":\"https:\/\/www.gaveanews.com\/#\/schema\/person\/37122681a8575a5c8db05a56f099a5e4\"},\"headline\":\"Esse \u00e9 o valor que o Palmeiras vai ter que pagar por Valent\u00edn G\u00f3mez\",\"datePublished\":\"2025-01-18T17:40:00+00:00\",\"mainEntityOfPage\":{\"@id\":\"https:\/\/www.gaveanews.com\/index.php\/2025\/01\/18\/esse-e-o-valor-que-o-palmeiras-vai-ter-que-pagar-por-valentin-gomez\/\"},\"wordCount\":399,\"commentCount\":0,\"image\":{\"@id\":\"https:\/\/www.gaveanews.com\/index.php\/2025\/01\/18\/esse-e-o-valor-que-o-palmeiras-vai-ter-que-pagar-por-valentin-gomez\/#primaryimage\"},\"thumbnailUrl\":\"https:\/\/www.gaveanews.com\/wp-content\/uploads\/A-presidente-Leila-Pereira-da-SE-Palmeiras-durante-coletiva-de-imprensa-na-Academia-de-Futebol-2-696x385-1.webp\",\"articleSection\":[\"Palmeiras\"],\"inLanguage\":\"pt-BR\",\"potentialAction\":[{\"@type\":\"CommentAction\",\"name\":\"Comment\",\"target\":[\"https:\/\/www.gaveanews.com\/index.php\/2025\/01\/18\/esse-e-o-valor-que-o-palmeiras-vai-ter-que-pagar-por-valentin-gomez\/#respond\"]}],\"copyrightYear\":\"2025\",\"copyrightHolder\":{\"@id\":\"https:\/\/www.gaveanews.com\/#organization\"}},{\"@type\":\"WebPage\",\"@id\":\"https:\/\/www.gaveanews.com\/index.php\/2025\/01\/18\/esse-e-o-valor-que-o-palmeiras-vai-ter-que-pagar-por-valentin-gomez\/\",\"url\":\"https:\/\/www.gaveanews.com\/index.php\/2025\/01\/18\/esse-e-o-valor-que-o-palmeiras-vai-ter-que-pagar-por-valentin-gomez\/\",\"name\":\"Esse \u00e9 o valor que o Palmeiras vai ter que pagar por Valent\u00edn G\u00f3mez\",\"isPartOf\":{\"@id\":\"https:\/\/www.gaveanews.com\/#website\"},\"primaryImageOfPage\":{\"@id\":\"https:\/\/www.gaveanews.com\/index.php\/2025\/01\/18\/esse-e-o-valor-que-o-palmeiras-vai-ter-que-pagar-por-valentin-gomez\/#primaryimage\"},\"image\":{\"@id\":\"https:\/\/www.gaveanews.com\/index.php\/2025\/01\/18\/esse-e-o-valor-que-o-palmeiras-vai-ter-que-pagar-por-valentin-gomez\/#primaryimage\"},\"thumbnailUrl\":\"https:\/\/www.gaveanews.com\/wp-content\/uploads\/A-presidente-Leila-Pereira-da-SE-Palmeiras-durante-coletiva-de-imprensa-na-Academia-de-Futebol-2-696x385-1.webp\",\"datePublished\":\"2025-01-18T17:40:00+00:00\",\"author\":{\"@id\":\"https:\/\/www.gaveanews.com\/#\/schema\/person\/37122681a8575a5c8db05a56f099a5e4\"},\"breadcrumb\":{\"@id\":\"https:\/\/www.gaveanews.com\/index.php\/2025\/01\/18\/esse-e-o-valor-que-o-palmeiras-vai-ter-que-pagar-por-valentin-gomez\/#breadcrumb\"},\"inLanguage\":\"pt-BR\",\"potentialAction\":[{\"@type\":\"ReadAction\",\"target\":[\"https:\/\/www.gaveanews.com\/index.php\/2025\/01\/18\/esse-e-o-valor-que-o-palmeiras-vai-ter-que-pagar-por-valentin-gomez\/\"]}]},{\"@type\":\"ImageObject\",\"inLanguage\":\"pt-BR\",\"@id\":\"https:\/\/www.gaveanews.com\/index.php\/2025\/01\/18\/esse-e-o-valor-que-o-palmeiras-vai-ter-que-pagar-por-valentin-gomez\/#primaryimage\",\"url\":\"https:\/\/www.gaveanews.com\/wp-content\/uploads\/A-presidente-Leila-Pereira-da-SE-Palmeiras-durante-coletiva-de-imprensa-na-Academia-de-Futebol-2-696x385-1.webp\",\"contentUrl\":\"https:\/\/www.gaveanews.com\/wp-content\/uploads\/A-presidente-Leila-Pereira-da-SE-Palmeiras-durante-coletiva-de-imprensa-na-Academia-de-Futebol-2-696x385-1.webp\",\"width\":696,\"height\":385,\"caption\":\"Leila Pereira em coletiva - Foto: Cesar Greco\/Palmeiras\"},{\"@type\":\"BreadcrumbList\",\"@id\":\"https:\/\/www.gaveanews.com\/index.php\/2025\/01\/18\/esse-e-o-valor-que-o-palmeiras-vai-ter-que-pagar-por-valentin-gomez\/#breadcrumb\",\"itemListElement\":[{\"@type\":\"ListItem\",\"position\":1,\"name\":\"Home\",\"item\":\"https:\/\/www.gaveanews.com\/\"},{\"@type\":\"ListItem\",\"position\":2,\"name\":\"Esse \u00e9 o valor que o Palmeiras vai ter que pagar por Valent\u00edn G\u00f3mez\"}]},{\"@type\":\"WebSite\",\"@id\":\"https:\/\/www.gaveanews.com\/#website\",\"url\":\"https:\/\/www.gaveanews.com\/\",\"name\":\"G\u00e1vea News\",\"description\":\"Veja todas as not\u00edcias sobre o Flamengo: Contrata\u00e7\u00f5es, categorias de base, resultados das partidas, tabela de classifica\u00e7\u00e3o, pr\u00f3ximos jogos!\",\"potentialAction\":[{\"@type\":\"SearchAction\",\"target\":{\"@type\":\"EntryPoint\",\"urlTemplate\":\"https:\/\/www.gaveanews.com\/?s={search_term_string}\"},\"query-input\":{\"@type\":\"PropertyValueSpecification\",\"valueRequired\":true,\"valueName\":\"search_term_string\"}}],\"inLanguage\":\"pt-BR\"},{\"@type\":\"Person\",\"@id\":\"https:\/\/www.gaveanews.com\/#\/schema\/person\/37122681a8575a5c8db05a56f099a5e4\",\"name\":\"D\u00e9bora Figueiredo\",\"image\":{\"@type\":\"ImageObject\",\"inLanguage\":\"pt-BR\",\"@id\":\"https:\/\/www.gaveanews.com\/#\/schema\/person\/image\/\",\"url\":\"https:\/\/secure.gravatar.com\/avatar\/1f44802859351588499d26f52aed1d15796ce17e67602895b72837c08018868d?s=96&d=mm&r=g\",\"contentUrl\":\"https:\/\/secure.gravatar.com\/avatar\/1f44802859351588499d26f52aed1d15796ce17e67602895b72837c08018868d?s=96&d=mm&r=g\",\"caption\":\"D\u00e9bora Figueiredo\"}}]}<\/script>\n<!-- \/ Yoast SEO Premium plugin. -->","yoast_head_json":{"title":"Esse \u00e9 o valor que o Palmeiras vai ter que pagar por Valent\u00edn G\u00f3mez","robots":{"index":"index","follow":"follow","max-snippet":"max-snippet:-1","max-image-preview":"max-image-preview:large","max-video-preview":"max-video-preview:-1"},"canonical":"https:\/\/www.gaveanews.com\/index.php\/2025\/01\/18\/esse-e-o-valor-que-o-palmeiras-vai-ter-que-pagar-por-valentin-gomez\/","og_locale":"pt_BR","og_type":"article","og_title":"Esse \u00e9 o valor que o Palmeiras vai ter que pagar por Valent\u00edn G\u00f3mez","og_description":"O defensor Valent\u00edn G\u00f3mez, do V\u00e9lez, foi apresentado ao Palmeiras por meio de intermedi\u00e1rios com boa rela\u00e7\u00e3o com o clube. De acordo com o portal Nosso Palestra afirmam que qualquer proposta para sua contrata\u00e7\u00e3o deve incluir um pagamento em torno de US$ 12 milh\u00f5es (cerca de R$ 72 milh\u00f5es na cota\u00e7\u00e3o atual). Apesar disso, o [&hellip;]","og_url":"https:\/\/www.gaveanews.com\/index.php\/2025\/01\/18\/esse-e-o-valor-que-o-palmeiras-vai-ter-que-pagar-por-valentin-gomez\/","og_site_name":"G\u00e1vea News","article_publisher":"https:\/\/facebook.com\/gaveaNews\/","article_published_time":"2025-01-18T17:40:00+00:00","og_image":[{"width":696,"height":385,"url":"https:\/\/www.gaveanews.com\/wp-content\/uploads\/A-presidente-Leila-Pereira-da-SE-Palmeiras-durante-coletiva-de-imprensa-na-Academia-de-Futebol-2-696x385-1.webp","type":"image\/webp"}],"author":"D\u00e9bora Figueiredo","twitter_card":"summary_large_image","twitter_misc":{"Escrito por":"D\u00e9bora Figueiredo","Est. tempo de leitura":"3 minutos"},"schema":{"@context":"https:\/\/schema.org","@graph":[{"@type":"NewsArticle","@id":"https:\/\/www.gaveanews.com\/index.php\/2025\/01\/18\/esse-e-o-valor-que-o-palmeiras-vai-ter-que-pagar-por-valentin-gomez\/#article","isPartOf":{"@id":"https:\/\/www.gaveanews.com\/index.php\/2025\/01\/18\/esse-e-o-valor-que-o-palmeiras-vai-ter-que-pagar-por-valentin-gomez\/"},"author":{"name":"D\u00e9bora Figueiredo","@id":"https:\/\/www.gaveanews.com\/#\/schema\/person\/37122681a8575a5c8db05a56f099a5e4"},"headline":"Esse \u00e9 o valor que o Palmeiras vai ter que pagar por Valent\u00edn G\u00f3mez","datePublished":"2025-01-18T17:40:00+00:00","mainEntityOfPage":{"@id":"https:\/\/www.gaveanews.com\/index.php\/2025\/01\/18\/esse-e-o-valor-que-o-palmeiras-vai-ter-que-pagar-por-valentin-gomez\/"},"wordCount":399,"commentCount":0,"image":{"@id":"https:\/\/www.gaveanews.com\/index.php\/2025\/01\/18\/esse-e-o-valor-que-o-palmeiras-vai-ter-que-pagar-por-valentin-gomez\/#primaryimage"},"thumbnailUrl":"https:\/\/www.gaveanews.com\/wp-content\/uploads\/A-presidente-Leila-Pereira-da-SE-Palmeiras-durante-coletiva-de-imprensa-na-Academia-de-Futebol-2-696x385-1.webp","articleSection":["Palmeiras"],"inLanguage":"pt-BR","potentialAction":[{"@type":"CommentAction","name":"Comment","target":["https:\/\/www.gaveanews.com\/index.php\/2025\/01\/18\/esse-e-o-valor-que-o-palmeiras-vai-ter-que-pagar-por-valentin-gomez\/#respond"]}],"copyrightYear":"2025","copyrightHolder":{"@id":"https:\/\/www.gaveanews.com\/#organization"}},{"@type":"WebPage","@id":"https:\/\/www.gaveanews.com\/index.php\/2025\/01\/18\/esse-e-o-valor-que-o-palmeiras-vai-ter-que-pagar-por-valentin-gomez\/","url":"https:\/\/www.gaveanews.com\/index.php\/2025\/01\/18\/esse-e-o-valor-que-o-palmeiras-vai-ter-que-pagar-por-valentin-gomez\/","name":"Esse \u00e9 o valor que o Palmeiras vai ter que pagar por Valent\u00edn G\u00f3mez","isPartOf":{"@id":"https:\/\/www.gaveanews.com\/#website"},"primaryImageOfPage":{"@id":"https:\/\/www.gaveanews.com\/index.php\/2025\/01\/18\/esse-e-o-valor-que-o-palmeiras-vai-ter-que-pagar-por-valentin-gomez\/#primaryimage"},"image":{"@id":"https:\/\/www.gaveanews.com\/index.php\/2025\/01\/18\/esse-e-o-valor-que-o-palmeiras-vai-ter-que-pagar-por-valentin-gomez\/#primaryimage"},"thumbnailUrl":"https:\/\/www.gaveanews.com\/wp-content\/uploads\/A-presidente-Leila-Pereira-da-SE-Palmeiras-durante-coletiva-de-imprensa-na-Academia-de-Futebol-2-696x385-1.webp","datePublished":"2025-01-18T17:40:00+00:00","author":{"@id":"https:\/\/www.gaveanews.com\/#\/schema\/person\/37122681a8575a5c8db05a56f099a5e4"},"breadcrumb":{"@id":"https:\/\/www.gaveanews.com\/index.php\/2025\/01\/18\/esse-e-o-valor-que-o-palmeiras-vai-ter-que-pagar-por-valentin-gomez\/#breadcrumb"},"inLanguage":"pt-BR","potentialAction":[{"@type":"ReadAction","target":["https:\/\/www.gaveanews.com\/index.php\/2025\/01\/18\/esse-e-o-valor-que-o-palmeiras-vai-ter-que-pagar-por-valentin-gomez\/"]}]},{"@type":"ImageObject","inLanguage":"pt-BR","@id":"https:\/\/www.gaveanews.com\/index.php\/2025\/01\/18\/esse-e-o-valor-que-o-palmeiras-vai-ter-que-pagar-por-valentin-gomez\/#primaryimage","url":"https:\/\/www.gaveanews.com\/wp-content\/uploads\/A-presidente-Leila-Pereira-da-SE-Palmeiras-durante-coletiva-de-imprensa-na-Academia-de-Futebol-2-696x385-1.webp","contentUrl":"https:\/\/www.gaveanews.com\/wp-content\/uploads\/A-presidente-Leila-Pereira-da-SE-Palmeiras-durante-coletiva-de-imprensa-na-Academia-de-Futebol-2-696x385-1.webp","width":696,"height":385,"caption":"Leila Pereira em coletiva - Foto: Cesar Greco\/Palmeiras"},{"@type":"BreadcrumbList","@id":"https:\/\/www.gaveanews.com\/index.php\/2025\/01\/18\/esse-e-o-valor-que-o-palmeiras-vai-ter-que-pagar-por-valentin-gomez\/#breadcrumb","itemListElement":[{"@type":"ListItem","position":1,"name":"Home","item":"https:\/\/www.gaveanews.com\/"},{"@type":"ListItem","position":2,"name":"Esse \u00e9 o valor que o Palmeiras vai ter que pagar por Valent\u00edn G\u00f3mez"}]},{"@type":"WebSite","@id":"https:\/\/www.gaveanews.com\/#website","url":"https:\/\/www.gaveanews.com\/","name":"G\u00e1vea News","description":"Veja todas as not\u00edcias sobre o Flamengo: Contrata\u00e7\u00f5es, categorias de base, resultados das partidas, tabela de classifica\u00e7\u00e3o, pr\u00f3ximos jogos!","potentialAction":[{"@type":"SearchAction","target":{"@type":"EntryPoint","urlTemplate":"https:\/\/www.gaveanews.com\/?s={search_term_string}"},"query-input":{"@type":"PropertyValueSpecification","valueRequired":true,"valueName":"search_term_string"}}],"inLanguage":"pt-BR"},{"@type":"Person","@id":"https:\/\/www.gaveanews.com\/#\/schema\/person\/37122681a8575a5c8db05a56f099a5e4","name":"D\u00e9bora Figueiredo","image":{"@type":"ImageObject","inLanguage":"pt-BR","@id":"https:\/\/www.gaveanews.com\/#\/schema\/person\/image\/","url":"https:\/\/secure.gravatar.com\/avatar\/1f44802859351588499d26f52aed1d15796ce17e67602895b72837c08018868d?s=96&d=mm&r=g","contentUrl":"https:\/\/secure.gravatar.com\/avatar\/1f44802859351588499d26f52aed1d15796ce17e67602895b72837c08018868d?s=96&d=mm&r=g","caption":"D\u00e9bora Figueiredo"}}]}},"_links":{"self":[{"href":"https:\/\/www.gaveanews.com\/index.php\/wp-json\/wp\/v2\/posts\/214455","targetHints":{"allow":["GET"]}}],"collection":[{"href":"https:\/\/www.gaveanews.com\/index.php\/wp-json\/wp\/v2\/posts"}],"about":[{"href":"https:\/\/www.gaveanews.com\/index.php\/wp-json\/wp\/v2\/types\/post"}],"author":[{"embeddable":true,"href":"https:\/\/www.gaveanews.com\/index.php\/wp-json\/wp\/v2\/users\/16"}],"replies":[{"embeddable":true,"href":"https:\/\/www.gaveanews.com\/index.php\/wp-json\/wp\/v2\/comments?post=214455"}],"version-history":[{"count":2,"href":"https:\/\/www.gaveanews.com\/index.php\/wp-json\/wp\/v2\/posts\/214455\/revisions"}],"predecessor-version":[{"id":214554,"href":"https:\/\/www.gaveanews.com\/index.php\/wp-json\/wp\/v2\/posts\/214455\/revisions\/214554"}],"wp:featuredmedia":[{"embeddable":true,"href":"https:\/\/www.gaveanews.com\/index.php\/wp-json\/wp\/v2\/media\/142474"}],"wp:attachment":[{"href":"https:\/\/www.gaveanews.com\/index.php\/wp-json\/wp\/v2\/media?parent=214455"}],"wp:term":[{"taxonomy":"category","embeddable":true,"href":"https:\/\/www.gaveanews.com\/index.php\/wp-json\/wp\/v2\/categories?post=214455"},{"taxonomy":"post_tag","embeddable":true,"href":"https:\/\/www.gaveanews.com\/index.php\/wp-json\/wp\/v2\/tags?post=214455"}],"curies":[{"name":"wp","href":"https:\/\/api.w.org\/{rel}","templated":true}]}}