{"id":214528,"date":"2025-01-18T16:45:00","date_gmt":"2025-01-18T19:45:00","guid":{"rendered":"https:\/\/www.gaveanews.com\/?p=214528"},"modified":"2025-01-18T15:42:12","modified_gmt":"2025-01-18T18:42:12","slug":"veja-fotos-das-novas-camisas-do-palmeiras","status":"publish","type":"post","link":"https:\/\/www.gaveanews.com\/index.php\/2025\/01\/18\/veja-fotos-das-novas-camisas-do-palmeiras\/","title":{"rendered":"Veja fotos das novas camisas do Palmeiras"},"content":{"rendered":"\n<p>O novo uniforme do Palmeiras promete agradar os torcedores com um design mais limpo e sofisticado.&nbsp;<\/p>\n\n\n\n<ul class=\"wp-block-list\">\n<li><a href=\"https:\/\/www.gaveanews.com\/index.php\/2025\/01\/18\/tem-vaga-argentino-e-oferecido-do-palmeiras\/\">Tem vaga? Argentino \u00e9 oferecido do Palmeiras<\/a><\/li>\n\n\n\n<li><a href=\"https:\/\/www.gaveanews.com\/index.php\/2025\/01\/18\/ex-palmeiras-e-flamengo-e-contratado-pelo-corinthians\/\">Ex-Palmeiras e Flamengo \u00e9 contratado pelo Corinthians<\/a><\/li>\n<\/ul>\n\n\n\n<p>A apresenta\u00e7\u00e3o oficial est\u00e1 marcada para 6 de fevereiro, no Allianz Parque, durante o cl\u00e1ssico contra o Corinthians pelo Campeonato Paulista. Mas h\u00e1 mais novidades por tr\u00e1s dessa mudan\u00e7a.<\/p>\n\n\n\n<h2 class=\"wp-block-heading\" id=\"h-uniforme-mais-limpo-patrocinios-mais-estrategicos\">Uniforme mais limpo, patroc\u00ednios mais estrat\u00e9gicos<\/h2>\n\n\n\n<p>O Palmeiras decidiu reduzir a \u201cpolui\u00e7\u00e3o\u201d de marcas em sua camisa, apostando em um visual mais minimalista. Com a Sportingbet como patrocinadora m\u00e1ster e a Sil ocupando as mangas, o clube negocia outros espa\u00e7os, mas com cuidado para manter o equil\u00edbrio visual.<\/p>\n\n\n\n<p>Vale destacar que a regi\u00e3o inferior da camisa, anteriormente ocupada pela FAM, deve permanecer sem patroc\u00ednio, refor\u00e7ando o conceito de um uniforme mais \u201climpo\u201d.<\/p>\n\n\n\n<p>Al\u00e9m disso, o design do patroc\u00ednio m\u00e1ster tamb\u00e9m passou por mudan\u00e7as. Por isso, a marca da Sportingbet ocupa menos espa\u00e7o em compara\u00e7\u00e3o com a antiga parceira Crefisa. Sendo assim, o departamento de marketing busca aliar modernidade e valoriza\u00e7\u00e3o das marcas j\u00e1 presentes.<\/p>\n\n\n\n<h2 class=\"wp-block-heading\" id=\"h-numeros-impressionantes-e-novos-acordos\">N\u00fameros impressionantes e novos acordos<\/h2>\n\n\n\n<p>Os contratos j\u00e1 firmados pelo Palmeiras somam R$ 111 milh\u00f5es fixos anuais. Cabe ressaltar que a parceria com a Sportingbet inclui at\u00e9 R$ 70 milh\u00f5es em bonifica\u00e7\u00f5es, enquanto a Sil oferecer\u00e1 valores extras por conquistas esportivas. Dessa maneira, o clube segue impulsionando suas receitas.<\/p>\n\n\n\n<p>Outro destaque \u00e9 o acordo renovado com a Puma, fornecedora de materiais esportivos. A partir de 2025, o clube receber\u00e1 R$ 50 milh\u00f5es anuais entre dinheiro e royalties, podendo aumentar esse montante com b\u00f4nus por desempenho.<\/p>\n\n\n\n<h2 class=\"wp-block-heading\" id=\"h-fotos-do-novo-uniforme-de-treino-do-palmeiras\">Fotos do novo uniforme de treino do Palmeiras<\/h2>\n\n\n\n<p>Essa reformula\u00e7\u00e3o no uniforme n\u00e3o \u00e9 apenas est\u00e9tica. Ela reflete o esfor\u00e7o do Palmeiras em oferecer um produto visualmente agrad\u00e1vel, que valoriza o manto sagrado e fortalece a identidade do clube. Com isso, a equipe tamb\u00e9m se posiciona como refer\u00eancia no mercado esportivo.<\/p>\n\n\n\n<p><strong>A seguir, confira fotos da nova camisa de treino do Palmeiras que circula nas redes sociais:<\/strong><\/p>\n\n\n\n<figure class=\"wp-block-embed is-type-photo is-provider-flickr wp-block-embed-flickr\"><div class=\"wp-block-embed__wrapper\">\n<a href=\"https:\/\/flic.kr\/p\/2qFYqCk\"><img loading=\"lazy\" decoding=\"async\" src=\"https:\/\/live.staticflickr.com\/65535\/54273607435_d81139074e_z.webp\" alt=\"Nova camisa de treino do Palmeiras 2025\" width=\"640\" height=\"640\" \/><\/a>\n<\/div><\/figure>\n\n\n\n<figure class=\"wp-block-embed is-type-photo is-provider-flickr wp-block-embed-flickr\"><div class=\"wp-block-embed__wrapper\">\n<a href=\"https:\/\/flic.kr\/p\/2qFRHtW\"><img loading=\"lazy\" decoding=\"async\" src=\"https:\/\/live.staticflickr.com\/65535\/54272298352_c4a4c7bf5b_z.webp\" alt=\"Nova camisa de treino do Palmeiras 2025\" width=\"640\" height=\"640\" \/><\/a>\n<\/div><\/figure>\n\n\n\n<figure class=\"wp-block-embed is-type-photo is-provider-flickr wp-block-embed-flickr\"><div class=\"wp-block-embed__wrapper\">\n<a href=\"https:\/\/flic.kr\/p\/2qFWg3D\"><img loading=\"lazy\" decoding=\"async\" src=\"https:\/\/live.staticflickr.com\/65535\/54273184981_ca9bf02fe2_z.webp\" alt=\"Nova camisa de treino do Palmeiras 2025\" width=\"640\" height=\"640\" \/><\/a>\n<\/div><\/figure>\n\n\n\n<figure class=\"wp-block-embed is-type-photo is-provider-flickr wp-block-embed-flickr\"><div class=\"wp-block-embed__wrapper\">\n<a href=\"https:\/\/flic.kr\/p\/2qFWg3y\"><img loading=\"lazy\" decoding=\"async\" src=\"https:\/\/live.staticflickr.com\/65535\/54273184976_758b024f80_z.webp\" alt=\"Nova camisa de treino do Palmeiras 2025\" width=\"640\" height=\"640\" \/><\/a>\n<\/div><\/figure>\n\n\n\n<p><\/p>\n","protected":false},"excerpt":{"rendered":"<p>O novo uniforme do Palmeiras promete agradar os torcedores com um design mais limpo e sofisticado.&nbsp; A apresenta\u00e7\u00e3o oficial est\u00e1 marcada para 6 de fevereiro, no Allianz Parque, durante o cl\u00e1ssico contra o Corinthians pelo Campeonato Paulista. Mas h\u00e1 mais novidades por tr\u00e1s dessa mudan\u00e7a. Uniforme mais limpo, patroc\u00ednios mais estrat\u00e9gicos O Palmeiras decidiu reduzir [&hellip;]<\/p>\n","protected":false},"author":25,"featured_media":155182,"comment_status":"open","ping_status":"closed","sticky":false,"template":"","format":"standard","meta":{"footnotes":""},"categories":[150],"tags":[],"class_list":["post-214528","post","type-post","status-publish","format-standard","has-post-thumbnail","hentry","category-palmeiras"],"yoast_head":"<!-- This site is optimized with the Yoast SEO Premium plugin v24.2 (Yoast SEO v26.9) - https:\/\/yoast.com\/product\/yoast-seo-premium-wordpress\/ -->\n<title>Veja fotos das novas camisas do Palmeiras<\/title>\n<meta name=\"robots\" content=\"index, follow, max-snippet:-1, max-image-preview:large, max-video-preview:-1\" \/>\n<link rel=\"canonical\" href=\"https:\/\/www.gaveanews.com\/index.php\/2025\/01\/18\/veja-fotos-das-novas-camisas-do-palmeiras\/\" \/>\n<meta property=\"og:locale\" content=\"pt_BR\" \/>\n<meta property=\"og:type\" content=\"article\" \/>\n<meta property=\"og:title\" content=\"Veja fotos das novas camisas do Palmeiras\" \/>\n<meta property=\"og:description\" content=\"O novo uniforme do Palmeiras promete agradar os torcedores com um design mais limpo e sofisticado.&nbsp; A apresenta\u00e7\u00e3o oficial est\u00e1 marcada para 6 de fevereiro, no Allianz Parque, durante o cl\u00e1ssico contra o Corinthians pelo Campeonato Paulista. Mas h\u00e1 mais novidades por tr\u00e1s dessa mudan\u00e7a. Uniforme mais limpo, patroc\u00ednios mais estrat\u00e9gicos O Palmeiras decidiu reduzir [&hellip;]\" \/>\n<meta property=\"og:url\" content=\"https:\/\/www.gaveanews.com\/index.php\/2025\/01\/18\/veja-fotos-das-novas-camisas-do-palmeiras\/\" \/>\n<meta property=\"og:site_name\" content=\"G\u00e1vea News\" \/>\n<meta property=\"article:publisher\" content=\"https:\/\/facebook.com\/gaveaNews\/\" \/>\n<meta property=\"article:published_time\" content=\"2025-01-18T19:45:00+00:00\" \/>\n<meta property=\"og:image\" content=\"https:\/\/www.gaveanews.com\/wp-content\/uploads\/Allianz-Parque-estadio-do-Palmeiras.webp\" \/>\n\t<meta property=\"og:image:width\" content=\"1023\" \/>\n\t<meta property=\"og:image:height\" content=\"767\" \/>\n\t<meta property=\"og:image:type\" content=\"image\/webp\" \/>\n<meta name=\"author\" content=\"Rafaela Ladeira\" \/>\n<meta name=\"twitter:card\" content=\"summary_large_image\" \/>\n<meta name=\"twitter:label1\" content=\"Escrito por\" \/>\n\t<meta name=\"twitter:data1\" content=\"Rafaela Ladeira\" \/>\n\t<meta name=\"twitter:label2\" content=\"Est. tempo de leitura\" \/>\n\t<meta name=\"twitter:data2\" content=\"3 minutos\" \/>\n<script type=\"application\/ld+json\" class=\"yoast-schema-graph\">{\"@context\":\"https:\/\/schema.org\",\"@graph\":[{\"@type\":\"NewsArticle\",\"@id\":\"https:\/\/www.gaveanews.com\/index.php\/2025\/01\/18\/veja-fotos-das-novas-camisas-do-palmeiras\/#article\",\"isPartOf\":{\"@id\":\"https:\/\/www.gaveanews.com\/index.php\/2025\/01\/18\/veja-fotos-das-novas-camisas-do-palmeiras\/\"},\"author\":{\"name\":\"Rafaela Ladeira\",\"@id\":\"https:\/\/www.gaveanews.com\/#\/schema\/person\/0eb3e3fe1754f0205218538adbe8f5ed\"},\"headline\":\"Veja fotos das novas camisas do Palmeiras\",\"datePublished\":\"2025-01-18T19:45:00+00:00\",\"mainEntityOfPage\":{\"@id\":\"https:\/\/www.gaveanews.com\/index.php\/2025\/01\/18\/veja-fotos-das-novas-camisas-do-palmeiras\/\"},\"wordCount\":380,\"commentCount\":0,\"image\":{\"@id\":\"https:\/\/www.gaveanews.com\/index.php\/2025\/01\/18\/veja-fotos-das-novas-camisas-do-palmeiras\/#primaryimage\"},\"thumbnailUrl\":\"https:\/\/www.gaveanews.com\/wp-content\/uploads\/Allianz-Parque-estadio-do-Palmeiras.webp\",\"articleSection\":[\"Palmeiras\"],\"inLanguage\":\"pt-BR\",\"potentialAction\":[{\"@type\":\"CommentAction\",\"name\":\"Comment\",\"target\":[\"https:\/\/www.gaveanews.com\/index.php\/2025\/01\/18\/veja-fotos-das-novas-camisas-do-palmeiras\/#respond\"]}],\"copyrightYear\":\"2025\",\"copyrightHolder\":{\"@id\":\"https:\/\/www.gaveanews.com\/#organization\"}},{\"@type\":\"WebPage\",\"@id\":\"https:\/\/www.gaveanews.com\/index.php\/2025\/01\/18\/veja-fotos-das-novas-camisas-do-palmeiras\/\",\"url\":\"https:\/\/www.gaveanews.com\/index.php\/2025\/01\/18\/veja-fotos-das-novas-camisas-do-palmeiras\/\",\"name\":\"Veja fotos das novas camisas do Palmeiras\",\"isPartOf\":{\"@id\":\"https:\/\/www.gaveanews.com\/#website\"},\"primaryImageOfPage\":{\"@id\":\"https:\/\/www.gaveanews.com\/index.php\/2025\/01\/18\/veja-fotos-das-novas-camisas-do-palmeiras\/#primaryimage\"},\"image\":{\"@id\":\"https:\/\/www.gaveanews.com\/index.php\/2025\/01\/18\/veja-fotos-das-novas-camisas-do-palmeiras\/#primaryimage\"},\"thumbnailUrl\":\"https:\/\/www.gaveanews.com\/wp-content\/uploads\/Allianz-Parque-estadio-do-Palmeiras.webp\",\"datePublished\":\"2025-01-18T19:45:00+00:00\",\"author\":{\"@id\":\"https:\/\/www.gaveanews.com\/#\/schema\/person\/0eb3e3fe1754f0205218538adbe8f5ed\"},\"breadcrumb\":{\"@id\":\"https:\/\/www.gaveanews.com\/index.php\/2025\/01\/18\/veja-fotos-das-novas-camisas-do-palmeiras\/#breadcrumb\"},\"inLanguage\":\"pt-BR\",\"potentialAction\":[{\"@type\":\"ReadAction\",\"target\":[\"https:\/\/www.gaveanews.com\/index.php\/2025\/01\/18\/veja-fotos-das-novas-camisas-do-palmeiras\/\"]}]},{\"@type\":\"ImageObject\",\"inLanguage\":\"pt-BR\",\"@id\":\"https:\/\/www.gaveanews.com\/index.php\/2025\/01\/18\/veja-fotos-das-novas-camisas-do-palmeiras\/#primaryimage\",\"url\":\"https:\/\/www.gaveanews.com\/wp-content\/uploads\/Allianz-Parque-estadio-do-Palmeiras.webp\",\"contentUrl\":\"https:\/\/www.gaveanews.com\/wp-content\/uploads\/Allianz-Parque-estadio-do-Palmeiras.webp\",\"width\":1023,\"height\":767,\"caption\":\"Allianz Parque, est\u00e1dio do Palmeiras (Foto: Reprodu\u00e7\u00e3o\/Palmeiras)\"},{\"@type\":\"BreadcrumbList\",\"@id\":\"https:\/\/www.gaveanews.com\/index.php\/2025\/01\/18\/veja-fotos-das-novas-camisas-do-palmeiras\/#breadcrumb\",\"itemListElement\":[{\"@type\":\"ListItem\",\"position\":1,\"name\":\"Home\",\"item\":\"https:\/\/www.gaveanews.com\/\"},{\"@type\":\"ListItem\",\"position\":2,\"name\":\"Veja fotos das novas camisas do Palmeiras\"}]},{\"@type\":\"WebSite\",\"@id\":\"https:\/\/www.gaveanews.com\/#website\",\"url\":\"https:\/\/www.gaveanews.com\/\",\"name\":\"G\u00e1vea News\",\"description\":\"Veja todas as not\u00edcias sobre o Flamengo: Contrata\u00e7\u00f5es, categorias de base, resultados das partidas, tabela de classifica\u00e7\u00e3o, pr\u00f3ximos jogos!\",\"potentialAction\":[{\"@type\":\"SearchAction\",\"target\":{\"@type\":\"EntryPoint\",\"urlTemplate\":\"https:\/\/www.gaveanews.com\/?s={search_term_string}\"},\"query-input\":{\"@type\":\"PropertyValueSpecification\",\"valueRequired\":true,\"valueName\":\"search_term_string\"}}],\"inLanguage\":\"pt-BR\"},{\"@type\":\"Person\",\"@id\":\"https:\/\/www.gaveanews.com\/#\/schema\/person\/0eb3e3fe1754f0205218538adbe8f5ed\",\"name\":\"Rafaela Ladeira\",\"image\":{\"@type\":\"ImageObject\",\"inLanguage\":\"pt-BR\",\"@id\":\"https:\/\/www.gaveanews.com\/#\/schema\/person\/image\/\",\"url\":\"https:\/\/secure.gravatar.com\/avatar\/c31f513acffd85eacab5730cbdfdbbf59f21ba5aeada8cd890acea879fbb2455?s=96&d=mm&r=g\",\"contentUrl\":\"https:\/\/secure.gravatar.com\/avatar\/c31f513acffd85eacab5730cbdfdbbf59f21ba5aeada8cd890acea879fbb2455?s=96&d=mm&r=g\",\"caption\":\"Rafaela Ladeira\"}}]}<\/script>\n<!-- \/ Yoast SEO Premium plugin. -->","yoast_head_json":{"title":"Veja fotos das novas camisas do Palmeiras","robots":{"index":"index","follow":"follow","max-snippet":"max-snippet:-1","max-image-preview":"max-image-preview:large","max-video-preview":"max-video-preview:-1"},"canonical":"https:\/\/www.gaveanews.com\/index.php\/2025\/01\/18\/veja-fotos-das-novas-camisas-do-palmeiras\/","og_locale":"pt_BR","og_type":"article","og_title":"Veja fotos das novas camisas do Palmeiras","og_description":"O novo uniforme do Palmeiras promete agradar os torcedores com um design mais limpo e sofisticado.&nbsp; A apresenta\u00e7\u00e3o oficial est\u00e1 marcada para 6 de fevereiro, no Allianz Parque, durante o cl\u00e1ssico contra o Corinthians pelo Campeonato Paulista. Mas h\u00e1 mais novidades por tr\u00e1s dessa mudan\u00e7a. Uniforme mais limpo, patroc\u00ednios mais estrat\u00e9gicos O Palmeiras decidiu reduzir [&hellip;]","og_url":"https:\/\/www.gaveanews.com\/index.php\/2025\/01\/18\/veja-fotos-das-novas-camisas-do-palmeiras\/","og_site_name":"G\u00e1vea News","article_publisher":"https:\/\/facebook.com\/gaveaNews\/","article_published_time":"2025-01-18T19:45:00+00:00","og_image":[{"width":1023,"height":767,"url":"https:\/\/www.gaveanews.com\/wp-content\/uploads\/Allianz-Parque-estadio-do-Palmeiras.webp","type":"image\/webp"}],"author":"Rafaela Ladeira","twitter_card":"summary_large_image","twitter_misc":{"Escrito por":"Rafaela Ladeira","Est. tempo de leitura":"3 minutos"},"schema":{"@context":"https:\/\/schema.org","@graph":[{"@type":"NewsArticle","@id":"https:\/\/www.gaveanews.com\/index.php\/2025\/01\/18\/veja-fotos-das-novas-camisas-do-palmeiras\/#article","isPartOf":{"@id":"https:\/\/www.gaveanews.com\/index.php\/2025\/01\/18\/veja-fotos-das-novas-camisas-do-palmeiras\/"},"author":{"name":"Rafaela Ladeira","@id":"https:\/\/www.gaveanews.com\/#\/schema\/person\/0eb3e3fe1754f0205218538adbe8f5ed"},"headline":"Veja fotos das novas camisas do Palmeiras","datePublished":"2025-01-18T19:45:00+00:00","mainEntityOfPage":{"@id":"https:\/\/www.gaveanews.com\/index.php\/2025\/01\/18\/veja-fotos-das-novas-camisas-do-palmeiras\/"},"wordCount":380,"commentCount":0,"image":{"@id":"https:\/\/www.gaveanews.com\/index.php\/2025\/01\/18\/veja-fotos-das-novas-camisas-do-palmeiras\/#primaryimage"},"thumbnailUrl":"https:\/\/www.gaveanews.com\/wp-content\/uploads\/Allianz-Parque-estadio-do-Palmeiras.webp","articleSection":["Palmeiras"],"inLanguage":"pt-BR","potentialAction":[{"@type":"CommentAction","name":"Comment","target":["https:\/\/www.gaveanews.com\/index.php\/2025\/01\/18\/veja-fotos-das-novas-camisas-do-palmeiras\/#respond"]}],"copyrightYear":"2025","copyrightHolder":{"@id":"https:\/\/www.gaveanews.com\/#organization"}},{"@type":"WebPage","@id":"https:\/\/www.gaveanews.com\/index.php\/2025\/01\/18\/veja-fotos-das-novas-camisas-do-palmeiras\/","url":"https:\/\/www.gaveanews.com\/index.php\/2025\/01\/18\/veja-fotos-das-novas-camisas-do-palmeiras\/","name":"Veja fotos das novas camisas do Palmeiras","isPartOf":{"@id":"https:\/\/www.gaveanews.com\/#website"},"primaryImageOfPage":{"@id":"https:\/\/www.gaveanews.com\/index.php\/2025\/01\/18\/veja-fotos-das-novas-camisas-do-palmeiras\/#primaryimage"},"image":{"@id":"https:\/\/www.gaveanews.com\/index.php\/2025\/01\/18\/veja-fotos-das-novas-camisas-do-palmeiras\/#primaryimage"},"thumbnailUrl":"https:\/\/www.gaveanews.com\/wp-content\/uploads\/Allianz-Parque-estadio-do-Palmeiras.webp","datePublished":"2025-01-18T19:45:00+00:00","author":{"@id":"https:\/\/www.gaveanews.com\/#\/schema\/person\/0eb3e3fe1754f0205218538adbe8f5ed"},"breadcrumb":{"@id":"https:\/\/www.gaveanews.com\/index.php\/2025\/01\/18\/veja-fotos-das-novas-camisas-do-palmeiras\/#breadcrumb"},"inLanguage":"pt-BR","potentialAction":[{"@type":"ReadAction","target":["https:\/\/www.gaveanews.com\/index.php\/2025\/01\/18\/veja-fotos-das-novas-camisas-do-palmeiras\/"]}]},{"@type":"ImageObject","inLanguage":"pt-BR","@id":"https:\/\/www.gaveanews.com\/index.php\/2025\/01\/18\/veja-fotos-das-novas-camisas-do-palmeiras\/#primaryimage","url":"https:\/\/www.gaveanews.com\/wp-content\/uploads\/Allianz-Parque-estadio-do-Palmeiras.webp","contentUrl":"https:\/\/www.gaveanews.com\/wp-content\/uploads\/Allianz-Parque-estadio-do-Palmeiras.webp","width":1023,"height":767,"caption":"Allianz Parque, est\u00e1dio do Palmeiras (Foto: Reprodu\u00e7\u00e3o\/Palmeiras)"},{"@type":"BreadcrumbList","@id":"https:\/\/www.gaveanews.com\/index.php\/2025\/01\/18\/veja-fotos-das-novas-camisas-do-palmeiras\/#breadcrumb","itemListElement":[{"@type":"ListItem","position":1,"name":"Home","item":"https:\/\/www.gaveanews.com\/"},{"@type":"ListItem","position":2,"name":"Veja fotos das novas camisas do Palmeiras"}]},{"@type":"WebSite","@id":"https:\/\/www.gaveanews.com\/#website","url":"https:\/\/www.gaveanews.com\/","name":"G\u00e1vea News","description":"Veja todas as not\u00edcias sobre o Flamengo: Contrata\u00e7\u00f5es, categorias de base, resultados das partidas, tabela de classifica\u00e7\u00e3o, pr\u00f3ximos jogos!","potentialAction":[{"@type":"SearchAction","target":{"@type":"EntryPoint","urlTemplate":"https:\/\/www.gaveanews.com\/?s={search_term_string}"},"query-input":{"@type":"PropertyValueSpecification","valueRequired":true,"valueName":"search_term_string"}}],"inLanguage":"pt-BR"},{"@type":"Person","@id":"https:\/\/www.gaveanews.com\/#\/schema\/person\/0eb3e3fe1754f0205218538adbe8f5ed","name":"Rafaela Ladeira","image":{"@type":"ImageObject","inLanguage":"pt-BR","@id":"https:\/\/www.gaveanews.com\/#\/schema\/person\/image\/","url":"https:\/\/secure.gravatar.com\/avatar\/c31f513acffd85eacab5730cbdfdbbf59f21ba5aeada8cd890acea879fbb2455?s=96&d=mm&r=g","contentUrl":"https:\/\/secure.gravatar.com\/avatar\/c31f513acffd85eacab5730cbdfdbbf59f21ba5aeada8cd890acea879fbb2455?s=96&d=mm&r=g","caption":"Rafaela Ladeira"}}]}},"_links":{"self":[{"href":"https:\/\/www.gaveanews.com\/index.php\/wp-json\/wp\/v2\/posts\/214528","targetHints":{"allow":["GET"]}}],"collection":[{"href":"https:\/\/www.gaveanews.com\/index.php\/wp-json\/wp\/v2\/posts"}],"about":[{"href":"https:\/\/www.gaveanews.com\/index.php\/wp-json\/wp\/v2\/types\/post"}],"author":[{"embeddable":true,"href":"https:\/\/www.gaveanews.com\/index.php\/wp-json\/wp\/v2\/users\/25"}],"replies":[{"embeddable":true,"href":"https:\/\/www.gaveanews.com\/index.php\/wp-json\/wp\/v2\/comments?post=214528"}],"version-history":[{"count":1,"href":"https:\/\/www.gaveanews.com\/index.php\/wp-json\/wp\/v2\/posts\/214528\/revisions"}],"predecessor-version":[{"id":214532,"href":"https:\/\/www.gaveanews.com\/index.php\/wp-json\/wp\/v2\/posts\/214528\/revisions\/214532"}],"wp:featuredmedia":[{"embeddable":true,"href":"https:\/\/www.gaveanews.com\/index.php\/wp-json\/wp\/v2\/media\/155182"}],"wp:attachment":[{"href":"https:\/\/www.gaveanews.com\/index.php\/wp-json\/wp\/v2\/media?parent=214528"}],"wp:term":[{"taxonomy":"category","embeddable":true,"href":"https:\/\/www.gaveanews.com\/index.php\/wp-json\/wp\/v2\/categories?post=214528"},{"taxonomy":"post_tag","embeddable":true,"href":"https:\/\/www.gaveanews.com\/index.php\/wp-json\/wp\/v2\/tags?post=214528"}],"curies":[{"name":"wp","href":"https:\/\/api.w.org\/{rel}","templated":true}]}}