{"id":214581,"date":"2025-01-18T17:30:00","date_gmt":"2025-01-18T20:30:00","guid":{"rendered":"https:\/\/www.gaveanews.com\/?p=214581"},"modified":"2025-01-18T15:32:57","modified_gmt":"2025-01-18T18:32:57","slug":"a-declaracao-de-arrascaeta-sobre-a-pre-temporada-do-flamengo","status":"publish","type":"post","link":"https:\/\/www.gaveanews.com\/index.php\/2025\/01\/18\/a-declaracao-de-arrascaeta-sobre-a-pre-temporada-do-flamengo\/","title":{"rendered":"A declara\u00e7\u00e3o de Arrascaeta sobre a pr\u00e9-temporada do Flamengo"},"content":{"rendered":"\n<p>Com o in\u00edcio de 2025 se aproximando, Arrascaeta, um dos principais jogadores do Flamengo, compartilhou sua atual situa\u00e7\u00e3o de recupera\u00e7\u00e3o durante uma coletiva de imprensa nesta sexta-feira (17).&nbsp;<\/p>\n\n\n\n<ul class=\"wp-block-list\">\n<li><a href=\"https:\/\/www.gaveanews.com\/index.php\/2025\/01\/18\/tem-vaga-argentino-e-oferecido-ao-flamengo\/\">Tem vaga? Argentino \u00e9 oferecido ao Flamengo<\/a><\/li>\n\n\n\n<li><a href=\"https:\/\/www.gaveanews.com\/index.php\/2025\/01\/18\/flamengo-vene-casagrande-atualiza-contratacao-de-danilo\/\">Flamengo: Ven\u00ea Casagrande atualiza contrata\u00e7\u00e3o de Danilo<\/a><\/li>\n<\/ul>\n\n\n\n<p>Embora o uruguaio tenha revelado que ainda n\u00e3o est\u00e1 100% para jogar, ele demonstrou otimismo quanto \u00e0 temporada do clube, tanto para si mesmo quanto para seus companheiros.&nbsp;<\/p>\n\n\n\n<p>Al\u00e9m disso, Arrascaeta deixou claro que est\u00e1 se esfor\u00e7ando ao m\u00e1ximo para retornar aos campos o mais r\u00e1pido poss\u00edvel.<\/p>\n\n\n\n<h2 class=\"wp-block-heading\" id=\"h-recuperacao-intensa-e-foco-no-retorno\">Recupera\u00e7\u00e3o intensa e foco no retorno<\/h2>\n\n\n\n<figure class=\"wp-block-image size-full\"><img loading=\"lazy\" decoding=\"async\" width=\"900\" height=\"600\" src=\"https:\/\/www.gaveanews.com\/wp-content\/uploads\/arrascaeta-flamengo-gol.webp\" alt=\"\" class=\"wp-image-146116\" srcset=\"https:\/\/www.gaveanews.com\/wp-content\/uploads\/arrascaeta-flamengo-gol.webp 900w, https:\/\/www.gaveanews.com\/wp-content\/uploads\/arrascaeta-flamengo-gol-300x200.webp 300w, https:\/\/www.gaveanews.com\/wp-content\/uploads\/arrascaeta-flamengo-gol-768x512.webp 768w, https:\/\/www.gaveanews.com\/wp-content\/uploads\/arrascaeta-flamengo-gol-630x420.webp 630w, https:\/\/www.gaveanews.com\/wp-content\/uploads\/arrascaeta-flamengo-gol-640x427.webp 640w, https:\/\/www.gaveanews.com\/wp-content\/uploads\/arrascaeta-flamengo-gol-681x454.webp 681w, https:\/\/www.gaveanews.com\/wp-content\/uploads\/arrascaeta-flamengo-gol-100x67.webp 100w\" sizes=\"auto, (max-width: 900px) 100vw, 900px\" \/><figcaption class=\"wp-element-caption\">Arrascaeta marca gol pelo Flamengo (Foto: Gilvan de Souza\/Flamengo)<\/figcaption><\/figure>\n\n\n\n<p>Vale destacar que o meia uruguaio tem se dedicado a uma intensa recupera\u00e7\u00e3o f\u00edsica ap\u00f3s as les\u00f5es que o afetaram ao longo de 2024. Ele afirmou que fez um grande esfor\u00e7o no final do ano para jogar no limite, mas que as f\u00e9rias foram essenciais para ele trabalhar a parte da for\u00e7a.&nbsp;<\/p>\n\n\n\n<p>&#8220;N\u00e3o estou 100% ainda, mas estou trabalhando para isso. A gente convive com les\u00f5es, que n\u00e3o afetam s\u00f3 a parte f\u00edsica, mas a mente, estressa os jogadores&#8221;, disse Arrascaeta, refletindo sobre os desafios emocionais que a les\u00e3o imp\u00f5e aos atletas.<\/p>\n\n\n\n<p>O uruguaio tem trabalhado para recuperar a forma f\u00edsica sem se sobrecarregar, evitando mais les\u00f5es e, consequentemente, a perda de jogos importantes para o Flamengo.&nbsp;<\/p>\n\n\n\n<p>&#8220;Estou com poucas dores, me limitando quase nada, mas tenho que melhorar a parte f\u00edsica para n\u00e3o ficar sobrecarregado&#8221;, explicou.<\/p>\n\n\n\n<h2 class=\"wp-block-heading\" id=\"h-a-expectativa-para-a-temporada-e-a-nova-camisa-10\">A expectativa para a temporada e a nova camisa 10<\/h2>\n\n\n\n<p>O Flamengo est\u00e1 adotando um controle rigoroso sobre os minutos de jogo de Arrascaeta nos primeiros confrontos de 2025, dando-lhe tempo para se recuperar completamente.&nbsp;<\/p>\n\n\n\n<p>O uruguaio tamb\u00e9m far\u00e1 trabalhos espec\u00edficos durante a pr\u00e9-temporada nos Estados Unidos, focando em sua recupera\u00e7\u00e3o f\u00edsica. O primeiro jogo oficial da temporada ser\u00e1 contra o S\u00e3o Paulo, em amistoso, no pr\u00f3ximo domingo (18), na cidade de Fort Lauderdale.<\/p>\n\n\n\n<p>Arrascaeta tamb\u00e9m falou sobre vestir a ic\u00f4nica camisa 10 do Flamengo em 2025, uma responsabilidade que ele encara com muito orgulho.&nbsp;<\/p>\n\n\n\n<p>&#8220;\u00c9 um privil\u00e9gio vestir essa camisa, por saber os caras que j\u00e1 usaram, o Zico e a hist\u00f3ria em que ele fez&#8221;, comentou, mostrando respeito pela tradi\u00e7\u00e3o do clube e por aqueles que passaram antes dele.&nbsp;<\/p>\n\n\n\n<p>A decis\u00e3o de vestir o n\u00famero 10 marca uma nova etapa em sua carreira no Flamengo, consolidando seu status como refer\u00eancia t\u00e9cnica dentro do time.<\/p>\n\n\n\n<p>Com isso, Arrascaeta segue determinado a superar os desafios das les\u00f5es e voltar a brilhar com a camisa do Flamengo, buscando uma temporada de sucesso, livre de limita\u00e7\u00f5es f\u00edsicas e com grandes conquistas ao lado de seus companheiros.<\/p>\n","protected":false},"excerpt":{"rendered":"<p>Com o in\u00edcio de 2025 se aproximando, Arrascaeta, um dos principais jogadores do Flamengo, compartilhou sua atual situa\u00e7\u00e3o de recupera\u00e7\u00e3o durante uma coletiva de imprensa nesta sexta-feira (17).&nbsp; Embora o uruguaio tenha revelado que ainda n\u00e3o est\u00e1 100% para jogar, ele demonstrou otimismo quanto \u00e0 temporada do clube, tanto para si mesmo quanto para seus [&hellip;]<\/p>\n","protected":false},"author":25,"featured_media":112724,"comment_status":"open","ping_status":"closed","sticky":false,"template":"","format":"standard","meta":{"footnotes":""},"categories":[1],"tags":[],"class_list":["post-214581","post","type-post","status-publish","format-standard","has-post-thumbnail","hentry","category-flamengo"],"yoast_head":"<!-- This site is optimized with the Yoast SEO Premium plugin v24.2 (Yoast SEO v26.9) - https:\/\/yoast.com\/product\/yoast-seo-premium-wordpress\/ -->\n<title>A declara\u00e7\u00e3o de Arrascaeta sobre a pr\u00e9-temporada do Flamengo<\/title>\n<meta name=\"robots\" content=\"index, follow, max-snippet:-1, max-image-preview:large, max-video-preview:-1\" \/>\n<link rel=\"canonical\" href=\"https:\/\/www.gaveanews.com\/index.php\/2025\/01\/18\/a-declaracao-de-arrascaeta-sobre-a-pre-temporada-do-flamengo\/\" \/>\n<meta property=\"og:locale\" content=\"pt_BR\" \/>\n<meta property=\"og:type\" content=\"article\" \/>\n<meta property=\"og:title\" content=\"A declara\u00e7\u00e3o de Arrascaeta sobre a pr\u00e9-temporada do Flamengo\" \/>\n<meta property=\"og:description\" content=\"Com o in\u00edcio de 2025 se aproximando, Arrascaeta, um dos principais jogadores do Flamengo, compartilhou sua atual situa\u00e7\u00e3o de recupera\u00e7\u00e3o durante uma coletiva de imprensa nesta sexta-feira (17).&nbsp; Embora o uruguaio tenha revelado que ainda n\u00e3o est\u00e1 100% para jogar, ele demonstrou otimismo quanto \u00e0 temporada do clube, tanto para si mesmo quanto para seus [&hellip;]\" \/>\n<meta property=\"og:url\" content=\"https:\/\/www.gaveanews.com\/index.php\/2025\/01\/18\/a-declaracao-de-arrascaeta-sobre-a-pre-temporada-do-flamengo\/\" \/>\n<meta property=\"og:site_name\" content=\"G\u00e1vea News\" \/>\n<meta property=\"article:publisher\" content=\"https:\/\/facebook.com\/gaveaNews\/\" \/>\n<meta property=\"article:published_time\" content=\"2025-01-18T20:30:00+00:00\" \/>\n<meta property=\"og:image\" content=\"https:\/\/www.gaveanews.com\/wp-content\/uploads\/arrascaeta-gol-flamengo.webp\" \/>\n\t<meta property=\"og:image:width\" content=\"900\" \/>\n\t<meta property=\"og:image:height\" content=\"599\" \/>\n\t<meta property=\"og:image:type\" content=\"image\/jpeg\" \/>\n<meta name=\"author\" content=\"Rafaela Ladeira\" \/>\n<meta name=\"twitter:card\" content=\"summary_large_image\" \/>\n<meta name=\"twitter:label1\" content=\"Escrito por\" \/>\n\t<meta name=\"twitter:data1\" content=\"Rafaela Ladeira\" \/>\n\t<meta name=\"twitter:label2\" content=\"Est. tempo de leitura\" \/>\n\t<meta name=\"twitter:data2\" content=\"3 minutos\" \/>\n<script type=\"application\/ld+json\" class=\"yoast-schema-graph\">{\"@context\":\"https:\/\/schema.org\",\"@graph\":[{\"@type\":\"NewsArticle\",\"@id\":\"https:\/\/www.gaveanews.com\/index.php\/2025\/01\/18\/a-declaracao-de-arrascaeta-sobre-a-pre-temporada-do-flamengo\/#article\",\"isPartOf\":{\"@id\":\"https:\/\/www.gaveanews.com\/index.php\/2025\/01\/18\/a-declaracao-de-arrascaeta-sobre-a-pre-temporada-do-flamengo\/\"},\"author\":{\"name\":\"Rafaela Ladeira\",\"@id\":\"https:\/\/www.gaveanews.com\/#\/schema\/person\/0eb3e3fe1754f0205218538adbe8f5ed\"},\"headline\":\"A declara\u00e7\u00e3o de Arrascaeta sobre a pr\u00e9-temporada do Flamengo\",\"datePublished\":\"2025-01-18T20:30:00+00:00\",\"mainEntityOfPage\":{\"@id\":\"https:\/\/www.gaveanews.com\/index.php\/2025\/01\/18\/a-declaracao-de-arrascaeta-sobre-a-pre-temporada-do-flamengo\/\"},\"wordCount\":487,\"commentCount\":0,\"image\":{\"@id\":\"https:\/\/www.gaveanews.com\/index.php\/2025\/01\/18\/a-declaracao-de-arrascaeta-sobre-a-pre-temporada-do-flamengo\/#primaryimage\"},\"thumbnailUrl\":\"https:\/\/www.gaveanews.com\/wp-content\/uploads\/arrascaeta-gol-flamengo.webp\",\"articleSection\":[\"Flamengo\"],\"inLanguage\":\"pt-BR\",\"potentialAction\":[{\"@type\":\"CommentAction\",\"name\":\"Comment\",\"target\":[\"https:\/\/www.gaveanews.com\/index.php\/2025\/01\/18\/a-declaracao-de-arrascaeta-sobre-a-pre-temporada-do-flamengo\/#respond\"]}],\"copyrightYear\":\"2025\",\"copyrightHolder\":{\"@id\":\"https:\/\/www.gaveanews.com\/#organization\"}},{\"@type\":\"WebPage\",\"@id\":\"https:\/\/www.gaveanews.com\/index.php\/2025\/01\/18\/a-declaracao-de-arrascaeta-sobre-a-pre-temporada-do-flamengo\/\",\"url\":\"https:\/\/www.gaveanews.com\/index.php\/2025\/01\/18\/a-declaracao-de-arrascaeta-sobre-a-pre-temporada-do-flamengo\/\",\"name\":\"A declara\u00e7\u00e3o de Arrascaeta sobre a pr\u00e9-temporada do Flamengo\",\"isPartOf\":{\"@id\":\"https:\/\/www.gaveanews.com\/#website\"},\"primaryImageOfPage\":{\"@id\":\"https:\/\/www.gaveanews.com\/index.php\/2025\/01\/18\/a-declaracao-de-arrascaeta-sobre-a-pre-temporada-do-flamengo\/#primaryimage\"},\"image\":{\"@id\":\"https:\/\/www.gaveanews.com\/index.php\/2025\/01\/18\/a-declaracao-de-arrascaeta-sobre-a-pre-temporada-do-flamengo\/#primaryimage\"},\"thumbnailUrl\":\"https:\/\/www.gaveanews.com\/wp-content\/uploads\/arrascaeta-gol-flamengo.webp\",\"datePublished\":\"2025-01-18T20:30:00+00:00\",\"author\":{\"@id\":\"https:\/\/www.gaveanews.com\/#\/schema\/person\/0eb3e3fe1754f0205218538adbe8f5ed\"},\"breadcrumb\":{\"@id\":\"https:\/\/www.gaveanews.com\/index.php\/2025\/01\/18\/a-declaracao-de-arrascaeta-sobre-a-pre-temporada-do-flamengo\/#breadcrumb\"},\"inLanguage\":\"pt-BR\",\"potentialAction\":[{\"@type\":\"ReadAction\",\"target\":[\"https:\/\/www.gaveanews.com\/index.php\/2025\/01\/18\/a-declaracao-de-arrascaeta-sobre-a-pre-temporada-do-flamengo\/\"]}]},{\"@type\":\"ImageObject\",\"inLanguage\":\"pt-BR\",\"@id\":\"https:\/\/www.gaveanews.com\/index.php\/2025\/01\/18\/a-declaracao-de-arrascaeta-sobre-a-pre-temporada-do-flamengo\/#primaryimage\",\"url\":\"https:\/\/www.gaveanews.com\/wp-content\/uploads\/arrascaeta-gol-flamengo.webp\",\"contentUrl\":\"https:\/\/www.gaveanews.com\/wp-content\/uploads\/arrascaeta-gol-flamengo.webp\",\"width\":900,\"height\":599,\"caption\":\"Arrascaeta comemora gol marcado pelo Flamengo (Foto: Gilvan de Souza\/Flamengo)\"},{\"@type\":\"BreadcrumbList\",\"@id\":\"https:\/\/www.gaveanews.com\/index.php\/2025\/01\/18\/a-declaracao-de-arrascaeta-sobre-a-pre-temporada-do-flamengo\/#breadcrumb\",\"itemListElement\":[{\"@type\":\"ListItem\",\"position\":1,\"name\":\"Home\",\"item\":\"https:\/\/www.gaveanews.com\/\"},{\"@type\":\"ListItem\",\"position\":2,\"name\":\"A declara\u00e7\u00e3o de Arrascaeta sobre a pr\u00e9-temporada do Flamengo\"}]},{\"@type\":\"WebSite\",\"@id\":\"https:\/\/www.gaveanews.com\/#website\",\"url\":\"https:\/\/www.gaveanews.com\/\",\"name\":\"G\u00e1vea News\",\"description\":\"Veja todas as not\u00edcias sobre o Flamengo: Contrata\u00e7\u00f5es, categorias de base, resultados das partidas, tabela de classifica\u00e7\u00e3o, pr\u00f3ximos jogos!\",\"potentialAction\":[{\"@type\":\"SearchAction\",\"target\":{\"@type\":\"EntryPoint\",\"urlTemplate\":\"https:\/\/www.gaveanews.com\/?s={search_term_string}\"},\"query-input\":{\"@type\":\"PropertyValueSpecification\",\"valueRequired\":true,\"valueName\":\"search_term_string\"}}],\"inLanguage\":\"pt-BR\"},{\"@type\":\"Person\",\"@id\":\"https:\/\/www.gaveanews.com\/#\/schema\/person\/0eb3e3fe1754f0205218538adbe8f5ed\",\"name\":\"Rafaela Ladeira\",\"image\":{\"@type\":\"ImageObject\",\"inLanguage\":\"pt-BR\",\"@id\":\"https:\/\/www.gaveanews.com\/#\/schema\/person\/image\/\",\"url\":\"https:\/\/secure.gravatar.com\/avatar\/c31f513acffd85eacab5730cbdfdbbf59f21ba5aeada8cd890acea879fbb2455?s=96&d=mm&r=g\",\"contentUrl\":\"https:\/\/secure.gravatar.com\/avatar\/c31f513acffd85eacab5730cbdfdbbf59f21ba5aeada8cd890acea879fbb2455?s=96&d=mm&r=g\",\"caption\":\"Rafaela Ladeira\"}}]}<\/script>\n<!-- \/ Yoast SEO Premium plugin. -->","yoast_head_json":{"title":"A declara\u00e7\u00e3o de Arrascaeta sobre a pr\u00e9-temporada do Flamengo","robots":{"index":"index","follow":"follow","max-snippet":"max-snippet:-1","max-image-preview":"max-image-preview:large","max-video-preview":"max-video-preview:-1"},"canonical":"https:\/\/www.gaveanews.com\/index.php\/2025\/01\/18\/a-declaracao-de-arrascaeta-sobre-a-pre-temporada-do-flamengo\/","og_locale":"pt_BR","og_type":"article","og_title":"A declara\u00e7\u00e3o de Arrascaeta sobre a pr\u00e9-temporada do Flamengo","og_description":"Com o in\u00edcio de 2025 se aproximando, Arrascaeta, um dos principais jogadores do Flamengo, compartilhou sua atual situa\u00e7\u00e3o de recupera\u00e7\u00e3o durante uma coletiva de imprensa nesta sexta-feira (17).&nbsp; Embora o uruguaio tenha revelado que ainda n\u00e3o est\u00e1 100% para jogar, ele demonstrou otimismo quanto \u00e0 temporada do clube, tanto para si mesmo quanto para seus [&hellip;]","og_url":"https:\/\/www.gaveanews.com\/index.php\/2025\/01\/18\/a-declaracao-de-arrascaeta-sobre-a-pre-temporada-do-flamengo\/","og_site_name":"G\u00e1vea News","article_publisher":"https:\/\/facebook.com\/gaveaNews\/","article_published_time":"2025-01-18T20:30:00+00:00","og_image":[{"width":900,"height":599,"url":"https:\/\/www.gaveanews.com\/wp-content\/uploads\/arrascaeta-gol-flamengo.webp","type":"image\/jpeg"}],"author":"Rafaela Ladeira","twitter_card":"summary_large_image","twitter_misc":{"Escrito por":"Rafaela Ladeira","Est. tempo de leitura":"3 minutos"},"schema":{"@context":"https:\/\/schema.org","@graph":[{"@type":"NewsArticle","@id":"https:\/\/www.gaveanews.com\/index.php\/2025\/01\/18\/a-declaracao-de-arrascaeta-sobre-a-pre-temporada-do-flamengo\/#article","isPartOf":{"@id":"https:\/\/www.gaveanews.com\/index.php\/2025\/01\/18\/a-declaracao-de-arrascaeta-sobre-a-pre-temporada-do-flamengo\/"},"author":{"name":"Rafaela Ladeira","@id":"https:\/\/www.gaveanews.com\/#\/schema\/person\/0eb3e3fe1754f0205218538adbe8f5ed"},"headline":"A declara\u00e7\u00e3o de Arrascaeta sobre a pr\u00e9-temporada do Flamengo","datePublished":"2025-01-18T20:30:00+00:00","mainEntityOfPage":{"@id":"https:\/\/www.gaveanews.com\/index.php\/2025\/01\/18\/a-declaracao-de-arrascaeta-sobre-a-pre-temporada-do-flamengo\/"},"wordCount":487,"commentCount":0,"image":{"@id":"https:\/\/www.gaveanews.com\/index.php\/2025\/01\/18\/a-declaracao-de-arrascaeta-sobre-a-pre-temporada-do-flamengo\/#primaryimage"},"thumbnailUrl":"https:\/\/www.gaveanews.com\/wp-content\/uploads\/arrascaeta-gol-flamengo.webp","articleSection":["Flamengo"],"inLanguage":"pt-BR","potentialAction":[{"@type":"CommentAction","name":"Comment","target":["https:\/\/www.gaveanews.com\/index.php\/2025\/01\/18\/a-declaracao-de-arrascaeta-sobre-a-pre-temporada-do-flamengo\/#respond"]}],"copyrightYear":"2025","copyrightHolder":{"@id":"https:\/\/www.gaveanews.com\/#organization"}},{"@type":"WebPage","@id":"https:\/\/www.gaveanews.com\/index.php\/2025\/01\/18\/a-declaracao-de-arrascaeta-sobre-a-pre-temporada-do-flamengo\/","url":"https:\/\/www.gaveanews.com\/index.php\/2025\/01\/18\/a-declaracao-de-arrascaeta-sobre-a-pre-temporada-do-flamengo\/","name":"A declara\u00e7\u00e3o de Arrascaeta sobre a pr\u00e9-temporada do Flamengo","isPartOf":{"@id":"https:\/\/www.gaveanews.com\/#website"},"primaryImageOfPage":{"@id":"https:\/\/www.gaveanews.com\/index.php\/2025\/01\/18\/a-declaracao-de-arrascaeta-sobre-a-pre-temporada-do-flamengo\/#primaryimage"},"image":{"@id":"https:\/\/www.gaveanews.com\/index.php\/2025\/01\/18\/a-declaracao-de-arrascaeta-sobre-a-pre-temporada-do-flamengo\/#primaryimage"},"thumbnailUrl":"https:\/\/www.gaveanews.com\/wp-content\/uploads\/arrascaeta-gol-flamengo.webp","datePublished":"2025-01-18T20:30:00+00:00","author":{"@id":"https:\/\/www.gaveanews.com\/#\/schema\/person\/0eb3e3fe1754f0205218538adbe8f5ed"},"breadcrumb":{"@id":"https:\/\/www.gaveanews.com\/index.php\/2025\/01\/18\/a-declaracao-de-arrascaeta-sobre-a-pre-temporada-do-flamengo\/#breadcrumb"},"inLanguage":"pt-BR","potentialAction":[{"@type":"ReadAction","target":["https:\/\/www.gaveanews.com\/index.php\/2025\/01\/18\/a-declaracao-de-arrascaeta-sobre-a-pre-temporada-do-flamengo\/"]}]},{"@type":"ImageObject","inLanguage":"pt-BR","@id":"https:\/\/www.gaveanews.com\/index.php\/2025\/01\/18\/a-declaracao-de-arrascaeta-sobre-a-pre-temporada-do-flamengo\/#primaryimage","url":"https:\/\/www.gaveanews.com\/wp-content\/uploads\/arrascaeta-gol-flamengo.webp","contentUrl":"https:\/\/www.gaveanews.com\/wp-content\/uploads\/arrascaeta-gol-flamengo.webp","width":900,"height":599,"caption":"Arrascaeta comemora gol marcado pelo Flamengo (Foto: Gilvan de Souza\/Flamengo)"},{"@type":"BreadcrumbList","@id":"https:\/\/www.gaveanews.com\/index.php\/2025\/01\/18\/a-declaracao-de-arrascaeta-sobre-a-pre-temporada-do-flamengo\/#breadcrumb","itemListElement":[{"@type":"ListItem","position":1,"name":"Home","item":"https:\/\/www.gaveanews.com\/"},{"@type":"ListItem","position":2,"name":"A declara\u00e7\u00e3o de Arrascaeta sobre a pr\u00e9-temporada do Flamengo"}]},{"@type":"WebSite","@id":"https:\/\/www.gaveanews.com\/#website","url":"https:\/\/www.gaveanews.com\/","name":"G\u00e1vea News","description":"Veja todas as not\u00edcias sobre o Flamengo: Contrata\u00e7\u00f5es, categorias de base, resultados das partidas, tabela de classifica\u00e7\u00e3o, pr\u00f3ximos jogos!","potentialAction":[{"@type":"SearchAction","target":{"@type":"EntryPoint","urlTemplate":"https:\/\/www.gaveanews.com\/?s={search_term_string}"},"query-input":{"@type":"PropertyValueSpecification","valueRequired":true,"valueName":"search_term_string"}}],"inLanguage":"pt-BR"},{"@type":"Person","@id":"https:\/\/www.gaveanews.com\/#\/schema\/person\/0eb3e3fe1754f0205218538adbe8f5ed","name":"Rafaela Ladeira","image":{"@type":"ImageObject","inLanguage":"pt-BR","@id":"https:\/\/www.gaveanews.com\/#\/schema\/person\/image\/","url":"https:\/\/secure.gravatar.com\/avatar\/c31f513acffd85eacab5730cbdfdbbf59f21ba5aeada8cd890acea879fbb2455?s=96&d=mm&r=g","contentUrl":"https:\/\/secure.gravatar.com\/avatar\/c31f513acffd85eacab5730cbdfdbbf59f21ba5aeada8cd890acea879fbb2455?s=96&d=mm&r=g","caption":"Rafaela Ladeira"}}]}},"_links":{"self":[{"href":"https:\/\/www.gaveanews.com\/index.php\/wp-json\/wp\/v2\/posts\/214581","targetHints":{"allow":["GET"]}}],"collection":[{"href":"https:\/\/www.gaveanews.com\/index.php\/wp-json\/wp\/v2\/posts"}],"about":[{"href":"https:\/\/www.gaveanews.com\/index.php\/wp-json\/wp\/v2\/types\/post"}],"author":[{"embeddable":true,"href":"https:\/\/www.gaveanews.com\/index.php\/wp-json\/wp\/v2\/users\/25"}],"replies":[{"embeddable":true,"href":"https:\/\/www.gaveanews.com\/index.php\/wp-json\/wp\/v2\/comments?post=214581"}],"version-history":[{"count":1,"href":"https:\/\/www.gaveanews.com\/index.php\/wp-json\/wp\/v2\/posts\/214581\/revisions"}],"predecessor-version":[{"id":214582,"href":"https:\/\/www.gaveanews.com\/index.php\/wp-json\/wp\/v2\/posts\/214581\/revisions\/214582"}],"wp:featuredmedia":[{"embeddable":true,"href":"https:\/\/www.gaveanews.com\/index.php\/wp-json\/wp\/v2\/media\/112724"}],"wp:attachment":[{"href":"https:\/\/www.gaveanews.com\/index.php\/wp-json\/wp\/v2\/media?parent=214581"}],"wp:term":[{"taxonomy":"category","embeddable":true,"href":"https:\/\/www.gaveanews.com\/index.php\/wp-json\/wp\/v2\/categories?post=214581"},{"taxonomy":"post_tag","embeddable":true,"href":"https:\/\/www.gaveanews.com\/index.php\/wp-json\/wp\/v2\/tags?post=214581"}],"curies":[{"name":"wp","href":"https:\/\/api.w.org\/{rel}","templated":true}]}}