{"id":214640,"date":"2025-01-18T20:35:00","date_gmt":"2025-01-18T23:35:00","guid":{"rendered":"https:\/\/www.gaveanews.com\/?p=214640"},"modified":"2025-01-18T19:49:53","modified_gmt":"2025-01-18T22:49:53","slug":"a-declaracao-de-augusto-melo-sobre-impeachment-no-corinthians","status":"publish","type":"post","link":"https:\/\/www.gaveanews.com\/index.php\/2025\/01\/18\/a-declaracao-de-augusto-melo-sobre-impeachment-no-corinthians\/","title":{"rendered":"A declara\u00e7\u00e3o de Augusto Melo sobre impeachment no Corinthians"},"content":{"rendered":"\n<p>O clima no Corinthians est\u00e1 tenso e a pr\u00f3xima segunda-feira ser\u00e1 decisiva para o futuro pol\u00edtico de Augusto Melo, presidente do clube.&nbsp;<\/p>\n\n\n\n<ul class=\"wp-block-list\">\n<li><a href=\"https:\/\/www.gaveanews.com\/index.php\/2025\/01\/18\/corinthians-augusto-melo-perde-aliado-importante\/\">Corinthians: Augusto Melo perde aliado importante<\/a><\/li>\n\n\n\n<li><a href=\"https:\/\/www.gaveanews.com\/index.php\/2025\/01\/18\/jogo-do-corinthians-no-paulistao-sofre-alteracao\/\">Jogo do Corinthians no Paulist\u00e3o sofre altera\u00e7\u00e3o<\/a><\/li>\n<\/ul>\n\n\n\n<p>Em uma reuni\u00e3o marcada para o Conselho Deliberativo, ser\u00e1 votado o pedido de impeachment do dirigente, que, apesar do risco iminente de afastamento, se mant\u00e9m confiante e promete resist\u00eancia.&nbsp;<\/p>\n\n\n\n<h2 class=\"wp-block-heading\" id=\"h-a-confianca-de-augusto-melo-deus-me-colocou-aqui\">A confian\u00e7a de Augusto Melo: &#8220;Deus me colocou aqui&#8221;<\/h2>\n\n\n\n<p>Augusto Melo, em entrevista ao canal <em>Identidade Corinthiana<\/em>, n\u00e3o esconde sua certeza de que continuar\u00e1 \u00e0 frente do Corinthians. O presidente acredita que a maioria dos conselheiros n\u00e3o cair\u00e1 nas manobras de seus advers\u00e1rios e que o seu compromisso com o clube ser\u00e1 reconhecido.&nbsp;<\/p>\n\n\n\n<p>&#8220;Os nossos conselheiros s\u00e3o pessoas qualificadas, que sabem o que est\u00e3o fazendo. Tenho a convic\u00e7\u00e3o de que estarei aqui na ter\u00e7a-feira. Deus me colocou aqui e s\u00f3 Ele pode me tirar&#8221;, declarou.&nbsp;<\/p>\n\n\n\n<p>Para ele, a pol\u00edtica interna e os interesses de algumas figuras do clube s\u00e3o os verdadeiros motivadores do processo de impeachment.<\/p>\n\n\n\n<h2 class=\"wp-block-heading\" id=\"h-desafios-enfrentados-pela-gestao-de-melo\">Desafios enfrentados pela gest\u00e3o de Melo<\/h2>\n\n\n\n<p>Augusto tamb\u00e9m se posicionou sobre os desafios que sua gest\u00e3o tem enfrentado. Ele acredita que sua administra\u00e7\u00e3o tem feito avan\u00e7os significativos, mas que os opositores n\u00e3o querem permitir que o trabalho siga sem obst\u00e1culos.&nbsp;<\/p>\n\n\n\n<p>\u201cO Corinthians est\u00e1 sendo melhorado em muitos aspectos, vai voltar a ser protagonista, mas eles (opositores) n\u00e3o querem deixar a gente trabalhar. Eu n\u00e3o vou sair do cargo. Mesmo diante das dificuldades financeiras orquestradas, estamos honrando os compromissos&#8221;, afirmou, referindo-se a a\u00e7\u00f5es de bloqueios financeiros que teriam sido planejadas por seus opositores.<\/p>\n\n\n\n<h2 class=\"wp-block-heading\" id=\"h-impeachment\">Impeachment<\/h2>\n\n\n\n<p>Embora tenha uma base jur\u00eddica, o processo de impeachment contra Augusto Melo \u00e9 amplamente interpretado como uma disputa pol\u00edtica.&nbsp;<\/p>\n\n\n\n<p>O pedido se baseia principalmente em supostas irregularidades no contrato com a Vai deBet, que est\u00e1 sendo investigado pela Pol\u00edcia Civil. Seus cr\u00edticos alegam que a gest\u00e3o de Melo causou danos \u00e0 imagem do clube, o que teria violado o estatuto do Corinthians.<\/p>\n\n\n\n<p>Se o impeachment for aprovado, o presidente ser\u00e1 afastado temporariamente e Osmar St\u00e1bile, primeiro vice-presidente, assumir\u00e1 a presid\u00eancia at\u00e9 que uma nova elei\u00e7\u00e3o seja realizada.&nbsp;<\/p>\n\n\n\n<p>No entanto, se os conselheiros decidirem pela manuten\u00e7\u00e3o de Melo no cargo, ele seguir\u00e1 como presidente do Corinthians at\u00e9 o final de seu mandato, previsto para 2026.<\/p>\n","protected":false},"excerpt":{"rendered":"<p>O clima no Corinthians est\u00e1 tenso e a pr\u00f3xima segunda-feira ser\u00e1 decisiva para o futuro pol\u00edtico de Augusto Melo, presidente do clube.&nbsp; Em uma reuni\u00e3o marcada para o Conselho Deliberativo, ser\u00e1 votado o pedido de impeachment do dirigente, que, apesar do risco iminente de afastamento, se mant\u00e9m confiante e promete resist\u00eancia.&nbsp; A confian\u00e7a de Augusto [&hellip;]<\/p>\n","protected":false},"author":25,"featured_media":145590,"comment_status":"open","ping_status":"closed","sticky":false,"template":"","format":"standard","meta":{"footnotes":""},"categories":[141],"tags":[],"class_list":["post-214640","post","type-post","status-publish","format-standard","has-post-thumbnail","hentry","category-corinthians"],"yoast_head":"<!-- This site is optimized with the Yoast SEO Premium plugin v24.2 (Yoast SEO v26.9) - https:\/\/yoast.com\/product\/yoast-seo-premium-wordpress\/ -->\n<title>A declara\u00e7\u00e3o de Augusto Melo sobre impeachment no Corinthians<\/title>\n<meta name=\"robots\" content=\"index, follow, max-snippet:-1, max-image-preview:large, max-video-preview:-1\" \/>\n<link rel=\"canonical\" href=\"https:\/\/www.gaveanews.com\/index.php\/2025\/01\/18\/a-declaracao-de-augusto-melo-sobre-impeachment-no-corinthians\/\" \/>\n<meta property=\"og:locale\" content=\"pt_BR\" \/>\n<meta property=\"og:type\" content=\"article\" \/>\n<meta property=\"og:title\" content=\"A declara\u00e7\u00e3o de Augusto Melo sobre impeachment no Corinthians\" \/>\n<meta property=\"og:description\" content=\"O clima no Corinthians est\u00e1 tenso e a pr\u00f3xima segunda-feira ser\u00e1 decisiva para o futuro pol\u00edtico de Augusto Melo, presidente do clube.&nbsp; Em uma reuni\u00e3o marcada para o Conselho Deliberativo, ser\u00e1 votado o pedido de impeachment do dirigente, que, apesar do risco iminente de afastamento, se mant\u00e9m confiante e promete resist\u00eancia.&nbsp; A confian\u00e7a de Augusto [&hellip;]\" \/>\n<meta property=\"og:url\" content=\"https:\/\/www.gaveanews.com\/index.php\/2025\/01\/18\/a-declaracao-de-augusto-melo-sobre-impeachment-no-corinthians\/\" \/>\n<meta property=\"og:site_name\" content=\"G\u00e1vea News\" \/>\n<meta property=\"article:publisher\" content=\"https:\/\/facebook.com\/gaveaNews\/\" \/>\n<meta property=\"article:published_time\" content=\"2025-01-18T23:35:00+00:00\" \/>\n<meta property=\"og:image\" content=\"https:\/\/www.gaveanews.com\/wp-content\/uploads\/Augusto-Melo-durante-coletiva-de-imprensa-do-Corinthians.webp\" \/>\n\t<meta property=\"og:image:width\" content=\"1920\" \/>\n\t<meta property=\"og:image:height\" content=\"1080\" \/>\n\t<meta property=\"og:image:type\" content=\"image\/jpeg\" \/>\n<meta name=\"author\" content=\"Rafaela Ladeira\" \/>\n<meta name=\"twitter:card\" content=\"summary_large_image\" \/>\n<meta name=\"twitter:label1\" content=\"Escrito por\" \/>\n\t<meta name=\"twitter:data1\" content=\"Rafaela Ladeira\" \/>\n\t<meta name=\"twitter:label2\" content=\"Est. tempo de leitura\" \/>\n\t<meta name=\"twitter:data2\" content=\"3 minutos\" \/>\n<script type=\"application\/ld+json\" class=\"yoast-schema-graph\">{\"@context\":\"https:\/\/schema.org\",\"@graph\":[{\"@type\":\"NewsArticle\",\"@id\":\"https:\/\/www.gaveanews.com\/index.php\/2025\/01\/18\/a-declaracao-de-augusto-melo-sobre-impeachment-no-corinthians\/#article\",\"isPartOf\":{\"@id\":\"https:\/\/www.gaveanews.com\/index.php\/2025\/01\/18\/a-declaracao-de-augusto-melo-sobre-impeachment-no-corinthians\/\"},\"author\":{\"name\":\"Rafaela Ladeira\",\"@id\":\"https:\/\/www.gaveanews.com\/#\/schema\/person\/0eb3e3fe1754f0205218538adbe8f5ed\"},\"headline\":\"A declara\u00e7\u00e3o de Augusto Melo sobre impeachment no Corinthians\",\"datePublished\":\"2025-01-18T23:35:00+00:00\",\"mainEntityOfPage\":{\"@id\":\"https:\/\/www.gaveanews.com\/index.php\/2025\/01\/18\/a-declaracao-de-augusto-melo-sobre-impeachment-no-corinthians\/\"},\"wordCount\":426,\"commentCount\":0,\"image\":{\"@id\":\"https:\/\/www.gaveanews.com\/index.php\/2025\/01\/18\/a-declaracao-de-augusto-melo-sobre-impeachment-no-corinthians\/#primaryimage\"},\"thumbnailUrl\":\"https:\/\/www.gaveanews.com\/wp-content\/uploads\/Augusto-Melo-durante-coletiva-de-imprensa-do-Corinthians.webp\",\"articleSection\":[\"Corinthians\"],\"inLanguage\":\"pt-BR\",\"potentialAction\":[{\"@type\":\"CommentAction\",\"name\":\"Comment\",\"target\":[\"https:\/\/www.gaveanews.com\/index.php\/2025\/01\/18\/a-declaracao-de-augusto-melo-sobre-impeachment-no-corinthians\/#respond\"]}],\"copyrightYear\":\"2025\",\"copyrightHolder\":{\"@id\":\"https:\/\/www.gaveanews.com\/#organization\"}},{\"@type\":\"WebPage\",\"@id\":\"https:\/\/www.gaveanews.com\/index.php\/2025\/01\/18\/a-declaracao-de-augusto-melo-sobre-impeachment-no-corinthians\/\",\"url\":\"https:\/\/www.gaveanews.com\/index.php\/2025\/01\/18\/a-declaracao-de-augusto-melo-sobre-impeachment-no-corinthians\/\",\"name\":\"A declara\u00e7\u00e3o de Augusto Melo sobre impeachment no Corinthians\",\"isPartOf\":{\"@id\":\"https:\/\/www.gaveanews.com\/#website\"},\"primaryImageOfPage\":{\"@id\":\"https:\/\/www.gaveanews.com\/index.php\/2025\/01\/18\/a-declaracao-de-augusto-melo-sobre-impeachment-no-corinthians\/#primaryimage\"},\"image\":{\"@id\":\"https:\/\/www.gaveanews.com\/index.php\/2025\/01\/18\/a-declaracao-de-augusto-melo-sobre-impeachment-no-corinthians\/#primaryimage\"},\"thumbnailUrl\":\"https:\/\/www.gaveanews.com\/wp-content\/uploads\/Augusto-Melo-durante-coletiva-de-imprensa-do-Corinthians.webp\",\"datePublished\":\"2025-01-18T23:35:00+00:00\",\"author\":{\"@id\":\"https:\/\/www.gaveanews.com\/#\/schema\/person\/0eb3e3fe1754f0205218538adbe8f5ed\"},\"breadcrumb\":{\"@id\":\"https:\/\/www.gaveanews.com\/index.php\/2025\/01\/18\/a-declaracao-de-augusto-melo-sobre-impeachment-no-corinthians\/#breadcrumb\"},\"inLanguage\":\"pt-BR\",\"potentialAction\":[{\"@type\":\"ReadAction\",\"target\":[\"https:\/\/www.gaveanews.com\/index.php\/2025\/01\/18\/a-declaracao-de-augusto-melo-sobre-impeachment-no-corinthians\/\"]}]},{\"@type\":\"ImageObject\",\"inLanguage\":\"pt-BR\",\"@id\":\"https:\/\/www.gaveanews.com\/index.php\/2025\/01\/18\/a-declaracao-de-augusto-melo-sobre-impeachment-no-corinthians\/#primaryimage\",\"url\":\"https:\/\/www.gaveanews.com\/wp-content\/uploads\/Augusto-Melo-durante-coletiva-de-imprensa-do-Corinthians.webp\",\"contentUrl\":\"https:\/\/www.gaveanews.com\/wp-content\/uploads\/Augusto-Melo-durante-coletiva-de-imprensa-do-Corinthians.webp\",\"width\":1920,\"height\":1080,\"caption\":\"Augusto Melo durante coletiva de imprensa do Corinthians (Foto: Rodrigo Coca\/ Corinthians)\"},{\"@type\":\"BreadcrumbList\",\"@id\":\"https:\/\/www.gaveanews.com\/index.php\/2025\/01\/18\/a-declaracao-de-augusto-melo-sobre-impeachment-no-corinthians\/#breadcrumb\",\"itemListElement\":[{\"@type\":\"ListItem\",\"position\":1,\"name\":\"Home\",\"item\":\"https:\/\/www.gaveanews.com\/\"},{\"@type\":\"ListItem\",\"position\":2,\"name\":\"A declara\u00e7\u00e3o de Augusto Melo sobre impeachment no Corinthians\"}]},{\"@type\":\"WebSite\",\"@id\":\"https:\/\/www.gaveanews.com\/#website\",\"url\":\"https:\/\/www.gaveanews.com\/\",\"name\":\"G\u00e1vea News\",\"description\":\"Veja todas as not\u00edcias sobre o Flamengo: Contrata\u00e7\u00f5es, categorias de base, resultados das partidas, tabela de classifica\u00e7\u00e3o, pr\u00f3ximos jogos!\",\"potentialAction\":[{\"@type\":\"SearchAction\",\"target\":{\"@type\":\"EntryPoint\",\"urlTemplate\":\"https:\/\/www.gaveanews.com\/?s={search_term_string}\"},\"query-input\":{\"@type\":\"PropertyValueSpecification\",\"valueRequired\":true,\"valueName\":\"search_term_string\"}}],\"inLanguage\":\"pt-BR\"},{\"@type\":\"Person\",\"@id\":\"https:\/\/www.gaveanews.com\/#\/schema\/person\/0eb3e3fe1754f0205218538adbe8f5ed\",\"name\":\"Rafaela Ladeira\",\"image\":{\"@type\":\"ImageObject\",\"inLanguage\":\"pt-BR\",\"@id\":\"https:\/\/www.gaveanews.com\/#\/schema\/person\/image\/\",\"url\":\"https:\/\/secure.gravatar.com\/avatar\/c31f513acffd85eacab5730cbdfdbbf59f21ba5aeada8cd890acea879fbb2455?s=96&d=mm&r=g\",\"contentUrl\":\"https:\/\/secure.gravatar.com\/avatar\/c31f513acffd85eacab5730cbdfdbbf59f21ba5aeada8cd890acea879fbb2455?s=96&d=mm&r=g\",\"caption\":\"Rafaela Ladeira\"}}]}<\/script>\n<!-- \/ Yoast SEO Premium plugin. -->","yoast_head_json":{"title":"A declara\u00e7\u00e3o de Augusto Melo sobre impeachment no Corinthians","robots":{"index":"index","follow":"follow","max-snippet":"max-snippet:-1","max-image-preview":"max-image-preview:large","max-video-preview":"max-video-preview:-1"},"canonical":"https:\/\/www.gaveanews.com\/index.php\/2025\/01\/18\/a-declaracao-de-augusto-melo-sobre-impeachment-no-corinthians\/","og_locale":"pt_BR","og_type":"article","og_title":"A declara\u00e7\u00e3o de Augusto Melo sobre impeachment no Corinthians","og_description":"O clima no Corinthians est\u00e1 tenso e a pr\u00f3xima segunda-feira ser\u00e1 decisiva para o futuro pol\u00edtico de Augusto Melo, presidente do clube.&nbsp; Em uma reuni\u00e3o marcada para o Conselho Deliberativo, ser\u00e1 votado o pedido de impeachment do dirigente, que, apesar do risco iminente de afastamento, se mant\u00e9m confiante e promete resist\u00eancia.&nbsp; A confian\u00e7a de Augusto [&hellip;]","og_url":"https:\/\/www.gaveanews.com\/index.php\/2025\/01\/18\/a-declaracao-de-augusto-melo-sobre-impeachment-no-corinthians\/","og_site_name":"G\u00e1vea News","article_publisher":"https:\/\/facebook.com\/gaveaNews\/","article_published_time":"2025-01-18T23:35:00+00:00","og_image":[{"width":1920,"height":1080,"url":"https:\/\/www.gaveanews.com\/wp-content\/uploads\/Augusto-Melo-durante-coletiva-de-imprensa-do-Corinthians.webp","type":"image\/jpeg"}],"author":"Rafaela Ladeira","twitter_card":"summary_large_image","twitter_misc":{"Escrito por":"Rafaela Ladeira","Est. tempo de leitura":"3 minutos"},"schema":{"@context":"https:\/\/schema.org","@graph":[{"@type":"NewsArticle","@id":"https:\/\/www.gaveanews.com\/index.php\/2025\/01\/18\/a-declaracao-de-augusto-melo-sobre-impeachment-no-corinthians\/#article","isPartOf":{"@id":"https:\/\/www.gaveanews.com\/index.php\/2025\/01\/18\/a-declaracao-de-augusto-melo-sobre-impeachment-no-corinthians\/"},"author":{"name":"Rafaela Ladeira","@id":"https:\/\/www.gaveanews.com\/#\/schema\/person\/0eb3e3fe1754f0205218538adbe8f5ed"},"headline":"A declara\u00e7\u00e3o de Augusto Melo sobre impeachment no Corinthians","datePublished":"2025-01-18T23:35:00+00:00","mainEntityOfPage":{"@id":"https:\/\/www.gaveanews.com\/index.php\/2025\/01\/18\/a-declaracao-de-augusto-melo-sobre-impeachment-no-corinthians\/"},"wordCount":426,"commentCount":0,"image":{"@id":"https:\/\/www.gaveanews.com\/index.php\/2025\/01\/18\/a-declaracao-de-augusto-melo-sobre-impeachment-no-corinthians\/#primaryimage"},"thumbnailUrl":"https:\/\/www.gaveanews.com\/wp-content\/uploads\/Augusto-Melo-durante-coletiva-de-imprensa-do-Corinthians.webp","articleSection":["Corinthians"],"inLanguage":"pt-BR","potentialAction":[{"@type":"CommentAction","name":"Comment","target":["https:\/\/www.gaveanews.com\/index.php\/2025\/01\/18\/a-declaracao-de-augusto-melo-sobre-impeachment-no-corinthians\/#respond"]}],"copyrightYear":"2025","copyrightHolder":{"@id":"https:\/\/www.gaveanews.com\/#organization"}},{"@type":"WebPage","@id":"https:\/\/www.gaveanews.com\/index.php\/2025\/01\/18\/a-declaracao-de-augusto-melo-sobre-impeachment-no-corinthians\/","url":"https:\/\/www.gaveanews.com\/index.php\/2025\/01\/18\/a-declaracao-de-augusto-melo-sobre-impeachment-no-corinthians\/","name":"A declara\u00e7\u00e3o de Augusto Melo sobre impeachment no Corinthians","isPartOf":{"@id":"https:\/\/www.gaveanews.com\/#website"},"primaryImageOfPage":{"@id":"https:\/\/www.gaveanews.com\/index.php\/2025\/01\/18\/a-declaracao-de-augusto-melo-sobre-impeachment-no-corinthians\/#primaryimage"},"image":{"@id":"https:\/\/www.gaveanews.com\/index.php\/2025\/01\/18\/a-declaracao-de-augusto-melo-sobre-impeachment-no-corinthians\/#primaryimage"},"thumbnailUrl":"https:\/\/www.gaveanews.com\/wp-content\/uploads\/Augusto-Melo-durante-coletiva-de-imprensa-do-Corinthians.webp","datePublished":"2025-01-18T23:35:00+00:00","author":{"@id":"https:\/\/www.gaveanews.com\/#\/schema\/person\/0eb3e3fe1754f0205218538adbe8f5ed"},"breadcrumb":{"@id":"https:\/\/www.gaveanews.com\/index.php\/2025\/01\/18\/a-declaracao-de-augusto-melo-sobre-impeachment-no-corinthians\/#breadcrumb"},"inLanguage":"pt-BR","potentialAction":[{"@type":"ReadAction","target":["https:\/\/www.gaveanews.com\/index.php\/2025\/01\/18\/a-declaracao-de-augusto-melo-sobre-impeachment-no-corinthians\/"]}]},{"@type":"ImageObject","inLanguage":"pt-BR","@id":"https:\/\/www.gaveanews.com\/index.php\/2025\/01\/18\/a-declaracao-de-augusto-melo-sobre-impeachment-no-corinthians\/#primaryimage","url":"https:\/\/www.gaveanews.com\/wp-content\/uploads\/Augusto-Melo-durante-coletiva-de-imprensa-do-Corinthians.webp","contentUrl":"https:\/\/www.gaveanews.com\/wp-content\/uploads\/Augusto-Melo-durante-coletiva-de-imprensa-do-Corinthians.webp","width":1920,"height":1080,"caption":"Augusto Melo durante coletiva de imprensa do Corinthians (Foto: Rodrigo Coca\/ Corinthians)"},{"@type":"BreadcrumbList","@id":"https:\/\/www.gaveanews.com\/index.php\/2025\/01\/18\/a-declaracao-de-augusto-melo-sobre-impeachment-no-corinthians\/#breadcrumb","itemListElement":[{"@type":"ListItem","position":1,"name":"Home","item":"https:\/\/www.gaveanews.com\/"},{"@type":"ListItem","position":2,"name":"A declara\u00e7\u00e3o de Augusto Melo sobre impeachment no Corinthians"}]},{"@type":"WebSite","@id":"https:\/\/www.gaveanews.com\/#website","url":"https:\/\/www.gaveanews.com\/","name":"G\u00e1vea News","description":"Veja todas as not\u00edcias sobre o Flamengo: Contrata\u00e7\u00f5es, categorias de base, resultados das partidas, tabela de classifica\u00e7\u00e3o, pr\u00f3ximos jogos!","potentialAction":[{"@type":"SearchAction","target":{"@type":"EntryPoint","urlTemplate":"https:\/\/www.gaveanews.com\/?s={search_term_string}"},"query-input":{"@type":"PropertyValueSpecification","valueRequired":true,"valueName":"search_term_string"}}],"inLanguage":"pt-BR"},{"@type":"Person","@id":"https:\/\/www.gaveanews.com\/#\/schema\/person\/0eb3e3fe1754f0205218538adbe8f5ed","name":"Rafaela Ladeira","image":{"@type":"ImageObject","inLanguage":"pt-BR","@id":"https:\/\/www.gaveanews.com\/#\/schema\/person\/image\/","url":"https:\/\/secure.gravatar.com\/avatar\/c31f513acffd85eacab5730cbdfdbbf59f21ba5aeada8cd890acea879fbb2455?s=96&d=mm&r=g","contentUrl":"https:\/\/secure.gravatar.com\/avatar\/c31f513acffd85eacab5730cbdfdbbf59f21ba5aeada8cd890acea879fbb2455?s=96&d=mm&r=g","caption":"Rafaela Ladeira"}}]}},"_links":{"self":[{"href":"https:\/\/www.gaveanews.com\/index.php\/wp-json\/wp\/v2\/posts\/214640","targetHints":{"allow":["GET"]}}],"collection":[{"href":"https:\/\/www.gaveanews.com\/index.php\/wp-json\/wp\/v2\/posts"}],"about":[{"href":"https:\/\/www.gaveanews.com\/index.php\/wp-json\/wp\/v2\/types\/post"}],"author":[{"embeddable":true,"href":"https:\/\/www.gaveanews.com\/index.php\/wp-json\/wp\/v2\/users\/25"}],"replies":[{"embeddable":true,"href":"https:\/\/www.gaveanews.com\/index.php\/wp-json\/wp\/v2\/comments?post=214640"}],"version-history":[{"count":1,"href":"https:\/\/www.gaveanews.com\/index.php\/wp-json\/wp\/v2\/posts\/214640\/revisions"}],"predecessor-version":[{"id":214643,"href":"https:\/\/www.gaveanews.com\/index.php\/wp-json\/wp\/v2\/posts\/214640\/revisions\/214643"}],"wp:featuredmedia":[{"embeddable":true,"href":"https:\/\/www.gaveanews.com\/index.php\/wp-json\/wp\/v2\/media\/145590"}],"wp:attachment":[{"href":"https:\/\/www.gaveanews.com\/index.php\/wp-json\/wp\/v2\/media?parent=214640"}],"wp:term":[{"taxonomy":"category","embeddable":true,"href":"https:\/\/www.gaveanews.com\/index.php\/wp-json\/wp\/v2\/categories?post=214640"},{"taxonomy":"post_tag","embeddable":true,"href":"https:\/\/www.gaveanews.com\/index.php\/wp-json\/wp\/v2\/tags?post=214640"}],"curies":[{"name":"wp","href":"https:\/\/api.w.org\/{rel}","templated":true}]}}