{"id":214650,"date":"2025-01-18T19:10:00","date_gmt":"2025-01-18T22:10:00","guid":{"rendered":"https:\/\/www.gaveanews.com\/?p=214650"},"modified":"2025-01-18T17:35:22","modified_gmt":"2025-01-18T20:35:22","slug":"bahia-emite-nota-oficial-sobre-fim-de-contrato","status":"publish","type":"post","link":"https:\/\/www.gaveanews.com\/index.php\/2025\/01\/18\/bahia-emite-nota-oficial-sobre-fim-de-contrato\/","title":{"rendered":"Bahia emite nota oficial sobre fim de contrato"},"content":{"rendered":"\n<p>Neste in\u00edcio de nova temporada, o Bahia ter\u00e1 que iniciar uma trajet\u00f3ria que busca n\u00e3o apenas por refor\u00e7os para dentro das quatro linhas, mas tamb\u00e9m para a parte financeira. O Tricolor Baiano anunciou o fim do contrato com o patrocinador master, e precisa de um novo investidor.<\/p>\n\n\n\n<ul class=\"wp-block-list\">\n<li><a href=\"https:\/\/www.gaveanews.com\/index.php\/2025\/01\/18\/bahia-anuncia-saida-de-jogador\/\">Bahia anuncia sa\u00edda de jogador<\/a><\/li>\n\n\n\n<li><a href=\"https:\/\/www.gaveanews.com\/index.php\/2025\/01\/14\/agora-e-oficial-bahia-anuncia-novo-atacante\/\">Agora \u00e9 oficial! Bahia anuncia novo atacante<\/a><\/li>\n<\/ul>\n\n\n\n<p>Um comunicado emitido pelo Bahia oficializou o fim da parceria com a Esportes da Sorte. A empresas de apostas esportivas era patrocinadora master do clube, e o v\u00ednculo entre as partes era v\u00e1lido at\u00e9 o final deste 2025. <\/p>\n\n\n\n<p>A parceria entre a Esportes da Sorte e o Bahia se iniciou em 2023, com acordo de tr\u00eas temporadas. A rescis\u00e3o foi amig\u00e1vel, e o Tricolor de A\u00e7o busca um novo acordo.<\/p>\n\n\n\n<h2 class=\"wp-block-heading\" id=\"h-veja-nota-do-bahia\">Veja nota do Bahia<\/h2>\n\n\n\n<p>&#8220;O Esporte Clube Bahia SAF comunica a rescis\u00e3o amig\u00e1vel do contrato de patroc\u00ednio com o Esportes da Sorte. O clube est\u00e1 explorando novas oportunidades de patroc\u00ednio m\u00e1ster e compartilhar\u00e1 mais informa\u00e7\u00f5es oportunamente&#8221;.<\/p>\n\n\n\n<h2 class=\"wp-block-heading\" id=\"h-esportes-da-sorte-e-o-funcionamento-das-bets\">Esportes da Sorte e o funcionamento das bets<\/h2>\n\n\n\n<p>Cabe ressaltar que a Esportes da Sorte foi uma das casas de apostas proibida de atuar no Brasil desde a virada de ano, ap\u00f3s decis\u00e3o do ministro Andr\u00e9 Mendon\u00e7a, do Supremo Tribunal Federal. A empresa em quest\u00e3o funcionava atrav\u00e9s das regras da Loterj, Loteria do Estado do Rio de Janeiro, e o licenciamento das bets foi suspenso.<\/p>\n\n\n\n<p>Tamb\u00e9m vale destacar que a Esportes da Sorte havia conseguido uma liminar na justi\u00e7a para continuar as atividades, e quem concedeu a libera\u00e7\u00e3o foi o juiz Renato Coelho Borelli, da 4\u00aa Vara Federal C\u00edvel. Para atuar no Brasil, as casas de apostas, al\u00e9m de cumprir uma s\u00e9rie de regulamenta\u00e7\u00f5es, deveriam arcar com uma licen\u00e7a de R$ 30 milh\u00f5es. A empresa em quest\u00e3o garantiu ter feito o pagamento.<\/p>\n\n\n\n<h2 class=\"wp-block-heading\" id=\"h-confira-a-nota-do-esportes-da-sorte\">Confira a nota do Esportes da Sorte:<\/h2>\n\n\n\n<p>O Grupo Esportes da Sorte informa que est\u00e1 autorizado a operar nacionalmente pela licen\u00e7a 030\/2024 da SPA\/MF. A decis\u00e3o corrobora que a empresa, desde o in\u00edcio, cumpriu todo o rito legal e normativo estabelecido pela legisla\u00e7\u00e3o e suas respectivas portarias.<\/p>\n\n\n\n<p>O grupo ainda ressalta que a raz\u00e3o para o indeferimento administrativo foi considerada ilegal pela justi\u00e7a federal e que, inclusive, j\u00e1 realizou o pagamento da outorga e o seu site estar\u00e1 em breve em transi\u00e7\u00e3o para o novo dom\u00ednio www.esportesdasorte.bet.br, de acordo com a instru\u00e7\u00e3o normativa da SPA\/MF n\u00ba11 para a utiliza\u00e7\u00e3o do registro.<\/p>\n\n\n\n<p>Diante disso, o Grupo Esportes da Sorte reafirma o seu compromisso com a regulamenta\u00e7\u00e3o do setor e com o jogo respons\u00e1vel, visando proteger os interesses da sociedade civil, gerando empregos, renda e a favor do desenvolvimento econ\u00f4mico, social e cultural do pa\u00eds.<\/p>\n","protected":false},"excerpt":{"rendered":"<p>Neste in\u00edcio de nova temporada, o Bahia ter\u00e1 que iniciar uma trajet\u00f3ria que busca n\u00e3o apenas por refor\u00e7os para dentro das quatro linhas, mas tamb\u00e9m para a parte financeira. O Tricolor Baiano anunciou o fim do contrato com o patrocinador master, e precisa de um novo investidor. Um comunicado emitido pelo Bahia oficializou o fim [&hellip;]<\/p>\n","protected":false},"author":18,"featured_media":155116,"comment_status":"open","ping_status":"closed","sticky":false,"template":"","format":"standard","meta":{"footnotes":""},"categories":[137],"tags":[],"class_list":["post-214650","post","type-post","status-publish","format-standard","has-post-thumbnail","hentry","category-bahia"],"yoast_head":"<!-- This site is optimized with the Yoast SEO Premium plugin v24.2 (Yoast SEO v26.9) - https:\/\/yoast.com\/product\/yoast-seo-premium-wordpress\/ -->\n<title>Bahia emite nota oficial sobre fim de contrato<\/title>\n<meta name=\"robots\" content=\"index, follow, max-snippet:-1, max-image-preview:large, max-video-preview:-1\" \/>\n<link rel=\"canonical\" href=\"https:\/\/www.gaveanews.com\/index.php\/2025\/01\/18\/bahia-emite-nota-oficial-sobre-fim-de-contrato\/\" \/>\n<meta property=\"og:locale\" content=\"pt_BR\" \/>\n<meta property=\"og:type\" content=\"article\" \/>\n<meta property=\"og:title\" content=\"Bahia emite nota oficial sobre fim de contrato\" \/>\n<meta property=\"og:description\" content=\"Neste in\u00edcio de nova temporada, o Bahia ter\u00e1 que iniciar uma trajet\u00f3ria que busca n\u00e3o apenas por refor\u00e7os para dentro das quatro linhas, mas tamb\u00e9m para a parte financeira. O Tricolor Baiano anunciou o fim do contrato com o patrocinador master, e precisa de um novo investidor. Um comunicado emitido pelo Bahia oficializou o fim [&hellip;]\" \/>\n<meta property=\"og:url\" content=\"https:\/\/www.gaveanews.com\/index.php\/2025\/01\/18\/bahia-emite-nota-oficial-sobre-fim-de-contrato\/\" \/>\n<meta property=\"og:site_name\" content=\"G\u00e1vea News\" \/>\n<meta property=\"article:publisher\" content=\"https:\/\/facebook.com\/gaveaNews\/\" \/>\n<meta property=\"article:published_time\" content=\"2025-01-18T22:10:00+00:00\" \/>\n<meta property=\"og:image\" content=\"https:\/\/www.gaveanews.com\/wp-content\/uploads\/Escudo-do-Bahia.webp\" \/>\n\t<meta property=\"og:image:width\" content=\"2048\" \/>\n\t<meta property=\"og:image:height\" content=\"1366\" \/>\n\t<meta property=\"og:image:type\" content=\"image\/jpeg\" \/>\n<meta name=\"author\" content=\"Paula Silva\" \/>\n<meta name=\"twitter:card\" content=\"summary_large_image\" \/>\n<meta name=\"twitter:label1\" content=\"Escrito por\" \/>\n\t<meta name=\"twitter:data1\" content=\"Paula Silva\" \/>\n\t<meta name=\"twitter:label2\" content=\"Est. tempo de leitura\" \/>\n\t<meta name=\"twitter:data2\" content=\"3 minutos\" \/>\n<script type=\"application\/ld+json\" class=\"yoast-schema-graph\">{\"@context\":\"https:\/\/schema.org\",\"@graph\":[{\"@type\":\"NewsArticle\",\"@id\":\"https:\/\/www.gaveanews.com\/index.php\/2025\/01\/18\/bahia-emite-nota-oficial-sobre-fim-de-contrato\/#article\",\"isPartOf\":{\"@id\":\"https:\/\/www.gaveanews.com\/index.php\/2025\/01\/18\/bahia-emite-nota-oficial-sobre-fim-de-contrato\/\"},\"author\":{\"name\":\"Paula Silva\",\"@id\":\"https:\/\/www.gaveanews.com\/#\/schema\/person\/daf63eec72e1164eb13dc35096c2b8da\"},\"headline\":\"Bahia emite nota oficial sobre fim de contrato\",\"datePublished\":\"2025-01-18T22:10:00+00:00\",\"mainEntityOfPage\":{\"@id\":\"https:\/\/www.gaveanews.com\/index.php\/2025\/01\/18\/bahia-emite-nota-oficial-sobre-fim-de-contrato\/\"},\"wordCount\":494,\"commentCount\":0,\"image\":{\"@id\":\"https:\/\/www.gaveanews.com\/index.php\/2025\/01\/18\/bahia-emite-nota-oficial-sobre-fim-de-contrato\/#primaryimage\"},\"thumbnailUrl\":\"https:\/\/www.gaveanews.com\/wp-content\/uploads\/Escudo-do-Bahia.webp\",\"articleSection\":[\"Bahia\"],\"inLanguage\":\"pt-BR\",\"potentialAction\":[{\"@type\":\"CommentAction\",\"name\":\"Comment\",\"target\":[\"https:\/\/www.gaveanews.com\/index.php\/2025\/01\/18\/bahia-emite-nota-oficial-sobre-fim-de-contrato\/#respond\"]}],\"copyrightYear\":\"2025\",\"copyrightHolder\":{\"@id\":\"https:\/\/www.gaveanews.com\/#organization\"}},{\"@type\":\"WebPage\",\"@id\":\"https:\/\/www.gaveanews.com\/index.php\/2025\/01\/18\/bahia-emite-nota-oficial-sobre-fim-de-contrato\/\",\"url\":\"https:\/\/www.gaveanews.com\/index.php\/2025\/01\/18\/bahia-emite-nota-oficial-sobre-fim-de-contrato\/\",\"name\":\"Bahia emite nota oficial sobre fim de contrato\",\"isPartOf\":{\"@id\":\"https:\/\/www.gaveanews.com\/#website\"},\"primaryImageOfPage\":{\"@id\":\"https:\/\/www.gaveanews.com\/index.php\/2025\/01\/18\/bahia-emite-nota-oficial-sobre-fim-de-contrato\/#primaryimage\"},\"image\":{\"@id\":\"https:\/\/www.gaveanews.com\/index.php\/2025\/01\/18\/bahia-emite-nota-oficial-sobre-fim-de-contrato\/#primaryimage\"},\"thumbnailUrl\":\"https:\/\/www.gaveanews.com\/wp-content\/uploads\/Escudo-do-Bahia.webp\",\"datePublished\":\"2025-01-18T22:10:00+00:00\",\"author\":{\"@id\":\"https:\/\/www.gaveanews.com\/#\/schema\/person\/daf63eec72e1164eb13dc35096c2b8da\"},\"breadcrumb\":{\"@id\":\"https:\/\/www.gaveanews.com\/index.php\/2025\/01\/18\/bahia-emite-nota-oficial-sobre-fim-de-contrato\/#breadcrumb\"},\"inLanguage\":\"pt-BR\",\"potentialAction\":[{\"@type\":\"ReadAction\",\"target\":[\"https:\/\/www.gaveanews.com\/index.php\/2025\/01\/18\/bahia-emite-nota-oficial-sobre-fim-de-contrato\/\"]}]},{\"@type\":\"ImageObject\",\"inLanguage\":\"pt-BR\",\"@id\":\"https:\/\/www.gaveanews.com\/index.php\/2025\/01\/18\/bahia-emite-nota-oficial-sobre-fim-de-contrato\/#primaryimage\",\"url\":\"https:\/\/www.gaveanews.com\/wp-content\/uploads\/Escudo-do-Bahia.webp\",\"contentUrl\":\"https:\/\/www.gaveanews.com\/wp-content\/uploads\/Escudo-do-Bahia.webp\",\"width\":2048,\"height\":1366,\"caption\":\"Escudo do Bahia (Foto: Reprodu\u00e7\u00e3o)\"},{\"@type\":\"BreadcrumbList\",\"@id\":\"https:\/\/www.gaveanews.com\/index.php\/2025\/01\/18\/bahia-emite-nota-oficial-sobre-fim-de-contrato\/#breadcrumb\",\"itemListElement\":[{\"@type\":\"ListItem\",\"position\":1,\"name\":\"Home\",\"item\":\"https:\/\/www.gaveanews.com\/\"},{\"@type\":\"ListItem\",\"position\":2,\"name\":\"Bahia emite nota oficial sobre fim de contrato\"}]},{\"@type\":\"WebSite\",\"@id\":\"https:\/\/www.gaveanews.com\/#website\",\"url\":\"https:\/\/www.gaveanews.com\/\",\"name\":\"G\u00e1vea News\",\"description\":\"Veja todas as not\u00edcias sobre o Flamengo: Contrata\u00e7\u00f5es, categorias de base, resultados das partidas, tabela de classifica\u00e7\u00e3o, pr\u00f3ximos jogos!\",\"potentialAction\":[{\"@type\":\"SearchAction\",\"target\":{\"@type\":\"EntryPoint\",\"urlTemplate\":\"https:\/\/www.gaveanews.com\/?s={search_term_string}\"},\"query-input\":{\"@type\":\"PropertyValueSpecification\",\"valueRequired\":true,\"valueName\":\"search_term_string\"}}],\"inLanguage\":\"pt-BR\"},{\"@type\":\"Person\",\"@id\":\"https:\/\/www.gaveanews.com\/#\/schema\/person\/daf63eec72e1164eb13dc35096c2b8da\",\"name\":\"Paula Silva\",\"image\":{\"@type\":\"ImageObject\",\"inLanguage\":\"pt-BR\",\"@id\":\"https:\/\/www.gaveanews.com\/#\/schema\/person\/image\/\",\"url\":\"https:\/\/secure.gravatar.com\/avatar\/eda381c845527cc5d64c13b901833cda29d97500ba040d3e6461f76f51d163bb?s=96&d=mm&r=g\",\"contentUrl\":\"https:\/\/secure.gravatar.com\/avatar\/eda381c845527cc5d64c13b901833cda29d97500ba040d3e6461f76f51d163bb?s=96&d=mm&r=g\",\"caption\":\"Paula Silva\"}}]}<\/script>\n<!-- \/ Yoast SEO Premium plugin. -->","yoast_head_json":{"title":"Bahia emite nota oficial sobre fim de contrato","robots":{"index":"index","follow":"follow","max-snippet":"max-snippet:-1","max-image-preview":"max-image-preview:large","max-video-preview":"max-video-preview:-1"},"canonical":"https:\/\/www.gaveanews.com\/index.php\/2025\/01\/18\/bahia-emite-nota-oficial-sobre-fim-de-contrato\/","og_locale":"pt_BR","og_type":"article","og_title":"Bahia emite nota oficial sobre fim de contrato","og_description":"Neste in\u00edcio de nova temporada, o Bahia ter\u00e1 que iniciar uma trajet\u00f3ria que busca n\u00e3o apenas por refor\u00e7os para dentro das quatro linhas, mas tamb\u00e9m para a parte financeira. O Tricolor Baiano anunciou o fim do contrato com o patrocinador master, e precisa de um novo investidor. Um comunicado emitido pelo Bahia oficializou o fim [&hellip;]","og_url":"https:\/\/www.gaveanews.com\/index.php\/2025\/01\/18\/bahia-emite-nota-oficial-sobre-fim-de-contrato\/","og_site_name":"G\u00e1vea News","article_publisher":"https:\/\/facebook.com\/gaveaNews\/","article_published_time":"2025-01-18T22:10:00+00:00","og_image":[{"width":2048,"height":1366,"url":"https:\/\/www.gaveanews.com\/wp-content\/uploads\/Escudo-do-Bahia.webp","type":"image\/jpeg"}],"author":"Paula Silva","twitter_card":"summary_large_image","twitter_misc":{"Escrito por":"Paula Silva","Est. tempo de leitura":"3 minutos"},"schema":{"@context":"https:\/\/schema.org","@graph":[{"@type":"NewsArticle","@id":"https:\/\/www.gaveanews.com\/index.php\/2025\/01\/18\/bahia-emite-nota-oficial-sobre-fim-de-contrato\/#article","isPartOf":{"@id":"https:\/\/www.gaveanews.com\/index.php\/2025\/01\/18\/bahia-emite-nota-oficial-sobre-fim-de-contrato\/"},"author":{"name":"Paula Silva","@id":"https:\/\/www.gaveanews.com\/#\/schema\/person\/daf63eec72e1164eb13dc35096c2b8da"},"headline":"Bahia emite nota oficial sobre fim de contrato","datePublished":"2025-01-18T22:10:00+00:00","mainEntityOfPage":{"@id":"https:\/\/www.gaveanews.com\/index.php\/2025\/01\/18\/bahia-emite-nota-oficial-sobre-fim-de-contrato\/"},"wordCount":494,"commentCount":0,"image":{"@id":"https:\/\/www.gaveanews.com\/index.php\/2025\/01\/18\/bahia-emite-nota-oficial-sobre-fim-de-contrato\/#primaryimage"},"thumbnailUrl":"https:\/\/www.gaveanews.com\/wp-content\/uploads\/Escudo-do-Bahia.webp","articleSection":["Bahia"],"inLanguage":"pt-BR","potentialAction":[{"@type":"CommentAction","name":"Comment","target":["https:\/\/www.gaveanews.com\/index.php\/2025\/01\/18\/bahia-emite-nota-oficial-sobre-fim-de-contrato\/#respond"]}],"copyrightYear":"2025","copyrightHolder":{"@id":"https:\/\/www.gaveanews.com\/#organization"}},{"@type":"WebPage","@id":"https:\/\/www.gaveanews.com\/index.php\/2025\/01\/18\/bahia-emite-nota-oficial-sobre-fim-de-contrato\/","url":"https:\/\/www.gaveanews.com\/index.php\/2025\/01\/18\/bahia-emite-nota-oficial-sobre-fim-de-contrato\/","name":"Bahia emite nota oficial sobre fim de contrato","isPartOf":{"@id":"https:\/\/www.gaveanews.com\/#website"},"primaryImageOfPage":{"@id":"https:\/\/www.gaveanews.com\/index.php\/2025\/01\/18\/bahia-emite-nota-oficial-sobre-fim-de-contrato\/#primaryimage"},"image":{"@id":"https:\/\/www.gaveanews.com\/index.php\/2025\/01\/18\/bahia-emite-nota-oficial-sobre-fim-de-contrato\/#primaryimage"},"thumbnailUrl":"https:\/\/www.gaveanews.com\/wp-content\/uploads\/Escudo-do-Bahia.webp","datePublished":"2025-01-18T22:10:00+00:00","author":{"@id":"https:\/\/www.gaveanews.com\/#\/schema\/person\/daf63eec72e1164eb13dc35096c2b8da"},"breadcrumb":{"@id":"https:\/\/www.gaveanews.com\/index.php\/2025\/01\/18\/bahia-emite-nota-oficial-sobre-fim-de-contrato\/#breadcrumb"},"inLanguage":"pt-BR","potentialAction":[{"@type":"ReadAction","target":["https:\/\/www.gaveanews.com\/index.php\/2025\/01\/18\/bahia-emite-nota-oficial-sobre-fim-de-contrato\/"]}]},{"@type":"ImageObject","inLanguage":"pt-BR","@id":"https:\/\/www.gaveanews.com\/index.php\/2025\/01\/18\/bahia-emite-nota-oficial-sobre-fim-de-contrato\/#primaryimage","url":"https:\/\/www.gaveanews.com\/wp-content\/uploads\/Escudo-do-Bahia.webp","contentUrl":"https:\/\/www.gaveanews.com\/wp-content\/uploads\/Escudo-do-Bahia.webp","width":2048,"height":1366,"caption":"Escudo do Bahia (Foto: Reprodu\u00e7\u00e3o)"},{"@type":"BreadcrumbList","@id":"https:\/\/www.gaveanews.com\/index.php\/2025\/01\/18\/bahia-emite-nota-oficial-sobre-fim-de-contrato\/#breadcrumb","itemListElement":[{"@type":"ListItem","position":1,"name":"Home","item":"https:\/\/www.gaveanews.com\/"},{"@type":"ListItem","position":2,"name":"Bahia emite nota oficial sobre fim de contrato"}]},{"@type":"WebSite","@id":"https:\/\/www.gaveanews.com\/#website","url":"https:\/\/www.gaveanews.com\/","name":"G\u00e1vea News","description":"Veja todas as not\u00edcias sobre o Flamengo: Contrata\u00e7\u00f5es, categorias de base, resultados das partidas, tabela de classifica\u00e7\u00e3o, pr\u00f3ximos jogos!","potentialAction":[{"@type":"SearchAction","target":{"@type":"EntryPoint","urlTemplate":"https:\/\/www.gaveanews.com\/?s={search_term_string}"},"query-input":{"@type":"PropertyValueSpecification","valueRequired":true,"valueName":"search_term_string"}}],"inLanguage":"pt-BR"},{"@type":"Person","@id":"https:\/\/www.gaveanews.com\/#\/schema\/person\/daf63eec72e1164eb13dc35096c2b8da","name":"Paula Silva","image":{"@type":"ImageObject","inLanguage":"pt-BR","@id":"https:\/\/www.gaveanews.com\/#\/schema\/person\/image\/","url":"https:\/\/secure.gravatar.com\/avatar\/eda381c845527cc5d64c13b901833cda29d97500ba040d3e6461f76f51d163bb?s=96&d=mm&r=g","contentUrl":"https:\/\/secure.gravatar.com\/avatar\/eda381c845527cc5d64c13b901833cda29d97500ba040d3e6461f76f51d163bb?s=96&d=mm&r=g","caption":"Paula Silva"}}]}},"_links":{"self":[{"href":"https:\/\/www.gaveanews.com\/index.php\/wp-json\/wp\/v2\/posts\/214650","targetHints":{"allow":["GET"]}}],"collection":[{"href":"https:\/\/www.gaveanews.com\/index.php\/wp-json\/wp\/v2\/posts"}],"about":[{"href":"https:\/\/www.gaveanews.com\/index.php\/wp-json\/wp\/v2\/types\/post"}],"author":[{"embeddable":true,"href":"https:\/\/www.gaveanews.com\/index.php\/wp-json\/wp\/v2\/users\/18"}],"replies":[{"embeddable":true,"href":"https:\/\/www.gaveanews.com\/index.php\/wp-json\/wp\/v2\/comments?post=214650"}],"version-history":[{"count":1,"href":"https:\/\/www.gaveanews.com\/index.php\/wp-json\/wp\/v2\/posts\/214650\/revisions"}],"predecessor-version":[{"id":214660,"href":"https:\/\/www.gaveanews.com\/index.php\/wp-json\/wp\/v2\/posts\/214650\/revisions\/214660"}],"wp:featuredmedia":[{"embeddable":true,"href":"https:\/\/www.gaveanews.com\/index.php\/wp-json\/wp\/v2\/media\/155116"}],"wp:attachment":[{"href":"https:\/\/www.gaveanews.com\/index.php\/wp-json\/wp\/v2\/media?parent=214650"}],"wp:term":[{"taxonomy":"category","embeddable":true,"href":"https:\/\/www.gaveanews.com\/index.php\/wp-json\/wp\/v2\/categories?post=214650"},{"taxonomy":"post_tag","embeddable":true,"href":"https:\/\/www.gaveanews.com\/index.php\/wp-json\/wp\/v2\/tags?post=214650"}],"curies":[{"name":"wp","href":"https:\/\/api.w.org\/{rel}","templated":true}]}}