{"id":214729,"date":"2025-01-19T20:40:00","date_gmt":"2025-01-19T23:40:00","guid":{"rendered":"https:\/\/www.gaveanews.com\/?p=214729"},"modified":"2025-01-19T17:58:38","modified_gmt":"2025-01-19T20:58:38","slug":"marchesin-edenilson-kannemann-braithwaite-jemerson-cuellar-rodrigo-ely-pavon-nathan-e-dodi-os-jogadores-mais-velhos-do-gremio","status":"publish","type":"post","link":"https:\/\/www.gaveanews.com\/index.php\/2025\/01\/19\/marchesin-edenilson-kannemann-braithwaite-jemerson-cuellar-rodrigo-ely-pavon-nathan-e-dodi-os-jogadores-mais-velhos-do-gremio\/","title":{"rendered":"Marches\u00edn, Edenilson, Kannemann, Braithwaite, Jemerson, Cu\u00e9llar, Rodrigo Ely, Pav\u00f3n, Nathan e Dodi: os jogadores mais velhos do Gr\u00eamio"},"content":{"rendered":"\n<p>O futebol se transformou nas \u00faltimas d\u00e9cadas. O jogo se tornou mais f\u00edsico, com as obriga\u00e7\u00f5es de ocupa\u00e7\u00f5es de espa\u00e7o e necessidade dos homens de frente participarem mais do jogo defensivo. Com essas mudan\u00e7as, o jogador de futebol precisa cuidar da sa\u00fade e viver uma vida mais regrada se quiser continuar atuando em alto n\u00edvel por mais tempo.<\/p>\n\n\n\n<ul class=\"wp-block-list\">\n<li><a href=\"https:\/\/www.gaveanews.com\/index.php\/2025\/01\/18\/romario-aponta-quem-sera-o-principal-rival-do-flamengo-em-2025\/\">Rom\u00e1rio aponta quem ser\u00e1 o principal rival do Flamengo em 2025<\/a><\/li>\n\n\n\n<li><a href=\"https:\/\/www.gaveanews.com\/index.php\/2025\/01\/18\/flamengo-tem-desfalque-de-peso-para-jogo-contra-o-sao-paulo\/\">Flamengo tem desfalque de peso para jogo contra o S\u00e3o Paulo<\/a><\/li>\n<\/ul>\n\n\n\n<p>Com esse novo entendimento, o tempo de carreira dos atletas tamb\u00e9m aumentou. Hoje em dia \u00e9 mais comum que eles atuem at\u00e9 idades mais avan\u00e7adas. Tendo isso em vista, o G\u00e1vea News mapeou os elencos do futebol brasileiro para saber quem atende esses crit\u00e9rios e trouxe uma lista com os nomes de quais s\u00e3o os jogadores mais velhos do Gr\u00eamio.<\/p>\n\n\n\n<h2 class=\"wp-block-heading\" id=\"h-dodi\">Dodi<\/h2>\n\n\n\n<p>Quem abre a lista dos jogadores mais velhos do Gr\u00eamio \u00e9 o volante Dodi com 28 anos. Ele foi contratado em janeiro de 2024 e tem v\u00ednculo v\u00e1lido at\u00e9 dezembro de 2026.<\/p>\n\n\n\n<figure class=\"wp-block-image size-full\"><img loading=\"lazy\" decoding=\"async\" width=\"696\" height=\"541\" src=\"https:\/\/www.gaveanews.com\/wp-content\/uploads\/Dodi-pelo-Gremio.webp\" alt=\"\" class=\"wp-image-173838\" srcset=\"https:\/\/www.gaveanews.com\/wp-content\/uploads\/Dodi-pelo-Gremio.webp 696w, https:\/\/www.gaveanews.com\/wp-content\/uploads\/Dodi-pelo-Gremio-300x233.webp 300w, https:\/\/www.gaveanews.com\/wp-content\/uploads\/Dodi-pelo-Gremio-540x420.webp 540w, https:\/\/www.gaveanews.com\/wp-content\/uploads\/Dodi-pelo-Gremio-640x497.webp 640w, https:\/\/www.gaveanews.com\/wp-content\/uploads\/Dodi-pelo-Gremio-681x529.webp 681w, https:\/\/www.gaveanews.com\/wp-content\/uploads\/Dodi-pelo-Gremio-100x78.webp 100w\" sizes=\"auto, (max-width: 696px) 100vw, 696px\" \/><figcaption class=\"wp-element-caption\">Dodi pelo Gr\u00eamio (Foto: Lucas Uebel\/Gr\u00eamio)<\/figcaption><\/figure>\n\n\n\n<h2 class=\"wp-block-heading\" id=\"h-nathan\">Nathan<\/h2>\n\n\n\n<p>Logo na sequ\u00eancia vem o meia ofensivo Nathan com 28 anos de idade. O jogador foi contratado pelo Gr\u00eamio em abril de 2023 e tem contrato v\u00e1lido at\u00e9 o fim de 2025.<\/p>\n\n\n\n<blockquote class=\"instagram-media\" data-instgrm-captioned data-instgrm-permalink=\"https:\/\/www.instagram.com\/p\/DDXxIWOB44j\/?utm_source=ig_embed&amp;utm_campaign=loading\" data-instgrm-version=\"14\" style=\" background:#FFF; border:0; border-radius:3px; box-shadow:0 0 1px 0 rgba(0,0,0,0.5),0 1px 10px 0 rgba(0,0,0,0.15); margin: 1px; max-width:540px; min-width:326px; padding:0; width:99.375%; width:-webkit-calc(100% - 2px); width:calc(100% - 2px);\"><div style=\"padding:16px;\"> <a href=\"https:\/\/www.instagram.com\/p\/DDXxIWOB44j\/?utm_source=ig_embed&amp;utm_campaign=loading\" style=\" background:#FFFFFF; line-height:0; padding:0 0; text-align:center; text-decoration:none; width:100%;\" target=\"_blank\"> <div style=\" display: flex; flex-direction: row; align-items: center;\"> <div style=\"background-color: #F4F4F4; border-radius: 50%; flex-grow: 0; height: 40px; margin-right: 14px; width: 40px;\"><\/div> <div style=\"display: flex; flex-direction: column; flex-grow: 1; justify-content: center;\"> <div style=\" background-color: #F4F4F4; border-radius: 4px; flex-grow: 0; height: 14px; margin-bottom: 6px; width: 100px;\"><\/div> <div style=\" background-color: #F4F4F4; border-radius: 4px; flex-grow: 0; height: 14px; width: 60px;\"><\/div><\/div><\/div><div style=\"padding: 19% 0;\"><\/div> <div style=\"display:block; height:50px; margin:0 auto 12px; width:50px;\"><svg width=\"50px\" height=\"50px\" viewBox=\"0 0 60 60\" version=\"1.1\" xmlns=\"https:\/\/www.w3.org\/2000\/svg\" xmlns:xlink=\"https:\/\/www.w3.org\/1999\/xlink\"><g stroke=\"none\" stroke-width=\"1\" fill=\"none\" fill-rule=\"evenodd\"><g transform=\"translate(-511.000000, -20.000000)\" fill=\"#000000\"><g><path d=\"M556.869,30.41 C554.814,30.41 553.148,32.076 553.148,34.131 C553.148,36.186 554.814,37.852 556.869,37.852 C558.924,37.852 560.59,36.186 560.59,34.131 C560.59,32.076 558.924,30.41 556.869,30.41 M541,60.657 C535.114,60.657 530.342,55.887 530.342,50 C530.342,44.114 535.114,39.342 541,39.342 C546.887,39.342 551.658,44.114 551.658,50 C551.658,55.887 546.887,60.657 541,60.657 M541,33.886 C532.1,33.886 524.886,41.1 524.886,50 C524.886,58.899 532.1,66.113 541,66.113 C549.9,66.113 557.115,58.899 557.115,50 C557.115,41.1 549.9,33.886 541,33.886 M565.378,62.101 C565.244,65.022 564.756,66.606 564.346,67.663 C563.803,69.06 563.154,70.057 562.106,71.106 C561.058,72.155 560.06,72.803 558.662,73.347 C557.607,73.757 556.021,74.244 553.102,74.378 C549.944,74.521 548.997,74.552 541,74.552 C533.003,74.552 532.056,74.521 528.898,74.378 C525.979,74.244 524.393,73.757 523.338,73.347 C521.94,72.803 520.942,72.155 519.894,71.106 C518.846,70.057 518.197,69.06 517.654,67.663 C517.244,66.606 516.755,65.022 516.623,62.101 C516.479,58.943 516.448,57.996 516.448,50 C516.448,42.003 516.479,41.056 516.623,37.899 C516.755,34.978 517.244,33.391 517.654,32.338 C518.197,30.938 518.846,29.942 519.894,28.894 C520.942,27.846 521.94,27.196 523.338,26.654 C524.393,26.244 525.979,25.756 528.898,25.623 C532.057,25.479 533.004,25.448 541,25.448 C548.997,25.448 549.943,25.479 553.102,25.623 C556.021,25.756 557.607,26.244 558.662,26.654 C560.06,27.196 561.058,27.846 562.106,28.894 C563.154,29.942 563.803,30.938 564.346,32.338 C564.756,33.391 565.244,34.978 565.378,37.899 C565.522,41.056 565.552,42.003 565.552,50 C565.552,57.996 565.522,58.943 565.378,62.101 M570.82,37.631 C570.674,34.438 570.167,32.258 569.425,30.349 C568.659,28.377 567.633,26.702 565.965,25.035 C564.297,23.368 562.623,22.342 560.652,21.575 C558.743,20.834 556.562,20.326 553.369,20.18 C550.169,20.033 549.148,20 541,20 C532.853,20 531.831,20.033 528.631,20.18 C525.438,20.326 523.257,20.834 521.349,21.575 C519.376,22.342 517.703,23.368 516.035,25.035 C514.368,26.702 513.342,28.377 512.574,30.349 C511.834,32.258 511.326,34.438 511.181,37.631 C511.035,40.831 511,41.851 511,50 C511,58.147 511.035,59.17 511.181,62.369 C511.326,65.562 511.834,67.743 512.574,69.651 C513.342,71.625 514.368,73.296 516.035,74.965 C517.703,76.634 519.376,77.658 521.349,78.425 C523.257,79.167 525.438,79.673 528.631,79.82 C531.831,79.965 532.853,80.001 541,80.001 C549.148,80.001 550.169,79.965 553.369,79.82 C556.562,79.673 558.743,79.167 560.652,78.425 C562.623,77.658 564.297,76.634 565.965,74.965 C567.633,73.296 568.659,71.625 569.425,69.651 C570.167,67.743 570.674,65.562 570.82,62.369 C570.966,59.17 571,58.147 571,50 C571,41.851 570.966,40.831 570.82,37.631\"><\/path><\/g><\/g><\/g><\/svg><\/div><div style=\"padding-top: 8px;\"> <div style=\" color:#3897f0; font-family:Arial,sans-serif; font-size:14px; font-style:normal; font-weight:550; line-height:18px;\">Ver essa foto no Instagram<\/div><\/div><div style=\"padding: 12.5% 0;\"><\/div> <div style=\"display: flex; flex-direction: row; margin-bottom: 14px; align-items: center;\"><div> <div style=\"background-color: #F4F4F4; border-radius: 50%; height: 12.5px; width: 12.5px; transform: translateX(0px) translateY(7px);\"><\/div> <div style=\"background-color: #F4F4F4; height: 12.5px; transform: rotate(-45deg) translateX(3px) translateY(1px); width: 12.5px; flex-grow: 0; margin-right: 14px; margin-left: 2px;\"><\/div> <div style=\"background-color: #F4F4F4; border-radius: 50%; height: 12.5px; width: 12.5px; transform: translateX(9px) translateY(-18px);\"><\/div><\/div><div style=\"margin-left: 8px;\"> <div style=\" background-color: #F4F4F4; border-radius: 50%; flex-grow: 0; height: 20px; width: 20px;\"><\/div> <div style=\" width: 0; height: 0; border-top: 2px solid transparent; border-left: 6px solid #f4f4f4; border-bottom: 2px solid transparent; transform: translateX(16px) translateY(-4px) rotate(30deg)\"><\/div><\/div><div style=\"margin-left: auto;\"> <div style=\" width: 0px; border-top: 8px solid #F4F4F4; border-right: 8px solid transparent; transform: translateY(16px);\"><\/div> <div style=\" background-color: #F4F4F4; flex-grow: 0; height: 12px; width: 16px; transform: translateY(-4px);\"><\/div> <div style=\" width: 0; height: 0; border-top: 8px solid #F4F4F4; border-left: 8px solid transparent; transform: translateY(-4px) translateX(8px);\"><\/div><\/div><\/div> <div style=\"display: flex; flex-direction: column; flex-grow: 1; justify-content: center; margin-bottom: 24px;\"> <div style=\" background-color: #F4F4F4; border-radius: 4px; flex-grow: 0; height: 14px; margin-bottom: 6px; width: 224px;\"><\/div> <div style=\" background-color: #F4F4F4; border-radius: 4px; flex-grow: 0; height: 14px; width: 144px;\"><\/div><\/div><\/a><p style=\" color:#c9c8cd; font-family:Arial,sans-serif; font-size:14px; line-height:17px; margin-bottom:0; margin-top:8px; overflow:hidden; padding:8px 0 7px; text-align:center; text-overflow:ellipsis; white-space:nowrap;\"><a href=\"https:\/\/www.instagram.com\/p\/DDXxIWOB44j\/?utm_source=ig_embed&amp;utm_campaign=loading\" style=\" color:#c9c8cd; font-family:Arial,sans-serif; font-size:14px; font-style:normal; font-weight:normal; line-height:17px; text-decoration:none;\" target=\"_blank\">Uma publica\u00e7\u00e3o compartilhada por Nathan Allan De Souza (@nathan10)<\/a><\/p><\/div><\/blockquote>\n<script async src=\"\/\/www.instagram.com\/embed.js\"><\/script>\n\n\n\n<h2 class=\"wp-block-heading\" id=\"h-pavon\">Pav\u00f3n<\/h2>\n\n\n\n<p>O ponta-direita de 28 anos \u00e9 mais um dos jogadores mais velhos do elenco gremista. O jogador foi contratado em fevereiro de 2024 e firmou contrato at\u00e9 dezembro de 2026.<\/p>\n\n\n\n<figure class=\"wp-block-image size-full\"><img loading=\"lazy\" decoding=\"async\" width=\"984\" height=\"656\" src=\"https:\/\/www.gaveanews.com\/wp-content\/uploads\/Cristian-Pavon-pelo-Gremio.webp\" alt=\"\" class=\"wp-image-169838\" srcset=\"https:\/\/www.gaveanews.com\/wp-content\/uploads\/Cristian-Pavon-pelo-Gremio.webp 984w, https:\/\/www.gaveanews.com\/wp-content\/uploads\/Cristian-Pavon-pelo-Gremio-300x200.webp 300w, https:\/\/www.gaveanews.com\/wp-content\/uploads\/Cristian-Pavon-pelo-Gremio-768x512.webp 768w, https:\/\/www.gaveanews.com\/wp-content\/uploads\/Cristian-Pavon-pelo-Gremio-630x420.webp 630w, https:\/\/www.gaveanews.com\/wp-content\/uploads\/Cristian-Pavon-pelo-Gremio-640x427.webp 640w, https:\/\/www.gaveanews.com\/wp-content\/uploads\/Cristian-Pavon-pelo-Gremio-681x454.webp 681w, https:\/\/www.gaveanews.com\/wp-content\/uploads\/Cristian-Pavon-pelo-Gremio-100x67.webp 100w\" sizes=\"auto, (max-width: 984px) 100vw, 984px\" \/><figcaption class=\"wp-element-caption\">Cristian Pav\u00f3n pelo Gr\u00eamio (Foto: Lucas Uebel\/Gr\u00eamio)<\/figcaption><\/figure>\n\n\n\n<h2 class=\"wp-block-heading\" id=\"h-rodrigo-ely\">Rodrigo Ely<\/h2>\n\n\n\n<p>O defensor tem contrato com o Gr\u00eamio at\u00e9 dezembro de 2025. Rodrigo Ely tem 31 anos e chegou ao clube em agosto de 2023.<\/p>\n\n\n\n<figure class=\"wp-block-image size-large\"><img loading=\"lazy\" decoding=\"async\" width=\"1024\" height=\"682\" src=\"https:\/\/www.gaveanews.com\/wp-content\/uploads\/Rodrigo-Ely-pelo-Gremio-1024x682.webp\" alt=\"\" class=\"wp-image-167370\" srcset=\"https:\/\/www.gaveanews.com\/wp-content\/uploads\/Rodrigo-Ely-pelo-Gremio-1024x682.webp 1024w, https:\/\/www.gaveanews.com\/wp-content\/uploads\/Rodrigo-Ely-pelo-Gremio-300x200.webp 300w, https:\/\/www.gaveanews.com\/wp-content\/uploads\/Rodrigo-Ely-pelo-Gremio-768x511.webp 768w, https:\/\/www.gaveanews.com\/wp-content\/uploads\/Rodrigo-Ely-pelo-Gremio-631x420.webp 631w, https:\/\/www.gaveanews.com\/wp-content\/uploads\/Rodrigo-Ely-pelo-Gremio-1262x840.webp 1262w, https:\/\/www.gaveanews.com\/wp-content\/uploads\/Rodrigo-Ely-pelo-Gremio-640x426.webp 640w, https:\/\/www.gaveanews.com\/wp-content\/uploads\/Rodrigo-Ely-pelo-Gremio-1280x852.webp 1280w, https:\/\/www.gaveanews.com\/wp-content\/uploads\/Rodrigo-Ely-pelo-Gremio-681x453.webp 681w, https:\/\/www.gaveanews.com\/wp-content\/uploads\/Rodrigo-Ely-pelo-Gremio-1362x907.webp 1362w, https:\/\/www.gaveanews.com\/wp-content\/uploads\/Rodrigo-Ely-pelo-Gremio-100x67.webp 100w, https:\/\/www.gaveanews.com\/wp-content\/uploads\/Rodrigo-Ely-pelo-Gremio.webp 1400w\" sizes=\"auto, (max-width: 1024px) 100vw, 1024px\" \/><figcaption class=\"wp-element-caption\">Rodrigo Ely pelo Gr\u00eamio (Foto: Lucas Uebel\/Gr\u00eamio)<\/figcaption><\/figure>\n\n\n\n<h2 class=\"wp-block-heading\" id=\"h-cuellar\">Cu\u00e9llar<\/h2>\n\n\n\n<p>O Gr\u00eamio foi ao mercado para contratar um experiente volante. Aos 32 anos, o meio-campista se juntou ao Tricolor Imortal no come\u00e7o de 2025 e firmou contrato at\u00e9 o fim de 2026.<\/p>\n\n\n\n<figure class=\"wp-block-image size-full\"><img decoding=\"async\" src=\"https:\/\/www.gaveanews.com\/wp-content\/uploads\/Cuellar-em-acao-pelo-Al-Hilal.webp\" alt=\"\" class=\"wp-image-32930\"\/><figcaption class=\"wp-element-caption\">Cuellar em a\u00e7\u00e3o pelo Al Hilal (Foto: Divulga\u00e7\u00e3o\/Al Hilal FC)<\/figcaption><\/figure>\n\n\n\n<h2 class=\"wp-block-heading\" id=\"h-jemerson\">Jemerson<\/h2>\n\n\n\n<p>Contratado junto ao Atl\u00e9tico-MG em 2024, o janeiro tem 32 anos e est\u00e1 \u00e0 disposi\u00e7\u00e3o do t\u00e9cnico Gustavo Quinteros. Jemerson tem contrato v\u00e1lido at\u00e9 o fim de 2026.<\/p>\n\n\n\n<figure class=\"wp-block-image size-full\"><img loading=\"lazy\" decoding=\"async\" width=\"900\" height=\"506\" src=\"https:\/\/www.gaveanews.com\/wp-content\/uploads\/2019\/05\/Jemerson-durante-treinamento-do-Brasil.webp\" alt=\"\" class=\"wp-image-20835\" srcset=\"https:\/\/www.gaveanews.com\/wp-content\/uploads\/2019\/05\/Jemerson-durante-treinamento-do-Brasil.webp 900w, https:\/\/www.gaveanews.com\/wp-content\/uploads\/2019\/05\/Jemerson-durante-treinamento-do-Brasil-300x169.webp 300w, https:\/\/www.gaveanews.com\/wp-content\/uploads\/2019\/05\/Jemerson-durante-treinamento-do-Brasil-768x432.webp 768w, https:\/\/www.gaveanews.com\/wp-content\/uploads\/2019\/05\/Jemerson-durante-treinamento-do-Brasil-747x420.webp 747w, https:\/\/www.gaveanews.com\/wp-content\/uploads\/2019\/05\/Jemerson-durante-treinamento-do-Brasil-640x360.webp 640w, https:\/\/www.gaveanews.com\/wp-content\/uploads\/2019\/05\/Jemerson-durante-treinamento-do-Brasil-681x383.webp 681w\" sizes=\"auto, (max-width: 900px) 100vw, 900px\" \/><figcaption class=\"wp-element-caption\">Jemerson durante treinamento do Brasil (Foto: Lucas Figueiredo\/CBF)<\/figcaption><\/figure>\n\n\n\n<h2 class=\"wp-block-heading\" id=\"h-braithwaite\">Braithwaite<\/h2>\n\n\n\n<p>A sensa\u00e7\u00e3o do mercado de transfer\u00eancias do Gr\u00eamio na \u00faltima temporada tem 33 anos. O dinamarqu\u00eas Martin Braithwaite tem contrato com o Imortal at\u00e9 junho de 2026.<\/p>\n\n\n\n<figure class=\"wp-block-image size-large\"><img loading=\"lazy\" decoding=\"async\" width=\"1024\" height=\"683\" src=\"https:\/\/www.gaveanews.com\/wp-content\/uploads\/Braithwaite-com-a-camisa-do-Gremio-em-2024-1024x683.webp\" alt=\"\" class=\"wp-image-159019\" srcset=\"https:\/\/www.gaveanews.com\/wp-content\/uploads\/Braithwaite-com-a-camisa-do-Gremio-em-2024-1024x683.webp 1024w, https:\/\/www.gaveanews.com\/wp-content\/uploads\/Braithwaite-com-a-camisa-do-Gremio-em-2024-300x200.webp 300w, https:\/\/www.gaveanews.com\/wp-content\/uploads\/Braithwaite-com-a-camisa-do-Gremio-em-2024-768x512.webp 768w, https:\/\/www.gaveanews.com\/wp-content\/uploads\/Braithwaite-com-a-camisa-do-Gremio-em-2024-630x420.webp 630w, https:\/\/www.gaveanews.com\/wp-content\/uploads\/Braithwaite-com-a-camisa-do-Gremio-em-2024-1260x840.webp 1260w, https:\/\/www.gaveanews.com\/wp-content\/uploads\/Braithwaite-com-a-camisa-do-Gremio-em-2024-640x427.webp 640w, https:\/\/www.gaveanews.com\/wp-content\/uploads\/Braithwaite-com-a-camisa-do-Gremio-em-2024-1280x853.webp 1280w, https:\/\/www.gaveanews.com\/wp-content\/uploads\/Braithwaite-com-a-camisa-do-Gremio-em-2024-681x454.webp 681w, https:\/\/www.gaveanews.com\/wp-content\/uploads\/Braithwaite-com-a-camisa-do-Gremio-em-2024-1362x908.webp 1362w, https:\/\/www.gaveanews.com\/wp-content\/uploads\/Braithwaite-com-a-camisa-do-Gremio-em-2024-100x67.webp 100w, https:\/\/www.gaveanews.com\/wp-content\/uploads\/Braithwaite-com-a-camisa-do-Gremio-em-2024.webp 1440w\" sizes=\"auto, (max-width: 1024px) 100vw, 1024px\" \/><figcaption class=\"wp-element-caption\">Braithwaite com a camisa do Gr\u00eamio em 2024 (Foto: Lucas Uebel\/Gr\u00eamio)<\/figcaption><\/figure>\n\n\n\n<h2 class=\"wp-block-heading\" id=\"h-kannemann\">Kannemann<\/h2>\n\n\n\n<p>O jogador que est\u00e1 h\u00e1 mais tempo no Gr\u00eamio \u00e9 tamb\u00e9m um dos mais velhos. Walter Kannemann abre o top-3 aos 33 anos.<\/p>\n\n\n\n<figure class=\"wp-block-image size-full\"><img loading=\"lazy\" decoding=\"async\" width=\"800\" height=\"544\" src=\"https:\/\/www.gaveanews.com\/wp-content\/uploads\/Kannemann-em-acao-pelo-Gremio.webp\" alt=\"\" class=\"wp-image-64262\" srcset=\"https:\/\/www.gaveanews.com\/wp-content\/uploads\/Kannemann-em-acao-pelo-Gremio.webp 800w, https:\/\/www.gaveanews.com\/wp-content\/uploads\/Kannemann-em-acao-pelo-Gremio-300x204.webp 300w, https:\/\/www.gaveanews.com\/wp-content\/uploads\/Kannemann-em-acao-pelo-Gremio-768x522.webp 768w, https:\/\/www.gaveanews.com\/wp-content\/uploads\/Kannemann-em-acao-pelo-Gremio-618x420.webp 618w, https:\/\/www.gaveanews.com\/wp-content\/uploads\/Kannemann-em-acao-pelo-Gremio-640x435.webp 640w, https:\/\/www.gaveanews.com\/wp-content\/uploads\/Kannemann-em-acao-pelo-Gremio-681x463.webp 681w, https:\/\/www.gaveanews.com\/wp-content\/uploads\/Kannemann-em-acao-pelo-Gremio-100x68.webp 100w\" sizes=\"auto, (max-width: 800px) 100vw, 800px\" \/><figcaption class=\"wp-element-caption\">Kannemann em a\u00e7\u00e3o pelo Gr\u00eamio (Foto: Liamara Polli\/AFP\/JC)<\/figcaption><\/figure>\n\n\n\n<h2 class=\"wp-block-heading\" id=\"h-edenilson\">Edenilson<\/h2>\n\n\n\n<p>Na segunda posi\u00e7\u00e3o est\u00e1 o meio-campista Edenilson com 35 anos. Ele se desligou do Atl\u00e9tico-MG em abril de 2024 e assinou at\u00e9 dezembro de 2025.<\/p>\n\n\n\n<figure class=\"wp-block-image size-large\"><img loading=\"lazy\" decoding=\"async\" width=\"1024\" height=\"768\" src=\"https:\/\/www.gaveanews.com\/wp-content\/uploads\/Edenilson-em-acao-com-a-camisa-do-Gremio-1024x768.webp\" alt=\"\" class=\"wp-image-180686\" srcset=\"https:\/\/www.gaveanews.com\/wp-content\/uploads\/Edenilson-em-acao-com-a-camisa-do-Gremio-1024x768.webp 1024w, https:\/\/www.gaveanews.com\/wp-content\/uploads\/Edenilson-em-acao-com-a-camisa-do-Gremio-300x225.webp 300w, https:\/\/www.gaveanews.com\/wp-content\/uploads\/Edenilson-em-acao-com-a-camisa-do-Gremio-768x576.webp 768w, https:\/\/www.gaveanews.com\/wp-content\/uploads\/Edenilson-em-acao-com-a-camisa-do-Gremio-560x420.webp 560w, https:\/\/www.gaveanews.com\/wp-content\/uploads\/Edenilson-em-acao-com-a-camisa-do-Gremio-80x60.webp 80w, https:\/\/www.gaveanews.com\/wp-content\/uploads\/Edenilson-em-acao-com-a-camisa-do-Gremio-160x120.webp 160w, https:\/\/www.gaveanews.com\/wp-content\/uploads\/Edenilson-em-acao-com-a-camisa-do-Gremio-100x75.webp 100w, https:\/\/www.gaveanews.com\/wp-content\/uploads\/Edenilson-em-acao-com-a-camisa-do-Gremio-200x150.webp 200w, https:\/\/www.gaveanews.com\/wp-content\/uploads\/Edenilson-em-acao-com-a-camisa-do-Gremio-180x135.webp 180w, https:\/\/www.gaveanews.com\/wp-content\/uploads\/Edenilson-em-acao-com-a-camisa-do-Gremio-360x270.webp 360w, https:\/\/www.gaveanews.com\/wp-content\/uploads\/Edenilson-em-acao-com-a-camisa-do-Gremio-238x178.webp 238w, https:\/\/www.gaveanews.com\/wp-content\/uploads\/Edenilson-em-acao-com-a-camisa-do-Gremio-476x356.webp 476w, https:\/\/www.gaveanews.com\/wp-content\/uploads\/Edenilson-em-acao-com-a-camisa-do-Gremio-640x480.webp 640w, https:\/\/www.gaveanews.com\/wp-content\/uploads\/Edenilson-em-acao-com-a-camisa-do-Gremio-681x511.webp 681w, https:\/\/www.gaveanews.com\/wp-content\/uploads\/Edenilson-em-acao-com-a-camisa-do-Gremio.webp 1100w\" sizes=\"auto, (max-width: 1024px) 100vw, 1024px\" \/><figcaption class=\"wp-element-caption\">Edenilson em a\u00e7\u00e3o com a camisa do Gr\u00eamio (Foto: Reprodu\u00e7\u00e3o\/Instagram)<\/figcaption><\/figure>\n\n\n\n<h2 class=\"wp-block-heading\" id=\"h-marchesin\">Marches\u00edn<\/h2>\n\n\n\n<p>O jogador mais velho do Gr\u00eamio \u00e9 o arqueiro Agust\u00edn Marches\u00edn. O goleiro argentino tem 36 anos e chegou ao clube em janeiro de 2024, quando assinou contrato at\u00e9 dezembro de 2025.<\/p>\n\n\n\n<figure class=\"wp-block-image size-full\"><img loading=\"lazy\" decoding=\"async\" width=\"984\" height=\"656\" src=\"https:\/\/www.gaveanews.com\/wp-content\/uploads\/Agustin-Marchesin-pelo-Gremio.webp\" alt=\"\" class=\"wp-image-167369\" srcset=\"https:\/\/www.gaveanews.com\/wp-content\/uploads\/Agustin-Marchesin-pelo-Gremio.webp 984w, https:\/\/www.gaveanews.com\/wp-content\/uploads\/Agustin-Marchesin-pelo-Gremio-300x200.webp 300w, https:\/\/www.gaveanews.com\/wp-content\/uploads\/Agustin-Marchesin-pelo-Gremio-768x512.webp 768w, https:\/\/www.gaveanews.com\/wp-content\/uploads\/Agustin-Marchesin-pelo-Gremio-630x420.webp 630w, https:\/\/www.gaveanews.com\/wp-content\/uploads\/Agustin-Marchesin-pelo-Gremio-640x427.webp 640w, https:\/\/www.gaveanews.com\/wp-content\/uploads\/Agustin-Marchesin-pelo-Gremio-681x454.webp 681w, https:\/\/www.gaveanews.com\/wp-content\/uploads\/Agustin-Marchesin-pelo-Gremio-100x67.webp 100w\" sizes=\"auto, (max-width: 984px) 100vw, 984px\" \/><figcaption class=\"wp-element-caption\">Agust\u00edn Marches\u00edn pelo Gr\u00eamio (Foto: Lucas Uebel\/Gr\u00eamio)<\/figcaption><\/figure>\n","protected":false},"excerpt":{"rendered":"<p>O futebol se transformou nas \u00faltimas d\u00e9cadas. O jogo se tornou mais f\u00edsico, com as obriga\u00e7\u00f5es de ocupa\u00e7\u00f5es de espa\u00e7o e necessidade dos homens de frente participarem mais do jogo defensivo. Com essas mudan\u00e7as, o jogador de futebol precisa cuidar da sa\u00fade e viver uma vida mais regrada se quiser continuar atuando em alto n\u00edvel [&hellip;]<\/p>\n","protected":false},"author":29,"featured_media":165925,"comment_status":"open","ping_status":"closed","sticky":false,"template":"","format":"standard","meta":{"footnotes":""},"categories":[147],"tags":[],"class_list":["post-214729","post","type-post","status-publish","format-standard","has-post-thumbnail","hentry","category-gremio"],"yoast_head":"<!-- This site is optimized with the Yoast SEO Premium plugin v24.2 (Yoast SEO v26.9) - https:\/\/yoast.com\/product\/yoast-seo-premium-wordpress\/ -->\n<title>Marches\u00edn, Edenilson, Kannemann, Braithwaite, Jemerson, Cu\u00e9llar, Rodrigo Ely, Pav\u00f3n, Nathan e Dodi: os jogadores mais velhos do Gr\u00eamio<\/title>\n<meta name=\"robots\" content=\"index, follow, max-snippet:-1, max-image-preview:large, max-video-preview:-1\" \/>\n<link rel=\"canonical\" href=\"https:\/\/www.gaveanews.com\/index.php\/2025\/01\/19\/marchesin-edenilson-kannemann-braithwaite-jemerson-cuellar-rodrigo-ely-pavon-nathan-e-dodi-os-jogadores-mais-velhos-do-gremio\/\" \/>\n<meta property=\"og:locale\" content=\"pt_BR\" \/>\n<meta property=\"og:type\" content=\"article\" \/>\n<meta property=\"og:title\" content=\"Marches\u00edn, Edenilson, Kannemann, Braithwaite, Jemerson, Cu\u00e9llar, Rodrigo Ely, Pav\u00f3n, Nathan e Dodi: os jogadores mais velhos do Gr\u00eamio\" \/>\n<meta property=\"og:description\" content=\"O futebol se transformou nas \u00faltimas d\u00e9cadas. O jogo se tornou mais f\u00edsico, com as obriga\u00e7\u00f5es de ocupa\u00e7\u00f5es de espa\u00e7o e necessidade dos homens de frente participarem mais do jogo defensivo. Com essas mudan\u00e7as, o jogador de futebol precisa cuidar da sa\u00fade e viver uma vida mais regrada se quiser continuar atuando em alto n\u00edvel [&hellip;]\" \/>\n<meta property=\"og:url\" content=\"https:\/\/www.gaveanews.com\/index.php\/2025\/01\/19\/marchesin-edenilson-kannemann-braithwaite-jemerson-cuellar-rodrigo-ely-pavon-nathan-e-dodi-os-jogadores-mais-velhos-do-gremio\/\" \/>\n<meta property=\"og:site_name\" content=\"G\u00e1vea News\" \/>\n<meta property=\"article:publisher\" content=\"https:\/\/facebook.com\/gaveaNews\/\" \/>\n<meta property=\"article:published_time\" content=\"2025-01-19T23:40:00+00:00\" \/>\n<meta property=\"og:image\" content=\"https:\/\/www.gaveanews.com\/wp-content\/uploads\/Bandeira-do-Gremio.webp\" \/>\n\t<meta property=\"og:image:width\" content=\"1043\" \/>\n\t<meta property=\"og:image:height\" content=\"695\" \/>\n\t<meta property=\"og:image:type\" content=\"image\/webp\" \/>\n<meta name=\"author\" content=\"Marco Menezes\" \/>\n<meta name=\"twitter:card\" content=\"summary_large_image\" \/>\n<meta name=\"twitter:label1\" content=\"Escrito por\" \/>\n\t<meta name=\"twitter:data1\" content=\"Marco Menezes\" \/>\n\t<meta name=\"twitter:label2\" content=\"Est. tempo de leitura\" \/>\n\t<meta name=\"twitter:data2\" content=\"5 minutos\" \/>\n<script type=\"application\/ld+json\" class=\"yoast-schema-graph\">{\"@context\":\"https:\/\/schema.org\",\"@graph\":[{\"@type\":\"NewsArticle\",\"@id\":\"https:\/\/www.gaveanews.com\/index.php\/2025\/01\/19\/marchesin-edenilson-kannemann-braithwaite-jemerson-cuellar-rodrigo-ely-pavon-nathan-e-dodi-os-jogadores-mais-velhos-do-gremio\/#article\",\"isPartOf\":{\"@id\":\"https:\/\/www.gaveanews.com\/index.php\/2025\/01\/19\/marchesin-edenilson-kannemann-braithwaite-jemerson-cuellar-rodrigo-ely-pavon-nathan-e-dodi-os-jogadores-mais-velhos-do-gremio\/\"},\"author\":{\"name\":\"Marco Menezes\",\"@id\":\"https:\/\/www.gaveanews.com\/#\/schema\/person\/a9f62fe75380c6bada1b2fc49bc23d69\"},\"headline\":\"Marches\u00edn, Edenilson, Kannemann, Braithwaite, Jemerson, Cu\u00e9llar, Rodrigo Ely, Pav\u00f3n, Nathan e Dodi: os jogadores mais velhos do Gr\u00eamio\",\"datePublished\":\"2025-01-19T23:40:00+00:00\",\"mainEntityOfPage\":{\"@id\":\"https:\/\/www.gaveanews.com\/index.php\/2025\/01\/19\/marchesin-edenilson-kannemann-braithwaite-jemerson-cuellar-rodrigo-ely-pavon-nathan-e-dodi-os-jogadores-mais-velhos-do-gremio\/\"},\"wordCount\":585,\"commentCount\":0,\"image\":{\"@id\":\"https:\/\/www.gaveanews.com\/index.php\/2025\/01\/19\/marchesin-edenilson-kannemann-braithwaite-jemerson-cuellar-rodrigo-ely-pavon-nathan-e-dodi-os-jogadores-mais-velhos-do-gremio\/#primaryimage\"},\"thumbnailUrl\":\"https:\/\/www.gaveanews.com\/wp-content\/uploads\/Bandeira-do-Gremio.webp\",\"articleSection\":[\"Gr\u00eamio\"],\"inLanguage\":\"pt-BR\",\"potentialAction\":[{\"@type\":\"CommentAction\",\"name\":\"Comment\",\"target\":[\"https:\/\/www.gaveanews.com\/index.php\/2025\/01\/19\/marchesin-edenilson-kannemann-braithwaite-jemerson-cuellar-rodrigo-ely-pavon-nathan-e-dodi-os-jogadores-mais-velhos-do-gremio\/#respond\"]}],\"copyrightYear\":\"2025\",\"copyrightHolder\":{\"@id\":\"https:\/\/www.gaveanews.com\/#organization\"}},{\"@type\":\"WebPage\",\"@id\":\"https:\/\/www.gaveanews.com\/index.php\/2025\/01\/19\/marchesin-edenilson-kannemann-braithwaite-jemerson-cuellar-rodrigo-ely-pavon-nathan-e-dodi-os-jogadores-mais-velhos-do-gremio\/\",\"url\":\"https:\/\/www.gaveanews.com\/index.php\/2025\/01\/19\/marchesin-edenilson-kannemann-braithwaite-jemerson-cuellar-rodrigo-ely-pavon-nathan-e-dodi-os-jogadores-mais-velhos-do-gremio\/\",\"name\":\"Marches\u00edn, Edenilson, Kannemann, Braithwaite, Jemerson, Cu\u00e9llar, Rodrigo Ely, Pav\u00f3n, Nathan e Dodi: os jogadores mais velhos do Gr\u00eamio\",\"isPartOf\":{\"@id\":\"https:\/\/www.gaveanews.com\/#website\"},\"primaryImageOfPage\":{\"@id\":\"https:\/\/www.gaveanews.com\/index.php\/2025\/01\/19\/marchesin-edenilson-kannemann-braithwaite-jemerson-cuellar-rodrigo-ely-pavon-nathan-e-dodi-os-jogadores-mais-velhos-do-gremio\/#primaryimage\"},\"image\":{\"@id\":\"https:\/\/www.gaveanews.com\/index.php\/2025\/01\/19\/marchesin-edenilson-kannemann-braithwaite-jemerson-cuellar-rodrigo-ely-pavon-nathan-e-dodi-os-jogadores-mais-velhos-do-gremio\/#primaryimage\"},\"thumbnailUrl\":\"https:\/\/www.gaveanews.com\/wp-content\/uploads\/Bandeira-do-Gremio.webp\",\"datePublished\":\"2025-01-19T23:40:00+00:00\",\"author\":{\"@id\":\"https:\/\/www.gaveanews.com\/#\/schema\/person\/a9f62fe75380c6bada1b2fc49bc23d69\"},\"breadcrumb\":{\"@id\":\"https:\/\/www.gaveanews.com\/index.php\/2025\/01\/19\/marchesin-edenilson-kannemann-braithwaite-jemerson-cuellar-rodrigo-ely-pavon-nathan-e-dodi-os-jogadores-mais-velhos-do-gremio\/#breadcrumb\"},\"inLanguage\":\"pt-BR\",\"potentialAction\":[{\"@type\":\"ReadAction\",\"target\":[\"https:\/\/www.gaveanews.com\/index.php\/2025\/01\/19\/marchesin-edenilson-kannemann-braithwaite-jemerson-cuellar-rodrigo-ely-pavon-nathan-e-dodi-os-jogadores-mais-velhos-do-gremio\/\"]}]},{\"@type\":\"ImageObject\",\"inLanguage\":\"pt-BR\",\"@id\":\"https:\/\/www.gaveanews.com\/index.php\/2025\/01\/19\/marchesin-edenilson-kannemann-braithwaite-jemerson-cuellar-rodrigo-ely-pavon-nathan-e-dodi-os-jogadores-mais-velhos-do-gremio\/#primaryimage\",\"url\":\"https:\/\/www.gaveanews.com\/wp-content\/uploads\/Bandeira-do-Gremio.webp\",\"contentUrl\":\"https:\/\/www.gaveanews.com\/wp-content\/uploads\/Bandeira-do-Gremio.webp\",\"width\":1043,\"height\":695,\"caption\":\"Bandeira do Gr\u00eamio (Foto: Reprodu\u00e7\u00e3o\/Gr\u00eamio)\"},{\"@type\":\"BreadcrumbList\",\"@id\":\"https:\/\/www.gaveanews.com\/index.php\/2025\/01\/19\/marchesin-edenilson-kannemann-braithwaite-jemerson-cuellar-rodrigo-ely-pavon-nathan-e-dodi-os-jogadores-mais-velhos-do-gremio\/#breadcrumb\",\"itemListElement\":[{\"@type\":\"ListItem\",\"position\":1,\"name\":\"Home\",\"item\":\"https:\/\/www.gaveanews.com\/\"},{\"@type\":\"ListItem\",\"position\":2,\"name\":\"Marches\u00edn, Edenilson, Kannemann, Braithwaite, Jemerson, Cu\u00e9llar, Rodrigo Ely, Pav\u00f3n, Nathan e Dodi: os jogadores mais velhos do Gr\u00eamio\"}]},{\"@type\":\"WebSite\",\"@id\":\"https:\/\/www.gaveanews.com\/#website\",\"url\":\"https:\/\/www.gaveanews.com\/\",\"name\":\"G\u00e1vea News\",\"description\":\"Veja todas as not\u00edcias sobre o Flamengo: Contrata\u00e7\u00f5es, categorias de base, resultados das partidas, tabela de classifica\u00e7\u00e3o, pr\u00f3ximos jogos!\",\"potentialAction\":[{\"@type\":\"SearchAction\",\"target\":{\"@type\":\"EntryPoint\",\"urlTemplate\":\"https:\/\/www.gaveanews.com\/?s={search_term_string}\"},\"query-input\":{\"@type\":\"PropertyValueSpecification\",\"valueRequired\":true,\"valueName\":\"search_term_string\"}}],\"inLanguage\":\"pt-BR\"},{\"@type\":\"Person\",\"@id\":\"https:\/\/www.gaveanews.com\/#\/schema\/person\/a9f62fe75380c6bada1b2fc49bc23d69\",\"name\":\"Marco Menezes\",\"image\":{\"@type\":\"ImageObject\",\"inLanguage\":\"pt-BR\",\"@id\":\"https:\/\/www.gaveanews.com\/#\/schema\/person\/image\/\",\"url\":\"https:\/\/secure.gravatar.com\/avatar\/a1d148ae17fc8bfc5dbccffd07979e8bd2c9ba494221779de86ec2c7907b71ec?s=96&d=mm&r=g\",\"contentUrl\":\"https:\/\/secure.gravatar.com\/avatar\/a1d148ae17fc8bfc5dbccffd07979e8bd2c9ba494221779de86ec2c7907b71ec?s=96&d=mm&r=g\",\"caption\":\"Marco Menezes\"}}]}<\/script>\n<!-- \/ Yoast SEO Premium plugin. -->","yoast_head_json":{"title":"Marches\u00edn, Edenilson, Kannemann, Braithwaite, Jemerson, Cu\u00e9llar, Rodrigo Ely, Pav\u00f3n, Nathan e Dodi: os jogadores mais velhos do Gr\u00eamio","robots":{"index":"index","follow":"follow","max-snippet":"max-snippet:-1","max-image-preview":"max-image-preview:large","max-video-preview":"max-video-preview:-1"},"canonical":"https:\/\/www.gaveanews.com\/index.php\/2025\/01\/19\/marchesin-edenilson-kannemann-braithwaite-jemerson-cuellar-rodrigo-ely-pavon-nathan-e-dodi-os-jogadores-mais-velhos-do-gremio\/","og_locale":"pt_BR","og_type":"article","og_title":"Marches\u00edn, Edenilson, Kannemann, Braithwaite, Jemerson, Cu\u00e9llar, Rodrigo Ely, Pav\u00f3n, Nathan e Dodi: os jogadores mais velhos do Gr\u00eamio","og_description":"O futebol se transformou nas \u00faltimas d\u00e9cadas. O jogo se tornou mais f\u00edsico, com as obriga\u00e7\u00f5es de ocupa\u00e7\u00f5es de espa\u00e7o e necessidade dos homens de frente participarem mais do jogo defensivo. Com essas mudan\u00e7as, o jogador de futebol precisa cuidar da sa\u00fade e viver uma vida mais regrada se quiser continuar atuando em alto n\u00edvel [&hellip;]","og_url":"https:\/\/www.gaveanews.com\/index.php\/2025\/01\/19\/marchesin-edenilson-kannemann-braithwaite-jemerson-cuellar-rodrigo-ely-pavon-nathan-e-dodi-os-jogadores-mais-velhos-do-gremio\/","og_site_name":"G\u00e1vea News","article_publisher":"https:\/\/facebook.com\/gaveaNews\/","article_published_time":"2025-01-19T23:40:00+00:00","og_image":[{"width":1043,"height":695,"url":"https:\/\/www.gaveanews.com\/wp-content\/uploads\/Bandeira-do-Gremio.webp","type":"image\/webp"}],"author":"Marco Menezes","twitter_card":"summary_large_image","twitter_misc":{"Escrito por":"Marco Menezes","Est. tempo de leitura":"5 minutos"},"schema":{"@context":"https:\/\/schema.org","@graph":[{"@type":"NewsArticle","@id":"https:\/\/www.gaveanews.com\/index.php\/2025\/01\/19\/marchesin-edenilson-kannemann-braithwaite-jemerson-cuellar-rodrigo-ely-pavon-nathan-e-dodi-os-jogadores-mais-velhos-do-gremio\/#article","isPartOf":{"@id":"https:\/\/www.gaveanews.com\/index.php\/2025\/01\/19\/marchesin-edenilson-kannemann-braithwaite-jemerson-cuellar-rodrigo-ely-pavon-nathan-e-dodi-os-jogadores-mais-velhos-do-gremio\/"},"author":{"name":"Marco Menezes","@id":"https:\/\/www.gaveanews.com\/#\/schema\/person\/a9f62fe75380c6bada1b2fc49bc23d69"},"headline":"Marches\u00edn, Edenilson, Kannemann, Braithwaite, Jemerson, Cu\u00e9llar, Rodrigo Ely, Pav\u00f3n, Nathan e Dodi: os jogadores mais velhos do Gr\u00eamio","datePublished":"2025-01-19T23:40:00+00:00","mainEntityOfPage":{"@id":"https:\/\/www.gaveanews.com\/index.php\/2025\/01\/19\/marchesin-edenilson-kannemann-braithwaite-jemerson-cuellar-rodrigo-ely-pavon-nathan-e-dodi-os-jogadores-mais-velhos-do-gremio\/"},"wordCount":585,"commentCount":0,"image":{"@id":"https:\/\/www.gaveanews.com\/index.php\/2025\/01\/19\/marchesin-edenilson-kannemann-braithwaite-jemerson-cuellar-rodrigo-ely-pavon-nathan-e-dodi-os-jogadores-mais-velhos-do-gremio\/#primaryimage"},"thumbnailUrl":"https:\/\/www.gaveanews.com\/wp-content\/uploads\/Bandeira-do-Gremio.webp","articleSection":["Gr\u00eamio"],"inLanguage":"pt-BR","potentialAction":[{"@type":"CommentAction","name":"Comment","target":["https:\/\/www.gaveanews.com\/index.php\/2025\/01\/19\/marchesin-edenilson-kannemann-braithwaite-jemerson-cuellar-rodrigo-ely-pavon-nathan-e-dodi-os-jogadores-mais-velhos-do-gremio\/#respond"]}],"copyrightYear":"2025","copyrightHolder":{"@id":"https:\/\/www.gaveanews.com\/#organization"}},{"@type":"WebPage","@id":"https:\/\/www.gaveanews.com\/index.php\/2025\/01\/19\/marchesin-edenilson-kannemann-braithwaite-jemerson-cuellar-rodrigo-ely-pavon-nathan-e-dodi-os-jogadores-mais-velhos-do-gremio\/","url":"https:\/\/www.gaveanews.com\/index.php\/2025\/01\/19\/marchesin-edenilson-kannemann-braithwaite-jemerson-cuellar-rodrigo-ely-pavon-nathan-e-dodi-os-jogadores-mais-velhos-do-gremio\/","name":"Marches\u00edn, Edenilson, Kannemann, Braithwaite, Jemerson, Cu\u00e9llar, Rodrigo Ely, Pav\u00f3n, Nathan e Dodi: os jogadores mais velhos do Gr\u00eamio","isPartOf":{"@id":"https:\/\/www.gaveanews.com\/#website"},"primaryImageOfPage":{"@id":"https:\/\/www.gaveanews.com\/index.php\/2025\/01\/19\/marchesin-edenilson-kannemann-braithwaite-jemerson-cuellar-rodrigo-ely-pavon-nathan-e-dodi-os-jogadores-mais-velhos-do-gremio\/#primaryimage"},"image":{"@id":"https:\/\/www.gaveanews.com\/index.php\/2025\/01\/19\/marchesin-edenilson-kannemann-braithwaite-jemerson-cuellar-rodrigo-ely-pavon-nathan-e-dodi-os-jogadores-mais-velhos-do-gremio\/#primaryimage"},"thumbnailUrl":"https:\/\/www.gaveanews.com\/wp-content\/uploads\/Bandeira-do-Gremio.webp","datePublished":"2025-01-19T23:40:00+00:00","author":{"@id":"https:\/\/www.gaveanews.com\/#\/schema\/person\/a9f62fe75380c6bada1b2fc49bc23d69"},"breadcrumb":{"@id":"https:\/\/www.gaveanews.com\/index.php\/2025\/01\/19\/marchesin-edenilson-kannemann-braithwaite-jemerson-cuellar-rodrigo-ely-pavon-nathan-e-dodi-os-jogadores-mais-velhos-do-gremio\/#breadcrumb"},"inLanguage":"pt-BR","potentialAction":[{"@type":"ReadAction","target":["https:\/\/www.gaveanews.com\/index.php\/2025\/01\/19\/marchesin-edenilson-kannemann-braithwaite-jemerson-cuellar-rodrigo-ely-pavon-nathan-e-dodi-os-jogadores-mais-velhos-do-gremio\/"]}]},{"@type":"ImageObject","inLanguage":"pt-BR","@id":"https:\/\/www.gaveanews.com\/index.php\/2025\/01\/19\/marchesin-edenilson-kannemann-braithwaite-jemerson-cuellar-rodrigo-ely-pavon-nathan-e-dodi-os-jogadores-mais-velhos-do-gremio\/#primaryimage","url":"https:\/\/www.gaveanews.com\/wp-content\/uploads\/Bandeira-do-Gremio.webp","contentUrl":"https:\/\/www.gaveanews.com\/wp-content\/uploads\/Bandeira-do-Gremio.webp","width":1043,"height":695,"caption":"Bandeira do Gr\u00eamio (Foto: Reprodu\u00e7\u00e3o\/Gr\u00eamio)"},{"@type":"BreadcrumbList","@id":"https:\/\/www.gaveanews.com\/index.php\/2025\/01\/19\/marchesin-edenilson-kannemann-braithwaite-jemerson-cuellar-rodrigo-ely-pavon-nathan-e-dodi-os-jogadores-mais-velhos-do-gremio\/#breadcrumb","itemListElement":[{"@type":"ListItem","position":1,"name":"Home","item":"https:\/\/www.gaveanews.com\/"},{"@type":"ListItem","position":2,"name":"Marches\u00edn, Edenilson, Kannemann, Braithwaite, Jemerson, Cu\u00e9llar, Rodrigo Ely, Pav\u00f3n, Nathan e Dodi: os jogadores mais velhos do Gr\u00eamio"}]},{"@type":"WebSite","@id":"https:\/\/www.gaveanews.com\/#website","url":"https:\/\/www.gaveanews.com\/","name":"G\u00e1vea News","description":"Veja todas as not\u00edcias sobre o Flamengo: Contrata\u00e7\u00f5es, categorias de base, resultados das partidas, tabela de classifica\u00e7\u00e3o, pr\u00f3ximos jogos!","potentialAction":[{"@type":"SearchAction","target":{"@type":"EntryPoint","urlTemplate":"https:\/\/www.gaveanews.com\/?s={search_term_string}"},"query-input":{"@type":"PropertyValueSpecification","valueRequired":true,"valueName":"search_term_string"}}],"inLanguage":"pt-BR"},{"@type":"Person","@id":"https:\/\/www.gaveanews.com\/#\/schema\/person\/a9f62fe75380c6bada1b2fc49bc23d69","name":"Marco Menezes","image":{"@type":"ImageObject","inLanguage":"pt-BR","@id":"https:\/\/www.gaveanews.com\/#\/schema\/person\/image\/","url":"https:\/\/secure.gravatar.com\/avatar\/a1d148ae17fc8bfc5dbccffd07979e8bd2c9ba494221779de86ec2c7907b71ec?s=96&d=mm&r=g","contentUrl":"https:\/\/secure.gravatar.com\/avatar\/a1d148ae17fc8bfc5dbccffd07979e8bd2c9ba494221779de86ec2c7907b71ec?s=96&d=mm&r=g","caption":"Marco Menezes"}}]}},"_links":{"self":[{"href":"https:\/\/www.gaveanews.com\/index.php\/wp-json\/wp\/v2\/posts\/214729","targetHints":{"allow":["GET"]}}],"collection":[{"href":"https:\/\/www.gaveanews.com\/index.php\/wp-json\/wp\/v2\/posts"}],"about":[{"href":"https:\/\/www.gaveanews.com\/index.php\/wp-json\/wp\/v2\/types\/post"}],"author":[{"embeddable":true,"href":"https:\/\/www.gaveanews.com\/index.php\/wp-json\/wp\/v2\/users\/29"}],"replies":[{"embeddable":true,"href":"https:\/\/www.gaveanews.com\/index.php\/wp-json\/wp\/v2\/comments?post=214729"}],"version-history":[{"count":1,"href":"https:\/\/www.gaveanews.com\/index.php\/wp-json\/wp\/v2\/posts\/214729\/revisions"}],"predecessor-version":[{"id":214760,"href":"https:\/\/www.gaveanews.com\/index.php\/wp-json\/wp\/v2\/posts\/214729\/revisions\/214760"}],"wp:featuredmedia":[{"embeddable":true,"href":"https:\/\/www.gaveanews.com\/index.php\/wp-json\/wp\/v2\/media\/165925"}],"wp:attachment":[{"href":"https:\/\/www.gaveanews.com\/index.php\/wp-json\/wp\/v2\/media?parent=214729"}],"wp:term":[{"taxonomy":"category","embeddable":true,"href":"https:\/\/www.gaveanews.com\/index.php\/wp-json\/wp\/v2\/categories?post=214729"},{"taxonomy":"post_tag","embeddable":true,"href":"https:\/\/www.gaveanews.com\/index.php\/wp-json\/wp\/v2\/tags?post=214729"}],"curies":[{"name":"wp","href":"https:\/\/api.w.org\/{rel}","templated":true}]}}