{"id":214804,"date":"2025-01-19T21:25:00","date_gmt":"2025-01-20T00:25:00","guid":{"rendered":"https:\/\/www.gaveanews.com\/?p=214804"},"modified":"2025-01-19T20:16:12","modified_gmt":"2025-01-19T23:16:12","slug":"neymar-rebate-declaracao-de-rivaldo-entenda-a-polemica","status":"publish","type":"post","link":"https:\/\/www.gaveanews.com\/index.php\/2025\/01\/19\/neymar-rebate-declaracao-de-rivaldo-entenda-a-polemica\/","title":{"rendered":"Neymar rebate declara\u00e7\u00e3o de Rivaldo; entenda a  pol\u00eamica"},"content":{"rendered":"\n<p>A troca de declara\u00e7\u00f5es entre os craques do futebol brasileiro, Rivaldo e Neymar, continua a gerar discuss\u00f5es acaloradas entre os f\u00e3s do esporte. Ap\u00f3s Rivaldo declarar publicamente que Neymar n\u00e3o ocuparia sua posi\u00e7\u00e3o na equipe campe\u00e3 mundial de 2002, o atacante do Al Hilal respondeu.<\/p>\n\n\n\n<ul class=\"wp-block-list\">\n<li><a href=\"https:\/\/www.gaveanews.com\/index.php\/2025\/01\/08\/neymar-segue-os-passos-de-cristiano-ronaldo-e-da-declaracao-ousada\/\">Neymar segue os passos de Cristiano Ronaldo e d\u00e1 declara\u00e7\u00e3o ousada<\/a><\/li>\n\n\n\n<li><a href=\"https:\/\/www.gaveanews.com\/index.php\/2024\/12\/27\/neymar-faz-publicacao-direcionada-a-thiago-silva-do-fluminense\/\">Neymar faz publica\u00e7\u00e3o direcionada a Thiago Silva, do Fluminense<\/a><\/li>\n<\/ul>\n\n\n\n<p>Na tentativa de minimizar a pol\u00eamica, Neymar acabou por expandir a controv\u00e9rsia ao incluir os renomados jogadores Ronaldo Fen\u00f4meno e Ronaldinho Ga\u00facho na conversa. O atacante enfatizou que, em sua perspectiva, ambos os jogadores teriam prioridade em rela\u00e7\u00e3o a Rivaldo em uma hipot\u00e9tica ordem de escolha para compor o ataque da sele\u00e7\u00e3o.<\/p>\n\n\n\n<p>O jogador utilizou suas plataformas nas redes sociais para responder diretamente ao coment\u00e1rio feito por Rivaldo, fazendo quest\u00e3o de enfatizar o respeito que nutre pelo ex-jogador. Contudo, ele reiterou que sua men\u00e7\u00e3o anterior tratava-se apenas de uma opini\u00e3o pessoal, baseada na qualidade dos tr\u00eas \u00eddolos do futebol citados.<\/p>\n\n\n\n<p>\u201cCalma meu amigo, todos os jogadores brasileiros que disputaram Copa, se dedicaram e focaram 100%. Uns conseguiram o objetivo final, outros infelizmente n\u00e3o, e faz parte do futebol. Sempre te respeitei e jamais vou tirar o m\u00e9rito de quem voc\u00ea \u00e9 pro futebol brasileiro. Foi apenas uma escolha entrar os tr\u00eas. Voc\u00ea n\u00e3o quer que eu tire Ronaldo e Ronaldinho n\u00e9?\u201d, disparou Neymar.<\/p>\n\n\n\n<h2 class=\"wp-block-heading\" id=\"h-rivaldo-e-a-conquista-de-2002\">Rivaldo e a conquista de 2002<\/h2>\n\n\n\n<p>Rivaldo, um dos pilares da conquista do mundial em 2002, j\u00e1 havia consolidado sua trajet\u00f3ria como um dos maiores jogadores da hist\u00f3ria do futebol brasileiro. Reconhecido mundialmente por seu talento, Rivaldo foi eleito o melhor jogador do mundo em 1999, enquanto atuava pelo Barcelona.<\/p>\n\n\n\n<p>A controv\u00e9rsia teve in\u00edcio ap\u00f3s Neymar afirmar, durante uma entrevista concedida ao canal &#8220;Rom\u00e1rio TV&#8221;, que ele pr\u00f3prio jogaria na posi\u00e7\u00e3o de Rivaldo naquela sele\u00e7\u00e3o. A declara\u00e7\u00e3o obteve ampla repercuss\u00e3o, o que levou Rivaldo a se manifestar por meio de sua conta no Instagram. Na ocasi\u00e3o, Rivaldo elogiou o talento de Neymar, mas ressaltou que a possibilidade de substitu\u00ed-lo na sele\u00e7\u00e3o de 2002 seria improv\u00e1vel, tendo em vista o contexto da \u00e9poca.<\/p>\n\n\n\n<figure class=\"wp-block-image size-full is-resized\"><img loading=\"lazy\" decoding=\"async\" width=\"478\" height=\"328\" src=\"https:\/\/www.gaveanews.com\/wp-content\/uploads\/Rivaldo.webp\" alt=\"\" class=\"wp-image-205136\" style=\"width:840px;height:auto\" srcset=\"https:\/\/www.gaveanews.com\/wp-content\/uploads\/Rivaldo.webp 478w, https:\/\/www.gaveanews.com\/wp-content\/uploads\/Rivaldo-300x206.webp 300w, https:\/\/www.gaveanews.com\/wp-content\/uploads\/Rivaldo-476x328.webp 476w, https:\/\/www.gaveanews.com\/wp-content\/uploads\/Rivaldo-100x69.webp 100w\" sizes=\"auto, (max-width: 478px) 100vw, 478px\" \/><figcaption class=\"wp-element-caption\">Rivaldo (Foto: Reprodu\u00e7\u00e3o)<\/figcaption><\/figure>\n\n\n\n<p>Rom\u00e1rio conduziu a entrevista em que Neymar, em fase final de recupera\u00e7\u00e3o de uma les\u00e3o no joelho esquerdo, enfrentou o desafio de escolher uma posi\u00e7\u00e3o na sele\u00e7\u00e3o de 2002. Em resposta, o atacante sugeriu que poderia atuar na posi\u00e7\u00e3o ocupada por Dunga, ou, em uma escolha mais ousada, na vaga de Rivaldo.<\/p>\n\n\n\n<p>Al\u00e9m disso, Neymar refor\u00e7ou que, ao considerar os melhores momentos de desempenho de cada jogador, acredita que sua escolha seria plaus\u00edvel. Assim, o jogador tamb\u00e9m ressaltou que aquele elenco enfrentava uma competi\u00e7\u00e3o interna intensa, devido \u00e0 alt\u00edssima qualidade de todos os seus integrantes.<\/p>\n","protected":false},"excerpt":{"rendered":"<p>A troca de declara\u00e7\u00f5es entre os craques do futebol brasileiro, Rivaldo e Neymar, continua a gerar discuss\u00f5es acaloradas entre os f\u00e3s do esporte. Ap\u00f3s Rivaldo declarar publicamente que Neymar n\u00e3o ocuparia sua posi\u00e7\u00e3o na equipe campe\u00e3 mundial de 2002, o atacante do Al Hilal respondeu. Na tentativa de minimizar a pol\u00eamica, Neymar acabou por expandir [&hellip;]<\/p>\n","protected":false},"author":28,"featured_media":111938,"comment_status":"open","ping_status":"closed","sticky":false,"template":"","format":"standard","meta":{"footnotes":""},"categories":[478],"tags":[],"class_list":["post-214804","post","type-post","status-publish","format-standard","has-post-thumbnail","hentry","category-brasil"],"yoast_head":"<!-- This site is optimized with the Yoast SEO Premium plugin v24.2 (Yoast SEO v26.9) - https:\/\/yoast.com\/product\/yoast-seo-premium-wordpress\/ -->\n<title>Neymar rebate declara\u00e7\u00e3o de Rivaldo; entenda a pol\u00eamica<\/title>\n<meta name=\"robots\" content=\"index, follow, max-snippet:-1, max-image-preview:large, max-video-preview:-1\" \/>\n<link rel=\"canonical\" href=\"https:\/\/www.gaveanews.com\/index.php\/2025\/01\/19\/neymar-rebate-declaracao-de-rivaldo-entenda-a-polemica\/\" \/>\n<meta property=\"og:locale\" content=\"pt_BR\" \/>\n<meta property=\"og:type\" content=\"article\" \/>\n<meta property=\"og:title\" content=\"Neymar rebate declara\u00e7\u00e3o de Rivaldo; entenda a pol\u00eamica\" \/>\n<meta property=\"og:description\" content=\"A troca de declara\u00e7\u00f5es entre os craques do futebol brasileiro, Rivaldo e Neymar, continua a gerar discuss\u00f5es acaloradas entre os f\u00e3s do esporte. Ap\u00f3s Rivaldo declarar publicamente que Neymar n\u00e3o ocuparia sua posi\u00e7\u00e3o na equipe campe\u00e3 mundial de 2002, o atacante do Al Hilal respondeu. Na tentativa de minimizar a pol\u00eamica, Neymar acabou por expandir [&hellip;]\" \/>\n<meta property=\"og:url\" content=\"https:\/\/www.gaveanews.com\/index.php\/2025\/01\/19\/neymar-rebate-declaracao-de-rivaldo-entenda-a-polemica\/\" \/>\n<meta property=\"og:site_name\" content=\"G\u00e1vea News\" \/>\n<meta property=\"article:publisher\" content=\"https:\/\/facebook.com\/gaveaNews\/\" \/>\n<meta property=\"article:published_time\" content=\"2025-01-20T00:25:00+00:00\" \/>\n<meta property=\"og:image\" content=\"https:\/\/www.gaveanews.com\/wp-content\/uploads\/neymar-selecao.webp\" \/>\n\t<meta property=\"og:image:width\" content=\"1920\" \/>\n\t<meta property=\"og:image:height\" content=\"1280\" \/>\n\t<meta property=\"og:image:type\" content=\"image\/jpeg\" \/>\n<meta name=\"author\" content=\"Hudson Pereira\" \/>\n<meta name=\"twitter:card\" content=\"summary_large_image\" \/>\n<meta name=\"twitter:label1\" content=\"Escrito por\" \/>\n\t<meta name=\"twitter:data1\" content=\"Hudson Pereira\" \/>\n\t<meta name=\"twitter:label2\" content=\"Est. tempo de leitura\" \/>\n\t<meta name=\"twitter:data2\" content=\"3 minutos\" \/>\n<script type=\"application\/ld+json\" class=\"yoast-schema-graph\">{\"@context\":\"https:\/\/schema.org\",\"@graph\":[{\"@type\":\"NewsArticle\",\"@id\":\"https:\/\/www.gaveanews.com\/index.php\/2025\/01\/19\/neymar-rebate-declaracao-de-rivaldo-entenda-a-polemica\/#article\",\"isPartOf\":{\"@id\":\"https:\/\/www.gaveanews.com\/index.php\/2025\/01\/19\/neymar-rebate-declaracao-de-rivaldo-entenda-a-polemica\/\"},\"author\":{\"name\":\"Hudson Pereira\",\"@id\":\"https:\/\/www.gaveanews.com\/#\/schema\/person\/bd08f00534b403119b92741a6d469ef0\"},\"headline\":\"Neymar rebate declara\u00e7\u00e3o de Rivaldo; entenda a pol\u00eamica\",\"datePublished\":\"2025-01-20T00:25:00+00:00\",\"mainEntityOfPage\":{\"@id\":\"https:\/\/www.gaveanews.com\/index.php\/2025\/01\/19\/neymar-rebate-declaracao-de-rivaldo-entenda-a-polemica\/\"},\"wordCount\":501,\"commentCount\":0,\"image\":{\"@id\":\"https:\/\/www.gaveanews.com\/index.php\/2025\/01\/19\/neymar-rebate-declaracao-de-rivaldo-entenda-a-polemica\/#primaryimage\"},\"thumbnailUrl\":\"https:\/\/www.gaveanews.com\/wp-content\/uploads\/neymar-selecao.webp\",\"articleSection\":[\"Brasil\"],\"inLanguage\":\"pt-BR\",\"potentialAction\":[{\"@type\":\"CommentAction\",\"name\":\"Comment\",\"target\":[\"https:\/\/www.gaveanews.com\/index.php\/2025\/01\/19\/neymar-rebate-declaracao-de-rivaldo-entenda-a-polemica\/#respond\"]}],\"copyrightYear\":\"2025\",\"copyrightHolder\":{\"@id\":\"https:\/\/www.gaveanews.com\/#organization\"}},{\"@type\":\"WebPage\",\"@id\":\"https:\/\/www.gaveanews.com\/index.php\/2025\/01\/19\/neymar-rebate-declaracao-de-rivaldo-entenda-a-polemica\/\",\"url\":\"https:\/\/www.gaveanews.com\/index.php\/2025\/01\/19\/neymar-rebate-declaracao-de-rivaldo-entenda-a-polemica\/\",\"name\":\"Neymar rebate declara\u00e7\u00e3o de Rivaldo; entenda a pol\u00eamica\",\"isPartOf\":{\"@id\":\"https:\/\/www.gaveanews.com\/#website\"},\"primaryImageOfPage\":{\"@id\":\"https:\/\/www.gaveanews.com\/index.php\/2025\/01\/19\/neymar-rebate-declaracao-de-rivaldo-entenda-a-polemica\/#primaryimage\"},\"image\":{\"@id\":\"https:\/\/www.gaveanews.com\/index.php\/2025\/01\/19\/neymar-rebate-declaracao-de-rivaldo-entenda-a-polemica\/#primaryimage\"},\"thumbnailUrl\":\"https:\/\/www.gaveanews.com\/wp-content\/uploads\/neymar-selecao.webp\",\"datePublished\":\"2025-01-20T00:25:00+00:00\",\"author\":{\"@id\":\"https:\/\/www.gaveanews.com\/#\/schema\/person\/bd08f00534b403119b92741a6d469ef0\"},\"breadcrumb\":{\"@id\":\"https:\/\/www.gaveanews.com\/index.php\/2025\/01\/19\/neymar-rebate-declaracao-de-rivaldo-entenda-a-polemica\/#breadcrumb\"},\"inLanguage\":\"pt-BR\",\"potentialAction\":[{\"@type\":\"ReadAction\",\"target\":[\"https:\/\/www.gaveanews.com\/index.php\/2025\/01\/19\/neymar-rebate-declaracao-de-rivaldo-entenda-a-polemica\/\"]}]},{\"@type\":\"ImageObject\",\"inLanguage\":\"pt-BR\",\"@id\":\"https:\/\/www.gaveanews.com\/index.php\/2025\/01\/19\/neymar-rebate-declaracao-de-rivaldo-entenda-a-polemica\/#primaryimage\",\"url\":\"https:\/\/www.gaveanews.com\/wp-content\/uploads\/neymar-selecao.webp\",\"contentUrl\":\"https:\/\/www.gaveanews.com\/wp-content\/uploads\/neymar-selecao.webp\",\"width\":1920,\"height\":1280,\"caption\":\"Neymar em a\u00e7\u00e3o pela Sele\u00e7\u00e3o Brasileira (Foto: Andre Borges\/EFE)\"},{\"@type\":\"BreadcrumbList\",\"@id\":\"https:\/\/www.gaveanews.com\/index.php\/2025\/01\/19\/neymar-rebate-declaracao-de-rivaldo-entenda-a-polemica\/#breadcrumb\",\"itemListElement\":[{\"@type\":\"ListItem\",\"position\":1,\"name\":\"Home\",\"item\":\"https:\/\/www.gaveanews.com\/\"},{\"@type\":\"ListItem\",\"position\":2,\"name\":\"Neymar rebate declara\u00e7\u00e3o de Rivaldo; entenda a pol\u00eamica\"}]},{\"@type\":\"WebSite\",\"@id\":\"https:\/\/www.gaveanews.com\/#website\",\"url\":\"https:\/\/www.gaveanews.com\/\",\"name\":\"G\u00e1vea News\",\"description\":\"Veja todas as not\u00edcias sobre o Flamengo: Contrata\u00e7\u00f5es, categorias de base, resultados das partidas, tabela de classifica\u00e7\u00e3o, pr\u00f3ximos jogos!\",\"potentialAction\":[{\"@type\":\"SearchAction\",\"target\":{\"@type\":\"EntryPoint\",\"urlTemplate\":\"https:\/\/www.gaveanews.com\/?s={search_term_string}\"},\"query-input\":{\"@type\":\"PropertyValueSpecification\",\"valueRequired\":true,\"valueName\":\"search_term_string\"}}],\"inLanguage\":\"pt-BR\"},{\"@type\":\"Person\",\"@id\":\"https:\/\/www.gaveanews.com\/#\/schema\/person\/bd08f00534b403119b92741a6d469ef0\",\"name\":\"Hudson Pereira\",\"image\":{\"@type\":\"ImageObject\",\"inLanguage\":\"pt-BR\",\"@id\":\"https:\/\/www.gaveanews.com\/#\/schema\/person\/image\/\",\"url\":\"https:\/\/secure.gravatar.com\/avatar\/ecc491b489e454e510efffc9b23c1052ce5fb4f2e05555768ba65819cd55f03e?s=96&d=mm&r=g\",\"contentUrl\":\"https:\/\/secure.gravatar.com\/avatar\/ecc491b489e454e510efffc9b23c1052ce5fb4f2e05555768ba65819cd55f03e?s=96&d=mm&r=g\",\"caption\":\"Hudson Pereira\"}}]}<\/script>\n<!-- \/ Yoast SEO Premium plugin. -->","yoast_head_json":{"title":"Neymar rebate declara\u00e7\u00e3o de Rivaldo; entenda a pol\u00eamica","robots":{"index":"index","follow":"follow","max-snippet":"max-snippet:-1","max-image-preview":"max-image-preview:large","max-video-preview":"max-video-preview:-1"},"canonical":"https:\/\/www.gaveanews.com\/index.php\/2025\/01\/19\/neymar-rebate-declaracao-de-rivaldo-entenda-a-polemica\/","og_locale":"pt_BR","og_type":"article","og_title":"Neymar rebate declara\u00e7\u00e3o de Rivaldo; entenda a pol\u00eamica","og_description":"A troca de declara\u00e7\u00f5es entre os craques do futebol brasileiro, Rivaldo e Neymar, continua a gerar discuss\u00f5es acaloradas entre os f\u00e3s do esporte. Ap\u00f3s Rivaldo declarar publicamente que Neymar n\u00e3o ocuparia sua posi\u00e7\u00e3o na equipe campe\u00e3 mundial de 2002, o atacante do Al Hilal respondeu. Na tentativa de minimizar a pol\u00eamica, Neymar acabou por expandir [&hellip;]","og_url":"https:\/\/www.gaveanews.com\/index.php\/2025\/01\/19\/neymar-rebate-declaracao-de-rivaldo-entenda-a-polemica\/","og_site_name":"G\u00e1vea News","article_publisher":"https:\/\/facebook.com\/gaveaNews\/","article_published_time":"2025-01-20T00:25:00+00:00","og_image":[{"width":1920,"height":1280,"url":"https:\/\/www.gaveanews.com\/wp-content\/uploads\/neymar-selecao.webp","type":"image\/jpeg"}],"author":"Hudson Pereira","twitter_card":"summary_large_image","twitter_misc":{"Escrito por":"Hudson Pereira","Est. tempo de leitura":"3 minutos"},"schema":{"@context":"https:\/\/schema.org","@graph":[{"@type":"NewsArticle","@id":"https:\/\/www.gaveanews.com\/index.php\/2025\/01\/19\/neymar-rebate-declaracao-de-rivaldo-entenda-a-polemica\/#article","isPartOf":{"@id":"https:\/\/www.gaveanews.com\/index.php\/2025\/01\/19\/neymar-rebate-declaracao-de-rivaldo-entenda-a-polemica\/"},"author":{"name":"Hudson Pereira","@id":"https:\/\/www.gaveanews.com\/#\/schema\/person\/bd08f00534b403119b92741a6d469ef0"},"headline":"Neymar rebate declara\u00e7\u00e3o de Rivaldo; entenda a pol\u00eamica","datePublished":"2025-01-20T00:25:00+00:00","mainEntityOfPage":{"@id":"https:\/\/www.gaveanews.com\/index.php\/2025\/01\/19\/neymar-rebate-declaracao-de-rivaldo-entenda-a-polemica\/"},"wordCount":501,"commentCount":0,"image":{"@id":"https:\/\/www.gaveanews.com\/index.php\/2025\/01\/19\/neymar-rebate-declaracao-de-rivaldo-entenda-a-polemica\/#primaryimage"},"thumbnailUrl":"https:\/\/www.gaveanews.com\/wp-content\/uploads\/neymar-selecao.webp","articleSection":["Brasil"],"inLanguage":"pt-BR","potentialAction":[{"@type":"CommentAction","name":"Comment","target":["https:\/\/www.gaveanews.com\/index.php\/2025\/01\/19\/neymar-rebate-declaracao-de-rivaldo-entenda-a-polemica\/#respond"]}],"copyrightYear":"2025","copyrightHolder":{"@id":"https:\/\/www.gaveanews.com\/#organization"}},{"@type":"WebPage","@id":"https:\/\/www.gaveanews.com\/index.php\/2025\/01\/19\/neymar-rebate-declaracao-de-rivaldo-entenda-a-polemica\/","url":"https:\/\/www.gaveanews.com\/index.php\/2025\/01\/19\/neymar-rebate-declaracao-de-rivaldo-entenda-a-polemica\/","name":"Neymar rebate declara\u00e7\u00e3o de Rivaldo; entenda a pol\u00eamica","isPartOf":{"@id":"https:\/\/www.gaveanews.com\/#website"},"primaryImageOfPage":{"@id":"https:\/\/www.gaveanews.com\/index.php\/2025\/01\/19\/neymar-rebate-declaracao-de-rivaldo-entenda-a-polemica\/#primaryimage"},"image":{"@id":"https:\/\/www.gaveanews.com\/index.php\/2025\/01\/19\/neymar-rebate-declaracao-de-rivaldo-entenda-a-polemica\/#primaryimage"},"thumbnailUrl":"https:\/\/www.gaveanews.com\/wp-content\/uploads\/neymar-selecao.webp","datePublished":"2025-01-20T00:25:00+00:00","author":{"@id":"https:\/\/www.gaveanews.com\/#\/schema\/person\/bd08f00534b403119b92741a6d469ef0"},"breadcrumb":{"@id":"https:\/\/www.gaveanews.com\/index.php\/2025\/01\/19\/neymar-rebate-declaracao-de-rivaldo-entenda-a-polemica\/#breadcrumb"},"inLanguage":"pt-BR","potentialAction":[{"@type":"ReadAction","target":["https:\/\/www.gaveanews.com\/index.php\/2025\/01\/19\/neymar-rebate-declaracao-de-rivaldo-entenda-a-polemica\/"]}]},{"@type":"ImageObject","inLanguage":"pt-BR","@id":"https:\/\/www.gaveanews.com\/index.php\/2025\/01\/19\/neymar-rebate-declaracao-de-rivaldo-entenda-a-polemica\/#primaryimage","url":"https:\/\/www.gaveanews.com\/wp-content\/uploads\/neymar-selecao.webp","contentUrl":"https:\/\/www.gaveanews.com\/wp-content\/uploads\/neymar-selecao.webp","width":1920,"height":1280,"caption":"Neymar em a\u00e7\u00e3o pela Sele\u00e7\u00e3o Brasileira (Foto: Andre Borges\/EFE)"},{"@type":"BreadcrumbList","@id":"https:\/\/www.gaveanews.com\/index.php\/2025\/01\/19\/neymar-rebate-declaracao-de-rivaldo-entenda-a-polemica\/#breadcrumb","itemListElement":[{"@type":"ListItem","position":1,"name":"Home","item":"https:\/\/www.gaveanews.com\/"},{"@type":"ListItem","position":2,"name":"Neymar rebate declara\u00e7\u00e3o de Rivaldo; entenda a pol\u00eamica"}]},{"@type":"WebSite","@id":"https:\/\/www.gaveanews.com\/#website","url":"https:\/\/www.gaveanews.com\/","name":"G\u00e1vea News","description":"Veja todas as not\u00edcias sobre o Flamengo: Contrata\u00e7\u00f5es, categorias de base, resultados das partidas, tabela de classifica\u00e7\u00e3o, pr\u00f3ximos jogos!","potentialAction":[{"@type":"SearchAction","target":{"@type":"EntryPoint","urlTemplate":"https:\/\/www.gaveanews.com\/?s={search_term_string}"},"query-input":{"@type":"PropertyValueSpecification","valueRequired":true,"valueName":"search_term_string"}}],"inLanguage":"pt-BR"},{"@type":"Person","@id":"https:\/\/www.gaveanews.com\/#\/schema\/person\/bd08f00534b403119b92741a6d469ef0","name":"Hudson Pereira","image":{"@type":"ImageObject","inLanguage":"pt-BR","@id":"https:\/\/www.gaveanews.com\/#\/schema\/person\/image\/","url":"https:\/\/secure.gravatar.com\/avatar\/ecc491b489e454e510efffc9b23c1052ce5fb4f2e05555768ba65819cd55f03e?s=96&d=mm&r=g","contentUrl":"https:\/\/secure.gravatar.com\/avatar\/ecc491b489e454e510efffc9b23c1052ce5fb4f2e05555768ba65819cd55f03e?s=96&d=mm&r=g","caption":"Hudson Pereira"}}]}},"_links":{"self":[{"href":"https:\/\/www.gaveanews.com\/index.php\/wp-json\/wp\/v2\/posts\/214804","targetHints":{"allow":["GET"]}}],"collection":[{"href":"https:\/\/www.gaveanews.com\/index.php\/wp-json\/wp\/v2\/posts"}],"about":[{"href":"https:\/\/www.gaveanews.com\/index.php\/wp-json\/wp\/v2\/types\/post"}],"author":[{"embeddable":true,"href":"https:\/\/www.gaveanews.com\/index.php\/wp-json\/wp\/v2\/users\/28"}],"replies":[{"embeddable":true,"href":"https:\/\/www.gaveanews.com\/index.php\/wp-json\/wp\/v2\/comments?post=214804"}],"version-history":[{"count":3,"href":"https:\/\/www.gaveanews.com\/index.php\/wp-json\/wp\/v2\/posts\/214804\/revisions"}],"predecessor-version":[{"id":214914,"href":"https:\/\/www.gaveanews.com\/index.php\/wp-json\/wp\/v2\/posts\/214804\/revisions\/214914"}],"wp:featuredmedia":[{"embeddable":true,"href":"https:\/\/www.gaveanews.com\/index.php\/wp-json\/wp\/v2\/media\/111938"}],"wp:attachment":[{"href":"https:\/\/www.gaveanews.com\/index.php\/wp-json\/wp\/v2\/media?parent=214804"}],"wp:term":[{"taxonomy":"category","embeddable":true,"href":"https:\/\/www.gaveanews.com\/index.php\/wp-json\/wp\/v2\/categories?post=214804"},{"taxonomy":"post_tag","embeddable":true,"href":"https:\/\/www.gaveanews.com\/index.php\/wp-json\/wp\/v2\/tags?post=214804"}],"curies":[{"name":"wp","href":"https:\/\/api.w.org\/{rel}","templated":true}]}}