{"id":214857,"date":"2025-01-19T18:20:00","date_gmt":"2025-01-19T21:20:00","guid":{"rendered":"https:\/\/www.gaveanews.com\/?p=214857"},"modified":"2025-01-19T16:10:40","modified_gmt":"2025-01-19T19:10:40","slug":"saida-de-marlon-declaracao-de-fabricio-bruno-e-recado-de-fagner-as-ultimas-noticias-do-cruzeiro","status":"publish","type":"post","link":"https:\/\/www.gaveanews.com\/index.php\/2025\/01\/19\/saida-de-marlon-declaracao-de-fabricio-bruno-e-recado-de-fagner-as-ultimas-noticias-do-cruzeiro\/","title":{"rendered":"Sa\u00edda de Marlon, declara\u00e7\u00e3o de Fabr\u00edcio Bruno e recado de Fagner: as \u00faltimas not\u00edcias do Cruzeiro"},"content":{"rendered":"\n<p>Nas \u00faltimas horas, o foco das not\u00edcias sobre o Cruzeiro se concentram nos bastidores do<br>clube, com destaques do dia a dia do time.<\/p>\n\n\n\n<p>Por conta deste contexto, leia abaixo um resumo preparado pela equipe do portal G\u00e1vea News para lhe manter muito bem informado!<\/p>\n\n\n\n<h2 class=\"wp-block-heading\" id=\"h-recado-de-fagner\">Recado de Fagner<\/h2>\n\n\n\n<p>Fagner, novo refor\u00e7o do Cruzeiro, expressou confian\u00e7a na competitividade do elenco para a temporada de 2025, destacando que a qualidade do plantel se equipara a equipes como Flamengo e Palmeiras. Durante entrevista coletiva, o lateral-direito elogiou a estrutura do clube e o trabalho comandado por Fernando Diniz, mas enfatizou a import\u00e2ncia de manter a calma e focar em melhorar como grupo ao longo dos jogos (<strong><a href=\"https:\/\/www.gaveanews.com\/index.php\/2025\/01\/13\/cruzeiro-a-declaracao-de-fagner-direcionada-ao-palmeiras\/\">leia a mat\u00e9ria completa).<\/a><\/strong><\/p>\n\n\n\n<figure class=\"wp-block-image size-full\"><img loading=\"lazy\" decoding=\"async\" width=\"594\" height=\"525\" src=\"https:\/\/www.gaveanews.com\/wp-content\/uploads\/Fagner-em-acao-pelo-Corinthians.webp\" alt=\"\" class=\"wp-image-165816\" srcset=\"https:\/\/www.gaveanews.com\/wp-content\/uploads\/Fagner-em-acao-pelo-Corinthians.webp 594w, https:\/\/www.gaveanews.com\/wp-content\/uploads\/Fagner-em-acao-pelo-Corinthians-300x265.webp 300w, https:\/\/www.gaveanews.com\/wp-content\/uploads\/Fagner-em-acao-pelo-Corinthians-475x420.webp 475w, https:\/\/www.gaveanews.com\/wp-content\/uploads\/Fagner-em-acao-pelo-Corinthians-100x88.webp 100w\" sizes=\"auto, (max-width: 594px) 100vw, 594px\" \/><figcaption class=\"wp-element-caption\">Fagner em a\u00e7\u00e3o pelo Corinthians (Foto: Rodrigo Coca\/Ag\u00eancia Corinthians)<\/figcaption><\/figure>\n\n\n\n<p>Com um elenco refor\u00e7ado por nomes de peso como Dudu, Gabigol e Bolasie, Fagner acredita que o Cruzeiro tem potencial para competir em alto n\u00edvel. <\/p>\n\n\n\n<p>Ele ressaltou a sede de vencer presente no grupo, destacando que jogadores vencedores podem inspirar aqueles que ainda n\u00e3o conquistaram t\u00edtulos a buscarem mais trof\u00e9us.<\/p>\n\n\n\n<p>Fagner, que acumula conquistas importantes em sua carreira pelo Corinthians, agora mira em repetir esse sucesso com a camisa do Cruzeiro, apostando na uni\u00e3o e na qualidade do time para alcan\u00e7ar grandes resultados no cen\u00e1rio nacional e internacional.<\/p>\n\n\n\n<h2 class=\"wp-block-heading\" id=\"h-declaracao-de-fabricio-bruno\">Declara\u00e7\u00e3o de Fabr\u00edcio Bruno<\/h2>\n\n\n\n<p>Fabr\u00edcio Bruno, novo refor\u00e7o do Cruzeiro, revelou que foi incentivado por Dudu e Gabigol a retornar ao clube que o revelou. O zagueiro, contratado do Flamengo por 7 milh\u00f5es de euros (cerca de R$ 45 milh\u00f5es), assinou contrato at\u00e9 2028 e j\u00e1 participa da pr\u00e9-temporada com o elenco comandado por Fernando Diniz nos Estados Unidos. Ele destacou o papel de Dudu em sua decis\u00e3o, descrevendo o atacante como uma figura que o motivou a se juntar a um grupo de vencedores no Cruzeiro <strong><a href=\"https:\/\/www.gaveanews.com\/index.php\/2025\/01\/13\/cruzeiro-a-declaracao-de-fabricio-bruno-direcionada-a-dudu\/\">(leia a mat\u00e9ria completa).<\/a><\/strong><\/p>\n\n\n\n<figure class=\"wp-block-image size-full\"><img loading=\"lazy\" decoding=\"async\" width=\"473\" height=\"575\" src=\"https:\/\/www.gaveanews.com\/wp-content\/uploads\/Fabricio-Bruno-pelo-Cruzeiro.webp\" alt=\"\" class=\"wp-image-213420\" srcset=\"https:\/\/www.gaveanews.com\/wp-content\/uploads\/Fabricio-Bruno-pelo-Cruzeiro.webp 473w, https:\/\/www.gaveanews.com\/wp-content\/uploads\/Fabricio-Bruno-pelo-Cruzeiro-247x300.webp 247w, https:\/\/www.gaveanews.com\/wp-content\/uploads\/Fabricio-Bruno-pelo-Cruzeiro-345x420.webp 345w, https:\/\/www.gaveanews.com\/wp-content\/uploads\/Fabricio-Bruno-pelo-Cruzeiro-100x122.webp 100w\" sizes=\"auto, (max-width: 473px) 100vw, 473px\" \/><figcaption class=\"wp-element-caption\">Fabr\u00edcio Bruno pelo Cruzeiro (Foto: Gustavo Aleixo\/Cruzeiro)\n\n<\/figcaption><\/figure>\n\n\n\n<p>Formado nas categorias de base do clube mineiro, Fabr\u00edcio Bruno expressou emo\u00e7\u00e3o ao retornar ao Cruzeiro, relembrando sua liga\u00e7\u00e3o com a equipe desde os 13 anos. Ele tamb\u00e9m enfatizou a recep\u00e7\u00e3o calorosa que recebeu, caracter\u00edstica que, segundo ele, define o povo mineiro.<\/p>\n\n\n\n<p>O zagueiro tem um hist\u00f3rico que inclui passagens pelo Red Bull Bragantino e Flamengo, e chega ao Cruzeiro em um momento de grandes investimentos na forma\u00e7\u00e3o de um elenco competitivo. Com nomes como Gabigol e Bolasie, o clube busca uma temporada de destaque em 2025, com Fabr\u00edcio Bruno desempenhando um papel central na defesa.<\/p>\n\n\n\n<h2 class=\"wp-block-heading\" id=\"h-saida-de-marlon\">Sa\u00edda de Marlon<\/h2>\n\n\n\n<p>O Cruzeiro rejeitou uma proposta do Gr\u00eamio pela contrata\u00e7\u00e3o do lateral-esquerdo Marlon, destacando a import\u00e2ncia do jogador para o elenco na temporada de 2025. A diretoria celeste considera invi\u00e1vel sua sa\u00edda devido \u00e0 dificuldade de encontrar um substituto \u00e0 altura e ao equil\u00edbrio que Marlon traz para o setor defensivo, onde divide protagonismo com Kaiki <strong><a href=\"https:\/\/www.gaveanews.com\/index.php\/2025\/01\/13\/marlon-de-saida-cruzeiro-toma-decisao-sobre-o-lateral\/\">(leia a mat\u00e9ria completa).<\/a><\/strong><\/p>\n\n\n\n<figure class=\"wp-block-image size-full\"><img loading=\"lazy\" decoding=\"async\" width=\"645\" height=\"362\" src=\"https:\/\/www.gaveanews.com\/wp-content\/uploads\/Marlon-pelo-Cruzeiro.webp\" alt=\"\" class=\"wp-image-169776\" srcset=\"https:\/\/www.gaveanews.com\/wp-content\/uploads\/Marlon-pelo-Cruzeiro.webp 645w, https:\/\/www.gaveanews.com\/wp-content\/uploads\/Marlon-pelo-Cruzeiro-300x168.webp 300w, https:\/\/www.gaveanews.com\/wp-content\/uploads\/Marlon-pelo-Cruzeiro-640x359.webp 640w, https:\/\/www.gaveanews.com\/wp-content\/uploads\/Marlon-pelo-Cruzeiro-100x56.webp 100w\" sizes=\"auto, (max-width: 645px) 100vw, 645px\" \/><figcaption class=\"wp-element-caption\">Marlon pelo Cruzeiro (Foto: Staff imagens\/Cruzeiro)<\/figcaption><\/figure>\n\n\n\n<p>Apesar da insist\u00eancia do Gr\u00eamio, que inclui abordagens diretas do presidente gremista para tentar fechar o neg\u00f3cio, o Cruzeiro mant\u00e9m-se firme na decis\u00e3o de n\u00e3o negoci\u00e1-lo. A diretoria enxerga no lateral uma pe\u00e7a-chave para manter a consist\u00eancia do time e evitar mudan\u00e7as significativas logo no in\u00edcio do ano.<\/p>\n\n\n\n<p>Com bom desempenho em competi\u00e7\u00f5es recentes, Marlon permanece nos planos do Cruzeiro, que prioriza a estabilidade do elenco para alcan\u00e7ar sucesso nas competi\u00e7\u00f5es da temporada de 2025. A postura do clube refor\u00e7a sua confian\u00e7a na for\u00e7a defensiva existente e no planejamento para o ano.<\/p>\n","protected":false},"excerpt":{"rendered":"<p>Nas \u00faltimas horas, o foco das not\u00edcias sobre o Cruzeiro se concentram nos bastidores doclube, com destaques do dia a dia do time. Por conta deste contexto, leia abaixo um resumo preparado pela equipe do portal G\u00e1vea News para lhe manter muito bem informado! Recado de Fagner Fagner, novo refor\u00e7o do Cruzeiro, expressou confian\u00e7a na [&hellip;]<\/p>\n","protected":false},"author":27,"featured_media":175601,"comment_status":"open","ping_status":"closed","sticky":false,"template":"","format":"standard","meta":{"footnotes":""},"categories":[143],"tags":[],"class_list":["post-214857","post","type-post","status-publish","format-standard","has-post-thumbnail","hentry","category-cruzeiro"],"yoast_head":"<!-- This site is optimized with the Yoast SEO Premium plugin v24.2 (Yoast SEO v26.9) - https:\/\/yoast.com\/product\/yoast-seo-premium-wordpress\/ -->\n<title>Sa\u00edda de Marlon, declara\u00e7\u00e3o de Fabr\u00edcio Bruno e recado de Fagner: as \u00faltimas not\u00edcias do Cruzeiro<\/title>\n<meta name=\"robots\" content=\"index, follow, max-snippet:-1, max-image-preview:large, max-video-preview:-1\" \/>\n<link rel=\"canonical\" href=\"https:\/\/www.gaveanews.com\/index.php\/2025\/01\/19\/saida-de-marlon-declaracao-de-fabricio-bruno-e-recado-de-fagner-as-ultimas-noticias-do-cruzeiro\/\" \/>\n<meta property=\"og:locale\" content=\"pt_BR\" \/>\n<meta property=\"og:type\" content=\"article\" \/>\n<meta property=\"og:title\" content=\"Sa\u00edda de Marlon, declara\u00e7\u00e3o de Fabr\u00edcio Bruno e recado de Fagner: as \u00faltimas not\u00edcias do Cruzeiro\" \/>\n<meta property=\"og:description\" content=\"Nas \u00faltimas horas, o foco das not\u00edcias sobre o Cruzeiro se concentram nos bastidores doclube, com destaques do dia a dia do time. Por conta deste contexto, leia abaixo um resumo preparado pela equipe do portal G\u00e1vea News para lhe manter muito bem informado! Recado de Fagner Fagner, novo refor\u00e7o do Cruzeiro, expressou confian\u00e7a na [&hellip;]\" \/>\n<meta property=\"og:url\" content=\"https:\/\/www.gaveanews.com\/index.php\/2025\/01\/19\/saida-de-marlon-declaracao-de-fabricio-bruno-e-recado-de-fagner-as-ultimas-noticias-do-cruzeiro\/\" \/>\n<meta property=\"og:site_name\" content=\"G\u00e1vea News\" \/>\n<meta property=\"article:publisher\" content=\"https:\/\/facebook.com\/gaveaNews\/\" \/>\n<meta property=\"article:published_time\" content=\"2025-01-19T21:20:00+00:00\" \/>\n<meta property=\"og:image\" content=\"https:\/\/www.gaveanews.com\/wp-content\/uploads\/Bandeira-do-Cruzeiro.webp\" \/>\n\t<meta property=\"og:image:width\" content=\"1062\" \/>\n\t<meta property=\"og:image:height\" content=\"708\" \/>\n\t<meta property=\"og:image:type\" content=\"image\/webp\" \/>\n<meta name=\"author\" content=\"Matheus Felipe\" \/>\n<meta name=\"twitter:card\" content=\"summary_large_image\" \/>\n<meta name=\"twitter:label1\" content=\"Escrito por\" \/>\n\t<meta name=\"twitter:data1\" content=\"Matheus Felipe\" \/>\n\t<meta name=\"twitter:label2\" content=\"Est. tempo de leitura\" \/>\n\t<meta name=\"twitter:data2\" content=\"4 minutos\" \/>\n<script type=\"application\/ld+json\" class=\"yoast-schema-graph\">{\"@context\":\"https:\/\/schema.org\",\"@graph\":[{\"@type\":\"NewsArticle\",\"@id\":\"https:\/\/www.gaveanews.com\/index.php\/2025\/01\/19\/saida-de-marlon-declaracao-de-fabricio-bruno-e-recado-de-fagner-as-ultimas-noticias-do-cruzeiro\/#article\",\"isPartOf\":{\"@id\":\"https:\/\/www.gaveanews.com\/index.php\/2025\/01\/19\/saida-de-marlon-declaracao-de-fabricio-bruno-e-recado-de-fagner-as-ultimas-noticias-do-cruzeiro\/\"},\"author\":{\"name\":\"Matheus Felipe\",\"@id\":\"https:\/\/www.gaveanews.com\/#\/schema\/person\/8207cd4627f56151707418bfc835b2fb\"},\"headline\":\"Sa\u00edda de Marlon, declara\u00e7\u00e3o de Fabr\u00edcio Bruno e recado de Fagner: as \u00faltimas not\u00edcias do Cruzeiro\",\"datePublished\":\"2025-01-19T21:20:00+00:00\",\"mainEntityOfPage\":{\"@id\":\"https:\/\/www.gaveanews.com\/index.php\/2025\/01\/19\/saida-de-marlon-declaracao-de-fabricio-bruno-e-recado-de-fagner-as-ultimas-noticias-do-cruzeiro\/\"},\"wordCount\":640,\"commentCount\":0,\"image\":{\"@id\":\"https:\/\/www.gaveanews.com\/index.php\/2025\/01\/19\/saida-de-marlon-declaracao-de-fabricio-bruno-e-recado-de-fagner-as-ultimas-noticias-do-cruzeiro\/#primaryimage\"},\"thumbnailUrl\":\"https:\/\/www.gaveanews.com\/wp-content\/uploads\/Bandeira-do-Cruzeiro.webp\",\"articleSection\":[\"Cruzeiro\"],\"inLanguage\":\"pt-BR\",\"potentialAction\":[{\"@type\":\"CommentAction\",\"name\":\"Comment\",\"target\":[\"https:\/\/www.gaveanews.com\/index.php\/2025\/01\/19\/saida-de-marlon-declaracao-de-fabricio-bruno-e-recado-de-fagner-as-ultimas-noticias-do-cruzeiro\/#respond\"]}],\"copyrightYear\":\"2025\",\"copyrightHolder\":{\"@id\":\"https:\/\/www.gaveanews.com\/#organization\"}},{\"@type\":\"WebPage\",\"@id\":\"https:\/\/www.gaveanews.com\/index.php\/2025\/01\/19\/saida-de-marlon-declaracao-de-fabricio-bruno-e-recado-de-fagner-as-ultimas-noticias-do-cruzeiro\/\",\"url\":\"https:\/\/www.gaveanews.com\/index.php\/2025\/01\/19\/saida-de-marlon-declaracao-de-fabricio-bruno-e-recado-de-fagner-as-ultimas-noticias-do-cruzeiro\/\",\"name\":\"Sa\u00edda de Marlon, declara\u00e7\u00e3o de Fabr\u00edcio Bruno e recado de Fagner: as \u00faltimas not\u00edcias do Cruzeiro\",\"isPartOf\":{\"@id\":\"https:\/\/www.gaveanews.com\/#website\"},\"primaryImageOfPage\":{\"@id\":\"https:\/\/www.gaveanews.com\/index.php\/2025\/01\/19\/saida-de-marlon-declaracao-de-fabricio-bruno-e-recado-de-fagner-as-ultimas-noticias-do-cruzeiro\/#primaryimage\"},\"image\":{\"@id\":\"https:\/\/www.gaveanews.com\/index.php\/2025\/01\/19\/saida-de-marlon-declaracao-de-fabricio-bruno-e-recado-de-fagner-as-ultimas-noticias-do-cruzeiro\/#primaryimage\"},\"thumbnailUrl\":\"https:\/\/www.gaveanews.com\/wp-content\/uploads\/Bandeira-do-Cruzeiro.webp\",\"datePublished\":\"2025-01-19T21:20:00+00:00\",\"author\":{\"@id\":\"https:\/\/www.gaveanews.com\/#\/schema\/person\/8207cd4627f56151707418bfc835b2fb\"},\"breadcrumb\":{\"@id\":\"https:\/\/www.gaveanews.com\/index.php\/2025\/01\/19\/saida-de-marlon-declaracao-de-fabricio-bruno-e-recado-de-fagner-as-ultimas-noticias-do-cruzeiro\/#breadcrumb\"},\"inLanguage\":\"pt-BR\",\"potentialAction\":[{\"@type\":\"ReadAction\",\"target\":[\"https:\/\/www.gaveanews.com\/index.php\/2025\/01\/19\/saida-de-marlon-declaracao-de-fabricio-bruno-e-recado-de-fagner-as-ultimas-noticias-do-cruzeiro\/\"]}]},{\"@type\":\"ImageObject\",\"inLanguage\":\"pt-BR\",\"@id\":\"https:\/\/www.gaveanews.com\/index.php\/2025\/01\/19\/saida-de-marlon-declaracao-de-fabricio-bruno-e-recado-de-fagner-as-ultimas-noticias-do-cruzeiro\/#primaryimage\",\"url\":\"https:\/\/www.gaveanews.com\/wp-content\/uploads\/Bandeira-do-Cruzeiro.webp\",\"contentUrl\":\"https:\/\/www.gaveanews.com\/wp-content\/uploads\/Bandeira-do-Cruzeiro.webp\",\"width\":1062,\"height\":708,\"caption\":\"Bandeira do Cruzeiro (Foto: Reprodu\u00e7\u00e3o\/Cruzeiro)\"},{\"@type\":\"BreadcrumbList\",\"@id\":\"https:\/\/www.gaveanews.com\/index.php\/2025\/01\/19\/saida-de-marlon-declaracao-de-fabricio-bruno-e-recado-de-fagner-as-ultimas-noticias-do-cruzeiro\/#breadcrumb\",\"itemListElement\":[{\"@type\":\"ListItem\",\"position\":1,\"name\":\"Home\",\"item\":\"https:\/\/www.gaveanews.com\/\"},{\"@type\":\"ListItem\",\"position\":2,\"name\":\"Sa\u00edda de Marlon, declara\u00e7\u00e3o de Fabr\u00edcio Bruno e recado de Fagner: as \u00faltimas not\u00edcias do Cruzeiro\"}]},{\"@type\":\"WebSite\",\"@id\":\"https:\/\/www.gaveanews.com\/#website\",\"url\":\"https:\/\/www.gaveanews.com\/\",\"name\":\"G\u00e1vea News\",\"description\":\"Veja todas as not\u00edcias sobre o Flamengo: Contrata\u00e7\u00f5es, categorias de base, resultados das partidas, tabela de classifica\u00e7\u00e3o, pr\u00f3ximos jogos!\",\"potentialAction\":[{\"@type\":\"SearchAction\",\"target\":{\"@type\":\"EntryPoint\",\"urlTemplate\":\"https:\/\/www.gaveanews.com\/?s={search_term_string}\"},\"query-input\":{\"@type\":\"PropertyValueSpecification\",\"valueRequired\":true,\"valueName\":\"search_term_string\"}}],\"inLanguage\":\"pt-BR\"},{\"@type\":\"Person\",\"@id\":\"https:\/\/www.gaveanews.com\/#\/schema\/person\/8207cd4627f56151707418bfc835b2fb\",\"name\":\"Matheus Felipe\",\"image\":{\"@type\":\"ImageObject\",\"inLanguage\":\"pt-BR\",\"@id\":\"https:\/\/www.gaveanews.com\/#\/schema\/person\/image\/\",\"url\":\"https:\/\/secure.gravatar.com\/avatar\/a452ffbed9130f726358b298bb3a99ce4bd3c5338411f8440e87e14d74c7c087?s=96&d=mm&r=g\",\"contentUrl\":\"https:\/\/secure.gravatar.com\/avatar\/a452ffbed9130f726358b298bb3a99ce4bd3c5338411f8440e87e14d74c7c087?s=96&d=mm&r=g\",\"caption\":\"Matheus Felipe\"}}]}<\/script>\n<!-- \/ Yoast SEO Premium plugin. -->","yoast_head_json":{"title":"Sa\u00edda de Marlon, declara\u00e7\u00e3o de Fabr\u00edcio Bruno e recado de Fagner: as \u00faltimas not\u00edcias do Cruzeiro","robots":{"index":"index","follow":"follow","max-snippet":"max-snippet:-1","max-image-preview":"max-image-preview:large","max-video-preview":"max-video-preview:-1"},"canonical":"https:\/\/www.gaveanews.com\/index.php\/2025\/01\/19\/saida-de-marlon-declaracao-de-fabricio-bruno-e-recado-de-fagner-as-ultimas-noticias-do-cruzeiro\/","og_locale":"pt_BR","og_type":"article","og_title":"Sa\u00edda de Marlon, declara\u00e7\u00e3o de Fabr\u00edcio Bruno e recado de Fagner: as \u00faltimas not\u00edcias do Cruzeiro","og_description":"Nas \u00faltimas horas, o foco das not\u00edcias sobre o Cruzeiro se concentram nos bastidores doclube, com destaques do dia a dia do time. Por conta deste contexto, leia abaixo um resumo preparado pela equipe do portal G\u00e1vea News para lhe manter muito bem informado! Recado de Fagner Fagner, novo refor\u00e7o do Cruzeiro, expressou confian\u00e7a na [&hellip;]","og_url":"https:\/\/www.gaveanews.com\/index.php\/2025\/01\/19\/saida-de-marlon-declaracao-de-fabricio-bruno-e-recado-de-fagner-as-ultimas-noticias-do-cruzeiro\/","og_site_name":"G\u00e1vea News","article_publisher":"https:\/\/facebook.com\/gaveaNews\/","article_published_time":"2025-01-19T21:20:00+00:00","og_image":[{"width":1062,"height":708,"url":"https:\/\/www.gaveanews.com\/wp-content\/uploads\/Bandeira-do-Cruzeiro.webp","type":"image\/webp"}],"author":"Matheus Felipe","twitter_card":"summary_large_image","twitter_misc":{"Escrito por":"Matheus Felipe","Est. tempo de leitura":"4 minutos"},"schema":{"@context":"https:\/\/schema.org","@graph":[{"@type":"NewsArticle","@id":"https:\/\/www.gaveanews.com\/index.php\/2025\/01\/19\/saida-de-marlon-declaracao-de-fabricio-bruno-e-recado-de-fagner-as-ultimas-noticias-do-cruzeiro\/#article","isPartOf":{"@id":"https:\/\/www.gaveanews.com\/index.php\/2025\/01\/19\/saida-de-marlon-declaracao-de-fabricio-bruno-e-recado-de-fagner-as-ultimas-noticias-do-cruzeiro\/"},"author":{"name":"Matheus Felipe","@id":"https:\/\/www.gaveanews.com\/#\/schema\/person\/8207cd4627f56151707418bfc835b2fb"},"headline":"Sa\u00edda de Marlon, declara\u00e7\u00e3o de Fabr\u00edcio Bruno e recado de Fagner: as \u00faltimas not\u00edcias do Cruzeiro","datePublished":"2025-01-19T21:20:00+00:00","mainEntityOfPage":{"@id":"https:\/\/www.gaveanews.com\/index.php\/2025\/01\/19\/saida-de-marlon-declaracao-de-fabricio-bruno-e-recado-de-fagner-as-ultimas-noticias-do-cruzeiro\/"},"wordCount":640,"commentCount":0,"image":{"@id":"https:\/\/www.gaveanews.com\/index.php\/2025\/01\/19\/saida-de-marlon-declaracao-de-fabricio-bruno-e-recado-de-fagner-as-ultimas-noticias-do-cruzeiro\/#primaryimage"},"thumbnailUrl":"https:\/\/www.gaveanews.com\/wp-content\/uploads\/Bandeira-do-Cruzeiro.webp","articleSection":["Cruzeiro"],"inLanguage":"pt-BR","potentialAction":[{"@type":"CommentAction","name":"Comment","target":["https:\/\/www.gaveanews.com\/index.php\/2025\/01\/19\/saida-de-marlon-declaracao-de-fabricio-bruno-e-recado-de-fagner-as-ultimas-noticias-do-cruzeiro\/#respond"]}],"copyrightYear":"2025","copyrightHolder":{"@id":"https:\/\/www.gaveanews.com\/#organization"}},{"@type":"WebPage","@id":"https:\/\/www.gaveanews.com\/index.php\/2025\/01\/19\/saida-de-marlon-declaracao-de-fabricio-bruno-e-recado-de-fagner-as-ultimas-noticias-do-cruzeiro\/","url":"https:\/\/www.gaveanews.com\/index.php\/2025\/01\/19\/saida-de-marlon-declaracao-de-fabricio-bruno-e-recado-de-fagner-as-ultimas-noticias-do-cruzeiro\/","name":"Sa\u00edda de Marlon, declara\u00e7\u00e3o de Fabr\u00edcio Bruno e recado de Fagner: as \u00faltimas not\u00edcias do Cruzeiro","isPartOf":{"@id":"https:\/\/www.gaveanews.com\/#website"},"primaryImageOfPage":{"@id":"https:\/\/www.gaveanews.com\/index.php\/2025\/01\/19\/saida-de-marlon-declaracao-de-fabricio-bruno-e-recado-de-fagner-as-ultimas-noticias-do-cruzeiro\/#primaryimage"},"image":{"@id":"https:\/\/www.gaveanews.com\/index.php\/2025\/01\/19\/saida-de-marlon-declaracao-de-fabricio-bruno-e-recado-de-fagner-as-ultimas-noticias-do-cruzeiro\/#primaryimage"},"thumbnailUrl":"https:\/\/www.gaveanews.com\/wp-content\/uploads\/Bandeira-do-Cruzeiro.webp","datePublished":"2025-01-19T21:20:00+00:00","author":{"@id":"https:\/\/www.gaveanews.com\/#\/schema\/person\/8207cd4627f56151707418bfc835b2fb"},"breadcrumb":{"@id":"https:\/\/www.gaveanews.com\/index.php\/2025\/01\/19\/saida-de-marlon-declaracao-de-fabricio-bruno-e-recado-de-fagner-as-ultimas-noticias-do-cruzeiro\/#breadcrumb"},"inLanguage":"pt-BR","potentialAction":[{"@type":"ReadAction","target":["https:\/\/www.gaveanews.com\/index.php\/2025\/01\/19\/saida-de-marlon-declaracao-de-fabricio-bruno-e-recado-de-fagner-as-ultimas-noticias-do-cruzeiro\/"]}]},{"@type":"ImageObject","inLanguage":"pt-BR","@id":"https:\/\/www.gaveanews.com\/index.php\/2025\/01\/19\/saida-de-marlon-declaracao-de-fabricio-bruno-e-recado-de-fagner-as-ultimas-noticias-do-cruzeiro\/#primaryimage","url":"https:\/\/www.gaveanews.com\/wp-content\/uploads\/Bandeira-do-Cruzeiro.webp","contentUrl":"https:\/\/www.gaveanews.com\/wp-content\/uploads\/Bandeira-do-Cruzeiro.webp","width":1062,"height":708,"caption":"Bandeira do Cruzeiro (Foto: Reprodu\u00e7\u00e3o\/Cruzeiro)"},{"@type":"BreadcrumbList","@id":"https:\/\/www.gaveanews.com\/index.php\/2025\/01\/19\/saida-de-marlon-declaracao-de-fabricio-bruno-e-recado-de-fagner-as-ultimas-noticias-do-cruzeiro\/#breadcrumb","itemListElement":[{"@type":"ListItem","position":1,"name":"Home","item":"https:\/\/www.gaveanews.com\/"},{"@type":"ListItem","position":2,"name":"Sa\u00edda de Marlon, declara\u00e7\u00e3o de Fabr\u00edcio Bruno e recado de Fagner: as \u00faltimas not\u00edcias do Cruzeiro"}]},{"@type":"WebSite","@id":"https:\/\/www.gaveanews.com\/#website","url":"https:\/\/www.gaveanews.com\/","name":"G\u00e1vea News","description":"Veja todas as not\u00edcias sobre o Flamengo: Contrata\u00e7\u00f5es, categorias de base, resultados das partidas, tabela de classifica\u00e7\u00e3o, pr\u00f3ximos jogos!","potentialAction":[{"@type":"SearchAction","target":{"@type":"EntryPoint","urlTemplate":"https:\/\/www.gaveanews.com\/?s={search_term_string}"},"query-input":{"@type":"PropertyValueSpecification","valueRequired":true,"valueName":"search_term_string"}}],"inLanguage":"pt-BR"},{"@type":"Person","@id":"https:\/\/www.gaveanews.com\/#\/schema\/person\/8207cd4627f56151707418bfc835b2fb","name":"Matheus Felipe","image":{"@type":"ImageObject","inLanguage":"pt-BR","@id":"https:\/\/www.gaveanews.com\/#\/schema\/person\/image\/","url":"https:\/\/secure.gravatar.com\/avatar\/a452ffbed9130f726358b298bb3a99ce4bd3c5338411f8440e87e14d74c7c087?s=96&d=mm&r=g","contentUrl":"https:\/\/secure.gravatar.com\/avatar\/a452ffbed9130f726358b298bb3a99ce4bd3c5338411f8440e87e14d74c7c087?s=96&d=mm&r=g","caption":"Matheus Felipe"}}]}},"_links":{"self":[{"href":"https:\/\/www.gaveanews.com\/index.php\/wp-json\/wp\/v2\/posts\/214857","targetHints":{"allow":["GET"]}}],"collection":[{"href":"https:\/\/www.gaveanews.com\/index.php\/wp-json\/wp\/v2\/posts"}],"about":[{"href":"https:\/\/www.gaveanews.com\/index.php\/wp-json\/wp\/v2\/types\/post"}],"author":[{"embeddable":true,"href":"https:\/\/www.gaveanews.com\/index.php\/wp-json\/wp\/v2\/users\/27"}],"replies":[{"embeddable":true,"href":"https:\/\/www.gaveanews.com\/index.php\/wp-json\/wp\/v2\/comments?post=214857"}],"version-history":[{"count":1,"href":"https:\/\/www.gaveanews.com\/index.php\/wp-json\/wp\/v2\/posts\/214857\/revisions"}],"predecessor-version":[{"id":214858,"href":"https:\/\/www.gaveanews.com\/index.php\/wp-json\/wp\/v2\/posts\/214857\/revisions\/214858"}],"wp:featuredmedia":[{"embeddable":true,"href":"https:\/\/www.gaveanews.com\/index.php\/wp-json\/wp\/v2\/media\/175601"}],"wp:attachment":[{"href":"https:\/\/www.gaveanews.com\/index.php\/wp-json\/wp\/v2\/media?parent=214857"}],"wp:term":[{"taxonomy":"category","embeddable":true,"href":"https:\/\/www.gaveanews.com\/index.php\/wp-json\/wp\/v2\/categories?post=214857"},{"taxonomy":"post_tag","embeddable":true,"href":"https:\/\/www.gaveanews.com\/index.php\/wp-json\/wp\/v2\/tags?post=214857"}],"curies":[{"name":"wp","href":"https:\/\/api.w.org\/{rel}","templated":true}]}}