{"id":214859,"date":"2025-01-19T18:25:00","date_gmt":"2025-01-19T21:25:00","guid":{"rendered":"https:\/\/www.gaveanews.com\/?p=214859"},"modified":"2025-01-19T16:15:27","modified_gmt":"2025-01-19T19:15:27","slug":"situacao-de-andreas-declaracao-de-fagner-e-recado-de-leila-pereira-as-ultimas-noticias-do-palmeiras","status":"publish","type":"post","link":"https:\/\/www.gaveanews.com\/index.php\/2025\/01\/19\/situacao-de-andreas-declaracao-de-fagner-e-recado-de-leila-pereira-as-ultimas-noticias-do-palmeiras\/","title":{"rendered":"Situa\u00e7\u00e3o de Andreas, declara\u00e7\u00e3o de Fagner e recado de Leila Pereira: as \u00faltimas not\u00edcias do Palmeiras"},"content":{"rendered":"\n<p>Nas \u00faltimas horas, o foco das not\u00edcias sobre o Palmeiras se concentram nos bastidores do<br>clube, com destaques do dia a dia do time.<\/p>\n\n\n\n<p>Por conta deste contexto, leia abaixo um resumo preparado pela equipe do portal G\u00e1vea News para lhe manter muito bem informado!<\/p>\n\n\n\n<h2 class=\"wp-block-heading\" id=\"h-recado-de-leila-pereira\">Recado de Leila Pereira<\/h2>\n\n\n\n<p>Leila Pereira, presidente do Palmeiras, voltou a comentar sobre a sa\u00edda de Dudu e as negocia\u00e7\u00f5es envolvendo Rony, enfatizando diferen\u00e7as nas condutas dos jogadores. Durante a apresenta\u00e7\u00e3o de um novo patrocinador, Leila afirmou que Dudu deixou o clube &#8220;pela porta dos fundos&#8221;, enquanto elogiou a postura de Rony, que n\u00e3o procurou outras equipes por conta pr\u00f3pria. A sa\u00edda de Dudu para o Cruzeiro, ap\u00f3s pol\u00eamicas em 2024, ainda gera repercuss\u00e3o dentro e fora do clube<strong><a href=\"https:\/\/www.gaveanews.com\/index.php\/2025\/01\/13\/palmeiras-a-declaracao-de-leila-pereira-direcionada-a-rony-e-dudu\/\"> (leia a mat\u00e9ria completa).<\/a><\/strong><\/p>\n\n\n\n<figure class=\"wp-block-image size-large\"><img loading=\"lazy\" decoding=\"async\" width=\"1024\" height=\"640\" src=\"https:\/\/www.gaveanews.com\/wp-content\/uploads\/Leila-Pereira-durante-coletiva-do-Palmeiras-1024x640.webp\" alt=\"\" class=\"wp-image-108277\" srcset=\"https:\/\/www.gaveanews.com\/wp-content\/uploads\/Leila-Pereira-durante-coletiva-do-Palmeiras-1024x640.webp 1024w, https:\/\/www.gaveanews.com\/wp-content\/uploads\/Leila-Pereira-durante-coletiva-do-Palmeiras-300x188.webp 300w, https:\/\/www.gaveanews.com\/wp-content\/uploads\/Leila-Pereira-durante-coletiva-do-Palmeiras-768x480.webp 768w, https:\/\/www.gaveanews.com\/wp-content\/uploads\/Leila-Pereira-durante-coletiva-do-Palmeiras-672x420.webp 672w, https:\/\/www.gaveanews.com\/wp-content\/uploads\/Leila-Pereira-durante-coletiva-do-Palmeiras-640x400.webp 640w, https:\/\/www.gaveanews.com\/wp-content\/uploads\/Leila-Pereira-durante-coletiva-do-Palmeiras-681x426.webp 681w, https:\/\/www.gaveanews.com\/wp-content\/uploads\/Leila-Pereira-durante-coletiva-do-Palmeiras-100x63.webp 100w, https:\/\/www.gaveanews.com\/wp-content\/uploads\/Leila-Pereira-durante-coletiva-do-Palmeiras.webp 1200w\" sizes=\"auto, (max-width: 1024px) 100vw, 1024px\" \/><figcaption class=\"wp-element-caption\">Leila Pereira durante coletiva do Palmeiras (Foto: Reprodu\u00e7\u00e3o)<\/figcaption><\/figure>\n\n\n\n<p>Dudu, atualmente no Cruzeiro, foi acusado de ter solicitado sua transfer\u00eancia, causando um atrito com a torcida palmeirense. <\/p>\n\n\n\n<p>Na \u00e9poca, o jogador chegou a ser confrontado por torcedores organizados, o que o fez reconsiderar temporariamente sua sa\u00edda. Em sua apresenta\u00e7\u00e3o pelo Cruzeiro, Dudu afirmou que est\u00e1 focado em sua nova etapa e deixou as pol\u00eamicas no passado.<\/p>\n\n\n\n<p>Quanto a Rony, as negocia\u00e7\u00f5es entre Palmeiras e Fluminense estavam bem encaminhadas, mas a falta de acordo entre o jogador e o clube carioca atrasou o desfecho. Leila Pereira indicou que encara mudan\u00e7as como parte natural da carreira e destacou que o Palmeiras j\u00e1 havia feito sua parte para facilitar a transfer\u00eancia.<\/p>\n\n\n\n<h2 class=\"wp-block-heading\" id=\"h-declaracao-de-fagner\">Declara\u00e7\u00e3o de Fagner<\/h2>\n\n\n\n<p>Fagner, novo refor\u00e7o do Cruzeiro, expressou confian\u00e7a na competitividade do elenco para a temporada de 2025, destacando que a qualidade do plantel se equipara a equipes como Flamengo e Palmeiras. Durante entrevista coletiva, o lateral-direito elogiou a estrutura do clube e o trabalho comandado por Fernando Diniz, mas enfatizou a import\u00e2ncia de manter a calma e focar em melhorar como grupo ao longo dos jogos <strong><a href=\"https:\/\/www.gaveanews.com\/index.php\/2025\/01\/13\/cruzeiro-a-declaracao-de-fagner-direcionada-ao-palmeiras\/\">(leia a mat\u00e9ria completa).<\/a><\/strong><\/p>\n\n\n\n<figure class=\"wp-block-image size-full\"><img loading=\"lazy\" decoding=\"async\" width=\"594\" height=\"525\" src=\"https:\/\/www.gaveanews.com\/wp-content\/uploads\/Fagner-em-acao-pelo-Corinthians.webp\" alt=\"\" class=\"wp-image-165816\" srcset=\"https:\/\/www.gaveanews.com\/wp-content\/uploads\/Fagner-em-acao-pelo-Corinthians.webp 594w, https:\/\/www.gaveanews.com\/wp-content\/uploads\/Fagner-em-acao-pelo-Corinthians-300x265.webp 300w, https:\/\/www.gaveanews.com\/wp-content\/uploads\/Fagner-em-acao-pelo-Corinthians-475x420.webp 475w, https:\/\/www.gaveanews.com\/wp-content\/uploads\/Fagner-em-acao-pelo-Corinthians-100x88.webp 100w\" sizes=\"auto, (max-width: 594px) 100vw, 594px\" \/><figcaption class=\"wp-element-caption\">Fagner em a\u00e7\u00e3o pelo Corinthians (Foto: Rodrigo Coca\/Ag\u00eancia Corinthians)<\/figcaption><\/figure>\n\n\n\n<p>Com um elenco refor\u00e7ado por nomes de peso como Dudu, Gabigol e Bolasie, Fagner acredita que o Cruzeiro tem potencial para competir em alto n\u00edvel. Ele ressaltou a sede de vencer presente no grupo, destacando que jogadores vencedores podem inspirar aqueles que ainda n\u00e3o conquistaram t\u00edtulos a buscarem mais trof\u00e9us.<\/p>\n\n\n\n<p>Fagner, que acumula conquistas importantes em sua carreira pelo Corinthians, agora mira em repetir esse sucesso com a camisa do Cruzeiro, apostando na uni\u00e3o e na qualidade do time para alcan\u00e7ar grandes resultados no cen\u00e1rio nacional e internacional.<\/p>\n\n\n\n<h2 class=\"wp-block-heading\" id=\"h-situacao-de-andreas\">Situa\u00e7\u00e3o de Andreas<\/h2>\n\n\n\n<p>O t\u00e9cnico do Fulham, Marco Silva, negou que o clube esteja negociando a transfer\u00eancia de Andreas Pereira para o Palmeiras, refutando rumores de um suposto acordo. Ele afirmou que Andreas \u00e9 um jogador importante para a equipe inglesa e que n\u00e3o houve aumento de oferta ou movimenta\u00e7\u00f5es recentes para uma poss\u00edvel negocia\u00e7\u00e3o. Marco Silva enfatizou que o Fulham segue focado no trabalho com o elenco atual <strong><a href=\"https:\/\/www.gaveanews.com\/index.php\/2025\/01\/13\/tecnico-do-fulham-e-sincero-ao-falar-sobre-andreas-pereira-no-palmeiras\/\">(leia a mat\u00e9ria completa).<\/a><\/strong><\/p>\n\n\n\n<figure class=\"wp-block-image size-full\"><img loading=\"lazy\" decoding=\"async\" width=\"1024\" height=\"683\" src=\"https:\/\/www.gaveanews.com\/wp-content\/uploads\/andreas-pereira-fulham-flamengo.webp\" alt=\"\" class=\"wp-image-95985\" srcset=\"https:\/\/www.gaveanews.com\/wp-content\/uploads\/andreas-pereira-fulham-flamengo.webp 1024w, https:\/\/www.gaveanews.com\/wp-content\/uploads\/andreas-pereira-fulham-flamengo-300x200.webp 300w, https:\/\/www.gaveanews.com\/wp-content\/uploads\/andreas-pereira-fulham-flamengo-768x512.webp 768w, https:\/\/www.gaveanews.com\/wp-content\/uploads\/andreas-pereira-fulham-flamengo-630x420.webp 630w, https:\/\/www.gaveanews.com\/wp-content\/uploads\/andreas-pereira-fulham-flamengo-640x427.webp 640w, https:\/\/www.gaveanews.com\/wp-content\/uploads\/andreas-pereira-fulham-flamengo-681x454.webp 681w, https:\/\/www.gaveanews.com\/wp-content\/uploads\/andreas-pereira-fulham-flamengo-1022x683.webp 1022w, https:\/\/www.gaveanews.com\/wp-content\/uploads\/andreas-pereira-fulham-flamengo-100x67.webp 100w\" sizes=\"auto, (max-width: 1024px) 100vw, 1024px\" \/><figcaption class=\"wp-element-caption\">Andreas Pereira em a\u00e7\u00e3o pelo Fulham (Foto: Divulga\u00e7\u00e3o)<\/figcaption><\/figure>\n\n\n\n<p>Apesar disso, h\u00e1 informa\u00e7\u00f5es de que o Palmeiras teria um princ\u00edpio de acordo com Andreas Pereira, mas ainda aguarda uma resposta oficial do Fulham. A especula\u00e7\u00e3o ganhou destaque devido ao interesse do Palmeiras em refor\u00e7ar seu elenco com o meio-campista brasileiro, envolvendo at\u00e9 a possibilidade de incluir jogadores na transa\u00e7\u00e3o.<\/p>\n\n\n\n<p>O Palmeiras estreia no Paulist\u00e3o 2025 contra a Portuguesa, enquanto segue monitorando oportunidades no mercado de transfer\u00eancias. Andreas Pereira, por sua vez, permanece como pe\u00e7a-chave no esquema de Marco Silva no Fulham, indicando que sua sa\u00edda imediata \u00e9 improv\u00e1vel.<\/p>\n","protected":false},"excerpt":{"rendered":"<p>Nas \u00faltimas horas, o foco das not\u00edcias sobre o Palmeiras se concentram nos bastidores doclube, com destaques do dia a dia do time. Por conta deste contexto, leia abaixo um resumo preparado pela equipe do portal G\u00e1vea News para lhe manter muito bem informado! Recado de Leila Pereira Leila Pereira, presidente do Palmeiras, voltou a [&hellip;]<\/p>\n","protected":false},"author":27,"featured_media":155182,"comment_status":"open","ping_status":"closed","sticky":false,"template":"","format":"standard","meta":{"footnotes":""},"categories":[150],"tags":[],"class_list":["post-214859","post","type-post","status-publish","format-standard","has-post-thumbnail","hentry","category-palmeiras"],"yoast_head":"<!-- This site is optimized with the Yoast SEO Premium plugin v24.2 (Yoast SEO v26.9) - https:\/\/yoast.com\/product\/yoast-seo-premium-wordpress\/ -->\n<title>Situa\u00e7\u00e3o de Andreas, declara\u00e7\u00e3o de Fagner e recado de Leila Pereira: as \u00faltimas not\u00edcias do Palmeiras<\/title>\n<meta name=\"robots\" content=\"index, follow, max-snippet:-1, max-image-preview:large, max-video-preview:-1\" \/>\n<link rel=\"canonical\" href=\"https:\/\/www.gaveanews.com\/index.php\/2025\/01\/19\/situacao-de-andreas-declaracao-de-fagner-e-recado-de-leila-pereira-as-ultimas-noticias-do-palmeiras\/\" \/>\n<meta property=\"og:locale\" content=\"pt_BR\" \/>\n<meta property=\"og:type\" content=\"article\" \/>\n<meta property=\"og:title\" content=\"Situa\u00e7\u00e3o de Andreas, declara\u00e7\u00e3o de Fagner e recado de Leila Pereira: as \u00faltimas not\u00edcias do Palmeiras\" \/>\n<meta property=\"og:description\" content=\"Nas \u00faltimas horas, o foco das not\u00edcias sobre o Palmeiras se concentram nos bastidores doclube, com destaques do dia a dia do time. Por conta deste contexto, leia abaixo um resumo preparado pela equipe do portal G\u00e1vea News para lhe manter muito bem informado! Recado de Leila Pereira Leila Pereira, presidente do Palmeiras, voltou a [&hellip;]\" \/>\n<meta property=\"og:url\" content=\"https:\/\/www.gaveanews.com\/index.php\/2025\/01\/19\/situacao-de-andreas-declaracao-de-fagner-e-recado-de-leila-pereira-as-ultimas-noticias-do-palmeiras\/\" \/>\n<meta property=\"og:site_name\" content=\"G\u00e1vea News\" \/>\n<meta property=\"article:publisher\" content=\"https:\/\/facebook.com\/gaveaNews\/\" \/>\n<meta property=\"article:published_time\" content=\"2025-01-19T21:25:00+00:00\" \/>\n<meta property=\"og:image\" content=\"https:\/\/www.gaveanews.com\/wp-content\/uploads\/Allianz-Parque-estadio-do-Palmeiras.webp\" \/>\n\t<meta property=\"og:image:width\" content=\"1023\" \/>\n\t<meta property=\"og:image:height\" content=\"767\" \/>\n\t<meta property=\"og:image:type\" content=\"image\/webp\" \/>\n<meta name=\"author\" content=\"Matheus Felipe\" \/>\n<meta name=\"twitter:card\" content=\"summary_large_image\" \/>\n<meta name=\"twitter:label1\" content=\"Escrito por\" \/>\n\t<meta name=\"twitter:data1\" content=\"Matheus Felipe\" \/>\n\t<meta name=\"twitter:label2\" content=\"Est. tempo de leitura\" \/>\n\t<meta name=\"twitter:data2\" content=\"5 minutos\" \/>\n<script type=\"application\/ld+json\" class=\"yoast-schema-graph\">{\"@context\":\"https:\/\/schema.org\",\"@graph\":[{\"@type\":\"NewsArticle\",\"@id\":\"https:\/\/www.gaveanews.com\/index.php\/2025\/01\/19\/situacao-de-andreas-declaracao-de-fagner-e-recado-de-leila-pereira-as-ultimas-noticias-do-palmeiras\/#article\",\"isPartOf\":{\"@id\":\"https:\/\/www.gaveanews.com\/index.php\/2025\/01\/19\/situacao-de-andreas-declaracao-de-fagner-e-recado-de-leila-pereira-as-ultimas-noticias-do-palmeiras\/\"},\"author\":{\"name\":\"Matheus Felipe\",\"@id\":\"https:\/\/www.gaveanews.com\/#\/schema\/person\/8207cd4627f56151707418bfc835b2fb\"},\"headline\":\"Situa\u00e7\u00e3o de Andreas, declara\u00e7\u00e3o de Fagner e recado de Leila Pereira: as \u00faltimas not\u00edcias do Palmeiras\",\"datePublished\":\"2025-01-19T21:25:00+00:00\",\"mainEntityOfPage\":{\"@id\":\"https:\/\/www.gaveanews.com\/index.php\/2025\/01\/19\/situacao-de-andreas-declaracao-de-fagner-e-recado-de-leila-pereira-as-ultimas-noticias-do-palmeiras\/\"},\"wordCount\":654,\"commentCount\":0,\"image\":{\"@id\":\"https:\/\/www.gaveanews.com\/index.php\/2025\/01\/19\/situacao-de-andreas-declaracao-de-fagner-e-recado-de-leila-pereira-as-ultimas-noticias-do-palmeiras\/#primaryimage\"},\"thumbnailUrl\":\"https:\/\/www.gaveanews.com\/wp-content\/uploads\/Allianz-Parque-estadio-do-Palmeiras.webp\",\"articleSection\":[\"Palmeiras\"],\"inLanguage\":\"pt-BR\",\"potentialAction\":[{\"@type\":\"CommentAction\",\"name\":\"Comment\",\"target\":[\"https:\/\/www.gaveanews.com\/index.php\/2025\/01\/19\/situacao-de-andreas-declaracao-de-fagner-e-recado-de-leila-pereira-as-ultimas-noticias-do-palmeiras\/#respond\"]}],\"copyrightYear\":\"2025\",\"copyrightHolder\":{\"@id\":\"https:\/\/www.gaveanews.com\/#organization\"}},{\"@type\":\"WebPage\",\"@id\":\"https:\/\/www.gaveanews.com\/index.php\/2025\/01\/19\/situacao-de-andreas-declaracao-de-fagner-e-recado-de-leila-pereira-as-ultimas-noticias-do-palmeiras\/\",\"url\":\"https:\/\/www.gaveanews.com\/index.php\/2025\/01\/19\/situacao-de-andreas-declaracao-de-fagner-e-recado-de-leila-pereira-as-ultimas-noticias-do-palmeiras\/\",\"name\":\"Situa\u00e7\u00e3o de Andreas, declara\u00e7\u00e3o de Fagner e recado de Leila Pereira: as \u00faltimas not\u00edcias do Palmeiras\",\"isPartOf\":{\"@id\":\"https:\/\/www.gaveanews.com\/#website\"},\"primaryImageOfPage\":{\"@id\":\"https:\/\/www.gaveanews.com\/index.php\/2025\/01\/19\/situacao-de-andreas-declaracao-de-fagner-e-recado-de-leila-pereira-as-ultimas-noticias-do-palmeiras\/#primaryimage\"},\"image\":{\"@id\":\"https:\/\/www.gaveanews.com\/index.php\/2025\/01\/19\/situacao-de-andreas-declaracao-de-fagner-e-recado-de-leila-pereira-as-ultimas-noticias-do-palmeiras\/#primaryimage\"},\"thumbnailUrl\":\"https:\/\/www.gaveanews.com\/wp-content\/uploads\/Allianz-Parque-estadio-do-Palmeiras.webp\",\"datePublished\":\"2025-01-19T21:25:00+00:00\",\"author\":{\"@id\":\"https:\/\/www.gaveanews.com\/#\/schema\/person\/8207cd4627f56151707418bfc835b2fb\"},\"breadcrumb\":{\"@id\":\"https:\/\/www.gaveanews.com\/index.php\/2025\/01\/19\/situacao-de-andreas-declaracao-de-fagner-e-recado-de-leila-pereira-as-ultimas-noticias-do-palmeiras\/#breadcrumb\"},\"inLanguage\":\"pt-BR\",\"potentialAction\":[{\"@type\":\"ReadAction\",\"target\":[\"https:\/\/www.gaveanews.com\/index.php\/2025\/01\/19\/situacao-de-andreas-declaracao-de-fagner-e-recado-de-leila-pereira-as-ultimas-noticias-do-palmeiras\/\"]}]},{\"@type\":\"ImageObject\",\"inLanguage\":\"pt-BR\",\"@id\":\"https:\/\/www.gaveanews.com\/index.php\/2025\/01\/19\/situacao-de-andreas-declaracao-de-fagner-e-recado-de-leila-pereira-as-ultimas-noticias-do-palmeiras\/#primaryimage\",\"url\":\"https:\/\/www.gaveanews.com\/wp-content\/uploads\/Allianz-Parque-estadio-do-Palmeiras.webp\",\"contentUrl\":\"https:\/\/www.gaveanews.com\/wp-content\/uploads\/Allianz-Parque-estadio-do-Palmeiras.webp\",\"width\":1023,\"height\":767,\"caption\":\"Allianz Parque, est\u00e1dio do Palmeiras (Foto: Reprodu\u00e7\u00e3o\/Palmeiras)\"},{\"@type\":\"BreadcrumbList\",\"@id\":\"https:\/\/www.gaveanews.com\/index.php\/2025\/01\/19\/situacao-de-andreas-declaracao-de-fagner-e-recado-de-leila-pereira-as-ultimas-noticias-do-palmeiras\/#breadcrumb\",\"itemListElement\":[{\"@type\":\"ListItem\",\"position\":1,\"name\":\"Home\",\"item\":\"https:\/\/www.gaveanews.com\/\"},{\"@type\":\"ListItem\",\"position\":2,\"name\":\"Situa\u00e7\u00e3o de Andreas, declara\u00e7\u00e3o de Fagner e recado de Leila Pereira: as \u00faltimas not\u00edcias do Palmeiras\"}]},{\"@type\":\"WebSite\",\"@id\":\"https:\/\/www.gaveanews.com\/#website\",\"url\":\"https:\/\/www.gaveanews.com\/\",\"name\":\"G\u00e1vea News\",\"description\":\"Veja todas as not\u00edcias sobre o Flamengo: Contrata\u00e7\u00f5es, categorias de base, resultados das partidas, tabela de classifica\u00e7\u00e3o, pr\u00f3ximos jogos!\",\"potentialAction\":[{\"@type\":\"SearchAction\",\"target\":{\"@type\":\"EntryPoint\",\"urlTemplate\":\"https:\/\/www.gaveanews.com\/?s={search_term_string}\"},\"query-input\":{\"@type\":\"PropertyValueSpecification\",\"valueRequired\":true,\"valueName\":\"search_term_string\"}}],\"inLanguage\":\"pt-BR\"},{\"@type\":\"Person\",\"@id\":\"https:\/\/www.gaveanews.com\/#\/schema\/person\/8207cd4627f56151707418bfc835b2fb\",\"name\":\"Matheus Felipe\",\"image\":{\"@type\":\"ImageObject\",\"inLanguage\":\"pt-BR\",\"@id\":\"https:\/\/www.gaveanews.com\/#\/schema\/person\/image\/\",\"url\":\"https:\/\/secure.gravatar.com\/avatar\/a452ffbed9130f726358b298bb3a99ce4bd3c5338411f8440e87e14d74c7c087?s=96&d=mm&r=g\",\"contentUrl\":\"https:\/\/secure.gravatar.com\/avatar\/a452ffbed9130f726358b298bb3a99ce4bd3c5338411f8440e87e14d74c7c087?s=96&d=mm&r=g\",\"caption\":\"Matheus Felipe\"}}]}<\/script>\n<!-- \/ Yoast SEO Premium plugin. -->","yoast_head_json":{"title":"Situa\u00e7\u00e3o de Andreas, declara\u00e7\u00e3o de Fagner e recado de Leila Pereira: as \u00faltimas not\u00edcias do Palmeiras","robots":{"index":"index","follow":"follow","max-snippet":"max-snippet:-1","max-image-preview":"max-image-preview:large","max-video-preview":"max-video-preview:-1"},"canonical":"https:\/\/www.gaveanews.com\/index.php\/2025\/01\/19\/situacao-de-andreas-declaracao-de-fagner-e-recado-de-leila-pereira-as-ultimas-noticias-do-palmeiras\/","og_locale":"pt_BR","og_type":"article","og_title":"Situa\u00e7\u00e3o de Andreas, declara\u00e7\u00e3o de Fagner e recado de Leila Pereira: as \u00faltimas not\u00edcias do Palmeiras","og_description":"Nas \u00faltimas horas, o foco das not\u00edcias sobre o Palmeiras se concentram nos bastidores doclube, com destaques do dia a dia do time. Por conta deste contexto, leia abaixo um resumo preparado pela equipe do portal G\u00e1vea News para lhe manter muito bem informado! Recado de Leila Pereira Leila Pereira, presidente do Palmeiras, voltou a [&hellip;]","og_url":"https:\/\/www.gaveanews.com\/index.php\/2025\/01\/19\/situacao-de-andreas-declaracao-de-fagner-e-recado-de-leila-pereira-as-ultimas-noticias-do-palmeiras\/","og_site_name":"G\u00e1vea News","article_publisher":"https:\/\/facebook.com\/gaveaNews\/","article_published_time":"2025-01-19T21:25:00+00:00","og_image":[{"width":1023,"height":767,"url":"https:\/\/www.gaveanews.com\/wp-content\/uploads\/Allianz-Parque-estadio-do-Palmeiras.webp","type":"image\/webp"}],"author":"Matheus Felipe","twitter_card":"summary_large_image","twitter_misc":{"Escrito por":"Matheus Felipe","Est. tempo de leitura":"5 minutos"},"schema":{"@context":"https:\/\/schema.org","@graph":[{"@type":"NewsArticle","@id":"https:\/\/www.gaveanews.com\/index.php\/2025\/01\/19\/situacao-de-andreas-declaracao-de-fagner-e-recado-de-leila-pereira-as-ultimas-noticias-do-palmeiras\/#article","isPartOf":{"@id":"https:\/\/www.gaveanews.com\/index.php\/2025\/01\/19\/situacao-de-andreas-declaracao-de-fagner-e-recado-de-leila-pereira-as-ultimas-noticias-do-palmeiras\/"},"author":{"name":"Matheus Felipe","@id":"https:\/\/www.gaveanews.com\/#\/schema\/person\/8207cd4627f56151707418bfc835b2fb"},"headline":"Situa\u00e7\u00e3o de Andreas, declara\u00e7\u00e3o de Fagner e recado de Leila Pereira: as \u00faltimas not\u00edcias do Palmeiras","datePublished":"2025-01-19T21:25:00+00:00","mainEntityOfPage":{"@id":"https:\/\/www.gaveanews.com\/index.php\/2025\/01\/19\/situacao-de-andreas-declaracao-de-fagner-e-recado-de-leila-pereira-as-ultimas-noticias-do-palmeiras\/"},"wordCount":654,"commentCount":0,"image":{"@id":"https:\/\/www.gaveanews.com\/index.php\/2025\/01\/19\/situacao-de-andreas-declaracao-de-fagner-e-recado-de-leila-pereira-as-ultimas-noticias-do-palmeiras\/#primaryimage"},"thumbnailUrl":"https:\/\/www.gaveanews.com\/wp-content\/uploads\/Allianz-Parque-estadio-do-Palmeiras.webp","articleSection":["Palmeiras"],"inLanguage":"pt-BR","potentialAction":[{"@type":"CommentAction","name":"Comment","target":["https:\/\/www.gaveanews.com\/index.php\/2025\/01\/19\/situacao-de-andreas-declaracao-de-fagner-e-recado-de-leila-pereira-as-ultimas-noticias-do-palmeiras\/#respond"]}],"copyrightYear":"2025","copyrightHolder":{"@id":"https:\/\/www.gaveanews.com\/#organization"}},{"@type":"WebPage","@id":"https:\/\/www.gaveanews.com\/index.php\/2025\/01\/19\/situacao-de-andreas-declaracao-de-fagner-e-recado-de-leila-pereira-as-ultimas-noticias-do-palmeiras\/","url":"https:\/\/www.gaveanews.com\/index.php\/2025\/01\/19\/situacao-de-andreas-declaracao-de-fagner-e-recado-de-leila-pereira-as-ultimas-noticias-do-palmeiras\/","name":"Situa\u00e7\u00e3o de Andreas, declara\u00e7\u00e3o de Fagner e recado de Leila Pereira: as \u00faltimas not\u00edcias do Palmeiras","isPartOf":{"@id":"https:\/\/www.gaveanews.com\/#website"},"primaryImageOfPage":{"@id":"https:\/\/www.gaveanews.com\/index.php\/2025\/01\/19\/situacao-de-andreas-declaracao-de-fagner-e-recado-de-leila-pereira-as-ultimas-noticias-do-palmeiras\/#primaryimage"},"image":{"@id":"https:\/\/www.gaveanews.com\/index.php\/2025\/01\/19\/situacao-de-andreas-declaracao-de-fagner-e-recado-de-leila-pereira-as-ultimas-noticias-do-palmeiras\/#primaryimage"},"thumbnailUrl":"https:\/\/www.gaveanews.com\/wp-content\/uploads\/Allianz-Parque-estadio-do-Palmeiras.webp","datePublished":"2025-01-19T21:25:00+00:00","author":{"@id":"https:\/\/www.gaveanews.com\/#\/schema\/person\/8207cd4627f56151707418bfc835b2fb"},"breadcrumb":{"@id":"https:\/\/www.gaveanews.com\/index.php\/2025\/01\/19\/situacao-de-andreas-declaracao-de-fagner-e-recado-de-leila-pereira-as-ultimas-noticias-do-palmeiras\/#breadcrumb"},"inLanguage":"pt-BR","potentialAction":[{"@type":"ReadAction","target":["https:\/\/www.gaveanews.com\/index.php\/2025\/01\/19\/situacao-de-andreas-declaracao-de-fagner-e-recado-de-leila-pereira-as-ultimas-noticias-do-palmeiras\/"]}]},{"@type":"ImageObject","inLanguage":"pt-BR","@id":"https:\/\/www.gaveanews.com\/index.php\/2025\/01\/19\/situacao-de-andreas-declaracao-de-fagner-e-recado-de-leila-pereira-as-ultimas-noticias-do-palmeiras\/#primaryimage","url":"https:\/\/www.gaveanews.com\/wp-content\/uploads\/Allianz-Parque-estadio-do-Palmeiras.webp","contentUrl":"https:\/\/www.gaveanews.com\/wp-content\/uploads\/Allianz-Parque-estadio-do-Palmeiras.webp","width":1023,"height":767,"caption":"Allianz Parque, est\u00e1dio do Palmeiras (Foto: Reprodu\u00e7\u00e3o\/Palmeiras)"},{"@type":"BreadcrumbList","@id":"https:\/\/www.gaveanews.com\/index.php\/2025\/01\/19\/situacao-de-andreas-declaracao-de-fagner-e-recado-de-leila-pereira-as-ultimas-noticias-do-palmeiras\/#breadcrumb","itemListElement":[{"@type":"ListItem","position":1,"name":"Home","item":"https:\/\/www.gaveanews.com\/"},{"@type":"ListItem","position":2,"name":"Situa\u00e7\u00e3o de Andreas, declara\u00e7\u00e3o de Fagner e recado de Leila Pereira: as \u00faltimas not\u00edcias do Palmeiras"}]},{"@type":"WebSite","@id":"https:\/\/www.gaveanews.com\/#website","url":"https:\/\/www.gaveanews.com\/","name":"G\u00e1vea News","description":"Veja todas as not\u00edcias sobre o Flamengo: Contrata\u00e7\u00f5es, categorias de base, resultados das partidas, tabela de classifica\u00e7\u00e3o, pr\u00f3ximos jogos!","potentialAction":[{"@type":"SearchAction","target":{"@type":"EntryPoint","urlTemplate":"https:\/\/www.gaveanews.com\/?s={search_term_string}"},"query-input":{"@type":"PropertyValueSpecification","valueRequired":true,"valueName":"search_term_string"}}],"inLanguage":"pt-BR"},{"@type":"Person","@id":"https:\/\/www.gaveanews.com\/#\/schema\/person\/8207cd4627f56151707418bfc835b2fb","name":"Matheus Felipe","image":{"@type":"ImageObject","inLanguage":"pt-BR","@id":"https:\/\/www.gaveanews.com\/#\/schema\/person\/image\/","url":"https:\/\/secure.gravatar.com\/avatar\/a452ffbed9130f726358b298bb3a99ce4bd3c5338411f8440e87e14d74c7c087?s=96&d=mm&r=g","contentUrl":"https:\/\/secure.gravatar.com\/avatar\/a452ffbed9130f726358b298bb3a99ce4bd3c5338411f8440e87e14d74c7c087?s=96&d=mm&r=g","caption":"Matheus Felipe"}}]}},"_links":{"self":[{"href":"https:\/\/www.gaveanews.com\/index.php\/wp-json\/wp\/v2\/posts\/214859","targetHints":{"allow":["GET"]}}],"collection":[{"href":"https:\/\/www.gaveanews.com\/index.php\/wp-json\/wp\/v2\/posts"}],"about":[{"href":"https:\/\/www.gaveanews.com\/index.php\/wp-json\/wp\/v2\/types\/post"}],"author":[{"embeddable":true,"href":"https:\/\/www.gaveanews.com\/index.php\/wp-json\/wp\/v2\/users\/27"}],"replies":[{"embeddable":true,"href":"https:\/\/www.gaveanews.com\/index.php\/wp-json\/wp\/v2\/comments?post=214859"}],"version-history":[{"count":1,"href":"https:\/\/www.gaveanews.com\/index.php\/wp-json\/wp\/v2\/posts\/214859\/revisions"}],"predecessor-version":[{"id":214860,"href":"https:\/\/www.gaveanews.com\/index.php\/wp-json\/wp\/v2\/posts\/214859\/revisions\/214860"}],"wp:featuredmedia":[{"embeddable":true,"href":"https:\/\/www.gaveanews.com\/index.php\/wp-json\/wp\/v2\/media\/155182"}],"wp:attachment":[{"href":"https:\/\/www.gaveanews.com\/index.php\/wp-json\/wp\/v2\/media?parent=214859"}],"wp:term":[{"taxonomy":"category","embeddable":true,"href":"https:\/\/www.gaveanews.com\/index.php\/wp-json\/wp\/v2\/categories?post=214859"},{"taxonomy":"post_tag","embeddable":true,"href":"https:\/\/www.gaveanews.com\/index.php\/wp-json\/wp\/v2\/tags?post=214859"}],"curies":[{"name":"wp","href":"https:\/\/api.w.org\/{rel}","templated":true}]}}