{"id":215016,"date":"2025-01-20T03:25:00","date_gmt":"2025-01-20T06:25:00","guid":{"rendered":"https:\/\/www.gaveanews.com\/?p=215016"},"modified":"2025-01-20T02:02:07","modified_gmt":"2025-01-20T05:02:07","slug":"a-declaracao-de-pedro-caixinha-sobre-o-classico-contra-o-palmeiras","status":"publish","type":"post","link":"https:\/\/www.gaveanews.com\/index.php\/2025\/01\/20\/a-declaracao-de-pedro-caixinha-sobre-o-classico-contra-o-palmeiras\/","title":{"rendered":"A declara\u00e7\u00e3o de Pedro Caixinha sobre o cl\u00e1ssico contra o Palmeiras"},"content":{"rendered":"\n<h2 class=\"wp-block-heading\" id=\"h-pedro-caixinha-cobra-mentalidade-forte-do-santos-antes-de-classico-contra-o-palmeiras\">Pedro Caixinha cobra mentalidade forte do Santos antes de cl\u00e1ssico contra o Palmeiras<\/h2>\n\n\n\n<p>O t\u00e9cnico Pedro Caixinha avaliou o desempenho do Santos no empate em 1 a 1 com a Ponte Preta, neste domingo (21), no Mois\u00e9s Lucarelli, e projetou o cl\u00e1ssico contra o Palmeiras, na quarta-feira (24), na Vila Belmiro, pela terceira rodada do Campeonato Paulista. Para o portugu\u00eas, a equipe precisa desenvolver uma mentalidade mais forte para manter regularidade ao longo dos jogos.<\/p>\n\n\n\n<ul class=\"wp-block-list\">\n<li><a href=\"https:\/\/www.gaveanews.com\/index.php\/2025\/01\/19\/adeus-atacante-vai-deixar-o-santos\/\">Adeus! Atacante vai deixar o Santos<\/a><\/li>\n\n\n\n<li><a href=\"https:\/\/www.gaveanews.com\/index.php\/2025\/01\/19\/santos-acerta-a-contratacao-de-neymar\/\">Santos acerta a contrata\u00e7\u00e3o de Neymar<\/a><\/li>\n<\/ul>\n\n\n\n<p>A atua\u00e7\u00e3o do Santos no primeiro tempo contra a Ponte Preta desagradou Caixinha, que viu seu time ser dominado pelo advers\u00e1rio. No entanto, ele elogiou a rea\u00e7\u00e3o na segunda etapa e cobrou que o time tenha a mesma postura desde o in\u00edcio das partidas.<\/p>\n\n\n\n<p>\u201cHoje, na primeira parte, eu acredito que tamb\u00e9m existia alguma dificuldade da equipe em reagir, o advers\u00e1rio ganhou todos os duelos. Mas por que reagimos na segunda parte? Por uma quest\u00e3o emocional, e \u00e9 essa mentalidade que queremos criar. \u00c0s vezes teremos que sofrer, e quanto mais vezes passarmos por isso, mais vamos aprender. Se conseguimos fazer isso no segundo tempo, por que n\u00e3o fizemos no primeiro? Normalmente, no primeiro eu teria mais condi\u00e7\u00f5es, e \u00e9 isso que eu quero que a equipe tenha\u201d, afirmou Caixinha.<\/p>\n\n\n\n<h2 class=\"wp-block-heading\" id=\"h-preparacao-para-o-classico-e-situacao-do-elenco\">Prepara\u00e7\u00e3o para o cl\u00e1ssico e situa\u00e7\u00e3o do elenco<\/h2>\n\n\n\n<p>O treinador tamb\u00e9m comentou sobre a prepara\u00e7\u00e3o do Santos para o confronto com o Palmeiras e a possibilidade de contar com refor\u00e7os no elenco. Segundo ele, dificilmente ter\u00e1 novos jogadores \u00e0 disposi\u00e7\u00e3o, e a presen\u00e7a de alguns atletas ser\u00e1 avaliada nos pr\u00f3ximos dias.<\/p>\n\n\n\n<p>\u201cPossivelmente, n\u00e3o teremos mais jogadores. Vamos ver como o Tiquinho estar\u00e1, ele tem pouco tempo de treino e diria que n\u00e3o teria condi\u00e7\u00f5es de come\u00e7ar o jogo. Vamos ver como vai ser a volta do Soteldo, que teve um entorse. Amanh\u00e3 j\u00e1 estar\u00e1 dispon\u00edvel para retornar ou, no mais tardar, na ter\u00e7a\u201d, explicou.<\/p>\n\n\n\n<p>Apesar das dificuldades f\u00edsicas de alguns atletas, Caixinha destacou que o mais importante \u00e9 a mentalidade do time para enfrentar desafios, como a busca por uma segunda vit\u00f3ria consecutiva no campeonato.<\/p>\n\n\n\n<p>\u201cMas uma coisa eu te digo: se a equipe jogar da maneira que n\u00f3s queremos e eles tamb\u00e9m querem, temos que nos preocupar com a mentalidade de ganhar. Hoje, o crescimento era tremendo, primeiro jogo fora de casa, pod\u00edamos colocar a segunda vit\u00f3ria consecutiva, o que \u00e9 muito dif\u00edcil hoje em dia. E essa mentalidade ajuda nisso\u201d, completou.<\/p>\n\n\n\n<p>O Santos soma quatro pontos no Campeonato Paulista e enfrenta o Palmeiras na Vila Belmiro nesta quarta-feira (24), \u00e0s 21h30 (de Bras\u00edlia), buscando manter a invencibilidade na competi\u00e7\u00e3o.<\/p>\n","protected":false},"excerpt":{"rendered":"<p>Pedro Caixinha cobra mentalidade forte do Santos antes de cl\u00e1ssico contra o Palmeiras O t\u00e9cnico Pedro Caixinha avaliou o desempenho do Santos no empate em 1 a 1 com a Ponte Preta, neste domingo (21), no Mois\u00e9s Lucarelli, e projetou o cl\u00e1ssico contra o Palmeiras, na quarta-feira (24), na Vila Belmiro, pela terceira rodada do [&hellip;]<\/p>\n","protected":false},"author":17,"featured_media":155280,"comment_status":"open","ping_status":"closed","sticky":false,"template":"","format":"standard","meta":{"footnotes":""},"categories":[139],"tags":[],"class_list":["post-215016","post","type-post","status-publish","format-standard","has-post-thumbnail","hentry","category-santos"],"yoast_head":"<!-- This site is optimized with the Yoast SEO Premium plugin v24.2 (Yoast SEO v26.9) - https:\/\/yoast.com\/product\/yoast-seo-premium-wordpress\/ -->\n<title>A declara\u00e7\u00e3o de Pedro Caixinha sobre o cl\u00e1ssico contra o Palmeiras<\/title>\n<meta name=\"robots\" content=\"index, follow, max-snippet:-1, max-image-preview:large, max-video-preview:-1\" \/>\n<link rel=\"canonical\" href=\"https:\/\/www.gaveanews.com\/index.php\/2025\/01\/20\/a-declaracao-de-pedro-caixinha-sobre-o-classico-contra-o-palmeiras\/\" \/>\n<meta property=\"og:locale\" content=\"pt_BR\" \/>\n<meta property=\"og:type\" content=\"article\" \/>\n<meta property=\"og:title\" content=\"A declara\u00e7\u00e3o de Pedro Caixinha sobre o cl\u00e1ssico contra o Palmeiras\" \/>\n<meta property=\"og:description\" content=\"Pedro Caixinha cobra mentalidade forte do Santos antes de cl\u00e1ssico contra o Palmeiras O t\u00e9cnico Pedro Caixinha avaliou o desempenho do Santos no empate em 1 a 1 com a Ponte Preta, neste domingo (21), no Mois\u00e9s Lucarelli, e projetou o cl\u00e1ssico contra o Palmeiras, na quarta-feira (24), na Vila Belmiro, pela terceira rodada do [&hellip;]\" \/>\n<meta property=\"og:url\" content=\"https:\/\/www.gaveanews.com\/index.php\/2025\/01\/20\/a-declaracao-de-pedro-caixinha-sobre-o-classico-contra-o-palmeiras\/\" \/>\n<meta property=\"og:site_name\" content=\"G\u00e1vea News\" \/>\n<meta property=\"article:publisher\" content=\"https:\/\/facebook.com\/gaveaNews\/\" \/>\n<meta property=\"article:published_time\" content=\"2025-01-20T06:25:00+00:00\" \/>\n<meta property=\"og:image\" content=\"https:\/\/www.gaveanews.com\/wp-content\/uploads\/redbullbragantino_1722302453979.webp\" \/>\n\t<meta property=\"og:image:width\" content=\"1440\" \/>\n\t<meta property=\"og:image:height\" content=\"1440\" \/>\n\t<meta property=\"og:image:type\" content=\"image\/jpeg\" \/>\n<meta name=\"author\" content=\"Geovanna Thomaz\" \/>\n<meta name=\"twitter:card\" content=\"summary_large_image\" \/>\n<meta name=\"twitter:label1\" content=\"Escrito por\" \/>\n\t<meta name=\"twitter:data1\" content=\"Geovanna Thomaz\" \/>\n\t<meta name=\"twitter:label2\" content=\"Est. tempo de leitura\" \/>\n\t<meta name=\"twitter:data2\" content=\"3 minutos\" \/>\n<script type=\"application\/ld+json\" class=\"yoast-schema-graph\">{\"@context\":\"https:\/\/schema.org\",\"@graph\":[{\"@type\":\"NewsArticle\",\"@id\":\"https:\/\/www.gaveanews.com\/index.php\/2025\/01\/20\/a-declaracao-de-pedro-caixinha-sobre-o-classico-contra-o-palmeiras\/#article\",\"isPartOf\":{\"@id\":\"https:\/\/www.gaveanews.com\/index.php\/2025\/01\/20\/a-declaracao-de-pedro-caixinha-sobre-o-classico-contra-o-palmeiras\/\"},\"author\":{\"name\":\"Geovanna Thomaz\",\"@id\":\"https:\/\/www.gaveanews.com\/#\/schema\/person\/f42654babcd2b2014a1a65af82b081f1\"},\"headline\":\"A declara\u00e7\u00e3o de Pedro Caixinha sobre o cl\u00e1ssico contra o Palmeiras\",\"datePublished\":\"2025-01-20T06:25:00+00:00\",\"mainEntityOfPage\":{\"@id\":\"https:\/\/www.gaveanews.com\/index.php\/2025\/01\/20\/a-declaracao-de-pedro-caixinha-sobre-o-classico-contra-o-palmeiras\/\"},\"wordCount\":480,\"commentCount\":0,\"image\":{\"@id\":\"https:\/\/www.gaveanews.com\/index.php\/2025\/01\/20\/a-declaracao-de-pedro-caixinha-sobre-o-classico-contra-o-palmeiras\/#primaryimage\"},\"thumbnailUrl\":\"https:\/\/www.gaveanews.com\/wp-content\/uploads\/redbullbragantino_1722302453979.webp\",\"articleSection\":[\"Santos\"],\"inLanguage\":\"pt-BR\",\"potentialAction\":[{\"@type\":\"CommentAction\",\"name\":\"Comment\",\"target\":[\"https:\/\/www.gaveanews.com\/index.php\/2025\/01\/20\/a-declaracao-de-pedro-caixinha-sobre-o-classico-contra-o-palmeiras\/#respond\"]}],\"copyrightYear\":\"2025\",\"copyrightHolder\":{\"@id\":\"https:\/\/www.gaveanews.com\/#organization\"}},{\"@type\":\"WebPage\",\"@id\":\"https:\/\/www.gaveanews.com\/index.php\/2025\/01\/20\/a-declaracao-de-pedro-caixinha-sobre-o-classico-contra-o-palmeiras\/\",\"url\":\"https:\/\/www.gaveanews.com\/index.php\/2025\/01\/20\/a-declaracao-de-pedro-caixinha-sobre-o-classico-contra-o-palmeiras\/\",\"name\":\"A declara\u00e7\u00e3o de Pedro Caixinha sobre o cl\u00e1ssico contra o Palmeiras\",\"isPartOf\":{\"@id\":\"https:\/\/www.gaveanews.com\/#website\"},\"primaryImageOfPage\":{\"@id\":\"https:\/\/www.gaveanews.com\/index.php\/2025\/01\/20\/a-declaracao-de-pedro-caixinha-sobre-o-classico-contra-o-palmeiras\/#primaryimage\"},\"image\":{\"@id\":\"https:\/\/www.gaveanews.com\/index.php\/2025\/01\/20\/a-declaracao-de-pedro-caixinha-sobre-o-classico-contra-o-palmeiras\/#primaryimage\"},\"thumbnailUrl\":\"https:\/\/www.gaveanews.com\/wp-content\/uploads\/redbullbragantino_1722302453979.webp\",\"datePublished\":\"2025-01-20T06:25:00+00:00\",\"author\":{\"@id\":\"https:\/\/www.gaveanews.com\/#\/schema\/person\/f42654babcd2b2014a1a65af82b081f1\"},\"breadcrumb\":{\"@id\":\"https:\/\/www.gaveanews.com\/index.php\/2025\/01\/20\/a-declaracao-de-pedro-caixinha-sobre-o-classico-contra-o-palmeiras\/#breadcrumb\"},\"inLanguage\":\"pt-BR\",\"potentialAction\":[{\"@type\":\"ReadAction\",\"target\":[\"https:\/\/www.gaveanews.com\/index.php\/2025\/01\/20\/a-declaracao-de-pedro-caixinha-sobre-o-classico-contra-o-palmeiras\/\"]}]},{\"@type\":\"ImageObject\",\"inLanguage\":\"pt-BR\",\"@id\":\"https:\/\/www.gaveanews.com\/index.php\/2025\/01\/20\/a-declaracao-de-pedro-caixinha-sobre-o-classico-contra-o-palmeiras\/#primaryimage\",\"url\":\"https:\/\/www.gaveanews.com\/wp-content\/uploads\/redbullbragantino_1722302453979.webp\",\"contentUrl\":\"https:\/\/www.gaveanews.com\/wp-content\/uploads\/redbullbragantino_1722302453979.webp\",\"width\":1440,\"height\":1440},{\"@type\":\"BreadcrumbList\",\"@id\":\"https:\/\/www.gaveanews.com\/index.php\/2025\/01\/20\/a-declaracao-de-pedro-caixinha-sobre-o-classico-contra-o-palmeiras\/#breadcrumb\",\"itemListElement\":[{\"@type\":\"ListItem\",\"position\":1,\"name\":\"Home\",\"item\":\"https:\/\/www.gaveanews.com\/\"},{\"@type\":\"ListItem\",\"position\":2,\"name\":\"A declara\u00e7\u00e3o de Pedro Caixinha sobre o cl\u00e1ssico contra o Palmeiras\"}]},{\"@type\":\"WebSite\",\"@id\":\"https:\/\/www.gaveanews.com\/#website\",\"url\":\"https:\/\/www.gaveanews.com\/\",\"name\":\"G\u00e1vea News\",\"description\":\"Veja todas as not\u00edcias sobre o Flamengo: Contrata\u00e7\u00f5es, categorias de base, resultados das partidas, tabela de classifica\u00e7\u00e3o, pr\u00f3ximos jogos!\",\"potentialAction\":[{\"@type\":\"SearchAction\",\"target\":{\"@type\":\"EntryPoint\",\"urlTemplate\":\"https:\/\/www.gaveanews.com\/?s={search_term_string}\"},\"query-input\":{\"@type\":\"PropertyValueSpecification\",\"valueRequired\":true,\"valueName\":\"search_term_string\"}}],\"inLanguage\":\"pt-BR\"},{\"@type\":\"Person\",\"@id\":\"https:\/\/www.gaveanews.com\/#\/schema\/person\/f42654babcd2b2014a1a65af82b081f1\",\"name\":\"Geovanna Thomaz\",\"image\":{\"@type\":\"ImageObject\",\"inLanguage\":\"pt-BR\",\"@id\":\"https:\/\/www.gaveanews.com\/#\/schema\/person\/image\/\",\"url\":\"https:\/\/secure.gravatar.com\/avatar\/4092073255489533afb558984b49b64268c47198af8623cc82a925ae9fb7118a?s=96&d=mm&r=g\",\"contentUrl\":\"https:\/\/secure.gravatar.com\/avatar\/4092073255489533afb558984b49b64268c47198af8623cc82a925ae9fb7118a?s=96&d=mm&r=g\",\"caption\":\"Geovanna Thomaz\"}}]}<\/script>\n<!-- \/ Yoast SEO Premium plugin. -->","yoast_head_json":{"title":"A declara\u00e7\u00e3o de Pedro Caixinha sobre o cl\u00e1ssico contra o Palmeiras","robots":{"index":"index","follow":"follow","max-snippet":"max-snippet:-1","max-image-preview":"max-image-preview:large","max-video-preview":"max-video-preview:-1"},"canonical":"https:\/\/www.gaveanews.com\/index.php\/2025\/01\/20\/a-declaracao-de-pedro-caixinha-sobre-o-classico-contra-o-palmeiras\/","og_locale":"pt_BR","og_type":"article","og_title":"A declara\u00e7\u00e3o de Pedro Caixinha sobre o cl\u00e1ssico contra o Palmeiras","og_description":"Pedro Caixinha cobra mentalidade forte do Santos antes de cl\u00e1ssico contra o Palmeiras O t\u00e9cnico Pedro Caixinha avaliou o desempenho do Santos no empate em 1 a 1 com a Ponte Preta, neste domingo (21), no Mois\u00e9s Lucarelli, e projetou o cl\u00e1ssico contra o Palmeiras, na quarta-feira (24), na Vila Belmiro, pela terceira rodada do [&hellip;]","og_url":"https:\/\/www.gaveanews.com\/index.php\/2025\/01\/20\/a-declaracao-de-pedro-caixinha-sobre-o-classico-contra-o-palmeiras\/","og_site_name":"G\u00e1vea News","article_publisher":"https:\/\/facebook.com\/gaveaNews\/","article_published_time":"2025-01-20T06:25:00+00:00","og_image":[{"width":1440,"height":1440,"url":"https:\/\/www.gaveanews.com\/wp-content\/uploads\/redbullbragantino_1722302453979.webp","type":"image\/jpeg"}],"author":"Geovanna Thomaz","twitter_card":"summary_large_image","twitter_misc":{"Escrito por":"Geovanna Thomaz","Est. tempo de leitura":"3 minutos"},"schema":{"@context":"https:\/\/schema.org","@graph":[{"@type":"NewsArticle","@id":"https:\/\/www.gaveanews.com\/index.php\/2025\/01\/20\/a-declaracao-de-pedro-caixinha-sobre-o-classico-contra-o-palmeiras\/#article","isPartOf":{"@id":"https:\/\/www.gaveanews.com\/index.php\/2025\/01\/20\/a-declaracao-de-pedro-caixinha-sobre-o-classico-contra-o-palmeiras\/"},"author":{"name":"Geovanna Thomaz","@id":"https:\/\/www.gaveanews.com\/#\/schema\/person\/f42654babcd2b2014a1a65af82b081f1"},"headline":"A declara\u00e7\u00e3o de Pedro Caixinha sobre o cl\u00e1ssico contra o Palmeiras","datePublished":"2025-01-20T06:25:00+00:00","mainEntityOfPage":{"@id":"https:\/\/www.gaveanews.com\/index.php\/2025\/01\/20\/a-declaracao-de-pedro-caixinha-sobre-o-classico-contra-o-palmeiras\/"},"wordCount":480,"commentCount":0,"image":{"@id":"https:\/\/www.gaveanews.com\/index.php\/2025\/01\/20\/a-declaracao-de-pedro-caixinha-sobre-o-classico-contra-o-palmeiras\/#primaryimage"},"thumbnailUrl":"https:\/\/www.gaveanews.com\/wp-content\/uploads\/redbullbragantino_1722302453979.webp","articleSection":["Santos"],"inLanguage":"pt-BR","potentialAction":[{"@type":"CommentAction","name":"Comment","target":["https:\/\/www.gaveanews.com\/index.php\/2025\/01\/20\/a-declaracao-de-pedro-caixinha-sobre-o-classico-contra-o-palmeiras\/#respond"]}],"copyrightYear":"2025","copyrightHolder":{"@id":"https:\/\/www.gaveanews.com\/#organization"}},{"@type":"WebPage","@id":"https:\/\/www.gaveanews.com\/index.php\/2025\/01\/20\/a-declaracao-de-pedro-caixinha-sobre-o-classico-contra-o-palmeiras\/","url":"https:\/\/www.gaveanews.com\/index.php\/2025\/01\/20\/a-declaracao-de-pedro-caixinha-sobre-o-classico-contra-o-palmeiras\/","name":"A declara\u00e7\u00e3o de Pedro Caixinha sobre o cl\u00e1ssico contra o Palmeiras","isPartOf":{"@id":"https:\/\/www.gaveanews.com\/#website"},"primaryImageOfPage":{"@id":"https:\/\/www.gaveanews.com\/index.php\/2025\/01\/20\/a-declaracao-de-pedro-caixinha-sobre-o-classico-contra-o-palmeiras\/#primaryimage"},"image":{"@id":"https:\/\/www.gaveanews.com\/index.php\/2025\/01\/20\/a-declaracao-de-pedro-caixinha-sobre-o-classico-contra-o-palmeiras\/#primaryimage"},"thumbnailUrl":"https:\/\/www.gaveanews.com\/wp-content\/uploads\/redbullbragantino_1722302453979.webp","datePublished":"2025-01-20T06:25:00+00:00","author":{"@id":"https:\/\/www.gaveanews.com\/#\/schema\/person\/f42654babcd2b2014a1a65af82b081f1"},"breadcrumb":{"@id":"https:\/\/www.gaveanews.com\/index.php\/2025\/01\/20\/a-declaracao-de-pedro-caixinha-sobre-o-classico-contra-o-palmeiras\/#breadcrumb"},"inLanguage":"pt-BR","potentialAction":[{"@type":"ReadAction","target":["https:\/\/www.gaveanews.com\/index.php\/2025\/01\/20\/a-declaracao-de-pedro-caixinha-sobre-o-classico-contra-o-palmeiras\/"]}]},{"@type":"ImageObject","inLanguage":"pt-BR","@id":"https:\/\/www.gaveanews.com\/index.php\/2025\/01\/20\/a-declaracao-de-pedro-caixinha-sobre-o-classico-contra-o-palmeiras\/#primaryimage","url":"https:\/\/www.gaveanews.com\/wp-content\/uploads\/redbullbragantino_1722302453979.webp","contentUrl":"https:\/\/www.gaveanews.com\/wp-content\/uploads\/redbullbragantino_1722302453979.webp","width":1440,"height":1440},{"@type":"BreadcrumbList","@id":"https:\/\/www.gaveanews.com\/index.php\/2025\/01\/20\/a-declaracao-de-pedro-caixinha-sobre-o-classico-contra-o-palmeiras\/#breadcrumb","itemListElement":[{"@type":"ListItem","position":1,"name":"Home","item":"https:\/\/www.gaveanews.com\/"},{"@type":"ListItem","position":2,"name":"A declara\u00e7\u00e3o de Pedro Caixinha sobre o cl\u00e1ssico contra o Palmeiras"}]},{"@type":"WebSite","@id":"https:\/\/www.gaveanews.com\/#website","url":"https:\/\/www.gaveanews.com\/","name":"G\u00e1vea News","description":"Veja todas as not\u00edcias sobre o Flamengo: Contrata\u00e7\u00f5es, categorias de base, resultados das partidas, tabela de classifica\u00e7\u00e3o, pr\u00f3ximos jogos!","potentialAction":[{"@type":"SearchAction","target":{"@type":"EntryPoint","urlTemplate":"https:\/\/www.gaveanews.com\/?s={search_term_string}"},"query-input":{"@type":"PropertyValueSpecification","valueRequired":true,"valueName":"search_term_string"}}],"inLanguage":"pt-BR"},{"@type":"Person","@id":"https:\/\/www.gaveanews.com\/#\/schema\/person\/f42654babcd2b2014a1a65af82b081f1","name":"Geovanna Thomaz","image":{"@type":"ImageObject","inLanguage":"pt-BR","@id":"https:\/\/www.gaveanews.com\/#\/schema\/person\/image\/","url":"https:\/\/secure.gravatar.com\/avatar\/4092073255489533afb558984b49b64268c47198af8623cc82a925ae9fb7118a?s=96&d=mm&r=g","contentUrl":"https:\/\/secure.gravatar.com\/avatar\/4092073255489533afb558984b49b64268c47198af8623cc82a925ae9fb7118a?s=96&d=mm&r=g","caption":"Geovanna Thomaz"}}]}},"_links":{"self":[{"href":"https:\/\/www.gaveanews.com\/index.php\/wp-json\/wp\/v2\/posts\/215016","targetHints":{"allow":["GET"]}}],"collection":[{"href":"https:\/\/www.gaveanews.com\/index.php\/wp-json\/wp\/v2\/posts"}],"about":[{"href":"https:\/\/www.gaveanews.com\/index.php\/wp-json\/wp\/v2\/types\/post"}],"author":[{"embeddable":true,"href":"https:\/\/www.gaveanews.com\/index.php\/wp-json\/wp\/v2\/users\/17"}],"replies":[{"embeddable":true,"href":"https:\/\/www.gaveanews.com\/index.php\/wp-json\/wp\/v2\/comments?post=215016"}],"version-history":[{"count":1,"href":"https:\/\/www.gaveanews.com\/index.php\/wp-json\/wp\/v2\/posts\/215016\/revisions"}],"predecessor-version":[{"id":215019,"href":"https:\/\/www.gaveanews.com\/index.php\/wp-json\/wp\/v2\/posts\/215016\/revisions\/215019"}],"wp:featuredmedia":[{"embeddable":true,"href":"https:\/\/www.gaveanews.com\/index.php\/wp-json\/wp\/v2\/media\/155280"}],"wp:attachment":[{"href":"https:\/\/www.gaveanews.com\/index.php\/wp-json\/wp\/v2\/media?parent=215016"}],"wp:term":[{"taxonomy":"category","embeddable":true,"href":"https:\/\/www.gaveanews.com\/index.php\/wp-json\/wp\/v2\/categories?post=215016"},{"taxonomy":"post_tag","embeddable":true,"href":"https:\/\/www.gaveanews.com\/index.php\/wp-json\/wp\/v2\/tags?post=215016"}],"curies":[{"name":"wp","href":"https:\/\/api.w.org\/{rel}","templated":true}]}}