{"id":215058,"date":"2025-01-20T03:55:00","date_gmt":"2025-01-20T06:55:00","guid":{"rendered":"https:\/\/www.gaveanews.com\/?p=215058"},"modified":"2025-01-20T02:09:58","modified_gmt":"2025-01-20T05:09:58","slug":"reforco-do-botafogo-vai-chegar-ao-rio-de-janeiro-nos-proximos-dias","status":"publish","type":"post","link":"https:\/\/www.gaveanews.com\/index.php\/2025\/01\/20\/reforco-do-botafogo-vai-chegar-ao-rio-de-janeiro-nos-proximos-dias\/","title":{"rendered":"Refor\u00e7o do Botafogo vai chegar ao Rio de Janeiro nos pr\u00f3ximos dias"},"content":{"rendered":"\n<h2 class=\"wp-block-heading\" id=\"h-artur-sera-reforco-do-botafogo-em-2025-por-10-milhoes\">Artur ser\u00e1 refor\u00e7o do Botafogo em 2025 por \u20ac 10 milh\u00f5es<\/h2>\n\n\n\n<p>O Botafogo oficializou a contrata\u00e7\u00e3o do atacante Artur para a temporada de 2025. O jogador \u00e9 esperado no Rio de Janeiro j\u00e1 na pr\u00f3xima semana, ap\u00f3s o clube acertar a compra de 80% dos seus direitos econ\u00f4micos junto ao Zenit, da R\u00fassia. O valor da negocia\u00e7\u00e3o \u00e9 de \u20ac 10 milh\u00f5es, equivalente a aproximadamente R$ 62,5 milh\u00f5es na cota\u00e7\u00e3o atual, segundo informa\u00e7\u00f5es do site \u201cGE\u201d.<\/p>\n\n\n\n<ul class=\"wp-block-list\">\n<li><a href=\"https:\/\/www.gaveanews.com\/index.php\/2025\/01\/18\/botafogo-encaminha-contratacao-de-reforco\/\">Botafogo encaminha contrata\u00e7\u00e3o de refor\u00e7o<\/a><\/li>\n\n\n\n<li><a href=\"https:\/\/www.gaveanews.com\/index.php\/2025\/01\/15\/atrasos-de-pagamentos-mais-uma-saida-e-declaracao-de-beraldo-as-ultimas-noticias-do-botafogo\/\">Atrasos de pagamentos, mais uma sa\u00edda e declara\u00e7\u00e3o de Beraldo: as \u00faltimas not\u00edcias do Botafogo<\/a><\/li>\n<\/ul>\n\n\n\n<p>Antes de fechar com o Botafogo, Artur foi alvo de uma proposta do Atl\u00e9tico-MG, mas a oferta n\u00e3o foi aceita pelo Zenit. O clube russo havia adquirido o jogador junto ao Palmeiras no in\u00edcio de 2024 por \u20ac 15 milh\u00f5es, cerca de R$ 80 milh\u00f5es \u00e0 \u00e9poca, mais \u20ac 3 milh\u00f5es adicionais por metas atingidas.<\/p>\n\n\n\n<figure class=\"wp-block-image size-full\"><img loading=\"lazy\" decoding=\"async\" width=\"795\" height=\"448\" src=\"https:\/\/www.gaveanews.com\/wp-content\/uploads\/artur-01-e1737306429983.webp\" alt=\"\" class=\"wp-image-214988\" srcset=\"https:\/\/www.gaveanews.com\/wp-content\/uploads\/artur-01-e1737306429983.webp 795w, https:\/\/www.gaveanews.com\/wp-content\/uploads\/artur-01-e1737306429983-300x169.webp 300w, https:\/\/www.gaveanews.com\/wp-content\/uploads\/artur-01-e1737306429983-768x433.webp 768w, https:\/\/www.gaveanews.com\/wp-content\/uploads\/artur-01-e1737306429983-745x420.webp 745w, https:\/\/www.gaveanews.com\/wp-content\/uploads\/artur-01-e1737306429983-640x361.webp 640w, https:\/\/www.gaveanews.com\/wp-content\/uploads\/artur-01-e1737306429983-681x384.webp 681w, https:\/\/www.gaveanews.com\/wp-content\/uploads\/artur-01-e1737306429983-100x56.webp 100w\" sizes=\"auto, (max-width: 795px) 100vw, 795px\" \/><\/figure>\n\n\n\n<p>Com caracter\u00edsticas ofensivas e experi\u00eancia no futebol brasileiro, Artur chega ao Botafogo para fortalecer o ataque da equipe. O sistema ofensivo do clube sofreu diversas baixas para a temporada, o que intensificou a busca por refor\u00e7os. A contrata\u00e7\u00e3o do ponta-direita \u00e9 vista como uma pe\u00e7a-chave para o planejamento de 2025.<\/p>\n\n\n\n<p>Artur j\u00e1 possui uma carreira consolidada no Brasil, com passagens marcantes pelo Palmeiras, Bahia e Red Bull Bragantino. No Zenit, o jogador acumulou experi\u00eancia internacional, mas agora retorna ao pa\u00eds para atuar em um dos projetos mais ambiciosos do futebol brasileiro, sob a gest\u00e3o da SAF liderada por John Textor.<\/p>\n\n\n\n<p>O atleta deve realizar os exames m\u00e9dicos e assinar contrato assim que chegar ao Rio de Janeiro. A expectativa \u00e9 que ele se integre rapidamente ao elenco e participe da pr\u00e9-temporada, ajudando o Botafogo a brigar por t\u00edtulos e se manter competitivo em 2025.<\/p>\n\n\n\n<p>A chegada de Artur demonstra a disposi\u00e7\u00e3o do Botafogo em investir em refor\u00e7os de peso para alcan\u00e7ar metas ambiciosas na pr\u00f3xima temporada. Al\u00e9m disso, refor\u00e7a a estrat\u00e9gia do clube de buscar jogadores com experi\u00eancia e potencial para agregar valor t\u00e9cnico e de mercado \u00e0 equipe.<\/p>\n","protected":false},"excerpt":{"rendered":"<p>Artur ser\u00e1 refor\u00e7o do Botafogo em 2025 por \u20ac 10 milh\u00f5es O Botafogo oficializou a contrata\u00e7\u00e3o do atacante Artur para a temporada de 2025. O jogador \u00e9 esperado no Rio de Janeiro j\u00e1 na pr\u00f3xima semana, ap\u00f3s o clube acertar a compra de 80% dos seus direitos econ\u00f4micos junto ao Zenit, da R\u00fassia. O valor [&hellip;]<\/p>\n","protected":false},"author":17,"featured_media":156132,"comment_status":"open","ping_status":"closed","sticky":false,"template":"","format":"standard","meta":{"footnotes":""},"categories":[138],"tags":[],"class_list":["post-215058","post","type-post","status-publish","format-standard","has-post-thumbnail","hentry","category-botafogo"],"yoast_head":"<!-- This site is optimized with the Yoast SEO Premium plugin v24.2 (Yoast SEO v26.9) - https:\/\/yoast.com\/product\/yoast-seo-premium-wordpress\/ -->\n<title>Refor\u00e7o do Botafogo vai chegar ao Rio de Janeiro nos pr\u00f3ximos dias<\/title>\n<meta name=\"robots\" content=\"index, follow, max-snippet:-1, max-image-preview:large, max-video-preview:-1\" \/>\n<link rel=\"canonical\" href=\"https:\/\/www.gaveanews.com\/index.php\/2025\/01\/20\/reforco-do-botafogo-vai-chegar-ao-rio-de-janeiro-nos-proximos-dias\/\" \/>\n<meta property=\"og:locale\" content=\"pt_BR\" \/>\n<meta property=\"og:type\" content=\"article\" \/>\n<meta property=\"og:title\" content=\"Refor\u00e7o do Botafogo vai chegar ao Rio de Janeiro nos pr\u00f3ximos dias\" \/>\n<meta property=\"og:description\" content=\"Artur ser\u00e1 refor\u00e7o do Botafogo em 2025 por \u20ac 10 milh\u00f5es O Botafogo oficializou a contrata\u00e7\u00e3o do atacante Artur para a temporada de 2025. O jogador \u00e9 esperado no Rio de Janeiro j\u00e1 na pr\u00f3xima semana, ap\u00f3s o clube acertar a compra de 80% dos seus direitos econ\u00f4micos junto ao Zenit, da R\u00fassia. O valor [&hellip;]\" \/>\n<meta property=\"og:url\" content=\"https:\/\/www.gaveanews.com\/index.php\/2025\/01\/20\/reforco-do-botafogo-vai-chegar-ao-rio-de-janeiro-nos-proximos-dias\/\" \/>\n<meta property=\"og:site_name\" content=\"G\u00e1vea News\" \/>\n<meta property=\"article:publisher\" content=\"https:\/\/facebook.com\/gaveaNews\/\" \/>\n<meta property=\"article:published_time\" content=\"2025-01-20T06:55:00+00:00\" \/>\n<meta property=\"og:image\" content=\"https:\/\/www.gaveanews.com\/wp-content\/uploads\/Escudo-do-Botafogo.webp\" \/>\n\t<meta property=\"og:image:width\" content=\"1053\" \/>\n\t<meta property=\"og:image:height\" content=\"702\" \/>\n\t<meta property=\"og:image:type\" content=\"image\/webp\" \/>\n<meta name=\"author\" content=\"Geovanna Thomaz\" \/>\n<meta name=\"twitter:card\" content=\"summary_large_image\" \/>\n<meta name=\"twitter:label1\" content=\"Escrito por\" \/>\n\t<meta name=\"twitter:data1\" content=\"Geovanna Thomaz\" \/>\n\t<meta name=\"twitter:label2\" content=\"Est. tempo de leitura\" \/>\n\t<meta name=\"twitter:data2\" content=\"3 minutos\" \/>\n<script type=\"application\/ld+json\" class=\"yoast-schema-graph\">{\"@context\":\"https:\/\/schema.org\",\"@graph\":[{\"@type\":\"NewsArticle\",\"@id\":\"https:\/\/www.gaveanews.com\/index.php\/2025\/01\/20\/reforco-do-botafogo-vai-chegar-ao-rio-de-janeiro-nos-proximos-dias\/#article\",\"isPartOf\":{\"@id\":\"https:\/\/www.gaveanews.com\/index.php\/2025\/01\/20\/reforco-do-botafogo-vai-chegar-ao-rio-de-janeiro-nos-proximos-dias\/\"},\"author\":{\"name\":\"Geovanna Thomaz\",\"@id\":\"https:\/\/www.gaveanews.com\/#\/schema\/person\/f42654babcd2b2014a1a65af82b081f1\"},\"headline\":\"Refor\u00e7o do Botafogo vai chegar ao Rio de Janeiro nos pr\u00f3ximos dias\",\"datePublished\":\"2025-01-20T06:55:00+00:00\",\"mainEntityOfPage\":{\"@id\":\"https:\/\/www.gaveanews.com\/index.php\/2025\/01\/20\/reforco-do-botafogo-vai-chegar-ao-rio-de-janeiro-nos-proximos-dias\/\"},\"wordCount\":375,\"commentCount\":0,\"image\":{\"@id\":\"https:\/\/www.gaveanews.com\/index.php\/2025\/01\/20\/reforco-do-botafogo-vai-chegar-ao-rio-de-janeiro-nos-proximos-dias\/#primaryimage\"},\"thumbnailUrl\":\"https:\/\/www.gaveanews.com\/wp-content\/uploads\/Escudo-do-Botafogo.webp\",\"articleSection\":[\"Botafogo\"],\"inLanguage\":\"pt-BR\",\"potentialAction\":[{\"@type\":\"CommentAction\",\"name\":\"Comment\",\"target\":[\"https:\/\/www.gaveanews.com\/index.php\/2025\/01\/20\/reforco-do-botafogo-vai-chegar-ao-rio-de-janeiro-nos-proximos-dias\/#respond\"]}],\"copyrightYear\":\"2025\",\"copyrightHolder\":{\"@id\":\"https:\/\/www.gaveanews.com\/#organization\"}},{\"@type\":\"WebPage\",\"@id\":\"https:\/\/www.gaveanews.com\/index.php\/2025\/01\/20\/reforco-do-botafogo-vai-chegar-ao-rio-de-janeiro-nos-proximos-dias\/\",\"url\":\"https:\/\/www.gaveanews.com\/index.php\/2025\/01\/20\/reforco-do-botafogo-vai-chegar-ao-rio-de-janeiro-nos-proximos-dias\/\",\"name\":\"Refor\u00e7o do Botafogo vai chegar ao Rio de Janeiro nos pr\u00f3ximos dias\",\"isPartOf\":{\"@id\":\"https:\/\/www.gaveanews.com\/#website\"},\"primaryImageOfPage\":{\"@id\":\"https:\/\/www.gaveanews.com\/index.php\/2025\/01\/20\/reforco-do-botafogo-vai-chegar-ao-rio-de-janeiro-nos-proximos-dias\/#primaryimage\"},\"image\":{\"@id\":\"https:\/\/www.gaveanews.com\/index.php\/2025\/01\/20\/reforco-do-botafogo-vai-chegar-ao-rio-de-janeiro-nos-proximos-dias\/#primaryimage\"},\"thumbnailUrl\":\"https:\/\/www.gaveanews.com\/wp-content\/uploads\/Escudo-do-Botafogo.webp\",\"datePublished\":\"2025-01-20T06:55:00+00:00\",\"author\":{\"@id\":\"https:\/\/www.gaveanews.com\/#\/schema\/person\/f42654babcd2b2014a1a65af82b081f1\"},\"breadcrumb\":{\"@id\":\"https:\/\/www.gaveanews.com\/index.php\/2025\/01\/20\/reforco-do-botafogo-vai-chegar-ao-rio-de-janeiro-nos-proximos-dias\/#breadcrumb\"},\"inLanguage\":\"pt-BR\",\"potentialAction\":[{\"@type\":\"ReadAction\",\"target\":[\"https:\/\/www.gaveanews.com\/index.php\/2025\/01\/20\/reforco-do-botafogo-vai-chegar-ao-rio-de-janeiro-nos-proximos-dias\/\"]}]},{\"@type\":\"ImageObject\",\"inLanguage\":\"pt-BR\",\"@id\":\"https:\/\/www.gaveanews.com\/index.php\/2025\/01\/20\/reforco-do-botafogo-vai-chegar-ao-rio-de-janeiro-nos-proximos-dias\/#primaryimage\",\"url\":\"https:\/\/www.gaveanews.com\/wp-content\/uploads\/Escudo-do-Botafogo.webp\",\"contentUrl\":\"https:\/\/www.gaveanews.com\/wp-content\/uploads\/Escudo-do-Botafogo.webp\",\"width\":1053,\"height\":702,\"caption\":\"Escudo do Botafogo (Foto: Reprodu\u00e7\u00e3o\/Botafogo)\"},{\"@type\":\"BreadcrumbList\",\"@id\":\"https:\/\/www.gaveanews.com\/index.php\/2025\/01\/20\/reforco-do-botafogo-vai-chegar-ao-rio-de-janeiro-nos-proximos-dias\/#breadcrumb\",\"itemListElement\":[{\"@type\":\"ListItem\",\"position\":1,\"name\":\"Home\",\"item\":\"https:\/\/www.gaveanews.com\/\"},{\"@type\":\"ListItem\",\"position\":2,\"name\":\"Refor\u00e7o do Botafogo vai chegar ao Rio de Janeiro nos pr\u00f3ximos dias\"}]},{\"@type\":\"WebSite\",\"@id\":\"https:\/\/www.gaveanews.com\/#website\",\"url\":\"https:\/\/www.gaveanews.com\/\",\"name\":\"G\u00e1vea News\",\"description\":\"Veja todas as not\u00edcias sobre o Flamengo: Contrata\u00e7\u00f5es, categorias de base, resultados das partidas, tabela de classifica\u00e7\u00e3o, pr\u00f3ximos jogos!\",\"potentialAction\":[{\"@type\":\"SearchAction\",\"target\":{\"@type\":\"EntryPoint\",\"urlTemplate\":\"https:\/\/www.gaveanews.com\/?s={search_term_string}\"},\"query-input\":{\"@type\":\"PropertyValueSpecification\",\"valueRequired\":true,\"valueName\":\"search_term_string\"}}],\"inLanguage\":\"pt-BR\"},{\"@type\":\"Person\",\"@id\":\"https:\/\/www.gaveanews.com\/#\/schema\/person\/f42654babcd2b2014a1a65af82b081f1\",\"name\":\"Geovanna Thomaz\",\"image\":{\"@type\":\"ImageObject\",\"inLanguage\":\"pt-BR\",\"@id\":\"https:\/\/www.gaveanews.com\/#\/schema\/person\/image\/\",\"url\":\"https:\/\/secure.gravatar.com\/avatar\/4092073255489533afb558984b49b64268c47198af8623cc82a925ae9fb7118a?s=96&d=mm&r=g\",\"contentUrl\":\"https:\/\/secure.gravatar.com\/avatar\/4092073255489533afb558984b49b64268c47198af8623cc82a925ae9fb7118a?s=96&d=mm&r=g\",\"caption\":\"Geovanna Thomaz\"}}]}<\/script>\n<!-- \/ Yoast SEO Premium plugin. -->","yoast_head_json":{"title":"Refor\u00e7o do Botafogo vai chegar ao Rio de Janeiro nos pr\u00f3ximos dias","robots":{"index":"index","follow":"follow","max-snippet":"max-snippet:-1","max-image-preview":"max-image-preview:large","max-video-preview":"max-video-preview:-1"},"canonical":"https:\/\/www.gaveanews.com\/index.php\/2025\/01\/20\/reforco-do-botafogo-vai-chegar-ao-rio-de-janeiro-nos-proximos-dias\/","og_locale":"pt_BR","og_type":"article","og_title":"Refor\u00e7o do Botafogo vai chegar ao Rio de Janeiro nos pr\u00f3ximos dias","og_description":"Artur ser\u00e1 refor\u00e7o do Botafogo em 2025 por \u20ac 10 milh\u00f5es O Botafogo oficializou a contrata\u00e7\u00e3o do atacante Artur para a temporada de 2025. O jogador \u00e9 esperado no Rio de Janeiro j\u00e1 na pr\u00f3xima semana, ap\u00f3s o clube acertar a compra de 80% dos seus direitos econ\u00f4micos junto ao Zenit, da R\u00fassia. O valor [&hellip;]","og_url":"https:\/\/www.gaveanews.com\/index.php\/2025\/01\/20\/reforco-do-botafogo-vai-chegar-ao-rio-de-janeiro-nos-proximos-dias\/","og_site_name":"G\u00e1vea News","article_publisher":"https:\/\/facebook.com\/gaveaNews\/","article_published_time":"2025-01-20T06:55:00+00:00","og_image":[{"width":1053,"height":702,"url":"https:\/\/www.gaveanews.com\/wp-content\/uploads\/Escudo-do-Botafogo.webp","type":"image\/webp"}],"author":"Geovanna Thomaz","twitter_card":"summary_large_image","twitter_misc":{"Escrito por":"Geovanna Thomaz","Est. tempo de leitura":"3 minutos"},"schema":{"@context":"https:\/\/schema.org","@graph":[{"@type":"NewsArticle","@id":"https:\/\/www.gaveanews.com\/index.php\/2025\/01\/20\/reforco-do-botafogo-vai-chegar-ao-rio-de-janeiro-nos-proximos-dias\/#article","isPartOf":{"@id":"https:\/\/www.gaveanews.com\/index.php\/2025\/01\/20\/reforco-do-botafogo-vai-chegar-ao-rio-de-janeiro-nos-proximos-dias\/"},"author":{"name":"Geovanna Thomaz","@id":"https:\/\/www.gaveanews.com\/#\/schema\/person\/f42654babcd2b2014a1a65af82b081f1"},"headline":"Refor\u00e7o do Botafogo vai chegar ao Rio de Janeiro nos pr\u00f3ximos dias","datePublished":"2025-01-20T06:55:00+00:00","mainEntityOfPage":{"@id":"https:\/\/www.gaveanews.com\/index.php\/2025\/01\/20\/reforco-do-botafogo-vai-chegar-ao-rio-de-janeiro-nos-proximos-dias\/"},"wordCount":375,"commentCount":0,"image":{"@id":"https:\/\/www.gaveanews.com\/index.php\/2025\/01\/20\/reforco-do-botafogo-vai-chegar-ao-rio-de-janeiro-nos-proximos-dias\/#primaryimage"},"thumbnailUrl":"https:\/\/www.gaveanews.com\/wp-content\/uploads\/Escudo-do-Botafogo.webp","articleSection":["Botafogo"],"inLanguage":"pt-BR","potentialAction":[{"@type":"CommentAction","name":"Comment","target":["https:\/\/www.gaveanews.com\/index.php\/2025\/01\/20\/reforco-do-botafogo-vai-chegar-ao-rio-de-janeiro-nos-proximos-dias\/#respond"]}],"copyrightYear":"2025","copyrightHolder":{"@id":"https:\/\/www.gaveanews.com\/#organization"}},{"@type":"WebPage","@id":"https:\/\/www.gaveanews.com\/index.php\/2025\/01\/20\/reforco-do-botafogo-vai-chegar-ao-rio-de-janeiro-nos-proximos-dias\/","url":"https:\/\/www.gaveanews.com\/index.php\/2025\/01\/20\/reforco-do-botafogo-vai-chegar-ao-rio-de-janeiro-nos-proximos-dias\/","name":"Refor\u00e7o do Botafogo vai chegar ao Rio de Janeiro nos pr\u00f3ximos dias","isPartOf":{"@id":"https:\/\/www.gaveanews.com\/#website"},"primaryImageOfPage":{"@id":"https:\/\/www.gaveanews.com\/index.php\/2025\/01\/20\/reforco-do-botafogo-vai-chegar-ao-rio-de-janeiro-nos-proximos-dias\/#primaryimage"},"image":{"@id":"https:\/\/www.gaveanews.com\/index.php\/2025\/01\/20\/reforco-do-botafogo-vai-chegar-ao-rio-de-janeiro-nos-proximos-dias\/#primaryimage"},"thumbnailUrl":"https:\/\/www.gaveanews.com\/wp-content\/uploads\/Escudo-do-Botafogo.webp","datePublished":"2025-01-20T06:55:00+00:00","author":{"@id":"https:\/\/www.gaveanews.com\/#\/schema\/person\/f42654babcd2b2014a1a65af82b081f1"},"breadcrumb":{"@id":"https:\/\/www.gaveanews.com\/index.php\/2025\/01\/20\/reforco-do-botafogo-vai-chegar-ao-rio-de-janeiro-nos-proximos-dias\/#breadcrumb"},"inLanguage":"pt-BR","potentialAction":[{"@type":"ReadAction","target":["https:\/\/www.gaveanews.com\/index.php\/2025\/01\/20\/reforco-do-botafogo-vai-chegar-ao-rio-de-janeiro-nos-proximos-dias\/"]}]},{"@type":"ImageObject","inLanguage":"pt-BR","@id":"https:\/\/www.gaveanews.com\/index.php\/2025\/01\/20\/reforco-do-botafogo-vai-chegar-ao-rio-de-janeiro-nos-proximos-dias\/#primaryimage","url":"https:\/\/www.gaveanews.com\/wp-content\/uploads\/Escudo-do-Botafogo.webp","contentUrl":"https:\/\/www.gaveanews.com\/wp-content\/uploads\/Escudo-do-Botafogo.webp","width":1053,"height":702,"caption":"Escudo do Botafogo (Foto: Reprodu\u00e7\u00e3o\/Botafogo)"},{"@type":"BreadcrumbList","@id":"https:\/\/www.gaveanews.com\/index.php\/2025\/01\/20\/reforco-do-botafogo-vai-chegar-ao-rio-de-janeiro-nos-proximos-dias\/#breadcrumb","itemListElement":[{"@type":"ListItem","position":1,"name":"Home","item":"https:\/\/www.gaveanews.com\/"},{"@type":"ListItem","position":2,"name":"Refor\u00e7o do Botafogo vai chegar ao Rio de Janeiro nos pr\u00f3ximos dias"}]},{"@type":"WebSite","@id":"https:\/\/www.gaveanews.com\/#website","url":"https:\/\/www.gaveanews.com\/","name":"G\u00e1vea News","description":"Veja todas as not\u00edcias sobre o Flamengo: Contrata\u00e7\u00f5es, categorias de base, resultados das partidas, tabela de classifica\u00e7\u00e3o, pr\u00f3ximos jogos!","potentialAction":[{"@type":"SearchAction","target":{"@type":"EntryPoint","urlTemplate":"https:\/\/www.gaveanews.com\/?s={search_term_string}"},"query-input":{"@type":"PropertyValueSpecification","valueRequired":true,"valueName":"search_term_string"}}],"inLanguage":"pt-BR"},{"@type":"Person","@id":"https:\/\/www.gaveanews.com\/#\/schema\/person\/f42654babcd2b2014a1a65af82b081f1","name":"Geovanna Thomaz","image":{"@type":"ImageObject","inLanguage":"pt-BR","@id":"https:\/\/www.gaveanews.com\/#\/schema\/person\/image\/","url":"https:\/\/secure.gravatar.com\/avatar\/4092073255489533afb558984b49b64268c47198af8623cc82a925ae9fb7118a?s=96&d=mm&r=g","contentUrl":"https:\/\/secure.gravatar.com\/avatar\/4092073255489533afb558984b49b64268c47198af8623cc82a925ae9fb7118a?s=96&d=mm&r=g","caption":"Geovanna Thomaz"}}]}},"_links":{"self":[{"href":"https:\/\/www.gaveanews.com\/index.php\/wp-json\/wp\/v2\/posts\/215058","targetHints":{"allow":["GET"]}}],"collection":[{"href":"https:\/\/www.gaveanews.com\/index.php\/wp-json\/wp\/v2\/posts"}],"about":[{"href":"https:\/\/www.gaveanews.com\/index.php\/wp-json\/wp\/v2\/types\/post"}],"author":[{"embeddable":true,"href":"https:\/\/www.gaveanews.com\/index.php\/wp-json\/wp\/v2\/users\/17"}],"replies":[{"embeddable":true,"href":"https:\/\/www.gaveanews.com\/index.php\/wp-json\/wp\/v2\/comments?post=215058"}],"version-history":[{"count":2,"href":"https:\/\/www.gaveanews.com\/index.php\/wp-json\/wp\/v2\/posts\/215058\/revisions"}],"predecessor-version":[{"id":215106,"href":"https:\/\/www.gaveanews.com\/index.php\/wp-json\/wp\/v2\/posts\/215058\/revisions\/215106"}],"wp:featuredmedia":[{"embeddable":true,"href":"https:\/\/www.gaveanews.com\/index.php\/wp-json\/wp\/v2\/media\/156132"}],"wp:attachment":[{"href":"https:\/\/www.gaveanews.com\/index.php\/wp-json\/wp\/v2\/media?parent=215058"}],"wp:term":[{"taxonomy":"category","embeddable":true,"href":"https:\/\/www.gaveanews.com\/index.php\/wp-json\/wp\/v2\/categories?post=215058"},{"taxonomy":"post_tag","embeddable":true,"href":"https:\/\/www.gaveanews.com\/index.php\/wp-json\/wp\/v2\/tags?post=215058"}],"curies":[{"name":"wp","href":"https:\/\/api.w.org\/{rel}","templated":true}]}}