{"id":215156,"date":"2025-01-20T06:57:00","date_gmt":"2025-01-20T09:57:00","guid":{"rendered":"https:\/\/www.gaveanews.com\/?p=215156"},"modified":"2025-01-20T06:57:05","modified_gmt":"2025-01-20T09:57:05","slug":"torcida-do-flamengo-detona-atuacao-de-pablo-apos-derrota-no-carioca","status":"publish","type":"post","link":"https:\/\/www.gaveanews.com\/index.php\/2025\/01\/20\/torcida-do-flamengo-detona-atuacao-de-pablo-apos-derrota-no-carioca\/","title":{"rendered":"Torcida do Flamengo detona atua\u00e7\u00e3o de Pablo ap\u00f3s derrota no Carioca"},"content":{"rendered":"\n<p>O Flamengo foi derrotado pelo Nova Igua\u00e7u por 2 a 1 no domingo (19), em jogo v\u00e1lido pela terceira rodada do Campeonato Carioca, disputado no Est\u00e1dio Castel\u00e3o, em S\u00e3o Lu\u00eds, no Maranh\u00e3o. A partida marcou mais um trope\u00e7o da equipe rubro-negra no torneio estadual, ampliando a press\u00e3o sobre o elenco alternativo escalado para a competi\u00e7\u00e3o.<\/p>\n\n\n\n<p>O zagueiro Pablo foi um dos principais alvos de cr\u00edticas dos torcedores ap\u00f3s a partida. No lance que resultou no primeiro gol do Nova Igua\u00e7u, ele se atrapalhou ao tentar interceptar um passe, deixando a bola livre para Lucas Cruz finalizar. A falha gerou uma s\u00e9rie de coment\u00e1rios negativos nas redes sociais, com questionamentos sobre o desempenho e a perman\u00eancia do jogador na equipe.<\/p>\n\n\n\n<p><strong>Confira abaixo algumas publica\u00e7\u00f5es:<\/strong><\/p>\n\n\n\n<figure class=\"wp-block-embed is-type-rich is-provider-twitter wp-block-embed-twitter\"><div class=\"wp-block-embed__wrapper\">\n<blockquote class=\"twitter-tweet\" data-width=\"550\" data-dnt=\"true\"><p lang=\"pt\" dir=\"ltr\">O Pablo se desvaloriza mais a cada jogo. O Flamengo s\u00f3 vai conseguir emprest\u00e1-lo arcando com 98% do sal\u00e1rio. <a href=\"https:\/\/t.co\/8F9qKMkvq6\">pic.twitter.com\/8F9qKMkvq6<\/a><\/p>&mdash; Jos\u00e9 Peralta (@Peralta_CRF) <a href=\"https:\/\/twitter.com\/Peralta_CRF\/status\/1881146197832012119?ref_src=twsrc%5Etfw\">January 20, 2025<\/a><\/blockquote><script async src=\"https:\/\/platform.twitter.com\/widgets.js\" charset=\"utf-8\"><\/script>\n<\/div><\/figure>\n\n\n\n<figure class=\"wp-block-embed is-type-rich is-provider-twitter wp-block-embed-twitter\"><div class=\"wp-block-embed__wrapper\">\n<blockquote class=\"twitter-tweet\" data-width=\"550\" data-dnt=\"true\"><p lang=\"pt\" dir=\"ltr\">Pablo  falha de novo , at\u00e9 quando?<\/p>&mdash; Ronaldo Coelho (@Ronaldo16789704) <a href=\"https:\/\/twitter.com\/Ronaldo16789704\/status\/1881140337143697860?ref_src=twsrc%5Etfw\">January 20, 2025<\/a><\/blockquote><script async src=\"https:\/\/platform.twitter.com\/widgets.js\" charset=\"utf-8\"><\/script>\n<\/div><\/figure>\n\n\n\n<figure class=\"wp-block-embed is-type-rich is-provider-twitter wp-block-embed-twitter\"><div class=\"wp-block-embed__wrapper\">\n<blockquote class=\"twitter-tweet\" data-width=\"550\" data-dnt=\"true\"><p lang=\"pt\" dir=\"ltr\">Sinceramente, pensando num Flamengo do n\u00edvel do Felipe Luis e ver o Pablo ainda por aqui eu me pergunto como que o universo me prega uma pe\u00e7a dessas? <a href=\"https:\/\/t.co\/WrqC34oIvx\">https:\/\/t.co\/WrqC34oIvx<\/a><\/p>&mdash; CPX Gil Duarte Mok\u014d\u00ee Ygarussu (@gilduarte) <a href=\"https:\/\/twitter.com\/gilduarte\/status\/1881144151905018011?ref_src=twsrc%5Etfw\">January 20, 2025<\/a><\/blockquote><script async src=\"https:\/\/platform.twitter.com\/widgets.js\" charset=\"utf-8\"><\/script>\n<\/div><\/figure>\n\n\n\n<figure class=\"wp-block-embed is-type-rich is-provider-twitter wp-block-embed-twitter\"><div class=\"wp-block-embed__wrapper\">\n<blockquote class=\"twitter-tweet\" data-width=\"550\" data-dnt=\"true\"><p lang=\"pt\" dir=\"ltr\">Mais uma falha bisonha do Pablo.<br><br>Parab\u00e9ns aos envolvidos!<\/p>&mdash; Mauro Ferreira (@Maurormf) <a href=\"https:\/\/twitter.com\/Maurormf\/status\/1881140109971738707?ref_src=twsrc%5Etfw\">January 20, 2025<\/a><\/blockquote><script async src=\"https:\/\/platform.twitter.com\/widgets.js\" charset=\"utf-8\"><\/script>\n<\/div><\/figure>\n\n\n\n<figure class=\"wp-block-embed is-type-rich is-provider-twitter wp-block-embed-twitter\"><div class=\"wp-block-embed__wrapper\">\n<blockquote class=\"twitter-tweet\" data-width=\"550\" data-dnt=\"true\"><p lang=\"pt\" dir=\"ltr\">N\u00e3o \u00e9 que o zagueiro Pablo n\u00e3o serve pro Flamengo, isso j\u00e1 \u00e9 fato consumado, tenho s\u00e9rias d\u00favidas se ele serve pra time de s\u00e9rie B.<br><br>Que contrata\u00e7\u00e3o bizarra de Marcos Braz, com selo Paulo Sousa de qualidade<\/p>&mdash; Jo\u00e3o (@joaohl1000) <a href=\"https:\/\/twitter.com\/joaohl1000\/status\/1881140472464511190?ref_src=twsrc%5Etfw\">January 20, 2025<\/a><\/blockquote><script async src=\"https:\/\/platform.twitter.com\/widgets.js\" charset=\"utf-8\"><\/script>\n<\/div><\/figure>\n\n\n\n<p>Pablo retornou ao Flamengo neste in\u00edcio de temporada, ap\u00f3s ter sido emprestado ao Botafogo no ano passado. Para ganhar ritmo de jogo, ele permaneceu no Rio de Janeiro e n\u00e3o viajou com o elenco principal para a pr\u00e9-temporada nos Estados Unidos. No entanto, sua atua\u00e7\u00e3o nas primeiras rodadas do Campeonato Carioca tem sido alvo de cr\u00edticas constantes.<\/p>\n\n\n\n<p>At\u00e9 o momento, o Flamengo soma um empate e duas derrotas na competi\u00e7\u00e3o, desempenho que deixou a equipe na 11\u00aa posi\u00e7\u00e3o, pr\u00f3xima \u00e0 lanterna da tabela. O baixo aproveitamento tem gerado insatisfa\u00e7\u00e3o entre os torcedores, que esperavam uma campanha mais consistente, mesmo com um time alternativo em campo.<\/p>\n\n\n\n<p>O pr\u00f3ximo desafio do Flamengo ser\u00e1 diante do Bangu, na quinta-feira (22), \u00e0s 19h (hor\u00e1rio de Bras\u00edlia), novamente no Est\u00e1dio Castel\u00e3o. A partida \u00e9 considerada decisiva para as pretens\u00f5es da equipe no torneio, j\u00e1 que o advers\u00e1rio tamb\u00e9m ocupa a parte inferior da tabela.<\/p>\n","protected":false},"excerpt":{"rendered":"<p>O Flamengo foi derrotado pelo Nova Igua\u00e7u por 2 a 1 no domingo (19), em jogo v\u00e1lido pela terceira rodada do Campeonato Carioca, disputado no Est\u00e1dio Castel\u00e3o, em S\u00e3o Lu\u00eds, no Maranh\u00e3o. A partida marcou mais um trope\u00e7o da equipe rubro-negra no torneio estadual, ampliando a press\u00e3o sobre o elenco alternativo escalado para a competi\u00e7\u00e3o. [&hellip;]<\/p>\n","protected":false},"author":1,"featured_media":81997,"comment_status":"open","ping_status":"closed","sticky":false,"template":"","format":"standard","meta":{"footnotes":""},"categories":[1],"tags":[],"class_list":["post-215156","post","type-post","status-publish","format-standard","has-post-thumbnail","hentry","category-flamengo"],"yoast_head":"<!-- This site is optimized with the Yoast SEO Premium plugin v24.2 (Yoast SEO v26.9) - https:\/\/yoast.com\/product\/yoast-seo-premium-wordpress\/ -->\n<title>Torcida do Flamengo detona atua\u00e7\u00e3o de Pablo ap\u00f3s derrota no Carioca<\/title>\n<meta name=\"robots\" content=\"index, follow, max-snippet:-1, max-image-preview:large, max-video-preview:-1\" \/>\n<link rel=\"canonical\" href=\"https:\/\/www.gaveanews.com\/index.php\/2025\/01\/20\/torcida-do-flamengo-detona-atuacao-de-pablo-apos-derrota-no-carioca\/\" \/>\n<meta property=\"og:locale\" content=\"pt_BR\" \/>\n<meta property=\"og:type\" content=\"article\" \/>\n<meta property=\"og:title\" content=\"Torcida do Flamengo detona atua\u00e7\u00e3o de Pablo ap\u00f3s derrota no Carioca\" \/>\n<meta property=\"og:description\" content=\"O Flamengo foi derrotado pelo Nova Igua\u00e7u por 2 a 1 no domingo (19), em jogo v\u00e1lido pela terceira rodada do Campeonato Carioca, disputado no Est\u00e1dio Castel\u00e3o, em S\u00e3o Lu\u00eds, no Maranh\u00e3o. A partida marcou mais um trope\u00e7o da equipe rubro-negra no torneio estadual, ampliando a press\u00e3o sobre o elenco alternativo escalado para a competi\u00e7\u00e3o. [&hellip;]\" \/>\n<meta property=\"og:url\" content=\"https:\/\/www.gaveanews.com\/index.php\/2025\/01\/20\/torcida-do-flamengo-detona-atuacao-de-pablo-apos-derrota-no-carioca\/\" \/>\n<meta property=\"og:site_name\" content=\"G\u00e1vea News\" \/>\n<meta property=\"article:publisher\" content=\"https:\/\/facebook.com\/gaveaNews\/\" \/>\n<meta property=\"article:published_time\" content=\"2025-01-20T09:57:00+00:00\" \/>\n<meta property=\"article:modified_time\" content=\"2025-01-20T09:57:05+00:00\" \/>\n<meta property=\"og:image\" content=\"https:\/\/www.gaveanews.com\/wp-content\/uploads\/Pablo-em-jogo-do-Flamengo-contra-o-Goias-pelo-Campeonato-Brasileiro.webp\" \/>\n\t<meta property=\"og:image:width\" content=\"799\" \/>\n\t<meta property=\"og:image:height\" content=\"533\" \/>\n\t<meta property=\"og:image:type\" content=\"image\/jpeg\" \/>\n<meta name=\"author\" content=\"Equipe G\u00e1vea News\" \/>\n<meta name=\"twitter:card\" content=\"summary_large_image\" \/>\n<meta name=\"twitter:label1\" content=\"Escrito por\" \/>\n\t<meta name=\"twitter:data1\" content=\"Equipe G\u00e1vea News\" \/>\n\t<meta name=\"twitter:label2\" content=\"Est. tempo de leitura\" \/>\n\t<meta name=\"twitter:data2\" content=\"2 minutos\" \/>\n<script type=\"application\/ld+json\" class=\"yoast-schema-graph\">{\"@context\":\"https:\/\/schema.org\",\"@graph\":[{\"@type\":\"NewsArticle\",\"@id\":\"https:\/\/www.gaveanews.com\/index.php\/2025\/01\/20\/torcida-do-flamengo-detona-atuacao-de-pablo-apos-derrota-no-carioca\/#article\",\"isPartOf\":{\"@id\":\"https:\/\/www.gaveanews.com\/index.php\/2025\/01\/20\/torcida-do-flamengo-detona-atuacao-de-pablo-apos-derrota-no-carioca\/\"},\"author\":{\"name\":\"Equipe G\u00e1vea News\",\"@id\":\"https:\/\/www.gaveanews.com\/#\/schema\/person\/2ec14f73fb96be2caf28f91afb14749d\"},\"headline\":\"Torcida do Flamengo detona atua\u00e7\u00e3o de Pablo ap\u00f3s derrota no Carioca\",\"datePublished\":\"2025-01-20T09:57:00+00:00\",\"dateModified\":\"2025-01-20T09:57:05+00:00\",\"mainEntityOfPage\":{\"@id\":\"https:\/\/www.gaveanews.com\/index.php\/2025\/01\/20\/torcida-do-flamengo-detona-atuacao-de-pablo-apos-derrota-no-carioca\/\"},\"wordCount\":339,\"commentCount\":0,\"image\":{\"@id\":\"https:\/\/www.gaveanews.com\/index.php\/2025\/01\/20\/torcida-do-flamengo-detona-atuacao-de-pablo-apos-derrota-no-carioca\/#primaryimage\"},\"thumbnailUrl\":\"https:\/\/www.gaveanews.com\/wp-content\/uploads\/Pablo-em-jogo-do-Flamengo-contra-o-Goias-pelo-Campeonato-Brasileiro.webp\",\"articleSection\":[\"Flamengo\"],\"inLanguage\":\"pt-BR\",\"potentialAction\":[{\"@type\":\"CommentAction\",\"name\":\"Comment\",\"target\":[\"https:\/\/www.gaveanews.com\/index.php\/2025\/01\/20\/torcida-do-flamengo-detona-atuacao-de-pablo-apos-derrota-no-carioca\/#respond\"]}],\"copyrightYear\":\"2025\",\"copyrightHolder\":{\"@id\":\"https:\/\/www.gaveanews.com\/#organization\"}},{\"@type\":\"WebPage\",\"@id\":\"https:\/\/www.gaveanews.com\/index.php\/2025\/01\/20\/torcida-do-flamengo-detona-atuacao-de-pablo-apos-derrota-no-carioca\/\",\"url\":\"https:\/\/www.gaveanews.com\/index.php\/2025\/01\/20\/torcida-do-flamengo-detona-atuacao-de-pablo-apos-derrota-no-carioca\/\",\"name\":\"Torcida do Flamengo detona atua\u00e7\u00e3o de Pablo ap\u00f3s derrota no Carioca\",\"isPartOf\":{\"@id\":\"https:\/\/www.gaveanews.com\/#website\"},\"primaryImageOfPage\":{\"@id\":\"https:\/\/www.gaveanews.com\/index.php\/2025\/01\/20\/torcida-do-flamengo-detona-atuacao-de-pablo-apos-derrota-no-carioca\/#primaryimage\"},\"image\":{\"@id\":\"https:\/\/www.gaveanews.com\/index.php\/2025\/01\/20\/torcida-do-flamengo-detona-atuacao-de-pablo-apos-derrota-no-carioca\/#primaryimage\"},\"thumbnailUrl\":\"https:\/\/www.gaveanews.com\/wp-content\/uploads\/Pablo-em-jogo-do-Flamengo-contra-o-Goias-pelo-Campeonato-Brasileiro.webp\",\"datePublished\":\"2025-01-20T09:57:00+00:00\",\"dateModified\":\"2025-01-20T09:57:05+00:00\",\"author\":{\"@id\":\"https:\/\/www.gaveanews.com\/#\/schema\/person\/2ec14f73fb96be2caf28f91afb14749d\"},\"breadcrumb\":{\"@id\":\"https:\/\/www.gaveanews.com\/index.php\/2025\/01\/20\/torcida-do-flamengo-detona-atuacao-de-pablo-apos-derrota-no-carioca\/#breadcrumb\"},\"inLanguage\":\"pt-BR\",\"potentialAction\":[{\"@type\":\"ReadAction\",\"target\":[\"https:\/\/www.gaveanews.com\/index.php\/2025\/01\/20\/torcida-do-flamengo-detona-atuacao-de-pablo-apos-derrota-no-carioca\/\"]}]},{\"@type\":\"ImageObject\",\"inLanguage\":\"pt-BR\",\"@id\":\"https:\/\/www.gaveanews.com\/index.php\/2025\/01\/20\/torcida-do-flamengo-detona-atuacao-de-pablo-apos-derrota-no-carioca\/#primaryimage\",\"url\":\"https:\/\/www.gaveanews.com\/wp-content\/uploads\/Pablo-em-jogo-do-Flamengo-contra-o-Goias-pelo-Campeonato-Brasileiro.webp\",\"contentUrl\":\"https:\/\/www.gaveanews.com\/wp-content\/uploads\/Pablo-em-jogo-do-Flamengo-contra-o-Goias-pelo-Campeonato-Brasileiro.webp\",\"width\":799,\"height\":533,\"caption\":\"Pablo em jogo do Flamengo contra o Goi\u00e1s pelo Campeonato Brasileiro (Foto: Alexandre Vidal\/Flamengo)\"},{\"@type\":\"BreadcrumbList\",\"@id\":\"https:\/\/www.gaveanews.com\/index.php\/2025\/01\/20\/torcida-do-flamengo-detona-atuacao-de-pablo-apos-derrota-no-carioca\/#breadcrumb\",\"itemListElement\":[{\"@type\":\"ListItem\",\"position\":1,\"name\":\"Home\",\"item\":\"https:\/\/www.gaveanews.com\/\"},{\"@type\":\"ListItem\",\"position\":2,\"name\":\"Torcida do Flamengo detona atua\u00e7\u00e3o de Pablo ap\u00f3s derrota no Carioca\"}]},{\"@type\":\"WebSite\",\"@id\":\"https:\/\/www.gaveanews.com\/#website\",\"url\":\"https:\/\/www.gaveanews.com\/\",\"name\":\"G\u00e1vea News\",\"description\":\"Veja todas as not\u00edcias sobre o Flamengo: Contrata\u00e7\u00f5es, categorias de base, resultados das partidas, tabela de classifica\u00e7\u00e3o, pr\u00f3ximos jogos!\",\"potentialAction\":[{\"@type\":\"SearchAction\",\"target\":{\"@type\":\"EntryPoint\",\"urlTemplate\":\"https:\/\/www.gaveanews.com\/?s={search_term_string}\"},\"query-input\":{\"@type\":\"PropertyValueSpecification\",\"valueRequired\":true,\"valueName\":\"search_term_string\"}}],\"inLanguage\":\"pt-BR\"},{\"@type\":\"Person\",\"@id\":\"https:\/\/www.gaveanews.com\/#\/schema\/person\/2ec14f73fb96be2caf28f91afb14749d\",\"name\":\"Equipe G\u00e1vea News\",\"image\":{\"@type\":\"ImageObject\",\"inLanguage\":\"pt-BR\",\"@id\":\"https:\/\/www.gaveanews.com\/#\/schema\/person\/image\/\",\"url\":\"https:\/\/secure.gravatar.com\/avatar\/1e1956f1facbffd3f8fa53a326721950116b3b9dc9bd44939c01180fd4a745a9?s=96&d=mm&r=g\",\"contentUrl\":\"https:\/\/secure.gravatar.com\/avatar\/1e1956f1facbffd3f8fa53a326721950116b3b9dc9bd44939c01180fd4a745a9?s=96&d=mm&r=g\",\"caption\":\"Equipe G\u00e1vea News\"}}]}<\/script>\n<!-- \/ Yoast SEO Premium plugin. -->","yoast_head_json":{"title":"Torcida do Flamengo detona atua\u00e7\u00e3o de Pablo ap\u00f3s derrota no Carioca","robots":{"index":"index","follow":"follow","max-snippet":"max-snippet:-1","max-image-preview":"max-image-preview:large","max-video-preview":"max-video-preview:-1"},"canonical":"https:\/\/www.gaveanews.com\/index.php\/2025\/01\/20\/torcida-do-flamengo-detona-atuacao-de-pablo-apos-derrota-no-carioca\/","og_locale":"pt_BR","og_type":"article","og_title":"Torcida do Flamengo detona atua\u00e7\u00e3o de Pablo ap\u00f3s derrota no Carioca","og_description":"O Flamengo foi derrotado pelo Nova Igua\u00e7u por 2 a 1 no domingo (19), em jogo v\u00e1lido pela terceira rodada do Campeonato Carioca, disputado no Est\u00e1dio Castel\u00e3o, em S\u00e3o Lu\u00eds, no Maranh\u00e3o. A partida marcou mais um trope\u00e7o da equipe rubro-negra no torneio estadual, ampliando a press\u00e3o sobre o elenco alternativo escalado para a competi\u00e7\u00e3o. [&hellip;]","og_url":"https:\/\/www.gaveanews.com\/index.php\/2025\/01\/20\/torcida-do-flamengo-detona-atuacao-de-pablo-apos-derrota-no-carioca\/","og_site_name":"G\u00e1vea News","article_publisher":"https:\/\/facebook.com\/gaveaNews\/","article_published_time":"2025-01-20T09:57:00+00:00","article_modified_time":"2025-01-20T09:57:05+00:00","og_image":[{"width":799,"height":533,"url":"https:\/\/www.gaveanews.com\/wp-content\/uploads\/Pablo-em-jogo-do-Flamengo-contra-o-Goias-pelo-Campeonato-Brasileiro.webp","type":"image\/jpeg"}],"author":"Equipe G\u00e1vea News","twitter_card":"summary_large_image","twitter_misc":{"Escrito por":"Equipe G\u00e1vea News","Est. tempo de leitura":"2 minutos"},"schema":{"@context":"https:\/\/schema.org","@graph":[{"@type":"NewsArticle","@id":"https:\/\/www.gaveanews.com\/index.php\/2025\/01\/20\/torcida-do-flamengo-detona-atuacao-de-pablo-apos-derrota-no-carioca\/#article","isPartOf":{"@id":"https:\/\/www.gaveanews.com\/index.php\/2025\/01\/20\/torcida-do-flamengo-detona-atuacao-de-pablo-apos-derrota-no-carioca\/"},"author":{"name":"Equipe G\u00e1vea News","@id":"https:\/\/www.gaveanews.com\/#\/schema\/person\/2ec14f73fb96be2caf28f91afb14749d"},"headline":"Torcida do Flamengo detona atua\u00e7\u00e3o de Pablo ap\u00f3s derrota no Carioca","datePublished":"2025-01-20T09:57:00+00:00","dateModified":"2025-01-20T09:57:05+00:00","mainEntityOfPage":{"@id":"https:\/\/www.gaveanews.com\/index.php\/2025\/01\/20\/torcida-do-flamengo-detona-atuacao-de-pablo-apos-derrota-no-carioca\/"},"wordCount":339,"commentCount":0,"image":{"@id":"https:\/\/www.gaveanews.com\/index.php\/2025\/01\/20\/torcida-do-flamengo-detona-atuacao-de-pablo-apos-derrota-no-carioca\/#primaryimage"},"thumbnailUrl":"https:\/\/www.gaveanews.com\/wp-content\/uploads\/Pablo-em-jogo-do-Flamengo-contra-o-Goias-pelo-Campeonato-Brasileiro.webp","articleSection":["Flamengo"],"inLanguage":"pt-BR","potentialAction":[{"@type":"CommentAction","name":"Comment","target":["https:\/\/www.gaveanews.com\/index.php\/2025\/01\/20\/torcida-do-flamengo-detona-atuacao-de-pablo-apos-derrota-no-carioca\/#respond"]}],"copyrightYear":"2025","copyrightHolder":{"@id":"https:\/\/www.gaveanews.com\/#organization"}},{"@type":"WebPage","@id":"https:\/\/www.gaveanews.com\/index.php\/2025\/01\/20\/torcida-do-flamengo-detona-atuacao-de-pablo-apos-derrota-no-carioca\/","url":"https:\/\/www.gaveanews.com\/index.php\/2025\/01\/20\/torcida-do-flamengo-detona-atuacao-de-pablo-apos-derrota-no-carioca\/","name":"Torcida do Flamengo detona atua\u00e7\u00e3o de Pablo ap\u00f3s derrota no Carioca","isPartOf":{"@id":"https:\/\/www.gaveanews.com\/#website"},"primaryImageOfPage":{"@id":"https:\/\/www.gaveanews.com\/index.php\/2025\/01\/20\/torcida-do-flamengo-detona-atuacao-de-pablo-apos-derrota-no-carioca\/#primaryimage"},"image":{"@id":"https:\/\/www.gaveanews.com\/index.php\/2025\/01\/20\/torcida-do-flamengo-detona-atuacao-de-pablo-apos-derrota-no-carioca\/#primaryimage"},"thumbnailUrl":"https:\/\/www.gaveanews.com\/wp-content\/uploads\/Pablo-em-jogo-do-Flamengo-contra-o-Goias-pelo-Campeonato-Brasileiro.webp","datePublished":"2025-01-20T09:57:00+00:00","dateModified":"2025-01-20T09:57:05+00:00","author":{"@id":"https:\/\/www.gaveanews.com\/#\/schema\/person\/2ec14f73fb96be2caf28f91afb14749d"},"breadcrumb":{"@id":"https:\/\/www.gaveanews.com\/index.php\/2025\/01\/20\/torcida-do-flamengo-detona-atuacao-de-pablo-apos-derrota-no-carioca\/#breadcrumb"},"inLanguage":"pt-BR","potentialAction":[{"@type":"ReadAction","target":["https:\/\/www.gaveanews.com\/index.php\/2025\/01\/20\/torcida-do-flamengo-detona-atuacao-de-pablo-apos-derrota-no-carioca\/"]}]},{"@type":"ImageObject","inLanguage":"pt-BR","@id":"https:\/\/www.gaveanews.com\/index.php\/2025\/01\/20\/torcida-do-flamengo-detona-atuacao-de-pablo-apos-derrota-no-carioca\/#primaryimage","url":"https:\/\/www.gaveanews.com\/wp-content\/uploads\/Pablo-em-jogo-do-Flamengo-contra-o-Goias-pelo-Campeonato-Brasileiro.webp","contentUrl":"https:\/\/www.gaveanews.com\/wp-content\/uploads\/Pablo-em-jogo-do-Flamengo-contra-o-Goias-pelo-Campeonato-Brasileiro.webp","width":799,"height":533,"caption":"Pablo em jogo do Flamengo contra o Goi\u00e1s pelo Campeonato Brasileiro (Foto: Alexandre Vidal\/Flamengo)"},{"@type":"BreadcrumbList","@id":"https:\/\/www.gaveanews.com\/index.php\/2025\/01\/20\/torcida-do-flamengo-detona-atuacao-de-pablo-apos-derrota-no-carioca\/#breadcrumb","itemListElement":[{"@type":"ListItem","position":1,"name":"Home","item":"https:\/\/www.gaveanews.com\/"},{"@type":"ListItem","position":2,"name":"Torcida do Flamengo detona atua\u00e7\u00e3o de Pablo ap\u00f3s derrota no Carioca"}]},{"@type":"WebSite","@id":"https:\/\/www.gaveanews.com\/#website","url":"https:\/\/www.gaveanews.com\/","name":"G\u00e1vea News","description":"Veja todas as not\u00edcias sobre o Flamengo: Contrata\u00e7\u00f5es, categorias de base, resultados das partidas, tabela de classifica\u00e7\u00e3o, pr\u00f3ximos jogos!","potentialAction":[{"@type":"SearchAction","target":{"@type":"EntryPoint","urlTemplate":"https:\/\/www.gaveanews.com\/?s={search_term_string}"},"query-input":{"@type":"PropertyValueSpecification","valueRequired":true,"valueName":"search_term_string"}}],"inLanguage":"pt-BR"},{"@type":"Person","@id":"https:\/\/www.gaveanews.com\/#\/schema\/person\/2ec14f73fb96be2caf28f91afb14749d","name":"Equipe G\u00e1vea News","image":{"@type":"ImageObject","inLanguage":"pt-BR","@id":"https:\/\/www.gaveanews.com\/#\/schema\/person\/image\/","url":"https:\/\/secure.gravatar.com\/avatar\/1e1956f1facbffd3f8fa53a326721950116b3b9dc9bd44939c01180fd4a745a9?s=96&d=mm&r=g","contentUrl":"https:\/\/secure.gravatar.com\/avatar\/1e1956f1facbffd3f8fa53a326721950116b3b9dc9bd44939c01180fd4a745a9?s=96&d=mm&r=g","caption":"Equipe G\u00e1vea News"}}]}},"_links":{"self":[{"href":"https:\/\/www.gaveanews.com\/index.php\/wp-json\/wp\/v2\/posts\/215156","targetHints":{"allow":["GET"]}}],"collection":[{"href":"https:\/\/www.gaveanews.com\/index.php\/wp-json\/wp\/v2\/posts"}],"about":[{"href":"https:\/\/www.gaveanews.com\/index.php\/wp-json\/wp\/v2\/types\/post"}],"author":[{"embeddable":true,"href":"https:\/\/www.gaveanews.com\/index.php\/wp-json\/wp\/v2\/users\/1"}],"replies":[{"embeddable":true,"href":"https:\/\/www.gaveanews.com\/index.php\/wp-json\/wp\/v2\/comments?post=215156"}],"version-history":[{"count":1,"href":"https:\/\/www.gaveanews.com\/index.php\/wp-json\/wp\/v2\/posts\/215156\/revisions"}],"predecessor-version":[{"id":215159,"href":"https:\/\/www.gaveanews.com\/index.php\/wp-json\/wp\/v2\/posts\/215156\/revisions\/215159"}],"wp:featuredmedia":[{"embeddable":true,"href":"https:\/\/www.gaveanews.com\/index.php\/wp-json\/wp\/v2\/media\/81997"}],"wp:attachment":[{"href":"https:\/\/www.gaveanews.com\/index.php\/wp-json\/wp\/v2\/media?parent=215156"}],"wp:term":[{"taxonomy":"category","embeddable":true,"href":"https:\/\/www.gaveanews.com\/index.php\/wp-json\/wp\/v2\/categories?post=215156"},{"taxonomy":"post_tag","embeddable":true,"href":"https:\/\/www.gaveanews.com\/index.php\/wp-json\/wp\/v2\/tags?post=215156"}],"curies":[{"name":"wp","href":"https:\/\/api.w.org\/{rel}","templated":true}]}}