{"id":215160,"date":"2025-01-20T07:16:52","date_gmt":"2025-01-20T10:16:52","guid":{"rendered":"https:\/\/www.gaveanews.com\/?p=215160"},"modified":"2025-01-20T07:16:56","modified_gmt":"2025-01-20T10:16:56","slug":"a-declaracao-de-pedro-caixinha-sobre-neymar-no-santos","status":"publish","type":"post","link":"https:\/\/www.gaveanews.com\/index.php\/2025\/01\/20\/a-declaracao-de-pedro-caixinha-sobre-neymar-no-santos\/","title":{"rendered":"A declara\u00e7\u00e3o de Pedro Caixinha sobre Neymar no Santos"},"content":{"rendered":"\n<p>O t\u00e9cnico do Santos, Pedro Caixinha, analisou o desempenho da equipe no empate em 1 a 1 com a Ponte Preta, no Mois\u00e9s Lucarelli, em Campinas. O treinador destacou que o time apresentou um rendimento abaixo do esperado no primeiro tempo, mas demonstrou rea\u00e7\u00e3o na etapa final. Segundo ele, \u00e9 fundamental que o Santos mantenha o mesmo n\u00edvel de comprometimento tanto em casa quanto fora, a fim de garantir uma regularidade na competi\u00e7\u00e3o.<\/p>\n\n\n\n<p>&#8220;Hoje na primeira parte n\u00e3o existimos, e posso lhes dizer pois falei com o grupo l\u00e1 dentro j\u00e1 e sempre vou defender eles, mas temos que entender qual institui\u00e7\u00e3o estamos defendendo. Temos o mesmo compromisso de jogar igual dentro e fora de casa, e mesmo com muitos jogos em poucos dias precisamos colocar nosso jogo em pr\u00e1tica, ent\u00e3o na primeira parte eu diria que n\u00e3o s\u00f3 em termos de futebol, mas derivado da superioridade do advers\u00e1rio, de mais vontade de jogar, ent\u00e3o fomos penalizados futebolisticamente. Se n\u00e3o tivermos essa atitude, intensidade, n\u00e3o formos um bloco, dificilmente teremos essa regularidade e consist\u00eancias&#8221;, disse ele.<\/p>\n\n\n\n<p>Durante a coletiva, Caixinha evitou comentar sobre a poss\u00edvel chegada de Neymar, refor\u00e7ando que a prioridade \u00e9 o trabalho que vem sendo realizado no Campeonato Paulista. O t\u00e9cnico destacou que, at\u00e9 o momento, n\u00e3o h\u00e1 nada oficial sobre o assunto e que sua preocupa\u00e7\u00e3o est\u00e1 na organiza\u00e7\u00e3o da equipe. Ele ressaltou que qualquer treinador gostaria de contar com o atacante, mas frisou que especula\u00e7\u00f5es n\u00e3o podem desviar o foco do elenco.<\/p>\n\n\n\n<p>&#8220;Eu n\u00e3o vou falar sobre especula\u00e7\u00f5es, porque no momento se trata disso. Eu n\u00e3o conhe\u00e7o o jogador, n\u00e3o conhe\u00e7o a pessoa, n\u00e3o conhecemos o estado que ele est\u00e1, mas \u00e9 um jogador mundialmente com uma qualidade fant\u00e1stica, indiscut\u00edvel, faz falta a qualquer equipe, mas temos muito mais a se preocupar e concertar aqui, consolidar, sempre vejo a organiza\u00e7\u00e3o das equipes de tr\u00e1s para a frente para que os jogadores criativos tenham mais liberdade, ent\u00e3o \u00e9 preciso criar esse equil\u00edbrio primeiro, depois se ele vier, eu te digo que treinador no mundo n\u00e3o gostaria de ter o Neymar, mas n\u00e3o posso falar mais nada sobre isso, pois n\u00e3o h\u00e1 rigorosamente mais nada&#8221;, afirmou o t\u00e9cnico.<\/p>\n\n\n\n<p>Enquanto isso, nos bastidores, o Santos segue acompanhando a situa\u00e7\u00e3o de Neymar, que ainda tem contrato vigente com o Al-Hilal. O clube aguarda a defini\u00e7\u00e3o da rescis\u00e3o do jogador, cujo v\u00ednculo vai at\u00e9 o meio do ano. A quest\u00e3o financeira tem sido o principal entrave para uma libera\u00e7\u00e3o imediata, j\u00e1 que o atacante tem a receber cerca de 65 milh\u00f5es de d\u00f3lares, o equivalente a aproximadamente R$ 400 milh\u00f5es.<\/p>\n\n\n\n<p>Diante desse cen\u00e1rio, duas possibilidades surgem para que Neymar volte a atuar na Vila Belmiro. A primeira seria a rescis\u00e3o contratual com o Al-Hilal, permitindo que o jogador acerte com o Santos sem custos. A outra alternativa envolve um empr\u00e9stimo at\u00e9 o fim do contrato com o clube saudita, o que permitiria sua perman\u00eancia no Brasil por um per\u00edodo de seis meses.<\/p>\n\n\n\n<p>Apesar da repercuss\u00e3o sobre o poss\u00edvel retorno do craque, Caixinha mant\u00e9m o foco na evolu\u00e7\u00e3o do time no Paulist\u00e3o. O treinador destacou que h\u00e1 pontos a serem corrigidos, principalmente em rela\u00e7\u00e3o \u00e0 postura da equipe nos jogos como visitante. Ele refor\u00e7ou a necessidade de equil\u00edbrio entre defesa e ataque para que o time tenha um desempenho mais consistente ao longo da temporada.<\/p>\n\n\n\n<p>O Santos volta a campo na quarta-feira (24 de janeiro), \u00e0s 21h30 (hor\u00e1rio de Bras\u00edlia), quando enfrenta o Palmeiras na Vila Belmiro. A equipe ter\u00e1 apenas dois dias de prepara\u00e7\u00e3o para o cl\u00e1ssico.<\/p>\n","protected":false},"excerpt":{"rendered":"<p>O t\u00e9cnico do Santos, Pedro Caixinha, analisou o desempenho da equipe no empate em 1 a 1 com a Ponte Preta, no Mois\u00e9s Lucarelli, em Campinas. O treinador destacou que o time apresentou um rendimento abaixo do esperado no primeiro tempo, mas demonstrou rea\u00e7\u00e3o na etapa final. Segundo ele, \u00e9 fundamental que o Santos mantenha [&hellip;]<\/p>\n","protected":false},"author":1,"featured_media":122401,"comment_status":"open","ping_status":"closed","sticky":false,"template":"","format":"standard","meta":{"footnotes":""},"categories":[139],"tags":[],"class_list":["post-215160","post","type-post","status-publish","format-standard","has-post-thumbnail","hentry","category-santos"],"yoast_head":"<!-- This site is optimized with the Yoast SEO Premium plugin v24.2 (Yoast SEO v26.9) - https:\/\/yoast.com\/product\/yoast-seo-premium-wordpress\/ -->\n<title>A declara\u00e7\u00e3o de Pedro Caixinha sobre Neymar no Santos<\/title>\n<meta name=\"robots\" content=\"index, follow, max-snippet:-1, max-image-preview:large, max-video-preview:-1\" \/>\n<link rel=\"canonical\" href=\"https:\/\/www.gaveanews.com\/index.php\/2025\/01\/20\/a-declaracao-de-pedro-caixinha-sobre-neymar-no-santos\/\" \/>\n<meta property=\"og:locale\" content=\"pt_BR\" \/>\n<meta property=\"og:type\" content=\"article\" \/>\n<meta property=\"og:title\" content=\"A declara\u00e7\u00e3o de Pedro Caixinha sobre Neymar no Santos\" \/>\n<meta property=\"og:description\" content=\"O t\u00e9cnico do Santos, Pedro Caixinha, analisou o desempenho da equipe no empate em 1 a 1 com a Ponte Preta, no Mois\u00e9s Lucarelli, em Campinas. O treinador destacou que o time apresentou um rendimento abaixo do esperado no primeiro tempo, mas demonstrou rea\u00e7\u00e3o na etapa final. Segundo ele, \u00e9 fundamental que o Santos mantenha [&hellip;]\" \/>\n<meta property=\"og:url\" content=\"https:\/\/www.gaveanews.com\/index.php\/2025\/01\/20\/a-declaracao-de-pedro-caixinha-sobre-neymar-no-santos\/\" \/>\n<meta property=\"og:site_name\" content=\"G\u00e1vea News\" \/>\n<meta property=\"article:publisher\" content=\"https:\/\/facebook.com\/gaveaNews\/\" \/>\n<meta property=\"article:published_time\" content=\"2025-01-20T10:16:52+00:00\" \/>\n<meta property=\"article:modified_time\" content=\"2025-01-20T10:16:56+00:00\" \/>\n<meta property=\"og:image\" content=\"https:\/\/www.gaveanews.com\/wp-content\/uploads\/neymarjr_1705610097249-edited.webp\" \/>\n\t<meta property=\"og:image:width\" content=\"720\" \/>\n\t<meta property=\"og:image:height\" content=\"480\" \/>\n\t<meta property=\"og:image:type\" content=\"image\/jpeg\" \/>\n<meta name=\"author\" content=\"Equipe G\u00e1vea News\" \/>\n<meta name=\"twitter:card\" content=\"summary_large_image\" \/>\n<meta name=\"twitter:label1\" content=\"Escrito por\" \/>\n\t<meta name=\"twitter:data1\" content=\"Equipe G\u00e1vea News\" \/>\n\t<meta name=\"twitter:label2\" content=\"Est. tempo de leitura\" \/>\n\t<meta name=\"twitter:data2\" content=\"4 minutos\" \/>\n<script type=\"application\/ld+json\" class=\"yoast-schema-graph\">{\"@context\":\"https:\/\/schema.org\",\"@graph\":[{\"@type\":\"NewsArticle\",\"@id\":\"https:\/\/www.gaveanews.com\/index.php\/2025\/01\/20\/a-declaracao-de-pedro-caixinha-sobre-neymar-no-santos\/#article\",\"isPartOf\":{\"@id\":\"https:\/\/www.gaveanews.com\/index.php\/2025\/01\/20\/a-declaracao-de-pedro-caixinha-sobre-neymar-no-santos\/\"},\"author\":{\"name\":\"Equipe G\u00e1vea News\",\"@id\":\"https:\/\/www.gaveanews.com\/#\/schema\/person\/2ec14f73fb96be2caf28f91afb14749d\"},\"headline\":\"A declara\u00e7\u00e3o de Pedro Caixinha sobre Neymar no Santos\",\"datePublished\":\"2025-01-20T10:16:52+00:00\",\"dateModified\":\"2025-01-20T10:16:56+00:00\",\"mainEntityOfPage\":{\"@id\":\"https:\/\/www.gaveanews.com\/index.php\/2025\/01\/20\/a-declaracao-de-pedro-caixinha-sobre-neymar-no-santos\/\"},\"wordCount\":653,\"commentCount\":0,\"image\":{\"@id\":\"https:\/\/www.gaveanews.com\/index.php\/2025\/01\/20\/a-declaracao-de-pedro-caixinha-sobre-neymar-no-santos\/#primaryimage\"},\"thumbnailUrl\":\"https:\/\/www.gaveanews.com\/wp-content\/uploads\/neymarjr_1705610097249-edited.webp\",\"articleSection\":[\"Santos\"],\"inLanguage\":\"pt-BR\",\"potentialAction\":[{\"@type\":\"CommentAction\",\"name\":\"Comment\",\"target\":[\"https:\/\/www.gaveanews.com\/index.php\/2025\/01\/20\/a-declaracao-de-pedro-caixinha-sobre-neymar-no-santos\/#respond\"]}],\"copyrightYear\":\"2025\",\"copyrightHolder\":{\"@id\":\"https:\/\/www.gaveanews.com\/#organization\"}},{\"@type\":\"WebPage\",\"@id\":\"https:\/\/www.gaveanews.com\/index.php\/2025\/01\/20\/a-declaracao-de-pedro-caixinha-sobre-neymar-no-santos\/\",\"url\":\"https:\/\/www.gaveanews.com\/index.php\/2025\/01\/20\/a-declaracao-de-pedro-caixinha-sobre-neymar-no-santos\/\",\"name\":\"A declara\u00e7\u00e3o de Pedro Caixinha sobre Neymar no Santos\",\"isPartOf\":{\"@id\":\"https:\/\/www.gaveanews.com\/#website\"},\"primaryImageOfPage\":{\"@id\":\"https:\/\/www.gaveanews.com\/index.php\/2025\/01\/20\/a-declaracao-de-pedro-caixinha-sobre-neymar-no-santos\/#primaryimage\"},\"image\":{\"@id\":\"https:\/\/www.gaveanews.com\/index.php\/2025\/01\/20\/a-declaracao-de-pedro-caixinha-sobre-neymar-no-santos\/#primaryimage\"},\"thumbnailUrl\":\"https:\/\/www.gaveanews.com\/wp-content\/uploads\/neymarjr_1705610097249-edited.webp\",\"datePublished\":\"2025-01-20T10:16:52+00:00\",\"dateModified\":\"2025-01-20T10:16:56+00:00\",\"author\":{\"@id\":\"https:\/\/www.gaveanews.com\/#\/schema\/person\/2ec14f73fb96be2caf28f91afb14749d\"},\"breadcrumb\":{\"@id\":\"https:\/\/www.gaveanews.com\/index.php\/2025\/01\/20\/a-declaracao-de-pedro-caixinha-sobre-neymar-no-santos\/#breadcrumb\"},\"inLanguage\":\"pt-BR\",\"potentialAction\":[{\"@type\":\"ReadAction\",\"target\":[\"https:\/\/www.gaveanews.com\/index.php\/2025\/01\/20\/a-declaracao-de-pedro-caixinha-sobre-neymar-no-santos\/\"]}]},{\"@type\":\"ImageObject\",\"inLanguage\":\"pt-BR\",\"@id\":\"https:\/\/www.gaveanews.com\/index.php\/2025\/01\/20\/a-declaracao-de-pedro-caixinha-sobre-neymar-no-santos\/#primaryimage\",\"url\":\"https:\/\/www.gaveanews.com\/wp-content\/uploads\/neymarjr_1705610097249-edited.webp\",\"contentUrl\":\"https:\/\/www.gaveanews.com\/wp-content\/uploads\/neymarjr_1705610097249-edited.webp\",\"width\":720,\"height\":480,\"caption\":\"Neymar em a\u00e7\u00e3o pela Sele\u00e7\u00e3o Brasileira (Foto: Reprodu\u00e7\u00e3o\/Instagram)\"},{\"@type\":\"BreadcrumbList\",\"@id\":\"https:\/\/www.gaveanews.com\/index.php\/2025\/01\/20\/a-declaracao-de-pedro-caixinha-sobre-neymar-no-santos\/#breadcrumb\",\"itemListElement\":[{\"@type\":\"ListItem\",\"position\":1,\"name\":\"Home\",\"item\":\"https:\/\/www.gaveanews.com\/\"},{\"@type\":\"ListItem\",\"position\":2,\"name\":\"A declara\u00e7\u00e3o de Pedro Caixinha sobre Neymar no Santos\"}]},{\"@type\":\"WebSite\",\"@id\":\"https:\/\/www.gaveanews.com\/#website\",\"url\":\"https:\/\/www.gaveanews.com\/\",\"name\":\"G\u00e1vea News\",\"description\":\"Veja todas as not\u00edcias sobre o Flamengo: Contrata\u00e7\u00f5es, categorias de base, resultados das partidas, tabela de classifica\u00e7\u00e3o, pr\u00f3ximos jogos!\",\"potentialAction\":[{\"@type\":\"SearchAction\",\"target\":{\"@type\":\"EntryPoint\",\"urlTemplate\":\"https:\/\/www.gaveanews.com\/?s={search_term_string}\"},\"query-input\":{\"@type\":\"PropertyValueSpecification\",\"valueRequired\":true,\"valueName\":\"search_term_string\"}}],\"inLanguage\":\"pt-BR\"},{\"@type\":\"Person\",\"@id\":\"https:\/\/www.gaveanews.com\/#\/schema\/person\/2ec14f73fb96be2caf28f91afb14749d\",\"name\":\"Equipe G\u00e1vea News\",\"image\":{\"@type\":\"ImageObject\",\"inLanguage\":\"pt-BR\",\"@id\":\"https:\/\/www.gaveanews.com\/#\/schema\/person\/image\/\",\"url\":\"https:\/\/secure.gravatar.com\/avatar\/1e1956f1facbffd3f8fa53a326721950116b3b9dc9bd44939c01180fd4a745a9?s=96&d=mm&r=g\",\"contentUrl\":\"https:\/\/secure.gravatar.com\/avatar\/1e1956f1facbffd3f8fa53a326721950116b3b9dc9bd44939c01180fd4a745a9?s=96&d=mm&r=g\",\"caption\":\"Equipe G\u00e1vea News\"}}]}<\/script>\n<!-- \/ Yoast SEO Premium plugin. -->","yoast_head_json":{"title":"A declara\u00e7\u00e3o de Pedro Caixinha sobre Neymar no Santos","robots":{"index":"index","follow":"follow","max-snippet":"max-snippet:-1","max-image-preview":"max-image-preview:large","max-video-preview":"max-video-preview:-1"},"canonical":"https:\/\/www.gaveanews.com\/index.php\/2025\/01\/20\/a-declaracao-de-pedro-caixinha-sobre-neymar-no-santos\/","og_locale":"pt_BR","og_type":"article","og_title":"A declara\u00e7\u00e3o de Pedro Caixinha sobre Neymar no Santos","og_description":"O t\u00e9cnico do Santos, Pedro Caixinha, analisou o desempenho da equipe no empate em 1 a 1 com a Ponte Preta, no Mois\u00e9s Lucarelli, em Campinas. O treinador destacou que o time apresentou um rendimento abaixo do esperado no primeiro tempo, mas demonstrou rea\u00e7\u00e3o na etapa final. Segundo ele, \u00e9 fundamental que o Santos mantenha [&hellip;]","og_url":"https:\/\/www.gaveanews.com\/index.php\/2025\/01\/20\/a-declaracao-de-pedro-caixinha-sobre-neymar-no-santos\/","og_site_name":"G\u00e1vea News","article_publisher":"https:\/\/facebook.com\/gaveaNews\/","article_published_time":"2025-01-20T10:16:52+00:00","article_modified_time":"2025-01-20T10:16:56+00:00","og_image":[{"width":720,"height":480,"url":"https:\/\/www.gaveanews.com\/wp-content\/uploads\/neymarjr_1705610097249-edited.webp","type":"image\/jpeg"}],"author":"Equipe G\u00e1vea News","twitter_card":"summary_large_image","twitter_misc":{"Escrito por":"Equipe G\u00e1vea News","Est. tempo de leitura":"4 minutos"},"schema":{"@context":"https:\/\/schema.org","@graph":[{"@type":"NewsArticle","@id":"https:\/\/www.gaveanews.com\/index.php\/2025\/01\/20\/a-declaracao-de-pedro-caixinha-sobre-neymar-no-santos\/#article","isPartOf":{"@id":"https:\/\/www.gaveanews.com\/index.php\/2025\/01\/20\/a-declaracao-de-pedro-caixinha-sobre-neymar-no-santos\/"},"author":{"name":"Equipe G\u00e1vea News","@id":"https:\/\/www.gaveanews.com\/#\/schema\/person\/2ec14f73fb96be2caf28f91afb14749d"},"headline":"A declara\u00e7\u00e3o de Pedro Caixinha sobre Neymar no Santos","datePublished":"2025-01-20T10:16:52+00:00","dateModified":"2025-01-20T10:16:56+00:00","mainEntityOfPage":{"@id":"https:\/\/www.gaveanews.com\/index.php\/2025\/01\/20\/a-declaracao-de-pedro-caixinha-sobre-neymar-no-santos\/"},"wordCount":653,"commentCount":0,"image":{"@id":"https:\/\/www.gaveanews.com\/index.php\/2025\/01\/20\/a-declaracao-de-pedro-caixinha-sobre-neymar-no-santos\/#primaryimage"},"thumbnailUrl":"https:\/\/www.gaveanews.com\/wp-content\/uploads\/neymarjr_1705610097249-edited.webp","articleSection":["Santos"],"inLanguage":"pt-BR","potentialAction":[{"@type":"CommentAction","name":"Comment","target":["https:\/\/www.gaveanews.com\/index.php\/2025\/01\/20\/a-declaracao-de-pedro-caixinha-sobre-neymar-no-santos\/#respond"]}],"copyrightYear":"2025","copyrightHolder":{"@id":"https:\/\/www.gaveanews.com\/#organization"}},{"@type":"WebPage","@id":"https:\/\/www.gaveanews.com\/index.php\/2025\/01\/20\/a-declaracao-de-pedro-caixinha-sobre-neymar-no-santos\/","url":"https:\/\/www.gaveanews.com\/index.php\/2025\/01\/20\/a-declaracao-de-pedro-caixinha-sobre-neymar-no-santos\/","name":"A declara\u00e7\u00e3o de Pedro Caixinha sobre Neymar no Santos","isPartOf":{"@id":"https:\/\/www.gaveanews.com\/#website"},"primaryImageOfPage":{"@id":"https:\/\/www.gaveanews.com\/index.php\/2025\/01\/20\/a-declaracao-de-pedro-caixinha-sobre-neymar-no-santos\/#primaryimage"},"image":{"@id":"https:\/\/www.gaveanews.com\/index.php\/2025\/01\/20\/a-declaracao-de-pedro-caixinha-sobre-neymar-no-santos\/#primaryimage"},"thumbnailUrl":"https:\/\/www.gaveanews.com\/wp-content\/uploads\/neymarjr_1705610097249-edited.webp","datePublished":"2025-01-20T10:16:52+00:00","dateModified":"2025-01-20T10:16:56+00:00","author":{"@id":"https:\/\/www.gaveanews.com\/#\/schema\/person\/2ec14f73fb96be2caf28f91afb14749d"},"breadcrumb":{"@id":"https:\/\/www.gaveanews.com\/index.php\/2025\/01\/20\/a-declaracao-de-pedro-caixinha-sobre-neymar-no-santos\/#breadcrumb"},"inLanguage":"pt-BR","potentialAction":[{"@type":"ReadAction","target":["https:\/\/www.gaveanews.com\/index.php\/2025\/01\/20\/a-declaracao-de-pedro-caixinha-sobre-neymar-no-santos\/"]}]},{"@type":"ImageObject","inLanguage":"pt-BR","@id":"https:\/\/www.gaveanews.com\/index.php\/2025\/01\/20\/a-declaracao-de-pedro-caixinha-sobre-neymar-no-santos\/#primaryimage","url":"https:\/\/www.gaveanews.com\/wp-content\/uploads\/neymarjr_1705610097249-edited.webp","contentUrl":"https:\/\/www.gaveanews.com\/wp-content\/uploads\/neymarjr_1705610097249-edited.webp","width":720,"height":480,"caption":"Neymar em a\u00e7\u00e3o pela Sele\u00e7\u00e3o Brasileira (Foto: Reprodu\u00e7\u00e3o\/Instagram)"},{"@type":"BreadcrumbList","@id":"https:\/\/www.gaveanews.com\/index.php\/2025\/01\/20\/a-declaracao-de-pedro-caixinha-sobre-neymar-no-santos\/#breadcrumb","itemListElement":[{"@type":"ListItem","position":1,"name":"Home","item":"https:\/\/www.gaveanews.com\/"},{"@type":"ListItem","position":2,"name":"A declara\u00e7\u00e3o de Pedro Caixinha sobre Neymar no Santos"}]},{"@type":"WebSite","@id":"https:\/\/www.gaveanews.com\/#website","url":"https:\/\/www.gaveanews.com\/","name":"G\u00e1vea News","description":"Veja todas as not\u00edcias sobre o Flamengo: Contrata\u00e7\u00f5es, categorias de base, resultados das partidas, tabela de classifica\u00e7\u00e3o, pr\u00f3ximos jogos!","potentialAction":[{"@type":"SearchAction","target":{"@type":"EntryPoint","urlTemplate":"https:\/\/www.gaveanews.com\/?s={search_term_string}"},"query-input":{"@type":"PropertyValueSpecification","valueRequired":true,"valueName":"search_term_string"}}],"inLanguage":"pt-BR"},{"@type":"Person","@id":"https:\/\/www.gaveanews.com\/#\/schema\/person\/2ec14f73fb96be2caf28f91afb14749d","name":"Equipe G\u00e1vea News","image":{"@type":"ImageObject","inLanguage":"pt-BR","@id":"https:\/\/www.gaveanews.com\/#\/schema\/person\/image\/","url":"https:\/\/secure.gravatar.com\/avatar\/1e1956f1facbffd3f8fa53a326721950116b3b9dc9bd44939c01180fd4a745a9?s=96&d=mm&r=g","contentUrl":"https:\/\/secure.gravatar.com\/avatar\/1e1956f1facbffd3f8fa53a326721950116b3b9dc9bd44939c01180fd4a745a9?s=96&d=mm&r=g","caption":"Equipe G\u00e1vea News"}}]}},"_links":{"self":[{"href":"https:\/\/www.gaveanews.com\/index.php\/wp-json\/wp\/v2\/posts\/215160","targetHints":{"allow":["GET"]}}],"collection":[{"href":"https:\/\/www.gaveanews.com\/index.php\/wp-json\/wp\/v2\/posts"}],"about":[{"href":"https:\/\/www.gaveanews.com\/index.php\/wp-json\/wp\/v2\/types\/post"}],"author":[{"embeddable":true,"href":"https:\/\/www.gaveanews.com\/index.php\/wp-json\/wp\/v2\/users\/1"}],"replies":[{"embeddable":true,"href":"https:\/\/www.gaveanews.com\/index.php\/wp-json\/wp\/v2\/comments?post=215160"}],"version-history":[{"count":1,"href":"https:\/\/www.gaveanews.com\/index.php\/wp-json\/wp\/v2\/posts\/215160\/revisions"}],"predecessor-version":[{"id":215163,"href":"https:\/\/www.gaveanews.com\/index.php\/wp-json\/wp\/v2\/posts\/215160\/revisions\/215163"}],"wp:featuredmedia":[{"embeddable":true,"href":"https:\/\/www.gaveanews.com\/index.php\/wp-json\/wp\/v2\/media\/122401"}],"wp:attachment":[{"href":"https:\/\/www.gaveanews.com\/index.php\/wp-json\/wp\/v2\/media?parent=215160"}],"wp:term":[{"taxonomy":"category","embeddable":true,"href":"https:\/\/www.gaveanews.com\/index.php\/wp-json\/wp\/v2\/categories?post=215160"},{"taxonomy":"post_tag","embeddable":true,"href":"https:\/\/www.gaveanews.com\/index.php\/wp-json\/wp\/v2\/tags?post=215160"}],"curies":[{"name":"wp","href":"https:\/\/api.w.org\/{rel}","templated":true}]}}