{"id":215161,"date":"2025-01-20T15:50:54","date_gmt":"2025-01-20T18:50:54","guid":{"rendered":"https:\/\/www.gaveanews.com\/?p=215161"},"modified":"2025-01-20T15:01:55","modified_gmt":"2025-01-20T18:01:55","slug":"39-milhoes-vasco-avanca-por-seu-novo-reforco","status":"publish","type":"post","link":"https:\/\/www.gaveanews.com\/index.php\/2025\/01\/20\/39-milhoes-vasco-avanca-por-seu-novo-reforco\/","title":{"rendered":"39 milh\u00f5es: Vasco avan\u00e7a por seu novo refor\u00e7o"},"content":{"rendered":"\n<p>O Vasco da Gama segue no mercado em busca de atacantes para suprir a lacuna do elenco no setor ofensivo. A bola da vez \u00e9 o uruguaio do Am\u00e9rica, do M\u00e9xico, Brian Rodr\u00edguez. O Cruz-Maltino acena com uma proposta milion\u00e1ria, no valor de 39 milh\u00f5es de reais, mas que \u00e9 considerada baixa pelo time mexicano.<\/p>\n\n\n\n<ul class=\"wp-block-list\">\n<li><a href=\"https:\/\/www.gaveanews.com\/index.php\/2025\/01\/19\/barbosa-luiz-carlos-winck-mauro-galvao-bellini-felipe-danilo-alvim-juninho-pernambucano-edmundo-romario-roberto-dinamite-e-ademir-de-menezes-o-melhor-vasco-de-todos-os-tempos\/\">Barbosa, Luiz Carlos Winck, Mauro Galv\u00e3o, Bellini, Felipe, Danilo Alvim, Juninho Pernambucano, Edmundo, Rom\u00e1rio, Roberto Dinamite e Ademir de Menezes: o melhor Vasco de todos os tempos<\/a><\/li>\n\n\n\n<li><a href=\"https:\/\/www.gaveanews.com\/index.php\/2025\/01\/19\/payet-vegetti-souza-alex-teixeira-coutinho-tche-tche-jean-meneses-victor-luis-jair-e-leo-jardim-os-jogadores-mais-velhos-do-vasco-da-gama\/\">Payet, Vegetti, Souza, Alex Teixeira, Coutinho, Tch\u00ea Tch\u00ea, Jean Meneses, Victor Lu\u00eds, Jair e L\u00e9o Jardim: os jogadores mais velhos do Vasco da Gama<\/a><\/li>\n<\/ul>\n\n\n\n<p>Com as les\u00f5es de Adson e David, o Gigante da Colina perdeu os dois principais pontas da equipe. Eles davam mobilidade para o ter\u00e7o final do campo e tamb\u00e9m contribu\u00edam com a recomposi\u00e7\u00e3o defensiva. Sendo primordiais para o esquema do ent\u00e3o treinador Rafael Paiva funcionar.<\/p>\n\n\n\n<p>Adson sofreu uma fratura por estresse na t\u00edbia da perna direita em agosto da temporada passada e desfalcou o clube por todo o segundo semestre. Existe a expectativa de que ele volte a atuar j\u00e1 no come\u00e7o deste ano, mas a comiss\u00e3o t\u00e9cnica prega cautela, para n\u00e3o perder um jogador importante j\u00e1 nos primeiros meses.<\/p>\n\n\n\n<p>Algo semelhante aconteceu no come\u00e7o de 2024, quando ainda pelo Campeonato Carioca, o Vasco perdeu os volantes Jair e Paulinho Paula. Mesmo tendo encontrado dois substitutos \u00fateis em Hugo Moura e Mateus Carvalho, os jogadores oscilaram muito durante a campanha, o que o prejudicou muito.<\/p>\n\n\n\n<p>J\u00e1 o outro ponta, David, teve uma les\u00e3o ainda mais grave e o retorno dele \u00e9 aguardado apenas na segunda metade de 2025. O atacante rompeu o ligamento cruzado do joelho esquerdo no fim de setembro, passou por cirurgia e agora est\u00e1 entregue ao departamento m\u00e9dico.<\/p>\n\n\n\n<p>Os substitutos, sejam os contratados na janela de transfer\u00eancias do ver\u00e3o europeu, sejam os que j\u00e1 estavam no plantel, n\u00e3o deram conta do recado. Com a inconsist\u00eancia de Jean Meneses, Emerson Rodr\u00edguez e Rayan, o Vasco lan\u00e7ou m\u00e3o de dois laterais para atuar nos extremos do campo, Leandrinho e Pumita Rodr\u00edguez.<\/p>\n\n\n\n<p>Por isso, para que a escassez de pe\u00e7as n\u00e3o seja um limitador, a diretoria busca um nome forte no mercado do futebol e Brian Rodr\u00edguez desponta como o favorito. O Cruz-Maltino tem conversado com o Am\u00e9rica, do M\u00e9xico, para convenc\u00ea-los a negociar o atacante, mas eles t\u00eam se mostrado irredut\u00edveis.<\/p>\n\n\n\n<p>Enquanto o time carioca acena com uma proposta de 39 milh\u00f5es de reais, os mexicanos esperam receber 48 milh\u00f5es de reais, dificultando o neg\u00f3cio. Mas, apesar disso, haver\u00e1 uma nova reuni\u00e3o durante esta semana para tentar fechar um acordo pela compra dos direitos econ\u00f4micos do atleta, de acordo com o jornalista Lucas Pedrosa, via Placar TV.<\/p>\n","protected":false},"excerpt":{"rendered":"<p>O Vasco da Gama segue no mercado em busca de atacantes para suprir a lacuna do elenco no setor ofensivo. A bola da vez \u00e9 o uruguaio do Am\u00e9rica, do M\u00e9xico, Brian Rodr\u00edguez. O Cruz-Maltino acena com uma proposta milion\u00e1ria, no valor de 39 milh\u00f5es de reais, mas que \u00e9 considerada baixa pelo time mexicano. [&hellip;]<\/p>\n","protected":false},"author":29,"featured_media":161261,"comment_status":"open","ping_status":"closed","sticky":false,"template":"","format":"standard","meta":{"footnotes":""},"categories":[152],"tags":[],"class_list":["post-215161","post","type-post","status-publish","format-standard","has-post-thumbnail","hentry","category-vasco"],"yoast_head":"<!-- This site is optimized with the Yoast SEO Premium plugin v24.2 (Yoast SEO v26.9) - https:\/\/yoast.com\/product\/yoast-seo-premium-wordpress\/ -->\n<title>39 milh\u00f5es: Vasco avan\u00e7a por seu novo refor\u00e7o<\/title>\n<meta name=\"robots\" content=\"index, follow, max-snippet:-1, max-image-preview:large, max-video-preview:-1\" \/>\n<link rel=\"canonical\" href=\"https:\/\/www.gaveanews.com\/index.php\/2025\/01\/20\/39-milhoes-vasco-avanca-por-seu-novo-reforco\/\" \/>\n<meta property=\"og:locale\" content=\"pt_BR\" \/>\n<meta property=\"og:type\" content=\"article\" \/>\n<meta property=\"og:title\" content=\"39 milh\u00f5es: Vasco avan\u00e7a por seu novo refor\u00e7o\" \/>\n<meta property=\"og:description\" content=\"O Vasco da Gama segue no mercado em busca de atacantes para suprir a lacuna do elenco no setor ofensivo. A bola da vez \u00e9 o uruguaio do Am\u00e9rica, do M\u00e9xico, Brian Rodr\u00edguez. O Cruz-Maltino acena com uma proposta milion\u00e1ria, no valor de 39 milh\u00f5es de reais, mas que \u00e9 considerada baixa pelo time mexicano. [&hellip;]\" \/>\n<meta property=\"og:url\" content=\"https:\/\/www.gaveanews.com\/index.php\/2025\/01\/20\/39-milhoes-vasco-avanca-por-seu-novo-reforco\/\" \/>\n<meta property=\"og:site_name\" content=\"G\u00e1vea News\" \/>\n<meta property=\"article:publisher\" content=\"https:\/\/facebook.com\/gaveaNews\/\" \/>\n<meta property=\"article:published_time\" content=\"2025-01-20T18:50:54+00:00\" \/>\n<meta property=\"og:image\" content=\"https:\/\/www.gaveanews.com\/wp-content\/uploads\/Camisa-do-Vasco-2024.webp\" \/>\n\t<meta property=\"og:image:width\" content=\"1059\" \/>\n\t<meta property=\"og:image:height\" content=\"794\" \/>\n\t<meta property=\"og:image:type\" content=\"image\/webp\" \/>\n<meta name=\"author\" content=\"Marco Menezes\" \/>\n<meta name=\"twitter:card\" content=\"summary_large_image\" \/>\n<meta name=\"twitter:label1\" content=\"Escrito por\" \/>\n\t<meta name=\"twitter:data1\" content=\"Marco Menezes\" \/>\n\t<meta name=\"twitter:label2\" content=\"Est. tempo de leitura\" \/>\n\t<meta name=\"twitter:data2\" content=\"3 minutos\" \/>\n<script type=\"application\/ld+json\" class=\"yoast-schema-graph\">{\"@context\":\"https:\/\/schema.org\",\"@graph\":[{\"@type\":\"NewsArticle\",\"@id\":\"https:\/\/www.gaveanews.com\/index.php\/2025\/01\/20\/39-milhoes-vasco-avanca-por-seu-novo-reforco\/#article\",\"isPartOf\":{\"@id\":\"https:\/\/www.gaveanews.com\/index.php\/2025\/01\/20\/39-milhoes-vasco-avanca-por-seu-novo-reforco\/\"},\"author\":{\"name\":\"Marco Menezes\",\"@id\":\"https:\/\/www.gaveanews.com\/#\/schema\/person\/a9f62fe75380c6bada1b2fc49bc23d69\"},\"headline\":\"39 milh\u00f5es: Vasco avan\u00e7a por seu novo refor\u00e7o\",\"datePublished\":\"2025-01-20T18:50:54+00:00\",\"mainEntityOfPage\":{\"@id\":\"https:\/\/www.gaveanews.com\/index.php\/2025\/01\/20\/39-milhoes-vasco-avanca-por-seu-novo-reforco\/\"},\"wordCount\":500,\"commentCount\":0,\"image\":{\"@id\":\"https:\/\/www.gaveanews.com\/index.php\/2025\/01\/20\/39-milhoes-vasco-avanca-por-seu-novo-reforco\/#primaryimage\"},\"thumbnailUrl\":\"https:\/\/www.gaveanews.com\/wp-content\/uploads\/Camisa-do-Vasco-2024.webp\",\"articleSection\":[\"Vasco\"],\"inLanguage\":\"pt-BR\",\"potentialAction\":[{\"@type\":\"CommentAction\",\"name\":\"Comment\",\"target\":[\"https:\/\/www.gaveanews.com\/index.php\/2025\/01\/20\/39-milhoes-vasco-avanca-por-seu-novo-reforco\/#respond\"]}],\"copyrightYear\":\"2025\",\"copyrightHolder\":{\"@id\":\"https:\/\/www.gaveanews.com\/#organization\"}},{\"@type\":\"WebPage\",\"@id\":\"https:\/\/www.gaveanews.com\/index.php\/2025\/01\/20\/39-milhoes-vasco-avanca-por-seu-novo-reforco\/\",\"url\":\"https:\/\/www.gaveanews.com\/index.php\/2025\/01\/20\/39-milhoes-vasco-avanca-por-seu-novo-reforco\/\",\"name\":\"39 milh\u00f5es: Vasco avan\u00e7a por seu novo refor\u00e7o\",\"isPartOf\":{\"@id\":\"https:\/\/www.gaveanews.com\/#website\"},\"primaryImageOfPage\":{\"@id\":\"https:\/\/www.gaveanews.com\/index.php\/2025\/01\/20\/39-milhoes-vasco-avanca-por-seu-novo-reforco\/#primaryimage\"},\"image\":{\"@id\":\"https:\/\/www.gaveanews.com\/index.php\/2025\/01\/20\/39-milhoes-vasco-avanca-por-seu-novo-reforco\/#primaryimage\"},\"thumbnailUrl\":\"https:\/\/www.gaveanews.com\/wp-content\/uploads\/Camisa-do-Vasco-2024.webp\",\"datePublished\":\"2025-01-20T18:50:54+00:00\",\"author\":{\"@id\":\"https:\/\/www.gaveanews.com\/#\/schema\/person\/a9f62fe75380c6bada1b2fc49bc23d69\"},\"breadcrumb\":{\"@id\":\"https:\/\/www.gaveanews.com\/index.php\/2025\/01\/20\/39-milhoes-vasco-avanca-por-seu-novo-reforco\/#breadcrumb\"},\"inLanguage\":\"pt-BR\",\"potentialAction\":[{\"@type\":\"ReadAction\",\"target\":[\"https:\/\/www.gaveanews.com\/index.php\/2025\/01\/20\/39-milhoes-vasco-avanca-por-seu-novo-reforco\/\"]}]},{\"@type\":\"ImageObject\",\"inLanguage\":\"pt-BR\",\"@id\":\"https:\/\/www.gaveanews.com\/index.php\/2025\/01\/20\/39-milhoes-vasco-avanca-por-seu-novo-reforco\/#primaryimage\",\"url\":\"https:\/\/www.gaveanews.com\/wp-content\/uploads\/Camisa-do-Vasco-2024.webp\",\"contentUrl\":\"https:\/\/www.gaveanews.com\/wp-content\/uploads\/Camisa-do-Vasco-2024.webp\",\"width\":1059,\"height\":794,\"caption\":\"Camisa do Vasco 2024 (Foto: Reprodu\u00e7\u00e3o\/Instagram)\"},{\"@type\":\"BreadcrumbList\",\"@id\":\"https:\/\/www.gaveanews.com\/index.php\/2025\/01\/20\/39-milhoes-vasco-avanca-por-seu-novo-reforco\/#breadcrumb\",\"itemListElement\":[{\"@type\":\"ListItem\",\"position\":1,\"name\":\"Home\",\"item\":\"https:\/\/www.gaveanews.com\/\"},{\"@type\":\"ListItem\",\"position\":2,\"name\":\"39 milh\u00f5es: Vasco avan\u00e7a por seu novo refor\u00e7o\"}]},{\"@type\":\"WebSite\",\"@id\":\"https:\/\/www.gaveanews.com\/#website\",\"url\":\"https:\/\/www.gaveanews.com\/\",\"name\":\"G\u00e1vea News\",\"description\":\"Veja todas as not\u00edcias sobre o Flamengo: Contrata\u00e7\u00f5es, categorias de base, resultados das partidas, tabela de classifica\u00e7\u00e3o, pr\u00f3ximos jogos!\",\"potentialAction\":[{\"@type\":\"SearchAction\",\"target\":{\"@type\":\"EntryPoint\",\"urlTemplate\":\"https:\/\/www.gaveanews.com\/?s={search_term_string}\"},\"query-input\":{\"@type\":\"PropertyValueSpecification\",\"valueRequired\":true,\"valueName\":\"search_term_string\"}}],\"inLanguage\":\"pt-BR\"},{\"@type\":\"Person\",\"@id\":\"https:\/\/www.gaveanews.com\/#\/schema\/person\/a9f62fe75380c6bada1b2fc49bc23d69\",\"name\":\"Marco Menezes\",\"image\":{\"@type\":\"ImageObject\",\"inLanguage\":\"pt-BR\",\"@id\":\"https:\/\/www.gaveanews.com\/#\/schema\/person\/image\/\",\"url\":\"https:\/\/secure.gravatar.com\/avatar\/a1d148ae17fc8bfc5dbccffd07979e8bd2c9ba494221779de86ec2c7907b71ec?s=96&d=mm&r=g\",\"contentUrl\":\"https:\/\/secure.gravatar.com\/avatar\/a1d148ae17fc8bfc5dbccffd07979e8bd2c9ba494221779de86ec2c7907b71ec?s=96&d=mm&r=g\",\"caption\":\"Marco Menezes\"}}]}<\/script>\n<!-- \/ Yoast SEO Premium plugin. -->","yoast_head_json":{"title":"39 milh\u00f5es: Vasco avan\u00e7a por seu novo refor\u00e7o","robots":{"index":"index","follow":"follow","max-snippet":"max-snippet:-1","max-image-preview":"max-image-preview:large","max-video-preview":"max-video-preview:-1"},"canonical":"https:\/\/www.gaveanews.com\/index.php\/2025\/01\/20\/39-milhoes-vasco-avanca-por-seu-novo-reforco\/","og_locale":"pt_BR","og_type":"article","og_title":"39 milh\u00f5es: Vasco avan\u00e7a por seu novo refor\u00e7o","og_description":"O Vasco da Gama segue no mercado em busca de atacantes para suprir a lacuna do elenco no setor ofensivo. A bola da vez \u00e9 o uruguaio do Am\u00e9rica, do M\u00e9xico, Brian Rodr\u00edguez. O Cruz-Maltino acena com uma proposta milion\u00e1ria, no valor de 39 milh\u00f5es de reais, mas que \u00e9 considerada baixa pelo time mexicano. [&hellip;]","og_url":"https:\/\/www.gaveanews.com\/index.php\/2025\/01\/20\/39-milhoes-vasco-avanca-por-seu-novo-reforco\/","og_site_name":"G\u00e1vea News","article_publisher":"https:\/\/facebook.com\/gaveaNews\/","article_published_time":"2025-01-20T18:50:54+00:00","og_image":[{"width":1059,"height":794,"url":"https:\/\/www.gaveanews.com\/wp-content\/uploads\/Camisa-do-Vasco-2024.webp","type":"image\/webp"}],"author":"Marco Menezes","twitter_card":"summary_large_image","twitter_misc":{"Escrito por":"Marco Menezes","Est. tempo de leitura":"3 minutos"},"schema":{"@context":"https:\/\/schema.org","@graph":[{"@type":"NewsArticle","@id":"https:\/\/www.gaveanews.com\/index.php\/2025\/01\/20\/39-milhoes-vasco-avanca-por-seu-novo-reforco\/#article","isPartOf":{"@id":"https:\/\/www.gaveanews.com\/index.php\/2025\/01\/20\/39-milhoes-vasco-avanca-por-seu-novo-reforco\/"},"author":{"name":"Marco Menezes","@id":"https:\/\/www.gaveanews.com\/#\/schema\/person\/a9f62fe75380c6bada1b2fc49bc23d69"},"headline":"39 milh\u00f5es: Vasco avan\u00e7a por seu novo refor\u00e7o","datePublished":"2025-01-20T18:50:54+00:00","mainEntityOfPage":{"@id":"https:\/\/www.gaveanews.com\/index.php\/2025\/01\/20\/39-milhoes-vasco-avanca-por-seu-novo-reforco\/"},"wordCount":500,"commentCount":0,"image":{"@id":"https:\/\/www.gaveanews.com\/index.php\/2025\/01\/20\/39-milhoes-vasco-avanca-por-seu-novo-reforco\/#primaryimage"},"thumbnailUrl":"https:\/\/www.gaveanews.com\/wp-content\/uploads\/Camisa-do-Vasco-2024.webp","articleSection":["Vasco"],"inLanguage":"pt-BR","potentialAction":[{"@type":"CommentAction","name":"Comment","target":["https:\/\/www.gaveanews.com\/index.php\/2025\/01\/20\/39-milhoes-vasco-avanca-por-seu-novo-reforco\/#respond"]}],"copyrightYear":"2025","copyrightHolder":{"@id":"https:\/\/www.gaveanews.com\/#organization"}},{"@type":"WebPage","@id":"https:\/\/www.gaveanews.com\/index.php\/2025\/01\/20\/39-milhoes-vasco-avanca-por-seu-novo-reforco\/","url":"https:\/\/www.gaveanews.com\/index.php\/2025\/01\/20\/39-milhoes-vasco-avanca-por-seu-novo-reforco\/","name":"39 milh\u00f5es: Vasco avan\u00e7a por seu novo refor\u00e7o","isPartOf":{"@id":"https:\/\/www.gaveanews.com\/#website"},"primaryImageOfPage":{"@id":"https:\/\/www.gaveanews.com\/index.php\/2025\/01\/20\/39-milhoes-vasco-avanca-por-seu-novo-reforco\/#primaryimage"},"image":{"@id":"https:\/\/www.gaveanews.com\/index.php\/2025\/01\/20\/39-milhoes-vasco-avanca-por-seu-novo-reforco\/#primaryimage"},"thumbnailUrl":"https:\/\/www.gaveanews.com\/wp-content\/uploads\/Camisa-do-Vasco-2024.webp","datePublished":"2025-01-20T18:50:54+00:00","author":{"@id":"https:\/\/www.gaveanews.com\/#\/schema\/person\/a9f62fe75380c6bada1b2fc49bc23d69"},"breadcrumb":{"@id":"https:\/\/www.gaveanews.com\/index.php\/2025\/01\/20\/39-milhoes-vasco-avanca-por-seu-novo-reforco\/#breadcrumb"},"inLanguage":"pt-BR","potentialAction":[{"@type":"ReadAction","target":["https:\/\/www.gaveanews.com\/index.php\/2025\/01\/20\/39-milhoes-vasco-avanca-por-seu-novo-reforco\/"]}]},{"@type":"ImageObject","inLanguage":"pt-BR","@id":"https:\/\/www.gaveanews.com\/index.php\/2025\/01\/20\/39-milhoes-vasco-avanca-por-seu-novo-reforco\/#primaryimage","url":"https:\/\/www.gaveanews.com\/wp-content\/uploads\/Camisa-do-Vasco-2024.webp","contentUrl":"https:\/\/www.gaveanews.com\/wp-content\/uploads\/Camisa-do-Vasco-2024.webp","width":1059,"height":794,"caption":"Camisa do Vasco 2024 (Foto: Reprodu\u00e7\u00e3o\/Instagram)"},{"@type":"BreadcrumbList","@id":"https:\/\/www.gaveanews.com\/index.php\/2025\/01\/20\/39-milhoes-vasco-avanca-por-seu-novo-reforco\/#breadcrumb","itemListElement":[{"@type":"ListItem","position":1,"name":"Home","item":"https:\/\/www.gaveanews.com\/"},{"@type":"ListItem","position":2,"name":"39 milh\u00f5es: Vasco avan\u00e7a por seu novo refor\u00e7o"}]},{"@type":"WebSite","@id":"https:\/\/www.gaveanews.com\/#website","url":"https:\/\/www.gaveanews.com\/","name":"G\u00e1vea News","description":"Veja todas as not\u00edcias sobre o Flamengo: Contrata\u00e7\u00f5es, categorias de base, resultados das partidas, tabela de classifica\u00e7\u00e3o, pr\u00f3ximos jogos!","potentialAction":[{"@type":"SearchAction","target":{"@type":"EntryPoint","urlTemplate":"https:\/\/www.gaveanews.com\/?s={search_term_string}"},"query-input":{"@type":"PropertyValueSpecification","valueRequired":true,"valueName":"search_term_string"}}],"inLanguage":"pt-BR"},{"@type":"Person","@id":"https:\/\/www.gaveanews.com\/#\/schema\/person\/a9f62fe75380c6bada1b2fc49bc23d69","name":"Marco Menezes","image":{"@type":"ImageObject","inLanguage":"pt-BR","@id":"https:\/\/www.gaveanews.com\/#\/schema\/person\/image\/","url":"https:\/\/secure.gravatar.com\/avatar\/a1d148ae17fc8bfc5dbccffd07979e8bd2c9ba494221779de86ec2c7907b71ec?s=96&d=mm&r=g","contentUrl":"https:\/\/secure.gravatar.com\/avatar\/a1d148ae17fc8bfc5dbccffd07979e8bd2c9ba494221779de86ec2c7907b71ec?s=96&d=mm&r=g","caption":"Marco Menezes"}}]}},"_links":{"self":[{"href":"https:\/\/www.gaveanews.com\/index.php\/wp-json\/wp\/v2\/posts\/215161","targetHints":{"allow":["GET"]}}],"collection":[{"href":"https:\/\/www.gaveanews.com\/index.php\/wp-json\/wp\/v2\/posts"}],"about":[{"href":"https:\/\/www.gaveanews.com\/index.php\/wp-json\/wp\/v2\/types\/post"}],"author":[{"embeddable":true,"href":"https:\/\/www.gaveanews.com\/index.php\/wp-json\/wp\/v2\/users\/29"}],"replies":[{"embeddable":true,"href":"https:\/\/www.gaveanews.com\/index.php\/wp-json\/wp\/v2\/comments?post=215161"}],"version-history":[{"count":1,"href":"https:\/\/www.gaveanews.com\/index.php\/wp-json\/wp\/v2\/posts\/215161\/revisions"}],"predecessor-version":[{"id":215162,"href":"https:\/\/www.gaveanews.com\/index.php\/wp-json\/wp\/v2\/posts\/215161\/revisions\/215162"}],"wp:featuredmedia":[{"embeddable":true,"href":"https:\/\/www.gaveanews.com\/index.php\/wp-json\/wp\/v2\/media\/161261"}],"wp:attachment":[{"href":"https:\/\/www.gaveanews.com\/index.php\/wp-json\/wp\/v2\/media?parent=215161"}],"wp:term":[{"taxonomy":"category","embeddable":true,"href":"https:\/\/www.gaveanews.com\/index.php\/wp-json\/wp\/v2\/categories?post=215161"},{"taxonomy":"post_tag","embeddable":true,"href":"https:\/\/www.gaveanews.com\/index.php\/wp-json\/wp\/v2\/tags?post=215161"}],"curies":[{"name":"wp","href":"https:\/\/api.w.org\/{rel}","templated":true}]}}