{"id":215164,"date":"2025-01-20T16:05:15","date_gmt":"2025-01-20T19:05:15","guid":{"rendered":"https:\/\/www.gaveanews.com\/?p=215164"},"modified":"2025-01-20T15:05:19","modified_gmt":"2025-01-20T18:05:19","slug":"vasco-atualizacao-sobre-a-chegada-de-brian-rodriguez-2","status":"publish","type":"post","link":"https:\/\/www.gaveanews.com\/index.php\/2025\/01\/20\/vasco-atualizacao-sobre-a-chegada-de-brian-rodriguez-2\/","title":{"rendered":"Vasco: atualiza\u00e7\u00e3o sobre a chegada de Brian Rodr\u00edguez"},"content":{"rendered":"\n<p>O Vasco da Gama pode estar pr\u00f3ximo de anunciar uma grande contrata\u00e7\u00e3o para o setor ofensivo. O clube tem negociado com o Am\u00e9rica, do M\u00e9xico, para adquirir os direitos econ\u00f4micos do atacante Brian Rodr\u00edguez. Para isso, preparou uma proposta milion\u00e1ria e tentar\u00e1 convencer os mexicanos em uma reuni\u00e3o que est\u00e1 marcada para esta semana.<\/p>\n\n\n\n<ul class=\"wp-block-list\">\n<li><a href=\"https:\/\/www.gaveanews.com\/index.php\/2025\/01\/19\/payet-vegetti-souza-alex-teixeira-coutinho-tche-tche-jean-meneses-victor-luis-jair-e-leo-jardim-os-jogadores-mais-velhos-do-vasco-da-gama\/\">Payet, Vegetti, Souza, Alex Teixeira, Coutinho, Tch\u00ea Tch\u00ea, Jean Meneses, Victor Lu\u00eds, Jair e L\u00e9o Jardim: os jogadores mais velhos do Vasco da Gama<\/a><\/li>\n\n\n\n<li><a href=\"https:\/\/www.gaveanews.com\/index.php\/2025\/01\/19\/barbosa-luiz-carlos-winck-mauro-galvao-bellini-felipe-danilo-alvim-juninho-pernambucano-edmundo-romario-roberto-dinamite-e-ademir-de-menezes-o-melhor-vasco-de-todos-os-tempos\/\">Barbosa, Luiz Carlos Winck, Mauro Galv\u00e3o, Bellini, Felipe, Danilo Alvim, Juninho Pernambucano, Edmundo, Rom\u00e1rio, Roberto Dinamite e Ademir de Menezes: o melhor Vasco de todos os tempos<\/a><\/li>\n<\/ul>\n\n\n\n<p>Uma das maiores lacunas do Cruz-Maltino na \u00faltima temporada foram as pontas, al\u00e9m, claro, da defesa. Mas para o setor defensivo o clube j\u00e1 contratou tr\u00eas pe\u00e7as e considera como assunto resolvido. Por outro lado, a pobreza ofensiva da equipe em 2024 foi algo alarmante.<\/p>\n\n\n\n<p>Com as les\u00f5es de Adson e David, o Gigante da Colina perdeu mobilidade, op\u00e7\u00f5es de criatividade e finaliza\u00e7\u00e3o, tornando o time previs\u00edvel. Assim, para n\u00e3o sofrer do mesmo mal em 2025, mirou alto ao tentar o uruguaio do Am\u00e9rica, do M\u00e9xico.<\/p>\n\n\n\n<p>Brian Rodr\u00edguez tem 24 anos, atua pelo lado esquerdo do ataque e est\u00e1 na equipe do treinador Andr\u00e9 Jardine desde 2022\/2023. Ao longo do tempo, entrou em campo 84 vezes, marcou 18 gols e deu 11 assist\u00eancias e embora n\u00e3o seja titular absoluto sob o comando do brasileiro, \u00e9 pe\u00e7a importante do elenco.<\/p>\n\n\n\n<p>Para contar com o jogador, o Vasco acenou com uma proposta milion\u00e1ria entre 6&nbsp; e 6,5 milh\u00f5es de d\u00f3lares, cerca de 36 a 39 milh\u00f5es de reais. No entanto, eles querem receber algo em torno de 8 milh\u00f5es de d\u00f3lares, cerca de 48 milh\u00f5es de reais, quantia considerada muito alta, de acordo com Lucas Pedrosa, via Placar TV.<\/p>\n\n\n\n<p>Por\u00e9m, segundo o jornalista, haver\u00e1 uma reuni\u00e3o nesta semana para que as diretorias se re\u00fanam na expectativa de um desfecho positivo para o Cruz-Maltino. A contrata\u00e7\u00e3o de Brian Rodr\u00edguez chegaria para mudar o patamar da equipe, que tem um base formada e precisa de refor\u00e7os pontuais.<\/p>\n","protected":false},"excerpt":{"rendered":"<p>O Vasco da Gama pode estar pr\u00f3ximo de anunciar uma grande contrata\u00e7\u00e3o para o setor ofensivo. O clube tem negociado com o Am\u00e9rica, do M\u00e9xico, para adquirir os direitos econ\u00f4micos do atacante Brian Rodr\u00edguez. Para isso, preparou uma proposta milion\u00e1ria e tentar\u00e1 convencer os mexicanos em uma reuni\u00e3o que est\u00e1 marcada para esta semana. Uma [&hellip;]<\/p>\n","protected":false},"author":29,"featured_media":152090,"comment_status":"open","ping_status":"closed","sticky":false,"template":"","format":"standard","meta":{"footnotes":""},"categories":[152],"tags":[],"class_list":["post-215164","post","type-post","status-publish","format-standard","has-post-thumbnail","hentry","category-vasco"],"yoast_head":"<!-- This site is optimized with the Yoast SEO Premium plugin v24.2 (Yoast SEO v26.9) - https:\/\/yoast.com\/product\/yoast-seo-premium-wordpress\/ -->\n<title>Vasco: atualiza\u00e7\u00e3o sobre a chegada de Brian Rodr\u00edguez<\/title>\n<meta name=\"robots\" content=\"index, follow, max-snippet:-1, max-image-preview:large, max-video-preview:-1\" \/>\n<link rel=\"canonical\" href=\"https:\/\/www.gaveanews.com\/index.php\/2025\/01\/20\/vasco-atualizacao-sobre-a-chegada-de-brian-rodriguez-2\/\" \/>\n<meta property=\"og:locale\" content=\"pt_BR\" \/>\n<meta property=\"og:type\" content=\"article\" \/>\n<meta property=\"og:title\" content=\"Vasco: atualiza\u00e7\u00e3o sobre a chegada de Brian Rodr\u00edguez\" \/>\n<meta property=\"og:description\" content=\"O Vasco da Gama pode estar pr\u00f3ximo de anunciar uma grande contrata\u00e7\u00e3o para o setor ofensivo. O clube tem negociado com o Am\u00e9rica, do M\u00e9xico, para adquirir os direitos econ\u00f4micos do atacante Brian Rodr\u00edguez. Para isso, preparou uma proposta milion\u00e1ria e tentar\u00e1 convencer os mexicanos em uma reuni\u00e3o que est\u00e1 marcada para esta semana. Uma [&hellip;]\" \/>\n<meta property=\"og:url\" content=\"https:\/\/www.gaveanews.com\/index.php\/2025\/01\/20\/vasco-atualizacao-sobre-a-chegada-de-brian-rodriguez-2\/\" \/>\n<meta property=\"og:site_name\" content=\"G\u00e1vea News\" \/>\n<meta property=\"article:publisher\" content=\"https:\/\/facebook.com\/gaveaNews\/\" \/>\n<meta property=\"article:published_time\" content=\"2025-01-20T19:05:15+00:00\" \/>\n<meta property=\"og:image\" content=\"https:\/\/www.gaveanews.com\/wp-content\/uploads\/Bandeira-do-Vasco-da-Gama.webp\" \/>\n\t<meta property=\"og:image:width\" content=\"1159\" \/>\n\t<meta property=\"og:image:height\" content=\"772\" \/>\n\t<meta property=\"og:image:type\" content=\"image\/webp\" \/>\n<meta name=\"author\" content=\"Marco Menezes\" \/>\n<meta name=\"twitter:card\" content=\"summary_large_image\" \/>\n<meta name=\"twitter:label1\" content=\"Escrito por\" \/>\n\t<meta name=\"twitter:data1\" content=\"Marco Menezes\" \/>\n\t<meta name=\"twitter:label2\" content=\"Est. tempo de leitura\" \/>\n\t<meta name=\"twitter:data2\" content=\"3 minutos\" \/>\n<script type=\"application\/ld+json\" class=\"yoast-schema-graph\">{\"@context\":\"https:\/\/schema.org\",\"@graph\":[{\"@type\":\"NewsArticle\",\"@id\":\"https:\/\/www.gaveanews.com\/index.php\/2025\/01\/20\/vasco-atualizacao-sobre-a-chegada-de-brian-rodriguez-2\/#article\",\"isPartOf\":{\"@id\":\"https:\/\/www.gaveanews.com\/index.php\/2025\/01\/20\/vasco-atualizacao-sobre-a-chegada-de-brian-rodriguez-2\/\"},\"author\":{\"name\":\"Marco Menezes\",\"@id\":\"https:\/\/www.gaveanews.com\/#\/schema\/person\/a9f62fe75380c6bada1b2fc49bc23d69\"},\"headline\":\"Vasco: atualiza\u00e7\u00e3o sobre a chegada de Brian Rodr\u00edguez\",\"datePublished\":\"2025-01-20T19:05:15+00:00\",\"mainEntityOfPage\":{\"@id\":\"https:\/\/www.gaveanews.com\/index.php\/2025\/01\/20\/vasco-atualizacao-sobre-a-chegada-de-brian-rodriguez-2\/\"},\"wordCount\":384,\"commentCount\":0,\"image\":{\"@id\":\"https:\/\/www.gaveanews.com\/index.php\/2025\/01\/20\/vasco-atualizacao-sobre-a-chegada-de-brian-rodriguez-2\/#primaryimage\"},\"thumbnailUrl\":\"https:\/\/www.gaveanews.com\/wp-content\/uploads\/Bandeira-do-Vasco-da-Gama.webp\",\"articleSection\":[\"Vasco\"],\"inLanguage\":\"pt-BR\",\"potentialAction\":[{\"@type\":\"CommentAction\",\"name\":\"Comment\",\"target\":[\"https:\/\/www.gaveanews.com\/index.php\/2025\/01\/20\/vasco-atualizacao-sobre-a-chegada-de-brian-rodriguez-2\/#respond\"]}],\"copyrightYear\":\"2025\",\"copyrightHolder\":{\"@id\":\"https:\/\/www.gaveanews.com\/#organization\"}},{\"@type\":\"WebPage\",\"@id\":\"https:\/\/www.gaveanews.com\/index.php\/2025\/01\/20\/vasco-atualizacao-sobre-a-chegada-de-brian-rodriguez-2\/\",\"url\":\"https:\/\/www.gaveanews.com\/index.php\/2025\/01\/20\/vasco-atualizacao-sobre-a-chegada-de-brian-rodriguez-2\/\",\"name\":\"Vasco: atualiza\u00e7\u00e3o sobre a chegada de Brian Rodr\u00edguez\",\"isPartOf\":{\"@id\":\"https:\/\/www.gaveanews.com\/#website\"},\"primaryImageOfPage\":{\"@id\":\"https:\/\/www.gaveanews.com\/index.php\/2025\/01\/20\/vasco-atualizacao-sobre-a-chegada-de-brian-rodriguez-2\/#primaryimage\"},\"image\":{\"@id\":\"https:\/\/www.gaveanews.com\/index.php\/2025\/01\/20\/vasco-atualizacao-sobre-a-chegada-de-brian-rodriguez-2\/#primaryimage\"},\"thumbnailUrl\":\"https:\/\/www.gaveanews.com\/wp-content\/uploads\/Bandeira-do-Vasco-da-Gama.webp\",\"datePublished\":\"2025-01-20T19:05:15+00:00\",\"author\":{\"@id\":\"https:\/\/www.gaveanews.com\/#\/schema\/person\/a9f62fe75380c6bada1b2fc49bc23d69\"},\"breadcrumb\":{\"@id\":\"https:\/\/www.gaveanews.com\/index.php\/2025\/01\/20\/vasco-atualizacao-sobre-a-chegada-de-brian-rodriguez-2\/#breadcrumb\"},\"inLanguage\":\"pt-BR\",\"potentialAction\":[{\"@type\":\"ReadAction\",\"target\":[\"https:\/\/www.gaveanews.com\/index.php\/2025\/01\/20\/vasco-atualizacao-sobre-a-chegada-de-brian-rodriguez-2\/\"]}]},{\"@type\":\"ImageObject\",\"inLanguage\":\"pt-BR\",\"@id\":\"https:\/\/www.gaveanews.com\/index.php\/2025\/01\/20\/vasco-atualizacao-sobre-a-chegada-de-brian-rodriguez-2\/#primaryimage\",\"url\":\"https:\/\/www.gaveanews.com\/wp-content\/uploads\/Bandeira-do-Vasco-da-Gama.webp\",\"contentUrl\":\"https:\/\/www.gaveanews.com\/wp-content\/uploads\/Bandeira-do-Vasco-da-Gama.webp\",\"width\":1159,\"height\":772,\"caption\":\"Bandeira do Vasco da Gama (Foto: Reprodu\u00e7\u00e3o\/Vasco)\"},{\"@type\":\"BreadcrumbList\",\"@id\":\"https:\/\/www.gaveanews.com\/index.php\/2025\/01\/20\/vasco-atualizacao-sobre-a-chegada-de-brian-rodriguez-2\/#breadcrumb\",\"itemListElement\":[{\"@type\":\"ListItem\",\"position\":1,\"name\":\"Home\",\"item\":\"https:\/\/www.gaveanews.com\/\"},{\"@type\":\"ListItem\",\"position\":2,\"name\":\"Vasco: atualiza\u00e7\u00e3o sobre a chegada de Brian Rodr\u00edguez\"}]},{\"@type\":\"WebSite\",\"@id\":\"https:\/\/www.gaveanews.com\/#website\",\"url\":\"https:\/\/www.gaveanews.com\/\",\"name\":\"G\u00e1vea News\",\"description\":\"Veja todas as not\u00edcias sobre o Flamengo: Contrata\u00e7\u00f5es, categorias de base, resultados das partidas, tabela de classifica\u00e7\u00e3o, pr\u00f3ximos jogos!\",\"potentialAction\":[{\"@type\":\"SearchAction\",\"target\":{\"@type\":\"EntryPoint\",\"urlTemplate\":\"https:\/\/www.gaveanews.com\/?s={search_term_string}\"},\"query-input\":{\"@type\":\"PropertyValueSpecification\",\"valueRequired\":true,\"valueName\":\"search_term_string\"}}],\"inLanguage\":\"pt-BR\"},{\"@type\":\"Person\",\"@id\":\"https:\/\/www.gaveanews.com\/#\/schema\/person\/a9f62fe75380c6bada1b2fc49bc23d69\",\"name\":\"Marco Menezes\",\"image\":{\"@type\":\"ImageObject\",\"inLanguage\":\"pt-BR\",\"@id\":\"https:\/\/www.gaveanews.com\/#\/schema\/person\/image\/\",\"url\":\"https:\/\/secure.gravatar.com\/avatar\/a1d148ae17fc8bfc5dbccffd07979e8bd2c9ba494221779de86ec2c7907b71ec?s=96&d=mm&r=g\",\"contentUrl\":\"https:\/\/secure.gravatar.com\/avatar\/a1d148ae17fc8bfc5dbccffd07979e8bd2c9ba494221779de86ec2c7907b71ec?s=96&d=mm&r=g\",\"caption\":\"Marco Menezes\"}}]}<\/script>\n<!-- \/ Yoast SEO Premium plugin. -->","yoast_head_json":{"title":"Vasco: atualiza\u00e7\u00e3o sobre a chegada de Brian Rodr\u00edguez","robots":{"index":"index","follow":"follow","max-snippet":"max-snippet:-1","max-image-preview":"max-image-preview:large","max-video-preview":"max-video-preview:-1"},"canonical":"https:\/\/www.gaveanews.com\/index.php\/2025\/01\/20\/vasco-atualizacao-sobre-a-chegada-de-brian-rodriguez-2\/","og_locale":"pt_BR","og_type":"article","og_title":"Vasco: atualiza\u00e7\u00e3o sobre a chegada de Brian Rodr\u00edguez","og_description":"O Vasco da Gama pode estar pr\u00f3ximo de anunciar uma grande contrata\u00e7\u00e3o para o setor ofensivo. O clube tem negociado com o Am\u00e9rica, do M\u00e9xico, para adquirir os direitos econ\u00f4micos do atacante Brian Rodr\u00edguez. Para isso, preparou uma proposta milion\u00e1ria e tentar\u00e1 convencer os mexicanos em uma reuni\u00e3o que est\u00e1 marcada para esta semana. Uma [&hellip;]","og_url":"https:\/\/www.gaveanews.com\/index.php\/2025\/01\/20\/vasco-atualizacao-sobre-a-chegada-de-brian-rodriguez-2\/","og_site_name":"G\u00e1vea News","article_publisher":"https:\/\/facebook.com\/gaveaNews\/","article_published_time":"2025-01-20T19:05:15+00:00","og_image":[{"width":1159,"height":772,"url":"https:\/\/www.gaveanews.com\/wp-content\/uploads\/Bandeira-do-Vasco-da-Gama.webp","type":"image\/webp"}],"author":"Marco Menezes","twitter_card":"summary_large_image","twitter_misc":{"Escrito por":"Marco Menezes","Est. tempo de leitura":"3 minutos"},"schema":{"@context":"https:\/\/schema.org","@graph":[{"@type":"NewsArticle","@id":"https:\/\/www.gaveanews.com\/index.php\/2025\/01\/20\/vasco-atualizacao-sobre-a-chegada-de-brian-rodriguez-2\/#article","isPartOf":{"@id":"https:\/\/www.gaveanews.com\/index.php\/2025\/01\/20\/vasco-atualizacao-sobre-a-chegada-de-brian-rodriguez-2\/"},"author":{"name":"Marco Menezes","@id":"https:\/\/www.gaveanews.com\/#\/schema\/person\/a9f62fe75380c6bada1b2fc49bc23d69"},"headline":"Vasco: atualiza\u00e7\u00e3o sobre a chegada de Brian Rodr\u00edguez","datePublished":"2025-01-20T19:05:15+00:00","mainEntityOfPage":{"@id":"https:\/\/www.gaveanews.com\/index.php\/2025\/01\/20\/vasco-atualizacao-sobre-a-chegada-de-brian-rodriguez-2\/"},"wordCount":384,"commentCount":0,"image":{"@id":"https:\/\/www.gaveanews.com\/index.php\/2025\/01\/20\/vasco-atualizacao-sobre-a-chegada-de-brian-rodriguez-2\/#primaryimage"},"thumbnailUrl":"https:\/\/www.gaveanews.com\/wp-content\/uploads\/Bandeira-do-Vasco-da-Gama.webp","articleSection":["Vasco"],"inLanguage":"pt-BR","potentialAction":[{"@type":"CommentAction","name":"Comment","target":["https:\/\/www.gaveanews.com\/index.php\/2025\/01\/20\/vasco-atualizacao-sobre-a-chegada-de-brian-rodriguez-2\/#respond"]}],"copyrightYear":"2025","copyrightHolder":{"@id":"https:\/\/www.gaveanews.com\/#organization"}},{"@type":"WebPage","@id":"https:\/\/www.gaveanews.com\/index.php\/2025\/01\/20\/vasco-atualizacao-sobre-a-chegada-de-brian-rodriguez-2\/","url":"https:\/\/www.gaveanews.com\/index.php\/2025\/01\/20\/vasco-atualizacao-sobre-a-chegada-de-brian-rodriguez-2\/","name":"Vasco: atualiza\u00e7\u00e3o sobre a chegada de Brian Rodr\u00edguez","isPartOf":{"@id":"https:\/\/www.gaveanews.com\/#website"},"primaryImageOfPage":{"@id":"https:\/\/www.gaveanews.com\/index.php\/2025\/01\/20\/vasco-atualizacao-sobre-a-chegada-de-brian-rodriguez-2\/#primaryimage"},"image":{"@id":"https:\/\/www.gaveanews.com\/index.php\/2025\/01\/20\/vasco-atualizacao-sobre-a-chegada-de-brian-rodriguez-2\/#primaryimage"},"thumbnailUrl":"https:\/\/www.gaveanews.com\/wp-content\/uploads\/Bandeira-do-Vasco-da-Gama.webp","datePublished":"2025-01-20T19:05:15+00:00","author":{"@id":"https:\/\/www.gaveanews.com\/#\/schema\/person\/a9f62fe75380c6bada1b2fc49bc23d69"},"breadcrumb":{"@id":"https:\/\/www.gaveanews.com\/index.php\/2025\/01\/20\/vasco-atualizacao-sobre-a-chegada-de-brian-rodriguez-2\/#breadcrumb"},"inLanguage":"pt-BR","potentialAction":[{"@type":"ReadAction","target":["https:\/\/www.gaveanews.com\/index.php\/2025\/01\/20\/vasco-atualizacao-sobre-a-chegada-de-brian-rodriguez-2\/"]}]},{"@type":"ImageObject","inLanguage":"pt-BR","@id":"https:\/\/www.gaveanews.com\/index.php\/2025\/01\/20\/vasco-atualizacao-sobre-a-chegada-de-brian-rodriguez-2\/#primaryimage","url":"https:\/\/www.gaveanews.com\/wp-content\/uploads\/Bandeira-do-Vasco-da-Gama.webp","contentUrl":"https:\/\/www.gaveanews.com\/wp-content\/uploads\/Bandeira-do-Vasco-da-Gama.webp","width":1159,"height":772,"caption":"Bandeira do Vasco da Gama (Foto: Reprodu\u00e7\u00e3o\/Vasco)"},{"@type":"BreadcrumbList","@id":"https:\/\/www.gaveanews.com\/index.php\/2025\/01\/20\/vasco-atualizacao-sobre-a-chegada-de-brian-rodriguez-2\/#breadcrumb","itemListElement":[{"@type":"ListItem","position":1,"name":"Home","item":"https:\/\/www.gaveanews.com\/"},{"@type":"ListItem","position":2,"name":"Vasco: atualiza\u00e7\u00e3o sobre a chegada de Brian Rodr\u00edguez"}]},{"@type":"WebSite","@id":"https:\/\/www.gaveanews.com\/#website","url":"https:\/\/www.gaveanews.com\/","name":"G\u00e1vea News","description":"Veja todas as not\u00edcias sobre o Flamengo: Contrata\u00e7\u00f5es, categorias de base, resultados das partidas, tabela de classifica\u00e7\u00e3o, pr\u00f3ximos jogos!","potentialAction":[{"@type":"SearchAction","target":{"@type":"EntryPoint","urlTemplate":"https:\/\/www.gaveanews.com\/?s={search_term_string}"},"query-input":{"@type":"PropertyValueSpecification","valueRequired":true,"valueName":"search_term_string"}}],"inLanguage":"pt-BR"},{"@type":"Person","@id":"https:\/\/www.gaveanews.com\/#\/schema\/person\/a9f62fe75380c6bada1b2fc49bc23d69","name":"Marco Menezes","image":{"@type":"ImageObject","inLanguage":"pt-BR","@id":"https:\/\/www.gaveanews.com\/#\/schema\/person\/image\/","url":"https:\/\/secure.gravatar.com\/avatar\/a1d148ae17fc8bfc5dbccffd07979e8bd2c9ba494221779de86ec2c7907b71ec?s=96&d=mm&r=g","contentUrl":"https:\/\/secure.gravatar.com\/avatar\/a1d148ae17fc8bfc5dbccffd07979e8bd2c9ba494221779de86ec2c7907b71ec?s=96&d=mm&r=g","caption":"Marco Menezes"}}]}},"_links":{"self":[{"href":"https:\/\/www.gaveanews.com\/index.php\/wp-json\/wp\/v2\/posts\/215164","targetHints":{"allow":["GET"]}}],"collection":[{"href":"https:\/\/www.gaveanews.com\/index.php\/wp-json\/wp\/v2\/posts"}],"about":[{"href":"https:\/\/www.gaveanews.com\/index.php\/wp-json\/wp\/v2\/types\/post"}],"author":[{"embeddable":true,"href":"https:\/\/www.gaveanews.com\/index.php\/wp-json\/wp\/v2\/users\/29"}],"replies":[{"embeddable":true,"href":"https:\/\/www.gaveanews.com\/index.php\/wp-json\/wp\/v2\/comments?post=215164"}],"version-history":[{"count":1,"href":"https:\/\/www.gaveanews.com\/index.php\/wp-json\/wp\/v2\/posts\/215164\/revisions"}],"predecessor-version":[{"id":215165,"href":"https:\/\/www.gaveanews.com\/index.php\/wp-json\/wp\/v2\/posts\/215164\/revisions\/215165"}],"wp:featuredmedia":[{"embeddable":true,"href":"https:\/\/www.gaveanews.com\/index.php\/wp-json\/wp\/v2\/media\/152090"}],"wp:attachment":[{"href":"https:\/\/www.gaveanews.com\/index.php\/wp-json\/wp\/v2\/media?parent=215164"}],"wp:term":[{"taxonomy":"category","embeddable":true,"href":"https:\/\/www.gaveanews.com\/index.php\/wp-json\/wp\/v2\/categories?post=215164"},{"taxonomy":"post_tag","embeddable":true,"href":"https:\/\/www.gaveanews.com\/index.php\/wp-json\/wp\/v2\/tags?post=215164"}],"curies":[{"name":"wp","href":"https:\/\/api.w.org\/{rel}","templated":true}]}}