{"id":215227,"date":"2025-01-20T17:35:00","date_gmt":"2025-01-20T20:35:00","guid":{"rendered":"https:\/\/www.gaveanews.com\/?p=215227"},"modified":"2025-01-20T16:47:57","modified_gmt":"2025-01-20T19:47:57","slug":"a-declaracao-de-ruben-amorim-apos-a-derrota-do-manchester-united-na-premier-league","status":"publish","type":"post","link":"https:\/\/www.gaveanews.com\/index.php\/2025\/01\/20\/a-declaracao-de-ruben-amorim-apos-a-derrota-do-manchester-united-na-premier-league\/","title":{"rendered":"A declara\u00e7\u00e3o de Ruben Amorim ap\u00f3s a derrota do Manchester United na Premier League"},"content":{"rendered":"\n<p>O t\u00e9cnico do Manchester United, Ruben Amorim, n\u00e3o est\u00e1 nada satisfeito com o andamento dos &#8216;Red Devils&#8217; na temporada, e detonou a forma\u00e7\u00e3o do elenco para 24\/25.<\/p>\n\n\n\n<ul class=\"wp-block-list\">\n<li><a href=\"https:\/\/www.gaveanews.com\/index.php\/2024\/12\/20\/ruben-amorim-barra-atacante-do-manchester-united-por-conta-de-declaracao-indigesta\/\">Ruben Amorim barra atacante do Manchester United por conta de declara\u00e7\u00e3o indigesta<\/a><\/li>\n\n\n\n<li><a href=\"https:\/\/www.gaveanews.com\/index.php\/2025\/01\/14\/jogador-brasileiro-e-disputado-por-real-madrid-barcelona-manchester-city-liverpool-e-manchester-united\/\">Jogador brasileiro \u00e9 disputado por Real Madrid, Barcelona, Manchester City, Liverpool e Manchester United<\/a><\/li>\n<\/ul>\n\n\n\n<p>Na tarde de ontem (19), o Manchester United recebeu no Old Trafford a equipe do Brighton e perdeu por 3 x 1, para se ter ideia, o Manchester United deu 1 chute a gol, que foi justamente o gol, de p\u00eanalti, feito por Bruno Fernandes.<\/p>\n\n\n\n<p>Com apenas 1 vit\u00f3ria nos \u00faltimos 5 jogos, a situa\u00e7\u00e3o do Manchester United n\u00e3o \u00e9 simples. Tem apenas 26 pontos, est\u00e1 em 13\u00ba colocado h\u00e1 10 pontos do Ipsiwich Town, primeiro dentro da zona de rebaixamento.<\/p>\n\n\n\n<p>Se o rebaixamento n\u00e3o preocupa os torcedores, a falta de campeonatos continentais em 2025\/2026 preocupa! S\u00e3o 11 pontos para o Chelsea, na zona de classifica\u00e7\u00e3o para a Conference League, 12 para o Newcastle na zona de classifica\u00e7\u00e3o para a Europa League e os mesmos 12 para o Manchester City, para a Champions League.<\/p>\n\n\n\n<p>Ruben Amor\u00edn, que tem o pior desempenho de um t\u00e9cnico jogando no Old Trafford, do Manchester United da Hist\u00f3ria diz que talvez seja o pior time da hist\u00f3ria do clube:<\/p>\n\n\n\n<p>&#8220;N\u00f3s somos, talvez, o pior time na hist\u00f3ria do Manchester United. Estou dizendo isso n\u00e3o para dar manchetes \u00e0 imprensa, mas porque temos que reconhecer isso e mudar essa situa\u00e7\u00e3o. Imagine o que isso significa para o torcedor, imagine o que significa para mim&#8221;<\/p>\n\n\n\n<p>Para o treinador, apesar da mudan\u00e7a de treinador, desde que saiu Ten Hag, para agora, o clube n\u00e3o evoluiu e precisa entregar evolu\u00e7\u00e3o:<\/p>\n\n\n\n<p>&#8220;Temos um novo treinador que est\u00e1 perdendo mais que o anterior. Tenho total ci\u00eancia disso. N\u00e3o pretendo mudar o sistema de jogo, sei que podemos ter sucesso, mas precisamos sobreviver a este momento. N\u00e3o sou ing\u00eanuo, temos que sobreviver agora&#8221;<\/p>\n\n\n\n<h2 class=\"wp-block-heading\" id=\"h-qual-a-proxima-partida-do-manchester-united\">Qual a pr\u00f3xima partida do Manchester United?<\/h2>\n\n\n\n<p>O Manchester United vai enfrentar a equipe dos Rangers no cl\u00e1ssico ingl\u00eas em partida v\u00e1lida pela Liga Europa.<\/p>\n\n\n\n<p>O jogo ser\u00e1 na quinta-feira (23) \u00e0s 17 horas no Hor\u00e1rio de Bras\u00edlia no Old Trafford, casa do Manchester United.<\/p>\n\n\n\n<p><\/p>\n","protected":false},"excerpt":{"rendered":"<p>O t\u00e9cnico do Manchester United, Ruben Amorim, n\u00e3o est\u00e1 nada satisfeito com o andamento dos &#8216;Red Devils&#8217; na temporada, e detonou a forma\u00e7\u00e3o do elenco para 24\/25. Na tarde de ontem (19), o Manchester United recebeu no Old Trafford a equipe do Brighton e perdeu por 3 x 1, para se ter ideia, o Manchester [&hellip;]<\/p>\n","protected":false},"author":19,"featured_media":120417,"comment_status":"open","ping_status":"closed","sticky":false,"template":"","format":"standard","meta":{"footnotes":""},"categories":[90],"tags":[],"class_list":["post-215227","post","type-post","status-publish","format-standard","has-post-thumbnail","hentry","category-manchester-united"],"yoast_head":"<!-- This site is optimized with the Yoast SEO Premium plugin v24.2 (Yoast SEO v26.9) - https:\/\/yoast.com\/product\/yoast-seo-premium-wordpress\/ -->\n<title>A declara\u00e7\u00e3o de Ruben Amorim ap\u00f3s a derrota do Manchester United na Premier League<\/title>\n<meta name=\"robots\" content=\"index, follow, max-snippet:-1, max-image-preview:large, max-video-preview:-1\" \/>\n<link rel=\"canonical\" href=\"https:\/\/www.gaveanews.com\/index.php\/2025\/01\/20\/a-declaracao-de-ruben-amorim-apos-a-derrota-do-manchester-united-na-premier-league\/\" \/>\n<meta property=\"og:locale\" content=\"pt_BR\" \/>\n<meta property=\"og:type\" content=\"article\" \/>\n<meta property=\"og:title\" content=\"A declara\u00e7\u00e3o de Ruben Amorim ap\u00f3s a derrota do Manchester United na Premier League\" \/>\n<meta property=\"og:description\" content=\"O t\u00e9cnico do Manchester United, Ruben Amorim, n\u00e3o est\u00e1 nada satisfeito com o andamento dos &#8216;Red Devils&#8217; na temporada, e detonou a forma\u00e7\u00e3o do elenco para 24\/25. Na tarde de ontem (19), o Manchester United recebeu no Old Trafford a equipe do Brighton e perdeu por 3 x 1, para se ter ideia, o Manchester [&hellip;]\" \/>\n<meta property=\"og:url\" content=\"https:\/\/www.gaveanews.com\/index.php\/2025\/01\/20\/a-declaracao-de-ruben-amorim-apos-a-derrota-do-manchester-united-na-premier-league\/\" \/>\n<meta property=\"og:site_name\" content=\"G\u00e1vea News\" \/>\n<meta property=\"article:publisher\" content=\"https:\/\/facebook.com\/gaveaNews\/\" \/>\n<meta property=\"article:published_time\" content=\"2025-01-20T20:35:00+00:00\" \/>\n<meta property=\"og:image\" content=\"https:\/\/www.gaveanews.com\/wp-content\/uploads\/UNITED_ESCUDO.webp\" \/>\n\t<meta property=\"og:image:width\" content=\"1920\" \/>\n\t<meta property=\"og:image:height\" content=\"1080\" \/>\n\t<meta property=\"og:image:type\" content=\"image\/jpeg\" \/>\n<meta name=\"author\" content=\"Bruno Zanchetta\" \/>\n<meta name=\"twitter:card\" content=\"summary_large_image\" \/>\n<meta name=\"twitter:label1\" content=\"Escrito por\" \/>\n\t<meta name=\"twitter:data1\" content=\"Bruno Zanchetta\" \/>\n\t<meta name=\"twitter:label2\" content=\"Est. tempo de leitura\" \/>\n\t<meta name=\"twitter:data2\" content=\"3 minutos\" \/>\n<script type=\"application\/ld+json\" class=\"yoast-schema-graph\">{\"@context\":\"https:\/\/schema.org\",\"@graph\":[{\"@type\":\"NewsArticle\",\"@id\":\"https:\/\/www.gaveanews.com\/index.php\/2025\/01\/20\/a-declaracao-de-ruben-amorim-apos-a-derrota-do-manchester-united-na-premier-league\/#article\",\"isPartOf\":{\"@id\":\"https:\/\/www.gaveanews.com\/index.php\/2025\/01\/20\/a-declaracao-de-ruben-amorim-apos-a-derrota-do-manchester-united-na-premier-league\/\"},\"author\":{\"name\":\"Bruno Zanchetta\",\"@id\":\"https:\/\/www.gaveanews.com\/#\/schema\/person\/32fddefab25b466689f181be346cd98c\"},\"headline\":\"A declara\u00e7\u00e3o de Ruben Amorim ap\u00f3s a derrota do Manchester United na Premier League\",\"datePublished\":\"2025-01-20T20:35:00+00:00\",\"mainEntityOfPage\":{\"@id\":\"https:\/\/www.gaveanews.com\/index.php\/2025\/01\/20\/a-declaracao-de-ruben-amorim-apos-a-derrota-do-manchester-united-na-premier-league\/\"},\"wordCount\":399,\"commentCount\":0,\"image\":{\"@id\":\"https:\/\/www.gaveanews.com\/index.php\/2025\/01\/20\/a-declaracao-de-ruben-amorim-apos-a-derrota-do-manchester-united-na-premier-league\/#primaryimage\"},\"thumbnailUrl\":\"https:\/\/www.gaveanews.com\/wp-content\/uploads\/UNITED_ESCUDO.webp\",\"articleSection\":[\"Manchester United\"],\"inLanguage\":\"pt-BR\",\"potentialAction\":[{\"@type\":\"CommentAction\",\"name\":\"Comment\",\"target\":[\"https:\/\/www.gaveanews.com\/index.php\/2025\/01\/20\/a-declaracao-de-ruben-amorim-apos-a-derrota-do-manchester-united-na-premier-league\/#respond\"]}],\"copyrightYear\":\"2025\",\"copyrightHolder\":{\"@id\":\"https:\/\/www.gaveanews.com\/#organization\"}},{\"@type\":\"WebPage\",\"@id\":\"https:\/\/www.gaveanews.com\/index.php\/2025\/01\/20\/a-declaracao-de-ruben-amorim-apos-a-derrota-do-manchester-united-na-premier-league\/\",\"url\":\"https:\/\/www.gaveanews.com\/index.php\/2025\/01\/20\/a-declaracao-de-ruben-amorim-apos-a-derrota-do-manchester-united-na-premier-league\/\",\"name\":\"A declara\u00e7\u00e3o de Ruben Amorim ap\u00f3s a derrota do Manchester United na Premier League\",\"isPartOf\":{\"@id\":\"https:\/\/www.gaveanews.com\/#website\"},\"primaryImageOfPage\":{\"@id\":\"https:\/\/www.gaveanews.com\/index.php\/2025\/01\/20\/a-declaracao-de-ruben-amorim-apos-a-derrota-do-manchester-united-na-premier-league\/#primaryimage\"},\"image\":{\"@id\":\"https:\/\/www.gaveanews.com\/index.php\/2025\/01\/20\/a-declaracao-de-ruben-amorim-apos-a-derrota-do-manchester-united-na-premier-league\/#primaryimage\"},\"thumbnailUrl\":\"https:\/\/www.gaveanews.com\/wp-content\/uploads\/UNITED_ESCUDO.webp\",\"datePublished\":\"2025-01-20T20:35:00+00:00\",\"author\":{\"@id\":\"https:\/\/www.gaveanews.com\/#\/schema\/person\/32fddefab25b466689f181be346cd98c\"},\"breadcrumb\":{\"@id\":\"https:\/\/www.gaveanews.com\/index.php\/2025\/01\/20\/a-declaracao-de-ruben-amorim-apos-a-derrota-do-manchester-united-na-premier-league\/#breadcrumb\"},\"inLanguage\":\"pt-BR\",\"potentialAction\":[{\"@type\":\"ReadAction\",\"target\":[\"https:\/\/www.gaveanews.com\/index.php\/2025\/01\/20\/a-declaracao-de-ruben-amorim-apos-a-derrota-do-manchester-united-na-premier-league\/\"]}]},{\"@type\":\"ImageObject\",\"inLanguage\":\"pt-BR\",\"@id\":\"https:\/\/www.gaveanews.com\/index.php\/2025\/01\/20\/a-declaracao-de-ruben-amorim-apos-a-derrota-do-manchester-united-na-premier-league\/#primaryimage\",\"url\":\"https:\/\/www.gaveanews.com\/wp-content\/uploads\/UNITED_ESCUDO.webp\",\"contentUrl\":\"https:\/\/www.gaveanews.com\/wp-content\/uploads\/UNITED_ESCUDO.webp\",\"width\":1920,\"height\":1080,\"caption\":\"Escudo do Manchester United (Foto: Reprodu\u00e7\u00e3o)\"},{\"@type\":\"BreadcrumbList\",\"@id\":\"https:\/\/www.gaveanews.com\/index.php\/2025\/01\/20\/a-declaracao-de-ruben-amorim-apos-a-derrota-do-manchester-united-na-premier-league\/#breadcrumb\",\"itemListElement\":[{\"@type\":\"ListItem\",\"position\":1,\"name\":\"Home\",\"item\":\"https:\/\/www.gaveanews.com\/\"},{\"@type\":\"ListItem\",\"position\":2,\"name\":\"A declara\u00e7\u00e3o de Ruben Amorim ap\u00f3s a derrota do Manchester United na Premier League\"}]},{\"@type\":\"WebSite\",\"@id\":\"https:\/\/www.gaveanews.com\/#website\",\"url\":\"https:\/\/www.gaveanews.com\/\",\"name\":\"G\u00e1vea News\",\"description\":\"Veja todas as not\u00edcias sobre o Flamengo: Contrata\u00e7\u00f5es, categorias de base, resultados das partidas, tabela de classifica\u00e7\u00e3o, pr\u00f3ximos jogos!\",\"potentialAction\":[{\"@type\":\"SearchAction\",\"target\":{\"@type\":\"EntryPoint\",\"urlTemplate\":\"https:\/\/www.gaveanews.com\/?s={search_term_string}\"},\"query-input\":{\"@type\":\"PropertyValueSpecification\",\"valueRequired\":true,\"valueName\":\"search_term_string\"}}],\"inLanguage\":\"pt-BR\"},{\"@type\":\"Person\",\"@id\":\"https:\/\/www.gaveanews.com\/#\/schema\/person\/32fddefab25b466689f181be346cd98c\",\"name\":\"Bruno Zanchetta\",\"image\":{\"@type\":\"ImageObject\",\"inLanguage\":\"pt-BR\",\"@id\":\"https:\/\/www.gaveanews.com\/#\/schema\/person\/image\/\",\"url\":\"https:\/\/secure.gravatar.com\/avatar\/3ba2d39f8a912ad65276975a996d6ad8d9e3dd13448684be8dc4d7c17099d2ee?s=96&d=mm&r=g\",\"contentUrl\":\"https:\/\/secure.gravatar.com\/avatar\/3ba2d39f8a912ad65276975a996d6ad8d9e3dd13448684be8dc4d7c17099d2ee?s=96&d=mm&r=g\",\"caption\":\"Bruno Zanchetta\"}}]}<\/script>\n<!-- \/ Yoast SEO Premium plugin. -->","yoast_head_json":{"title":"A declara\u00e7\u00e3o de Ruben Amorim ap\u00f3s a derrota do Manchester United na Premier League","robots":{"index":"index","follow":"follow","max-snippet":"max-snippet:-1","max-image-preview":"max-image-preview:large","max-video-preview":"max-video-preview:-1"},"canonical":"https:\/\/www.gaveanews.com\/index.php\/2025\/01\/20\/a-declaracao-de-ruben-amorim-apos-a-derrota-do-manchester-united-na-premier-league\/","og_locale":"pt_BR","og_type":"article","og_title":"A declara\u00e7\u00e3o de Ruben Amorim ap\u00f3s a derrota do Manchester United na Premier League","og_description":"O t\u00e9cnico do Manchester United, Ruben Amorim, n\u00e3o est\u00e1 nada satisfeito com o andamento dos &#8216;Red Devils&#8217; na temporada, e detonou a forma\u00e7\u00e3o do elenco para 24\/25. Na tarde de ontem (19), o Manchester United recebeu no Old Trafford a equipe do Brighton e perdeu por 3 x 1, para se ter ideia, o Manchester [&hellip;]","og_url":"https:\/\/www.gaveanews.com\/index.php\/2025\/01\/20\/a-declaracao-de-ruben-amorim-apos-a-derrota-do-manchester-united-na-premier-league\/","og_site_name":"G\u00e1vea News","article_publisher":"https:\/\/facebook.com\/gaveaNews\/","article_published_time":"2025-01-20T20:35:00+00:00","og_image":[{"width":1920,"height":1080,"url":"https:\/\/www.gaveanews.com\/wp-content\/uploads\/UNITED_ESCUDO.webp","type":"image\/jpeg"}],"author":"Bruno Zanchetta","twitter_card":"summary_large_image","twitter_misc":{"Escrito por":"Bruno Zanchetta","Est. tempo de leitura":"3 minutos"},"schema":{"@context":"https:\/\/schema.org","@graph":[{"@type":"NewsArticle","@id":"https:\/\/www.gaveanews.com\/index.php\/2025\/01\/20\/a-declaracao-de-ruben-amorim-apos-a-derrota-do-manchester-united-na-premier-league\/#article","isPartOf":{"@id":"https:\/\/www.gaveanews.com\/index.php\/2025\/01\/20\/a-declaracao-de-ruben-amorim-apos-a-derrota-do-manchester-united-na-premier-league\/"},"author":{"name":"Bruno Zanchetta","@id":"https:\/\/www.gaveanews.com\/#\/schema\/person\/32fddefab25b466689f181be346cd98c"},"headline":"A declara\u00e7\u00e3o de Ruben Amorim ap\u00f3s a derrota do Manchester United na Premier League","datePublished":"2025-01-20T20:35:00+00:00","mainEntityOfPage":{"@id":"https:\/\/www.gaveanews.com\/index.php\/2025\/01\/20\/a-declaracao-de-ruben-amorim-apos-a-derrota-do-manchester-united-na-premier-league\/"},"wordCount":399,"commentCount":0,"image":{"@id":"https:\/\/www.gaveanews.com\/index.php\/2025\/01\/20\/a-declaracao-de-ruben-amorim-apos-a-derrota-do-manchester-united-na-premier-league\/#primaryimage"},"thumbnailUrl":"https:\/\/www.gaveanews.com\/wp-content\/uploads\/UNITED_ESCUDO.webp","articleSection":["Manchester United"],"inLanguage":"pt-BR","potentialAction":[{"@type":"CommentAction","name":"Comment","target":["https:\/\/www.gaveanews.com\/index.php\/2025\/01\/20\/a-declaracao-de-ruben-amorim-apos-a-derrota-do-manchester-united-na-premier-league\/#respond"]}],"copyrightYear":"2025","copyrightHolder":{"@id":"https:\/\/www.gaveanews.com\/#organization"}},{"@type":"WebPage","@id":"https:\/\/www.gaveanews.com\/index.php\/2025\/01\/20\/a-declaracao-de-ruben-amorim-apos-a-derrota-do-manchester-united-na-premier-league\/","url":"https:\/\/www.gaveanews.com\/index.php\/2025\/01\/20\/a-declaracao-de-ruben-amorim-apos-a-derrota-do-manchester-united-na-premier-league\/","name":"A declara\u00e7\u00e3o de Ruben Amorim ap\u00f3s a derrota do Manchester United na Premier League","isPartOf":{"@id":"https:\/\/www.gaveanews.com\/#website"},"primaryImageOfPage":{"@id":"https:\/\/www.gaveanews.com\/index.php\/2025\/01\/20\/a-declaracao-de-ruben-amorim-apos-a-derrota-do-manchester-united-na-premier-league\/#primaryimage"},"image":{"@id":"https:\/\/www.gaveanews.com\/index.php\/2025\/01\/20\/a-declaracao-de-ruben-amorim-apos-a-derrota-do-manchester-united-na-premier-league\/#primaryimage"},"thumbnailUrl":"https:\/\/www.gaveanews.com\/wp-content\/uploads\/UNITED_ESCUDO.webp","datePublished":"2025-01-20T20:35:00+00:00","author":{"@id":"https:\/\/www.gaveanews.com\/#\/schema\/person\/32fddefab25b466689f181be346cd98c"},"breadcrumb":{"@id":"https:\/\/www.gaveanews.com\/index.php\/2025\/01\/20\/a-declaracao-de-ruben-amorim-apos-a-derrota-do-manchester-united-na-premier-league\/#breadcrumb"},"inLanguage":"pt-BR","potentialAction":[{"@type":"ReadAction","target":["https:\/\/www.gaveanews.com\/index.php\/2025\/01\/20\/a-declaracao-de-ruben-amorim-apos-a-derrota-do-manchester-united-na-premier-league\/"]}]},{"@type":"ImageObject","inLanguage":"pt-BR","@id":"https:\/\/www.gaveanews.com\/index.php\/2025\/01\/20\/a-declaracao-de-ruben-amorim-apos-a-derrota-do-manchester-united-na-premier-league\/#primaryimage","url":"https:\/\/www.gaveanews.com\/wp-content\/uploads\/UNITED_ESCUDO.webp","contentUrl":"https:\/\/www.gaveanews.com\/wp-content\/uploads\/UNITED_ESCUDO.webp","width":1920,"height":1080,"caption":"Escudo do Manchester United (Foto: Reprodu\u00e7\u00e3o)"},{"@type":"BreadcrumbList","@id":"https:\/\/www.gaveanews.com\/index.php\/2025\/01\/20\/a-declaracao-de-ruben-amorim-apos-a-derrota-do-manchester-united-na-premier-league\/#breadcrumb","itemListElement":[{"@type":"ListItem","position":1,"name":"Home","item":"https:\/\/www.gaveanews.com\/"},{"@type":"ListItem","position":2,"name":"A declara\u00e7\u00e3o de Ruben Amorim ap\u00f3s a derrota do Manchester United na Premier League"}]},{"@type":"WebSite","@id":"https:\/\/www.gaveanews.com\/#website","url":"https:\/\/www.gaveanews.com\/","name":"G\u00e1vea News","description":"Veja todas as not\u00edcias sobre o Flamengo: Contrata\u00e7\u00f5es, categorias de base, resultados das partidas, tabela de classifica\u00e7\u00e3o, pr\u00f3ximos jogos!","potentialAction":[{"@type":"SearchAction","target":{"@type":"EntryPoint","urlTemplate":"https:\/\/www.gaveanews.com\/?s={search_term_string}"},"query-input":{"@type":"PropertyValueSpecification","valueRequired":true,"valueName":"search_term_string"}}],"inLanguage":"pt-BR"},{"@type":"Person","@id":"https:\/\/www.gaveanews.com\/#\/schema\/person\/32fddefab25b466689f181be346cd98c","name":"Bruno Zanchetta","image":{"@type":"ImageObject","inLanguage":"pt-BR","@id":"https:\/\/www.gaveanews.com\/#\/schema\/person\/image\/","url":"https:\/\/secure.gravatar.com\/avatar\/3ba2d39f8a912ad65276975a996d6ad8d9e3dd13448684be8dc4d7c17099d2ee?s=96&d=mm&r=g","contentUrl":"https:\/\/secure.gravatar.com\/avatar\/3ba2d39f8a912ad65276975a996d6ad8d9e3dd13448684be8dc4d7c17099d2ee?s=96&d=mm&r=g","caption":"Bruno Zanchetta"}}]}},"_links":{"self":[{"href":"https:\/\/www.gaveanews.com\/index.php\/wp-json\/wp\/v2\/posts\/215227","targetHints":{"allow":["GET"]}}],"collection":[{"href":"https:\/\/www.gaveanews.com\/index.php\/wp-json\/wp\/v2\/posts"}],"about":[{"href":"https:\/\/www.gaveanews.com\/index.php\/wp-json\/wp\/v2\/types\/post"}],"author":[{"embeddable":true,"href":"https:\/\/www.gaveanews.com\/index.php\/wp-json\/wp\/v2\/users\/19"}],"replies":[{"embeddable":true,"href":"https:\/\/www.gaveanews.com\/index.php\/wp-json\/wp\/v2\/comments?post=215227"}],"version-history":[{"count":2,"href":"https:\/\/www.gaveanews.com\/index.php\/wp-json\/wp\/v2\/posts\/215227\/revisions"}],"predecessor-version":[{"id":215364,"href":"https:\/\/www.gaveanews.com\/index.php\/wp-json\/wp\/v2\/posts\/215227\/revisions\/215364"}],"wp:featuredmedia":[{"embeddable":true,"href":"https:\/\/www.gaveanews.com\/index.php\/wp-json\/wp\/v2\/media\/120417"}],"wp:attachment":[{"href":"https:\/\/www.gaveanews.com\/index.php\/wp-json\/wp\/v2\/media?parent=215227"}],"wp:term":[{"taxonomy":"category","embeddable":true,"href":"https:\/\/www.gaveanews.com\/index.php\/wp-json\/wp\/v2\/categories?post=215227"},{"taxonomy":"post_tag","embeddable":true,"href":"https:\/\/www.gaveanews.com\/index.php\/wp-json\/wp\/v2\/tags?post=215227"}],"curies":[{"name":"wp","href":"https:\/\/api.w.org\/{rel}","templated":true}]}}