{"id":215258,"date":"2025-01-20T13:17:39","date_gmt":"2025-01-20T16:17:39","guid":{"rendered":"https:\/\/www.gaveanews.com\/?p=215258"},"modified":"2025-01-20T13:17:43","modified_gmt":"2025-01-20T16:17:43","slug":"calleri-responde-propostas-para-deixar-o-sao-paulo","status":"publish","type":"post","link":"https:\/\/www.gaveanews.com\/index.php\/2025\/01\/20\/calleri-responde-propostas-para-deixar-o-sao-paulo\/","title":{"rendered":"Calleri responde propostas para deixar o S\u00e3o Paulo"},"content":{"rendered":"\n<p>O jogador, Jonathan Calleri tem planos e ambi\u00e7\u00f5es com a camisa do\u00a0S\u00e3o Paulo. \u00cddolo do time e dos torcedor, o atacante de 31 anos admitiu ao\u00a0Globo Esporte que teve possibilidades de deixar o Tricolor nesta janela de transfer\u00eancias, mas que chegou \u00e0 conclus\u00e3o, junto \u00e0 diretoria, de que ainda h\u00e1 muita historia a se fazer no Morumbis.<\/p>\n\n\n\n<p>&#8220;Eu me vejo no\u00a0S\u00e3o Paulo. Cada vez que termina uma temporada, cada jogador faz um resumo sua da temporada. Voc\u00ea se junta com a diretoria e fala qual o caminho a seguir. Ainda tenho vontade de ficar aqui, acho que vai ser um grande ano para mim e para o\u00a0S\u00e3o Paulo, sou muito feliz aqui.&#8221; &#8220;Tudo o que pode chegar hoje e que j\u00e1 chegou at\u00e9 agora, eu vou recusar. Quero ficar aqui e tentar ganhar a Libertadores&#8221; \u2013 disse.<\/p>\n\n\n\n<h2 class=\"wp-block-heading\" id=\"h-propostas-de-outros-clubes\">Propostas de outros clubes<\/h2>\n\n\n\n<p>Durante as f\u00e9rias, o nome de Calleri foi associado ao River Plate, comandado pelo t\u00e9cnico Marcelo Gallardo. Questionado de maneira direta sobre um poss\u00edvel convite do clube argentino, o atacante n\u00e3o confirmou nem negou a informa\u00e7\u00e3o. No entanto, o camisa 9 reconheceu que seu telefone realmente recebeu uma liga\u00e7\u00e3o em dezembro.<\/p>\n\n\n\n<p>&#8220;(O telefone) Sempre toca, mas me vejo no\u00a0S\u00e3o Paulo. Foi o time que sempre me acolheu e que sempre me deu tudo para ser feliz. Fui muito feliz ao ganhar a Copa do Brasil aqui, a primeira do clube, e tenho vontade de ganhar mais coisas. Acho que tem mais Calleri no\u00a0S\u00e3o Paulo\u00a0e eu espero que seja um grande ano&#8221;\u2013 declarou Calleri, para o site do Globo Esporte.<\/p>\n\n\n\n<h2 class=\"wp-block-heading\" id=\"h-calleri-e-a-dor-pela-libertadores\">Calleri e a dor pela Libertadores <\/h2>\n\n\n\n<p>Obcecado pela Conmebol Libertadores, o jogador do Tricolor revelou que sentiu bastante a dor da elimina\u00e7\u00e3o nas quartas de final da edi\u00e7\u00e3o de 2024, quando a equipe caiu para o campe\u00e3o Botafogo. Durante aquele jogo, que aconteceu no Morumbis, Calleri marcou um gol no empate por 1 a 1, mas tamb\u00e9m perdeu um feito minutos antes e desperdi\u00e7ou seu p\u00eanalti na disputa, acertando o travess\u00e3o.<\/p>\n\n\n\n<p>&#8220;Foi muito doloroso (ser eliminado), a verdade \u00e9 que cada vez que a gente perde eu sinto muito. Foi por pouquinho que o\u00a0S\u00e3o Paulo\u00a0n\u00e3o esteve novamente numa semifinal da Libertadores, mas tudo passa, ano novo, outra vez vamos tentar chegar \u00e0s finais de todos os campeonatos, da Copa do Brasil, tentar brigar pelo Brasileir\u00e3o, tentar ganhar a Libertadores, que \u00e9 meu sonho e de todos no clube.&#8221; &#8220;Neste ano j\u00e1 viramos a p\u00e1gina, o que passou, passou, mas foi muito doloroso, eu senti muito n\u00e3o ter ganhado a Libertadores com o\u00a0S\u00e3o Paulo, mas vamos tentar de novo esse ano, com outros jogadores, mas com a mesma vontade para tentar deixar o\u00a0S\u00e3o Paulo\u00a0mais acima poss\u00edvel.&#8221;<\/p>\n","protected":false},"excerpt":{"rendered":"<p>O jogador, Jonathan Calleri tem planos e ambi\u00e7\u00f5es com a camisa do\u00a0S\u00e3o Paulo. \u00cddolo do time e dos torcedor, o atacante de 31 anos admitiu ao\u00a0Globo Esporte que teve possibilidades de deixar o Tricolor nesta janela de transfer\u00eancias, mas que chegou \u00e0 conclus\u00e3o, junto \u00e0 diretoria, de que ainda h\u00e1 muita historia a se fazer [&hellip;]<\/p>\n","protected":false},"author":31,"featured_media":148324,"comment_status":"open","ping_status":"closed","sticky":false,"template":"","format":"standard","meta":{"footnotes":""},"categories":[151],"tags":[],"class_list":["post-215258","post","type-post","status-publish","format-standard","has-post-thumbnail","hentry","category-sao-paulo"],"yoast_head":"<!-- This site is optimized with the Yoast SEO Premium plugin v24.2 (Yoast SEO v26.9) - https:\/\/yoast.com\/product\/yoast-seo-premium-wordpress\/ -->\n<title>Calleri responde propostas para deixar o S\u00e3o Paulo<\/title>\n<meta name=\"robots\" content=\"index, follow, max-snippet:-1, max-image-preview:large, max-video-preview:-1\" \/>\n<link rel=\"canonical\" href=\"https:\/\/www.gaveanews.com\/index.php\/2025\/01\/20\/calleri-responde-propostas-para-deixar-o-sao-paulo\/\" \/>\n<meta property=\"og:locale\" content=\"pt_BR\" \/>\n<meta property=\"og:type\" content=\"article\" \/>\n<meta property=\"og:title\" content=\"Calleri responde propostas para deixar o S\u00e3o Paulo\" \/>\n<meta property=\"og:description\" content=\"O jogador, Jonathan Calleri tem planos e ambi\u00e7\u00f5es com a camisa do\u00a0S\u00e3o Paulo. \u00cddolo do time e dos torcedor, o atacante de 31 anos admitiu ao\u00a0Globo Esporte que teve possibilidades de deixar o Tricolor nesta janela de transfer\u00eancias, mas que chegou \u00e0 conclus\u00e3o, junto \u00e0 diretoria, de que ainda h\u00e1 muita historia a se fazer [&hellip;]\" \/>\n<meta property=\"og:url\" content=\"https:\/\/www.gaveanews.com\/index.php\/2025\/01\/20\/calleri-responde-propostas-para-deixar-o-sao-paulo\/\" \/>\n<meta property=\"og:site_name\" content=\"G\u00e1vea News\" \/>\n<meta property=\"article:publisher\" content=\"https:\/\/facebook.com\/gaveaNews\/\" \/>\n<meta property=\"article:published_time\" content=\"2025-01-20T16:17:39+00:00\" \/>\n<meta property=\"article:modified_time\" content=\"2025-01-20T16:17:43+00:00\" \/>\n<meta property=\"og:image\" content=\"https:\/\/www.gaveanews.com\/wp-content\/uploads\/Jonathan-Calleri-em-acao-pelo-Sao-Paulo.webp\" \/>\n\t<meta property=\"og:image:width\" content=\"1080\" \/>\n\t<meta property=\"og:image:height\" content=\"1346\" \/>\n\t<meta property=\"og:image:type\" content=\"image\/jpeg\" \/>\n<meta name=\"author\" content=\"Michel Camargo\" \/>\n<meta name=\"twitter:card\" content=\"summary_large_image\" \/>\n<meta name=\"twitter:label1\" content=\"Escrito por\" \/>\n\t<meta name=\"twitter:data1\" content=\"Michel Camargo\" \/>\n\t<meta name=\"twitter:label2\" content=\"Est. tempo de leitura\" \/>\n\t<meta name=\"twitter:data2\" content=\"3 minutos\" \/>\n<script type=\"application\/ld+json\" class=\"yoast-schema-graph\">{\"@context\":\"https:\/\/schema.org\",\"@graph\":[{\"@type\":\"NewsArticle\",\"@id\":\"https:\/\/www.gaveanews.com\/index.php\/2025\/01\/20\/calleri-responde-propostas-para-deixar-o-sao-paulo\/#article\",\"isPartOf\":{\"@id\":\"https:\/\/www.gaveanews.com\/index.php\/2025\/01\/20\/calleri-responde-propostas-para-deixar-o-sao-paulo\/\"},\"author\":{\"name\":\"Michel Camargo\",\"@id\":\"https:\/\/www.gaveanews.com\/#\/schema\/person\/6f5583f09aa4bcc9866a7360b5604486\"},\"headline\":\"Calleri responde propostas para deixar o S\u00e3o Paulo\",\"datePublished\":\"2025-01-20T16:17:39+00:00\",\"dateModified\":\"2025-01-20T16:17:43+00:00\",\"mainEntityOfPage\":{\"@id\":\"https:\/\/www.gaveanews.com\/index.php\/2025\/01\/20\/calleri-responde-propostas-para-deixar-o-sao-paulo\/\"},\"wordCount\":485,\"commentCount\":0,\"image\":{\"@id\":\"https:\/\/www.gaveanews.com\/index.php\/2025\/01\/20\/calleri-responde-propostas-para-deixar-o-sao-paulo\/#primaryimage\"},\"thumbnailUrl\":\"https:\/\/www.gaveanews.com\/wp-content\/uploads\/Jonathan-Calleri-em-acao-pelo-Sao-Paulo.webp\",\"articleSection\":[\"S\u00e3o Paulo\"],\"inLanguage\":\"pt-BR\",\"potentialAction\":[{\"@type\":\"CommentAction\",\"name\":\"Comment\",\"target\":[\"https:\/\/www.gaveanews.com\/index.php\/2025\/01\/20\/calleri-responde-propostas-para-deixar-o-sao-paulo\/#respond\"]}],\"copyrightYear\":\"2025\",\"copyrightHolder\":{\"@id\":\"https:\/\/www.gaveanews.com\/#organization\"}},{\"@type\":\"WebPage\",\"@id\":\"https:\/\/www.gaveanews.com\/index.php\/2025\/01\/20\/calleri-responde-propostas-para-deixar-o-sao-paulo\/\",\"url\":\"https:\/\/www.gaveanews.com\/index.php\/2025\/01\/20\/calleri-responde-propostas-para-deixar-o-sao-paulo\/\",\"name\":\"Calleri responde propostas para deixar o S\u00e3o Paulo\",\"isPartOf\":{\"@id\":\"https:\/\/www.gaveanews.com\/#website\"},\"primaryImageOfPage\":{\"@id\":\"https:\/\/www.gaveanews.com\/index.php\/2025\/01\/20\/calleri-responde-propostas-para-deixar-o-sao-paulo\/#primaryimage\"},\"image\":{\"@id\":\"https:\/\/www.gaveanews.com\/index.php\/2025\/01\/20\/calleri-responde-propostas-para-deixar-o-sao-paulo\/#primaryimage\"},\"thumbnailUrl\":\"https:\/\/www.gaveanews.com\/wp-content\/uploads\/Jonathan-Calleri-em-acao-pelo-Sao-Paulo.webp\",\"datePublished\":\"2025-01-20T16:17:39+00:00\",\"dateModified\":\"2025-01-20T16:17:43+00:00\",\"author\":{\"@id\":\"https:\/\/www.gaveanews.com\/#\/schema\/person\/6f5583f09aa4bcc9866a7360b5604486\"},\"breadcrumb\":{\"@id\":\"https:\/\/www.gaveanews.com\/index.php\/2025\/01\/20\/calleri-responde-propostas-para-deixar-o-sao-paulo\/#breadcrumb\"},\"inLanguage\":\"pt-BR\",\"potentialAction\":[{\"@type\":\"ReadAction\",\"target\":[\"https:\/\/www.gaveanews.com\/index.php\/2025\/01\/20\/calleri-responde-propostas-para-deixar-o-sao-paulo\/\"]}]},{\"@type\":\"ImageObject\",\"inLanguage\":\"pt-BR\",\"@id\":\"https:\/\/www.gaveanews.com\/index.php\/2025\/01\/20\/calleri-responde-propostas-para-deixar-o-sao-paulo\/#primaryimage\",\"url\":\"https:\/\/www.gaveanews.com\/wp-content\/uploads\/Jonathan-Calleri-em-acao-pelo-Sao-Paulo.webp\",\"contentUrl\":\"https:\/\/www.gaveanews.com\/wp-content\/uploads\/Jonathan-Calleri-em-acao-pelo-Sao-Paulo.webp\",\"width\":1080,\"height\":1346,\"caption\":\"Jonathan Calleri em a\u00e7\u00e3o pelo S\u00e3o Paulo (Foto: Reprodu\u00e7\u00e3o\/Instagram)\"},{\"@type\":\"BreadcrumbList\",\"@id\":\"https:\/\/www.gaveanews.com\/index.php\/2025\/01\/20\/calleri-responde-propostas-para-deixar-o-sao-paulo\/#breadcrumb\",\"itemListElement\":[{\"@type\":\"ListItem\",\"position\":1,\"name\":\"Home\",\"item\":\"https:\/\/www.gaveanews.com\/\"},{\"@type\":\"ListItem\",\"position\":2,\"name\":\"Calleri responde propostas para deixar o S\u00e3o Paulo\"}]},{\"@type\":\"WebSite\",\"@id\":\"https:\/\/www.gaveanews.com\/#website\",\"url\":\"https:\/\/www.gaveanews.com\/\",\"name\":\"G\u00e1vea News\",\"description\":\"Veja todas as not\u00edcias sobre o Flamengo: Contrata\u00e7\u00f5es, categorias de base, resultados das partidas, tabela de classifica\u00e7\u00e3o, pr\u00f3ximos jogos!\",\"potentialAction\":[{\"@type\":\"SearchAction\",\"target\":{\"@type\":\"EntryPoint\",\"urlTemplate\":\"https:\/\/www.gaveanews.com\/?s={search_term_string}\"},\"query-input\":{\"@type\":\"PropertyValueSpecification\",\"valueRequired\":true,\"valueName\":\"search_term_string\"}}],\"inLanguage\":\"pt-BR\"},{\"@type\":\"Person\",\"@id\":\"https:\/\/www.gaveanews.com\/#\/schema\/person\/6f5583f09aa4bcc9866a7360b5604486\",\"name\":\"Michel Camargo\",\"image\":{\"@type\":\"ImageObject\",\"inLanguage\":\"pt-BR\",\"@id\":\"https:\/\/www.gaveanews.com\/#\/schema\/person\/image\/\",\"url\":\"https:\/\/secure.gravatar.com\/avatar\/59285e68c26a1d55b30461b1bb1cc6534e5c51ef836b39890a73916a1db2d486?s=96&d=mm&r=g\",\"contentUrl\":\"https:\/\/secure.gravatar.com\/avatar\/59285e68c26a1d55b30461b1bb1cc6534e5c51ef836b39890a73916a1db2d486?s=96&d=mm&r=g\",\"caption\":\"Michel Camargo\"}}]}<\/script>\n<!-- \/ Yoast SEO Premium plugin. -->","yoast_head_json":{"title":"Calleri responde propostas para deixar o S\u00e3o Paulo","robots":{"index":"index","follow":"follow","max-snippet":"max-snippet:-1","max-image-preview":"max-image-preview:large","max-video-preview":"max-video-preview:-1"},"canonical":"https:\/\/www.gaveanews.com\/index.php\/2025\/01\/20\/calleri-responde-propostas-para-deixar-o-sao-paulo\/","og_locale":"pt_BR","og_type":"article","og_title":"Calleri responde propostas para deixar o S\u00e3o Paulo","og_description":"O jogador, Jonathan Calleri tem planos e ambi\u00e7\u00f5es com a camisa do\u00a0S\u00e3o Paulo. \u00cddolo do time e dos torcedor, o atacante de 31 anos admitiu ao\u00a0Globo Esporte que teve possibilidades de deixar o Tricolor nesta janela de transfer\u00eancias, mas que chegou \u00e0 conclus\u00e3o, junto \u00e0 diretoria, de que ainda h\u00e1 muita historia a se fazer [&hellip;]","og_url":"https:\/\/www.gaveanews.com\/index.php\/2025\/01\/20\/calleri-responde-propostas-para-deixar-o-sao-paulo\/","og_site_name":"G\u00e1vea News","article_publisher":"https:\/\/facebook.com\/gaveaNews\/","article_published_time":"2025-01-20T16:17:39+00:00","article_modified_time":"2025-01-20T16:17:43+00:00","og_image":[{"width":1080,"height":1346,"url":"https:\/\/www.gaveanews.com\/wp-content\/uploads\/Jonathan-Calleri-em-acao-pelo-Sao-Paulo.webp","type":"image\/jpeg"}],"author":"Michel Camargo","twitter_card":"summary_large_image","twitter_misc":{"Escrito por":"Michel Camargo","Est. tempo de leitura":"3 minutos"},"schema":{"@context":"https:\/\/schema.org","@graph":[{"@type":"NewsArticle","@id":"https:\/\/www.gaveanews.com\/index.php\/2025\/01\/20\/calleri-responde-propostas-para-deixar-o-sao-paulo\/#article","isPartOf":{"@id":"https:\/\/www.gaveanews.com\/index.php\/2025\/01\/20\/calleri-responde-propostas-para-deixar-o-sao-paulo\/"},"author":{"name":"Michel Camargo","@id":"https:\/\/www.gaveanews.com\/#\/schema\/person\/6f5583f09aa4bcc9866a7360b5604486"},"headline":"Calleri responde propostas para deixar o S\u00e3o Paulo","datePublished":"2025-01-20T16:17:39+00:00","dateModified":"2025-01-20T16:17:43+00:00","mainEntityOfPage":{"@id":"https:\/\/www.gaveanews.com\/index.php\/2025\/01\/20\/calleri-responde-propostas-para-deixar-o-sao-paulo\/"},"wordCount":485,"commentCount":0,"image":{"@id":"https:\/\/www.gaveanews.com\/index.php\/2025\/01\/20\/calleri-responde-propostas-para-deixar-o-sao-paulo\/#primaryimage"},"thumbnailUrl":"https:\/\/www.gaveanews.com\/wp-content\/uploads\/Jonathan-Calleri-em-acao-pelo-Sao-Paulo.webp","articleSection":["S\u00e3o Paulo"],"inLanguage":"pt-BR","potentialAction":[{"@type":"CommentAction","name":"Comment","target":["https:\/\/www.gaveanews.com\/index.php\/2025\/01\/20\/calleri-responde-propostas-para-deixar-o-sao-paulo\/#respond"]}],"copyrightYear":"2025","copyrightHolder":{"@id":"https:\/\/www.gaveanews.com\/#organization"}},{"@type":"WebPage","@id":"https:\/\/www.gaveanews.com\/index.php\/2025\/01\/20\/calleri-responde-propostas-para-deixar-o-sao-paulo\/","url":"https:\/\/www.gaveanews.com\/index.php\/2025\/01\/20\/calleri-responde-propostas-para-deixar-o-sao-paulo\/","name":"Calleri responde propostas para deixar o S\u00e3o Paulo","isPartOf":{"@id":"https:\/\/www.gaveanews.com\/#website"},"primaryImageOfPage":{"@id":"https:\/\/www.gaveanews.com\/index.php\/2025\/01\/20\/calleri-responde-propostas-para-deixar-o-sao-paulo\/#primaryimage"},"image":{"@id":"https:\/\/www.gaveanews.com\/index.php\/2025\/01\/20\/calleri-responde-propostas-para-deixar-o-sao-paulo\/#primaryimage"},"thumbnailUrl":"https:\/\/www.gaveanews.com\/wp-content\/uploads\/Jonathan-Calleri-em-acao-pelo-Sao-Paulo.webp","datePublished":"2025-01-20T16:17:39+00:00","dateModified":"2025-01-20T16:17:43+00:00","author":{"@id":"https:\/\/www.gaveanews.com\/#\/schema\/person\/6f5583f09aa4bcc9866a7360b5604486"},"breadcrumb":{"@id":"https:\/\/www.gaveanews.com\/index.php\/2025\/01\/20\/calleri-responde-propostas-para-deixar-o-sao-paulo\/#breadcrumb"},"inLanguage":"pt-BR","potentialAction":[{"@type":"ReadAction","target":["https:\/\/www.gaveanews.com\/index.php\/2025\/01\/20\/calleri-responde-propostas-para-deixar-o-sao-paulo\/"]}]},{"@type":"ImageObject","inLanguage":"pt-BR","@id":"https:\/\/www.gaveanews.com\/index.php\/2025\/01\/20\/calleri-responde-propostas-para-deixar-o-sao-paulo\/#primaryimage","url":"https:\/\/www.gaveanews.com\/wp-content\/uploads\/Jonathan-Calleri-em-acao-pelo-Sao-Paulo.webp","contentUrl":"https:\/\/www.gaveanews.com\/wp-content\/uploads\/Jonathan-Calleri-em-acao-pelo-Sao-Paulo.webp","width":1080,"height":1346,"caption":"Jonathan Calleri em a\u00e7\u00e3o pelo S\u00e3o Paulo (Foto: Reprodu\u00e7\u00e3o\/Instagram)"},{"@type":"BreadcrumbList","@id":"https:\/\/www.gaveanews.com\/index.php\/2025\/01\/20\/calleri-responde-propostas-para-deixar-o-sao-paulo\/#breadcrumb","itemListElement":[{"@type":"ListItem","position":1,"name":"Home","item":"https:\/\/www.gaveanews.com\/"},{"@type":"ListItem","position":2,"name":"Calleri responde propostas para deixar o S\u00e3o Paulo"}]},{"@type":"WebSite","@id":"https:\/\/www.gaveanews.com\/#website","url":"https:\/\/www.gaveanews.com\/","name":"G\u00e1vea News","description":"Veja todas as not\u00edcias sobre o Flamengo: Contrata\u00e7\u00f5es, categorias de base, resultados das partidas, tabela de classifica\u00e7\u00e3o, pr\u00f3ximos jogos!","potentialAction":[{"@type":"SearchAction","target":{"@type":"EntryPoint","urlTemplate":"https:\/\/www.gaveanews.com\/?s={search_term_string}"},"query-input":{"@type":"PropertyValueSpecification","valueRequired":true,"valueName":"search_term_string"}}],"inLanguage":"pt-BR"},{"@type":"Person","@id":"https:\/\/www.gaveanews.com\/#\/schema\/person\/6f5583f09aa4bcc9866a7360b5604486","name":"Michel Camargo","image":{"@type":"ImageObject","inLanguage":"pt-BR","@id":"https:\/\/www.gaveanews.com\/#\/schema\/person\/image\/","url":"https:\/\/secure.gravatar.com\/avatar\/59285e68c26a1d55b30461b1bb1cc6534e5c51ef836b39890a73916a1db2d486?s=96&d=mm&r=g","contentUrl":"https:\/\/secure.gravatar.com\/avatar\/59285e68c26a1d55b30461b1bb1cc6534e5c51ef836b39890a73916a1db2d486?s=96&d=mm&r=g","caption":"Michel Camargo"}}]}},"_links":{"self":[{"href":"https:\/\/www.gaveanews.com\/index.php\/wp-json\/wp\/v2\/posts\/215258","targetHints":{"allow":["GET"]}}],"collection":[{"href":"https:\/\/www.gaveanews.com\/index.php\/wp-json\/wp\/v2\/posts"}],"about":[{"href":"https:\/\/www.gaveanews.com\/index.php\/wp-json\/wp\/v2\/types\/post"}],"author":[{"embeddable":true,"href":"https:\/\/www.gaveanews.com\/index.php\/wp-json\/wp\/v2\/users\/31"}],"replies":[{"embeddable":true,"href":"https:\/\/www.gaveanews.com\/index.php\/wp-json\/wp\/v2\/comments?post=215258"}],"version-history":[{"count":1,"href":"https:\/\/www.gaveanews.com\/index.php\/wp-json\/wp\/v2\/posts\/215258\/revisions"}],"predecessor-version":[{"id":215263,"href":"https:\/\/www.gaveanews.com\/index.php\/wp-json\/wp\/v2\/posts\/215258\/revisions\/215263"}],"wp:featuredmedia":[{"embeddable":true,"href":"https:\/\/www.gaveanews.com\/index.php\/wp-json\/wp\/v2\/media\/148324"}],"wp:attachment":[{"href":"https:\/\/www.gaveanews.com\/index.php\/wp-json\/wp\/v2\/media?parent=215258"}],"wp:term":[{"taxonomy":"category","embeddable":true,"href":"https:\/\/www.gaveanews.com\/index.php\/wp-json\/wp\/v2\/categories?post=215258"},{"taxonomy":"post_tag","embeddable":true,"href":"https:\/\/www.gaveanews.com\/index.php\/wp-json\/wp\/v2\/tags?post=215258"}],"curies":[{"name":"wp","href":"https:\/\/api.w.org\/{rel}","templated":true}]}}