{"id":215332,"date":"2025-01-20T16:45:00","date_gmt":"2025-01-20T19:45:00","guid":{"rendered":"https:\/\/www.gaveanews.com\/?p=215332"},"modified":"2025-01-20T16:32:38","modified_gmt":"2025-01-20T19:32:38","slug":"santos-x-palmeiras-a-escalacao-escolhida-por-pedro-caixinha","status":"publish","type":"post","link":"https:\/\/www.gaveanews.com\/index.php\/2025\/01\/20\/santos-x-palmeiras-a-escalacao-escolhida-por-pedro-caixinha\/","title":{"rendered":"Santos x Palmeiras: a escala\u00e7\u00e3o escolhida por Pedro Caixinha"},"content":{"rendered":"\n<p>O Campeonato Paulista 2025 promete emo\u00e7\u00f5es fortes, e o Santos se prepara para um dos seus maiores desafios logo na terceira rodada. Nesta quarta-feira, 22, o Peixe recebe o Palmeiras na Vila Belmiro.&nbsp;<\/p>\n\n\n\n<ul class=\"wp-block-list\">\n<li><a href=\"https:\/\/www.gaveanews.com\/index.php\/2025\/01\/19\/adeus-atacante-vai-deixar-o-santos\/\">Adeus! Atacante vai deixar o Santos<\/a><\/li>\n\n\n\n<li><a href=\"https:\/\/www.gaveanews.com\/index.php\/2025\/01\/20\/santos-atualizacao-sobre-a-chegada-de-neymar\/\">Santos: atualiza\u00e7\u00e3o sobre a chegada de Neymar<\/a><\/li>\n<\/ul>\n\n\n\n<p>Ap\u00f3s vencer o Mirassol e empatar com a Ponte Preta, a equipe comandada por Pedro Caixinha entra em campo com a miss\u00e3o de manter a invencibilidade e confirmar o bom in\u00edcio de temporada.&nbsp;<\/p>\n\n\n\n<p>O t\u00e9cnico, que fez altera\u00e7\u00f5es no elenco no \u00faltimo fim de semana, agora planeja a for\u00e7a m\u00e1xima para enfrentar o rival, com alguns retornos importantes.&nbsp;<\/p>\n\n\n\n<h2 class=\"wp-block-heading\" id=\"h-escalacao-do-santos-quem-deve-comecar-o-jogo\">Escala\u00e7\u00e3o do Santos: quem deve come\u00e7ar o jogo<\/h2>\n\n\n\n<h3 class=\"wp-block-heading\" id=\"h-goleiro-nbsp\"><strong>Goleiro:<\/strong>&nbsp;<\/h3>\n\n\n\n<figure class=\"wp-block-image size-large\"><img loading=\"lazy\" decoding=\"async\" width=\"822\" height=\"1024\" src=\"https:\/\/www.gaveanews.com\/wp-content\/uploads\/Gabriel-Brazao-em-acao-pelo-Santos-822x1024.webp\" alt=\"\" class=\"wp-image-151180\" srcset=\"https:\/\/www.gaveanews.com\/wp-content\/uploads\/Gabriel-Brazao-em-acao-pelo-Santos-822x1024.webp 822w, https:\/\/www.gaveanews.com\/wp-content\/uploads\/Gabriel-Brazao-em-acao-pelo-Santos-241x300.webp 241w, https:\/\/www.gaveanews.com\/wp-content\/uploads\/Gabriel-Brazao-em-acao-pelo-Santos-768x957.webp 768w, https:\/\/www.gaveanews.com\/wp-content\/uploads\/Gabriel-Brazao-em-acao-pelo-Santos-337x420.webp 337w, https:\/\/www.gaveanews.com\/wp-content\/uploads\/Gabriel-Brazao-em-acao-pelo-Santos-674x840.webp 674w, https:\/\/www.gaveanews.com\/wp-content\/uploads\/Gabriel-Brazao-em-acao-pelo-Santos-640x798.webp 640w, https:\/\/www.gaveanews.com\/wp-content\/uploads\/Gabriel-Brazao-em-acao-pelo-Santos-681x849.webp 681w, https:\/\/www.gaveanews.com\/wp-content\/uploads\/Gabriel-Brazao-em-acao-pelo-Santos-100x125.webp 100w, https:\/\/www.gaveanews.com\/wp-content\/uploads\/Gabriel-Brazao-em-acao-pelo-Santos.webp 1080w\" sizes=\"auto, (max-width: 822px) 100vw, 822px\" \/><figcaption class=\"wp-element-caption\">Gabriel Braz\u00e3o em a\u00e7\u00e3o pelo Santos (Foto: Reprodu\u00e7\u00e3o\/Instagram)<\/figcaption><\/figure>\n\n\n\n<p>A presen\u00e7a de Gabriel Braz\u00e3o como titular do gol do Santos \u00e9 uma das boas not\u00edcias do in\u00edcio de 2025. Ele tem mostrado boa forma e, portanto, \u00e9 o nome certo para defender a meta santista no cl\u00e1ssico. Com isso, o goleiro n\u00e3o ficar\u00e1 fora da partida contra o Palmeiras.<\/p>\n\n\n\n<h3 class=\"wp-block-heading\" id=\"h-defesa-ajustes-e-disputas-de-posicao\"><strong>Defesa: ajustes e disputas de posi\u00e7\u00e3o<\/strong><\/h3>\n\n\n\n<figure class=\"wp-block-image size-full\"><img loading=\"lazy\" decoding=\"async\" width=\"903\" height=\"595\" src=\"https:\/\/www.gaveanews.com\/wp-content\/uploads\/cruzeiro-cruzeiro-ze-ivaldo-athletico-1719452061.webp\" alt=\"\" class=\"wp-image-149562\" srcset=\"https:\/\/www.gaveanews.com\/wp-content\/uploads\/cruzeiro-cruzeiro-ze-ivaldo-athletico-1719452061.webp 903w, https:\/\/www.gaveanews.com\/wp-content\/uploads\/cruzeiro-cruzeiro-ze-ivaldo-athletico-1719452061-300x198.webp 300w, https:\/\/www.gaveanews.com\/wp-content\/uploads\/cruzeiro-cruzeiro-ze-ivaldo-athletico-1719452061-768x506.webp 768w, https:\/\/www.gaveanews.com\/wp-content\/uploads\/cruzeiro-cruzeiro-ze-ivaldo-athletico-1719452061-637x420.webp 637w, https:\/\/www.gaveanews.com\/wp-content\/uploads\/cruzeiro-cruzeiro-ze-ivaldo-athletico-1719452061-640x422.webp 640w, https:\/\/www.gaveanews.com\/wp-content\/uploads\/cruzeiro-cruzeiro-ze-ivaldo-athletico-1719452061-681x449.webp 681w, https:\/\/www.gaveanews.com\/wp-content\/uploads\/cruzeiro-cruzeiro-ze-ivaldo-athletico-1719452061-100x66.webp 100w\" sizes=\"auto, (max-width: 903px) 100vw, 903px\" \/><figcaption class=\"wp-element-caption\">Z\u00e9 Ivaldo &#8211; Foto: Gustavo Aleixo\/Cruzeiro\n<\/figcaption><\/figure>\n\n\n\n<p>No setor defensivo, o t\u00e9cnico Caixinha ainda tem algumas escolhas a fazer. No lado direito da defesa, JP Chermont segue como titular, mas a briga pela posi\u00e7\u00e3o com L\u00e9o Godoy ainda est\u00e1 em aberto.&nbsp;<\/p>\n\n\n\n<p>Na zaga, Jo\u00e3o Basso, apesar de n\u00e3o ter brilhado na estreia, deve ser mantido entre os titulares, com Z\u00e9 Ivaldo sendo uma op\u00e7\u00e3o. J\u00e1 Luan Peres, apesar de buscar recuperar seu melhor futebol, tem sido fundamental para o sistema defensivo e, por isso, continuar\u00e1 no time inicial.&nbsp;<\/p>\n\n\n\n<p>Escobar, mesmo com uma queda de produ\u00e7\u00e3o no \u00faltimo jogo, tamb\u00e9m segue como titular, dado a falta de concorr\u00eancia forte.<\/p>\n\n\n\n<h3 class=\"wp-block-heading\" id=\"h-meio-de-campo-as-liderancas-do-peixe\"><strong>Meio de campo: as lideran\u00e7as do Peixe<\/strong><\/h3>\n\n\n\n<figure class=\"wp-block-image size-large\"><img loading=\"lazy\" decoding=\"async\" width=\"820\" height=\"1024\" src=\"https:\/\/www.gaveanews.com\/wp-content\/uploads\/Tomas-Rincon-em-acao-pelo-Santos-820x1024.webp\" alt=\"\" class=\"wp-image-161521\" srcset=\"https:\/\/www.gaveanews.com\/wp-content\/uploads\/Tomas-Rincon-em-acao-pelo-Santos-820x1024.webp 820w, https:\/\/www.gaveanews.com\/wp-content\/uploads\/Tomas-Rincon-em-acao-pelo-Santos-240x300.webp 240w, https:\/\/www.gaveanews.com\/wp-content\/uploads\/Tomas-Rincon-em-acao-pelo-Santos-768x959.webp 768w, https:\/\/www.gaveanews.com\/wp-content\/uploads\/Tomas-Rincon-em-acao-pelo-Santos-336x420.webp 336w, https:\/\/www.gaveanews.com\/wp-content\/uploads\/Tomas-Rincon-em-acao-pelo-Santos-672x840.webp 672w, https:\/\/www.gaveanews.com\/wp-content\/uploads\/Tomas-Rincon-em-acao-pelo-Santos-640x799.webp 640w, https:\/\/www.gaveanews.com\/wp-content\/uploads\/Tomas-Rincon-em-acao-pelo-Santos-681x851.webp 681w, https:\/\/www.gaveanews.com\/wp-content\/uploads\/Tomas-Rincon-em-acao-pelo-Santos-100x125.webp 100w, https:\/\/www.gaveanews.com\/wp-content\/uploads\/Tomas-Rincon-em-acao-pelo-Santos.webp 1080w\" sizes=\"auto, (max-width: 820px) 100vw, 820px\" \/><figcaption class=\"wp-element-caption\">Toma\u0301s Rinco\u0301n em a\u00e7\u00e3o pelo Santos (Foto: Raul Baretta\/Santos)<\/figcaption><\/figure>\n\n\n\n<p>No meio-campo, Tom\u00e1s Rinc\u00f3n \u00e9 a pe\u00e7a chave. Com seu estilo combativo, ele tem sido um dos principais respons\u00e1veis pela prote\u00e7\u00e3o da defesa, dando seguran\u00e7a ao time.&nbsp;<\/p>\n\n\n\n<p>Junto a ele, Diego Pituca segue como capit\u00e3o e tamb\u00e9m titular. Apesar de ainda estar se ajustando aos m\u00e9todos de Caixinha, a entrega e dedica\u00e7\u00e3o de Pituca compensam eventuais falhas.&nbsp;<\/p>\n\n\n\n<p>Vale destacar que Yeferson Soteldo, ausente no \u00faltimo jogo devido a uma entorse no tornozelo, deve estar 100% e pronto para brilhar novamente, dado sua import\u00e2ncia para o time.<\/p>\n\n\n\n<h3 class=\"wp-block-heading\" id=\"h-ataque-a-busca-por-entrosamento\"><strong>Ataque: a busca por entrosamento<\/strong><\/h3>\n\n\n\n<figure class=\"wp-block-image size-large\"><img loading=\"lazy\" decoding=\"async\" width=\"819\" height=\"1024\" src=\"https:\/\/www.gaveanews.com\/wp-content\/uploads\/Guilherme-com-a-camisa-do-Santos-819x1024.webp\" alt=\"\" class=\"wp-image-153905\" srcset=\"https:\/\/www.gaveanews.com\/wp-content\/uploads\/Guilherme-com-a-camisa-do-Santos-819x1024.webp 819w, https:\/\/www.gaveanews.com\/wp-content\/uploads\/Guilherme-com-a-camisa-do-Santos-240x300.webp 240w, https:\/\/www.gaveanews.com\/wp-content\/uploads\/Guilherme-com-a-camisa-do-Santos-768x960.webp 768w, https:\/\/www.gaveanews.com\/wp-content\/uploads\/Guilherme-com-a-camisa-do-Santos-1229x1536.webp 1229w, https:\/\/www.gaveanews.com\/wp-content\/uploads\/Guilherme-com-a-camisa-do-Santos-336x420.webp 336w, https:\/\/www.gaveanews.com\/wp-content\/uploads\/Guilherme-com-a-camisa-do-Santos-672x840.webp 672w, https:\/\/www.gaveanews.com\/wp-content\/uploads\/Guilherme-com-a-camisa-do-Santos-640x800.webp 640w, https:\/\/www.gaveanews.com\/wp-content\/uploads\/Guilherme-com-a-camisa-do-Santos-681x851.webp 681w, https:\/\/www.gaveanews.com\/wp-content\/uploads\/Guilherme-com-a-camisa-do-Santos-100x125.webp 100w, https:\/\/www.gaveanews.com\/wp-content\/uploads\/Guilherme-com-a-camisa-do-Santos.webp 1280w\" sizes=\"auto, (max-width: 819px) 100vw, 819px\" \/><figcaption class=\"wp-element-caption\">Guilherme Augusto Vieira com a camisa do Santos (Foto: Reprodu\u00e7\u00e3o\/Santos)<\/figcaption><\/figure>\n\n\n\n<p>No ataque, Lucas Braga tem mostrado esfor\u00e7o, mas ainda n\u00e3o conseguiu exibir o desempenho esperado para 2025. Wendel Silva, que tamb\u00e9m n\u00e3o teve grandes atua\u00e7\u00f5es at\u00e9 o momento, tem mais uma oportunidade para se firmar como titular.&nbsp;<\/p>\n\n\n\n<p>Por fim, Guilherme, artilheiro do Santos no ano passado, segue como destaque do time. Ap\u00f3s marcar dois gols contra o Mirassol e garantir o empate na rodada passada, ele continua sendo uma pe\u00e7a essencial para o ataque santista.<\/p>\n","protected":false},"excerpt":{"rendered":"<p>O Campeonato Paulista 2025 promete emo\u00e7\u00f5es fortes, e o Santos se prepara para um dos seus maiores desafios logo na terceira rodada. Nesta quarta-feira, 22, o Peixe recebe o Palmeiras na Vila Belmiro.&nbsp; Ap\u00f3s vencer o Mirassol e empatar com a Ponte Preta, a equipe comandada por Pedro Caixinha entra em campo com a miss\u00e3o [&hellip;]<\/p>\n","protected":false},"author":25,"featured_media":152156,"comment_status":"open","ping_status":"closed","sticky":false,"template":"","format":"standard","meta":{"footnotes":""},"categories":[139],"tags":[],"class_list":["post-215332","post","type-post","status-publish","format-standard","has-post-thumbnail","hentry","category-santos"],"yoast_head":"<!-- This site is optimized with the Yoast SEO Premium plugin v24.2 (Yoast SEO v26.9) - https:\/\/yoast.com\/product\/yoast-seo-premium-wordpress\/ -->\n<title>Santos x Palmeiras: a escala\u00e7\u00e3o escolhida por Pedro Caixinha<\/title>\n<meta name=\"robots\" content=\"index, follow, max-snippet:-1, max-image-preview:large, max-video-preview:-1\" \/>\n<link rel=\"canonical\" href=\"https:\/\/www.gaveanews.com\/index.php\/2025\/01\/20\/santos-x-palmeiras-a-escalacao-escolhida-por-pedro-caixinha\/\" \/>\n<meta property=\"og:locale\" content=\"pt_BR\" \/>\n<meta property=\"og:type\" content=\"article\" \/>\n<meta property=\"og:title\" content=\"Santos x Palmeiras: a escala\u00e7\u00e3o escolhida por Pedro Caixinha\" \/>\n<meta property=\"og:description\" content=\"O Campeonato Paulista 2025 promete emo\u00e7\u00f5es fortes, e o Santos se prepara para um dos seus maiores desafios logo na terceira rodada. Nesta quarta-feira, 22, o Peixe recebe o Palmeiras na Vila Belmiro.&nbsp; Ap\u00f3s vencer o Mirassol e empatar com a Ponte Preta, a equipe comandada por Pedro Caixinha entra em campo com a miss\u00e3o [&hellip;]\" \/>\n<meta property=\"og:url\" content=\"https:\/\/www.gaveanews.com\/index.php\/2025\/01\/20\/santos-x-palmeiras-a-escalacao-escolhida-por-pedro-caixinha\/\" \/>\n<meta property=\"og:site_name\" content=\"G\u00e1vea News\" \/>\n<meta property=\"article:publisher\" content=\"https:\/\/facebook.com\/gaveaNews\/\" \/>\n<meta property=\"article:published_time\" content=\"2025-01-20T19:45:00+00:00\" \/>\n<meta property=\"og:image\" content=\"https:\/\/www.gaveanews.com\/wp-content\/uploads\/Escudo-do-Santos-1.webp\" \/>\n\t<meta property=\"og:image:width\" content=\"1300\" \/>\n\t<meta property=\"og:image:height\" content=\"1056\" \/>\n\t<meta property=\"og:image:type\" content=\"image\/webp\" \/>\n<meta name=\"author\" content=\"Rafaela Ladeira\" \/>\n<meta name=\"twitter:card\" content=\"summary_large_image\" \/>\n<meta name=\"twitter:label1\" content=\"Escrito por\" \/>\n\t<meta name=\"twitter:data1\" content=\"Rafaela Ladeira\" \/>\n\t<meta name=\"twitter:label2\" content=\"Est. tempo de leitura\" \/>\n\t<meta name=\"twitter:data2\" content=\"4 minutos\" \/>\n<script type=\"application\/ld+json\" class=\"yoast-schema-graph\">{\"@context\":\"https:\/\/schema.org\",\"@graph\":[{\"@type\":\"NewsArticle\",\"@id\":\"https:\/\/www.gaveanews.com\/index.php\/2025\/01\/20\/santos-x-palmeiras-a-escalacao-escolhida-por-pedro-caixinha\/#article\",\"isPartOf\":{\"@id\":\"https:\/\/www.gaveanews.com\/index.php\/2025\/01\/20\/santos-x-palmeiras-a-escalacao-escolhida-por-pedro-caixinha\/\"},\"author\":{\"name\":\"Rafaela Ladeira\",\"@id\":\"https:\/\/www.gaveanews.com\/#\/schema\/person\/0eb3e3fe1754f0205218538adbe8f5ed\"},\"headline\":\"Santos x Palmeiras: a escala\u00e7\u00e3o escolhida por Pedro Caixinha\",\"datePublished\":\"2025-01-20T19:45:00+00:00\",\"mainEntityOfPage\":{\"@id\":\"https:\/\/www.gaveanews.com\/index.php\/2025\/01\/20\/santos-x-palmeiras-a-escalacao-escolhida-por-pedro-caixinha\/\"},\"wordCount\":544,\"commentCount\":0,\"image\":{\"@id\":\"https:\/\/www.gaveanews.com\/index.php\/2025\/01\/20\/santos-x-palmeiras-a-escalacao-escolhida-por-pedro-caixinha\/#primaryimage\"},\"thumbnailUrl\":\"https:\/\/www.gaveanews.com\/wp-content\/uploads\/Escudo-do-Santos-1.webp\",\"articleSection\":[\"Santos\"],\"inLanguage\":\"pt-BR\",\"potentialAction\":[{\"@type\":\"CommentAction\",\"name\":\"Comment\",\"target\":[\"https:\/\/www.gaveanews.com\/index.php\/2025\/01\/20\/santos-x-palmeiras-a-escalacao-escolhida-por-pedro-caixinha\/#respond\"]}],\"copyrightYear\":\"2025\",\"copyrightHolder\":{\"@id\":\"https:\/\/www.gaveanews.com\/#organization\"}},{\"@type\":\"WebPage\",\"@id\":\"https:\/\/www.gaveanews.com\/index.php\/2025\/01\/20\/santos-x-palmeiras-a-escalacao-escolhida-por-pedro-caixinha\/\",\"url\":\"https:\/\/www.gaveanews.com\/index.php\/2025\/01\/20\/santos-x-palmeiras-a-escalacao-escolhida-por-pedro-caixinha\/\",\"name\":\"Santos x Palmeiras: a escala\u00e7\u00e3o escolhida por Pedro Caixinha\",\"isPartOf\":{\"@id\":\"https:\/\/www.gaveanews.com\/#website\"},\"primaryImageOfPage\":{\"@id\":\"https:\/\/www.gaveanews.com\/index.php\/2025\/01\/20\/santos-x-palmeiras-a-escalacao-escolhida-por-pedro-caixinha\/#primaryimage\"},\"image\":{\"@id\":\"https:\/\/www.gaveanews.com\/index.php\/2025\/01\/20\/santos-x-palmeiras-a-escalacao-escolhida-por-pedro-caixinha\/#primaryimage\"},\"thumbnailUrl\":\"https:\/\/www.gaveanews.com\/wp-content\/uploads\/Escudo-do-Santos-1.webp\",\"datePublished\":\"2025-01-20T19:45:00+00:00\",\"author\":{\"@id\":\"https:\/\/www.gaveanews.com\/#\/schema\/person\/0eb3e3fe1754f0205218538adbe8f5ed\"},\"breadcrumb\":{\"@id\":\"https:\/\/www.gaveanews.com\/index.php\/2025\/01\/20\/santos-x-palmeiras-a-escalacao-escolhida-por-pedro-caixinha\/#breadcrumb\"},\"inLanguage\":\"pt-BR\",\"potentialAction\":[{\"@type\":\"ReadAction\",\"target\":[\"https:\/\/www.gaveanews.com\/index.php\/2025\/01\/20\/santos-x-palmeiras-a-escalacao-escolhida-por-pedro-caixinha\/\"]}]},{\"@type\":\"ImageObject\",\"inLanguage\":\"pt-BR\",\"@id\":\"https:\/\/www.gaveanews.com\/index.php\/2025\/01\/20\/santos-x-palmeiras-a-escalacao-escolhida-por-pedro-caixinha\/#primaryimage\",\"url\":\"https:\/\/www.gaveanews.com\/wp-content\/uploads\/Escudo-do-Santos-1.webp\",\"contentUrl\":\"https:\/\/www.gaveanews.com\/wp-content\/uploads\/Escudo-do-Santos-1.webp\",\"width\":1300,\"height\":1056,\"caption\":\"Escudo do Santos (Foto: Reprodu\u00e7\u00e3o\/Instagram)\"},{\"@type\":\"BreadcrumbList\",\"@id\":\"https:\/\/www.gaveanews.com\/index.php\/2025\/01\/20\/santos-x-palmeiras-a-escalacao-escolhida-por-pedro-caixinha\/#breadcrumb\",\"itemListElement\":[{\"@type\":\"ListItem\",\"position\":1,\"name\":\"Home\",\"item\":\"https:\/\/www.gaveanews.com\/\"},{\"@type\":\"ListItem\",\"position\":2,\"name\":\"Santos x Palmeiras: a escala\u00e7\u00e3o escolhida por Pedro Caixinha\"}]},{\"@type\":\"WebSite\",\"@id\":\"https:\/\/www.gaveanews.com\/#website\",\"url\":\"https:\/\/www.gaveanews.com\/\",\"name\":\"G\u00e1vea News\",\"description\":\"Veja todas as not\u00edcias sobre o Flamengo: Contrata\u00e7\u00f5es, categorias de base, resultados das partidas, tabela de classifica\u00e7\u00e3o, pr\u00f3ximos jogos!\",\"potentialAction\":[{\"@type\":\"SearchAction\",\"target\":{\"@type\":\"EntryPoint\",\"urlTemplate\":\"https:\/\/www.gaveanews.com\/?s={search_term_string}\"},\"query-input\":{\"@type\":\"PropertyValueSpecification\",\"valueRequired\":true,\"valueName\":\"search_term_string\"}}],\"inLanguage\":\"pt-BR\"},{\"@type\":\"Person\",\"@id\":\"https:\/\/www.gaveanews.com\/#\/schema\/person\/0eb3e3fe1754f0205218538adbe8f5ed\",\"name\":\"Rafaela Ladeira\",\"image\":{\"@type\":\"ImageObject\",\"inLanguage\":\"pt-BR\",\"@id\":\"https:\/\/www.gaveanews.com\/#\/schema\/person\/image\/\",\"url\":\"https:\/\/secure.gravatar.com\/avatar\/c31f513acffd85eacab5730cbdfdbbf59f21ba5aeada8cd890acea879fbb2455?s=96&d=mm&r=g\",\"contentUrl\":\"https:\/\/secure.gravatar.com\/avatar\/c31f513acffd85eacab5730cbdfdbbf59f21ba5aeada8cd890acea879fbb2455?s=96&d=mm&r=g\",\"caption\":\"Rafaela Ladeira\"}}]}<\/script>\n<!-- \/ Yoast SEO Premium plugin. -->","yoast_head_json":{"title":"Santos x Palmeiras: a escala\u00e7\u00e3o escolhida por Pedro Caixinha","robots":{"index":"index","follow":"follow","max-snippet":"max-snippet:-1","max-image-preview":"max-image-preview:large","max-video-preview":"max-video-preview:-1"},"canonical":"https:\/\/www.gaveanews.com\/index.php\/2025\/01\/20\/santos-x-palmeiras-a-escalacao-escolhida-por-pedro-caixinha\/","og_locale":"pt_BR","og_type":"article","og_title":"Santos x Palmeiras: a escala\u00e7\u00e3o escolhida por Pedro Caixinha","og_description":"O Campeonato Paulista 2025 promete emo\u00e7\u00f5es fortes, e o Santos se prepara para um dos seus maiores desafios logo na terceira rodada. Nesta quarta-feira, 22, o Peixe recebe o Palmeiras na Vila Belmiro.&nbsp; Ap\u00f3s vencer o Mirassol e empatar com a Ponte Preta, a equipe comandada por Pedro Caixinha entra em campo com a miss\u00e3o [&hellip;]","og_url":"https:\/\/www.gaveanews.com\/index.php\/2025\/01\/20\/santos-x-palmeiras-a-escalacao-escolhida-por-pedro-caixinha\/","og_site_name":"G\u00e1vea News","article_publisher":"https:\/\/facebook.com\/gaveaNews\/","article_published_time":"2025-01-20T19:45:00+00:00","og_image":[{"width":1300,"height":1056,"url":"https:\/\/www.gaveanews.com\/wp-content\/uploads\/Escudo-do-Santos-1.webp","type":"image\/webp"}],"author":"Rafaela Ladeira","twitter_card":"summary_large_image","twitter_misc":{"Escrito por":"Rafaela Ladeira","Est. tempo de leitura":"4 minutos"},"schema":{"@context":"https:\/\/schema.org","@graph":[{"@type":"NewsArticle","@id":"https:\/\/www.gaveanews.com\/index.php\/2025\/01\/20\/santos-x-palmeiras-a-escalacao-escolhida-por-pedro-caixinha\/#article","isPartOf":{"@id":"https:\/\/www.gaveanews.com\/index.php\/2025\/01\/20\/santos-x-palmeiras-a-escalacao-escolhida-por-pedro-caixinha\/"},"author":{"name":"Rafaela Ladeira","@id":"https:\/\/www.gaveanews.com\/#\/schema\/person\/0eb3e3fe1754f0205218538adbe8f5ed"},"headline":"Santos x Palmeiras: a escala\u00e7\u00e3o escolhida por Pedro Caixinha","datePublished":"2025-01-20T19:45:00+00:00","mainEntityOfPage":{"@id":"https:\/\/www.gaveanews.com\/index.php\/2025\/01\/20\/santos-x-palmeiras-a-escalacao-escolhida-por-pedro-caixinha\/"},"wordCount":544,"commentCount":0,"image":{"@id":"https:\/\/www.gaveanews.com\/index.php\/2025\/01\/20\/santos-x-palmeiras-a-escalacao-escolhida-por-pedro-caixinha\/#primaryimage"},"thumbnailUrl":"https:\/\/www.gaveanews.com\/wp-content\/uploads\/Escudo-do-Santos-1.webp","articleSection":["Santos"],"inLanguage":"pt-BR","potentialAction":[{"@type":"CommentAction","name":"Comment","target":["https:\/\/www.gaveanews.com\/index.php\/2025\/01\/20\/santos-x-palmeiras-a-escalacao-escolhida-por-pedro-caixinha\/#respond"]}],"copyrightYear":"2025","copyrightHolder":{"@id":"https:\/\/www.gaveanews.com\/#organization"}},{"@type":"WebPage","@id":"https:\/\/www.gaveanews.com\/index.php\/2025\/01\/20\/santos-x-palmeiras-a-escalacao-escolhida-por-pedro-caixinha\/","url":"https:\/\/www.gaveanews.com\/index.php\/2025\/01\/20\/santos-x-palmeiras-a-escalacao-escolhida-por-pedro-caixinha\/","name":"Santos x Palmeiras: a escala\u00e7\u00e3o escolhida por Pedro Caixinha","isPartOf":{"@id":"https:\/\/www.gaveanews.com\/#website"},"primaryImageOfPage":{"@id":"https:\/\/www.gaveanews.com\/index.php\/2025\/01\/20\/santos-x-palmeiras-a-escalacao-escolhida-por-pedro-caixinha\/#primaryimage"},"image":{"@id":"https:\/\/www.gaveanews.com\/index.php\/2025\/01\/20\/santos-x-palmeiras-a-escalacao-escolhida-por-pedro-caixinha\/#primaryimage"},"thumbnailUrl":"https:\/\/www.gaveanews.com\/wp-content\/uploads\/Escudo-do-Santos-1.webp","datePublished":"2025-01-20T19:45:00+00:00","author":{"@id":"https:\/\/www.gaveanews.com\/#\/schema\/person\/0eb3e3fe1754f0205218538adbe8f5ed"},"breadcrumb":{"@id":"https:\/\/www.gaveanews.com\/index.php\/2025\/01\/20\/santos-x-palmeiras-a-escalacao-escolhida-por-pedro-caixinha\/#breadcrumb"},"inLanguage":"pt-BR","potentialAction":[{"@type":"ReadAction","target":["https:\/\/www.gaveanews.com\/index.php\/2025\/01\/20\/santos-x-palmeiras-a-escalacao-escolhida-por-pedro-caixinha\/"]}]},{"@type":"ImageObject","inLanguage":"pt-BR","@id":"https:\/\/www.gaveanews.com\/index.php\/2025\/01\/20\/santos-x-palmeiras-a-escalacao-escolhida-por-pedro-caixinha\/#primaryimage","url":"https:\/\/www.gaveanews.com\/wp-content\/uploads\/Escudo-do-Santos-1.webp","contentUrl":"https:\/\/www.gaveanews.com\/wp-content\/uploads\/Escudo-do-Santos-1.webp","width":1300,"height":1056,"caption":"Escudo do Santos (Foto: Reprodu\u00e7\u00e3o\/Instagram)"},{"@type":"BreadcrumbList","@id":"https:\/\/www.gaveanews.com\/index.php\/2025\/01\/20\/santos-x-palmeiras-a-escalacao-escolhida-por-pedro-caixinha\/#breadcrumb","itemListElement":[{"@type":"ListItem","position":1,"name":"Home","item":"https:\/\/www.gaveanews.com\/"},{"@type":"ListItem","position":2,"name":"Santos x Palmeiras: a escala\u00e7\u00e3o escolhida por Pedro Caixinha"}]},{"@type":"WebSite","@id":"https:\/\/www.gaveanews.com\/#website","url":"https:\/\/www.gaveanews.com\/","name":"G\u00e1vea News","description":"Veja todas as not\u00edcias sobre o Flamengo: Contrata\u00e7\u00f5es, categorias de base, resultados das partidas, tabela de classifica\u00e7\u00e3o, pr\u00f3ximos jogos!","potentialAction":[{"@type":"SearchAction","target":{"@type":"EntryPoint","urlTemplate":"https:\/\/www.gaveanews.com\/?s={search_term_string}"},"query-input":{"@type":"PropertyValueSpecification","valueRequired":true,"valueName":"search_term_string"}}],"inLanguage":"pt-BR"},{"@type":"Person","@id":"https:\/\/www.gaveanews.com\/#\/schema\/person\/0eb3e3fe1754f0205218538adbe8f5ed","name":"Rafaela Ladeira","image":{"@type":"ImageObject","inLanguage":"pt-BR","@id":"https:\/\/www.gaveanews.com\/#\/schema\/person\/image\/","url":"https:\/\/secure.gravatar.com\/avatar\/c31f513acffd85eacab5730cbdfdbbf59f21ba5aeada8cd890acea879fbb2455?s=96&d=mm&r=g","contentUrl":"https:\/\/secure.gravatar.com\/avatar\/c31f513acffd85eacab5730cbdfdbbf59f21ba5aeada8cd890acea879fbb2455?s=96&d=mm&r=g","caption":"Rafaela Ladeira"}}]}},"_links":{"self":[{"href":"https:\/\/www.gaveanews.com\/index.php\/wp-json\/wp\/v2\/posts\/215332","targetHints":{"allow":["GET"]}}],"collection":[{"href":"https:\/\/www.gaveanews.com\/index.php\/wp-json\/wp\/v2\/posts"}],"about":[{"href":"https:\/\/www.gaveanews.com\/index.php\/wp-json\/wp\/v2\/types\/post"}],"author":[{"embeddable":true,"href":"https:\/\/www.gaveanews.com\/index.php\/wp-json\/wp\/v2\/users\/25"}],"replies":[{"embeddable":true,"href":"https:\/\/www.gaveanews.com\/index.php\/wp-json\/wp\/v2\/comments?post=215332"}],"version-history":[{"count":1,"href":"https:\/\/www.gaveanews.com\/index.php\/wp-json\/wp\/v2\/posts\/215332\/revisions"}],"predecessor-version":[{"id":215334,"href":"https:\/\/www.gaveanews.com\/index.php\/wp-json\/wp\/v2\/posts\/215332\/revisions\/215334"}],"wp:featuredmedia":[{"embeddable":true,"href":"https:\/\/www.gaveanews.com\/index.php\/wp-json\/wp\/v2\/media\/152156"}],"wp:attachment":[{"href":"https:\/\/www.gaveanews.com\/index.php\/wp-json\/wp\/v2\/media?parent=215332"}],"wp:term":[{"taxonomy":"category","embeddable":true,"href":"https:\/\/www.gaveanews.com\/index.php\/wp-json\/wp\/v2\/categories?post=215332"},{"taxonomy":"post_tag","embeddable":true,"href":"https:\/\/www.gaveanews.com\/index.php\/wp-json\/wp\/v2\/tags?post=215332"}],"curies":[{"name":"wp","href":"https:\/\/api.w.org\/{rel}","templated":true}]}}