{"id":21547,"date":"2019-06-08T01:53:12","date_gmt":"2019-06-08T04:53:12","guid":{"rendered":"https:\/\/www.gaveanews.com\/?p=21547"},"modified":"2019-06-08T01:54:02","modified_gmt":"2019-06-08T04:54:02","slug":"filipe-luis-aceita-proposta-do-flamengo-garante-jornalista","status":"publish","type":"post","link":"https:\/\/www.gaveanews.com\/index.php\/2019\/06\/08\/filipe-luis-aceita-proposta-do-flamengo-garante-jornalista\/","title":{"rendered":"Filipe Lu\u00eds aceita proposta do Flamengo, garante jornalista"},"content":{"rendered":"\n<p>O Flamengo tem um dos melhores elencos do futebol sul-americano, mas ainda enxerga a necessidade de investir em setores espec\u00edficos, como \u00e9 o caso da defesa. Pr\u00f3ximo de anunciar Rafinha, o clube da G\u00e1vea agora mira a contrata\u00e7\u00e3o do lateral esquerdo Filipe Lu\u00eds. <\/p>\n\n\n\n<p>De acordo com informa\u00e7\u00f5es do jornalista Gustavo Henrique, da R\u00e1dio Globo, o jogador j\u00e1 teria aceitado a proposta do Rubro-Negro, mas ainda aguarda pelo Barcelona, clube no qual foi sondado recentemente.<\/p>\n\n\n\n<p>\u2013 Filipe Lu\u00eds disse sim ao Flamengo. O contrato seria de tr\u00eas anos, mais R$ 800 mil de sal\u00e1rio. Caso a negocia\u00e7\u00e3o se confirme, o torcedor rubro-negro poder\u00e1 dar um salve muito especial ao meia Diego. Afinal, a esposa do Diego vem ciceroneando a esposa do Filipe Lu\u00eds aqui no Rio de Janeiro e deixando ela empolgada. Por\u00e9m, n\u00e3o d\u00e1 para confirmar que ele ser\u00e1 jogador do Flamengo. Ele disse sim ao Fla com uma condi\u00e7\u00e3o: que n\u00e3o chegue a proposta do Barcelona. A sondagem aconteceu, mas a proposta ainda n\u00e3o chegou -, revelou o jornalista em seu canal no Youtube.<\/p>\n\n\n\n<p>Em entrevista concedida durante concentra\u00e7\u00e3o da sele\u00e7\u00e3o brasileira em Bras\u00edlia, que realizou amistoso de prepara\u00e7\u00e3o para a Copa Am\u00e9rica, Filipe Lu\u00eds voltou a deixar o seu futuro em aberto, mas determinou uma data para a sua decis\u00e3o.<\/p>\n\n\n\n<p>\u2013 Depois da Copa Am\u00e9rica eu vou decidir meu futuro. No momento, todas as portas est\u00e3o abertas, absolutamente todas. Posso voltar ao Brasil, ir para onde for. N\u00e3o descarto ir para a Finl\u00e2ndia (risos), est\u00e1 tudo aberto. Dia 30 de junho acaba meu contrato, mas ficar no Atl\u00e9tico \u00e9 uma op\u00e7\u00e3o, assim como sair -, declarou o lateral esquerdo.<\/p>\n\n\n\n<p>O Flamengo conta atualmente para a posi\u00e7\u00e3o com Ren\u00ea e Trauco, contestados por parte da torcida rubro-negra. O primeiro \u00e9 o titular absoluto e dever\u00e1 estar entre os 11 iniciais do clube para o cl\u00e1ssico contra o Fluminense, que acontece no pr\u00f3ximo domingo (09). As duas equipes se enfrentam no Maracan\u00e3, \u00e0s 19h (hor\u00e1rio de Bras\u00edlia).<\/p>\n\n\n\n\n\n<p>Retirado de: Coluna do Flamengo<\/p>\n","protected":false},"excerpt":{"rendered":"<p>O Flamengo tem um dos melhores elencos do futebol sul-americano, mas ainda enxerga a necessidade de investir em setores espec\u00edficos, como \u00e9 o caso da defesa. Pr\u00f3ximo de anunciar Rafinha, o clube da G\u00e1vea agora mira a contrata\u00e7\u00e3o do lateral esquerdo Filipe Lu\u00eds. De acordo com informa\u00e7\u00f5es do jornalista Gustavo Henrique, da R\u00e1dio Globo, o [&hellip;]<\/p>\n","protected":false},"author":1,"featured_media":17006,"comment_status":"open","ping_status":"open","sticky":false,"template":"","format":"standard","meta":{"footnotes":""},"categories":[48],"tags":[],"class_list":["post-21547","post","type-post","status-publish","format-standard","has-post-thumbnail","hentry","category-negociacoes"],"yoast_head":"<!-- This site is optimized with the Yoast SEO Premium plugin v24.2 (Yoast SEO v26.9) - https:\/\/yoast.com\/product\/yoast-seo-premium-wordpress\/ -->\n<title>Filipe Lu\u00eds aceita proposta do Flamengo, garante jornalista<\/title>\n<meta name=\"robots\" content=\"index, follow, max-snippet:-1, max-image-preview:large, max-video-preview:-1\" \/>\n<link rel=\"canonical\" href=\"https:\/\/www.gaveanews.com\/index.php\/2019\/06\/08\/filipe-luis-aceita-proposta-do-flamengo-garante-jornalista\/\" \/>\n<meta property=\"og:locale\" content=\"pt_BR\" \/>\n<meta property=\"og:type\" content=\"article\" \/>\n<meta property=\"og:title\" content=\"Filipe Lu\u00eds aceita proposta do Flamengo, garante jornalista\" \/>\n<meta property=\"og:description\" content=\"O Flamengo tem um dos melhores elencos do futebol sul-americano, mas ainda enxerga a necessidade de investir em setores espec\u00edficos, como \u00e9 o caso da defesa. Pr\u00f3ximo de anunciar Rafinha, o clube da G\u00e1vea agora mira a contrata\u00e7\u00e3o do lateral esquerdo Filipe Lu\u00eds. De acordo com informa\u00e7\u00f5es do jornalista Gustavo Henrique, da R\u00e1dio Globo, o [&hellip;]\" \/>\n<meta property=\"og:url\" content=\"https:\/\/www.gaveanews.com\/index.php\/2019\/06\/08\/filipe-luis-aceita-proposta-do-flamengo-garante-jornalista\/\" \/>\n<meta property=\"og:site_name\" content=\"G\u00e1vea News\" \/>\n<meta property=\"article:publisher\" content=\"https:\/\/facebook.com\/gaveaNews\/\" \/>\n<meta property=\"article:published_time\" content=\"2019-06-08T04:53:12+00:00\" \/>\n<meta property=\"article:modified_time\" content=\"2019-06-08T04:54:02+00:00\" \/>\n<meta property=\"og:image\" content=\"https:\/\/www.gaveanews.com\/wp-content\/uploads\/2019\/04\/Filipe-Luis-em-acao-pelo-Brasil.webp\" \/>\n\t<meta property=\"og:image:width\" content=\"1\" \/>\n\t<meta property=\"og:image:height\" content=\"1\" \/>\n\t<meta property=\"og:image:type\" content=\"image\/jpeg\" \/>\n<meta name=\"author\" content=\"Equipe G\u00e1vea News\" \/>\n<meta name=\"twitter:card\" content=\"summary_large_image\" \/>\n<meta name=\"twitter:label1\" content=\"Escrito por\" \/>\n\t<meta name=\"twitter:data1\" content=\"Equipe G\u00e1vea News\" \/>\n\t<meta name=\"twitter:label2\" content=\"Est. tempo de leitura\" \/>\n\t<meta name=\"twitter:data2\" content=\"2 minutos\" \/>\n<script type=\"application\/ld+json\" class=\"yoast-schema-graph\">{\"@context\":\"https:\/\/schema.org\",\"@graph\":[{\"@type\":\"NewsArticle\",\"@id\":\"https:\/\/www.gaveanews.com\/index.php\/2019\/06\/08\/filipe-luis-aceita-proposta-do-flamengo-garante-jornalista\/#article\",\"isPartOf\":{\"@id\":\"https:\/\/www.gaveanews.com\/index.php\/2019\/06\/08\/filipe-luis-aceita-proposta-do-flamengo-garante-jornalista\/\"},\"author\":{\"name\":\"Equipe G\u00e1vea News\",\"@id\":\"https:\/\/www.gaveanews.com\/#\/schema\/person\/2ec14f73fb96be2caf28f91afb14749d\"},\"headline\":\"Filipe Lu\u00eds aceita proposta do Flamengo, garante jornalista\",\"datePublished\":\"2019-06-08T04:53:12+00:00\",\"dateModified\":\"2019-06-08T04:54:02+00:00\",\"mainEntityOfPage\":{\"@id\":\"https:\/\/www.gaveanews.com\/index.php\/2019\/06\/08\/filipe-luis-aceita-proposta-do-flamengo-garante-jornalista\/\"},\"wordCount\":367,\"commentCount\":0,\"image\":{\"@id\":\"https:\/\/www.gaveanews.com\/index.php\/2019\/06\/08\/filipe-luis-aceita-proposta-do-flamengo-garante-jornalista\/#primaryimage\"},\"thumbnailUrl\":\"https:\/\/www.gaveanews.com\/wp-content\/uploads\/2019\/04\/Filipe-Luis-em-acao-pelo-Brasil.webp\",\"articleSection\":[\"Negocia\u00e7\u00f5es\"],\"inLanguage\":\"pt-BR\",\"potentialAction\":[{\"@type\":\"CommentAction\",\"name\":\"Comment\",\"target\":[\"https:\/\/www.gaveanews.com\/index.php\/2019\/06\/08\/filipe-luis-aceita-proposta-do-flamengo-garante-jornalista\/#respond\"]}],\"copyrightYear\":\"2019\",\"copyrightHolder\":{\"@id\":\"https:\/\/www.gaveanews.com\/#organization\"}},{\"@type\":\"WebPage\",\"@id\":\"https:\/\/www.gaveanews.com\/index.php\/2019\/06\/08\/filipe-luis-aceita-proposta-do-flamengo-garante-jornalista\/\",\"url\":\"https:\/\/www.gaveanews.com\/index.php\/2019\/06\/08\/filipe-luis-aceita-proposta-do-flamengo-garante-jornalista\/\",\"name\":\"Filipe Lu\u00eds aceita proposta do Flamengo, garante jornalista\",\"isPartOf\":{\"@id\":\"https:\/\/www.gaveanews.com\/#website\"},\"primaryImageOfPage\":{\"@id\":\"https:\/\/www.gaveanews.com\/index.php\/2019\/06\/08\/filipe-luis-aceita-proposta-do-flamengo-garante-jornalista\/#primaryimage\"},\"image\":{\"@id\":\"https:\/\/www.gaveanews.com\/index.php\/2019\/06\/08\/filipe-luis-aceita-proposta-do-flamengo-garante-jornalista\/#primaryimage\"},\"thumbnailUrl\":\"https:\/\/www.gaveanews.com\/wp-content\/uploads\/2019\/04\/Filipe-Luis-em-acao-pelo-Brasil.webp\",\"datePublished\":\"2019-06-08T04:53:12+00:00\",\"dateModified\":\"2019-06-08T04:54:02+00:00\",\"author\":{\"@id\":\"https:\/\/www.gaveanews.com\/#\/schema\/person\/2ec14f73fb96be2caf28f91afb14749d\"},\"breadcrumb\":{\"@id\":\"https:\/\/www.gaveanews.com\/index.php\/2019\/06\/08\/filipe-luis-aceita-proposta-do-flamengo-garante-jornalista\/#breadcrumb\"},\"inLanguage\":\"pt-BR\",\"potentialAction\":[{\"@type\":\"ReadAction\",\"target\":[\"https:\/\/www.gaveanews.com\/index.php\/2019\/06\/08\/filipe-luis-aceita-proposta-do-flamengo-garante-jornalista\/\"]}]},{\"@type\":\"ImageObject\",\"inLanguage\":\"pt-BR\",\"@id\":\"https:\/\/www.gaveanews.com\/index.php\/2019\/06\/08\/filipe-luis-aceita-proposta-do-flamengo-garante-jornalista\/#primaryimage\",\"url\":\"https:\/\/www.gaveanews.com\/wp-content\/uploads\/2019\/04\/Filipe-Luis-em-acao-pelo-Brasil.webp\",\"contentUrl\":\"https:\/\/www.gaveanews.com\/wp-content\/uploads\/2019\/04\/Filipe-Luis-em-acao-pelo-Brasil.webp\",\"caption\":\"Filipe Luis em a\u00e7\u00e3o pelo Brasil (Foto: Leo Correa\/MoWa Press)\"},{\"@type\":\"BreadcrumbList\",\"@id\":\"https:\/\/www.gaveanews.com\/index.php\/2019\/06\/08\/filipe-luis-aceita-proposta-do-flamengo-garante-jornalista\/#breadcrumb\",\"itemListElement\":[{\"@type\":\"ListItem\",\"position\":1,\"name\":\"Home\",\"item\":\"https:\/\/www.gaveanews.com\/\"},{\"@type\":\"ListItem\",\"position\":2,\"name\":\"Filipe Lu\u00eds aceita proposta do Flamengo, garante jornalista\"}]},{\"@type\":\"WebSite\",\"@id\":\"https:\/\/www.gaveanews.com\/#website\",\"url\":\"https:\/\/www.gaveanews.com\/\",\"name\":\"G\u00e1vea News\",\"description\":\"Veja todas as not\u00edcias sobre o Flamengo: Contrata\u00e7\u00f5es, categorias de base, resultados das partidas, tabela de classifica\u00e7\u00e3o, pr\u00f3ximos jogos!\",\"potentialAction\":[{\"@type\":\"SearchAction\",\"target\":{\"@type\":\"EntryPoint\",\"urlTemplate\":\"https:\/\/www.gaveanews.com\/?s={search_term_string}\"},\"query-input\":{\"@type\":\"PropertyValueSpecification\",\"valueRequired\":true,\"valueName\":\"search_term_string\"}}],\"inLanguage\":\"pt-BR\"},{\"@type\":\"Person\",\"@id\":\"https:\/\/www.gaveanews.com\/#\/schema\/person\/2ec14f73fb96be2caf28f91afb14749d\",\"name\":\"Equipe G\u00e1vea News\",\"image\":{\"@type\":\"ImageObject\",\"inLanguage\":\"pt-BR\",\"@id\":\"https:\/\/www.gaveanews.com\/#\/schema\/person\/image\/\",\"url\":\"https:\/\/secure.gravatar.com\/avatar\/1e1956f1facbffd3f8fa53a326721950116b3b9dc9bd44939c01180fd4a745a9?s=96&d=mm&r=g\",\"contentUrl\":\"https:\/\/secure.gravatar.com\/avatar\/1e1956f1facbffd3f8fa53a326721950116b3b9dc9bd44939c01180fd4a745a9?s=96&d=mm&r=g\",\"caption\":\"Equipe G\u00e1vea News\"}}]}<\/script>\n<!-- \/ Yoast SEO Premium plugin. -->","yoast_head_json":{"title":"Filipe Lu\u00eds aceita proposta do Flamengo, garante jornalista","robots":{"index":"index","follow":"follow","max-snippet":"max-snippet:-1","max-image-preview":"max-image-preview:large","max-video-preview":"max-video-preview:-1"},"canonical":"https:\/\/www.gaveanews.com\/index.php\/2019\/06\/08\/filipe-luis-aceita-proposta-do-flamengo-garante-jornalista\/","og_locale":"pt_BR","og_type":"article","og_title":"Filipe Lu\u00eds aceita proposta do Flamengo, garante jornalista","og_description":"O Flamengo tem um dos melhores elencos do futebol sul-americano, mas ainda enxerga a necessidade de investir em setores espec\u00edficos, como \u00e9 o caso da defesa. Pr\u00f3ximo de anunciar Rafinha, o clube da G\u00e1vea agora mira a contrata\u00e7\u00e3o do lateral esquerdo Filipe Lu\u00eds. De acordo com informa\u00e7\u00f5es do jornalista Gustavo Henrique, da R\u00e1dio Globo, o [&hellip;]","og_url":"https:\/\/www.gaveanews.com\/index.php\/2019\/06\/08\/filipe-luis-aceita-proposta-do-flamengo-garante-jornalista\/","og_site_name":"G\u00e1vea News","article_publisher":"https:\/\/facebook.com\/gaveaNews\/","article_published_time":"2019-06-08T04:53:12+00:00","article_modified_time":"2019-06-08T04:54:02+00:00","og_image":[{"url":"https:\/\/www.gaveanews.com\/wp-content\/uploads\/2019\/04\/Filipe-Luis-em-acao-pelo-Brasil.webp","width":1,"height":1,"type":"image\/jpeg"}],"author":"Equipe G\u00e1vea News","twitter_card":"summary_large_image","twitter_misc":{"Escrito por":"Equipe G\u00e1vea News","Est. tempo de leitura":"2 minutos"},"schema":{"@context":"https:\/\/schema.org","@graph":[{"@type":"NewsArticle","@id":"https:\/\/www.gaveanews.com\/index.php\/2019\/06\/08\/filipe-luis-aceita-proposta-do-flamengo-garante-jornalista\/#article","isPartOf":{"@id":"https:\/\/www.gaveanews.com\/index.php\/2019\/06\/08\/filipe-luis-aceita-proposta-do-flamengo-garante-jornalista\/"},"author":{"name":"Equipe G\u00e1vea News","@id":"https:\/\/www.gaveanews.com\/#\/schema\/person\/2ec14f73fb96be2caf28f91afb14749d"},"headline":"Filipe Lu\u00eds aceita proposta do Flamengo, garante jornalista","datePublished":"2019-06-08T04:53:12+00:00","dateModified":"2019-06-08T04:54:02+00:00","mainEntityOfPage":{"@id":"https:\/\/www.gaveanews.com\/index.php\/2019\/06\/08\/filipe-luis-aceita-proposta-do-flamengo-garante-jornalista\/"},"wordCount":367,"commentCount":0,"image":{"@id":"https:\/\/www.gaveanews.com\/index.php\/2019\/06\/08\/filipe-luis-aceita-proposta-do-flamengo-garante-jornalista\/#primaryimage"},"thumbnailUrl":"https:\/\/www.gaveanews.com\/wp-content\/uploads\/2019\/04\/Filipe-Luis-em-acao-pelo-Brasil.webp","articleSection":["Negocia\u00e7\u00f5es"],"inLanguage":"pt-BR","potentialAction":[{"@type":"CommentAction","name":"Comment","target":["https:\/\/www.gaveanews.com\/index.php\/2019\/06\/08\/filipe-luis-aceita-proposta-do-flamengo-garante-jornalista\/#respond"]}],"copyrightYear":"2019","copyrightHolder":{"@id":"https:\/\/www.gaveanews.com\/#organization"}},{"@type":"WebPage","@id":"https:\/\/www.gaveanews.com\/index.php\/2019\/06\/08\/filipe-luis-aceita-proposta-do-flamengo-garante-jornalista\/","url":"https:\/\/www.gaveanews.com\/index.php\/2019\/06\/08\/filipe-luis-aceita-proposta-do-flamengo-garante-jornalista\/","name":"Filipe Lu\u00eds aceita proposta do Flamengo, garante jornalista","isPartOf":{"@id":"https:\/\/www.gaveanews.com\/#website"},"primaryImageOfPage":{"@id":"https:\/\/www.gaveanews.com\/index.php\/2019\/06\/08\/filipe-luis-aceita-proposta-do-flamengo-garante-jornalista\/#primaryimage"},"image":{"@id":"https:\/\/www.gaveanews.com\/index.php\/2019\/06\/08\/filipe-luis-aceita-proposta-do-flamengo-garante-jornalista\/#primaryimage"},"thumbnailUrl":"https:\/\/www.gaveanews.com\/wp-content\/uploads\/2019\/04\/Filipe-Luis-em-acao-pelo-Brasil.webp","datePublished":"2019-06-08T04:53:12+00:00","dateModified":"2019-06-08T04:54:02+00:00","author":{"@id":"https:\/\/www.gaveanews.com\/#\/schema\/person\/2ec14f73fb96be2caf28f91afb14749d"},"breadcrumb":{"@id":"https:\/\/www.gaveanews.com\/index.php\/2019\/06\/08\/filipe-luis-aceita-proposta-do-flamengo-garante-jornalista\/#breadcrumb"},"inLanguage":"pt-BR","potentialAction":[{"@type":"ReadAction","target":["https:\/\/www.gaveanews.com\/index.php\/2019\/06\/08\/filipe-luis-aceita-proposta-do-flamengo-garante-jornalista\/"]}]},{"@type":"ImageObject","inLanguage":"pt-BR","@id":"https:\/\/www.gaveanews.com\/index.php\/2019\/06\/08\/filipe-luis-aceita-proposta-do-flamengo-garante-jornalista\/#primaryimage","url":"https:\/\/www.gaveanews.com\/wp-content\/uploads\/2019\/04\/Filipe-Luis-em-acao-pelo-Brasil.webp","contentUrl":"https:\/\/www.gaveanews.com\/wp-content\/uploads\/2019\/04\/Filipe-Luis-em-acao-pelo-Brasil.webp","caption":"Filipe Luis em a\u00e7\u00e3o pelo Brasil (Foto: Leo Correa\/MoWa Press)"},{"@type":"BreadcrumbList","@id":"https:\/\/www.gaveanews.com\/index.php\/2019\/06\/08\/filipe-luis-aceita-proposta-do-flamengo-garante-jornalista\/#breadcrumb","itemListElement":[{"@type":"ListItem","position":1,"name":"Home","item":"https:\/\/www.gaveanews.com\/"},{"@type":"ListItem","position":2,"name":"Filipe Lu\u00eds aceita proposta do Flamengo, garante jornalista"}]},{"@type":"WebSite","@id":"https:\/\/www.gaveanews.com\/#website","url":"https:\/\/www.gaveanews.com\/","name":"G\u00e1vea News","description":"Veja todas as not\u00edcias sobre o Flamengo: Contrata\u00e7\u00f5es, categorias de base, resultados das partidas, tabela de classifica\u00e7\u00e3o, pr\u00f3ximos jogos!","potentialAction":[{"@type":"SearchAction","target":{"@type":"EntryPoint","urlTemplate":"https:\/\/www.gaveanews.com\/?s={search_term_string}"},"query-input":{"@type":"PropertyValueSpecification","valueRequired":true,"valueName":"search_term_string"}}],"inLanguage":"pt-BR"},{"@type":"Person","@id":"https:\/\/www.gaveanews.com\/#\/schema\/person\/2ec14f73fb96be2caf28f91afb14749d","name":"Equipe G\u00e1vea News","image":{"@type":"ImageObject","inLanguage":"pt-BR","@id":"https:\/\/www.gaveanews.com\/#\/schema\/person\/image\/","url":"https:\/\/secure.gravatar.com\/avatar\/1e1956f1facbffd3f8fa53a326721950116b3b9dc9bd44939c01180fd4a745a9?s=96&d=mm&r=g","contentUrl":"https:\/\/secure.gravatar.com\/avatar\/1e1956f1facbffd3f8fa53a326721950116b3b9dc9bd44939c01180fd4a745a9?s=96&d=mm&r=g","caption":"Equipe G\u00e1vea News"}}]}},"_links":{"self":[{"href":"https:\/\/www.gaveanews.com\/index.php\/wp-json\/wp\/v2\/posts\/21547","targetHints":{"allow":["GET"]}}],"collection":[{"href":"https:\/\/www.gaveanews.com\/index.php\/wp-json\/wp\/v2\/posts"}],"about":[{"href":"https:\/\/www.gaveanews.com\/index.php\/wp-json\/wp\/v2\/types\/post"}],"author":[{"embeddable":true,"href":"https:\/\/www.gaveanews.com\/index.php\/wp-json\/wp\/v2\/users\/1"}],"replies":[{"embeddable":true,"href":"https:\/\/www.gaveanews.com\/index.php\/wp-json\/wp\/v2\/comments?post=21547"}],"version-history":[{"count":0,"href":"https:\/\/www.gaveanews.com\/index.php\/wp-json\/wp\/v2\/posts\/21547\/revisions"}],"wp:featuredmedia":[{"embeddable":true,"href":"https:\/\/www.gaveanews.com\/index.php\/wp-json\/wp\/v2\/media\/17006"}],"wp:attachment":[{"href":"https:\/\/www.gaveanews.com\/index.php\/wp-json\/wp\/v2\/media?parent=21547"}],"wp:term":[{"taxonomy":"category","embeddable":true,"href":"https:\/\/www.gaveanews.com\/index.php\/wp-json\/wp\/v2\/categories?post=21547"},{"taxonomy":"post_tag","embeddable":true,"href":"https:\/\/www.gaveanews.com\/index.php\/wp-json\/wp\/v2\/tags?post=21547"}],"curies":[{"name":"wp","href":"https:\/\/api.w.org\/{rel}","templated":true}]}}