{"id":215506,"date":"2025-01-20T21:30:00","date_gmt":"2025-01-21T00:30:00","guid":{"rendered":"https:\/\/www.gaveanews.com\/?p=215506"},"modified":"2025-01-20T20:59:46","modified_gmt":"2025-01-20T23:59:46","slug":"jorge-jesus-revela-seu-jogador-preferido-no-brasil","status":"publish","type":"post","link":"https:\/\/www.gaveanews.com\/index.php\/2025\/01\/20\/jorge-jesus-revela-seu-jogador-preferido-no-brasil\/","title":{"rendered":"Jorge Jesus revela seu jogador preferido no Brasil"},"content":{"rendered":"\n<p>O elo que une as hist\u00f3rias de Jorge Jesus e Flamengo \u00e9 t\u00e3o consolidado que basta citar o nome de um para lembrar institivamente do outro. \u00c9 improv\u00e1vel pedir para um rubro-negro elencar os melhores t\u00e9cnicos da hist\u00f3ria do clube sem ouvir men\u00e7\u00e3o honrosa ao Mister, como ficou carinhosamente conhecido. Bem como beira o inconceb\u00edvel para o portugu\u00eas n\u00e3o se referir a um dos nomes de 2019 como seu atleta favorito no futebol brasileiro.<\/p>\n\n\n\n<ul class=\"wp-block-list\">\n<li><a href=\"https:\/\/www.gaveanews.com\/index.php\/2025\/01\/20\/cria-do-flamengo-e-campeao-no-exterior\/\">Cria do Flamengo \u00e9 campe\u00e3o no exterior<\/a><\/li>\n\n\n\n<li><a href=\"https:\/\/www.gaveanews.com\/index.php\/2025\/01\/20\/ex-flamengo-tite-pode-assumir-clube-campeao-da-champions\/\">Ex-Flamengo, Tite pode assumir clube campe\u00e3o da Champions<\/a><\/li>\n<\/ul>\n\n\n\n<p>Questionado pela Band sobre seu jogador favorito no futebol brasileiro, Jorge Jesus n\u00e3o teve d\u00favidas: Gabigol. N\u00e3o \u00e9 para menos. O camisa 9 marcou 43 gols e contribuiu com 12 assist\u00eancias em 59 jogos na emblem\u00e1tica temporada de 2019 &#8211; garantindo o bicampeonato da Libertadores da Am\u00e9rica contra o River Plate, em novembro.<\/p>\n\n\n\n<p>A liga\u00e7\u00e3o com o Flamengo ainda o fez escolher a Na\u00e7\u00e3o Rubro-Negra dentre todas torcidas do pa\u00eds e eleger o Maracan\u00e3 como melhor est\u00e1dio. Jorge Jesus tamb\u00e9m foi preciso ao definir o Rio de Janeiro como sua cidade favorita no Brasil &#8211; onde permaneceu na curta passagem pelo clube, entre 2019 e 2020.<\/p>\n\n\n\n<h2 class=\"wp-block-heading\" id=\"h-proximos-objetivos-da-carreira\">Pr\u00f3ximos objetivos da carreira<\/h2>\n\n\n\n<p>Jorge Jesus nunca escondeu a ambi\u00e7\u00e3o em treinar uma sele\u00e7\u00e3o capaz de lhe oferecer condi\u00e7\u00f5es de brigar pelo t\u00edtulo mais cobi\u00e7ado do futebol: a Copa do Mundo. Por isso, apesar de todo carinho pelo Flamengo, n\u00e3o \u00e9 no vermelho e preto que ele pensa quanto se trata sobre futuro.<\/p>\n\n\n\n<p>&#8220;Tenho sonho de ser campe\u00e3o da Copa do Mundo com uma sele\u00e7\u00e3o&#8221;, disse. Questionado sobre qual, Jesus foi pr\u00e1tico e direto: &#8220;N\u00e3o h\u00e1 muitas sele\u00e7\u00f5es para ser campe\u00e3o do mundo. Tenho poucas chances para ser, e aquelas que eu posso ter chance ou \u00e9 Brasil ou Portugal&#8221;.<\/p>\n\n\n\n<h2 class=\"wp-block-heading\" id=\"h-trajetoria-nos-emirados-arabes\">Trajet\u00f3ria nos Emirados \u00c1rabes<\/h2>\n\n\n\n<p>Enquanto a Copa do Mundo n\u00e3o passa de utopia, Jorge Jesus segue gravando seu nome tamb\u00e9m na hist\u00f3ria do Al-Hilal. Foi pela equipe saudita que o portugu\u00eas entrou no Guiness Book, o livro dos recordes, com o recorde de maior n\u00famero de vit\u00f3rias consecutivas no futebol masculino, com 28 no total.<\/p>\n\n\n\n<p>Jesus assinou com o Al-Hilal em julho de 2023, ap\u00f3s uma passagem conturbada pelo Benfica. De l\u00e1 para c\u00e1, acumulou 90 vit\u00f3rias, 14 empates e cinco derrotas em 109 partidas \u00e0 frente da comiss\u00e3o t\u00e9cnica saudita.<\/p>\n","protected":false},"excerpt":{"rendered":"<p>O elo que une as hist\u00f3rias de Jorge Jesus e Flamengo \u00e9 t\u00e3o consolidado que basta citar o nome de um para lembrar institivamente do outro. \u00c9 improv\u00e1vel pedir para um rubro-negro elencar os melhores t\u00e9cnicos da hist\u00f3ria do clube sem ouvir men\u00e7\u00e3o honrosa ao Mister, como ficou carinhosamente conhecido. Bem como beira o inconceb\u00edvel [&hellip;]<\/p>\n","protected":false},"author":30,"featured_media":28616,"comment_status":"open","ping_status":"closed","sticky":false,"template":"","format":"standard","meta":{"footnotes":""},"categories":[478,1],"tags":[],"class_list":["post-215506","post","type-post","status-publish","format-standard","has-post-thumbnail","hentry","category-brasil","category-flamengo"],"yoast_head":"<!-- This site is optimized with the Yoast SEO Premium plugin v24.2 (Yoast SEO v26.9) - https:\/\/yoast.com\/product\/yoast-seo-premium-wordpress\/ -->\n<title>Jorge Jesus revela seu jogador preferido no Brasil<\/title>\n<meta name=\"robots\" content=\"index, follow, max-snippet:-1, max-image-preview:large, max-video-preview:-1\" \/>\n<link rel=\"canonical\" href=\"https:\/\/www.gaveanews.com\/index.php\/2025\/01\/20\/jorge-jesus-revela-seu-jogador-preferido-no-brasil\/\" \/>\n<meta property=\"og:locale\" content=\"pt_BR\" \/>\n<meta property=\"og:type\" content=\"article\" \/>\n<meta property=\"og:title\" content=\"Jorge Jesus revela seu jogador preferido no Brasil\" \/>\n<meta property=\"og:description\" content=\"O elo que une as hist\u00f3rias de Jorge Jesus e Flamengo \u00e9 t\u00e3o consolidado que basta citar o nome de um para lembrar institivamente do outro. \u00c9 improv\u00e1vel pedir para um rubro-negro elencar os melhores t\u00e9cnicos da hist\u00f3ria do clube sem ouvir men\u00e7\u00e3o honrosa ao Mister, como ficou carinhosamente conhecido. Bem como beira o inconceb\u00edvel [&hellip;]\" \/>\n<meta property=\"og:url\" content=\"https:\/\/www.gaveanews.com\/index.php\/2025\/01\/20\/jorge-jesus-revela-seu-jogador-preferido-no-brasil\/\" \/>\n<meta property=\"og:site_name\" content=\"G\u00e1vea News\" \/>\n<meta property=\"article:publisher\" content=\"https:\/\/facebook.com\/gaveaNews\/\" \/>\n<meta property=\"article:published_time\" content=\"2025-01-21T00:30:00+00:00\" \/>\n<meta property=\"og:image\" content=\"https:\/\/www.gaveanews.com\/wp-content\/uploads\/Jorge-Jesus-durante-partida-do-Flamengo-no-estadio-do-Maracana.webp\" \/>\n\t<meta property=\"og:image:width\" content=\"1\" \/>\n\t<meta property=\"og:image:height\" content=\"1\" \/>\n\t<meta property=\"og:image:type\" content=\"image\/jpeg\" \/>\n<meta name=\"author\" content=\"Ana Teixeira\" \/>\n<meta name=\"twitter:card\" content=\"summary_large_image\" \/>\n<meta name=\"twitter:label1\" content=\"Escrito por\" \/>\n\t<meta name=\"twitter:data1\" content=\"Ana Teixeira\" \/>\n\t<meta name=\"twitter:label2\" content=\"Est. tempo de leitura\" \/>\n\t<meta name=\"twitter:data2\" content=\"3 minutos\" \/>\n<script type=\"application\/ld+json\" class=\"yoast-schema-graph\">{\"@context\":\"https:\/\/schema.org\",\"@graph\":[{\"@type\":\"NewsArticle\",\"@id\":\"https:\/\/www.gaveanews.com\/index.php\/2025\/01\/20\/jorge-jesus-revela-seu-jogador-preferido-no-brasil\/#article\",\"isPartOf\":{\"@id\":\"https:\/\/www.gaveanews.com\/index.php\/2025\/01\/20\/jorge-jesus-revela-seu-jogador-preferido-no-brasil\/\"},\"author\":{\"name\":\"Ana Teixeira\",\"@id\":\"https:\/\/www.gaveanews.com\/#\/schema\/person\/3b19f7288b0ce20372991275e4f2e6c2\"},\"headline\":\"Jorge Jesus revela seu jogador preferido no Brasil\",\"datePublished\":\"2025-01-21T00:30:00+00:00\",\"mainEntityOfPage\":{\"@id\":\"https:\/\/www.gaveanews.com\/index.php\/2025\/01\/20\/jorge-jesus-revela-seu-jogador-preferido-no-brasil\/\"},\"wordCount\":420,\"commentCount\":0,\"image\":{\"@id\":\"https:\/\/www.gaveanews.com\/index.php\/2025\/01\/20\/jorge-jesus-revela-seu-jogador-preferido-no-brasil\/#primaryimage\"},\"thumbnailUrl\":\"https:\/\/www.gaveanews.com\/wp-content\/uploads\/Jorge-Jesus-durante-partida-do-Flamengo-no-estadio-do-Maracana.webp\",\"articleSection\":[\"Brasil\",\"Flamengo\"],\"inLanguage\":\"pt-BR\",\"potentialAction\":[{\"@type\":\"CommentAction\",\"name\":\"Comment\",\"target\":[\"https:\/\/www.gaveanews.com\/index.php\/2025\/01\/20\/jorge-jesus-revela-seu-jogador-preferido-no-brasil\/#respond\"]}],\"copyrightYear\":\"2025\",\"copyrightHolder\":{\"@id\":\"https:\/\/www.gaveanews.com\/#organization\"}},{\"@type\":\"WebPage\",\"@id\":\"https:\/\/www.gaveanews.com\/index.php\/2025\/01\/20\/jorge-jesus-revela-seu-jogador-preferido-no-brasil\/\",\"url\":\"https:\/\/www.gaveanews.com\/index.php\/2025\/01\/20\/jorge-jesus-revela-seu-jogador-preferido-no-brasil\/\",\"name\":\"Jorge Jesus revela seu jogador preferido no Brasil\",\"isPartOf\":{\"@id\":\"https:\/\/www.gaveanews.com\/#website\"},\"primaryImageOfPage\":{\"@id\":\"https:\/\/www.gaveanews.com\/index.php\/2025\/01\/20\/jorge-jesus-revela-seu-jogador-preferido-no-brasil\/#primaryimage\"},\"image\":{\"@id\":\"https:\/\/www.gaveanews.com\/index.php\/2025\/01\/20\/jorge-jesus-revela-seu-jogador-preferido-no-brasil\/#primaryimage\"},\"thumbnailUrl\":\"https:\/\/www.gaveanews.com\/wp-content\/uploads\/Jorge-Jesus-durante-partida-do-Flamengo-no-estadio-do-Maracana.webp\",\"datePublished\":\"2025-01-21T00:30:00+00:00\",\"author\":{\"@id\":\"https:\/\/www.gaveanews.com\/#\/schema\/person\/3b19f7288b0ce20372991275e4f2e6c2\"},\"breadcrumb\":{\"@id\":\"https:\/\/www.gaveanews.com\/index.php\/2025\/01\/20\/jorge-jesus-revela-seu-jogador-preferido-no-brasil\/#breadcrumb\"},\"inLanguage\":\"pt-BR\",\"potentialAction\":[{\"@type\":\"ReadAction\",\"target\":[\"https:\/\/www.gaveanews.com\/index.php\/2025\/01\/20\/jorge-jesus-revela-seu-jogador-preferido-no-brasil\/\"]}]},{\"@type\":\"ImageObject\",\"inLanguage\":\"pt-BR\",\"@id\":\"https:\/\/www.gaveanews.com\/index.php\/2025\/01\/20\/jorge-jesus-revela-seu-jogador-preferido-no-brasil\/#primaryimage\",\"url\":\"https:\/\/www.gaveanews.com\/wp-content\/uploads\/Jorge-Jesus-durante-partida-do-Flamengo-no-estadio-do-Maracana.webp\",\"contentUrl\":\"https:\/\/www.gaveanews.com\/wp-content\/uploads\/Jorge-Jesus-durante-partida-do-Flamengo-no-estadio-do-Maracana.webp\",\"caption\":\"Jorge Jesus durante partida do Flamengo no est\u00e1dio do Maracan\u00e3 (Foto: Alexandre Vidal\/Flamengo)\"},{\"@type\":\"BreadcrumbList\",\"@id\":\"https:\/\/www.gaveanews.com\/index.php\/2025\/01\/20\/jorge-jesus-revela-seu-jogador-preferido-no-brasil\/#breadcrumb\",\"itemListElement\":[{\"@type\":\"ListItem\",\"position\":1,\"name\":\"Home\",\"item\":\"https:\/\/www.gaveanews.com\/\"},{\"@type\":\"ListItem\",\"position\":2,\"name\":\"Jorge Jesus revela seu jogador preferido no Brasil\"}]},{\"@type\":\"WebSite\",\"@id\":\"https:\/\/www.gaveanews.com\/#website\",\"url\":\"https:\/\/www.gaveanews.com\/\",\"name\":\"G\u00e1vea News\",\"description\":\"Veja todas as not\u00edcias sobre o Flamengo: Contrata\u00e7\u00f5es, categorias de base, resultados das partidas, tabela de classifica\u00e7\u00e3o, pr\u00f3ximos jogos!\",\"potentialAction\":[{\"@type\":\"SearchAction\",\"target\":{\"@type\":\"EntryPoint\",\"urlTemplate\":\"https:\/\/www.gaveanews.com\/?s={search_term_string}\"},\"query-input\":{\"@type\":\"PropertyValueSpecification\",\"valueRequired\":true,\"valueName\":\"search_term_string\"}}],\"inLanguage\":\"pt-BR\"},{\"@type\":\"Person\",\"@id\":\"https:\/\/www.gaveanews.com\/#\/schema\/person\/3b19f7288b0ce20372991275e4f2e6c2\",\"name\":\"Ana Teixeira\",\"image\":{\"@type\":\"ImageObject\",\"inLanguage\":\"pt-BR\",\"@id\":\"https:\/\/www.gaveanews.com\/#\/schema\/person\/image\/\",\"url\":\"https:\/\/secure.gravatar.com\/avatar\/0a73f5a5258f3fed37fc2fa641892f3f7a4748456d4d4792f9bc550e6c19e06c?s=96&d=mm&r=g\",\"contentUrl\":\"https:\/\/secure.gravatar.com\/avatar\/0a73f5a5258f3fed37fc2fa641892f3f7a4748456d4d4792f9bc550e6c19e06c?s=96&d=mm&r=g\",\"caption\":\"Ana Teixeira\"}}]}<\/script>\n<!-- \/ Yoast SEO Premium plugin. -->","yoast_head_json":{"title":"Jorge Jesus revela seu jogador preferido no Brasil","robots":{"index":"index","follow":"follow","max-snippet":"max-snippet:-1","max-image-preview":"max-image-preview:large","max-video-preview":"max-video-preview:-1"},"canonical":"https:\/\/www.gaveanews.com\/index.php\/2025\/01\/20\/jorge-jesus-revela-seu-jogador-preferido-no-brasil\/","og_locale":"pt_BR","og_type":"article","og_title":"Jorge Jesus revela seu jogador preferido no Brasil","og_description":"O elo que une as hist\u00f3rias de Jorge Jesus e Flamengo \u00e9 t\u00e3o consolidado que basta citar o nome de um para lembrar institivamente do outro. \u00c9 improv\u00e1vel pedir para um rubro-negro elencar os melhores t\u00e9cnicos da hist\u00f3ria do clube sem ouvir men\u00e7\u00e3o honrosa ao Mister, como ficou carinhosamente conhecido. Bem como beira o inconceb\u00edvel [&hellip;]","og_url":"https:\/\/www.gaveanews.com\/index.php\/2025\/01\/20\/jorge-jesus-revela-seu-jogador-preferido-no-brasil\/","og_site_name":"G\u00e1vea News","article_publisher":"https:\/\/facebook.com\/gaveaNews\/","article_published_time":"2025-01-21T00:30:00+00:00","og_image":[{"url":"https:\/\/www.gaveanews.com\/wp-content\/uploads\/Jorge-Jesus-durante-partida-do-Flamengo-no-estadio-do-Maracana.webp","width":1,"height":1,"type":"image\/jpeg"}],"author":"Ana Teixeira","twitter_card":"summary_large_image","twitter_misc":{"Escrito por":"Ana Teixeira","Est. tempo de leitura":"3 minutos"},"schema":{"@context":"https:\/\/schema.org","@graph":[{"@type":"NewsArticle","@id":"https:\/\/www.gaveanews.com\/index.php\/2025\/01\/20\/jorge-jesus-revela-seu-jogador-preferido-no-brasil\/#article","isPartOf":{"@id":"https:\/\/www.gaveanews.com\/index.php\/2025\/01\/20\/jorge-jesus-revela-seu-jogador-preferido-no-brasil\/"},"author":{"name":"Ana Teixeira","@id":"https:\/\/www.gaveanews.com\/#\/schema\/person\/3b19f7288b0ce20372991275e4f2e6c2"},"headline":"Jorge Jesus revela seu jogador preferido no Brasil","datePublished":"2025-01-21T00:30:00+00:00","mainEntityOfPage":{"@id":"https:\/\/www.gaveanews.com\/index.php\/2025\/01\/20\/jorge-jesus-revela-seu-jogador-preferido-no-brasil\/"},"wordCount":420,"commentCount":0,"image":{"@id":"https:\/\/www.gaveanews.com\/index.php\/2025\/01\/20\/jorge-jesus-revela-seu-jogador-preferido-no-brasil\/#primaryimage"},"thumbnailUrl":"https:\/\/www.gaveanews.com\/wp-content\/uploads\/Jorge-Jesus-durante-partida-do-Flamengo-no-estadio-do-Maracana.webp","articleSection":["Brasil","Flamengo"],"inLanguage":"pt-BR","potentialAction":[{"@type":"CommentAction","name":"Comment","target":["https:\/\/www.gaveanews.com\/index.php\/2025\/01\/20\/jorge-jesus-revela-seu-jogador-preferido-no-brasil\/#respond"]}],"copyrightYear":"2025","copyrightHolder":{"@id":"https:\/\/www.gaveanews.com\/#organization"}},{"@type":"WebPage","@id":"https:\/\/www.gaveanews.com\/index.php\/2025\/01\/20\/jorge-jesus-revela-seu-jogador-preferido-no-brasil\/","url":"https:\/\/www.gaveanews.com\/index.php\/2025\/01\/20\/jorge-jesus-revela-seu-jogador-preferido-no-brasil\/","name":"Jorge Jesus revela seu jogador preferido no Brasil","isPartOf":{"@id":"https:\/\/www.gaveanews.com\/#website"},"primaryImageOfPage":{"@id":"https:\/\/www.gaveanews.com\/index.php\/2025\/01\/20\/jorge-jesus-revela-seu-jogador-preferido-no-brasil\/#primaryimage"},"image":{"@id":"https:\/\/www.gaveanews.com\/index.php\/2025\/01\/20\/jorge-jesus-revela-seu-jogador-preferido-no-brasil\/#primaryimage"},"thumbnailUrl":"https:\/\/www.gaveanews.com\/wp-content\/uploads\/Jorge-Jesus-durante-partida-do-Flamengo-no-estadio-do-Maracana.webp","datePublished":"2025-01-21T00:30:00+00:00","author":{"@id":"https:\/\/www.gaveanews.com\/#\/schema\/person\/3b19f7288b0ce20372991275e4f2e6c2"},"breadcrumb":{"@id":"https:\/\/www.gaveanews.com\/index.php\/2025\/01\/20\/jorge-jesus-revela-seu-jogador-preferido-no-brasil\/#breadcrumb"},"inLanguage":"pt-BR","potentialAction":[{"@type":"ReadAction","target":["https:\/\/www.gaveanews.com\/index.php\/2025\/01\/20\/jorge-jesus-revela-seu-jogador-preferido-no-brasil\/"]}]},{"@type":"ImageObject","inLanguage":"pt-BR","@id":"https:\/\/www.gaveanews.com\/index.php\/2025\/01\/20\/jorge-jesus-revela-seu-jogador-preferido-no-brasil\/#primaryimage","url":"https:\/\/www.gaveanews.com\/wp-content\/uploads\/Jorge-Jesus-durante-partida-do-Flamengo-no-estadio-do-Maracana.webp","contentUrl":"https:\/\/www.gaveanews.com\/wp-content\/uploads\/Jorge-Jesus-durante-partida-do-Flamengo-no-estadio-do-Maracana.webp","caption":"Jorge Jesus durante partida do Flamengo no est\u00e1dio do Maracan\u00e3 (Foto: Alexandre Vidal\/Flamengo)"},{"@type":"BreadcrumbList","@id":"https:\/\/www.gaveanews.com\/index.php\/2025\/01\/20\/jorge-jesus-revela-seu-jogador-preferido-no-brasil\/#breadcrumb","itemListElement":[{"@type":"ListItem","position":1,"name":"Home","item":"https:\/\/www.gaveanews.com\/"},{"@type":"ListItem","position":2,"name":"Jorge Jesus revela seu jogador preferido no Brasil"}]},{"@type":"WebSite","@id":"https:\/\/www.gaveanews.com\/#website","url":"https:\/\/www.gaveanews.com\/","name":"G\u00e1vea News","description":"Veja todas as not\u00edcias sobre o Flamengo: Contrata\u00e7\u00f5es, categorias de base, resultados das partidas, tabela de classifica\u00e7\u00e3o, pr\u00f3ximos jogos!","potentialAction":[{"@type":"SearchAction","target":{"@type":"EntryPoint","urlTemplate":"https:\/\/www.gaveanews.com\/?s={search_term_string}"},"query-input":{"@type":"PropertyValueSpecification","valueRequired":true,"valueName":"search_term_string"}}],"inLanguage":"pt-BR"},{"@type":"Person","@id":"https:\/\/www.gaveanews.com\/#\/schema\/person\/3b19f7288b0ce20372991275e4f2e6c2","name":"Ana Teixeira","image":{"@type":"ImageObject","inLanguage":"pt-BR","@id":"https:\/\/www.gaveanews.com\/#\/schema\/person\/image\/","url":"https:\/\/secure.gravatar.com\/avatar\/0a73f5a5258f3fed37fc2fa641892f3f7a4748456d4d4792f9bc550e6c19e06c?s=96&d=mm&r=g","contentUrl":"https:\/\/secure.gravatar.com\/avatar\/0a73f5a5258f3fed37fc2fa641892f3f7a4748456d4d4792f9bc550e6c19e06c?s=96&d=mm&r=g","caption":"Ana Teixeira"}}]}},"_links":{"self":[{"href":"https:\/\/www.gaveanews.com\/index.php\/wp-json\/wp\/v2\/posts\/215506","targetHints":{"allow":["GET"]}}],"collection":[{"href":"https:\/\/www.gaveanews.com\/index.php\/wp-json\/wp\/v2\/posts"}],"about":[{"href":"https:\/\/www.gaveanews.com\/index.php\/wp-json\/wp\/v2\/types\/post"}],"author":[{"embeddable":true,"href":"https:\/\/www.gaveanews.com\/index.php\/wp-json\/wp\/v2\/users\/30"}],"replies":[{"embeddable":true,"href":"https:\/\/www.gaveanews.com\/index.php\/wp-json\/wp\/v2\/comments?post=215506"}],"version-history":[{"count":1,"href":"https:\/\/www.gaveanews.com\/index.php\/wp-json\/wp\/v2\/posts\/215506\/revisions"}],"predecessor-version":[{"id":215508,"href":"https:\/\/www.gaveanews.com\/index.php\/wp-json\/wp\/v2\/posts\/215506\/revisions\/215508"}],"wp:featuredmedia":[{"embeddable":true,"href":"https:\/\/www.gaveanews.com\/index.php\/wp-json\/wp\/v2\/media\/28616"}],"wp:attachment":[{"href":"https:\/\/www.gaveanews.com\/index.php\/wp-json\/wp\/v2\/media?parent=215506"}],"wp:term":[{"taxonomy":"category","embeddable":true,"href":"https:\/\/www.gaveanews.com\/index.php\/wp-json\/wp\/v2\/categories?post=215506"},{"taxonomy":"post_tag","embeddable":true,"href":"https:\/\/www.gaveanews.com\/index.php\/wp-json\/wp\/v2\/tags?post=215506"}],"curies":[{"name":"wp","href":"https:\/\/api.w.org\/{rel}","templated":true}]}}