{"id":215519,"date":"2025-01-21T00:50:00","date_gmt":"2025-01-21T03:50:00","guid":{"rendered":"https:\/\/www.gaveanews.com\/?p=215519"},"modified":"2025-01-20T22:20:11","modified_gmt":"2025-01-21T01:20:11","slug":"renato-mauricio-prado-aponta-proximo-time-que-vai-virar-saf-no-brasil","status":"publish","type":"post","link":"https:\/\/www.gaveanews.com\/index.php\/2025\/01\/21\/renato-mauricio-prado-aponta-proximo-time-que-vai-virar-saf-no-brasil\/","title":{"rendered":"Renato Maur\u00edcio Prado aponta pr\u00f3ximo time que vai virar SAF no Brasil"},"content":{"rendered":"\n<h2 class=\"wp-block-heading\" id=\"h-renato-mauricio-prado-ve-saf-do-santos-mais-proxima-com-possivel-retorno-de-neymar\">Renato Maur\u00edcio Prado v\u00ea SAF do Santos mais pr\u00f3xima com poss\u00edvel retorno de Neymar<\/h2>\n\n\n\n<p>O jornalista Renato Maur\u00edcio Prado acredita que a transforma\u00e7\u00e3o do Santos em SAF est\u00e1 cada vez mais perto de se tornar realidade. Em live no YouTube, ele afirmou que o poss\u00edvel retorno de Neymar ao clube pode estar diretamente ligado a um projeto maior: a compra da Sociedade An\u00f4nima do Futebol (SAF) pelo jogador e seu pai.<\/p>\n\n\n\n<ul class=\"wp-block-list\">\n<li><a href=\"https:\/\/www.gaveanews.com\/index.php\/2025\/01\/19\/dois-jogadores-devem-deixar-o-santos-em-breve\/\">Dois jogadores devem deixar o Santos em breve<\/a><\/li>\n\n\n\n<li><a href=\"https:\/\/www.gaveanews.com\/index.php\/2025\/01\/07\/pedro-caixinha-faz-cobranca-aos-jogadores-do-santos\/\">Pedro Caixinha faz cobran\u00e7a aos jogadores do Santos<\/a><\/li>\n<\/ul>\n\n\n\n<p>\u201cEle vai querer ser o dono do time mesmo. Se o Neymar for para o Santos, \u00e9 o primeiro movimento para que ele, junto do pai, comprem a SAF do Santos. Eu vejo isso da\u00ed de uma maneira bem prov\u00e1vel\u201d, afirmou Renato Maur\u00edcio Prado.<\/p>\n\n\n\n<h2 class=\"wp-block-heading\" id=\"h-saf-como-solucao-financeira-para-o-santos\">SAF como solu\u00e7\u00e3o financeira para o Santos<\/h2>\n\n\n\n<p>Anteriormente, o jornalista j\u00e1 havia apontado Neymar como a \u201csalva\u00e7\u00e3o\u201d do Santos em 2025. Para ele, al\u00e9m da contribui\u00e7\u00e3o t\u00e9cnica em campo, um poss\u00edvel investimento financeiro do camisa 10 e de seu pai poderia ajudar o clube a evitar novos problemas no Campeonato Brasileiro.<\/p>\n\n\n\n<p>\u201cSe o pai do Neymar e o Neymar resolverem comprar a SAF do Santos, \u00e9 a \u00fanica forma do Santos voltar em condi\u00e7\u00f5es de n\u00e3o brigar de novo para n\u00e3o cair. Se o Santos n\u00e3o se refor\u00e7ar bem, se n\u00e3o arrumar dinheiro para montar um time melhor, corre o risco de cair de novo. Isso j\u00e1 aconteceu com v\u00e1rios clubes. Vasco e Botafogo que o digam\u201d, declarou RMP no <em>UOL News Esporte<\/em>.<\/p>\n\n\n\n<p>Apesar das especula\u00e7\u00f5es, Neymar nega qualquer envolvimento direto nas negocia\u00e7\u00f5es. Em entrevista \u00e0 <em>Rom\u00e1rio TV<\/em>, ele disse confiar na capacidade administrativa do pai, mas afirmou que n\u00e3o participa das conversas.<\/p>\n\n\n\n<p>\u201cCom certeza, se rolar essa compra, porque eu sei que meu pai faria as coisas tudo certo, n\u00e3o teria vacilo. Ele vai conseguir administrar de uma forma que o Santos mere\u00e7a estar sempre no topo. N\u00e3o participei dessa conversa de compra do Santos. Meu pai que est\u00e1 enrolado nessas coisas a\u00ed, ele gosta dessas coisas diferentes. Eu perguntei para ele e ele falou \u2018n\u00e3o, n\u00e3o, tem nada a ver\u2019\u201d, disse Neymar.<\/p>\n\n\n\n<h2 class=\"wp-block-heading\" id=\"h-riscos-da-contratacao-de-neymar\">Riscos da contrata\u00e7\u00e3o de Neymar<\/h2>\n\n\n\n<p>Embora veja um poss\u00edvel impacto positivo na SAF, Renato Maur\u00edcio Prado acredita que o Santos pode correr um grande risco com a contrata\u00e7\u00e3o do atacante. Na vis\u00e3o do jornalista, Neymar n\u00e3o vale o investimento no momento e pode acabar se tornando uma decep\u00e7\u00e3o esportiva.<\/p>\n\n\n\n<p>\u201c\u00c9 uma loucura esse neg\u00f3cio de contratar o Neymar! O cara vai querer ganhar uma fortuna. Hoje em dia, o Neymar n\u00e3o vale essa fortuna! Ele t\u00e1 sem jogar h\u00e1 praticamente dois anos\u201d, opinou.<\/p>\n\n\n\n<p>O Santos segue no aguardo da libera\u00e7\u00e3o do Al Hilal para concretizar o retorno de Neymar. Enquanto isso, as especula\u00e7\u00f5es sobre a poss\u00edvel compra da SAF continuam, sem qualquer confirma\u00e7\u00e3o oficial por parte do jogador ou de seu pai.<\/p>\n","protected":false},"excerpt":{"rendered":"<p>Renato Maur\u00edcio Prado v\u00ea SAF do Santos mais pr\u00f3xima com poss\u00edvel retorno de Neymar O jornalista Renato Maur\u00edcio Prado acredita que a transforma\u00e7\u00e3o do Santos em SAF est\u00e1 cada vez mais perto de se tornar realidade. Em live no YouTube, ele afirmou que o poss\u00edvel retorno de Neymar ao clube pode estar diretamente ligado a [&hellip;]<\/p>\n","protected":false},"author":17,"featured_media":0,"comment_status":"open","ping_status":"closed","sticky":false,"template":"","format":"standard","meta":{"footnotes":""},"categories":[139],"tags":[],"class_list":["post-215519","post","type-post","status-publish","format-standard","hentry","category-santos"],"yoast_head":"<!-- This site is optimized with the Yoast SEO Premium plugin v24.2 (Yoast SEO v26.9) - https:\/\/yoast.com\/product\/yoast-seo-premium-wordpress\/ -->\n<title>Renato Maur\u00edcio Prado aponta pr\u00f3ximo time que vai virar SAF no Brasil<\/title>\n<meta name=\"robots\" content=\"index, follow, max-snippet:-1, max-image-preview:large, max-video-preview:-1\" \/>\n<link rel=\"canonical\" href=\"https:\/\/www.gaveanews.com\/index.php\/2025\/01\/21\/renato-mauricio-prado-aponta-proximo-time-que-vai-virar-saf-no-brasil\/\" \/>\n<meta property=\"og:locale\" content=\"pt_BR\" \/>\n<meta property=\"og:type\" content=\"article\" \/>\n<meta property=\"og:title\" content=\"Renato Maur\u00edcio Prado aponta pr\u00f3ximo time que vai virar SAF no Brasil\" \/>\n<meta property=\"og:description\" content=\"Renato Maur\u00edcio Prado v\u00ea SAF do Santos mais pr\u00f3xima com poss\u00edvel retorno de Neymar O jornalista Renato Maur\u00edcio Prado acredita que a transforma\u00e7\u00e3o do Santos em SAF est\u00e1 cada vez mais perto de se tornar realidade. Em live no YouTube, ele afirmou que o poss\u00edvel retorno de Neymar ao clube pode estar diretamente ligado a [&hellip;]\" \/>\n<meta property=\"og:url\" content=\"https:\/\/www.gaveanews.com\/index.php\/2025\/01\/21\/renato-mauricio-prado-aponta-proximo-time-que-vai-virar-saf-no-brasil\/\" \/>\n<meta property=\"og:site_name\" content=\"G\u00e1vea News\" \/>\n<meta property=\"article:publisher\" content=\"https:\/\/facebook.com\/gaveaNews\/\" \/>\n<meta property=\"article:published_time\" content=\"2025-01-21T03:50:00+00:00\" \/>\n<meta name=\"author\" content=\"Geovanna Thomaz\" \/>\n<meta name=\"twitter:card\" content=\"summary_large_image\" \/>\n<meta name=\"twitter:label1\" content=\"Escrito por\" \/>\n\t<meta name=\"twitter:data1\" content=\"Geovanna Thomaz\" \/>\n\t<meta name=\"twitter:label2\" content=\"Est. tempo de leitura\" \/>\n\t<meta name=\"twitter:data2\" content=\"3 minutos\" \/>\n<script type=\"application\/ld+json\" class=\"yoast-schema-graph\">{\"@context\":\"https:\/\/schema.org\",\"@graph\":[{\"@type\":\"NewsArticle\",\"@id\":\"https:\/\/www.gaveanews.com\/index.php\/2025\/01\/21\/renato-mauricio-prado-aponta-proximo-time-que-vai-virar-saf-no-brasil\/#article\",\"isPartOf\":{\"@id\":\"https:\/\/www.gaveanews.com\/index.php\/2025\/01\/21\/renato-mauricio-prado-aponta-proximo-time-que-vai-virar-saf-no-brasil\/\"},\"author\":{\"name\":\"Geovanna Thomaz\",\"@id\":\"https:\/\/www.gaveanews.com\/#\/schema\/person\/f42654babcd2b2014a1a65af82b081f1\"},\"headline\":\"Renato Maur\u00edcio Prado aponta pr\u00f3ximo time que vai virar SAF no Brasil\",\"datePublished\":\"2025-01-21T03:50:00+00:00\",\"mainEntityOfPage\":{\"@id\":\"https:\/\/www.gaveanews.com\/index.php\/2025\/01\/21\/renato-mauricio-prado-aponta-proximo-time-que-vai-virar-saf-no-brasil\/\"},\"wordCount\":530,\"commentCount\":0,\"articleSection\":[\"Santos\"],\"inLanguage\":\"pt-BR\",\"potentialAction\":[{\"@type\":\"CommentAction\",\"name\":\"Comment\",\"target\":[\"https:\/\/www.gaveanews.com\/index.php\/2025\/01\/21\/renato-mauricio-prado-aponta-proximo-time-que-vai-virar-saf-no-brasil\/#respond\"]}],\"copyrightYear\":\"2025\",\"copyrightHolder\":{\"@id\":\"https:\/\/www.gaveanews.com\/#organization\"}},{\"@type\":\"WebPage\",\"@id\":\"https:\/\/www.gaveanews.com\/index.php\/2025\/01\/21\/renato-mauricio-prado-aponta-proximo-time-que-vai-virar-saf-no-brasil\/\",\"url\":\"https:\/\/www.gaveanews.com\/index.php\/2025\/01\/21\/renato-mauricio-prado-aponta-proximo-time-que-vai-virar-saf-no-brasil\/\",\"name\":\"Renato Maur\u00edcio Prado aponta pr\u00f3ximo time que vai virar SAF no Brasil\",\"isPartOf\":{\"@id\":\"https:\/\/www.gaveanews.com\/#website\"},\"datePublished\":\"2025-01-21T03:50:00+00:00\",\"author\":{\"@id\":\"https:\/\/www.gaveanews.com\/#\/schema\/person\/f42654babcd2b2014a1a65af82b081f1\"},\"breadcrumb\":{\"@id\":\"https:\/\/www.gaveanews.com\/index.php\/2025\/01\/21\/renato-mauricio-prado-aponta-proximo-time-que-vai-virar-saf-no-brasil\/#breadcrumb\"},\"inLanguage\":\"pt-BR\",\"potentialAction\":[{\"@type\":\"ReadAction\",\"target\":[\"https:\/\/www.gaveanews.com\/index.php\/2025\/01\/21\/renato-mauricio-prado-aponta-proximo-time-que-vai-virar-saf-no-brasil\/\"]}]},{\"@type\":\"BreadcrumbList\",\"@id\":\"https:\/\/www.gaveanews.com\/index.php\/2025\/01\/21\/renato-mauricio-prado-aponta-proximo-time-que-vai-virar-saf-no-brasil\/#breadcrumb\",\"itemListElement\":[{\"@type\":\"ListItem\",\"position\":1,\"name\":\"Home\",\"item\":\"https:\/\/www.gaveanews.com\/\"},{\"@type\":\"ListItem\",\"position\":2,\"name\":\"Renato Maur\u00edcio Prado aponta pr\u00f3ximo time que vai virar SAF no Brasil\"}]},{\"@type\":\"WebSite\",\"@id\":\"https:\/\/www.gaveanews.com\/#website\",\"url\":\"https:\/\/www.gaveanews.com\/\",\"name\":\"G\u00e1vea News\",\"description\":\"Veja todas as not\u00edcias sobre o Flamengo: Contrata\u00e7\u00f5es, categorias de base, resultados das partidas, tabela de classifica\u00e7\u00e3o, pr\u00f3ximos jogos!\",\"potentialAction\":[{\"@type\":\"SearchAction\",\"target\":{\"@type\":\"EntryPoint\",\"urlTemplate\":\"https:\/\/www.gaveanews.com\/?s={search_term_string}\"},\"query-input\":{\"@type\":\"PropertyValueSpecification\",\"valueRequired\":true,\"valueName\":\"search_term_string\"}}],\"inLanguage\":\"pt-BR\"},{\"@type\":\"Person\",\"@id\":\"https:\/\/www.gaveanews.com\/#\/schema\/person\/f42654babcd2b2014a1a65af82b081f1\",\"name\":\"Geovanna Thomaz\",\"image\":{\"@type\":\"ImageObject\",\"inLanguage\":\"pt-BR\",\"@id\":\"https:\/\/www.gaveanews.com\/#\/schema\/person\/image\/\",\"url\":\"https:\/\/secure.gravatar.com\/avatar\/4092073255489533afb558984b49b64268c47198af8623cc82a925ae9fb7118a?s=96&d=mm&r=g\",\"contentUrl\":\"https:\/\/secure.gravatar.com\/avatar\/4092073255489533afb558984b49b64268c47198af8623cc82a925ae9fb7118a?s=96&d=mm&r=g\",\"caption\":\"Geovanna Thomaz\"}}]}<\/script>\n<!-- \/ Yoast SEO Premium plugin. -->","yoast_head_json":{"title":"Renato Maur\u00edcio Prado aponta pr\u00f3ximo time que vai virar SAF no Brasil","robots":{"index":"index","follow":"follow","max-snippet":"max-snippet:-1","max-image-preview":"max-image-preview:large","max-video-preview":"max-video-preview:-1"},"canonical":"https:\/\/www.gaveanews.com\/index.php\/2025\/01\/21\/renato-mauricio-prado-aponta-proximo-time-que-vai-virar-saf-no-brasil\/","og_locale":"pt_BR","og_type":"article","og_title":"Renato Maur\u00edcio Prado aponta pr\u00f3ximo time que vai virar SAF no Brasil","og_description":"Renato Maur\u00edcio Prado v\u00ea SAF do Santos mais pr\u00f3xima com poss\u00edvel retorno de Neymar O jornalista Renato Maur\u00edcio Prado acredita que a transforma\u00e7\u00e3o do Santos em SAF est\u00e1 cada vez mais perto de se tornar realidade. Em live no YouTube, ele afirmou que o poss\u00edvel retorno de Neymar ao clube pode estar diretamente ligado a [&hellip;]","og_url":"https:\/\/www.gaveanews.com\/index.php\/2025\/01\/21\/renato-mauricio-prado-aponta-proximo-time-que-vai-virar-saf-no-brasil\/","og_site_name":"G\u00e1vea News","article_publisher":"https:\/\/facebook.com\/gaveaNews\/","article_published_time":"2025-01-21T03:50:00+00:00","author":"Geovanna Thomaz","twitter_card":"summary_large_image","twitter_misc":{"Escrito por":"Geovanna Thomaz","Est. tempo de leitura":"3 minutos"},"schema":{"@context":"https:\/\/schema.org","@graph":[{"@type":"NewsArticle","@id":"https:\/\/www.gaveanews.com\/index.php\/2025\/01\/21\/renato-mauricio-prado-aponta-proximo-time-que-vai-virar-saf-no-brasil\/#article","isPartOf":{"@id":"https:\/\/www.gaveanews.com\/index.php\/2025\/01\/21\/renato-mauricio-prado-aponta-proximo-time-que-vai-virar-saf-no-brasil\/"},"author":{"name":"Geovanna Thomaz","@id":"https:\/\/www.gaveanews.com\/#\/schema\/person\/f42654babcd2b2014a1a65af82b081f1"},"headline":"Renato Maur\u00edcio Prado aponta pr\u00f3ximo time que vai virar SAF no Brasil","datePublished":"2025-01-21T03:50:00+00:00","mainEntityOfPage":{"@id":"https:\/\/www.gaveanews.com\/index.php\/2025\/01\/21\/renato-mauricio-prado-aponta-proximo-time-que-vai-virar-saf-no-brasil\/"},"wordCount":530,"commentCount":0,"articleSection":["Santos"],"inLanguage":"pt-BR","potentialAction":[{"@type":"CommentAction","name":"Comment","target":["https:\/\/www.gaveanews.com\/index.php\/2025\/01\/21\/renato-mauricio-prado-aponta-proximo-time-que-vai-virar-saf-no-brasil\/#respond"]}],"copyrightYear":"2025","copyrightHolder":{"@id":"https:\/\/www.gaveanews.com\/#organization"}},{"@type":"WebPage","@id":"https:\/\/www.gaveanews.com\/index.php\/2025\/01\/21\/renato-mauricio-prado-aponta-proximo-time-que-vai-virar-saf-no-brasil\/","url":"https:\/\/www.gaveanews.com\/index.php\/2025\/01\/21\/renato-mauricio-prado-aponta-proximo-time-que-vai-virar-saf-no-brasil\/","name":"Renato Maur\u00edcio Prado aponta pr\u00f3ximo time que vai virar SAF no Brasil","isPartOf":{"@id":"https:\/\/www.gaveanews.com\/#website"},"datePublished":"2025-01-21T03:50:00+00:00","author":{"@id":"https:\/\/www.gaveanews.com\/#\/schema\/person\/f42654babcd2b2014a1a65af82b081f1"},"breadcrumb":{"@id":"https:\/\/www.gaveanews.com\/index.php\/2025\/01\/21\/renato-mauricio-prado-aponta-proximo-time-que-vai-virar-saf-no-brasil\/#breadcrumb"},"inLanguage":"pt-BR","potentialAction":[{"@type":"ReadAction","target":["https:\/\/www.gaveanews.com\/index.php\/2025\/01\/21\/renato-mauricio-prado-aponta-proximo-time-que-vai-virar-saf-no-brasil\/"]}]},{"@type":"BreadcrumbList","@id":"https:\/\/www.gaveanews.com\/index.php\/2025\/01\/21\/renato-mauricio-prado-aponta-proximo-time-que-vai-virar-saf-no-brasil\/#breadcrumb","itemListElement":[{"@type":"ListItem","position":1,"name":"Home","item":"https:\/\/www.gaveanews.com\/"},{"@type":"ListItem","position":2,"name":"Renato Maur\u00edcio Prado aponta pr\u00f3ximo time que vai virar SAF no Brasil"}]},{"@type":"WebSite","@id":"https:\/\/www.gaveanews.com\/#website","url":"https:\/\/www.gaveanews.com\/","name":"G\u00e1vea News","description":"Veja todas as not\u00edcias sobre o Flamengo: Contrata\u00e7\u00f5es, categorias de base, resultados das partidas, tabela de classifica\u00e7\u00e3o, pr\u00f3ximos jogos!","potentialAction":[{"@type":"SearchAction","target":{"@type":"EntryPoint","urlTemplate":"https:\/\/www.gaveanews.com\/?s={search_term_string}"},"query-input":{"@type":"PropertyValueSpecification","valueRequired":true,"valueName":"search_term_string"}}],"inLanguage":"pt-BR"},{"@type":"Person","@id":"https:\/\/www.gaveanews.com\/#\/schema\/person\/f42654babcd2b2014a1a65af82b081f1","name":"Geovanna Thomaz","image":{"@type":"ImageObject","inLanguage":"pt-BR","@id":"https:\/\/www.gaveanews.com\/#\/schema\/person\/image\/","url":"https:\/\/secure.gravatar.com\/avatar\/4092073255489533afb558984b49b64268c47198af8623cc82a925ae9fb7118a?s=96&d=mm&r=g","contentUrl":"https:\/\/secure.gravatar.com\/avatar\/4092073255489533afb558984b49b64268c47198af8623cc82a925ae9fb7118a?s=96&d=mm&r=g","caption":"Geovanna Thomaz"}}]}},"_links":{"self":[{"href":"https:\/\/www.gaveanews.com\/index.php\/wp-json\/wp\/v2\/posts\/215519","targetHints":{"allow":["GET"]}}],"collection":[{"href":"https:\/\/www.gaveanews.com\/index.php\/wp-json\/wp\/v2\/posts"}],"about":[{"href":"https:\/\/www.gaveanews.com\/index.php\/wp-json\/wp\/v2\/types\/post"}],"author":[{"embeddable":true,"href":"https:\/\/www.gaveanews.com\/index.php\/wp-json\/wp\/v2\/users\/17"}],"replies":[{"embeddable":true,"href":"https:\/\/www.gaveanews.com\/index.php\/wp-json\/wp\/v2\/comments?post=215519"}],"version-history":[{"count":1,"href":"https:\/\/www.gaveanews.com\/index.php\/wp-json\/wp\/v2\/posts\/215519\/revisions"}],"predecessor-version":[{"id":215522,"href":"https:\/\/www.gaveanews.com\/index.php\/wp-json\/wp\/v2\/posts\/215519\/revisions\/215522"}],"wp:attachment":[{"href":"https:\/\/www.gaveanews.com\/index.php\/wp-json\/wp\/v2\/media?parent=215519"}],"wp:term":[{"taxonomy":"category","embeddable":true,"href":"https:\/\/www.gaveanews.com\/index.php\/wp-json\/wp\/v2\/categories?post=215519"},{"taxonomy":"post_tag","embeddable":true,"href":"https:\/\/www.gaveanews.com\/index.php\/wp-json\/wp\/v2\/tags?post=215519"}],"curies":[{"name":"wp","href":"https:\/\/api.w.org\/{rel}","templated":true}]}}