{"id":215581,"date":"2025-01-21T01:40:00","date_gmt":"2025-01-21T04:40:00","guid":{"rendered":"https:\/\/www.gaveanews.com\/?p=215581"},"modified":"2025-01-20T23:57:11","modified_gmt":"2025-01-21T02:57:11","slug":"saf-no-sao-paulo-o-que-diz-o-presidente-julio-casares","status":"publish","type":"post","link":"https:\/\/www.gaveanews.com\/index.php\/2025\/01\/21\/saf-no-sao-paulo-o-que-diz-o-presidente-julio-casares\/","title":{"rendered":"SAF no S\u00e3o Paulo? O que diz o presidente Julio Casares"},"content":{"rendered":"\n<h2 class=\"wp-block-heading\" id=\"h-julio-casares-fala-sobre-saf-no-sao-paulo-e-reforca-cautela-sobre-decisao\">Julio Casares fala sobre SAF no S\u00e3o Paulo e refor\u00e7a cautela sobre decis\u00e3o<\/h2>\n\n\n\n<p>A possibilidade de o S\u00e3o Paulo Futebol Clube se tornar uma SAF (Sociedade An\u00f4nima do Futebol) \u00e9 uma quest\u00e3o que tem gerado muitas especula\u00e7\u00f5es entre os torcedores. Com d\u00edvidas que ultrapassam R$ 1 bilh\u00e3o, a ado\u00e7\u00e3o do modelo \u00e9 vista por muitos como uma solu\u00e7\u00e3o. No entanto, o presidente Julio Casares afirmou que o clube ainda n\u00e3o est\u00e1 pronto para tomar essa decis\u00e3o e ressaltou a import\u00e2ncia de uma an\u00e1lise cuidadosa antes de avan\u00e7ar nesse sentido.<\/p>\n\n\n\n<ul class=\"wp-block-list\">\n<li><a href=\"https:\/\/www.gaveanews.com\/index.php\/2025\/01\/20\/sao-paulo-toma-decisao-apos-receber-proposta-por-alan-franco\/\">S\u00e3o Paulo toma decis\u00e3o ap\u00f3s receber proposta por Alan Franco<\/a><\/li>\n\n\n\n<li><a href=\"https:\/\/www.gaveanews.com\/index.php\/2025\/01\/17\/alerta-de-neto-transmissao-alternativa-e-maiores-caloteiros-do-brasil-as-ultimas-noticias-do-sao-paulo\/\">Alerta de Neto, transmiss\u00e3o alternativa e maiores caloteiros do Brasil: as \u00faltimas not\u00edcias do S\u00e3o Paulo<\/a><\/li>\n<\/ul>\n\n\n\n<p>\u201cA SAF \u00e9 uma realidade que no tempo certo ser\u00e1 discutida. N\u00e3o temos ainda uma transi\u00e7\u00e3o perfeita desse modelo, algumas deram certo, outras n\u00e3o. Ainda \u00e9 muito cedo para o S\u00e3o Paulo tomar essa decis\u00e3o, mas \u00e9 uma realidade\u201d, disse Casares em entrevista \u00e0 CNN.<\/p>\n\n\n\n<p>Casares explicou que a diretoria vem estudando diferentes modelos de SAF, mas que a atual situa\u00e7\u00e3o financeira do clube n\u00e3o \u00e9 favor\u00e1vel para iniciar uma negocia\u00e7\u00e3o. Ele destacou a necessidade de recuperar o valor de mercado do S\u00e3o Paulo antes de abrir conversas nesse sentido.<\/p>\n\n\n\n<p>\u201cOs clubes est\u00e3o virando SAFs pelas d\u00edvidas. N\u00f3s queremos que, no dia que o S\u00e3o Paulo for discutir isso, no tempo certo, \u00e9 recuperar o S\u00e3o Paulo para que ele tenha musculatura, n\u00e3o negociar pela d\u00edvida, mas sentar no balc\u00e3o de forma adulta dizendo: \u2018Aqui vale esse tanto\u2019, e a\u00ed vamos negociar\u201d, acrescentou o presidente.<\/p>\n\n\n\n<p>O mandat\u00e1rio tamb\u00e9m destacou que o modelo de SAF \u00e9 uma tend\u00eancia no futebol brasileiro, mas que sua implementa\u00e7\u00e3o ainda precisa ser amadurecida no pa\u00eds. Para ele, os clubes que n\u00e3o se adaptarem ao novo cen\u00e1rio correm o risco de ficarem para tr\u00e1s.<\/p>\n\n\n\n<p>\u201c\u00c9 uma tend\u00eancia, porque, imagine se voc\u00ea ficar no mercado com 20 clubes da S\u00e9rie A e voc\u00ea ficar com quatro ou cinco clubes isolados, voc\u00ea vai ser asfixiado. Essa \u00e9 a palavra. Temos que olhar esse movimento, l\u00e1 na frente ele vai estar mais decantado\u201d, afirmou Casares.<\/p>\n\n\n\n<p>Al\u00e9m disso, Casares sinalizou que o S\u00e3o Paulo busca alternativas para modernizar sua gest\u00e3o e ganhar competitividade sem necessariamente adotar o modelo tradicional de SAF. \u201cO S\u00e3o Paulo tem que olhar modelos. Pode n\u00e3o ter o modelo de SAF tradicional, como est\u00e1 colocada a\u00ed, mas pode avan\u00e7ar. O S\u00e3o Paulo tem olhado outras oportunidades para que o S\u00e3o Paulo ganhe musculatura e consiga fazer com o que faz de forma associativa de uma forma mais profissional\u201d, concluiu.<\/p>\n\n\n\n<p>Com o mercado do futebol brasileiro em constante transforma\u00e7\u00e3o, o futuro do S\u00e3o Paulo depender\u00e1 das estrat\u00e9gias adotadas pela diretoria para equilibrar as finan\u00e7as e competir com clubes que j\u00e1 adotaram o modelo SAF.<\/p>\n","protected":false},"excerpt":{"rendered":"<p>Julio Casares fala sobre SAF no S\u00e3o Paulo e refor\u00e7a cautela sobre decis\u00e3o A possibilidade de o S\u00e3o Paulo Futebol Clube se tornar uma SAF (Sociedade An\u00f4nima do Futebol) \u00e9 uma quest\u00e3o que tem gerado muitas especula\u00e7\u00f5es entre os torcedores. Com d\u00edvidas que ultrapassam R$ 1 bilh\u00e3o, a ado\u00e7\u00e3o do modelo \u00e9 vista por muitos [&hellip;]<\/p>\n","protected":false},"author":17,"featured_media":148896,"comment_status":"open","ping_status":"closed","sticky":false,"template":"","format":"standard","meta":{"footnotes":""},"categories":[151],"tags":[],"class_list":["post-215581","post","type-post","status-publish","format-standard","has-post-thumbnail","hentry","category-sao-paulo"],"yoast_head":"<!-- This site is optimized with the Yoast SEO Premium plugin v24.2 (Yoast SEO v26.9) - https:\/\/yoast.com\/product\/yoast-seo-premium-wordpress\/ -->\n<title>SAF no S\u00e3o Paulo? O que diz o presidente Julio Casares<\/title>\n<meta name=\"robots\" content=\"index, follow, max-snippet:-1, max-image-preview:large, max-video-preview:-1\" \/>\n<link rel=\"canonical\" href=\"https:\/\/www.gaveanews.com\/index.php\/2025\/01\/21\/saf-no-sao-paulo-o-que-diz-o-presidente-julio-casares\/\" \/>\n<meta property=\"og:locale\" content=\"pt_BR\" \/>\n<meta property=\"og:type\" content=\"article\" \/>\n<meta property=\"og:title\" content=\"SAF no S\u00e3o Paulo? O que diz o presidente Julio Casares\" \/>\n<meta property=\"og:description\" content=\"Julio Casares fala sobre SAF no S\u00e3o Paulo e refor\u00e7a cautela sobre decis\u00e3o A possibilidade de o S\u00e3o Paulo Futebol Clube se tornar uma SAF (Sociedade An\u00f4nima do Futebol) \u00e9 uma quest\u00e3o que tem gerado muitas especula\u00e7\u00f5es entre os torcedores. Com d\u00edvidas que ultrapassam R$ 1 bilh\u00e3o, a ado\u00e7\u00e3o do modelo \u00e9 vista por muitos [&hellip;]\" \/>\n<meta property=\"og:url\" content=\"https:\/\/www.gaveanews.com\/index.php\/2025\/01\/21\/saf-no-sao-paulo-o-que-diz-o-presidente-julio-casares\/\" \/>\n<meta property=\"og:site_name\" content=\"G\u00e1vea News\" \/>\n<meta property=\"article:publisher\" content=\"https:\/\/facebook.com\/gaveaNews\/\" \/>\n<meta property=\"article:published_time\" content=\"2025-01-21T04:40:00+00:00\" \/>\n<meta property=\"og:image\" content=\"https:\/\/www.gaveanews.com\/wp-content\/uploads\/Casares-durante-entrevista-para-a-ESPN.webp\" \/>\n\t<meta property=\"og:image:width\" content=\"900\" \/>\n\t<meta property=\"og:image:height\" content=\"475\" \/>\n\t<meta property=\"og:image:type\" content=\"image\/png\" \/>\n<meta name=\"author\" content=\"Geovanna Thomaz\" \/>\n<meta name=\"twitter:card\" content=\"summary_large_image\" \/>\n<meta name=\"twitter:label1\" content=\"Escrito por\" \/>\n\t<meta name=\"twitter:data1\" content=\"Geovanna Thomaz\" \/>\n\t<meta name=\"twitter:label2\" content=\"Est. tempo de leitura\" \/>\n\t<meta name=\"twitter:data2\" content=\"3 minutos\" \/>\n<script type=\"application\/ld+json\" class=\"yoast-schema-graph\">{\"@context\":\"https:\/\/schema.org\",\"@graph\":[{\"@type\":\"NewsArticle\",\"@id\":\"https:\/\/www.gaveanews.com\/index.php\/2025\/01\/21\/saf-no-sao-paulo-o-que-diz-o-presidente-julio-casares\/#article\",\"isPartOf\":{\"@id\":\"https:\/\/www.gaveanews.com\/index.php\/2025\/01\/21\/saf-no-sao-paulo-o-que-diz-o-presidente-julio-casares\/\"},\"author\":{\"name\":\"Geovanna Thomaz\",\"@id\":\"https:\/\/www.gaveanews.com\/#\/schema\/person\/f42654babcd2b2014a1a65af82b081f1\"},\"headline\":\"SAF no S\u00e3o Paulo? O que diz o presidente Julio Casares\",\"datePublished\":\"2025-01-21T04:40:00+00:00\",\"mainEntityOfPage\":{\"@id\":\"https:\/\/www.gaveanews.com\/index.php\/2025\/01\/21\/saf-no-sao-paulo-o-que-diz-o-presidente-julio-casares\/\"},\"wordCount\":523,\"commentCount\":0,\"image\":{\"@id\":\"https:\/\/www.gaveanews.com\/index.php\/2025\/01\/21\/saf-no-sao-paulo-o-que-diz-o-presidente-julio-casares\/#primaryimage\"},\"thumbnailUrl\":\"https:\/\/www.gaveanews.com\/wp-content\/uploads\/Casares-durante-entrevista-para-a-ESPN.webp\",\"articleSection\":[\"S\u00e3o Paulo\"],\"inLanguage\":\"pt-BR\",\"potentialAction\":[{\"@type\":\"CommentAction\",\"name\":\"Comment\",\"target\":[\"https:\/\/www.gaveanews.com\/index.php\/2025\/01\/21\/saf-no-sao-paulo-o-que-diz-o-presidente-julio-casares\/#respond\"]}],\"copyrightYear\":\"2025\",\"copyrightHolder\":{\"@id\":\"https:\/\/www.gaveanews.com\/#organization\"}},{\"@type\":\"WebPage\",\"@id\":\"https:\/\/www.gaveanews.com\/index.php\/2025\/01\/21\/saf-no-sao-paulo-o-que-diz-o-presidente-julio-casares\/\",\"url\":\"https:\/\/www.gaveanews.com\/index.php\/2025\/01\/21\/saf-no-sao-paulo-o-que-diz-o-presidente-julio-casares\/\",\"name\":\"SAF no S\u00e3o Paulo? O que diz o presidente Julio Casares\",\"isPartOf\":{\"@id\":\"https:\/\/www.gaveanews.com\/#website\"},\"primaryImageOfPage\":{\"@id\":\"https:\/\/www.gaveanews.com\/index.php\/2025\/01\/21\/saf-no-sao-paulo-o-que-diz-o-presidente-julio-casares\/#primaryimage\"},\"image\":{\"@id\":\"https:\/\/www.gaveanews.com\/index.php\/2025\/01\/21\/saf-no-sao-paulo-o-que-diz-o-presidente-julio-casares\/#primaryimage\"},\"thumbnailUrl\":\"https:\/\/www.gaveanews.com\/wp-content\/uploads\/Casares-durante-entrevista-para-a-ESPN.webp\",\"datePublished\":\"2025-01-21T04:40:00+00:00\",\"author\":{\"@id\":\"https:\/\/www.gaveanews.com\/#\/schema\/person\/f42654babcd2b2014a1a65af82b081f1\"},\"breadcrumb\":{\"@id\":\"https:\/\/www.gaveanews.com\/index.php\/2025\/01\/21\/saf-no-sao-paulo-o-que-diz-o-presidente-julio-casares\/#breadcrumb\"},\"inLanguage\":\"pt-BR\",\"potentialAction\":[{\"@type\":\"ReadAction\",\"target\":[\"https:\/\/www.gaveanews.com\/index.php\/2025\/01\/21\/saf-no-sao-paulo-o-que-diz-o-presidente-julio-casares\/\"]}]},{\"@type\":\"ImageObject\",\"inLanguage\":\"pt-BR\",\"@id\":\"https:\/\/www.gaveanews.com\/index.php\/2025\/01\/21\/saf-no-sao-paulo-o-que-diz-o-presidente-julio-casares\/#primaryimage\",\"url\":\"https:\/\/www.gaveanews.com\/wp-content\/uploads\/Casares-durante-entrevista-para-a-ESPN.webp\",\"contentUrl\":\"https:\/\/www.gaveanews.com\/wp-content\/uploads\/Casares-durante-entrevista-para-a-ESPN.webp\",\"width\":900,\"height\":475,\"caption\":\"Casares, presidente do S\u00e3o Paulo, durante entrevista para a ESPN (Foto: Reprodu\u00e7\u00e3o\/ESPN)\"},{\"@type\":\"BreadcrumbList\",\"@id\":\"https:\/\/www.gaveanews.com\/index.php\/2025\/01\/21\/saf-no-sao-paulo-o-que-diz-o-presidente-julio-casares\/#breadcrumb\",\"itemListElement\":[{\"@type\":\"ListItem\",\"position\":1,\"name\":\"Home\",\"item\":\"https:\/\/www.gaveanews.com\/\"},{\"@type\":\"ListItem\",\"position\":2,\"name\":\"SAF no S\u00e3o Paulo? O que diz o presidente Julio Casares\"}]},{\"@type\":\"WebSite\",\"@id\":\"https:\/\/www.gaveanews.com\/#website\",\"url\":\"https:\/\/www.gaveanews.com\/\",\"name\":\"G\u00e1vea News\",\"description\":\"Veja todas as not\u00edcias sobre o Flamengo: Contrata\u00e7\u00f5es, categorias de base, resultados das partidas, tabela de classifica\u00e7\u00e3o, pr\u00f3ximos jogos!\",\"potentialAction\":[{\"@type\":\"SearchAction\",\"target\":{\"@type\":\"EntryPoint\",\"urlTemplate\":\"https:\/\/www.gaveanews.com\/?s={search_term_string}\"},\"query-input\":{\"@type\":\"PropertyValueSpecification\",\"valueRequired\":true,\"valueName\":\"search_term_string\"}}],\"inLanguage\":\"pt-BR\"},{\"@type\":\"Person\",\"@id\":\"https:\/\/www.gaveanews.com\/#\/schema\/person\/f42654babcd2b2014a1a65af82b081f1\",\"name\":\"Geovanna Thomaz\",\"image\":{\"@type\":\"ImageObject\",\"inLanguage\":\"pt-BR\",\"@id\":\"https:\/\/www.gaveanews.com\/#\/schema\/person\/image\/\",\"url\":\"https:\/\/secure.gravatar.com\/avatar\/4092073255489533afb558984b49b64268c47198af8623cc82a925ae9fb7118a?s=96&d=mm&r=g\",\"contentUrl\":\"https:\/\/secure.gravatar.com\/avatar\/4092073255489533afb558984b49b64268c47198af8623cc82a925ae9fb7118a?s=96&d=mm&r=g\",\"caption\":\"Geovanna Thomaz\"}}]}<\/script>\n<!-- \/ Yoast SEO Premium plugin. -->","yoast_head_json":{"title":"SAF no S\u00e3o Paulo? O que diz o presidente Julio Casares","robots":{"index":"index","follow":"follow","max-snippet":"max-snippet:-1","max-image-preview":"max-image-preview:large","max-video-preview":"max-video-preview:-1"},"canonical":"https:\/\/www.gaveanews.com\/index.php\/2025\/01\/21\/saf-no-sao-paulo-o-que-diz-o-presidente-julio-casares\/","og_locale":"pt_BR","og_type":"article","og_title":"SAF no S\u00e3o Paulo? O que diz o presidente Julio Casares","og_description":"Julio Casares fala sobre SAF no S\u00e3o Paulo e refor\u00e7a cautela sobre decis\u00e3o A possibilidade de o S\u00e3o Paulo Futebol Clube se tornar uma SAF (Sociedade An\u00f4nima do Futebol) \u00e9 uma quest\u00e3o que tem gerado muitas especula\u00e7\u00f5es entre os torcedores. Com d\u00edvidas que ultrapassam R$ 1 bilh\u00e3o, a ado\u00e7\u00e3o do modelo \u00e9 vista por muitos [&hellip;]","og_url":"https:\/\/www.gaveanews.com\/index.php\/2025\/01\/21\/saf-no-sao-paulo-o-que-diz-o-presidente-julio-casares\/","og_site_name":"G\u00e1vea News","article_publisher":"https:\/\/facebook.com\/gaveaNews\/","article_published_time":"2025-01-21T04:40:00+00:00","og_image":[{"width":900,"height":475,"url":"https:\/\/www.gaveanews.com\/wp-content\/uploads\/Casares-durante-entrevista-para-a-ESPN.webp","type":"image\/png"}],"author":"Geovanna Thomaz","twitter_card":"summary_large_image","twitter_misc":{"Escrito por":"Geovanna Thomaz","Est. tempo de leitura":"3 minutos"},"schema":{"@context":"https:\/\/schema.org","@graph":[{"@type":"NewsArticle","@id":"https:\/\/www.gaveanews.com\/index.php\/2025\/01\/21\/saf-no-sao-paulo-o-que-diz-o-presidente-julio-casares\/#article","isPartOf":{"@id":"https:\/\/www.gaveanews.com\/index.php\/2025\/01\/21\/saf-no-sao-paulo-o-que-diz-o-presidente-julio-casares\/"},"author":{"name":"Geovanna Thomaz","@id":"https:\/\/www.gaveanews.com\/#\/schema\/person\/f42654babcd2b2014a1a65af82b081f1"},"headline":"SAF no S\u00e3o Paulo? O que diz o presidente Julio Casares","datePublished":"2025-01-21T04:40:00+00:00","mainEntityOfPage":{"@id":"https:\/\/www.gaveanews.com\/index.php\/2025\/01\/21\/saf-no-sao-paulo-o-que-diz-o-presidente-julio-casares\/"},"wordCount":523,"commentCount":0,"image":{"@id":"https:\/\/www.gaveanews.com\/index.php\/2025\/01\/21\/saf-no-sao-paulo-o-que-diz-o-presidente-julio-casares\/#primaryimage"},"thumbnailUrl":"https:\/\/www.gaveanews.com\/wp-content\/uploads\/Casares-durante-entrevista-para-a-ESPN.webp","articleSection":["S\u00e3o Paulo"],"inLanguage":"pt-BR","potentialAction":[{"@type":"CommentAction","name":"Comment","target":["https:\/\/www.gaveanews.com\/index.php\/2025\/01\/21\/saf-no-sao-paulo-o-que-diz-o-presidente-julio-casares\/#respond"]}],"copyrightYear":"2025","copyrightHolder":{"@id":"https:\/\/www.gaveanews.com\/#organization"}},{"@type":"WebPage","@id":"https:\/\/www.gaveanews.com\/index.php\/2025\/01\/21\/saf-no-sao-paulo-o-que-diz-o-presidente-julio-casares\/","url":"https:\/\/www.gaveanews.com\/index.php\/2025\/01\/21\/saf-no-sao-paulo-o-que-diz-o-presidente-julio-casares\/","name":"SAF no S\u00e3o Paulo? O que diz o presidente Julio Casares","isPartOf":{"@id":"https:\/\/www.gaveanews.com\/#website"},"primaryImageOfPage":{"@id":"https:\/\/www.gaveanews.com\/index.php\/2025\/01\/21\/saf-no-sao-paulo-o-que-diz-o-presidente-julio-casares\/#primaryimage"},"image":{"@id":"https:\/\/www.gaveanews.com\/index.php\/2025\/01\/21\/saf-no-sao-paulo-o-que-diz-o-presidente-julio-casares\/#primaryimage"},"thumbnailUrl":"https:\/\/www.gaveanews.com\/wp-content\/uploads\/Casares-durante-entrevista-para-a-ESPN.webp","datePublished":"2025-01-21T04:40:00+00:00","author":{"@id":"https:\/\/www.gaveanews.com\/#\/schema\/person\/f42654babcd2b2014a1a65af82b081f1"},"breadcrumb":{"@id":"https:\/\/www.gaveanews.com\/index.php\/2025\/01\/21\/saf-no-sao-paulo-o-que-diz-o-presidente-julio-casares\/#breadcrumb"},"inLanguage":"pt-BR","potentialAction":[{"@type":"ReadAction","target":["https:\/\/www.gaveanews.com\/index.php\/2025\/01\/21\/saf-no-sao-paulo-o-que-diz-o-presidente-julio-casares\/"]}]},{"@type":"ImageObject","inLanguage":"pt-BR","@id":"https:\/\/www.gaveanews.com\/index.php\/2025\/01\/21\/saf-no-sao-paulo-o-que-diz-o-presidente-julio-casares\/#primaryimage","url":"https:\/\/www.gaveanews.com\/wp-content\/uploads\/Casares-durante-entrevista-para-a-ESPN.webp","contentUrl":"https:\/\/www.gaveanews.com\/wp-content\/uploads\/Casares-durante-entrevista-para-a-ESPN.webp","width":900,"height":475,"caption":"Casares, presidente do S\u00e3o Paulo, durante entrevista para a ESPN (Foto: Reprodu\u00e7\u00e3o\/ESPN)"},{"@type":"BreadcrumbList","@id":"https:\/\/www.gaveanews.com\/index.php\/2025\/01\/21\/saf-no-sao-paulo-o-que-diz-o-presidente-julio-casares\/#breadcrumb","itemListElement":[{"@type":"ListItem","position":1,"name":"Home","item":"https:\/\/www.gaveanews.com\/"},{"@type":"ListItem","position":2,"name":"SAF no S\u00e3o Paulo? O que diz o presidente Julio Casares"}]},{"@type":"WebSite","@id":"https:\/\/www.gaveanews.com\/#website","url":"https:\/\/www.gaveanews.com\/","name":"G\u00e1vea News","description":"Veja todas as not\u00edcias sobre o Flamengo: Contrata\u00e7\u00f5es, categorias de base, resultados das partidas, tabela de classifica\u00e7\u00e3o, pr\u00f3ximos jogos!","potentialAction":[{"@type":"SearchAction","target":{"@type":"EntryPoint","urlTemplate":"https:\/\/www.gaveanews.com\/?s={search_term_string}"},"query-input":{"@type":"PropertyValueSpecification","valueRequired":true,"valueName":"search_term_string"}}],"inLanguage":"pt-BR"},{"@type":"Person","@id":"https:\/\/www.gaveanews.com\/#\/schema\/person\/f42654babcd2b2014a1a65af82b081f1","name":"Geovanna Thomaz","image":{"@type":"ImageObject","inLanguage":"pt-BR","@id":"https:\/\/www.gaveanews.com\/#\/schema\/person\/image\/","url":"https:\/\/secure.gravatar.com\/avatar\/4092073255489533afb558984b49b64268c47198af8623cc82a925ae9fb7118a?s=96&d=mm&r=g","contentUrl":"https:\/\/secure.gravatar.com\/avatar\/4092073255489533afb558984b49b64268c47198af8623cc82a925ae9fb7118a?s=96&d=mm&r=g","caption":"Geovanna Thomaz"}}]}},"_links":{"self":[{"href":"https:\/\/www.gaveanews.com\/index.php\/wp-json\/wp\/v2\/posts\/215581","targetHints":{"allow":["GET"]}}],"collection":[{"href":"https:\/\/www.gaveanews.com\/index.php\/wp-json\/wp\/v2\/posts"}],"about":[{"href":"https:\/\/www.gaveanews.com\/index.php\/wp-json\/wp\/v2\/types\/post"}],"author":[{"embeddable":true,"href":"https:\/\/www.gaveanews.com\/index.php\/wp-json\/wp\/v2\/users\/17"}],"replies":[{"embeddable":true,"href":"https:\/\/www.gaveanews.com\/index.php\/wp-json\/wp\/v2\/comments?post=215581"}],"version-history":[{"count":1,"href":"https:\/\/www.gaveanews.com\/index.php\/wp-json\/wp\/v2\/posts\/215581\/revisions"}],"predecessor-version":[{"id":215582,"href":"https:\/\/www.gaveanews.com\/index.php\/wp-json\/wp\/v2\/posts\/215581\/revisions\/215582"}],"wp:featuredmedia":[{"embeddable":true,"href":"https:\/\/www.gaveanews.com\/index.php\/wp-json\/wp\/v2\/media\/148896"}],"wp:attachment":[{"href":"https:\/\/www.gaveanews.com\/index.php\/wp-json\/wp\/v2\/media?parent=215581"}],"wp:term":[{"taxonomy":"category","embeddable":true,"href":"https:\/\/www.gaveanews.com\/index.php\/wp-json\/wp\/v2\/categories?post=215581"},{"taxonomy":"post_tag","embeddable":true,"href":"https:\/\/www.gaveanews.com\/index.php\/wp-json\/wp\/v2\/tags?post=215581"}],"curies":[{"name":"wp","href":"https:\/\/api.w.org\/{rel}","templated":true}]}}