{"id":215623,"date":"2025-01-21T05:00:00","date_gmt":"2025-01-21T08:00:00","guid":{"rendered":"https:\/\/www.gaveanews.com\/?p=215623"},"modified":"2025-01-21T04:48:43","modified_gmt":"2025-01-21T07:48:43","slug":"flamengo-a-declaracao-de-cleber-machado-direcionada-a-zico","status":"publish","type":"post","link":"https:\/\/www.gaveanews.com\/index.php\/2025\/01\/21\/flamengo-a-declaracao-de-cleber-machado-direcionada-a-zico\/","title":{"rendered":"Flamengo: a declara\u00e7\u00e3o de Cleber Machado direcionada a Zico"},"content":{"rendered":"\n<p>Neste \u00faltimo domingo (19), Cleber Machado iniciou sua participa\u00e7\u00e3o como apresentador do programa Esporte Record. O narrador, que retornou \u00e0 emissora ap\u00f3s narrar a final do Campeonato Paulista de 2023, debateu com a equipe sobre um tema que movimentou o cen\u00e1rio esportivo: a controv\u00e9rsia entre Neymar e Rivaldo.<\/p>\n\n\n\n<ul class=\"wp-block-list\">\n<li><a href=\"https:\/\/www.gaveanews.com\/index.php\/2025\/01\/15\/flamengo-time-do-exterior-prepara-oferta-milionaria-para-contratar-ayrton-lucas\/\">Flamengo: time do exterior prepara oferta milion\u00e1ria para contratar Ayrton Lucas<\/a><\/li>\n\n\n\n<li><a href=\"https:\/\/www.gaveanews.com\/index.php\/2025\/01\/18\/ex-atacante-do-flamengo-e-campeao-no-exterior\/\">Ex-atacante do Flamengo \u00e9 campe\u00e3o no exterior<\/a><\/li>\n<\/ul>\n\n\n\n<p>Durante o programa, os comentaristas debateram uma declara\u00e7\u00e3o de Neymar, jogador do Al-Hilal, que afirmou, em entrevista a Rom\u00e1rio, que teria lugar garantido na sele\u00e7\u00e3o brasileira campe\u00e3 da Copa do Mundo de 2002. Sendo assim, Cleber Machado e a bancada do Esporte Record analisaram essa afirma\u00e7\u00e3o e discutiram as implica\u00e7\u00f5es hist\u00f3ricas.<\/p>\n\n\n\n<p>Cleber aproveitou o momento para exaltar outro grande nome do futebol brasileiro. Na vis\u00e3o do narrador, ap\u00f3s Pel\u00e9, o principal jogador do pa\u00eds foi o grandioso camisa 10 do Flamengo, Zico. \u201cPra mim, depois do Pel\u00e9, o Zico\u201d, declarou. <\/p>\n\n\n\n<p>Dessa maneira, a  declara\u00e7\u00e3o gerou concord\u00e2ncia entre os integrantes da bancada, incluindo Dod\u00f4, que tamb\u00e9m destacou o talento do ex-jogador flamenguista. \u201cO Zico pra mim foi o melhor jogador brasileiro que eu vi jogar desde que eu nasci\u201d,\u00a0disse.<\/p>\n\n\n\n<figure class=\"wp-block-image size-full is-resized\"><img loading=\"lazy\" decoding=\"async\" width=\"695\" height=\"463\" src=\"https:\/\/www.gaveanews.com\/wp-content\/uploads\/oficial_clebermachado_1708463851091.webp\" alt=\"\" class=\"wp-image-127874\" style=\"width:840px;height:auto\" srcset=\"https:\/\/www.gaveanews.com\/wp-content\/uploads\/oficial_clebermachado_1708463851091.webp 695w, https:\/\/www.gaveanews.com\/wp-content\/uploads\/oficial_clebermachado_1708463851091-300x200.webp 300w, https:\/\/www.gaveanews.com\/wp-content\/uploads\/oficial_clebermachado_1708463851091-630x420.webp 630w, https:\/\/www.gaveanews.com\/wp-content\/uploads\/oficial_clebermachado_1708463851091-640x426.webp 640w, https:\/\/www.gaveanews.com\/wp-content\/uploads\/oficial_clebermachado_1708463851091-681x454.webp 681w, https:\/\/www.gaveanews.com\/wp-content\/uploads\/oficial_clebermachado_1708463851091-100x67.webp 100w\" sizes=\"auto, (max-width: 695px) 100vw, 695px\" \/><figcaption class=\"wp-element-caption\">Cl\u00e9ber Machado, narrador de futebol (Foto: Reprodu\u00e7\u00e3o\/Instagram)<\/figcaption><\/figure>\n\n\n\n<h2 class=\"wp-block-heading\" id=\"h-rivaldo-e-o-debate-sobre-o-protagonismo-em-2002\">Rivaldo e o debate sobre o protagonismo em 2002<\/h2>\n\n\n\n<p>No s\u00e1bado (18), Rivaldo criticou Neymar por sugerir que ocuparia sua vaga na sele\u00e7\u00e3o de 2002. Esse coment\u00e1rio deu in\u00edcio a uma ampla discuss\u00e3o no programa. Cleber Machado, ao lado de Maur\u00edcio Noriega, Dod\u00f4 e S\u00e1lvio Sp\u00ednola, destacou o desempenho de Rivaldo na competi\u00e7\u00e3o. <\/p>\n\n\n\n<p>Nesse sentido, a equipe do programa foi un\u00e2nime em afirmar que o ex-camisa 10 foi o grande destaque da Copa do Mundo daquele ano, superando at\u00e9 mesmo o desempenho de Ronaldo Fen\u00f4meno.<\/p>\n\n\n\n<p>Noriega elogiou a postura de Neymar ao responder Rivaldo, enquanto Cleber ressaltou que o coment\u00e1rio do atacante do Al-Hilal n\u00e3o soou como desrespeitoso. Ambos os comentaristas concordaram que Neymar figura entre os grandes nomes da hist\u00f3ria do futebol brasileiro.<\/p>\n\n\n\n<p>Encerrando o debate, Cleber Machado refor\u00e7ou que, na sua vis\u00e3o, Neymar \u00e9 indiscutivelmente um dos melhores jogadores do Brasil. \u201cO Neymar t\u00e1 entre os 20 melhores jogadores da hist\u00f3ria do futebol brasileiro, f\u00e1cil\u201d, enfatizou. <\/p>\n","protected":false},"excerpt":{"rendered":"<p>Neste \u00faltimo domingo (19), Cleber Machado iniciou sua participa\u00e7\u00e3o como apresentador do programa Esporte Record. O narrador, que retornou \u00e0 emissora ap\u00f3s narrar a final do Campeonato Paulista de 2023, debateu com a equipe sobre um tema que movimentou o cen\u00e1rio esportivo: a controv\u00e9rsia entre Neymar e Rivaldo. Durante o programa, os comentaristas debateram uma [&hellip;]<\/p>\n","protected":false},"author":28,"featured_media":58554,"comment_status":"open","ping_status":"closed","sticky":false,"template":"","format":"standard","meta":{"footnotes":""},"categories":[1],"tags":[],"class_list":["post-215623","post","type-post","status-publish","format-standard","has-post-thumbnail","hentry","category-flamengo"],"yoast_head":"<!-- This site is optimized with the Yoast SEO Premium plugin v24.2 (Yoast SEO v26.9) - https:\/\/yoast.com\/product\/yoast-seo-premium-wordpress\/ -->\n<title>Flamengo: a declara\u00e7\u00e3o de Cleber Machado direcionada a Zico<\/title>\n<meta name=\"robots\" content=\"index, follow, max-snippet:-1, max-image-preview:large, max-video-preview:-1\" \/>\n<link rel=\"canonical\" href=\"https:\/\/www.gaveanews.com\/index.php\/2025\/01\/21\/flamengo-a-declaracao-de-cleber-machado-direcionada-a-zico\/\" \/>\n<meta property=\"og:locale\" content=\"pt_BR\" \/>\n<meta property=\"og:type\" content=\"article\" \/>\n<meta property=\"og:title\" content=\"Flamengo: a declara\u00e7\u00e3o de Cleber Machado direcionada a Zico\" \/>\n<meta property=\"og:description\" content=\"Neste \u00faltimo domingo (19), Cleber Machado iniciou sua participa\u00e7\u00e3o como apresentador do programa Esporte Record. O narrador, que retornou \u00e0 emissora ap\u00f3s narrar a final do Campeonato Paulista de 2023, debateu com a equipe sobre um tema que movimentou o cen\u00e1rio esportivo: a controv\u00e9rsia entre Neymar e Rivaldo. Durante o programa, os comentaristas debateram uma [&hellip;]\" \/>\n<meta property=\"og:url\" content=\"https:\/\/www.gaveanews.com\/index.php\/2025\/01\/21\/flamengo-a-declaracao-de-cleber-machado-direcionada-a-zico\/\" \/>\n<meta property=\"og:site_name\" content=\"G\u00e1vea News\" \/>\n<meta property=\"article:publisher\" content=\"https:\/\/facebook.com\/gaveaNews\/\" \/>\n<meta property=\"article:published_time\" content=\"2025-01-21T08:00:00+00:00\" \/>\n<meta property=\"og:image\" content=\"https:\/\/www.gaveanews.com\/wp-content\/uploads\/Zico-em-jogo-do-Flamengo.webp\" \/>\n\t<meta property=\"og:image:width\" content=\"1080\" \/>\n\t<meta property=\"og:image:height\" content=\"1080\" \/>\n\t<meta property=\"og:image:type\" content=\"image\/jpeg\" \/>\n<meta name=\"author\" content=\"Hudson Pereira\" \/>\n<meta name=\"twitter:card\" content=\"summary_large_image\" \/>\n<meta name=\"twitter:label1\" content=\"Escrito por\" \/>\n\t<meta name=\"twitter:data1\" content=\"Hudson Pereira\" \/>\n\t<meta name=\"twitter:label2\" content=\"Est. tempo de leitura\" \/>\n\t<meta name=\"twitter:data2\" content=\"3 minutos\" \/>\n<script type=\"application\/ld+json\" class=\"yoast-schema-graph\">{\"@context\":\"https:\/\/schema.org\",\"@graph\":[{\"@type\":\"NewsArticle\",\"@id\":\"https:\/\/www.gaveanews.com\/index.php\/2025\/01\/21\/flamengo-a-declaracao-de-cleber-machado-direcionada-a-zico\/#article\",\"isPartOf\":{\"@id\":\"https:\/\/www.gaveanews.com\/index.php\/2025\/01\/21\/flamengo-a-declaracao-de-cleber-machado-direcionada-a-zico\/\"},\"author\":{\"name\":\"Hudson Pereira\",\"@id\":\"https:\/\/www.gaveanews.com\/#\/schema\/person\/bd08f00534b403119b92741a6d469ef0\"},\"headline\":\"Flamengo: a declara\u00e7\u00e3o de Cleber Machado direcionada a Zico\",\"datePublished\":\"2025-01-21T08:00:00+00:00\",\"mainEntityOfPage\":{\"@id\":\"https:\/\/www.gaveanews.com\/index.php\/2025\/01\/21\/flamengo-a-declaracao-de-cleber-machado-direcionada-a-zico\/\"},\"wordCount\":397,\"commentCount\":0,\"image\":{\"@id\":\"https:\/\/www.gaveanews.com\/index.php\/2025\/01\/21\/flamengo-a-declaracao-de-cleber-machado-direcionada-a-zico\/#primaryimage\"},\"thumbnailUrl\":\"https:\/\/www.gaveanews.com\/wp-content\/uploads\/Zico-em-jogo-do-Flamengo.webp\",\"articleSection\":[\"Flamengo\"],\"inLanguage\":\"pt-BR\",\"potentialAction\":[{\"@type\":\"CommentAction\",\"name\":\"Comment\",\"target\":[\"https:\/\/www.gaveanews.com\/index.php\/2025\/01\/21\/flamengo-a-declaracao-de-cleber-machado-direcionada-a-zico\/#respond\"]}],\"copyrightYear\":\"2025\",\"copyrightHolder\":{\"@id\":\"https:\/\/www.gaveanews.com\/#organization\"}},{\"@type\":\"WebPage\",\"@id\":\"https:\/\/www.gaveanews.com\/index.php\/2025\/01\/21\/flamengo-a-declaracao-de-cleber-machado-direcionada-a-zico\/\",\"url\":\"https:\/\/www.gaveanews.com\/index.php\/2025\/01\/21\/flamengo-a-declaracao-de-cleber-machado-direcionada-a-zico\/\",\"name\":\"Flamengo: a declara\u00e7\u00e3o de Cleber Machado direcionada a Zico\",\"isPartOf\":{\"@id\":\"https:\/\/www.gaveanews.com\/#website\"},\"primaryImageOfPage\":{\"@id\":\"https:\/\/www.gaveanews.com\/index.php\/2025\/01\/21\/flamengo-a-declaracao-de-cleber-machado-direcionada-a-zico\/#primaryimage\"},\"image\":{\"@id\":\"https:\/\/www.gaveanews.com\/index.php\/2025\/01\/21\/flamengo-a-declaracao-de-cleber-machado-direcionada-a-zico\/#primaryimage\"},\"thumbnailUrl\":\"https:\/\/www.gaveanews.com\/wp-content\/uploads\/Zico-em-jogo-do-Flamengo.webp\",\"datePublished\":\"2025-01-21T08:00:00+00:00\",\"author\":{\"@id\":\"https:\/\/www.gaveanews.com\/#\/schema\/person\/bd08f00534b403119b92741a6d469ef0\"},\"breadcrumb\":{\"@id\":\"https:\/\/www.gaveanews.com\/index.php\/2025\/01\/21\/flamengo-a-declaracao-de-cleber-machado-direcionada-a-zico\/#breadcrumb\"},\"inLanguage\":\"pt-BR\",\"potentialAction\":[{\"@type\":\"ReadAction\",\"target\":[\"https:\/\/www.gaveanews.com\/index.php\/2025\/01\/21\/flamengo-a-declaracao-de-cleber-machado-direcionada-a-zico\/\"]}]},{\"@type\":\"ImageObject\",\"inLanguage\":\"pt-BR\",\"@id\":\"https:\/\/www.gaveanews.com\/index.php\/2025\/01\/21\/flamengo-a-declaracao-de-cleber-machado-direcionada-a-zico\/#primaryimage\",\"url\":\"https:\/\/www.gaveanews.com\/wp-content\/uploads\/Zico-em-jogo-do-Flamengo.webp\",\"contentUrl\":\"https:\/\/www.gaveanews.com\/wp-content\/uploads\/Zico-em-jogo-do-Flamengo.webp\",\"width\":1080,\"height\":1080,\"caption\":\"Zico em jogo do Flamengo (Foto: Alexandre Vidal\/Flamengo)\"},{\"@type\":\"BreadcrumbList\",\"@id\":\"https:\/\/www.gaveanews.com\/index.php\/2025\/01\/21\/flamengo-a-declaracao-de-cleber-machado-direcionada-a-zico\/#breadcrumb\",\"itemListElement\":[{\"@type\":\"ListItem\",\"position\":1,\"name\":\"Home\",\"item\":\"https:\/\/www.gaveanews.com\/\"},{\"@type\":\"ListItem\",\"position\":2,\"name\":\"Flamengo: a declara\u00e7\u00e3o de Cleber Machado direcionada a Zico\"}]},{\"@type\":\"WebSite\",\"@id\":\"https:\/\/www.gaveanews.com\/#website\",\"url\":\"https:\/\/www.gaveanews.com\/\",\"name\":\"G\u00e1vea News\",\"description\":\"Veja todas as not\u00edcias sobre o Flamengo: Contrata\u00e7\u00f5es, categorias de base, resultados das partidas, tabela de classifica\u00e7\u00e3o, pr\u00f3ximos jogos!\",\"potentialAction\":[{\"@type\":\"SearchAction\",\"target\":{\"@type\":\"EntryPoint\",\"urlTemplate\":\"https:\/\/www.gaveanews.com\/?s={search_term_string}\"},\"query-input\":{\"@type\":\"PropertyValueSpecification\",\"valueRequired\":true,\"valueName\":\"search_term_string\"}}],\"inLanguage\":\"pt-BR\"},{\"@type\":\"Person\",\"@id\":\"https:\/\/www.gaveanews.com\/#\/schema\/person\/bd08f00534b403119b92741a6d469ef0\",\"name\":\"Hudson Pereira\",\"image\":{\"@type\":\"ImageObject\",\"inLanguage\":\"pt-BR\",\"@id\":\"https:\/\/www.gaveanews.com\/#\/schema\/person\/image\/\",\"url\":\"https:\/\/secure.gravatar.com\/avatar\/ecc491b489e454e510efffc9b23c1052ce5fb4f2e05555768ba65819cd55f03e?s=96&d=mm&r=g\",\"contentUrl\":\"https:\/\/secure.gravatar.com\/avatar\/ecc491b489e454e510efffc9b23c1052ce5fb4f2e05555768ba65819cd55f03e?s=96&d=mm&r=g\",\"caption\":\"Hudson Pereira\"}}]}<\/script>\n<!-- \/ Yoast SEO Premium plugin. -->","yoast_head_json":{"title":"Flamengo: a declara\u00e7\u00e3o de Cleber Machado direcionada a Zico","robots":{"index":"index","follow":"follow","max-snippet":"max-snippet:-1","max-image-preview":"max-image-preview:large","max-video-preview":"max-video-preview:-1"},"canonical":"https:\/\/www.gaveanews.com\/index.php\/2025\/01\/21\/flamengo-a-declaracao-de-cleber-machado-direcionada-a-zico\/","og_locale":"pt_BR","og_type":"article","og_title":"Flamengo: a declara\u00e7\u00e3o de Cleber Machado direcionada a Zico","og_description":"Neste \u00faltimo domingo (19), Cleber Machado iniciou sua participa\u00e7\u00e3o como apresentador do programa Esporte Record. O narrador, que retornou \u00e0 emissora ap\u00f3s narrar a final do Campeonato Paulista de 2023, debateu com a equipe sobre um tema que movimentou o cen\u00e1rio esportivo: a controv\u00e9rsia entre Neymar e Rivaldo. Durante o programa, os comentaristas debateram uma [&hellip;]","og_url":"https:\/\/www.gaveanews.com\/index.php\/2025\/01\/21\/flamengo-a-declaracao-de-cleber-machado-direcionada-a-zico\/","og_site_name":"G\u00e1vea News","article_publisher":"https:\/\/facebook.com\/gaveaNews\/","article_published_time":"2025-01-21T08:00:00+00:00","og_image":[{"width":1080,"height":1080,"url":"https:\/\/www.gaveanews.com\/wp-content\/uploads\/Zico-em-jogo-do-Flamengo.webp","type":"image\/jpeg"}],"author":"Hudson Pereira","twitter_card":"summary_large_image","twitter_misc":{"Escrito por":"Hudson Pereira","Est. tempo de leitura":"3 minutos"},"schema":{"@context":"https:\/\/schema.org","@graph":[{"@type":"NewsArticle","@id":"https:\/\/www.gaveanews.com\/index.php\/2025\/01\/21\/flamengo-a-declaracao-de-cleber-machado-direcionada-a-zico\/#article","isPartOf":{"@id":"https:\/\/www.gaveanews.com\/index.php\/2025\/01\/21\/flamengo-a-declaracao-de-cleber-machado-direcionada-a-zico\/"},"author":{"name":"Hudson Pereira","@id":"https:\/\/www.gaveanews.com\/#\/schema\/person\/bd08f00534b403119b92741a6d469ef0"},"headline":"Flamengo: a declara\u00e7\u00e3o de Cleber Machado direcionada a Zico","datePublished":"2025-01-21T08:00:00+00:00","mainEntityOfPage":{"@id":"https:\/\/www.gaveanews.com\/index.php\/2025\/01\/21\/flamengo-a-declaracao-de-cleber-machado-direcionada-a-zico\/"},"wordCount":397,"commentCount":0,"image":{"@id":"https:\/\/www.gaveanews.com\/index.php\/2025\/01\/21\/flamengo-a-declaracao-de-cleber-machado-direcionada-a-zico\/#primaryimage"},"thumbnailUrl":"https:\/\/www.gaveanews.com\/wp-content\/uploads\/Zico-em-jogo-do-Flamengo.webp","articleSection":["Flamengo"],"inLanguage":"pt-BR","potentialAction":[{"@type":"CommentAction","name":"Comment","target":["https:\/\/www.gaveanews.com\/index.php\/2025\/01\/21\/flamengo-a-declaracao-de-cleber-machado-direcionada-a-zico\/#respond"]}],"copyrightYear":"2025","copyrightHolder":{"@id":"https:\/\/www.gaveanews.com\/#organization"}},{"@type":"WebPage","@id":"https:\/\/www.gaveanews.com\/index.php\/2025\/01\/21\/flamengo-a-declaracao-de-cleber-machado-direcionada-a-zico\/","url":"https:\/\/www.gaveanews.com\/index.php\/2025\/01\/21\/flamengo-a-declaracao-de-cleber-machado-direcionada-a-zico\/","name":"Flamengo: a declara\u00e7\u00e3o de Cleber Machado direcionada a Zico","isPartOf":{"@id":"https:\/\/www.gaveanews.com\/#website"},"primaryImageOfPage":{"@id":"https:\/\/www.gaveanews.com\/index.php\/2025\/01\/21\/flamengo-a-declaracao-de-cleber-machado-direcionada-a-zico\/#primaryimage"},"image":{"@id":"https:\/\/www.gaveanews.com\/index.php\/2025\/01\/21\/flamengo-a-declaracao-de-cleber-machado-direcionada-a-zico\/#primaryimage"},"thumbnailUrl":"https:\/\/www.gaveanews.com\/wp-content\/uploads\/Zico-em-jogo-do-Flamengo.webp","datePublished":"2025-01-21T08:00:00+00:00","author":{"@id":"https:\/\/www.gaveanews.com\/#\/schema\/person\/bd08f00534b403119b92741a6d469ef0"},"breadcrumb":{"@id":"https:\/\/www.gaveanews.com\/index.php\/2025\/01\/21\/flamengo-a-declaracao-de-cleber-machado-direcionada-a-zico\/#breadcrumb"},"inLanguage":"pt-BR","potentialAction":[{"@type":"ReadAction","target":["https:\/\/www.gaveanews.com\/index.php\/2025\/01\/21\/flamengo-a-declaracao-de-cleber-machado-direcionada-a-zico\/"]}]},{"@type":"ImageObject","inLanguage":"pt-BR","@id":"https:\/\/www.gaveanews.com\/index.php\/2025\/01\/21\/flamengo-a-declaracao-de-cleber-machado-direcionada-a-zico\/#primaryimage","url":"https:\/\/www.gaveanews.com\/wp-content\/uploads\/Zico-em-jogo-do-Flamengo.webp","contentUrl":"https:\/\/www.gaveanews.com\/wp-content\/uploads\/Zico-em-jogo-do-Flamengo.webp","width":1080,"height":1080,"caption":"Zico em jogo do Flamengo (Foto: Alexandre Vidal\/Flamengo)"},{"@type":"BreadcrumbList","@id":"https:\/\/www.gaveanews.com\/index.php\/2025\/01\/21\/flamengo-a-declaracao-de-cleber-machado-direcionada-a-zico\/#breadcrumb","itemListElement":[{"@type":"ListItem","position":1,"name":"Home","item":"https:\/\/www.gaveanews.com\/"},{"@type":"ListItem","position":2,"name":"Flamengo: a declara\u00e7\u00e3o de Cleber Machado direcionada a Zico"}]},{"@type":"WebSite","@id":"https:\/\/www.gaveanews.com\/#website","url":"https:\/\/www.gaveanews.com\/","name":"G\u00e1vea News","description":"Veja todas as not\u00edcias sobre o Flamengo: Contrata\u00e7\u00f5es, categorias de base, resultados das partidas, tabela de classifica\u00e7\u00e3o, pr\u00f3ximos jogos!","potentialAction":[{"@type":"SearchAction","target":{"@type":"EntryPoint","urlTemplate":"https:\/\/www.gaveanews.com\/?s={search_term_string}"},"query-input":{"@type":"PropertyValueSpecification","valueRequired":true,"valueName":"search_term_string"}}],"inLanguage":"pt-BR"},{"@type":"Person","@id":"https:\/\/www.gaveanews.com\/#\/schema\/person\/bd08f00534b403119b92741a6d469ef0","name":"Hudson Pereira","image":{"@type":"ImageObject","inLanguage":"pt-BR","@id":"https:\/\/www.gaveanews.com\/#\/schema\/person\/image\/","url":"https:\/\/secure.gravatar.com\/avatar\/ecc491b489e454e510efffc9b23c1052ce5fb4f2e05555768ba65819cd55f03e?s=96&d=mm&r=g","contentUrl":"https:\/\/secure.gravatar.com\/avatar\/ecc491b489e454e510efffc9b23c1052ce5fb4f2e05555768ba65819cd55f03e?s=96&d=mm&r=g","caption":"Hudson Pereira"}}]}},"_links":{"self":[{"href":"https:\/\/www.gaveanews.com\/index.php\/wp-json\/wp\/v2\/posts\/215623","targetHints":{"allow":["GET"]}}],"collection":[{"href":"https:\/\/www.gaveanews.com\/index.php\/wp-json\/wp\/v2\/posts"}],"about":[{"href":"https:\/\/www.gaveanews.com\/index.php\/wp-json\/wp\/v2\/types\/post"}],"author":[{"embeddable":true,"href":"https:\/\/www.gaveanews.com\/index.php\/wp-json\/wp\/v2\/users\/28"}],"replies":[{"embeddable":true,"href":"https:\/\/www.gaveanews.com\/index.php\/wp-json\/wp\/v2\/comments?post=215623"}],"version-history":[{"count":1,"href":"https:\/\/www.gaveanews.com\/index.php\/wp-json\/wp\/v2\/posts\/215623\/revisions"}],"predecessor-version":[{"id":215624,"href":"https:\/\/www.gaveanews.com\/index.php\/wp-json\/wp\/v2\/posts\/215623\/revisions\/215624"}],"wp:featuredmedia":[{"embeddable":true,"href":"https:\/\/www.gaveanews.com\/index.php\/wp-json\/wp\/v2\/media\/58554"}],"wp:attachment":[{"href":"https:\/\/www.gaveanews.com\/index.php\/wp-json\/wp\/v2\/media?parent=215623"}],"wp:term":[{"taxonomy":"category","embeddable":true,"href":"https:\/\/www.gaveanews.com\/index.php\/wp-json\/wp\/v2\/categories?post=215623"},{"taxonomy":"post_tag","embeddable":true,"href":"https:\/\/www.gaveanews.com\/index.php\/wp-json\/wp\/v2\/tags?post=215623"}],"curies":[{"name":"wp","href":"https:\/\/api.w.org\/{rel}","templated":true}]}}