{"id":215682,"date":"2025-01-21T15:00:12","date_gmt":"2025-01-21T18:00:12","guid":{"rendered":"https:\/\/www.gaveanews.com\/?p=215682"},"modified":"2025-01-21T14:52:25","modified_gmt":"2025-01-21T17:52:25","slug":"guilherme-arana-piquerez-vina-piton-ayrton-lucas-bernabei-luan-candido-marlon-alex-telles-e-cuiabano-os-laterais-esquerdos-mais-valiosos-do-brasil","status":"publish","type":"post","link":"https:\/\/www.gaveanews.com\/index.php\/2025\/01\/21\/guilherme-arana-piquerez-vina-piton-ayrton-lucas-bernabei-luan-candido-marlon-alex-telles-e-cuiabano-os-laterais-esquerdos-mais-valiosos-do-brasil\/","title":{"rendered":"Guilherme Arana, Piquerez, Vi\u00f1a, Piton, Ayrton Lucas, Bernabei, Luan C\u00e2ndido, Marlon, Alex Telles e Cuiabano: os laterais-esquerdos mais valiosos do Brasil"},"content":{"rendered":"\n<p>Com a janela de transfer\u00eancias aberta, os clubes se movimentam incessantemente em busca de refor\u00e7os capazes de qualificar os respectivos elencos. Para conseguir boas contrata\u00e7\u00f5es, no entanto, \u00e9 preciso investir um bom dinheiro para tirar os jogadores das equipes deles.<\/p>\n\n\n\n<ul class=\"wp-block-list\">\n<li><a href=\"https:\/\/www.gaveanews.com\/index.php\/2025\/01\/21\/botafogo-vai-ajudar-o-fluminense-a-ter-lucro-milionario-2\/\">Botafogo vai ajudar o Fluminense a ter lucro milion\u00e1rio<\/a><\/li>\n\n\n\n<li><a href=\"https:\/\/www.gaveanews.com\/index.php\/2025\/01\/21\/tecnico-do-botafogo-john-textor-vai-buscar-nome-no-mexico\/\">T\u00e9cnico do Botafogo: John Textor vai buscar nome no M\u00e9xico<\/a><\/li>\n<\/ul>\n\n\n\n<p>Sabendo disso, o G\u00e1vea News reuniu uma lista com os laterais-esquerdos mais valiosos do Brasil, a fim de estimar qual investimento necess\u00e1rio para contrat\u00e1-los. Os dados foram retirados do site &#8220;Transfermarkt&#8221;.<\/p>\n\n\n\n<h2 class=\"wp-block-heading\" id=\"h-cuiabano\">Cuiabano<\/h2>\n\n\n\n<p>Quem abre a lista dos laterais-esquerdos mais valiosos do Brasil \u00e9 Cuiabano, do Botafogo. O defensor de 21 anos est\u00e1 avaliado em 4,5 milh\u00f5es de reais, cerca de 28,3 milh\u00f5es de reias.<\/p>\n\n\n\n<figure class=\"wp-block-image size-large\"><img loading=\"lazy\" decoding=\"async\" width=\"1024\" height=\"640\" src=\"https:\/\/www.gaveanews.com\/wp-content\/uploads\/Cuiabano-em-acao-pelo-time-do-Botafogo-1024x640.webp\" alt=\"\" class=\"wp-image-163052\" srcset=\"https:\/\/www.gaveanews.com\/wp-content\/uploads\/Cuiabano-em-acao-pelo-time-do-Botafogo-1024x640.webp 1024w, https:\/\/www.gaveanews.com\/wp-content\/uploads\/Cuiabano-em-acao-pelo-time-do-Botafogo-300x188.webp 300w, https:\/\/www.gaveanews.com\/wp-content\/uploads\/Cuiabano-em-acao-pelo-time-do-Botafogo-768x480.webp 768w, https:\/\/www.gaveanews.com\/wp-content\/uploads\/Cuiabano-em-acao-pelo-time-do-Botafogo-672x420.webp 672w, https:\/\/www.gaveanews.com\/wp-content\/uploads\/Cuiabano-em-acao-pelo-time-do-Botafogo-640x400.webp 640w, https:\/\/www.gaveanews.com\/wp-content\/uploads\/Cuiabano-em-acao-pelo-time-do-Botafogo-681x426.webp 681w, https:\/\/www.gaveanews.com\/wp-content\/uploads\/Cuiabano-em-acao-pelo-time-do-Botafogo-100x63.webp 100w, https:\/\/www.gaveanews.com\/wp-content\/uploads\/Cuiabano-em-acao-pelo-time-do-Botafogo.webp 1200w\" sizes=\"auto, (max-width: 1024px) 100vw, 1024px\" \/><figcaption class=\"wp-element-caption\">Cuiabano em a\u00e7\u00e3o pelo time do Botafogo (Foto: V\u00edtor Silva\/Botafogo)<\/figcaption><\/figure>\n\n\n\n<h2 class=\"wp-block-heading\" id=\"h-alex-telles\">Alex Telles<\/h2>\n\n\n\n<p>Logo na sequ\u00eancia aparece outro lateral-esquerdo do Botafogo. Alex Telles tem 32 anos de idade e \u00e9 avaliado em 5 milh\u00f5es de euros, cerca de 31,4 milh\u00f5es de reais.<\/p>\n\n\n\n<figure class=\"wp-block-image size-large\"><img loading=\"lazy\" decoding=\"async\" width=\"1024\" height=\"765\" src=\"https:\/\/www.gaveanews.com\/wp-content\/uploads\/Alex-Telles-Botafogo-1024x765.webp\" alt=\"\" class=\"wp-image-168199\" srcset=\"https:\/\/www.gaveanews.com\/wp-content\/uploads\/Alex-Telles-Botafogo-1024x765.webp 1024w, https:\/\/www.gaveanews.com\/wp-content\/uploads\/Alex-Telles-Botafogo-300x224.webp 300w, https:\/\/www.gaveanews.com\/wp-content\/uploads\/Alex-Telles-Botafogo-768x574.webp 768w, https:\/\/www.gaveanews.com\/wp-content\/uploads\/Alex-Telles-Botafogo-562x420.webp 562w, https:\/\/www.gaveanews.com\/wp-content\/uploads\/Alex-Telles-Botafogo-1125x840.webp 1125w, https:\/\/www.gaveanews.com\/wp-content\/uploads\/Alex-Telles-Botafogo-80x60.webp 80w, https:\/\/www.gaveanews.com\/wp-content\/uploads\/Alex-Telles-Botafogo-160x120.webp 160w, https:\/\/www.gaveanews.com\/wp-content\/uploads\/Alex-Telles-Botafogo-100x75.webp 100w, https:\/\/www.gaveanews.com\/wp-content\/uploads\/Alex-Telles-Botafogo-200x150.webp 200w, https:\/\/www.gaveanews.com\/wp-content\/uploads\/Alex-Telles-Botafogo-180x135.webp 180w, https:\/\/www.gaveanews.com\/wp-content\/uploads\/Alex-Telles-Botafogo-360x270.webp 360w, https:\/\/www.gaveanews.com\/wp-content\/uploads\/Alex-Telles-Botafogo-238x178.webp 238w, https:\/\/www.gaveanews.com\/wp-content\/uploads\/Alex-Telles-Botafogo-476x356.webp 476w, https:\/\/www.gaveanews.com\/wp-content\/uploads\/Alex-Telles-Botafogo-640x478.webp 640w, https:\/\/www.gaveanews.com\/wp-content\/uploads\/Alex-Telles-Botafogo-1280x956.webp 1280w, https:\/\/www.gaveanews.com\/wp-content\/uploads\/Alex-Telles-Botafogo-681x509.webp 681w, https:\/\/www.gaveanews.com\/wp-content\/uploads\/Alex-Telles-Botafogo.webp 1339w\" sizes=\"auto, (max-width: 1024px) 100vw, 1024px\" \/><figcaption class=\"wp-element-caption\">Alex Telles Botafogo (Foto: Vitor Silva\/Botafogo)<\/figcaption><\/figure>\n\n\n\n<h2 class=\"wp-block-heading\" id=\"h-marlon\">Marlon<\/h2>\n\n\n\n<p>O cruzeirense Marlon est\u00e1 mais bem avaliado que Alex Telles. O defensor de 27 anos do Cruzeiro tem valor de mercado de 5,5 milh\u00f5es de euros, cerca de 34,5 milh\u00f5es de reais.<\/p>\n\n\n\n<figure class=\"wp-block-image size-full\"><img loading=\"lazy\" decoding=\"async\" width=\"645\" height=\"362\" src=\"https:\/\/www.gaveanews.com\/wp-content\/uploads\/Marlon-pelo-Cruzeiro.webp\" alt=\"\" class=\"wp-image-169776\" srcset=\"https:\/\/www.gaveanews.com\/wp-content\/uploads\/Marlon-pelo-Cruzeiro.webp 645w, https:\/\/www.gaveanews.com\/wp-content\/uploads\/Marlon-pelo-Cruzeiro-300x168.webp 300w, https:\/\/www.gaveanews.com\/wp-content\/uploads\/Marlon-pelo-Cruzeiro-640x359.webp 640w, https:\/\/www.gaveanews.com\/wp-content\/uploads\/Marlon-pelo-Cruzeiro-100x56.webp 100w\" sizes=\"auto, (max-width: 645px) 100vw, 645px\" \/><figcaption class=\"wp-element-caption\">Marlon pelo Cruzeiro (Foto: Staff imagens\/Cruzeiro)<\/figcaption><\/figure>\n\n\n\n<h2 class=\"wp-block-heading\" id=\"h-luan-candido\">Luan C\u00e2ndido<\/h2>\n\n\n\n<p>Luan C\u00e2ndido, lateral-esquerdo do Red Bull Bragantino, aparece logo depois avaliado em 6 milh\u00f5es de euros, cerca de 37,7 milh\u00f5es de reias.<\/p>\n\n\n\n<figure class=\"wp-block-image size-full\"><img loading=\"lazy\" decoding=\"async\" width=\"984\" height=\"661\" src=\"https:\/\/www.gaveanews.com\/wp-content\/uploads\/Luan-Candido-pelo-Bragantino.webp\" alt=\"\" class=\"wp-image-169748\" srcset=\"https:\/\/www.gaveanews.com\/wp-content\/uploads\/Luan-Candido-pelo-Bragantino.webp 984w, https:\/\/www.gaveanews.com\/wp-content\/uploads\/Luan-Candido-pelo-Bragantino-300x202.webp 300w, https:\/\/www.gaveanews.com\/wp-content\/uploads\/Luan-Candido-pelo-Bragantino-768x516.webp 768w, https:\/\/www.gaveanews.com\/wp-content\/uploads\/Luan-Candido-pelo-Bragantino-625x420.webp 625w, https:\/\/www.gaveanews.com\/wp-content\/uploads\/Luan-Candido-pelo-Bragantino-537x360.webp 537w, https:\/\/www.gaveanews.com\/wp-content\/uploads\/Luan-Candido-pelo-Bragantino-640x430.webp 640w, https:\/\/www.gaveanews.com\/wp-content\/uploads\/Luan-Candido-pelo-Bragantino-681x457.webp 681w, https:\/\/www.gaveanews.com\/wp-content\/uploads\/Luan-Candido-pelo-Bragantino-100x67.webp 100w\" sizes=\"auto, (max-width: 984px) 100vw, 984px\" \/><figcaption class=\"wp-element-caption\">Luan C\u00e2ndido pelo Bragantino (Foto: Ari Ferreira\/Bragantino)<\/figcaption><\/figure>\n\n\n\n<h2 class=\"wp-block-heading\" id=\"h-bernabei\">Bernabei<\/h2>\n\n\n\n<p>Destaque do Internacional na \u00faltima temporada, Alexandro Bernabei tamb\u00e9m est\u00e1 avaliado em 6 milh\u00f5es de euros, cerca de 37,7 milh\u00f5es de reais.<\/p>\n\n\n\n<figure class=\"wp-block-image size-full\"><img loading=\"lazy\" decoding=\"async\" width=\"838\" height=\"549\" src=\"https:\/\/www.gaveanews.com\/wp-content\/uploads\/Alexandro-Bernabei-pelo-Internacional.webp\" alt=\"\" class=\"wp-image-173123\" srcset=\"https:\/\/www.gaveanews.com\/wp-content\/uploads\/Alexandro-Bernabei-pelo-Internacional.webp 838w, https:\/\/www.gaveanews.com\/wp-content\/uploads\/Alexandro-Bernabei-pelo-Internacional-300x197.webp 300w, https:\/\/www.gaveanews.com\/wp-content\/uploads\/Alexandro-Bernabei-pelo-Internacional-768x503.webp 768w, https:\/\/www.gaveanews.com\/wp-content\/uploads\/Alexandro-Bernabei-pelo-Internacional-641x420.webp 641w, https:\/\/www.gaveanews.com\/wp-content\/uploads\/Alexandro-Bernabei-pelo-Internacional-640x419.webp 640w, https:\/\/www.gaveanews.com\/wp-content\/uploads\/Alexandro-Bernabei-pelo-Internacional-681x446.webp 681w, https:\/\/www.gaveanews.com\/wp-content\/uploads\/Alexandro-Bernabei-pelo-Internacional-100x66.webp 100w\" sizes=\"auto, (max-width: 838px) 100vw, 838px\" \/><figcaption class=\"wp-element-caption\">Alexandro Bernabei pelo Internacional (Foto: Divulga\u00e7\u00e3o\/Internacional) \n<\/figcaption><\/figure>\n\n\n\n<h2 class=\"wp-block-heading\" id=\"h-ayrton-lucas\">Ayrton Lucas<\/h2>\n\n\n\n<p>Na quinta posi\u00e7\u00e3o, est\u00e1 Ayrton Lucas, do Flamengo. O defensor rubro-negro est\u00e1 avaliado em 8 milh\u00f5es de euros, cerca de 50,3 milh\u00f5es de reais.<\/p>\n\n\n\n<figure class=\"wp-block-image size-full\"><img loading=\"lazy\" decoding=\"async\" width=\"900\" height=\"599\" src=\"https:\/\/www.gaveanews.com\/wp-content\/uploads\/ayrton-lucas-flamengo-botafogo.webp\" alt=\"\" class=\"wp-image-106054\" srcset=\"https:\/\/www.gaveanews.com\/wp-content\/uploads\/ayrton-lucas-flamengo-botafogo.webp 900w, https:\/\/www.gaveanews.com\/wp-content\/uploads\/ayrton-lucas-flamengo-botafogo-300x200.webp 300w, https:\/\/www.gaveanews.com\/wp-content\/uploads\/ayrton-lucas-flamengo-botafogo-768x511.webp 768w, https:\/\/www.gaveanews.com\/wp-content\/uploads\/ayrton-lucas-flamengo-botafogo-631x420.webp 631w, https:\/\/www.gaveanews.com\/wp-content\/uploads\/ayrton-lucas-flamengo-botafogo-640x426.webp 640w, https:\/\/www.gaveanews.com\/wp-content\/uploads\/ayrton-lucas-flamengo-botafogo-681x453.webp 681w, https:\/\/www.gaveanews.com\/wp-content\/uploads\/ayrton-lucas-flamengo-botafogo-100x67.webp 100w\" sizes=\"auto, (max-width: 900px) 100vw, 900px\" \/><figcaption class=\"wp-element-caption\">Ayrton Lucas em a\u00e7\u00e3o pelo Flamengo contra o Botafogo (Foto: Marcelo Cortes\/ Flamengo)<\/figcaption><\/figure>\n\n\n\n<h2 class=\"wp-block-heading\" id=\"h-piton\">Piton<\/h2>\n\n\n\n<p>Aos 24 anos de idade, o lateral-esquerdo do Vasco da Gama tamb\u00e9m est\u00e1 avaliado em 8 milh\u00f5es de euros, cerca de 50,3 milh\u00f5es de reais.<\/p>\n\n\n\n<figure class=\"wp-block-image size-large\"><img loading=\"lazy\" decoding=\"async\" width=\"1024\" height=\"682\" src=\"https:\/\/www.gaveanews.com\/wp-content\/uploads\/Lucas-Piton-apresentado-pelo-Vasco-1024x682.webp\" alt=\"\" class=\"wp-image-169866\" srcset=\"https:\/\/www.gaveanews.com\/wp-content\/uploads\/Lucas-Piton-apresentado-pelo-Vasco-1024x682.webp 1024w, https:\/\/www.gaveanews.com\/wp-content\/uploads\/Lucas-Piton-apresentado-pelo-Vasco-300x200.webp 300w, https:\/\/www.gaveanews.com\/wp-content\/uploads\/Lucas-Piton-apresentado-pelo-Vasco-768x511.webp 768w, https:\/\/www.gaveanews.com\/wp-content\/uploads\/Lucas-Piton-apresentado-pelo-Vasco-1536x1022.webp 1536w, https:\/\/www.gaveanews.com\/wp-content\/uploads\/Lucas-Piton-apresentado-pelo-Vasco-631x420.webp 631w, https:\/\/www.gaveanews.com\/wp-content\/uploads\/Lucas-Piton-apresentado-pelo-Vasco-1262x840.webp 1262w, https:\/\/www.gaveanews.com\/wp-content\/uploads\/Lucas-Piton-apresentado-pelo-Vasco-640x426.webp 640w, https:\/\/www.gaveanews.com\/wp-content\/uploads\/Lucas-Piton-apresentado-pelo-Vasco-1280x852.webp 1280w, https:\/\/www.gaveanews.com\/wp-content\/uploads\/Lucas-Piton-apresentado-pelo-Vasco-681x453.webp 681w, https:\/\/www.gaveanews.com\/wp-content\/uploads\/Lucas-Piton-apresentado-pelo-Vasco-1362x907.webp 1362w, https:\/\/www.gaveanews.com\/wp-content\/uploads\/Lucas-Piton-apresentado-pelo-Vasco-100x67.webp 100w, https:\/\/www.gaveanews.com\/wp-content\/uploads\/Lucas-Piton-apresentado-pelo-Vasco.webp 1600w\" sizes=\"auto, (max-width: 1024px) 100vw, 1024px\" \/><figcaption class=\"wp-element-caption\">Lucas Piton apresentado pelo Vasco (Foto: Divulga\u00e7\u00e3o\/Vasco)<\/figcaption><\/figure>\n\n\n\n<h2 class=\"wp-block-heading\" id=\"h-vina\">Vi\u00f1a<\/h2>\n\n\n\n<p>Quem abre o top-3 dos laterais-esquerdos mais valiosos do futebol brasileiro \u00e9 o uruguaio Mat\u00edas Vi\u00f1a, do Flamengo. O defensor rubro-negro est\u00e1 avaliado em 10 milh\u00f5es de euros, cerca de 62,9 milh\u00f5es de reais.<\/p>\n\n\n\n<figure class=\"wp-block-image size-full\"><img loading=\"lazy\" decoding=\"async\" width=\"900\" height=\"599\" src=\"https:\/\/www.gaveanews.com\/wp-content\/uploads\/vina-flamengo.webp\" alt=\"\" class=\"wp-image-145526\" srcset=\"https:\/\/www.gaveanews.com\/wp-content\/uploads\/vina-flamengo.webp 900w, https:\/\/www.gaveanews.com\/wp-content\/uploads\/vina-flamengo-300x200.webp 300w, https:\/\/www.gaveanews.com\/wp-content\/uploads\/vina-flamengo-768x511.webp 768w, https:\/\/www.gaveanews.com\/wp-content\/uploads\/vina-flamengo-631x420.webp 631w, https:\/\/www.gaveanews.com\/wp-content\/uploads\/vina-flamengo-640x426.webp 640w, https:\/\/www.gaveanews.com\/wp-content\/uploads\/vina-flamengo-681x453.webp 681w, https:\/\/www.gaveanews.com\/wp-content\/uploads\/vina-flamengo-100x67.webp 100w\" sizes=\"auto, (max-width: 900px) 100vw, 900px\" \/><figcaption class=\"wp-element-caption\">Vi\u00f1a em a\u00e7\u00e3o pelo Flamengo (Foto: Marcelo Cortes\/Flamengo)<\/figcaption><\/figure>\n\n\n\n<h2 class=\"wp-block-heading\" id=\"h-piquerez\">Piquerez<\/h2>\n\n\n\n<p>A segunda posi\u00e7\u00e3o pertence ao defensor do Palmeiras Joaqu\u00edn Piquerez. Com 26 anos de idade, o palestrino est\u00e1 avaliado em 12 milh\u00f5es de euros, cerca de 75,4 milh\u00f5es de reais.<\/p>\n\n\n\n<figure class=\"wp-block-image size-large\"><img loading=\"lazy\" decoding=\"async\" width=\"824\" height=\"1024\" src=\"https:\/\/www.gaveanews.com\/wp-content\/uploads\/Joaquin-Piquerez-em-acao-pelo-time-do-Palmeiras-824x1024.webp\" alt=\"\" class=\"wp-image-161875\" srcset=\"https:\/\/www.gaveanews.com\/wp-content\/uploads\/Joaquin-Piquerez-em-acao-pelo-time-do-Palmeiras-824x1024.webp 824w, https:\/\/www.gaveanews.com\/wp-content\/uploads\/Joaquin-Piquerez-em-acao-pelo-time-do-Palmeiras-241x300.webp 241w, https:\/\/www.gaveanews.com\/wp-content\/uploads\/Joaquin-Piquerez-em-acao-pelo-time-do-Palmeiras-768x955.webp 768w, https:\/\/www.gaveanews.com\/wp-content\/uploads\/Joaquin-Piquerez-em-acao-pelo-time-do-Palmeiras-1236x1536.webp 1236w, https:\/\/www.gaveanews.com\/wp-content\/uploads\/Joaquin-Piquerez-em-acao-pelo-time-do-Palmeiras-338x420.webp 338w, https:\/\/www.gaveanews.com\/wp-content\/uploads\/Joaquin-Piquerez-em-acao-pelo-time-do-Palmeiras-676x840.webp 676w, https:\/\/www.gaveanews.com\/wp-content\/uploads\/Joaquin-Piquerez-em-acao-pelo-time-do-Palmeiras-640x796.webp 640w, https:\/\/www.gaveanews.com\/wp-content\/uploads\/Joaquin-Piquerez-em-acao-pelo-time-do-Palmeiras-681x847.webp 681w, https:\/\/www.gaveanews.com\/wp-content\/uploads\/Joaquin-Piquerez-em-acao-pelo-time-do-Palmeiras-100x124.webp 100w, https:\/\/www.gaveanews.com\/wp-content\/uploads\/Joaquin-Piquerez-em-acao-pelo-time-do-Palmeiras.webp 1242w\" sizes=\"auto, (max-width: 824px) 100vw, 824px\" \/><figcaption class=\"wp-element-caption\">Joaqu\u00edn Piquerez em a\u00e7\u00e3o pelo time do Palmeiras (Foto: Reprodu\u00e7\u00e3o\/Instagram)<\/figcaption><\/figure>\n\n\n\n<h2 class=\"wp-block-heading\" id=\"h-guilherme-arana\">Guilherme Arana<\/h2>\n\n\n\n<p>O lateral-esquerdo mais bem avaliado do futebol brasileiro \u00e9 do Atl\u00e9tico-MG. Guilherme Arana tem valor de mercado na casa dos 13 milh\u00f5es de euros, cerca de 81,7 milh\u00f5es de reais.<\/p>\n\n\n\n<figure class=\"wp-block-image size-full\"><img loading=\"lazy\" decoding=\"async\" width=\"721\" height=\"535\" src=\"https:\/\/www.gaveanews.com\/wp-content\/uploads\/Guilherme-Arana-pelo-Atletico-MG.webp\" alt=\"\" class=\"wp-image-168221\" srcset=\"https:\/\/www.gaveanews.com\/wp-content\/uploads\/Guilherme-Arana-pelo-Atletico-MG.webp 721w, https:\/\/www.gaveanews.com\/wp-content\/uploads\/Guilherme-Arana-pelo-Atletico-MG-300x223.webp 300w, https:\/\/www.gaveanews.com\/wp-content\/uploads\/Guilherme-Arana-pelo-Atletico-MG-566x420.webp 566w, https:\/\/www.gaveanews.com\/wp-content\/uploads\/Guilherme-Arana-pelo-Atletico-MG-80x60.webp 80w, https:\/\/www.gaveanews.com\/wp-content\/uploads\/Guilherme-Arana-pelo-Atletico-MG-160x120.webp 160w, https:\/\/www.gaveanews.com\/wp-content\/uploads\/Guilherme-Arana-pelo-Atletico-MG-100x74.webp 100w, https:\/\/www.gaveanews.com\/wp-content\/uploads\/Guilherme-Arana-pelo-Atletico-MG-180x135.webp 180w, https:\/\/www.gaveanews.com\/wp-content\/uploads\/Guilherme-Arana-pelo-Atletico-MG-238x178.webp 238w, https:\/\/www.gaveanews.com\/wp-content\/uploads\/Guilherme-Arana-pelo-Atletico-MG-640x475.webp 640w, https:\/\/www.gaveanews.com\/wp-content\/uploads\/Guilherme-Arana-pelo-Atletico-MG-681x505.webp 681w\" sizes=\"auto, (max-width: 721px) 100vw, 721px\" \/><figcaption class=\"wp-element-caption\">Guilherme Arana pelo Atl\u00e9tico-MG (Foto: Pedro Souza\/Atl\u00e9tico-MG)<\/figcaption><\/figure>\n","protected":false},"excerpt":{"rendered":"<p>Com a janela de transfer\u00eancias aberta, os clubes se movimentam incessantemente em busca de refor\u00e7os capazes de qualificar os respectivos elencos. Para conseguir boas contrata\u00e7\u00f5es, no entanto, \u00e9 preciso investir um bom dinheiro para tirar os jogadores das equipes deles. Sabendo disso, o G\u00e1vea News reuniu uma lista com os laterais-esquerdos mais valiosos do Brasil, [&hellip;]<\/p>\n","protected":false},"author":29,"featured_media":168221,"comment_status":"open","ping_status":"closed","sticky":false,"template":"","format":"standard","meta":{"footnotes":""},"categories":[136,138,140,143,1,148,150,152],"tags":[],"class_list":["post-215682","post","type-post","status-publish","format-standard","has-post-thumbnail","hentry","category-atletico-mg","category-botafogo","category-bragantino","category-cruzeiro","category-flamengo","category-internacional","category-palmeiras","category-vasco"],"yoast_head":"<!-- This site is optimized with the Yoast SEO Premium plugin v24.2 (Yoast SEO v26.9) - https:\/\/yoast.com\/product\/yoast-seo-premium-wordpress\/ -->\n<title>Guilherme Arana, Piquerez, Vi\u00f1a, Piton, Ayrton Lucas, Bernabei, Luan C\u00e2ndido, Marlon, Alex Telles e Cuiabano: os laterais-esquerdos mais valiosos do Brasil<\/title>\n<meta name=\"robots\" content=\"index, follow, max-snippet:-1, max-image-preview:large, max-video-preview:-1\" \/>\n<link rel=\"canonical\" href=\"https:\/\/www.gaveanews.com\/index.php\/2025\/01\/21\/guilherme-arana-piquerez-vina-piton-ayrton-lucas-bernabei-luan-candido-marlon-alex-telles-e-cuiabano-os-laterais-esquerdos-mais-valiosos-do-brasil\/\" \/>\n<meta property=\"og:locale\" content=\"pt_BR\" \/>\n<meta property=\"og:type\" content=\"article\" \/>\n<meta property=\"og:title\" content=\"Guilherme Arana, Piquerez, Vi\u00f1a, Piton, Ayrton Lucas, Bernabei, Luan C\u00e2ndido, Marlon, Alex Telles e Cuiabano: os laterais-esquerdos mais valiosos do Brasil\" \/>\n<meta property=\"og:description\" content=\"Com a janela de transfer\u00eancias aberta, os clubes se movimentam incessantemente em busca de refor\u00e7os capazes de qualificar os respectivos elencos. Para conseguir boas contrata\u00e7\u00f5es, no entanto, \u00e9 preciso investir um bom dinheiro para tirar os jogadores das equipes deles. Sabendo disso, o G\u00e1vea News reuniu uma lista com os laterais-esquerdos mais valiosos do Brasil, [&hellip;]\" \/>\n<meta property=\"og:url\" content=\"https:\/\/www.gaveanews.com\/index.php\/2025\/01\/21\/guilherme-arana-piquerez-vina-piton-ayrton-lucas-bernabei-luan-candido-marlon-alex-telles-e-cuiabano-os-laterais-esquerdos-mais-valiosos-do-brasil\/\" \/>\n<meta property=\"og:site_name\" content=\"G\u00e1vea News\" \/>\n<meta property=\"article:publisher\" content=\"https:\/\/facebook.com\/gaveaNews\/\" \/>\n<meta property=\"article:published_time\" content=\"2025-01-21T18:00:12+00:00\" \/>\n<meta property=\"og:image\" content=\"https:\/\/www.gaveanews.com\/wp-content\/uploads\/Guilherme-Arana-pelo-Atletico-MG.webp\" \/>\n\t<meta property=\"og:image:width\" content=\"721\" \/>\n\t<meta property=\"og:image:height\" content=\"535\" \/>\n\t<meta property=\"og:image:type\" content=\"image\/jpeg\" \/>\n<meta name=\"author\" content=\"Marco Menezes\" \/>\n<meta name=\"twitter:card\" content=\"summary_large_image\" \/>\n<meta name=\"twitter:label1\" content=\"Escrito por\" \/>\n\t<meta name=\"twitter:data1\" content=\"Marco Menezes\" \/>\n\t<meta name=\"twitter:label2\" content=\"Est. tempo de leitura\" \/>\n\t<meta name=\"twitter:data2\" content=\"5 minutos\" \/>\n<script type=\"application\/ld+json\" class=\"yoast-schema-graph\">{\"@context\":\"https:\/\/schema.org\",\"@graph\":[{\"@type\":\"NewsArticle\",\"@id\":\"https:\/\/www.gaveanews.com\/index.php\/2025\/01\/21\/guilherme-arana-piquerez-vina-piton-ayrton-lucas-bernabei-luan-candido-marlon-alex-telles-e-cuiabano-os-laterais-esquerdos-mais-valiosos-do-brasil\/#article\",\"isPartOf\":{\"@id\":\"https:\/\/www.gaveanews.com\/index.php\/2025\/01\/21\/guilherme-arana-piquerez-vina-piton-ayrton-lucas-bernabei-luan-candido-marlon-alex-telles-e-cuiabano-os-laterais-esquerdos-mais-valiosos-do-brasil\/\"},\"author\":{\"name\":\"Marco Menezes\",\"@id\":\"https:\/\/www.gaveanews.com\/#\/schema\/person\/a9f62fe75380c6bada1b2fc49bc23d69\"},\"headline\":\"Guilherme Arana, Piquerez, Vi\u00f1a, Piton, Ayrton Lucas, Bernabei, Luan C\u00e2ndido, Marlon, Alex Telles e Cuiabano: os laterais-esquerdos mais valiosos do Brasil\",\"datePublished\":\"2025-01-21T18:00:12+00:00\",\"mainEntityOfPage\":{\"@id\":\"https:\/\/www.gaveanews.com\/index.php\/2025\/01\/21\/guilherme-arana-piquerez-vina-piton-ayrton-lucas-bernabei-luan-candido-marlon-alex-telles-e-cuiabano-os-laterais-esquerdos-mais-valiosos-do-brasil\/\"},\"wordCount\":520,\"commentCount\":0,\"image\":{\"@id\":\"https:\/\/www.gaveanews.com\/index.php\/2025\/01\/21\/guilherme-arana-piquerez-vina-piton-ayrton-lucas-bernabei-luan-candido-marlon-alex-telles-e-cuiabano-os-laterais-esquerdos-mais-valiosos-do-brasil\/#primaryimage\"},\"thumbnailUrl\":\"https:\/\/www.gaveanews.com\/wp-content\/uploads\/Guilherme-Arana-pelo-Atletico-MG.webp\",\"articleSection\":[\"Atl\u00e9tico-MG\",\"Botafogo\",\"Bragantino\",\"Cruzeiro\",\"Flamengo\",\"Internacional\",\"Palmeiras\",\"Vasco\"],\"inLanguage\":\"pt-BR\",\"potentialAction\":[{\"@type\":\"CommentAction\",\"name\":\"Comment\",\"target\":[\"https:\/\/www.gaveanews.com\/index.php\/2025\/01\/21\/guilherme-arana-piquerez-vina-piton-ayrton-lucas-bernabei-luan-candido-marlon-alex-telles-e-cuiabano-os-laterais-esquerdos-mais-valiosos-do-brasil\/#respond\"]}],\"copyrightYear\":\"2025\",\"copyrightHolder\":{\"@id\":\"https:\/\/www.gaveanews.com\/#organization\"}},{\"@type\":\"WebPage\",\"@id\":\"https:\/\/www.gaveanews.com\/index.php\/2025\/01\/21\/guilherme-arana-piquerez-vina-piton-ayrton-lucas-bernabei-luan-candido-marlon-alex-telles-e-cuiabano-os-laterais-esquerdos-mais-valiosos-do-brasil\/\",\"url\":\"https:\/\/www.gaveanews.com\/index.php\/2025\/01\/21\/guilherme-arana-piquerez-vina-piton-ayrton-lucas-bernabei-luan-candido-marlon-alex-telles-e-cuiabano-os-laterais-esquerdos-mais-valiosos-do-brasil\/\",\"name\":\"Guilherme Arana, Piquerez, Vi\u00f1a, Piton, Ayrton Lucas, Bernabei, Luan C\u00e2ndido, Marlon, Alex Telles e Cuiabano: os laterais-esquerdos mais valiosos do Brasil\",\"isPartOf\":{\"@id\":\"https:\/\/www.gaveanews.com\/#website\"},\"primaryImageOfPage\":{\"@id\":\"https:\/\/www.gaveanews.com\/index.php\/2025\/01\/21\/guilherme-arana-piquerez-vina-piton-ayrton-lucas-bernabei-luan-candido-marlon-alex-telles-e-cuiabano-os-laterais-esquerdos-mais-valiosos-do-brasil\/#primaryimage\"},\"image\":{\"@id\":\"https:\/\/www.gaveanews.com\/index.php\/2025\/01\/21\/guilherme-arana-piquerez-vina-piton-ayrton-lucas-bernabei-luan-candido-marlon-alex-telles-e-cuiabano-os-laterais-esquerdos-mais-valiosos-do-brasil\/#primaryimage\"},\"thumbnailUrl\":\"https:\/\/www.gaveanews.com\/wp-content\/uploads\/Guilherme-Arana-pelo-Atletico-MG.webp\",\"datePublished\":\"2025-01-21T18:00:12+00:00\",\"author\":{\"@id\":\"https:\/\/www.gaveanews.com\/#\/schema\/person\/a9f62fe75380c6bada1b2fc49bc23d69\"},\"breadcrumb\":{\"@id\":\"https:\/\/www.gaveanews.com\/index.php\/2025\/01\/21\/guilherme-arana-piquerez-vina-piton-ayrton-lucas-bernabei-luan-candido-marlon-alex-telles-e-cuiabano-os-laterais-esquerdos-mais-valiosos-do-brasil\/#breadcrumb\"},\"inLanguage\":\"pt-BR\",\"potentialAction\":[{\"@type\":\"ReadAction\",\"target\":[\"https:\/\/www.gaveanews.com\/index.php\/2025\/01\/21\/guilherme-arana-piquerez-vina-piton-ayrton-lucas-bernabei-luan-candido-marlon-alex-telles-e-cuiabano-os-laterais-esquerdos-mais-valiosos-do-brasil\/\"]}]},{\"@type\":\"ImageObject\",\"inLanguage\":\"pt-BR\",\"@id\":\"https:\/\/www.gaveanews.com\/index.php\/2025\/01\/21\/guilherme-arana-piquerez-vina-piton-ayrton-lucas-bernabei-luan-candido-marlon-alex-telles-e-cuiabano-os-laterais-esquerdos-mais-valiosos-do-brasil\/#primaryimage\",\"url\":\"https:\/\/www.gaveanews.com\/wp-content\/uploads\/Guilherme-Arana-pelo-Atletico-MG.webp\",\"contentUrl\":\"https:\/\/www.gaveanews.com\/wp-content\/uploads\/Guilherme-Arana-pelo-Atletico-MG.webp\",\"width\":721,\"height\":535,\"caption\":\"Guilherme Arana pelo Atl\u00e9tico-MG (Foto: Pedro Souza\/Atl\u00e9tico-MG)\"},{\"@type\":\"BreadcrumbList\",\"@id\":\"https:\/\/www.gaveanews.com\/index.php\/2025\/01\/21\/guilherme-arana-piquerez-vina-piton-ayrton-lucas-bernabei-luan-candido-marlon-alex-telles-e-cuiabano-os-laterais-esquerdos-mais-valiosos-do-brasil\/#breadcrumb\",\"itemListElement\":[{\"@type\":\"ListItem\",\"position\":1,\"name\":\"Home\",\"item\":\"https:\/\/www.gaveanews.com\/\"},{\"@type\":\"ListItem\",\"position\":2,\"name\":\"Guilherme Arana, Piquerez, Vi\u00f1a, Piton, Ayrton Lucas, Bernabei, Luan C\u00e2ndido, Marlon, Alex Telles e Cuiabano: os laterais-esquerdos mais valiosos do Brasil\"}]},{\"@type\":\"WebSite\",\"@id\":\"https:\/\/www.gaveanews.com\/#website\",\"url\":\"https:\/\/www.gaveanews.com\/\",\"name\":\"G\u00e1vea News\",\"description\":\"Veja todas as not\u00edcias sobre o Flamengo: Contrata\u00e7\u00f5es, categorias de base, resultados das partidas, tabela de classifica\u00e7\u00e3o, pr\u00f3ximos jogos!\",\"potentialAction\":[{\"@type\":\"SearchAction\",\"target\":{\"@type\":\"EntryPoint\",\"urlTemplate\":\"https:\/\/www.gaveanews.com\/?s={search_term_string}\"},\"query-input\":{\"@type\":\"PropertyValueSpecification\",\"valueRequired\":true,\"valueName\":\"search_term_string\"}}],\"inLanguage\":\"pt-BR\"},{\"@type\":\"Person\",\"@id\":\"https:\/\/www.gaveanews.com\/#\/schema\/person\/a9f62fe75380c6bada1b2fc49bc23d69\",\"name\":\"Marco Menezes\",\"image\":{\"@type\":\"ImageObject\",\"inLanguage\":\"pt-BR\",\"@id\":\"https:\/\/www.gaveanews.com\/#\/schema\/person\/image\/\",\"url\":\"https:\/\/secure.gravatar.com\/avatar\/a1d148ae17fc8bfc5dbccffd07979e8bd2c9ba494221779de86ec2c7907b71ec?s=96&d=mm&r=g\",\"contentUrl\":\"https:\/\/secure.gravatar.com\/avatar\/a1d148ae17fc8bfc5dbccffd07979e8bd2c9ba494221779de86ec2c7907b71ec?s=96&d=mm&r=g\",\"caption\":\"Marco Menezes\"}}]}<\/script>\n<!-- \/ Yoast SEO Premium plugin. -->","yoast_head_json":{"title":"Guilherme Arana, Piquerez, Vi\u00f1a, Piton, Ayrton Lucas, Bernabei, Luan C\u00e2ndido, Marlon, Alex Telles e Cuiabano: os laterais-esquerdos mais valiosos do Brasil","robots":{"index":"index","follow":"follow","max-snippet":"max-snippet:-1","max-image-preview":"max-image-preview:large","max-video-preview":"max-video-preview:-1"},"canonical":"https:\/\/www.gaveanews.com\/index.php\/2025\/01\/21\/guilherme-arana-piquerez-vina-piton-ayrton-lucas-bernabei-luan-candido-marlon-alex-telles-e-cuiabano-os-laterais-esquerdos-mais-valiosos-do-brasil\/","og_locale":"pt_BR","og_type":"article","og_title":"Guilherme Arana, Piquerez, Vi\u00f1a, Piton, Ayrton Lucas, Bernabei, Luan C\u00e2ndido, Marlon, Alex Telles e Cuiabano: os laterais-esquerdos mais valiosos do Brasil","og_description":"Com a janela de transfer\u00eancias aberta, os clubes se movimentam incessantemente em busca de refor\u00e7os capazes de qualificar os respectivos elencos. Para conseguir boas contrata\u00e7\u00f5es, no entanto, \u00e9 preciso investir um bom dinheiro para tirar os jogadores das equipes deles. Sabendo disso, o G\u00e1vea News reuniu uma lista com os laterais-esquerdos mais valiosos do Brasil, [&hellip;]","og_url":"https:\/\/www.gaveanews.com\/index.php\/2025\/01\/21\/guilherme-arana-piquerez-vina-piton-ayrton-lucas-bernabei-luan-candido-marlon-alex-telles-e-cuiabano-os-laterais-esquerdos-mais-valiosos-do-brasil\/","og_site_name":"G\u00e1vea News","article_publisher":"https:\/\/facebook.com\/gaveaNews\/","article_published_time":"2025-01-21T18:00:12+00:00","og_image":[{"width":721,"height":535,"url":"https:\/\/www.gaveanews.com\/wp-content\/uploads\/Guilherme-Arana-pelo-Atletico-MG.webp","type":"image\/jpeg"}],"author":"Marco Menezes","twitter_card":"summary_large_image","twitter_misc":{"Escrito por":"Marco Menezes","Est. tempo de leitura":"5 minutos"},"schema":{"@context":"https:\/\/schema.org","@graph":[{"@type":"NewsArticle","@id":"https:\/\/www.gaveanews.com\/index.php\/2025\/01\/21\/guilherme-arana-piquerez-vina-piton-ayrton-lucas-bernabei-luan-candido-marlon-alex-telles-e-cuiabano-os-laterais-esquerdos-mais-valiosos-do-brasil\/#article","isPartOf":{"@id":"https:\/\/www.gaveanews.com\/index.php\/2025\/01\/21\/guilherme-arana-piquerez-vina-piton-ayrton-lucas-bernabei-luan-candido-marlon-alex-telles-e-cuiabano-os-laterais-esquerdos-mais-valiosos-do-brasil\/"},"author":{"name":"Marco Menezes","@id":"https:\/\/www.gaveanews.com\/#\/schema\/person\/a9f62fe75380c6bada1b2fc49bc23d69"},"headline":"Guilherme Arana, Piquerez, Vi\u00f1a, Piton, Ayrton Lucas, Bernabei, Luan C\u00e2ndido, Marlon, Alex Telles e Cuiabano: os laterais-esquerdos mais valiosos do Brasil","datePublished":"2025-01-21T18:00:12+00:00","mainEntityOfPage":{"@id":"https:\/\/www.gaveanews.com\/index.php\/2025\/01\/21\/guilherme-arana-piquerez-vina-piton-ayrton-lucas-bernabei-luan-candido-marlon-alex-telles-e-cuiabano-os-laterais-esquerdos-mais-valiosos-do-brasil\/"},"wordCount":520,"commentCount":0,"image":{"@id":"https:\/\/www.gaveanews.com\/index.php\/2025\/01\/21\/guilherme-arana-piquerez-vina-piton-ayrton-lucas-bernabei-luan-candido-marlon-alex-telles-e-cuiabano-os-laterais-esquerdos-mais-valiosos-do-brasil\/#primaryimage"},"thumbnailUrl":"https:\/\/www.gaveanews.com\/wp-content\/uploads\/Guilherme-Arana-pelo-Atletico-MG.webp","articleSection":["Atl\u00e9tico-MG","Botafogo","Bragantino","Cruzeiro","Flamengo","Internacional","Palmeiras","Vasco"],"inLanguage":"pt-BR","potentialAction":[{"@type":"CommentAction","name":"Comment","target":["https:\/\/www.gaveanews.com\/index.php\/2025\/01\/21\/guilherme-arana-piquerez-vina-piton-ayrton-lucas-bernabei-luan-candido-marlon-alex-telles-e-cuiabano-os-laterais-esquerdos-mais-valiosos-do-brasil\/#respond"]}],"copyrightYear":"2025","copyrightHolder":{"@id":"https:\/\/www.gaveanews.com\/#organization"}},{"@type":"WebPage","@id":"https:\/\/www.gaveanews.com\/index.php\/2025\/01\/21\/guilherme-arana-piquerez-vina-piton-ayrton-lucas-bernabei-luan-candido-marlon-alex-telles-e-cuiabano-os-laterais-esquerdos-mais-valiosos-do-brasil\/","url":"https:\/\/www.gaveanews.com\/index.php\/2025\/01\/21\/guilherme-arana-piquerez-vina-piton-ayrton-lucas-bernabei-luan-candido-marlon-alex-telles-e-cuiabano-os-laterais-esquerdos-mais-valiosos-do-brasil\/","name":"Guilherme Arana, Piquerez, Vi\u00f1a, Piton, Ayrton Lucas, Bernabei, Luan C\u00e2ndido, Marlon, Alex Telles e Cuiabano: os laterais-esquerdos mais valiosos do Brasil","isPartOf":{"@id":"https:\/\/www.gaveanews.com\/#website"},"primaryImageOfPage":{"@id":"https:\/\/www.gaveanews.com\/index.php\/2025\/01\/21\/guilherme-arana-piquerez-vina-piton-ayrton-lucas-bernabei-luan-candido-marlon-alex-telles-e-cuiabano-os-laterais-esquerdos-mais-valiosos-do-brasil\/#primaryimage"},"image":{"@id":"https:\/\/www.gaveanews.com\/index.php\/2025\/01\/21\/guilherme-arana-piquerez-vina-piton-ayrton-lucas-bernabei-luan-candido-marlon-alex-telles-e-cuiabano-os-laterais-esquerdos-mais-valiosos-do-brasil\/#primaryimage"},"thumbnailUrl":"https:\/\/www.gaveanews.com\/wp-content\/uploads\/Guilherme-Arana-pelo-Atletico-MG.webp","datePublished":"2025-01-21T18:00:12+00:00","author":{"@id":"https:\/\/www.gaveanews.com\/#\/schema\/person\/a9f62fe75380c6bada1b2fc49bc23d69"},"breadcrumb":{"@id":"https:\/\/www.gaveanews.com\/index.php\/2025\/01\/21\/guilherme-arana-piquerez-vina-piton-ayrton-lucas-bernabei-luan-candido-marlon-alex-telles-e-cuiabano-os-laterais-esquerdos-mais-valiosos-do-brasil\/#breadcrumb"},"inLanguage":"pt-BR","potentialAction":[{"@type":"ReadAction","target":["https:\/\/www.gaveanews.com\/index.php\/2025\/01\/21\/guilherme-arana-piquerez-vina-piton-ayrton-lucas-bernabei-luan-candido-marlon-alex-telles-e-cuiabano-os-laterais-esquerdos-mais-valiosos-do-brasil\/"]}]},{"@type":"ImageObject","inLanguage":"pt-BR","@id":"https:\/\/www.gaveanews.com\/index.php\/2025\/01\/21\/guilherme-arana-piquerez-vina-piton-ayrton-lucas-bernabei-luan-candido-marlon-alex-telles-e-cuiabano-os-laterais-esquerdos-mais-valiosos-do-brasil\/#primaryimage","url":"https:\/\/www.gaveanews.com\/wp-content\/uploads\/Guilherme-Arana-pelo-Atletico-MG.webp","contentUrl":"https:\/\/www.gaveanews.com\/wp-content\/uploads\/Guilherme-Arana-pelo-Atletico-MG.webp","width":721,"height":535,"caption":"Guilherme Arana pelo Atl\u00e9tico-MG (Foto: Pedro Souza\/Atl\u00e9tico-MG)"},{"@type":"BreadcrumbList","@id":"https:\/\/www.gaveanews.com\/index.php\/2025\/01\/21\/guilherme-arana-piquerez-vina-piton-ayrton-lucas-bernabei-luan-candido-marlon-alex-telles-e-cuiabano-os-laterais-esquerdos-mais-valiosos-do-brasil\/#breadcrumb","itemListElement":[{"@type":"ListItem","position":1,"name":"Home","item":"https:\/\/www.gaveanews.com\/"},{"@type":"ListItem","position":2,"name":"Guilherme Arana, Piquerez, Vi\u00f1a, Piton, Ayrton Lucas, Bernabei, Luan C\u00e2ndido, Marlon, Alex Telles e Cuiabano: os laterais-esquerdos mais valiosos do Brasil"}]},{"@type":"WebSite","@id":"https:\/\/www.gaveanews.com\/#website","url":"https:\/\/www.gaveanews.com\/","name":"G\u00e1vea News","description":"Veja todas as not\u00edcias sobre o Flamengo: Contrata\u00e7\u00f5es, categorias de base, resultados das partidas, tabela de classifica\u00e7\u00e3o, pr\u00f3ximos jogos!","potentialAction":[{"@type":"SearchAction","target":{"@type":"EntryPoint","urlTemplate":"https:\/\/www.gaveanews.com\/?s={search_term_string}"},"query-input":{"@type":"PropertyValueSpecification","valueRequired":true,"valueName":"search_term_string"}}],"inLanguage":"pt-BR"},{"@type":"Person","@id":"https:\/\/www.gaveanews.com\/#\/schema\/person\/a9f62fe75380c6bada1b2fc49bc23d69","name":"Marco Menezes","image":{"@type":"ImageObject","inLanguage":"pt-BR","@id":"https:\/\/www.gaveanews.com\/#\/schema\/person\/image\/","url":"https:\/\/secure.gravatar.com\/avatar\/a1d148ae17fc8bfc5dbccffd07979e8bd2c9ba494221779de86ec2c7907b71ec?s=96&d=mm&r=g","contentUrl":"https:\/\/secure.gravatar.com\/avatar\/a1d148ae17fc8bfc5dbccffd07979e8bd2c9ba494221779de86ec2c7907b71ec?s=96&d=mm&r=g","caption":"Marco Menezes"}}]}},"_links":{"self":[{"href":"https:\/\/www.gaveanews.com\/index.php\/wp-json\/wp\/v2\/posts\/215682","targetHints":{"allow":["GET"]}}],"collection":[{"href":"https:\/\/www.gaveanews.com\/index.php\/wp-json\/wp\/v2\/posts"}],"about":[{"href":"https:\/\/www.gaveanews.com\/index.php\/wp-json\/wp\/v2\/types\/post"}],"author":[{"embeddable":true,"href":"https:\/\/www.gaveanews.com\/index.php\/wp-json\/wp\/v2\/users\/29"}],"replies":[{"embeddable":true,"href":"https:\/\/www.gaveanews.com\/index.php\/wp-json\/wp\/v2\/comments?post=215682"}],"version-history":[{"count":1,"href":"https:\/\/www.gaveanews.com\/index.php\/wp-json\/wp\/v2\/posts\/215682\/revisions"}],"predecessor-version":[{"id":215689,"href":"https:\/\/www.gaveanews.com\/index.php\/wp-json\/wp\/v2\/posts\/215682\/revisions\/215689"}],"wp:featuredmedia":[{"embeddable":true,"href":"https:\/\/www.gaveanews.com\/index.php\/wp-json\/wp\/v2\/media\/168221"}],"wp:attachment":[{"href":"https:\/\/www.gaveanews.com\/index.php\/wp-json\/wp\/v2\/media?parent=215682"}],"wp:term":[{"taxonomy":"category","embeddable":true,"href":"https:\/\/www.gaveanews.com\/index.php\/wp-json\/wp\/v2\/categories?post=215682"},{"taxonomy":"post_tag","embeddable":true,"href":"https:\/\/www.gaveanews.com\/index.php\/wp-json\/wp\/v2\/tags?post=215682"}],"curies":[{"name":"wp","href":"https:\/\/api.w.org\/{rel}","templated":true}]}}