{"id":215690,"date":"2025-01-21T10:30:40","date_gmt":"2025-01-21T13:30:40","guid":{"rendered":"https:\/\/www.gaveanews.com\/?p=215690"},"modified":"2025-01-21T09:30:15","modified_gmt":"2025-01-21T12:30:15","slug":"wesley-giay-vitinho-william-joao-pedro-matheuzinho-mancuso-leo-godoy-mayke-e-gilberto-os-laterais-direitos-mais-valiosos-do-brasil","status":"publish","type":"post","link":"https:\/\/www.gaveanews.com\/index.php\/2025\/01\/21\/wesley-giay-vitinho-william-joao-pedro-matheuzinho-mancuso-leo-godoy-mayke-e-gilberto-os-laterais-direitos-mais-valiosos-do-brasil\/","title":{"rendered":"Wesley, Giay, Vitinho, William, Jo\u00e3o Pedro, Matheuzinho, Mancuso, L\u00e9o Godoy, Mayke e Gilberto: os laterais-direitos mais valiosos do Brasil"},"content":{"rendered":"\n<p>Com a janela de transfer\u00eancias aberta, os clubes se movimentam incessantemente em busca de refor\u00e7os capazes de qualificar os respectivos elencos. Para conseguir boas contrata\u00e7\u00f5es, no entanto, \u00e9 preciso investir um bom dinheiro para tirar os jogadores das equipes deles.<\/p>\n\n\n\n<ul class=\"wp-block-list\">\n<li><a href=\"https:\/\/www.gaveanews.com\/index.php\/2025\/01\/21\/botafogo-vai-ajudar-o-fluminense-a-ter-lucro-milionario-2\/\">Botafogo vai ajudar o Fluminense a ter lucro milion\u00e1rio<\/a><\/li>\n\n\n\n<li><a href=\"https:\/\/www.gaveanews.com\/index.php\/2025\/01\/21\/tecnico-do-botafogo-john-textor-vai-buscar-nome-no-mexico\/\">T\u00e9cnico do Botafogo: John Textor vai buscar nome no M\u00e9xico<\/a><\/li>\n<\/ul>\n\n\n\n<p>Sabendo disso, o G\u00e1vea News reuniu uma lista com os laterais-direitos mais valiosos do Brasil, a fim de estimar qual investimento necess\u00e1rio para contrat\u00e1-los. Os dados foram retirados do site &#8220;Transfermarkt&#8221;.<\/p>\n\n\n\n<h2 class=\"wp-block-heading\" id=\"h-gilberto\">Gilberto<\/h2>\n\n\n\n<p>Quem abre a lista dos laterais-direitos mais valiosos do futebol brasileiro \u00e9 Gilberto, do Bahia. O defensor de 31 anos de idade est\u00e1 avaliado em 2,5 milh\u00f5es de euros, cerca de 15,7 milh\u00f5es de reais.<\/p>\n\n\n\n<figure class=\"wp-block-image size-full\"><img loading=\"lazy\" decoding=\"async\" width=\"887\" height=\"491\" src=\"https:\/\/www.gaveanews.com\/wp-content\/uploads\/Gilberto-lateral-do-Bahia.webp\" alt=\"\" class=\"wp-image-167081\" srcset=\"https:\/\/www.gaveanews.com\/wp-content\/uploads\/Gilberto-lateral-do-Bahia.webp 887w, https:\/\/www.gaveanews.com\/wp-content\/uploads\/Gilberto-lateral-do-Bahia-300x166.webp 300w, https:\/\/www.gaveanews.com\/wp-content\/uploads\/Gilberto-lateral-do-Bahia-768x425.webp 768w, https:\/\/www.gaveanews.com\/wp-content\/uploads\/Gilberto-lateral-do-Bahia-759x420.webp 759w, https:\/\/www.gaveanews.com\/wp-content\/uploads\/Gilberto-lateral-do-Bahia-640x354.webp 640w, https:\/\/www.gaveanews.com\/wp-content\/uploads\/Gilberto-lateral-do-Bahia-681x377.webp 681w, https:\/\/www.gaveanews.com\/wp-content\/uploads\/Gilberto-lateral-do-Bahia-100x55.webp 100w\" sizes=\"auto, (max-width: 887px) 100vw, 887px\" \/><figcaption class=\"wp-element-caption\">Gilberto, lateral do Bahia (Foto: Divulga\u00e7\u00e3o\/Bahia)<\/figcaption><\/figure>\n\n\n\n<h2 class=\"wp-block-heading\" id=\"h-mayke\">Mayke<\/h2>\n\n\n\n<p>Logo na sequ\u00eancia vem o lateral-direito do Palmeiras, Mayke. O defensor de 32 anos est\u00e1 avaliado em 3 milh\u00f5es de euros, cerca de 18,8 milh\u00f5es de reais.<\/p>\n\n\n\n<figure class=\"wp-block-image size-large\"><img loading=\"lazy\" decoding=\"async\" width=\"1024\" height=\"700\" src=\"https:\/\/www.gaveanews.com\/wp-content\/uploads\/Mayke-em-acao-pelo-Palmeiras-1024x700.webp\" alt=\"\" class=\"wp-image-171703\" srcset=\"https:\/\/www.gaveanews.com\/wp-content\/uploads\/Mayke-em-acao-pelo-Palmeiras-1024x700.webp 1024w, https:\/\/www.gaveanews.com\/wp-content\/uploads\/Mayke-em-acao-pelo-Palmeiras-300x205.webp 300w, https:\/\/www.gaveanews.com\/wp-content\/uploads\/Mayke-em-acao-pelo-Palmeiras-768x525.webp 768w, https:\/\/www.gaveanews.com\/wp-content\/uploads\/Mayke-em-acao-pelo-Palmeiras-614x420.webp 614w, https:\/\/www.gaveanews.com\/wp-content\/uploads\/Mayke-em-acao-pelo-Palmeiras-1229x840.webp 1229w, https:\/\/www.gaveanews.com\/wp-content\/uploads\/Mayke-em-acao-pelo-Palmeiras-640x437.webp 640w, https:\/\/www.gaveanews.com\/wp-content\/uploads\/Mayke-em-acao-pelo-Palmeiras-1280x875.webp 1280w, https:\/\/www.gaveanews.com\/wp-content\/uploads\/Mayke-em-acao-pelo-Palmeiras-681x465.webp 681w, https:\/\/www.gaveanews.com\/wp-content\/uploads\/Mayke-em-acao-pelo-Palmeiras-1362x931.webp 1362w, https:\/\/www.gaveanews.com\/wp-content\/uploads\/Mayke-em-acao-pelo-Palmeiras-100x68.webp 100w, https:\/\/www.gaveanews.com\/wp-content\/uploads\/Mayke-em-acao-pelo-Palmeiras.webp 1463w\" sizes=\"auto, (max-width: 1024px) 100vw, 1024px\" \/><figcaption class=\"wp-element-caption\">Mayke em a\u00e7\u00e3o pelo Palmeiras (Foto: Cesar Greco\/Palmeiras)<\/figcaption><\/figure>\n\n\n\n<h2 class=\"wp-block-heading\" id=\"h-leo-godoy\">L\u00e9o Godoy<\/h2>\n\n\n\n<p>Na s\u00e9tima posi\u00e7\u00e3o est\u00e1 o defensor do Santos, que esteve emprestado ao Athletico Paranaense na \u00faltima temporada. Aos 29 anos, L\u00e9o Godoy est\u00e1 avaliado em 3,5 milh\u00f5es de euros, cerca de 22 milh\u00f5es de reais.<\/p>\n\n\n\n<figure class=\"wp-block-image size-large\"><img loading=\"lazy\" decoding=\"async\" width=\"1024\" height=\"856\" src=\"https:\/\/www.gaveanews.com\/wp-content\/uploads\/Leonardo-Godoy-pelo-Athletico-PR-1024x856.webp\" alt=\"\" class=\"wp-image-168213\" srcset=\"https:\/\/www.gaveanews.com\/wp-content\/uploads\/Leonardo-Godoy-pelo-Athletico-PR-1024x856.webp 1024w, https:\/\/www.gaveanews.com\/wp-content\/uploads\/Leonardo-Godoy-pelo-Athletico-PR-300x251.webp 300w, https:\/\/www.gaveanews.com\/wp-content\/uploads\/Leonardo-Godoy-pelo-Athletico-PR-768x642.webp 768w, https:\/\/www.gaveanews.com\/wp-content\/uploads\/Leonardo-Godoy-pelo-Athletico-PR-502x420.webp 502w, https:\/\/www.gaveanews.com\/wp-content\/uploads\/Leonardo-Godoy-pelo-Athletico-PR-1005x840.webp 1005w, https:\/\/www.gaveanews.com\/wp-content\/uploads\/Leonardo-Godoy-pelo-Athletico-PR-640x535.webp 640w, https:\/\/www.gaveanews.com\/wp-content\/uploads\/Leonardo-Godoy-pelo-Athletico-PR-681x569.webp 681w, https:\/\/www.gaveanews.com\/wp-content\/uploads\/Leonardo-Godoy-pelo-Athletico-PR-100x84.webp 100w, https:\/\/www.gaveanews.com\/wp-content\/uploads\/Leonardo-Godoy-pelo-Athletico-PR.webp 1061w\" sizes=\"auto, (max-width: 1024px) 100vw, 1024px\" \/><figcaption class=\"wp-element-caption\">Leonardo Godoy pelo Athletico-PR (Foto: Gustavo Oliveira\/Athletico.com.br)<\/figcaption><\/figure>\n\n\n\n<h2 class=\"wp-block-heading\" id=\"h-mancuso\">Mancuso<\/h2>\n\n\n\n<p>Eros Mancuso, lateral-direito do Fortaleza sobe o valor de mercado em rela\u00e7\u00e3o a L\u00e9o Godoy. O defensor est\u00e1 avaliado em 4 milh\u00f5es de euros, cerca de 25,1 milh\u00f5es de reais.<\/p>\n\n\n\n<figure class=\"wp-block-image size-full\"><img loading=\"lazy\" decoding=\"async\" width=\"984\" height=\"652\" src=\"https:\/\/www.gaveanews.com\/wp-content\/uploads\/Eros-Mancuso-pelo-Fortaleza.webp\" alt=\"\" class=\"wp-image-169822\" srcset=\"https:\/\/www.gaveanews.com\/wp-content\/uploads\/Eros-Mancuso-pelo-Fortaleza.webp 984w, https:\/\/www.gaveanews.com\/wp-content\/uploads\/Eros-Mancuso-pelo-Fortaleza-300x199.webp 300w, https:\/\/www.gaveanews.com\/wp-content\/uploads\/Eros-Mancuso-pelo-Fortaleza-768x509.webp 768w, https:\/\/www.gaveanews.com\/wp-content\/uploads\/Eros-Mancuso-pelo-Fortaleza-634x420.webp 634w, https:\/\/www.gaveanews.com\/wp-content\/uploads\/Eros-Mancuso-pelo-Fortaleza-640x424.webp 640w, https:\/\/www.gaveanews.com\/wp-content\/uploads\/Eros-Mancuso-pelo-Fortaleza-681x451.webp 681w, https:\/\/www.gaveanews.com\/wp-content\/uploads\/Eros-Mancuso-pelo-Fortaleza-100x66.webp 100w\" sizes=\"auto, (max-width: 984px) 100vw, 984px\" \/><figcaption class=\"wp-element-caption\">Eros Mancuso pelo Fortaleza (Foto: Leonardo Moreira \/ Fortaleza EC)<\/figcaption><\/figure>\n\n\n\n<h2 class=\"wp-block-heading\" id=\"h-matheuzinho\">Matheuzinho<\/h2>\n\n\n\n<p>Matheuzinho foi contratado junto ao Flamengo no in\u00edcio da \u00faltima temporada e hoje defende o Corinthians. O lateral-direito de 24 anos tamb\u00e9m est\u00e1 avaliado em 4 milh\u00f5es de euros, cerca de 25,1 milh\u00f5es de reais.<\/p>\n\n\n\n<figure class=\"wp-block-image size-large\"><img loading=\"lazy\" decoding=\"async\" width=\"1024\" height=\"768\" src=\"https:\/\/www.gaveanews.com\/wp-content\/uploads\/Matheuzinho-em-acao-pelo-Corinthians-1024x768.webp\" alt=\"\" class=\"wp-image-148711\" srcset=\"https:\/\/www.gaveanews.com\/wp-content\/uploads\/Matheuzinho-em-acao-pelo-Corinthians-1024x768.webp 1024w, https:\/\/www.gaveanews.com\/wp-content\/uploads\/Matheuzinho-em-acao-pelo-Corinthians-300x225.webp 300w, https:\/\/www.gaveanews.com\/wp-content\/uploads\/Matheuzinho-em-acao-pelo-Corinthians-768x576.webp 768w, https:\/\/www.gaveanews.com\/wp-content\/uploads\/Matheuzinho-em-acao-pelo-Corinthians-560x420.webp 560w, https:\/\/www.gaveanews.com\/wp-content\/uploads\/Matheuzinho-em-acao-pelo-Corinthians-80x60.webp 80w, https:\/\/www.gaveanews.com\/wp-content\/uploads\/Matheuzinho-em-acao-pelo-Corinthians-160x120.webp 160w, https:\/\/www.gaveanews.com\/wp-content\/uploads\/Matheuzinho-em-acao-pelo-Corinthians-100x75.webp 100w, https:\/\/www.gaveanews.com\/wp-content\/uploads\/Matheuzinho-em-acao-pelo-Corinthians-200x150.webp 200w, https:\/\/www.gaveanews.com\/wp-content\/uploads\/Matheuzinho-em-acao-pelo-Corinthians-180x135.webp 180w, https:\/\/www.gaveanews.com\/wp-content\/uploads\/Matheuzinho-em-acao-pelo-Corinthians-360x270.webp 360w, https:\/\/www.gaveanews.com\/wp-content\/uploads\/Matheuzinho-em-acao-pelo-Corinthians-238x178.webp 238w, https:\/\/www.gaveanews.com\/wp-content\/uploads\/Matheuzinho-em-acao-pelo-Corinthians-476x356.webp 476w, https:\/\/www.gaveanews.com\/wp-content\/uploads\/Matheuzinho-em-acao-pelo-Corinthians-640x480.webp 640w, https:\/\/www.gaveanews.com\/wp-content\/uploads\/Matheuzinho-em-acao-pelo-Corinthians-681x511.webp 681w, https:\/\/www.gaveanews.com\/wp-content\/uploads\/Matheuzinho-em-acao-pelo-Corinthians.webp 1100w\" sizes=\"auto, (max-width: 1024px) 100vw, 1024px\" \/><figcaption class=\"wp-element-caption\">Matheuzinho em a\u00e7\u00e3o pelo Corinthians (Foto: Reprodu\u00e7\u00e3o\/Instagram)<\/figcaption><\/figure>\n\n\n\n<h2 class=\"wp-block-heading\" id=\"h-joao-pedro\">Jo\u00e3o Pedro<\/h2>\n\n\n\n<p>Na quinta posi\u00e7\u00e3o est\u00e1 Jo\u00e3o Pedro, lateral-direito do Gr\u00eamio. O jogador de 28 anos \u00e9 mais um com valor de mercado em 4 milh\u00f5es de euros, cerca de 25,1 milh\u00f5es de reais.<\/p>\n\n\n\n<figure class=\"wp-block-image size-full\"><img loading=\"lazy\" decoding=\"async\" width=\"843\" height=\"667\" src=\"https:\/\/www.gaveanews.com\/wp-content\/uploads\/Joao-Pedro-em-acao-pelo-Gremio.webp\" alt=\"\" class=\"wp-image-170637\" srcset=\"https:\/\/www.gaveanews.com\/wp-content\/uploads\/Joao-Pedro-em-acao-pelo-Gremio.webp 843w, https:\/\/www.gaveanews.com\/wp-content\/uploads\/Joao-Pedro-em-acao-pelo-Gremio-300x237.webp 300w, https:\/\/www.gaveanews.com\/wp-content\/uploads\/Joao-Pedro-em-acao-pelo-Gremio-768x608.webp 768w, https:\/\/www.gaveanews.com\/wp-content\/uploads\/Joao-Pedro-em-acao-pelo-Gremio-531x420.webp 531w, https:\/\/www.gaveanews.com\/wp-content\/uploads\/Joao-Pedro-em-acao-pelo-Gremio-640x506.webp 640w, https:\/\/www.gaveanews.com\/wp-content\/uploads\/Joao-Pedro-em-acao-pelo-Gremio-681x539.webp 681w, https:\/\/www.gaveanews.com\/wp-content\/uploads\/Joao-Pedro-em-acao-pelo-Gremio-100x79.webp 100w\" sizes=\"auto, (max-width: 843px) 100vw, 843px\" \/><figcaption class=\"wp-element-caption\">Jo\u00e3o Pedro em a\u00e7\u00e3o pelo Gr\u00eamio (Foto: Liamara Polli\/Gr\u00eamio)<\/figcaption><\/figure>\n\n\n\n<h2 class=\"wp-block-heading\" id=\"h-william\">William<\/h2>\n\n\n\n<p>O valor de mercado do lateral-direito do Cruzeiro sobe em rela\u00e7\u00e3o a Jo\u00e3o Pedro. Ele est\u00e1 avaliado em 6 milh\u00f5es de euros, cerca de 37,7 milh\u00f5es de reais.<\/p>\n\n\n\n<figure class=\"wp-block-image size-full\"><img loading=\"lazy\" decoding=\"async\" width=\"867\" height=\"447\" src=\"https:\/\/www.gaveanews.com\/wp-content\/uploads\/William-Furtado-pelo-Cruzeiro.webp\" alt=\"\" class=\"wp-image-170358\" srcset=\"https:\/\/www.gaveanews.com\/wp-content\/uploads\/William-Furtado-pelo-Cruzeiro.webp 867w, https:\/\/www.gaveanews.com\/wp-content\/uploads\/William-Furtado-pelo-Cruzeiro-300x155.webp 300w, https:\/\/www.gaveanews.com\/wp-content\/uploads\/William-Furtado-pelo-Cruzeiro-768x396.webp 768w, https:\/\/www.gaveanews.com\/wp-content\/uploads\/William-Furtado-pelo-Cruzeiro-815x420.webp 815w, https:\/\/www.gaveanews.com\/wp-content\/uploads\/William-Furtado-pelo-Cruzeiro-640x330.webp 640w, https:\/\/www.gaveanews.com\/wp-content\/uploads\/William-Furtado-pelo-Cruzeiro-681x351.webp 681w, https:\/\/www.gaveanews.com\/wp-content\/uploads\/William-Furtado-pelo-Cruzeiro-100x52.webp 100w\" sizes=\"auto, (max-width: 867px) 100vw, 867px\" \/><figcaption class=\"wp-element-caption\">William Furtado pelo Cruzeiro (Foto: Staff Imagens\/Cruzeiro)<\/figcaption><\/figure>\n\n\n\n<h2 class=\"wp-block-heading\" id=\"h-vitinho\">Vitinho<\/h2>\n\n\n\n<p>Quem abre o top-3 \u00e9 o lateral-direito do Botafogo Vitinho. Com 25 anos, o defensor do Glorioso tem valor de mercado em 6 milh\u00f5es de euros, cerca de 37,7 milh\u00f5es de reais.<\/p>\n\n\n\n<figure class=\"wp-block-image size-large\"><img loading=\"lazy\" decoding=\"async\" width=\"1024\" height=\"825\" src=\"https:\/\/www.gaveanews.com\/wp-content\/uploads\/Vitinho-Botafogo-1024x825.webp\" alt=\"\" class=\"wp-image-168198\" srcset=\"https:\/\/www.gaveanews.com\/wp-content\/uploads\/Vitinho-Botafogo-1024x825.webp 1024w, https:\/\/www.gaveanews.com\/wp-content\/uploads\/Vitinho-Botafogo-300x242.webp 300w, https:\/\/www.gaveanews.com\/wp-content\/uploads\/Vitinho-Botafogo-768x619.webp 768w, https:\/\/www.gaveanews.com\/wp-content\/uploads\/Vitinho-Botafogo-521x420.webp 521w, https:\/\/www.gaveanews.com\/wp-content\/uploads\/Vitinho-Botafogo-1042x840.webp 1042w, https:\/\/www.gaveanews.com\/wp-content\/uploads\/Vitinho-Botafogo-640x516.webp 640w, https:\/\/www.gaveanews.com\/wp-content\/uploads\/Vitinho-Botafogo-681x549.webp 681w, https:\/\/www.gaveanews.com\/wp-content\/uploads\/Vitinho-Botafogo-100x81.webp 100w, https:\/\/www.gaveanews.com\/wp-content\/uploads\/Vitinho-Botafogo.webp 1241w\" sizes=\"auto, (max-width: 1024px) 100vw, 1024px\" \/><figcaption class=\"wp-element-caption\">Vitinho Botafogo (Foto: Vitor Silva\/Botafogo)<\/figcaption><\/figure>\n\n\n\n<h2 class=\"wp-block-heading\" id=\"h-giay\">Giay<\/h2>\n\n\n\n<p>A segunda posi\u00e7\u00e3o pertence ao lateral-direito do Palmeiras. Agust\u00edn Giay tem 21 anos e est\u00e1 avaliado em 7,5 milh\u00f5es de euros, cerca de 47,1 milh\u00f5es de reais.<\/p>\n\n\n\n<figure class=\"wp-block-image size-full\"><img loading=\"lazy\" decoding=\"async\" width=\"800\" height=\"800\" src=\"https:\/\/www.gaveanews.com\/wp-content\/uploads\/Agustin-Giay-e-Luiz-Araujo-durante-o-jogo-entre-Flamengo-x-Palmeiras-pela-Copa-do-Brasil-2024-no-Maracana.webp\" alt=\"\" class=\"wp-image-155833\" srcset=\"https:\/\/www.gaveanews.com\/wp-content\/uploads\/Agustin-Giay-e-Luiz-Araujo-durante-o-jogo-entre-Flamengo-x-Palmeiras-pela-Copa-do-Brasil-2024-no-Maracana.webp 800w, https:\/\/www.gaveanews.com\/wp-content\/uploads\/Agustin-Giay-e-Luiz-Araujo-durante-o-jogo-entre-Flamengo-x-Palmeiras-pela-Copa-do-Brasil-2024-no-Maracana-300x300.webp 300w, https:\/\/www.gaveanews.com\/wp-content\/uploads\/Agustin-Giay-e-Luiz-Araujo-durante-o-jogo-entre-Flamengo-x-Palmeiras-pela-Copa-do-Brasil-2024-no-Maracana-150x150.webp 150w, https:\/\/www.gaveanews.com\/wp-content\/uploads\/Agustin-Giay-e-Luiz-Araujo-durante-o-jogo-entre-Flamengo-x-Palmeiras-pela-Copa-do-Brasil-2024-no-Maracana-768x768.webp 768w, https:\/\/www.gaveanews.com\/wp-content\/uploads\/Agustin-Giay-e-Luiz-Araujo-durante-o-jogo-entre-Flamengo-x-Palmeiras-pela-Copa-do-Brasil-2024-no-Maracana-420x420.webp 420w, https:\/\/www.gaveanews.com\/wp-content\/uploads\/Agustin-Giay-e-Luiz-Araujo-durante-o-jogo-entre-Flamengo-x-Palmeiras-pela-Copa-do-Brasil-2024-no-Maracana-640x640.webp 640w, https:\/\/www.gaveanews.com\/wp-content\/uploads\/Agustin-Giay-e-Luiz-Araujo-durante-o-jogo-entre-Flamengo-x-Palmeiras-pela-Copa-do-Brasil-2024-no-Maracana-681x681.webp 681w, https:\/\/www.gaveanews.com\/wp-content\/uploads\/Agustin-Giay-e-Luiz-Araujo-durante-o-jogo-entre-Flamengo-x-Palmeiras-pela-Copa-do-Brasil-2024-no-Maracana-100x100.webp 100w\" sizes=\"auto, (max-width: 800px) 100vw, 800px\" \/><figcaption class=\"wp-element-caption\">Agust\u00edn Giay e Luiz Ara\u00fajo durante o jogo entre Flamengo x Palmeiras pela Copa do Brasil 2024 no Maracan\u00e3 (Foto: Cesar Greco\/Palmeiras)<\/figcaption><\/figure>\n\n\n\n<h2 class=\"wp-block-heading\" id=\"h-wesley\">Wesley<\/h2>\n\n\n\n<p>O lateral-direito mais valioso do futebol brasileiro \u00e9 Wesley. O defensor do Flamengo est\u00e1 avaliado em 9 milh\u00f5es de euros, cerca de 56,6 milh\u00f5es de reais.<\/p>\n\n\n\n<figure class=\"wp-block-image size-full\"><img loading=\"lazy\" decoding=\"async\" width=\"512\" height=\"341\" src=\"https:\/\/www.gaveanews.com\/wp-content\/uploads\/Wesley-durante-jogo-contra-o-Bolivar-pela-Libertadores-no-Maracana.webp\" alt=\"\" class=\"wp-image-158934\" srcset=\"https:\/\/www.gaveanews.com\/wp-content\/uploads\/Wesley-durante-jogo-contra-o-Bolivar-pela-Libertadores-no-Maracana.webp 512w, https:\/\/www.gaveanews.com\/wp-content\/uploads\/Wesley-durante-jogo-contra-o-Bolivar-pela-Libertadores-no-Maracana-300x200.webp 300w, https:\/\/www.gaveanews.com\/wp-content\/uploads\/Wesley-durante-jogo-contra-o-Bolivar-pela-Libertadores-no-Maracana-100x67.webp 100w\" sizes=\"auto, (max-width: 512px) 100vw, 512px\" \/><figcaption class=\"wp-element-caption\">Wesley durante jogo contra o Bol\u00edvar, pela Libertadores, no Maracan\u00e3 (Foto: Gilvan de Souza\/Flamengo)<\/figcaption><\/figure>\n","protected":false},"excerpt":{"rendered":"<p>Com a janela de transfer\u00eancias aberta, os clubes se movimentam incessantemente em busca de refor\u00e7os capazes de qualificar os respectivos elencos. Para conseguir boas contrata\u00e7\u00f5es, no entanto, \u00e9 preciso investir um bom dinheiro para tirar os jogadores das equipes deles. Sabendo disso, o G\u00e1vea News reuniu uma lista com os laterais-direitos mais valiosos do Brasil, [&hellip;]<\/p>\n","protected":false},"author":29,"featured_media":207524,"comment_status":"open","ping_status":"closed","sticky":false,"template":"","format":"standard","meta":{"footnotes":""},"categories":[137,138,141,143,1,146,147,150,139],"tags":[],"class_list":["post-215690","post","type-post","status-publish","format-standard","has-post-thumbnail","hentry","category-bahia","category-botafogo","category-corinthians","category-cruzeiro","category-flamengo","category-fortaleza","category-gremio","category-palmeiras","category-santos"],"yoast_head":"<!-- This site is optimized with the Yoast SEO Premium plugin v24.2 (Yoast SEO v26.9) - https:\/\/yoast.com\/product\/yoast-seo-premium-wordpress\/ -->\n<title>Wesley, Giay, Vitinho, William, Jo\u00e3o Pedro, Matheuzinho, Mancuso, L\u00e9o Godoy, Mayke e Gilberto: os laterais-direitos mais valiosos do Brasil<\/title>\n<meta name=\"robots\" content=\"index, follow, max-snippet:-1, max-image-preview:large, max-video-preview:-1\" \/>\n<link rel=\"canonical\" href=\"https:\/\/www.gaveanews.com\/index.php\/2025\/01\/21\/wesley-giay-vitinho-william-joao-pedro-matheuzinho-mancuso-leo-godoy-mayke-e-gilberto-os-laterais-direitos-mais-valiosos-do-brasil\/\" \/>\n<meta property=\"og:locale\" content=\"pt_BR\" \/>\n<meta property=\"og:type\" content=\"article\" \/>\n<meta property=\"og:title\" content=\"Wesley, Giay, Vitinho, William, Jo\u00e3o Pedro, Matheuzinho, Mancuso, L\u00e9o Godoy, Mayke e Gilberto: os laterais-direitos mais valiosos do Brasil\" \/>\n<meta property=\"og:description\" content=\"Com a janela de transfer\u00eancias aberta, os clubes se movimentam incessantemente em busca de refor\u00e7os capazes de qualificar os respectivos elencos. Para conseguir boas contrata\u00e7\u00f5es, no entanto, \u00e9 preciso investir um bom dinheiro para tirar os jogadores das equipes deles. Sabendo disso, o G\u00e1vea News reuniu uma lista com os laterais-direitos mais valiosos do Brasil, [&hellip;]\" \/>\n<meta property=\"og:url\" content=\"https:\/\/www.gaveanews.com\/index.php\/2025\/01\/21\/wesley-giay-vitinho-william-joao-pedro-matheuzinho-mancuso-leo-godoy-mayke-e-gilberto-os-laterais-direitos-mais-valiosos-do-brasil\/\" \/>\n<meta property=\"og:site_name\" content=\"G\u00e1vea News\" \/>\n<meta property=\"article:publisher\" content=\"https:\/\/facebook.com\/gaveaNews\/\" \/>\n<meta property=\"article:published_time\" content=\"2025-01-21T13:30:40+00:00\" \/>\n<meta property=\"og:image\" content=\"https:\/\/www.gaveanews.com\/wp-content\/uploads\/GgZnA0yXYAAykTp.webp\" \/>\n\t<meta property=\"og:image:width\" content=\"1920\" \/>\n\t<meta property=\"og:image:height\" content=\"1080\" \/>\n\t<meta property=\"og:image:type\" content=\"image\/jpeg\" \/>\n<meta name=\"author\" content=\"Marco Menezes\" \/>\n<meta name=\"twitter:card\" content=\"summary_large_image\" \/>\n<meta name=\"twitter:label1\" content=\"Escrito por\" \/>\n\t<meta name=\"twitter:data1\" content=\"Marco Menezes\" \/>\n\t<meta name=\"twitter:label2\" content=\"Est. tempo de leitura\" \/>\n\t<meta name=\"twitter:data2\" content=\"5 minutos\" \/>\n<script type=\"application\/ld+json\" class=\"yoast-schema-graph\">{\"@context\":\"https:\/\/schema.org\",\"@graph\":[{\"@type\":\"NewsArticle\",\"@id\":\"https:\/\/www.gaveanews.com\/index.php\/2025\/01\/21\/wesley-giay-vitinho-william-joao-pedro-matheuzinho-mancuso-leo-godoy-mayke-e-gilberto-os-laterais-direitos-mais-valiosos-do-brasil\/#article\",\"isPartOf\":{\"@id\":\"https:\/\/www.gaveanews.com\/index.php\/2025\/01\/21\/wesley-giay-vitinho-william-joao-pedro-matheuzinho-mancuso-leo-godoy-mayke-e-gilberto-os-laterais-direitos-mais-valiosos-do-brasil\/\"},\"author\":{\"name\":\"Marco Menezes\",\"@id\":\"https:\/\/www.gaveanews.com\/#\/schema\/person\/a9f62fe75380c6bada1b2fc49bc23d69\"},\"headline\":\"Wesley, Giay, Vitinho, William, Jo\u00e3o Pedro, Matheuzinho, Mancuso, L\u00e9o Godoy, Mayke e Gilberto: os laterais-direitos mais valiosos do Brasil\",\"datePublished\":\"2025-01-21T13:30:40+00:00\",\"mainEntityOfPage\":{\"@id\":\"https:\/\/www.gaveanews.com\/index.php\/2025\/01\/21\/wesley-giay-vitinho-william-joao-pedro-matheuzinho-mancuso-leo-godoy-mayke-e-gilberto-os-laterais-direitos-mais-valiosos-do-brasil\/\"},\"wordCount\":559,\"commentCount\":0,\"image\":{\"@id\":\"https:\/\/www.gaveanews.com\/index.php\/2025\/01\/21\/wesley-giay-vitinho-william-joao-pedro-matheuzinho-mancuso-leo-godoy-mayke-e-gilberto-os-laterais-direitos-mais-valiosos-do-brasil\/#primaryimage\"},\"thumbnailUrl\":\"https:\/\/www.gaveanews.com\/wp-content\/uploads\/GgZnA0yXYAAykTp.webp\",\"articleSection\":[\"Bahia\",\"Botafogo\",\"Corinthians\",\"Cruzeiro\",\"Flamengo\",\"Fortaleza\",\"Gr\u00eamio\",\"Palmeiras\",\"Santos\"],\"inLanguage\":\"pt-BR\",\"potentialAction\":[{\"@type\":\"CommentAction\",\"name\":\"Comment\",\"target\":[\"https:\/\/www.gaveanews.com\/index.php\/2025\/01\/21\/wesley-giay-vitinho-william-joao-pedro-matheuzinho-mancuso-leo-godoy-mayke-e-gilberto-os-laterais-direitos-mais-valiosos-do-brasil\/#respond\"]}],\"copyrightYear\":\"2025\",\"copyrightHolder\":{\"@id\":\"https:\/\/www.gaveanews.com\/#organization\"}},{\"@type\":\"WebPage\",\"@id\":\"https:\/\/www.gaveanews.com\/index.php\/2025\/01\/21\/wesley-giay-vitinho-william-joao-pedro-matheuzinho-mancuso-leo-godoy-mayke-e-gilberto-os-laterais-direitos-mais-valiosos-do-brasil\/\",\"url\":\"https:\/\/www.gaveanews.com\/index.php\/2025\/01\/21\/wesley-giay-vitinho-william-joao-pedro-matheuzinho-mancuso-leo-godoy-mayke-e-gilberto-os-laterais-direitos-mais-valiosos-do-brasil\/\",\"name\":\"Wesley, Giay, Vitinho, William, Jo\u00e3o Pedro, Matheuzinho, Mancuso, L\u00e9o Godoy, Mayke e Gilberto: os laterais-direitos mais valiosos do Brasil\",\"isPartOf\":{\"@id\":\"https:\/\/www.gaveanews.com\/#website\"},\"primaryImageOfPage\":{\"@id\":\"https:\/\/www.gaveanews.com\/index.php\/2025\/01\/21\/wesley-giay-vitinho-william-joao-pedro-matheuzinho-mancuso-leo-godoy-mayke-e-gilberto-os-laterais-direitos-mais-valiosos-do-brasil\/#primaryimage\"},\"image\":{\"@id\":\"https:\/\/www.gaveanews.com\/index.php\/2025\/01\/21\/wesley-giay-vitinho-william-joao-pedro-matheuzinho-mancuso-leo-godoy-mayke-e-gilberto-os-laterais-direitos-mais-valiosos-do-brasil\/#primaryimage\"},\"thumbnailUrl\":\"https:\/\/www.gaveanews.com\/wp-content\/uploads\/GgZnA0yXYAAykTp.webp\",\"datePublished\":\"2025-01-21T13:30:40+00:00\",\"author\":{\"@id\":\"https:\/\/www.gaveanews.com\/#\/schema\/person\/a9f62fe75380c6bada1b2fc49bc23d69\"},\"breadcrumb\":{\"@id\":\"https:\/\/www.gaveanews.com\/index.php\/2025\/01\/21\/wesley-giay-vitinho-william-joao-pedro-matheuzinho-mancuso-leo-godoy-mayke-e-gilberto-os-laterais-direitos-mais-valiosos-do-brasil\/#breadcrumb\"},\"inLanguage\":\"pt-BR\",\"potentialAction\":[{\"@type\":\"ReadAction\",\"target\":[\"https:\/\/www.gaveanews.com\/index.php\/2025\/01\/21\/wesley-giay-vitinho-william-joao-pedro-matheuzinho-mancuso-leo-godoy-mayke-e-gilberto-os-laterais-direitos-mais-valiosos-do-brasil\/\"]}]},{\"@type\":\"ImageObject\",\"inLanguage\":\"pt-BR\",\"@id\":\"https:\/\/www.gaveanews.com\/index.php\/2025\/01\/21\/wesley-giay-vitinho-william-joao-pedro-matheuzinho-mancuso-leo-godoy-mayke-e-gilberto-os-laterais-direitos-mais-valiosos-do-brasil\/#primaryimage\",\"url\":\"https:\/\/www.gaveanews.com\/wp-content\/uploads\/GgZnA0yXYAAykTp.webp\",\"contentUrl\":\"https:\/\/www.gaveanews.com\/wp-content\/uploads\/GgZnA0yXYAAykTp.webp\",\"width\":1920,\"height\":1080,\"caption\":\"Lateral Wesley, do Flamengo (Foto: Divulga\u00e7\u00e3o)\"},{\"@type\":\"BreadcrumbList\",\"@id\":\"https:\/\/www.gaveanews.com\/index.php\/2025\/01\/21\/wesley-giay-vitinho-william-joao-pedro-matheuzinho-mancuso-leo-godoy-mayke-e-gilberto-os-laterais-direitos-mais-valiosos-do-brasil\/#breadcrumb\",\"itemListElement\":[{\"@type\":\"ListItem\",\"position\":1,\"name\":\"Home\",\"item\":\"https:\/\/www.gaveanews.com\/\"},{\"@type\":\"ListItem\",\"position\":2,\"name\":\"Wesley, Giay, Vitinho, William, Jo\u00e3o Pedro, Matheuzinho, Mancuso, L\u00e9o Godoy, Mayke e Gilberto: os laterais-direitos mais valiosos do Brasil\"}]},{\"@type\":\"WebSite\",\"@id\":\"https:\/\/www.gaveanews.com\/#website\",\"url\":\"https:\/\/www.gaveanews.com\/\",\"name\":\"G\u00e1vea News\",\"description\":\"Veja todas as not\u00edcias sobre o Flamengo: Contrata\u00e7\u00f5es, categorias de base, resultados das partidas, tabela de classifica\u00e7\u00e3o, pr\u00f3ximos jogos!\",\"potentialAction\":[{\"@type\":\"SearchAction\",\"target\":{\"@type\":\"EntryPoint\",\"urlTemplate\":\"https:\/\/www.gaveanews.com\/?s={search_term_string}\"},\"query-input\":{\"@type\":\"PropertyValueSpecification\",\"valueRequired\":true,\"valueName\":\"search_term_string\"}}],\"inLanguage\":\"pt-BR\"},{\"@type\":\"Person\",\"@id\":\"https:\/\/www.gaveanews.com\/#\/schema\/person\/a9f62fe75380c6bada1b2fc49bc23d69\",\"name\":\"Marco Menezes\",\"image\":{\"@type\":\"ImageObject\",\"inLanguage\":\"pt-BR\",\"@id\":\"https:\/\/www.gaveanews.com\/#\/schema\/person\/image\/\",\"url\":\"https:\/\/secure.gravatar.com\/avatar\/a1d148ae17fc8bfc5dbccffd07979e8bd2c9ba494221779de86ec2c7907b71ec?s=96&d=mm&r=g\",\"contentUrl\":\"https:\/\/secure.gravatar.com\/avatar\/a1d148ae17fc8bfc5dbccffd07979e8bd2c9ba494221779de86ec2c7907b71ec?s=96&d=mm&r=g\",\"caption\":\"Marco Menezes\"}}]}<\/script>\n<!-- \/ Yoast SEO Premium plugin. -->","yoast_head_json":{"title":"Wesley, Giay, Vitinho, William, Jo\u00e3o Pedro, Matheuzinho, Mancuso, L\u00e9o Godoy, Mayke e Gilberto: os laterais-direitos mais valiosos do Brasil","robots":{"index":"index","follow":"follow","max-snippet":"max-snippet:-1","max-image-preview":"max-image-preview:large","max-video-preview":"max-video-preview:-1"},"canonical":"https:\/\/www.gaveanews.com\/index.php\/2025\/01\/21\/wesley-giay-vitinho-william-joao-pedro-matheuzinho-mancuso-leo-godoy-mayke-e-gilberto-os-laterais-direitos-mais-valiosos-do-brasil\/","og_locale":"pt_BR","og_type":"article","og_title":"Wesley, Giay, Vitinho, William, Jo\u00e3o Pedro, Matheuzinho, Mancuso, L\u00e9o Godoy, Mayke e Gilberto: os laterais-direitos mais valiosos do Brasil","og_description":"Com a janela de transfer\u00eancias aberta, os clubes se movimentam incessantemente em busca de refor\u00e7os capazes de qualificar os respectivos elencos. Para conseguir boas contrata\u00e7\u00f5es, no entanto, \u00e9 preciso investir um bom dinheiro para tirar os jogadores das equipes deles. Sabendo disso, o G\u00e1vea News reuniu uma lista com os laterais-direitos mais valiosos do Brasil, [&hellip;]","og_url":"https:\/\/www.gaveanews.com\/index.php\/2025\/01\/21\/wesley-giay-vitinho-william-joao-pedro-matheuzinho-mancuso-leo-godoy-mayke-e-gilberto-os-laterais-direitos-mais-valiosos-do-brasil\/","og_site_name":"G\u00e1vea News","article_publisher":"https:\/\/facebook.com\/gaveaNews\/","article_published_time":"2025-01-21T13:30:40+00:00","og_image":[{"width":1920,"height":1080,"url":"https:\/\/www.gaveanews.com\/wp-content\/uploads\/GgZnA0yXYAAykTp.webp","type":"image\/jpeg"}],"author":"Marco Menezes","twitter_card":"summary_large_image","twitter_misc":{"Escrito por":"Marco Menezes","Est. tempo de leitura":"5 minutos"},"schema":{"@context":"https:\/\/schema.org","@graph":[{"@type":"NewsArticle","@id":"https:\/\/www.gaveanews.com\/index.php\/2025\/01\/21\/wesley-giay-vitinho-william-joao-pedro-matheuzinho-mancuso-leo-godoy-mayke-e-gilberto-os-laterais-direitos-mais-valiosos-do-brasil\/#article","isPartOf":{"@id":"https:\/\/www.gaveanews.com\/index.php\/2025\/01\/21\/wesley-giay-vitinho-william-joao-pedro-matheuzinho-mancuso-leo-godoy-mayke-e-gilberto-os-laterais-direitos-mais-valiosos-do-brasil\/"},"author":{"name":"Marco Menezes","@id":"https:\/\/www.gaveanews.com\/#\/schema\/person\/a9f62fe75380c6bada1b2fc49bc23d69"},"headline":"Wesley, Giay, Vitinho, William, Jo\u00e3o Pedro, Matheuzinho, Mancuso, L\u00e9o Godoy, Mayke e Gilberto: os laterais-direitos mais valiosos do Brasil","datePublished":"2025-01-21T13:30:40+00:00","mainEntityOfPage":{"@id":"https:\/\/www.gaveanews.com\/index.php\/2025\/01\/21\/wesley-giay-vitinho-william-joao-pedro-matheuzinho-mancuso-leo-godoy-mayke-e-gilberto-os-laterais-direitos-mais-valiosos-do-brasil\/"},"wordCount":559,"commentCount":0,"image":{"@id":"https:\/\/www.gaveanews.com\/index.php\/2025\/01\/21\/wesley-giay-vitinho-william-joao-pedro-matheuzinho-mancuso-leo-godoy-mayke-e-gilberto-os-laterais-direitos-mais-valiosos-do-brasil\/#primaryimage"},"thumbnailUrl":"https:\/\/www.gaveanews.com\/wp-content\/uploads\/GgZnA0yXYAAykTp.webp","articleSection":["Bahia","Botafogo","Corinthians","Cruzeiro","Flamengo","Fortaleza","Gr\u00eamio","Palmeiras","Santos"],"inLanguage":"pt-BR","potentialAction":[{"@type":"CommentAction","name":"Comment","target":["https:\/\/www.gaveanews.com\/index.php\/2025\/01\/21\/wesley-giay-vitinho-william-joao-pedro-matheuzinho-mancuso-leo-godoy-mayke-e-gilberto-os-laterais-direitos-mais-valiosos-do-brasil\/#respond"]}],"copyrightYear":"2025","copyrightHolder":{"@id":"https:\/\/www.gaveanews.com\/#organization"}},{"@type":"WebPage","@id":"https:\/\/www.gaveanews.com\/index.php\/2025\/01\/21\/wesley-giay-vitinho-william-joao-pedro-matheuzinho-mancuso-leo-godoy-mayke-e-gilberto-os-laterais-direitos-mais-valiosos-do-brasil\/","url":"https:\/\/www.gaveanews.com\/index.php\/2025\/01\/21\/wesley-giay-vitinho-william-joao-pedro-matheuzinho-mancuso-leo-godoy-mayke-e-gilberto-os-laterais-direitos-mais-valiosos-do-brasil\/","name":"Wesley, Giay, Vitinho, William, Jo\u00e3o Pedro, Matheuzinho, Mancuso, L\u00e9o Godoy, Mayke e Gilberto: os laterais-direitos mais valiosos do Brasil","isPartOf":{"@id":"https:\/\/www.gaveanews.com\/#website"},"primaryImageOfPage":{"@id":"https:\/\/www.gaveanews.com\/index.php\/2025\/01\/21\/wesley-giay-vitinho-william-joao-pedro-matheuzinho-mancuso-leo-godoy-mayke-e-gilberto-os-laterais-direitos-mais-valiosos-do-brasil\/#primaryimage"},"image":{"@id":"https:\/\/www.gaveanews.com\/index.php\/2025\/01\/21\/wesley-giay-vitinho-william-joao-pedro-matheuzinho-mancuso-leo-godoy-mayke-e-gilberto-os-laterais-direitos-mais-valiosos-do-brasil\/#primaryimage"},"thumbnailUrl":"https:\/\/www.gaveanews.com\/wp-content\/uploads\/GgZnA0yXYAAykTp.webp","datePublished":"2025-01-21T13:30:40+00:00","author":{"@id":"https:\/\/www.gaveanews.com\/#\/schema\/person\/a9f62fe75380c6bada1b2fc49bc23d69"},"breadcrumb":{"@id":"https:\/\/www.gaveanews.com\/index.php\/2025\/01\/21\/wesley-giay-vitinho-william-joao-pedro-matheuzinho-mancuso-leo-godoy-mayke-e-gilberto-os-laterais-direitos-mais-valiosos-do-brasil\/#breadcrumb"},"inLanguage":"pt-BR","potentialAction":[{"@type":"ReadAction","target":["https:\/\/www.gaveanews.com\/index.php\/2025\/01\/21\/wesley-giay-vitinho-william-joao-pedro-matheuzinho-mancuso-leo-godoy-mayke-e-gilberto-os-laterais-direitos-mais-valiosos-do-brasil\/"]}]},{"@type":"ImageObject","inLanguage":"pt-BR","@id":"https:\/\/www.gaveanews.com\/index.php\/2025\/01\/21\/wesley-giay-vitinho-william-joao-pedro-matheuzinho-mancuso-leo-godoy-mayke-e-gilberto-os-laterais-direitos-mais-valiosos-do-brasil\/#primaryimage","url":"https:\/\/www.gaveanews.com\/wp-content\/uploads\/GgZnA0yXYAAykTp.webp","contentUrl":"https:\/\/www.gaveanews.com\/wp-content\/uploads\/GgZnA0yXYAAykTp.webp","width":1920,"height":1080,"caption":"Lateral Wesley, do Flamengo (Foto: Divulga\u00e7\u00e3o)"},{"@type":"BreadcrumbList","@id":"https:\/\/www.gaveanews.com\/index.php\/2025\/01\/21\/wesley-giay-vitinho-william-joao-pedro-matheuzinho-mancuso-leo-godoy-mayke-e-gilberto-os-laterais-direitos-mais-valiosos-do-brasil\/#breadcrumb","itemListElement":[{"@type":"ListItem","position":1,"name":"Home","item":"https:\/\/www.gaveanews.com\/"},{"@type":"ListItem","position":2,"name":"Wesley, Giay, Vitinho, William, Jo\u00e3o Pedro, Matheuzinho, Mancuso, L\u00e9o Godoy, Mayke e Gilberto: os laterais-direitos mais valiosos do Brasil"}]},{"@type":"WebSite","@id":"https:\/\/www.gaveanews.com\/#website","url":"https:\/\/www.gaveanews.com\/","name":"G\u00e1vea News","description":"Veja todas as not\u00edcias sobre o Flamengo: Contrata\u00e7\u00f5es, categorias de base, resultados das partidas, tabela de classifica\u00e7\u00e3o, pr\u00f3ximos jogos!","potentialAction":[{"@type":"SearchAction","target":{"@type":"EntryPoint","urlTemplate":"https:\/\/www.gaveanews.com\/?s={search_term_string}"},"query-input":{"@type":"PropertyValueSpecification","valueRequired":true,"valueName":"search_term_string"}}],"inLanguage":"pt-BR"},{"@type":"Person","@id":"https:\/\/www.gaveanews.com\/#\/schema\/person\/a9f62fe75380c6bada1b2fc49bc23d69","name":"Marco Menezes","image":{"@type":"ImageObject","inLanguage":"pt-BR","@id":"https:\/\/www.gaveanews.com\/#\/schema\/person\/image\/","url":"https:\/\/secure.gravatar.com\/avatar\/a1d148ae17fc8bfc5dbccffd07979e8bd2c9ba494221779de86ec2c7907b71ec?s=96&d=mm&r=g","contentUrl":"https:\/\/secure.gravatar.com\/avatar\/a1d148ae17fc8bfc5dbccffd07979e8bd2c9ba494221779de86ec2c7907b71ec?s=96&d=mm&r=g","caption":"Marco Menezes"}}]}},"_links":{"self":[{"href":"https:\/\/www.gaveanews.com\/index.php\/wp-json\/wp\/v2\/posts\/215690","targetHints":{"allow":["GET"]}}],"collection":[{"href":"https:\/\/www.gaveanews.com\/index.php\/wp-json\/wp\/v2\/posts"}],"about":[{"href":"https:\/\/www.gaveanews.com\/index.php\/wp-json\/wp\/v2\/types\/post"}],"author":[{"embeddable":true,"href":"https:\/\/www.gaveanews.com\/index.php\/wp-json\/wp\/v2\/users\/29"}],"replies":[{"embeddable":true,"href":"https:\/\/www.gaveanews.com\/index.php\/wp-json\/wp\/v2\/comments?post=215690"}],"version-history":[{"count":1,"href":"https:\/\/www.gaveanews.com\/index.php\/wp-json\/wp\/v2\/posts\/215690\/revisions"}],"predecessor-version":[{"id":215692,"href":"https:\/\/www.gaveanews.com\/index.php\/wp-json\/wp\/v2\/posts\/215690\/revisions\/215692"}],"wp:featuredmedia":[{"embeddable":true,"href":"https:\/\/www.gaveanews.com\/index.php\/wp-json\/wp\/v2\/media\/207524"}],"wp:attachment":[{"href":"https:\/\/www.gaveanews.com\/index.php\/wp-json\/wp\/v2\/media?parent=215690"}],"wp:term":[{"taxonomy":"category","embeddable":true,"href":"https:\/\/www.gaveanews.com\/index.php\/wp-json\/wp\/v2\/categories?post=215690"},{"taxonomy":"post_tag","embeddable":true,"href":"https:\/\/www.gaveanews.com\/index.php\/wp-json\/wp\/v2\/tags?post=215690"}],"curies":[{"name":"wp","href":"https:\/\/api.w.org\/{rel}","templated":true}]}}