{"id":215808,"date":"2025-01-21T18:40:00","date_gmt":"2025-01-21T21:40:00","guid":{"rendered":"https:\/\/www.gaveanews.com\/?p=215808"},"modified":"2025-01-21T17:50:16","modified_gmt":"2025-01-21T20:50:16","slug":"a-declaracao-de-david-luiz-direcionada-a-torcida-do-fortaleza","status":"publish","type":"post","link":"https:\/\/www.gaveanews.com\/index.php\/2025\/01\/21\/a-declaracao-de-david-luiz-direcionada-a-torcida-do-fortaleza\/","title":{"rendered":"A declara\u00e7\u00e3o de David Luiz direcionada \u00e0 torcida do Fortaleza"},"content":{"rendered":"\n<p>O experiente David Luiz chegou ao Fortaleza com a ambi\u00e7\u00e3o de um menino que ainda vislumbra o sucesso profissional. Oficializado como zagueiro do Le\u00e3o do Pici at\u00e9 dezembro de 2026, o defensor j\u00e1 deixou suas primeiras impress\u00f5es e motiva\u00e7\u00f5es como mais um tricolor em solo nacional.<\/p>\n\n\n\n<ul class=\"wp-block-list\">\n<li><a href=\"https:\/\/www.gaveanews.com\/index.php\/2025\/01\/19\/david-luiz-aceitou-reducao-salarial-brusca-para-assinar-com-o-fortaleza\/\">David Luiz aceitou redu\u00e7\u00e3o salarial brusca para assinar com o Fortaleza<\/a><\/li>\n\n\n\n<li><a href=\"https:\/\/www.gaveanews.com\/index.php\/2025\/01\/21\/gremio-busca-contratacao-de-jogador-do-fortaleza\/\">Gr\u00eamio busca contrata\u00e7\u00e3o de jogador do Fortaleza<\/a><\/li>\n<\/ul>\n\n\n\n<p>&#8220;\u00c9 uma etapa da minha carreira onde eu vou com a mesma fome de um menino. Poderia pensar como muitos outros pensam, na minha idade querer uma coisa muito mais estabilizada, pensando somente na minha fam\u00edlia e no meu bem-estar, sem muito comprometimento e responsabilidade&#8221;, iniciou.<\/p>\n\n\n\n<p>&#8220;Eu n\u00e3o quero isso, quero estar com a mesma ambi\u00e7\u00e3o de quando eu n\u00e3o tinha conquistado nenhum t\u00edtulo na minha carreira, lutar bastante, poder fazer hist\u00f3ria em um time que j\u00e1 vem se estabilizando e vem construindo isso. Eu n\u00e3o vou entrar em um clube onde n\u00e3o tem constru\u00e7\u00e3o, mas sim em um clube que j\u00e1 est\u00e1 estabilizado e pronto para ganhar t\u00edtulos&#8221;, declarou o zagueiro.<\/p>\n\n\n\n<h2 class=\"wp-block-heading\" id=\"h-como-chega-david-luiz\">Como chega David Luiz?<\/h2>\n\n\n\n<p>\u00c9 bem verdade a trajet\u00f3ria de David Luiz no futebol fala por si s\u00f3 e dispensa apresenta\u00e7\u00e3o, mas o tricolor tem interesse pela hist\u00f3ria do Fortaleza e pelo que o zagueiro pode construir a partir de agora. O que esperar de um defensor de 37 anos j\u00e1 t\u00e3o vitorioso na carreira? Ele responde.<\/p>\n\n\n\n<p>&#8220;O que o torcedor pode esperar do David Luiz \u00e9 um David ambicioso, guerreiro e valente, que vai lutar de todas as formas para poder ajudar o Fortaleza a brilhar antes de qualquer coisa. (\u2026) S\u00f3 vou estar tentando de alguma forma potencializar aquilo que j\u00e1 tem e que possamos viver o melhor do futebol, do esporte, vibrar todo mundo, escrever uma hist\u00f3ria juntos e com muito profissionalismo. Dentro do campo, \u00e9 aquela hist\u00f3ria de ser determinado para vencer e, por isso, a minha escolha pelo Fortaleza&#8221;, prometeu.<\/p>\n\n\n\n<figure class=\"wp-block-embed is-type-rich is-provider-twitter wp-block-embed-twitter\"><div class=\"wp-block-embed__wrapper\">\n<blockquote class=\"twitter-tweet\" data-width=\"550\" data-dnt=\"true\"><p lang=\"pt\" dir=\"ltr\">ACOMPANHE AGORA! \ud83e\udd81<br><br>Veja com exclusividade a primeira entrevista de David Luiz como jogador do Fortaleza.<br><br>Conte\u00fado exclusivo da TV Le\u00e3o! <a href=\"https:\/\/t.co\/DjcGxoMMWy\">https:\/\/t.co\/DjcGxoMMWy<\/a><a href=\"https:\/\/twitter.com\/hashtag\/FortalezaEC?src=hash&amp;ref_src=twsrc%5Etfw\">#FortalezaEC<\/a> <a href=\"https:\/\/t.co\/P4W1kRa97N\">pic.twitter.com\/P4W1kRa97N<\/a><\/p>&mdash; Fortaleza Esporte Clube \ud83e\udd81 (@FortalezaEC) <a href=\"https:\/\/twitter.com\/FortalezaEC\/status\/1881485135515877660?ref_src=twsrc%5Etfw\">January 20, 2025<\/a><\/blockquote><script async src=\"https:\/\/platform.twitter.com\/widgets.js\" charset=\"utf-8\"><\/script>\n<\/div><\/figure>\n\n\n\n<p>David Luiz chega de uma temporada como reserva do Flamengo, com 36 jogos e tr\u00eas gols no total. O zagueiro esteve em campo por 2.513 minutos entre quatro competi\u00e7\u00f5es distintas: Brasileir\u00e3o, Carioca, Copa do Brasil e Libertadores da Am\u00e9rica.<\/p>\n\n\n\n<p>O zagueiro se transfere ao Fortaleza ap\u00f3s 132 partidas pelo Flamengo entre setembro de 2021 e dezembro de 2024. Foram quatro gols com o Manto Sagrado, duas assist\u00eancias e quatro t\u00edtulos. David Luiz s\u00f3 n\u00e3o levantou o trof\u00e9u do Brasileir\u00e3o no Rubro-Negro, mas sagrou-se campe\u00e3o da Copa do Brasil (2022 e 2024), da Libertadores (2022) e do Carioca (2024).<\/p>\n\n\n\n<h2 class=\"wp-block-heading\" id=\"h-acordo-com-o-fortaleza\">Acordo com o Fortaleza<\/h2>\n\n\n\n<p>Fortaleza e David Luiz chegaram a um acordo por dois anos, at\u00e9 o fim de 2026, com possibilidade de renova\u00e7\u00e3o por mais um ano. A extens\u00e3o contratual ser\u00e1 debatida pr\u00f3ximo ao fim do v\u00ednculo atual.<\/p>\n\n\n\n<figure class=\"wp-block-embed is-type-rich is-provider-twitter wp-block-embed-twitter\"><div class=\"wp-block-embed__wrapper\">\n<blockquote class=\"twitter-tweet\" data-width=\"550\" data-dnt=\"true\"><p lang=\"pt\" dir=\"ltr\">David Luiz est\u00e1 <a href=\"https:\/\/twitter.com\/hashtag\/FechadoComOLe%C3%A3o?src=hash&amp;ref_src=twsrc%5Etfw\">#FechadoComOLe\u00e3o<\/a>  at\u00e9 2026! \ud83e\udd81\u2705<br><br>O Fortaleza Esporte Clube comunica a contrata\u00e7\u00e3o de David Luiz at\u00e9 31 de dezembro de 2026, com op\u00e7\u00e3o de renova\u00e7\u00e3o por mais um ano. O zagueiro multicampe\u00e3o chega ao Tricolor de A\u00e7o sem custos.<br><br>Vitorioso na Europa e Campe\u00e3o com a\u2026 <a href=\"https:\/\/t.co\/hO0OLrpcCB\">pic.twitter.com\/hO0OLrpcCB<\/a><\/p>&mdash; Fortaleza Esporte Clube \ud83e\udd81 (@FortalezaEC) <a href=\"https:\/\/twitter.com\/FortalezaEC\/status\/1881454576768852279?ref_src=twsrc%5Etfw\">January 20, 2025<\/a><\/blockquote><script async src=\"https:\/\/platform.twitter.com\/widgets.js\" charset=\"utf-8\"><\/script>\n<\/div><\/figure>\n","protected":false},"excerpt":{"rendered":"<p>O experiente David Luiz chegou ao Fortaleza com a ambi\u00e7\u00e3o de um menino que ainda vislumbra o sucesso profissional. Oficializado como zagueiro do Le\u00e3o do Pici at\u00e9 dezembro de 2026, o defensor j\u00e1 deixou suas primeiras impress\u00f5es e motiva\u00e7\u00f5es como mais um tricolor em solo nacional. &#8220;\u00c9 uma etapa da minha carreira onde eu vou [&hellip;]<\/p>\n","protected":false},"author":30,"featured_media":151087,"comment_status":"open","ping_status":"closed","sticky":false,"template":"","format":"standard","meta":{"footnotes":""},"categories":[146],"tags":[],"class_list":["post-215808","post","type-post","status-publish","format-standard","has-post-thumbnail","hentry","category-fortaleza"],"yoast_head":"<!-- This site is optimized with the Yoast SEO Premium plugin v24.2 (Yoast SEO v26.9) - https:\/\/yoast.com\/product\/yoast-seo-premium-wordpress\/ -->\n<title>A declara\u00e7\u00e3o de David Luiz direcionada \u00e0 torcida do Fortaleza<\/title>\n<meta name=\"robots\" content=\"index, follow, max-snippet:-1, max-image-preview:large, max-video-preview:-1\" \/>\n<link rel=\"canonical\" href=\"https:\/\/www.gaveanews.com\/index.php\/2025\/01\/21\/a-declaracao-de-david-luiz-direcionada-a-torcida-do-fortaleza\/\" \/>\n<meta property=\"og:locale\" content=\"pt_BR\" \/>\n<meta property=\"og:type\" content=\"article\" \/>\n<meta property=\"og:title\" content=\"A declara\u00e7\u00e3o de David Luiz direcionada \u00e0 torcida do Fortaleza\" \/>\n<meta property=\"og:description\" content=\"O experiente David Luiz chegou ao Fortaleza com a ambi\u00e7\u00e3o de um menino que ainda vislumbra o sucesso profissional. Oficializado como zagueiro do Le\u00e3o do Pici at\u00e9 dezembro de 2026, o defensor j\u00e1 deixou suas primeiras impress\u00f5es e motiva\u00e7\u00f5es como mais um tricolor em solo nacional. &#8220;\u00c9 uma etapa da minha carreira onde eu vou [&hellip;]\" \/>\n<meta property=\"og:url\" content=\"https:\/\/www.gaveanews.com\/index.php\/2025\/01\/21\/a-declaracao-de-david-luiz-direcionada-a-torcida-do-fortaleza\/\" \/>\n<meta property=\"og:site_name\" content=\"G\u00e1vea News\" \/>\n<meta property=\"article:publisher\" content=\"https:\/\/facebook.com\/gaveaNews\/\" \/>\n<meta property=\"article:published_time\" content=\"2025-01-21T21:40:00+00:00\" \/>\n<meta property=\"og:image\" content=\"https:\/\/www.gaveanews.com\/wp-content\/uploads\/David-Luiz-durante-entrevista-ao-The-Player-Tribune.webp\" \/>\n\t<meta property=\"og:image:width\" content=\"1086\" \/>\n\t<meta property=\"og:image:height\" content=\"579\" \/>\n\t<meta property=\"og:image:type\" content=\"image\/jpeg\" \/>\n<meta name=\"author\" content=\"Ana Teixeira\" \/>\n<meta name=\"twitter:card\" content=\"summary_large_image\" \/>\n<meta name=\"twitter:label1\" content=\"Escrito por\" \/>\n\t<meta name=\"twitter:data1\" content=\"Ana Teixeira\" \/>\n\t<meta name=\"twitter:label2\" content=\"Est. tempo de leitura\" \/>\n\t<meta name=\"twitter:data2\" content=\"3 minutos\" \/>\n<script type=\"application\/ld+json\" class=\"yoast-schema-graph\">{\"@context\":\"https:\/\/schema.org\",\"@graph\":[{\"@type\":\"NewsArticle\",\"@id\":\"https:\/\/www.gaveanews.com\/index.php\/2025\/01\/21\/a-declaracao-de-david-luiz-direcionada-a-torcida-do-fortaleza\/#article\",\"isPartOf\":{\"@id\":\"https:\/\/www.gaveanews.com\/index.php\/2025\/01\/21\/a-declaracao-de-david-luiz-direcionada-a-torcida-do-fortaleza\/\"},\"author\":{\"name\":\"Ana Teixeira\",\"@id\":\"https:\/\/www.gaveanews.com\/#\/schema\/person\/3b19f7288b0ce20372991275e4f2e6c2\"},\"headline\":\"A declara\u00e7\u00e3o de David Luiz direcionada \u00e0 torcida do Fortaleza\",\"datePublished\":\"2025-01-21T21:40:00+00:00\",\"mainEntityOfPage\":{\"@id\":\"https:\/\/www.gaveanews.com\/index.php\/2025\/01\/21\/a-declaracao-de-david-luiz-direcionada-a-torcida-do-fortaleza\/\"},\"wordCount\":499,\"commentCount\":0,\"image\":{\"@id\":\"https:\/\/www.gaveanews.com\/index.php\/2025\/01\/21\/a-declaracao-de-david-luiz-direcionada-a-torcida-do-fortaleza\/#primaryimage\"},\"thumbnailUrl\":\"https:\/\/www.gaveanews.com\/wp-content\/uploads\/David-Luiz-durante-entrevista-ao-The-Player-Tribune.webp\",\"articleSection\":[\"Fortaleza\"],\"inLanguage\":\"pt-BR\",\"potentialAction\":[{\"@type\":\"CommentAction\",\"name\":\"Comment\",\"target\":[\"https:\/\/www.gaveanews.com\/index.php\/2025\/01\/21\/a-declaracao-de-david-luiz-direcionada-a-torcida-do-fortaleza\/#respond\"]}],\"copyrightYear\":\"2025\",\"copyrightHolder\":{\"@id\":\"https:\/\/www.gaveanews.com\/#organization\"}},{\"@type\":\"WebPage\",\"@id\":\"https:\/\/www.gaveanews.com\/index.php\/2025\/01\/21\/a-declaracao-de-david-luiz-direcionada-a-torcida-do-fortaleza\/\",\"url\":\"https:\/\/www.gaveanews.com\/index.php\/2025\/01\/21\/a-declaracao-de-david-luiz-direcionada-a-torcida-do-fortaleza\/\",\"name\":\"A declara\u00e7\u00e3o de David Luiz direcionada \u00e0 torcida do Fortaleza\",\"isPartOf\":{\"@id\":\"https:\/\/www.gaveanews.com\/#website\"},\"primaryImageOfPage\":{\"@id\":\"https:\/\/www.gaveanews.com\/index.php\/2025\/01\/21\/a-declaracao-de-david-luiz-direcionada-a-torcida-do-fortaleza\/#primaryimage\"},\"image\":{\"@id\":\"https:\/\/www.gaveanews.com\/index.php\/2025\/01\/21\/a-declaracao-de-david-luiz-direcionada-a-torcida-do-fortaleza\/#primaryimage\"},\"thumbnailUrl\":\"https:\/\/www.gaveanews.com\/wp-content\/uploads\/David-Luiz-durante-entrevista-ao-The-Player-Tribune.webp\",\"datePublished\":\"2025-01-21T21:40:00+00:00\",\"author\":{\"@id\":\"https:\/\/www.gaveanews.com\/#\/schema\/person\/3b19f7288b0ce20372991275e4f2e6c2\"},\"breadcrumb\":{\"@id\":\"https:\/\/www.gaveanews.com\/index.php\/2025\/01\/21\/a-declaracao-de-david-luiz-direcionada-a-torcida-do-fortaleza\/#breadcrumb\"},\"inLanguage\":\"pt-BR\",\"potentialAction\":[{\"@type\":\"ReadAction\",\"target\":[\"https:\/\/www.gaveanews.com\/index.php\/2025\/01\/21\/a-declaracao-de-david-luiz-direcionada-a-torcida-do-fortaleza\/\"]}]},{\"@type\":\"ImageObject\",\"inLanguage\":\"pt-BR\",\"@id\":\"https:\/\/www.gaveanews.com\/index.php\/2025\/01\/21\/a-declaracao-de-david-luiz-direcionada-a-torcida-do-fortaleza\/#primaryimage\",\"url\":\"https:\/\/www.gaveanews.com\/wp-content\/uploads\/David-Luiz-durante-entrevista-ao-The-Player-Tribune.webp\",\"contentUrl\":\"https:\/\/www.gaveanews.com\/wp-content\/uploads\/David-Luiz-durante-entrevista-ao-The-Player-Tribune.webp\",\"width\":1086,\"height\":579,\"caption\":\"David Luiz durante entrevista ao The Players Tribune (Foto: Reprodu\u00e7\u00e3o)\"},{\"@type\":\"BreadcrumbList\",\"@id\":\"https:\/\/www.gaveanews.com\/index.php\/2025\/01\/21\/a-declaracao-de-david-luiz-direcionada-a-torcida-do-fortaleza\/#breadcrumb\",\"itemListElement\":[{\"@type\":\"ListItem\",\"position\":1,\"name\":\"Home\",\"item\":\"https:\/\/www.gaveanews.com\/\"},{\"@type\":\"ListItem\",\"position\":2,\"name\":\"A declara\u00e7\u00e3o de David Luiz direcionada \u00e0 torcida do Fortaleza\"}]},{\"@type\":\"WebSite\",\"@id\":\"https:\/\/www.gaveanews.com\/#website\",\"url\":\"https:\/\/www.gaveanews.com\/\",\"name\":\"G\u00e1vea News\",\"description\":\"Veja todas as not\u00edcias sobre o Flamengo: Contrata\u00e7\u00f5es, categorias de base, resultados das partidas, tabela de classifica\u00e7\u00e3o, pr\u00f3ximos jogos!\",\"potentialAction\":[{\"@type\":\"SearchAction\",\"target\":{\"@type\":\"EntryPoint\",\"urlTemplate\":\"https:\/\/www.gaveanews.com\/?s={search_term_string}\"},\"query-input\":{\"@type\":\"PropertyValueSpecification\",\"valueRequired\":true,\"valueName\":\"search_term_string\"}}],\"inLanguage\":\"pt-BR\"},{\"@type\":\"Person\",\"@id\":\"https:\/\/www.gaveanews.com\/#\/schema\/person\/3b19f7288b0ce20372991275e4f2e6c2\",\"name\":\"Ana Teixeira\",\"image\":{\"@type\":\"ImageObject\",\"inLanguage\":\"pt-BR\",\"@id\":\"https:\/\/www.gaveanews.com\/#\/schema\/person\/image\/\",\"url\":\"https:\/\/secure.gravatar.com\/avatar\/0a73f5a5258f3fed37fc2fa641892f3f7a4748456d4d4792f9bc550e6c19e06c?s=96&d=mm&r=g\",\"contentUrl\":\"https:\/\/secure.gravatar.com\/avatar\/0a73f5a5258f3fed37fc2fa641892f3f7a4748456d4d4792f9bc550e6c19e06c?s=96&d=mm&r=g\",\"caption\":\"Ana Teixeira\"}}]}<\/script>\n<!-- \/ Yoast SEO Premium plugin. -->","yoast_head_json":{"title":"A declara\u00e7\u00e3o de David Luiz direcionada \u00e0 torcida do Fortaleza","robots":{"index":"index","follow":"follow","max-snippet":"max-snippet:-1","max-image-preview":"max-image-preview:large","max-video-preview":"max-video-preview:-1"},"canonical":"https:\/\/www.gaveanews.com\/index.php\/2025\/01\/21\/a-declaracao-de-david-luiz-direcionada-a-torcida-do-fortaleza\/","og_locale":"pt_BR","og_type":"article","og_title":"A declara\u00e7\u00e3o de David Luiz direcionada \u00e0 torcida do Fortaleza","og_description":"O experiente David Luiz chegou ao Fortaleza com a ambi\u00e7\u00e3o de um menino que ainda vislumbra o sucesso profissional. Oficializado como zagueiro do Le\u00e3o do Pici at\u00e9 dezembro de 2026, o defensor j\u00e1 deixou suas primeiras impress\u00f5es e motiva\u00e7\u00f5es como mais um tricolor em solo nacional. &#8220;\u00c9 uma etapa da minha carreira onde eu vou [&hellip;]","og_url":"https:\/\/www.gaveanews.com\/index.php\/2025\/01\/21\/a-declaracao-de-david-luiz-direcionada-a-torcida-do-fortaleza\/","og_site_name":"G\u00e1vea News","article_publisher":"https:\/\/facebook.com\/gaveaNews\/","article_published_time":"2025-01-21T21:40:00+00:00","og_image":[{"width":1086,"height":579,"url":"https:\/\/www.gaveanews.com\/wp-content\/uploads\/David-Luiz-durante-entrevista-ao-The-Player-Tribune.webp","type":"image\/jpeg"}],"author":"Ana Teixeira","twitter_card":"summary_large_image","twitter_misc":{"Escrito por":"Ana Teixeira","Est. tempo de leitura":"3 minutos"},"schema":{"@context":"https:\/\/schema.org","@graph":[{"@type":"NewsArticle","@id":"https:\/\/www.gaveanews.com\/index.php\/2025\/01\/21\/a-declaracao-de-david-luiz-direcionada-a-torcida-do-fortaleza\/#article","isPartOf":{"@id":"https:\/\/www.gaveanews.com\/index.php\/2025\/01\/21\/a-declaracao-de-david-luiz-direcionada-a-torcida-do-fortaleza\/"},"author":{"name":"Ana Teixeira","@id":"https:\/\/www.gaveanews.com\/#\/schema\/person\/3b19f7288b0ce20372991275e4f2e6c2"},"headline":"A declara\u00e7\u00e3o de David Luiz direcionada \u00e0 torcida do Fortaleza","datePublished":"2025-01-21T21:40:00+00:00","mainEntityOfPage":{"@id":"https:\/\/www.gaveanews.com\/index.php\/2025\/01\/21\/a-declaracao-de-david-luiz-direcionada-a-torcida-do-fortaleza\/"},"wordCount":499,"commentCount":0,"image":{"@id":"https:\/\/www.gaveanews.com\/index.php\/2025\/01\/21\/a-declaracao-de-david-luiz-direcionada-a-torcida-do-fortaleza\/#primaryimage"},"thumbnailUrl":"https:\/\/www.gaveanews.com\/wp-content\/uploads\/David-Luiz-durante-entrevista-ao-The-Player-Tribune.webp","articleSection":["Fortaleza"],"inLanguage":"pt-BR","potentialAction":[{"@type":"CommentAction","name":"Comment","target":["https:\/\/www.gaveanews.com\/index.php\/2025\/01\/21\/a-declaracao-de-david-luiz-direcionada-a-torcida-do-fortaleza\/#respond"]}],"copyrightYear":"2025","copyrightHolder":{"@id":"https:\/\/www.gaveanews.com\/#organization"}},{"@type":"WebPage","@id":"https:\/\/www.gaveanews.com\/index.php\/2025\/01\/21\/a-declaracao-de-david-luiz-direcionada-a-torcida-do-fortaleza\/","url":"https:\/\/www.gaveanews.com\/index.php\/2025\/01\/21\/a-declaracao-de-david-luiz-direcionada-a-torcida-do-fortaleza\/","name":"A declara\u00e7\u00e3o de David Luiz direcionada \u00e0 torcida do Fortaleza","isPartOf":{"@id":"https:\/\/www.gaveanews.com\/#website"},"primaryImageOfPage":{"@id":"https:\/\/www.gaveanews.com\/index.php\/2025\/01\/21\/a-declaracao-de-david-luiz-direcionada-a-torcida-do-fortaleza\/#primaryimage"},"image":{"@id":"https:\/\/www.gaveanews.com\/index.php\/2025\/01\/21\/a-declaracao-de-david-luiz-direcionada-a-torcida-do-fortaleza\/#primaryimage"},"thumbnailUrl":"https:\/\/www.gaveanews.com\/wp-content\/uploads\/David-Luiz-durante-entrevista-ao-The-Player-Tribune.webp","datePublished":"2025-01-21T21:40:00+00:00","author":{"@id":"https:\/\/www.gaveanews.com\/#\/schema\/person\/3b19f7288b0ce20372991275e4f2e6c2"},"breadcrumb":{"@id":"https:\/\/www.gaveanews.com\/index.php\/2025\/01\/21\/a-declaracao-de-david-luiz-direcionada-a-torcida-do-fortaleza\/#breadcrumb"},"inLanguage":"pt-BR","potentialAction":[{"@type":"ReadAction","target":["https:\/\/www.gaveanews.com\/index.php\/2025\/01\/21\/a-declaracao-de-david-luiz-direcionada-a-torcida-do-fortaleza\/"]}]},{"@type":"ImageObject","inLanguage":"pt-BR","@id":"https:\/\/www.gaveanews.com\/index.php\/2025\/01\/21\/a-declaracao-de-david-luiz-direcionada-a-torcida-do-fortaleza\/#primaryimage","url":"https:\/\/www.gaveanews.com\/wp-content\/uploads\/David-Luiz-durante-entrevista-ao-The-Player-Tribune.webp","contentUrl":"https:\/\/www.gaveanews.com\/wp-content\/uploads\/David-Luiz-durante-entrevista-ao-The-Player-Tribune.webp","width":1086,"height":579,"caption":"David Luiz durante entrevista ao The Players Tribune (Foto: Reprodu\u00e7\u00e3o)"},{"@type":"BreadcrumbList","@id":"https:\/\/www.gaveanews.com\/index.php\/2025\/01\/21\/a-declaracao-de-david-luiz-direcionada-a-torcida-do-fortaleza\/#breadcrumb","itemListElement":[{"@type":"ListItem","position":1,"name":"Home","item":"https:\/\/www.gaveanews.com\/"},{"@type":"ListItem","position":2,"name":"A declara\u00e7\u00e3o de David Luiz direcionada \u00e0 torcida do Fortaleza"}]},{"@type":"WebSite","@id":"https:\/\/www.gaveanews.com\/#website","url":"https:\/\/www.gaveanews.com\/","name":"G\u00e1vea News","description":"Veja todas as not\u00edcias sobre o Flamengo: Contrata\u00e7\u00f5es, categorias de base, resultados das partidas, tabela de classifica\u00e7\u00e3o, pr\u00f3ximos jogos!","potentialAction":[{"@type":"SearchAction","target":{"@type":"EntryPoint","urlTemplate":"https:\/\/www.gaveanews.com\/?s={search_term_string}"},"query-input":{"@type":"PropertyValueSpecification","valueRequired":true,"valueName":"search_term_string"}}],"inLanguage":"pt-BR"},{"@type":"Person","@id":"https:\/\/www.gaveanews.com\/#\/schema\/person\/3b19f7288b0ce20372991275e4f2e6c2","name":"Ana Teixeira","image":{"@type":"ImageObject","inLanguage":"pt-BR","@id":"https:\/\/www.gaveanews.com\/#\/schema\/person\/image\/","url":"https:\/\/secure.gravatar.com\/avatar\/0a73f5a5258f3fed37fc2fa641892f3f7a4748456d4d4792f9bc550e6c19e06c?s=96&d=mm&r=g","contentUrl":"https:\/\/secure.gravatar.com\/avatar\/0a73f5a5258f3fed37fc2fa641892f3f7a4748456d4d4792f9bc550e6c19e06c?s=96&d=mm&r=g","caption":"Ana Teixeira"}}]}},"_links":{"self":[{"href":"https:\/\/www.gaveanews.com\/index.php\/wp-json\/wp\/v2\/posts\/215808","targetHints":{"allow":["GET"]}}],"collection":[{"href":"https:\/\/www.gaveanews.com\/index.php\/wp-json\/wp\/v2\/posts"}],"about":[{"href":"https:\/\/www.gaveanews.com\/index.php\/wp-json\/wp\/v2\/types\/post"}],"author":[{"embeddable":true,"href":"https:\/\/www.gaveanews.com\/index.php\/wp-json\/wp\/v2\/users\/30"}],"replies":[{"embeddable":true,"href":"https:\/\/www.gaveanews.com\/index.php\/wp-json\/wp\/v2\/comments?post=215808"}],"version-history":[{"count":1,"href":"https:\/\/www.gaveanews.com\/index.php\/wp-json\/wp\/v2\/posts\/215808\/revisions"}],"predecessor-version":[{"id":215810,"href":"https:\/\/www.gaveanews.com\/index.php\/wp-json\/wp\/v2\/posts\/215808\/revisions\/215810"}],"wp:featuredmedia":[{"embeddable":true,"href":"https:\/\/www.gaveanews.com\/index.php\/wp-json\/wp\/v2\/media\/151087"}],"wp:attachment":[{"href":"https:\/\/www.gaveanews.com\/index.php\/wp-json\/wp\/v2\/media?parent=215808"}],"wp:term":[{"taxonomy":"category","embeddable":true,"href":"https:\/\/www.gaveanews.com\/index.php\/wp-json\/wp\/v2\/categories?post=215808"},{"taxonomy":"post_tag","embeddable":true,"href":"https:\/\/www.gaveanews.com\/index.php\/wp-json\/wp\/v2\/tags?post=215808"}],"curies":[{"name":"wp","href":"https:\/\/api.w.org\/{rel}","templated":true}]}}