{"id":215891,"date":"2025-01-21T21:15:00","date_gmt":"2025-01-22T00:15:00","guid":{"rendered":"https:\/\/www.gaveanews.com\/?p=215891"},"modified":"2025-01-21T18:31:05","modified_gmt":"2025-01-21T21:31:05","slug":"video-a-declaracao-de-mbappe-do-real-madrid-direcionada-a-neymar","status":"publish","type":"post","link":"https:\/\/www.gaveanews.com\/index.php\/2025\/01\/21\/video-a-declaracao-de-mbappe-do-real-madrid-direcionada-a-neymar\/","title":{"rendered":"V\u00eddeo: a declara\u00e7\u00e3o de Mbapp\u00e9, do Real Madrid, direcionada a Neymar"},"content":{"rendered":"\n<h2 class=\"wp-block-heading\" id=\"h-tenho-muito-respeito-pelo-neymar-falou-o-atacante-frances\">&#8220;Tenho muito respeito pelo Neymar&#8221;, falou o atacante franc\u00eas <\/h2>\n\n\n\n<p>Ap\u00f3s algumas declara\u00e7\u00f5es de Neymar, o franc\u00eas Kylian Mbapp\u00e9 foi questionado sobre o assunto, mas optou por n\u00e3o ir afundo na pol\u00eamica. O atacante do Real Madrid disse &#8220;ter muito respeito por Neymar&#8221; e que &#8220;prefere lembrar do positivo dele&#8221;. <\/p>\n\n\n\n<ul class=\"wp-block-list\">\n<li><a href=\"https:\/\/www.gaveanews.com\/index.php\/2025\/01\/20\/real-madrid-tem-nome-favorito-para-substituir-carlo-ancelotti\/\">Real Madrid tem nome favorito para substituir Carlo Ancelotti<\/a><\/li>\n\n\n\n<li><a href=\"https:\/\/www.gaveanews.com\/index.php\/2025\/01\/19\/galvao-bueno-manda-recado-para-neymar-jr\/\">Galv\u00e3o Bueno manda recado para Neymar Jr<\/a><\/li>\n<\/ul>\n\n\n\n<p>Recentemente, Neymar deu uma declara\u00e7\u00e3o sobre o fracasso do trio MNM, composto por Messi, Neymar e Mbapp\u00e9 no Paris Saint Germain. Na ocasi\u00e3o, o astro brasileiro disse que o que afetou foi o ego, j\u00e1 que a rela\u00e7\u00e3o do brasileiro com o argentino teria causado um certo ci\u00fames no franc\u00eas. <\/p>\n\n\n\n<p>&#8220;A verdade \u00e9 que n\u00e3o tenho nada a dizer. Estou muito concentrado no que fa\u00e7o aqui no Real Madrid. Tenho muito respeito por Neymar. Posso falar muitas vezes sobre ele, mas quero lembrar do positivo, de um jogador \u00fanico na hist\u00f3ria do futebol e de todos os momentos que passamos em Paris. Agora, estou em Madri, quero aproveitar. E sorte para Neymar, sua fam\u00edlia e amigos&#8221;, disse Mbapp\u00e9, em entrevista \u00e0 &#8220;TNT Sports&#8221;.<\/p>\n\n\n\n<blockquote class=\"twitter-tweet\"><p lang=\"pt\" dir=\"ltr\">Apenas respeito por um jogador \u00fanico na hist\u00f3ria do futebol! \ud83d\udc4f\ud83d\udd25 Essas foram as palavras de Mbapp\u00e9 sobre Neymar em papo exclusivo com nossa <a href=\"https:\/\/twitter.com\/tatimantovani?ref_src=twsrc%5Etfw\">@tatimantovani<\/a>! <a href=\"https:\/\/twitter.com\/hashtag\/CasaDaChampions?src=hash&amp;ref_src=twsrc%5Etfw\">#CasaDaChampions<\/a> <a href=\"https:\/\/t.co\/ELQbyQqyYM\">pic.twitter.com\/ELQbyQqyYM<\/a><\/p>&mdash; TNT Sports BR (@TNTSportsBR) <a href=\"https:\/\/twitter.com\/TNTSportsBR\/status\/1881715505071018265?ref_src=twsrc%5Etfw\">January 21, 2025<\/a><\/blockquote> <script async src=\"https:\/\/platform.twitter.com\/widgets.js\" charset=\"utf-8\"><\/script>\n\n\n\n<p>A pol\u00eamica aconteceu por conta de uma entrevista de Neymar para Rom\u00e1rio, que lan\u00e7ou seu canal na \u00faltima quinta-feira. O ex-jogador havia perguntado se Kylian Mbapp\u00e9 &#8220;era chato&#8221;, Neymar ent\u00e3o disse:<\/p>\n\n\n\n<p>&#8220;O Mbapp\u00e9 n\u00e3o \u00e9 chato. Tenho meus neg\u00f3cios com ele, a gente teve uma briguinha. Foi um menino que no come\u00e7o foi fundamental. Eu o chamava de Golden Boy. Eu brincava, ajudava, conversava. Ele ia na minha casa. A gente teve bons anos de parceria. S\u00f3 que depois, quando veio o Messi, acho que ele ficou um pouco enciumado, acho que n\u00e3o queria me dividir com ningu\u00e9m. A\u00ed come\u00e7aram as brigas, as mudan\u00e7as de comportamento&#8221;, iniciou. <\/p>\n\n\n\n<p>&#8220;Ego \u00e9 bom, s\u00f3 que voc\u00ea tem que saber que voc\u00ea n\u00e3o joga sozinho. Tem que ter o outro cara do lado. Ego era de quase todo mundo. N\u00e3o tem como dar certo. Se ningu\u00e9m correr e ningu\u00e9m se ajudar, \u00e9 imposs\u00edvel ganhar alguma coisa&#8221;, finalizou Neymar. <\/p>\n\n\n\n<p>Por seis temporadas (entre 2017 e 2023), Neymar e Mbapp\u00e9 dividiram os gramados e conquistaram diversos t\u00edtulos. Em 2021, Lionel Messi se juntou a equipe, mas por conta de toda pol\u00eamica com Kylian, o argentino e o brasileiro deixaram a equipe francesa em 2023. <\/p>\n","protected":false},"excerpt":{"rendered":"<p>&#8220;Tenho muito respeito pelo Neymar&#8221;, falou o atacante franc\u00eas Ap\u00f3s algumas declara\u00e7\u00f5es de Neymar, o franc\u00eas Kylian Mbapp\u00e9 foi questionado sobre o assunto, mas optou por n\u00e3o ir afundo na pol\u00eamica. O atacante do Real Madrid disse &#8220;ter muito respeito por Neymar&#8221; e que &#8220;prefere lembrar do positivo dele&#8221;. Recentemente, Neymar deu uma declara\u00e7\u00e3o sobre [&hellip;]<\/p>\n","protected":false},"author":21,"featured_media":158543,"comment_status":"open","ping_status":"closed","sticky":false,"template":"","format":"standard","meta":{"footnotes":""},"categories":[216,102,88],"tags":[],"class_list":["post-215891","post","type-post","status-publish","format-standard","has-post-thumbnail","hentry","category-al-hilal","category-psg","category-real-madrid"],"yoast_head":"<!-- This site is optimized with the Yoast SEO Premium plugin v24.2 (Yoast SEO v26.9) - https:\/\/yoast.com\/product\/yoast-seo-premium-wordpress\/ -->\n<title>V\u00eddeo: a declara\u00e7\u00e3o de Mbapp\u00e9, do Real Madrid, direcionada a Neymar<\/title>\n<meta name=\"robots\" content=\"index, follow, max-snippet:-1, max-image-preview:large, max-video-preview:-1\" \/>\n<link rel=\"canonical\" href=\"https:\/\/www.gaveanews.com\/index.php\/2025\/01\/21\/video-a-declaracao-de-mbappe-do-real-madrid-direcionada-a-neymar\/\" \/>\n<meta property=\"og:locale\" content=\"pt_BR\" \/>\n<meta property=\"og:type\" content=\"article\" \/>\n<meta property=\"og:title\" content=\"V\u00eddeo: a declara\u00e7\u00e3o de Mbapp\u00e9, do Real Madrid, direcionada a Neymar\" \/>\n<meta property=\"og:description\" content=\"&#8220;Tenho muito respeito pelo Neymar&#8221;, falou o atacante franc\u00eas Ap\u00f3s algumas declara\u00e7\u00f5es de Neymar, o franc\u00eas Kylian Mbapp\u00e9 foi questionado sobre o assunto, mas optou por n\u00e3o ir afundo na pol\u00eamica. O atacante do Real Madrid disse &#8220;ter muito respeito por Neymar&#8221; e que &#8220;prefere lembrar do positivo dele&#8221;. Recentemente, Neymar deu uma declara\u00e7\u00e3o sobre [&hellip;]\" \/>\n<meta property=\"og:url\" content=\"https:\/\/www.gaveanews.com\/index.php\/2025\/01\/21\/video-a-declaracao-de-mbappe-do-real-madrid-direcionada-a-neymar\/\" \/>\n<meta property=\"og:site_name\" content=\"G\u00e1vea News\" \/>\n<meta property=\"article:publisher\" content=\"https:\/\/facebook.com\/gaveaNews\/\" \/>\n<meta property=\"article:published_time\" content=\"2025-01-22T00:15:00+00:00\" \/>\n<meta property=\"og:image\" content=\"https:\/\/www.gaveanews.com\/wp-content\/uploads\/Kylian-Mbappe-com-a-camisa-do-Real-Madrid-em-2024.webp\" \/>\n\t<meta property=\"og:image:width\" content=\"1208\" \/>\n\t<meta property=\"og:image:height\" content=\"907\" \/>\n\t<meta property=\"og:image:type\" content=\"image\/webp\" \/>\n<meta name=\"author\" content=\"Andr\u00e9 Serra\" \/>\n<meta name=\"twitter:card\" content=\"summary_large_image\" \/>\n<meta name=\"twitter:label1\" content=\"Escrito por\" \/>\n\t<meta name=\"twitter:data1\" content=\"Andr\u00e9 Serra\" \/>\n\t<meta name=\"twitter:label2\" content=\"Est. tempo de leitura\" \/>\n\t<meta name=\"twitter:data2\" content=\"3 minutos\" \/>\n<script type=\"application\/ld+json\" class=\"yoast-schema-graph\">{\"@context\":\"https:\/\/schema.org\",\"@graph\":[{\"@type\":\"NewsArticle\",\"@id\":\"https:\/\/www.gaveanews.com\/index.php\/2025\/01\/21\/video-a-declaracao-de-mbappe-do-real-madrid-direcionada-a-neymar\/#article\",\"isPartOf\":{\"@id\":\"https:\/\/www.gaveanews.com\/index.php\/2025\/01\/21\/video-a-declaracao-de-mbappe-do-real-madrid-direcionada-a-neymar\/\"},\"author\":{\"name\":\"Andr\u00e9 Serra\",\"@id\":\"https:\/\/www.gaveanews.com\/#\/schema\/person\/0277a79a1289c451c281ec0411d84f0c\"},\"headline\":\"V\u00eddeo: a declara\u00e7\u00e3o de Mbapp\u00e9, do Real Madrid, direcionada a Neymar\",\"datePublished\":\"2025-01-22T00:15:00+00:00\",\"mainEntityOfPage\":{\"@id\":\"https:\/\/www.gaveanews.com\/index.php\/2025\/01\/21\/video-a-declaracao-de-mbappe-do-real-madrid-direcionada-a-neymar\/\"},\"wordCount\":460,\"commentCount\":0,\"image\":{\"@id\":\"https:\/\/www.gaveanews.com\/index.php\/2025\/01\/21\/video-a-declaracao-de-mbappe-do-real-madrid-direcionada-a-neymar\/#primaryimage\"},\"thumbnailUrl\":\"https:\/\/www.gaveanews.com\/wp-content\/uploads\/Kylian-Mbappe-com-a-camisa-do-Real-Madrid-em-2024.webp\",\"articleSection\":[\"Al-Hilal\",\"PSG\",\"Real Madrid\"],\"inLanguage\":\"pt-BR\",\"potentialAction\":[{\"@type\":\"CommentAction\",\"name\":\"Comment\",\"target\":[\"https:\/\/www.gaveanews.com\/index.php\/2025\/01\/21\/video-a-declaracao-de-mbappe-do-real-madrid-direcionada-a-neymar\/#respond\"]}],\"copyrightYear\":\"2025\",\"copyrightHolder\":{\"@id\":\"https:\/\/www.gaveanews.com\/#organization\"}},{\"@type\":\"WebPage\",\"@id\":\"https:\/\/www.gaveanews.com\/index.php\/2025\/01\/21\/video-a-declaracao-de-mbappe-do-real-madrid-direcionada-a-neymar\/\",\"url\":\"https:\/\/www.gaveanews.com\/index.php\/2025\/01\/21\/video-a-declaracao-de-mbappe-do-real-madrid-direcionada-a-neymar\/\",\"name\":\"V\u00eddeo: a declara\u00e7\u00e3o de Mbapp\u00e9, do Real Madrid, direcionada a Neymar\",\"isPartOf\":{\"@id\":\"https:\/\/www.gaveanews.com\/#website\"},\"primaryImageOfPage\":{\"@id\":\"https:\/\/www.gaveanews.com\/index.php\/2025\/01\/21\/video-a-declaracao-de-mbappe-do-real-madrid-direcionada-a-neymar\/#primaryimage\"},\"image\":{\"@id\":\"https:\/\/www.gaveanews.com\/index.php\/2025\/01\/21\/video-a-declaracao-de-mbappe-do-real-madrid-direcionada-a-neymar\/#primaryimage\"},\"thumbnailUrl\":\"https:\/\/www.gaveanews.com\/wp-content\/uploads\/Kylian-Mbappe-com-a-camisa-do-Real-Madrid-em-2024.webp\",\"datePublished\":\"2025-01-22T00:15:00+00:00\",\"author\":{\"@id\":\"https:\/\/www.gaveanews.com\/#\/schema\/person\/0277a79a1289c451c281ec0411d84f0c\"},\"breadcrumb\":{\"@id\":\"https:\/\/www.gaveanews.com\/index.php\/2025\/01\/21\/video-a-declaracao-de-mbappe-do-real-madrid-direcionada-a-neymar\/#breadcrumb\"},\"inLanguage\":\"pt-BR\",\"potentialAction\":[{\"@type\":\"ReadAction\",\"target\":[\"https:\/\/www.gaveanews.com\/index.php\/2025\/01\/21\/video-a-declaracao-de-mbappe-do-real-madrid-direcionada-a-neymar\/\"]}]},{\"@type\":\"ImageObject\",\"inLanguage\":\"pt-BR\",\"@id\":\"https:\/\/www.gaveanews.com\/index.php\/2025\/01\/21\/video-a-declaracao-de-mbappe-do-real-madrid-direcionada-a-neymar\/#primaryimage\",\"url\":\"https:\/\/www.gaveanews.com\/wp-content\/uploads\/Kylian-Mbappe-com-a-camisa-do-Real-Madrid-em-2024.webp\",\"contentUrl\":\"https:\/\/www.gaveanews.com\/wp-content\/uploads\/Kylian-Mbappe-com-a-camisa-do-Real-Madrid-em-2024.webp\",\"width\":1208,\"height\":907,\"caption\":\"Kylian Mbapp\u00e9 com a camisa do Real Madrid em 2024 (Foto: Reprodu\u00e7\u00e3o\/Real Madrid)\"},{\"@type\":\"BreadcrumbList\",\"@id\":\"https:\/\/www.gaveanews.com\/index.php\/2025\/01\/21\/video-a-declaracao-de-mbappe-do-real-madrid-direcionada-a-neymar\/#breadcrumb\",\"itemListElement\":[{\"@type\":\"ListItem\",\"position\":1,\"name\":\"Home\",\"item\":\"https:\/\/www.gaveanews.com\/\"},{\"@type\":\"ListItem\",\"position\":2,\"name\":\"V\u00eddeo: a declara\u00e7\u00e3o de Mbapp\u00e9, do Real Madrid, direcionada a Neymar\"}]},{\"@type\":\"WebSite\",\"@id\":\"https:\/\/www.gaveanews.com\/#website\",\"url\":\"https:\/\/www.gaveanews.com\/\",\"name\":\"G\u00e1vea News\",\"description\":\"Veja todas as not\u00edcias sobre o Flamengo: Contrata\u00e7\u00f5es, categorias de base, resultados das partidas, tabela de classifica\u00e7\u00e3o, pr\u00f3ximos jogos!\",\"potentialAction\":[{\"@type\":\"SearchAction\",\"target\":{\"@type\":\"EntryPoint\",\"urlTemplate\":\"https:\/\/www.gaveanews.com\/?s={search_term_string}\"},\"query-input\":{\"@type\":\"PropertyValueSpecification\",\"valueRequired\":true,\"valueName\":\"search_term_string\"}}],\"inLanguage\":\"pt-BR\"},{\"@type\":\"Person\",\"@id\":\"https:\/\/www.gaveanews.com\/#\/schema\/person\/0277a79a1289c451c281ec0411d84f0c\",\"name\":\"Andr\u00e9 Serra\",\"image\":{\"@type\":\"ImageObject\",\"inLanguage\":\"pt-BR\",\"@id\":\"https:\/\/www.gaveanews.com\/#\/schema\/person\/image\/\",\"url\":\"https:\/\/secure.gravatar.com\/avatar\/d7231369fe48db93292b3e88eb2162dbd9a34a47a8437d9ef3bcaca2a86a83d7?s=96&d=mm&r=g\",\"contentUrl\":\"https:\/\/secure.gravatar.com\/avatar\/d7231369fe48db93292b3e88eb2162dbd9a34a47a8437d9ef3bcaca2a86a83d7?s=96&d=mm&r=g\",\"caption\":\"Andr\u00e9 Serra\"}}]}<\/script>\n<!-- \/ Yoast SEO Premium plugin. -->","yoast_head_json":{"title":"V\u00eddeo: a declara\u00e7\u00e3o de Mbapp\u00e9, do Real Madrid, direcionada a Neymar","robots":{"index":"index","follow":"follow","max-snippet":"max-snippet:-1","max-image-preview":"max-image-preview:large","max-video-preview":"max-video-preview:-1"},"canonical":"https:\/\/www.gaveanews.com\/index.php\/2025\/01\/21\/video-a-declaracao-de-mbappe-do-real-madrid-direcionada-a-neymar\/","og_locale":"pt_BR","og_type":"article","og_title":"V\u00eddeo: a declara\u00e7\u00e3o de Mbapp\u00e9, do Real Madrid, direcionada a Neymar","og_description":"&#8220;Tenho muito respeito pelo Neymar&#8221;, falou o atacante franc\u00eas Ap\u00f3s algumas declara\u00e7\u00f5es de Neymar, o franc\u00eas Kylian Mbapp\u00e9 foi questionado sobre o assunto, mas optou por n\u00e3o ir afundo na pol\u00eamica. O atacante do Real Madrid disse &#8220;ter muito respeito por Neymar&#8221; e que &#8220;prefere lembrar do positivo dele&#8221;. Recentemente, Neymar deu uma declara\u00e7\u00e3o sobre [&hellip;]","og_url":"https:\/\/www.gaveanews.com\/index.php\/2025\/01\/21\/video-a-declaracao-de-mbappe-do-real-madrid-direcionada-a-neymar\/","og_site_name":"G\u00e1vea News","article_publisher":"https:\/\/facebook.com\/gaveaNews\/","article_published_time":"2025-01-22T00:15:00+00:00","og_image":[{"width":1208,"height":907,"url":"https:\/\/www.gaveanews.com\/wp-content\/uploads\/Kylian-Mbappe-com-a-camisa-do-Real-Madrid-em-2024.webp","type":"image\/webp"}],"author":"Andr\u00e9 Serra","twitter_card":"summary_large_image","twitter_misc":{"Escrito por":"Andr\u00e9 Serra","Est. tempo de leitura":"3 minutos"},"schema":{"@context":"https:\/\/schema.org","@graph":[{"@type":"NewsArticle","@id":"https:\/\/www.gaveanews.com\/index.php\/2025\/01\/21\/video-a-declaracao-de-mbappe-do-real-madrid-direcionada-a-neymar\/#article","isPartOf":{"@id":"https:\/\/www.gaveanews.com\/index.php\/2025\/01\/21\/video-a-declaracao-de-mbappe-do-real-madrid-direcionada-a-neymar\/"},"author":{"name":"Andr\u00e9 Serra","@id":"https:\/\/www.gaveanews.com\/#\/schema\/person\/0277a79a1289c451c281ec0411d84f0c"},"headline":"V\u00eddeo: a declara\u00e7\u00e3o de Mbapp\u00e9, do Real Madrid, direcionada a Neymar","datePublished":"2025-01-22T00:15:00+00:00","mainEntityOfPage":{"@id":"https:\/\/www.gaveanews.com\/index.php\/2025\/01\/21\/video-a-declaracao-de-mbappe-do-real-madrid-direcionada-a-neymar\/"},"wordCount":460,"commentCount":0,"image":{"@id":"https:\/\/www.gaveanews.com\/index.php\/2025\/01\/21\/video-a-declaracao-de-mbappe-do-real-madrid-direcionada-a-neymar\/#primaryimage"},"thumbnailUrl":"https:\/\/www.gaveanews.com\/wp-content\/uploads\/Kylian-Mbappe-com-a-camisa-do-Real-Madrid-em-2024.webp","articleSection":["Al-Hilal","PSG","Real Madrid"],"inLanguage":"pt-BR","potentialAction":[{"@type":"CommentAction","name":"Comment","target":["https:\/\/www.gaveanews.com\/index.php\/2025\/01\/21\/video-a-declaracao-de-mbappe-do-real-madrid-direcionada-a-neymar\/#respond"]}],"copyrightYear":"2025","copyrightHolder":{"@id":"https:\/\/www.gaveanews.com\/#organization"}},{"@type":"WebPage","@id":"https:\/\/www.gaveanews.com\/index.php\/2025\/01\/21\/video-a-declaracao-de-mbappe-do-real-madrid-direcionada-a-neymar\/","url":"https:\/\/www.gaveanews.com\/index.php\/2025\/01\/21\/video-a-declaracao-de-mbappe-do-real-madrid-direcionada-a-neymar\/","name":"V\u00eddeo: a declara\u00e7\u00e3o de Mbapp\u00e9, do Real Madrid, direcionada a Neymar","isPartOf":{"@id":"https:\/\/www.gaveanews.com\/#website"},"primaryImageOfPage":{"@id":"https:\/\/www.gaveanews.com\/index.php\/2025\/01\/21\/video-a-declaracao-de-mbappe-do-real-madrid-direcionada-a-neymar\/#primaryimage"},"image":{"@id":"https:\/\/www.gaveanews.com\/index.php\/2025\/01\/21\/video-a-declaracao-de-mbappe-do-real-madrid-direcionada-a-neymar\/#primaryimage"},"thumbnailUrl":"https:\/\/www.gaveanews.com\/wp-content\/uploads\/Kylian-Mbappe-com-a-camisa-do-Real-Madrid-em-2024.webp","datePublished":"2025-01-22T00:15:00+00:00","author":{"@id":"https:\/\/www.gaveanews.com\/#\/schema\/person\/0277a79a1289c451c281ec0411d84f0c"},"breadcrumb":{"@id":"https:\/\/www.gaveanews.com\/index.php\/2025\/01\/21\/video-a-declaracao-de-mbappe-do-real-madrid-direcionada-a-neymar\/#breadcrumb"},"inLanguage":"pt-BR","potentialAction":[{"@type":"ReadAction","target":["https:\/\/www.gaveanews.com\/index.php\/2025\/01\/21\/video-a-declaracao-de-mbappe-do-real-madrid-direcionada-a-neymar\/"]}]},{"@type":"ImageObject","inLanguage":"pt-BR","@id":"https:\/\/www.gaveanews.com\/index.php\/2025\/01\/21\/video-a-declaracao-de-mbappe-do-real-madrid-direcionada-a-neymar\/#primaryimage","url":"https:\/\/www.gaveanews.com\/wp-content\/uploads\/Kylian-Mbappe-com-a-camisa-do-Real-Madrid-em-2024.webp","contentUrl":"https:\/\/www.gaveanews.com\/wp-content\/uploads\/Kylian-Mbappe-com-a-camisa-do-Real-Madrid-em-2024.webp","width":1208,"height":907,"caption":"Kylian Mbapp\u00e9 com a camisa do Real Madrid em 2024 (Foto: Reprodu\u00e7\u00e3o\/Real Madrid)"},{"@type":"BreadcrumbList","@id":"https:\/\/www.gaveanews.com\/index.php\/2025\/01\/21\/video-a-declaracao-de-mbappe-do-real-madrid-direcionada-a-neymar\/#breadcrumb","itemListElement":[{"@type":"ListItem","position":1,"name":"Home","item":"https:\/\/www.gaveanews.com\/"},{"@type":"ListItem","position":2,"name":"V\u00eddeo: a declara\u00e7\u00e3o de Mbapp\u00e9, do Real Madrid, direcionada a Neymar"}]},{"@type":"WebSite","@id":"https:\/\/www.gaveanews.com\/#website","url":"https:\/\/www.gaveanews.com\/","name":"G\u00e1vea News","description":"Veja todas as not\u00edcias sobre o Flamengo: Contrata\u00e7\u00f5es, categorias de base, resultados das partidas, tabela de classifica\u00e7\u00e3o, pr\u00f3ximos jogos!","potentialAction":[{"@type":"SearchAction","target":{"@type":"EntryPoint","urlTemplate":"https:\/\/www.gaveanews.com\/?s={search_term_string}"},"query-input":{"@type":"PropertyValueSpecification","valueRequired":true,"valueName":"search_term_string"}}],"inLanguage":"pt-BR"},{"@type":"Person","@id":"https:\/\/www.gaveanews.com\/#\/schema\/person\/0277a79a1289c451c281ec0411d84f0c","name":"Andr\u00e9 Serra","image":{"@type":"ImageObject","inLanguage":"pt-BR","@id":"https:\/\/www.gaveanews.com\/#\/schema\/person\/image\/","url":"https:\/\/secure.gravatar.com\/avatar\/d7231369fe48db93292b3e88eb2162dbd9a34a47a8437d9ef3bcaca2a86a83d7?s=96&d=mm&r=g","contentUrl":"https:\/\/secure.gravatar.com\/avatar\/d7231369fe48db93292b3e88eb2162dbd9a34a47a8437d9ef3bcaca2a86a83d7?s=96&d=mm&r=g","caption":"Andr\u00e9 Serra"}}]}},"_links":{"self":[{"href":"https:\/\/www.gaveanews.com\/index.php\/wp-json\/wp\/v2\/posts\/215891","targetHints":{"allow":["GET"]}}],"collection":[{"href":"https:\/\/www.gaveanews.com\/index.php\/wp-json\/wp\/v2\/posts"}],"about":[{"href":"https:\/\/www.gaveanews.com\/index.php\/wp-json\/wp\/v2\/types\/post"}],"author":[{"embeddable":true,"href":"https:\/\/www.gaveanews.com\/index.php\/wp-json\/wp\/v2\/users\/21"}],"replies":[{"embeddable":true,"href":"https:\/\/www.gaveanews.com\/index.php\/wp-json\/wp\/v2\/comments?post=215891"}],"version-history":[{"count":1,"href":"https:\/\/www.gaveanews.com\/index.php\/wp-json\/wp\/v2\/posts\/215891\/revisions"}],"predecessor-version":[{"id":215908,"href":"https:\/\/www.gaveanews.com\/index.php\/wp-json\/wp\/v2\/posts\/215891\/revisions\/215908"}],"wp:featuredmedia":[{"embeddable":true,"href":"https:\/\/www.gaveanews.com\/index.php\/wp-json\/wp\/v2\/media\/158543"}],"wp:attachment":[{"href":"https:\/\/www.gaveanews.com\/index.php\/wp-json\/wp\/v2\/media?parent=215891"}],"wp:term":[{"taxonomy":"category","embeddable":true,"href":"https:\/\/www.gaveanews.com\/index.php\/wp-json\/wp\/v2\/categories?post=215891"},{"taxonomy":"post_tag","embeddable":true,"href":"https:\/\/www.gaveanews.com\/index.php\/wp-json\/wp\/v2\/tags?post=215891"}],"curies":[{"name":"wp","href":"https:\/\/api.w.org\/{rel}","templated":true}]}}