{"id":215894,"date":"2025-01-22T00:15:00","date_gmt":"2025-01-22T03:15:00","guid":{"rendered":"https:\/\/www.gaveanews.com\/?p=215894"},"modified":"2025-01-21T20:02:14","modified_gmt":"2025-01-21T23:02:14","slug":"roger-guedes-pode-retornar-ao-brasil-para-jogar-em-clube-da-serie-a","status":"publish","type":"post","link":"https:\/\/www.gaveanews.com\/index.php\/2025\/01\/22\/roger-guedes-pode-retornar-ao-brasil-para-jogar-em-clube-da-serie-a\/","title":{"rendered":"R\u00f3ger Guedes pode retornar ao brasil para jogar em clube da S\u00e9rie A"},"content":{"rendered":"\n<h2 class=\"wp-block-heading\" id=\"h-gremio-avalia-possibilidade-de-contratar-roger-guedes-para-2025\">Gr\u00eamio avalia possibilidade de contratar R\u00f3ger Guedes para 2025<\/h2>\n\n\n\n<p>O Gr\u00eamio tem interesse na contrata\u00e7\u00e3o de R\u00f3ger Guedes para refor\u00e7ar o elenco na temporada de 2025. Atualmente no Al-Rayyan, do Catar, o atacante tem contrato at\u00e9 2027 e \u00e9 visto como um alvo de peso pela diretoria gremista. No entanto, a negocia\u00e7\u00e3o n\u00e3o \u00e9 simples, devido ao alto valor de mercado do jogador e aos sal\u00e1rios elevados.<\/p>\n\n\n\n<ul class=\"wp-block-list\">\n<li><a href=\"https:\/\/www.gaveanews.com\/index.php\/2024\/12\/27\/geromel-soteldo-du-queiroz-brenno-fabio-rafael-cabral-e-rubens-os-jogadores-que-sairam-do-gremio-para-2025\/\">Geromel, Soteldo, Du Queiroz, Brenno, F\u00e1bio, Rafael Cabral e Rubens: os jogadores que sa\u00edram do Gr\u00eamio para 2025<\/a><\/li>\n\n\n\n<li><a href=\"https:\/\/www.gaveanews.com\/index.php\/2025\/01\/04\/declaracao-sobre-villasanti-contratacao-definida-e-saida-de-caique-as-ultimas-noticias-do-gremio\/\">Declara\u00e7\u00e3o sobre Villasanti, contrata\u00e7\u00e3o definida e sa\u00edda de Caique: as \u00faltimas not\u00edcias do Gr\u00eamio<\/a><\/li>\n<\/ul>\n\n\n\n<p>A possibilidade de R\u00f3ger Guedes voltar ao futebol brasileiro foi noticiada pelo jornalista F\u00e1bio Vargas. O atacante \u00e9 avaliado em mais de 10 milh\u00f5es de d\u00f3lares (cerca de R$ 49 milh\u00f5es), al\u00e9m de receber aproximadamente R$ 4 milh\u00f5es por m\u00eas no Catar.<\/p>\n\n\n\n<p>Para viabilizar a opera\u00e7\u00e3o, o Gr\u00eamio estuda contar com o apoio de investidores, como a KTO e Celso Rigo, modelo semelhante ao utilizado para trazer Luis Su\u00e1rez em 2023.<\/p>\n\n\n\n<p>Apesar do interesse, o clube ainda n\u00e3o formalizou uma proposta. Nos bastidores, h\u00e1 movimenta\u00e7\u00f5es para entender as condi\u00e7\u00f5es necess\u00e1rias para um poss\u00edvel acordo. O atacante de 27 anos j\u00e1 esteve na mira do Gr\u00eamio em outras ocasi\u00f5es, mas as negocia\u00e7\u00f5es n\u00e3o avan\u00e7aram.<\/p>\n\n\n\n<p>Os n\u00fameros de R\u00f3ger Guedes no Catar demonstram o impacto do jogador na equipe. Desde sua chegada ao Al-Rayyan, ele disputou 50 partidas, marcou 35 gols e deu sete assist\u00eancias. No Brasil, al\u00e9m do Corinthians, onde teve passagem marcante, atuou por Palmeiras, Atl\u00e9tico-MG e Crici\u00fama.<\/p>\n\n\n\n<p>Al\u00e9m de monitorar R\u00f3ger Guedes, o Gr\u00eamio segue ativo no mercado e anunciou recentemente a contrata\u00e7\u00e3o do volante Cu\u00e9llar, que estava no futebol saudita. A diretoria tricolor segue analisando o cen\u00e1rio para tentar trazer refor\u00e7os e fortalecer o elenco para a temporada.<\/p>\n","protected":false},"excerpt":{"rendered":"<p>Gr\u00eamio avalia possibilidade de contratar R\u00f3ger Guedes para 2025 O Gr\u00eamio tem interesse na contrata\u00e7\u00e3o de R\u00f3ger Guedes para refor\u00e7ar o elenco na temporada de 2025. Atualmente no Al-Rayyan, do Catar, o atacante tem contrato at\u00e9 2027 e \u00e9 visto como um alvo de peso pela diretoria gremista. No entanto, a negocia\u00e7\u00e3o n\u00e3o \u00e9 simples, [&hellip;]<\/p>\n","protected":false},"author":17,"featured_media":84272,"comment_status":"open","ping_status":"closed","sticky":false,"template":"","format":"standard","meta":{"footnotes":""},"categories":[147],"tags":[],"class_list":["post-215894","post","type-post","status-publish","format-standard","has-post-thumbnail","hentry","category-gremio"],"yoast_head":"<!-- This site is optimized with the Yoast SEO Premium plugin v24.2 (Yoast SEO v26.9) - https:\/\/yoast.com\/product\/yoast-seo-premium-wordpress\/ -->\n<title>R\u00f3ger Guedes pode retornar ao brasil para jogar em clube da S\u00e9rie A<\/title>\n<meta name=\"robots\" content=\"index, follow, max-snippet:-1, max-image-preview:large, max-video-preview:-1\" \/>\n<link rel=\"canonical\" href=\"https:\/\/www.gaveanews.com\/index.php\/2025\/01\/22\/roger-guedes-pode-retornar-ao-brasil-para-jogar-em-clube-da-serie-a\/\" \/>\n<meta property=\"og:locale\" content=\"pt_BR\" \/>\n<meta property=\"og:type\" content=\"article\" \/>\n<meta property=\"og:title\" content=\"R\u00f3ger Guedes pode retornar ao brasil para jogar em clube da S\u00e9rie A\" \/>\n<meta property=\"og:description\" content=\"Gr\u00eamio avalia possibilidade de contratar R\u00f3ger Guedes para 2025 O Gr\u00eamio tem interesse na contrata\u00e7\u00e3o de R\u00f3ger Guedes para refor\u00e7ar o elenco na temporada de 2025. Atualmente no Al-Rayyan, do Catar, o atacante tem contrato at\u00e9 2027 e \u00e9 visto como um alvo de peso pela diretoria gremista. No entanto, a negocia\u00e7\u00e3o n\u00e3o \u00e9 simples, [&hellip;]\" \/>\n<meta property=\"og:url\" content=\"https:\/\/www.gaveanews.com\/index.php\/2025\/01\/22\/roger-guedes-pode-retornar-ao-brasil-para-jogar-em-clube-da-serie-a\/\" \/>\n<meta property=\"og:site_name\" content=\"G\u00e1vea News\" \/>\n<meta property=\"article:publisher\" content=\"https:\/\/facebook.com\/gaveaNews\/\" \/>\n<meta property=\"article:published_time\" content=\"2025-01-22T03:15:00+00:00\" \/>\n<meta property=\"og:image\" content=\"https:\/\/www.gaveanews.com\/wp-content\/uploads\/Roger-Guedes-cobra-penalti-pelo-Corinthians-em-jogo-contra-o-Boca-Juniors-pela-Libertadores.webp\" \/>\n\t<meta property=\"og:image:width\" content=\"640\" \/>\n\t<meta property=\"og:image:height\" content=\"360\" \/>\n\t<meta property=\"og:image:type\" content=\"image\/webp\" \/>\n<meta name=\"author\" content=\"Geovanna Thomaz\" \/>\n<meta name=\"twitter:card\" content=\"summary_large_image\" \/>\n<meta name=\"twitter:label1\" content=\"Escrito por\" \/>\n\t<meta name=\"twitter:data1\" content=\"Geovanna Thomaz\" \/>\n\t<meta name=\"twitter:label2\" content=\"Est. tempo de leitura\" \/>\n\t<meta name=\"twitter:data2\" content=\"2 minutos\" \/>\n<script type=\"application\/ld+json\" class=\"yoast-schema-graph\">{\"@context\":\"https:\/\/schema.org\",\"@graph\":[{\"@type\":\"NewsArticle\",\"@id\":\"https:\/\/www.gaveanews.com\/index.php\/2025\/01\/22\/roger-guedes-pode-retornar-ao-brasil-para-jogar-em-clube-da-serie-a\/#article\",\"isPartOf\":{\"@id\":\"https:\/\/www.gaveanews.com\/index.php\/2025\/01\/22\/roger-guedes-pode-retornar-ao-brasil-para-jogar-em-clube-da-serie-a\/\"},\"author\":{\"name\":\"Geovanna Thomaz\",\"@id\":\"https:\/\/www.gaveanews.com\/#\/schema\/person\/f42654babcd2b2014a1a65af82b081f1\"},\"headline\":\"R\u00f3ger Guedes pode retornar ao brasil para jogar em clube da S\u00e9rie A\",\"datePublished\":\"2025-01-22T03:15:00+00:00\",\"mainEntityOfPage\":{\"@id\":\"https:\/\/www.gaveanews.com\/index.php\/2025\/01\/22\/roger-guedes-pode-retornar-ao-brasil-para-jogar-em-clube-da-serie-a\/\"},\"wordCount\":351,\"commentCount\":0,\"image\":{\"@id\":\"https:\/\/www.gaveanews.com\/index.php\/2025\/01\/22\/roger-guedes-pode-retornar-ao-brasil-para-jogar-em-clube-da-serie-a\/#primaryimage\"},\"thumbnailUrl\":\"https:\/\/www.gaveanews.com\/wp-content\/uploads\/Roger-Guedes-cobra-penalti-pelo-Corinthians-em-jogo-contra-o-Boca-Juniors-pela-Libertadores.webp\",\"articleSection\":[\"Gr\u00eamio\"],\"inLanguage\":\"pt-BR\",\"potentialAction\":[{\"@type\":\"CommentAction\",\"name\":\"Comment\",\"target\":[\"https:\/\/www.gaveanews.com\/index.php\/2025\/01\/22\/roger-guedes-pode-retornar-ao-brasil-para-jogar-em-clube-da-serie-a\/#respond\"]}],\"copyrightYear\":\"2025\",\"copyrightHolder\":{\"@id\":\"https:\/\/www.gaveanews.com\/#organization\"}},{\"@type\":\"WebPage\",\"@id\":\"https:\/\/www.gaveanews.com\/index.php\/2025\/01\/22\/roger-guedes-pode-retornar-ao-brasil-para-jogar-em-clube-da-serie-a\/\",\"url\":\"https:\/\/www.gaveanews.com\/index.php\/2025\/01\/22\/roger-guedes-pode-retornar-ao-brasil-para-jogar-em-clube-da-serie-a\/\",\"name\":\"R\u00f3ger Guedes pode retornar ao brasil para jogar em clube da S\u00e9rie A\",\"isPartOf\":{\"@id\":\"https:\/\/www.gaveanews.com\/#website\"},\"primaryImageOfPage\":{\"@id\":\"https:\/\/www.gaveanews.com\/index.php\/2025\/01\/22\/roger-guedes-pode-retornar-ao-brasil-para-jogar-em-clube-da-serie-a\/#primaryimage\"},\"image\":{\"@id\":\"https:\/\/www.gaveanews.com\/index.php\/2025\/01\/22\/roger-guedes-pode-retornar-ao-brasil-para-jogar-em-clube-da-serie-a\/#primaryimage\"},\"thumbnailUrl\":\"https:\/\/www.gaveanews.com\/wp-content\/uploads\/Roger-Guedes-cobra-penalti-pelo-Corinthians-em-jogo-contra-o-Boca-Juniors-pela-Libertadores.webp\",\"datePublished\":\"2025-01-22T03:15:00+00:00\",\"author\":{\"@id\":\"https:\/\/www.gaveanews.com\/#\/schema\/person\/f42654babcd2b2014a1a65af82b081f1\"},\"breadcrumb\":{\"@id\":\"https:\/\/www.gaveanews.com\/index.php\/2025\/01\/22\/roger-guedes-pode-retornar-ao-brasil-para-jogar-em-clube-da-serie-a\/#breadcrumb\"},\"inLanguage\":\"pt-BR\",\"potentialAction\":[{\"@type\":\"ReadAction\",\"target\":[\"https:\/\/www.gaveanews.com\/index.php\/2025\/01\/22\/roger-guedes-pode-retornar-ao-brasil-para-jogar-em-clube-da-serie-a\/\"]}]},{\"@type\":\"ImageObject\",\"inLanguage\":\"pt-BR\",\"@id\":\"https:\/\/www.gaveanews.com\/index.php\/2025\/01\/22\/roger-guedes-pode-retornar-ao-brasil-para-jogar-em-clube-da-serie-a\/#primaryimage\",\"url\":\"https:\/\/www.gaveanews.com\/wp-content\/uploads\/Roger-Guedes-cobra-penalti-pelo-Corinthians-em-jogo-contra-o-Boca-Juniors-pela-Libertadores.webp\",\"contentUrl\":\"https:\/\/www.gaveanews.com\/wp-content\/uploads\/Roger-Guedes-cobra-penalti-pelo-Corinthians-em-jogo-contra-o-Boca-Juniors-pela-Libertadores.webp\",\"width\":640,\"height\":360,\"caption\":\"R\u00f3ger Guedes cobra p\u00eanalti pelo Corinthians em jogo contra o Boca Juniors pela Libertadores (Foto: Marcos Ribolli)\"},{\"@type\":\"BreadcrumbList\",\"@id\":\"https:\/\/www.gaveanews.com\/index.php\/2025\/01\/22\/roger-guedes-pode-retornar-ao-brasil-para-jogar-em-clube-da-serie-a\/#breadcrumb\",\"itemListElement\":[{\"@type\":\"ListItem\",\"position\":1,\"name\":\"Home\",\"item\":\"https:\/\/www.gaveanews.com\/\"},{\"@type\":\"ListItem\",\"position\":2,\"name\":\"R\u00f3ger Guedes pode retornar ao brasil para jogar em clube da S\u00e9rie A\"}]},{\"@type\":\"WebSite\",\"@id\":\"https:\/\/www.gaveanews.com\/#website\",\"url\":\"https:\/\/www.gaveanews.com\/\",\"name\":\"G\u00e1vea News\",\"description\":\"Veja todas as not\u00edcias sobre o Flamengo: Contrata\u00e7\u00f5es, categorias de base, resultados das partidas, tabela de classifica\u00e7\u00e3o, pr\u00f3ximos jogos!\",\"potentialAction\":[{\"@type\":\"SearchAction\",\"target\":{\"@type\":\"EntryPoint\",\"urlTemplate\":\"https:\/\/www.gaveanews.com\/?s={search_term_string}\"},\"query-input\":{\"@type\":\"PropertyValueSpecification\",\"valueRequired\":true,\"valueName\":\"search_term_string\"}}],\"inLanguage\":\"pt-BR\"},{\"@type\":\"Person\",\"@id\":\"https:\/\/www.gaveanews.com\/#\/schema\/person\/f42654babcd2b2014a1a65af82b081f1\",\"name\":\"Geovanna Thomaz\",\"image\":{\"@type\":\"ImageObject\",\"inLanguage\":\"pt-BR\",\"@id\":\"https:\/\/www.gaveanews.com\/#\/schema\/person\/image\/\",\"url\":\"https:\/\/secure.gravatar.com\/avatar\/4092073255489533afb558984b49b64268c47198af8623cc82a925ae9fb7118a?s=96&d=mm&r=g\",\"contentUrl\":\"https:\/\/secure.gravatar.com\/avatar\/4092073255489533afb558984b49b64268c47198af8623cc82a925ae9fb7118a?s=96&d=mm&r=g\",\"caption\":\"Geovanna Thomaz\"}}]}<\/script>\n<!-- \/ Yoast SEO Premium plugin. -->","yoast_head_json":{"title":"R\u00f3ger Guedes pode retornar ao brasil para jogar em clube da S\u00e9rie A","robots":{"index":"index","follow":"follow","max-snippet":"max-snippet:-1","max-image-preview":"max-image-preview:large","max-video-preview":"max-video-preview:-1"},"canonical":"https:\/\/www.gaveanews.com\/index.php\/2025\/01\/22\/roger-guedes-pode-retornar-ao-brasil-para-jogar-em-clube-da-serie-a\/","og_locale":"pt_BR","og_type":"article","og_title":"R\u00f3ger Guedes pode retornar ao brasil para jogar em clube da S\u00e9rie A","og_description":"Gr\u00eamio avalia possibilidade de contratar R\u00f3ger Guedes para 2025 O Gr\u00eamio tem interesse na contrata\u00e7\u00e3o de R\u00f3ger Guedes para refor\u00e7ar o elenco na temporada de 2025. Atualmente no Al-Rayyan, do Catar, o atacante tem contrato at\u00e9 2027 e \u00e9 visto como um alvo de peso pela diretoria gremista. No entanto, a negocia\u00e7\u00e3o n\u00e3o \u00e9 simples, [&hellip;]","og_url":"https:\/\/www.gaveanews.com\/index.php\/2025\/01\/22\/roger-guedes-pode-retornar-ao-brasil-para-jogar-em-clube-da-serie-a\/","og_site_name":"G\u00e1vea News","article_publisher":"https:\/\/facebook.com\/gaveaNews\/","article_published_time":"2025-01-22T03:15:00+00:00","og_image":[{"width":640,"height":360,"url":"https:\/\/www.gaveanews.com\/wp-content\/uploads\/Roger-Guedes-cobra-penalti-pelo-Corinthians-em-jogo-contra-o-Boca-Juniors-pela-Libertadores.webp","type":"image\/webp"}],"author":"Geovanna Thomaz","twitter_card":"summary_large_image","twitter_misc":{"Escrito por":"Geovanna Thomaz","Est. tempo de leitura":"2 minutos"},"schema":{"@context":"https:\/\/schema.org","@graph":[{"@type":"NewsArticle","@id":"https:\/\/www.gaveanews.com\/index.php\/2025\/01\/22\/roger-guedes-pode-retornar-ao-brasil-para-jogar-em-clube-da-serie-a\/#article","isPartOf":{"@id":"https:\/\/www.gaveanews.com\/index.php\/2025\/01\/22\/roger-guedes-pode-retornar-ao-brasil-para-jogar-em-clube-da-serie-a\/"},"author":{"name":"Geovanna Thomaz","@id":"https:\/\/www.gaveanews.com\/#\/schema\/person\/f42654babcd2b2014a1a65af82b081f1"},"headline":"R\u00f3ger Guedes pode retornar ao brasil para jogar em clube da S\u00e9rie A","datePublished":"2025-01-22T03:15:00+00:00","mainEntityOfPage":{"@id":"https:\/\/www.gaveanews.com\/index.php\/2025\/01\/22\/roger-guedes-pode-retornar-ao-brasil-para-jogar-em-clube-da-serie-a\/"},"wordCount":351,"commentCount":0,"image":{"@id":"https:\/\/www.gaveanews.com\/index.php\/2025\/01\/22\/roger-guedes-pode-retornar-ao-brasil-para-jogar-em-clube-da-serie-a\/#primaryimage"},"thumbnailUrl":"https:\/\/www.gaveanews.com\/wp-content\/uploads\/Roger-Guedes-cobra-penalti-pelo-Corinthians-em-jogo-contra-o-Boca-Juniors-pela-Libertadores.webp","articleSection":["Gr\u00eamio"],"inLanguage":"pt-BR","potentialAction":[{"@type":"CommentAction","name":"Comment","target":["https:\/\/www.gaveanews.com\/index.php\/2025\/01\/22\/roger-guedes-pode-retornar-ao-brasil-para-jogar-em-clube-da-serie-a\/#respond"]}],"copyrightYear":"2025","copyrightHolder":{"@id":"https:\/\/www.gaveanews.com\/#organization"}},{"@type":"WebPage","@id":"https:\/\/www.gaveanews.com\/index.php\/2025\/01\/22\/roger-guedes-pode-retornar-ao-brasil-para-jogar-em-clube-da-serie-a\/","url":"https:\/\/www.gaveanews.com\/index.php\/2025\/01\/22\/roger-guedes-pode-retornar-ao-brasil-para-jogar-em-clube-da-serie-a\/","name":"R\u00f3ger Guedes pode retornar ao brasil para jogar em clube da S\u00e9rie A","isPartOf":{"@id":"https:\/\/www.gaveanews.com\/#website"},"primaryImageOfPage":{"@id":"https:\/\/www.gaveanews.com\/index.php\/2025\/01\/22\/roger-guedes-pode-retornar-ao-brasil-para-jogar-em-clube-da-serie-a\/#primaryimage"},"image":{"@id":"https:\/\/www.gaveanews.com\/index.php\/2025\/01\/22\/roger-guedes-pode-retornar-ao-brasil-para-jogar-em-clube-da-serie-a\/#primaryimage"},"thumbnailUrl":"https:\/\/www.gaveanews.com\/wp-content\/uploads\/Roger-Guedes-cobra-penalti-pelo-Corinthians-em-jogo-contra-o-Boca-Juniors-pela-Libertadores.webp","datePublished":"2025-01-22T03:15:00+00:00","author":{"@id":"https:\/\/www.gaveanews.com\/#\/schema\/person\/f42654babcd2b2014a1a65af82b081f1"},"breadcrumb":{"@id":"https:\/\/www.gaveanews.com\/index.php\/2025\/01\/22\/roger-guedes-pode-retornar-ao-brasil-para-jogar-em-clube-da-serie-a\/#breadcrumb"},"inLanguage":"pt-BR","potentialAction":[{"@type":"ReadAction","target":["https:\/\/www.gaveanews.com\/index.php\/2025\/01\/22\/roger-guedes-pode-retornar-ao-brasil-para-jogar-em-clube-da-serie-a\/"]}]},{"@type":"ImageObject","inLanguage":"pt-BR","@id":"https:\/\/www.gaveanews.com\/index.php\/2025\/01\/22\/roger-guedes-pode-retornar-ao-brasil-para-jogar-em-clube-da-serie-a\/#primaryimage","url":"https:\/\/www.gaveanews.com\/wp-content\/uploads\/Roger-Guedes-cobra-penalti-pelo-Corinthians-em-jogo-contra-o-Boca-Juniors-pela-Libertadores.webp","contentUrl":"https:\/\/www.gaveanews.com\/wp-content\/uploads\/Roger-Guedes-cobra-penalti-pelo-Corinthians-em-jogo-contra-o-Boca-Juniors-pela-Libertadores.webp","width":640,"height":360,"caption":"R\u00f3ger Guedes cobra p\u00eanalti pelo Corinthians em jogo contra o Boca Juniors pela Libertadores (Foto: Marcos Ribolli)"},{"@type":"BreadcrumbList","@id":"https:\/\/www.gaveanews.com\/index.php\/2025\/01\/22\/roger-guedes-pode-retornar-ao-brasil-para-jogar-em-clube-da-serie-a\/#breadcrumb","itemListElement":[{"@type":"ListItem","position":1,"name":"Home","item":"https:\/\/www.gaveanews.com\/"},{"@type":"ListItem","position":2,"name":"R\u00f3ger Guedes pode retornar ao brasil para jogar em clube da S\u00e9rie A"}]},{"@type":"WebSite","@id":"https:\/\/www.gaveanews.com\/#website","url":"https:\/\/www.gaveanews.com\/","name":"G\u00e1vea News","description":"Veja todas as not\u00edcias sobre o Flamengo: Contrata\u00e7\u00f5es, categorias de base, resultados das partidas, tabela de classifica\u00e7\u00e3o, pr\u00f3ximos jogos!","potentialAction":[{"@type":"SearchAction","target":{"@type":"EntryPoint","urlTemplate":"https:\/\/www.gaveanews.com\/?s={search_term_string}"},"query-input":{"@type":"PropertyValueSpecification","valueRequired":true,"valueName":"search_term_string"}}],"inLanguage":"pt-BR"},{"@type":"Person","@id":"https:\/\/www.gaveanews.com\/#\/schema\/person\/f42654babcd2b2014a1a65af82b081f1","name":"Geovanna Thomaz","image":{"@type":"ImageObject","inLanguage":"pt-BR","@id":"https:\/\/www.gaveanews.com\/#\/schema\/person\/image\/","url":"https:\/\/secure.gravatar.com\/avatar\/4092073255489533afb558984b49b64268c47198af8623cc82a925ae9fb7118a?s=96&d=mm&r=g","contentUrl":"https:\/\/secure.gravatar.com\/avatar\/4092073255489533afb558984b49b64268c47198af8623cc82a925ae9fb7118a?s=96&d=mm&r=g","caption":"Geovanna Thomaz"}}]}},"_links":{"self":[{"href":"https:\/\/www.gaveanews.com\/index.php\/wp-json\/wp\/v2\/posts\/215894","targetHints":{"allow":["GET"]}}],"collection":[{"href":"https:\/\/www.gaveanews.com\/index.php\/wp-json\/wp\/v2\/posts"}],"about":[{"href":"https:\/\/www.gaveanews.com\/index.php\/wp-json\/wp\/v2\/types\/post"}],"author":[{"embeddable":true,"href":"https:\/\/www.gaveanews.com\/index.php\/wp-json\/wp\/v2\/users\/17"}],"replies":[{"embeddable":true,"href":"https:\/\/www.gaveanews.com\/index.php\/wp-json\/wp\/v2\/comments?post=215894"}],"version-history":[{"count":1,"href":"https:\/\/www.gaveanews.com\/index.php\/wp-json\/wp\/v2\/posts\/215894\/revisions"}],"predecessor-version":[{"id":215899,"href":"https:\/\/www.gaveanews.com\/index.php\/wp-json\/wp\/v2\/posts\/215894\/revisions\/215899"}],"wp:featuredmedia":[{"embeddable":true,"href":"https:\/\/www.gaveanews.com\/index.php\/wp-json\/wp\/v2\/media\/84272"}],"wp:attachment":[{"href":"https:\/\/www.gaveanews.com\/index.php\/wp-json\/wp\/v2\/media?parent=215894"}],"wp:term":[{"taxonomy":"category","embeddable":true,"href":"https:\/\/www.gaveanews.com\/index.php\/wp-json\/wp\/v2\/categories?post=215894"},{"taxonomy":"post_tag","embeddable":true,"href":"https:\/\/www.gaveanews.com\/index.php\/wp-json\/wp\/v2\/tags?post=215894"}],"curies":[{"name":"wp","href":"https:\/\/api.w.org\/{rel}","templated":true}]}}