{"id":216034,"date":"2025-01-22T02:40:00","date_gmt":"2025-01-22T05:40:00","guid":{"rendered":"https:\/\/www.gaveanews.com\/?p=216034"},"modified":"2025-01-21T23:27:50","modified_gmt":"2025-01-22T02:27:50","slug":"gremio-veja-o-que-trava-a-contratacao-de-matheus-magalhaes","status":"publish","type":"post","link":"https:\/\/www.gaveanews.com\/index.php\/2025\/01\/22\/gremio-veja-o-que-trava-a-contratacao-de-matheus-magalhaes\/","title":{"rendered":"Gr\u00eamio: veja o que trava a contrata\u00e7\u00e3o de Matheus Magalh\u00e3es"},"content":{"rendered":"\n<p>O goleiro Matheus Magalh\u00e3es, de 32 anos, atualmente no Braga, est\u00e1 nos planos do Gr\u00eamio para a pr\u00f3xima temporada de 2025. Com a sa\u00edda de Agust\u00edn Marches\u00edn, o Tricolor est\u00e1 em busca de um novo jogador para ocupar a posi\u00e7\u00e3o de goleiro.<\/p>\n\n\n\n<ul class=\"wp-block-list\">\n<li><a href=\"https:\/\/www.gaveanews.com\/index.php\/2025\/01\/21\/gremio-recebe-proposta-da-europa-por-atacante\/\">Gr\u00eamio recebe proposta da Europa por atacante<\/a><\/li>\n\n\n\n<li><a href=\"https:\/\/www.gaveanews.com\/index.php\/2025\/01\/21\/ex-sao-paulo-entra-na-mira-do-gremio-para-2025\/\">Ex-S\u00e3o Paulo entra na mira do Gr\u00eamio para 2025<\/a><\/li>\n<\/ul>\n\n\n\n<p>Atualmente, o clube ga\u00facho mant\u00e9m conversas com o arqueiro do Braga, mas as negocia\u00e7\u00f5es com o time portugu\u00eas encontram-se estagnadas. A dire\u00e7\u00e3o do Gr\u00eamio considera o valor pedido pelos portugueses muito elevado. A informa\u00e7\u00e3o foi divulgada pelo jornal Zero Hora.<\/p>\n\n\n\n<p>Matheus Magalh\u00e3es ficou interessado na proposta feita pelo departamento de futebol do Gr\u00eamio. No entanto, o Braga estipulou um pre\u00e7o de tr\u00eas milh\u00f5es de euros, cerca de R$19 milh\u00f5es na cota\u00e7\u00e3o atual, e insiste em n\u00e3o reduzir esse valor para a venda do atleta.<\/p>\n\n\n\n<figure class=\"wp-block-embed is-type-photo is-provider-flickr wp-block-embed-flickr\"><div class=\"wp-block-embed__wrapper\">\n<a href=\"https:\/\/www.flickr.com\/photos\/201636948@N07\/54264269552\/in\/dateposted-public\/\"><img loading=\"lazy\" decoding=\"async\" src=\"https:\/\/live.staticflickr.com\/65535\/54264269552_f1ac1df6a4_z.webp\" alt=\"matheus-braga-768x512\" width=\"640\" height=\"427\" \/><\/a>\n<\/div><\/figure>\n\n\n\n<p>Portanto, o Gr\u00eamio procurou outra alternativa no mercado, o goleiro Tiago Volpi, do Toluca, do M\u00e9xico. O atleta de 34 anos j\u00e1 manifestou seu desejo de deixar o time e uma sa\u00edda amig\u00e1vel pode acontecer em breve. Assim, o atleta chegaria ao Gr\u00eamio sem qualquer custo.<\/p>\n\n\n\n<p>Ao longo de sua carreira profissional de 14 anos, o goleiro atuou apenas em duas equipes. De 2012 a 2014, atuou pelo Am\u00e9rica-MG, sendo descoberto nas divis\u00f5es de base do pr\u00f3prio Coelho. Desde 2015, o jogador jogou exclusivamente pelo Braga, acumulando 11 temporadas seguidas e sendo visto como um \u00eddolo na equipe.<\/p>\n\n\n\n<h2 class=\"wp-block-heading\" id=\"h-gremio-tem-reforco-inesperado-segundo-jornalista\">Gr\u00eamio tem refor\u00e7o inesperado; segundo jornalista <\/h2>\n\n\n\n<p>Depois de um bom per\u00edodo no Corinthians, o atacante R\u00f3ger Guedes transferiu-se para o Al-Rayyan, do Catar, que atualmente tem como t\u00e9cnico Artur Jorge, ex-Botafogo.<\/p>\n\n\n\n<p>Contudo, muito se comenta sobre seu retorno ao Brasil, onde existem clubes interessados nele, incluindo o Gr\u00eamio, que est\u00e1 em busca de alternativas no mercado da bola para se fortalecer neste ano.<\/p>\n\n\n\n<p>Segundo o jornalista Matheus Maia, do Portal Times, o jogador ser\u00e1 o mais recente contratado do Imortal. A dura\u00e7\u00e3o do contrato e o sal\u00e1rio n\u00e3o foram revelados, contudo, segundo a informa\u00e7\u00e3o, o Tricolor Ga\u00facho chegou a um acordo com o atacante.<\/p>\n","protected":false},"excerpt":{"rendered":"<p>O goleiro Matheus Magalh\u00e3es, de 32 anos, atualmente no Braga, est\u00e1 nos planos do Gr\u00eamio para a pr\u00f3xima temporada de 2025. Com a sa\u00edda de Agust\u00edn Marches\u00edn, o Tricolor est\u00e1 em busca de um novo jogador para ocupar a posi\u00e7\u00e3o de goleiro. Atualmente, o clube ga\u00facho mant\u00e9m conversas com o arqueiro do Braga, mas as [&hellip;]<\/p>\n","protected":false},"author":16,"featured_media":154785,"comment_status":"open","ping_status":"closed","sticky":false,"template":"","format":"standard","meta":{"footnotes":""},"categories":[147],"tags":[],"class_list":["post-216034","post","type-post","status-publish","format-standard","has-post-thumbnail","hentry","category-gremio"],"yoast_head":"<!-- This site is optimized with the Yoast SEO Premium plugin v24.2 (Yoast SEO v26.9) - https:\/\/yoast.com\/product\/yoast-seo-premium-wordpress\/ -->\n<title>Gr\u00eamio: veja o que trava a contrata\u00e7\u00e3o de Matheus Magalh\u00e3es<\/title>\n<meta name=\"robots\" content=\"index, follow, max-snippet:-1, max-image-preview:large, max-video-preview:-1\" \/>\n<link rel=\"canonical\" href=\"https:\/\/www.gaveanews.com\/index.php\/2025\/01\/22\/gremio-veja-o-que-trava-a-contratacao-de-matheus-magalhaes\/\" \/>\n<meta property=\"og:locale\" content=\"pt_BR\" \/>\n<meta property=\"og:type\" content=\"article\" \/>\n<meta property=\"og:title\" content=\"Gr\u00eamio: veja o que trava a contrata\u00e7\u00e3o de Matheus Magalh\u00e3es\" \/>\n<meta property=\"og:description\" content=\"O goleiro Matheus Magalh\u00e3es, de 32 anos, atualmente no Braga, est\u00e1 nos planos do Gr\u00eamio para a pr\u00f3xima temporada de 2025. Com a sa\u00edda de Agust\u00edn Marches\u00edn, o Tricolor est\u00e1 em busca de um novo jogador para ocupar a posi\u00e7\u00e3o de goleiro. Atualmente, o clube ga\u00facho mant\u00e9m conversas com o arqueiro do Braga, mas as [&hellip;]\" \/>\n<meta property=\"og:url\" content=\"https:\/\/www.gaveanews.com\/index.php\/2025\/01\/22\/gremio-veja-o-que-trava-a-contratacao-de-matheus-magalhaes\/\" \/>\n<meta property=\"og:site_name\" content=\"G\u00e1vea News\" \/>\n<meta property=\"article:publisher\" content=\"https:\/\/facebook.com\/gaveaNews\/\" \/>\n<meta property=\"article:published_time\" content=\"2025-01-22T05:40:00+00:00\" \/>\n<meta property=\"og:image\" content=\"https:\/\/www.gaveanews.com\/wp-content\/uploads\/Escudo-do-Gremio.webp\" \/>\n\t<meta property=\"og:image:width\" content=\"1163\" \/>\n\t<meta property=\"og:image:height\" content=\"775\" \/>\n\t<meta property=\"og:image:type\" content=\"image\/webp\" \/>\n<meta name=\"author\" content=\"D\u00e9bora Figueiredo\" \/>\n<meta name=\"twitter:card\" content=\"summary_large_image\" \/>\n<meta name=\"twitter:label1\" content=\"Escrito por\" \/>\n\t<meta name=\"twitter:data1\" content=\"D\u00e9bora Figueiredo\" \/>\n\t<meta name=\"twitter:label2\" content=\"Est. tempo de leitura\" \/>\n\t<meta name=\"twitter:data2\" content=\"3 minutos\" \/>\n<script type=\"application\/ld+json\" class=\"yoast-schema-graph\">{\"@context\":\"https:\/\/schema.org\",\"@graph\":[{\"@type\":\"NewsArticle\",\"@id\":\"https:\/\/www.gaveanews.com\/index.php\/2025\/01\/22\/gremio-veja-o-que-trava-a-contratacao-de-matheus-magalhaes\/#article\",\"isPartOf\":{\"@id\":\"https:\/\/www.gaveanews.com\/index.php\/2025\/01\/22\/gremio-veja-o-que-trava-a-contratacao-de-matheus-magalhaes\/\"},\"author\":{\"name\":\"D\u00e9bora Figueiredo\",\"@id\":\"https:\/\/www.gaveanews.com\/#\/schema\/person\/37122681a8575a5c8db05a56f099a5e4\"},\"headline\":\"Gr\u00eamio: veja o que trava a contrata\u00e7\u00e3o de Matheus Magalh\u00e3es\",\"datePublished\":\"2025-01-22T05:40:00+00:00\",\"mainEntityOfPage\":{\"@id\":\"https:\/\/www.gaveanews.com\/index.php\/2025\/01\/22\/gremio-veja-o-que-trava-a-contratacao-de-matheus-magalhaes\/\"},\"wordCount\":400,\"commentCount\":0,\"image\":{\"@id\":\"https:\/\/www.gaveanews.com\/index.php\/2025\/01\/22\/gremio-veja-o-que-trava-a-contratacao-de-matheus-magalhaes\/#primaryimage\"},\"thumbnailUrl\":\"https:\/\/www.gaveanews.com\/wp-content\/uploads\/Escudo-do-Gremio.webp\",\"articleSection\":[\"Gr\u00eamio\"],\"inLanguage\":\"pt-BR\",\"potentialAction\":[{\"@type\":\"CommentAction\",\"name\":\"Comment\",\"target\":[\"https:\/\/www.gaveanews.com\/index.php\/2025\/01\/22\/gremio-veja-o-que-trava-a-contratacao-de-matheus-magalhaes\/#respond\"]}],\"copyrightYear\":\"2025\",\"copyrightHolder\":{\"@id\":\"https:\/\/www.gaveanews.com\/#organization\"}},{\"@type\":\"WebPage\",\"@id\":\"https:\/\/www.gaveanews.com\/index.php\/2025\/01\/22\/gremio-veja-o-que-trava-a-contratacao-de-matheus-magalhaes\/\",\"url\":\"https:\/\/www.gaveanews.com\/index.php\/2025\/01\/22\/gremio-veja-o-que-trava-a-contratacao-de-matheus-magalhaes\/\",\"name\":\"Gr\u00eamio: veja o que trava a contrata\u00e7\u00e3o de Matheus Magalh\u00e3es\",\"isPartOf\":{\"@id\":\"https:\/\/www.gaveanews.com\/#website\"},\"primaryImageOfPage\":{\"@id\":\"https:\/\/www.gaveanews.com\/index.php\/2025\/01\/22\/gremio-veja-o-que-trava-a-contratacao-de-matheus-magalhaes\/#primaryimage\"},\"image\":{\"@id\":\"https:\/\/www.gaveanews.com\/index.php\/2025\/01\/22\/gremio-veja-o-que-trava-a-contratacao-de-matheus-magalhaes\/#primaryimage\"},\"thumbnailUrl\":\"https:\/\/www.gaveanews.com\/wp-content\/uploads\/Escudo-do-Gremio.webp\",\"datePublished\":\"2025-01-22T05:40:00+00:00\",\"author\":{\"@id\":\"https:\/\/www.gaveanews.com\/#\/schema\/person\/37122681a8575a5c8db05a56f099a5e4\"},\"breadcrumb\":{\"@id\":\"https:\/\/www.gaveanews.com\/index.php\/2025\/01\/22\/gremio-veja-o-que-trava-a-contratacao-de-matheus-magalhaes\/#breadcrumb\"},\"inLanguage\":\"pt-BR\",\"potentialAction\":[{\"@type\":\"ReadAction\",\"target\":[\"https:\/\/www.gaveanews.com\/index.php\/2025\/01\/22\/gremio-veja-o-que-trava-a-contratacao-de-matheus-magalhaes\/\"]}]},{\"@type\":\"ImageObject\",\"inLanguage\":\"pt-BR\",\"@id\":\"https:\/\/www.gaveanews.com\/index.php\/2025\/01\/22\/gremio-veja-o-que-trava-a-contratacao-de-matheus-magalhaes\/#primaryimage\",\"url\":\"https:\/\/www.gaveanews.com\/wp-content\/uploads\/Escudo-do-Gremio.webp\",\"contentUrl\":\"https:\/\/www.gaveanews.com\/wp-content\/uploads\/Escudo-do-Gremio.webp\",\"width\":1163,\"height\":775,\"caption\":\"Escudo do Gr\u00eamio (Foto: Reprodu\u00e7\u00e3o\/Gr\u00eamio)\"},{\"@type\":\"BreadcrumbList\",\"@id\":\"https:\/\/www.gaveanews.com\/index.php\/2025\/01\/22\/gremio-veja-o-que-trava-a-contratacao-de-matheus-magalhaes\/#breadcrumb\",\"itemListElement\":[{\"@type\":\"ListItem\",\"position\":1,\"name\":\"Home\",\"item\":\"https:\/\/www.gaveanews.com\/\"},{\"@type\":\"ListItem\",\"position\":2,\"name\":\"Gr\u00eamio: veja o que trava a contrata\u00e7\u00e3o de Matheus Magalh\u00e3es\"}]},{\"@type\":\"WebSite\",\"@id\":\"https:\/\/www.gaveanews.com\/#website\",\"url\":\"https:\/\/www.gaveanews.com\/\",\"name\":\"G\u00e1vea News\",\"description\":\"Veja todas as not\u00edcias sobre o Flamengo: Contrata\u00e7\u00f5es, categorias de base, resultados das partidas, tabela de classifica\u00e7\u00e3o, pr\u00f3ximos jogos!\",\"potentialAction\":[{\"@type\":\"SearchAction\",\"target\":{\"@type\":\"EntryPoint\",\"urlTemplate\":\"https:\/\/www.gaveanews.com\/?s={search_term_string}\"},\"query-input\":{\"@type\":\"PropertyValueSpecification\",\"valueRequired\":true,\"valueName\":\"search_term_string\"}}],\"inLanguage\":\"pt-BR\"},{\"@type\":\"Person\",\"@id\":\"https:\/\/www.gaveanews.com\/#\/schema\/person\/37122681a8575a5c8db05a56f099a5e4\",\"name\":\"D\u00e9bora Figueiredo\",\"image\":{\"@type\":\"ImageObject\",\"inLanguage\":\"pt-BR\",\"@id\":\"https:\/\/www.gaveanews.com\/#\/schema\/person\/image\/\",\"url\":\"https:\/\/secure.gravatar.com\/avatar\/1f44802859351588499d26f52aed1d15796ce17e67602895b72837c08018868d?s=96&d=mm&r=g\",\"contentUrl\":\"https:\/\/secure.gravatar.com\/avatar\/1f44802859351588499d26f52aed1d15796ce17e67602895b72837c08018868d?s=96&d=mm&r=g\",\"caption\":\"D\u00e9bora Figueiredo\"}}]}<\/script>\n<!-- \/ Yoast SEO Premium plugin. -->","yoast_head_json":{"title":"Gr\u00eamio: veja o que trava a contrata\u00e7\u00e3o de Matheus Magalh\u00e3es","robots":{"index":"index","follow":"follow","max-snippet":"max-snippet:-1","max-image-preview":"max-image-preview:large","max-video-preview":"max-video-preview:-1"},"canonical":"https:\/\/www.gaveanews.com\/index.php\/2025\/01\/22\/gremio-veja-o-que-trava-a-contratacao-de-matheus-magalhaes\/","og_locale":"pt_BR","og_type":"article","og_title":"Gr\u00eamio: veja o que trava a contrata\u00e7\u00e3o de Matheus Magalh\u00e3es","og_description":"O goleiro Matheus Magalh\u00e3es, de 32 anos, atualmente no Braga, est\u00e1 nos planos do Gr\u00eamio para a pr\u00f3xima temporada de 2025. Com a sa\u00edda de Agust\u00edn Marches\u00edn, o Tricolor est\u00e1 em busca de um novo jogador para ocupar a posi\u00e7\u00e3o de goleiro. Atualmente, o clube ga\u00facho mant\u00e9m conversas com o arqueiro do Braga, mas as [&hellip;]","og_url":"https:\/\/www.gaveanews.com\/index.php\/2025\/01\/22\/gremio-veja-o-que-trava-a-contratacao-de-matheus-magalhaes\/","og_site_name":"G\u00e1vea News","article_publisher":"https:\/\/facebook.com\/gaveaNews\/","article_published_time":"2025-01-22T05:40:00+00:00","og_image":[{"width":1163,"height":775,"url":"https:\/\/www.gaveanews.com\/wp-content\/uploads\/Escudo-do-Gremio.webp","type":"image\/webp"}],"author":"D\u00e9bora Figueiredo","twitter_card":"summary_large_image","twitter_misc":{"Escrito por":"D\u00e9bora Figueiredo","Est. tempo de leitura":"3 minutos"},"schema":{"@context":"https:\/\/schema.org","@graph":[{"@type":"NewsArticle","@id":"https:\/\/www.gaveanews.com\/index.php\/2025\/01\/22\/gremio-veja-o-que-trava-a-contratacao-de-matheus-magalhaes\/#article","isPartOf":{"@id":"https:\/\/www.gaveanews.com\/index.php\/2025\/01\/22\/gremio-veja-o-que-trava-a-contratacao-de-matheus-magalhaes\/"},"author":{"name":"D\u00e9bora Figueiredo","@id":"https:\/\/www.gaveanews.com\/#\/schema\/person\/37122681a8575a5c8db05a56f099a5e4"},"headline":"Gr\u00eamio: veja o que trava a contrata\u00e7\u00e3o de Matheus Magalh\u00e3es","datePublished":"2025-01-22T05:40:00+00:00","mainEntityOfPage":{"@id":"https:\/\/www.gaveanews.com\/index.php\/2025\/01\/22\/gremio-veja-o-que-trava-a-contratacao-de-matheus-magalhaes\/"},"wordCount":400,"commentCount":0,"image":{"@id":"https:\/\/www.gaveanews.com\/index.php\/2025\/01\/22\/gremio-veja-o-que-trava-a-contratacao-de-matheus-magalhaes\/#primaryimage"},"thumbnailUrl":"https:\/\/www.gaveanews.com\/wp-content\/uploads\/Escudo-do-Gremio.webp","articleSection":["Gr\u00eamio"],"inLanguage":"pt-BR","potentialAction":[{"@type":"CommentAction","name":"Comment","target":["https:\/\/www.gaveanews.com\/index.php\/2025\/01\/22\/gremio-veja-o-que-trava-a-contratacao-de-matheus-magalhaes\/#respond"]}],"copyrightYear":"2025","copyrightHolder":{"@id":"https:\/\/www.gaveanews.com\/#organization"}},{"@type":"WebPage","@id":"https:\/\/www.gaveanews.com\/index.php\/2025\/01\/22\/gremio-veja-o-que-trava-a-contratacao-de-matheus-magalhaes\/","url":"https:\/\/www.gaveanews.com\/index.php\/2025\/01\/22\/gremio-veja-o-que-trava-a-contratacao-de-matheus-magalhaes\/","name":"Gr\u00eamio: veja o que trava a contrata\u00e7\u00e3o de Matheus Magalh\u00e3es","isPartOf":{"@id":"https:\/\/www.gaveanews.com\/#website"},"primaryImageOfPage":{"@id":"https:\/\/www.gaveanews.com\/index.php\/2025\/01\/22\/gremio-veja-o-que-trava-a-contratacao-de-matheus-magalhaes\/#primaryimage"},"image":{"@id":"https:\/\/www.gaveanews.com\/index.php\/2025\/01\/22\/gremio-veja-o-que-trava-a-contratacao-de-matheus-magalhaes\/#primaryimage"},"thumbnailUrl":"https:\/\/www.gaveanews.com\/wp-content\/uploads\/Escudo-do-Gremio.webp","datePublished":"2025-01-22T05:40:00+00:00","author":{"@id":"https:\/\/www.gaveanews.com\/#\/schema\/person\/37122681a8575a5c8db05a56f099a5e4"},"breadcrumb":{"@id":"https:\/\/www.gaveanews.com\/index.php\/2025\/01\/22\/gremio-veja-o-que-trava-a-contratacao-de-matheus-magalhaes\/#breadcrumb"},"inLanguage":"pt-BR","potentialAction":[{"@type":"ReadAction","target":["https:\/\/www.gaveanews.com\/index.php\/2025\/01\/22\/gremio-veja-o-que-trava-a-contratacao-de-matheus-magalhaes\/"]}]},{"@type":"ImageObject","inLanguage":"pt-BR","@id":"https:\/\/www.gaveanews.com\/index.php\/2025\/01\/22\/gremio-veja-o-que-trava-a-contratacao-de-matheus-magalhaes\/#primaryimage","url":"https:\/\/www.gaveanews.com\/wp-content\/uploads\/Escudo-do-Gremio.webp","contentUrl":"https:\/\/www.gaveanews.com\/wp-content\/uploads\/Escudo-do-Gremio.webp","width":1163,"height":775,"caption":"Escudo do Gr\u00eamio (Foto: Reprodu\u00e7\u00e3o\/Gr\u00eamio)"},{"@type":"BreadcrumbList","@id":"https:\/\/www.gaveanews.com\/index.php\/2025\/01\/22\/gremio-veja-o-que-trava-a-contratacao-de-matheus-magalhaes\/#breadcrumb","itemListElement":[{"@type":"ListItem","position":1,"name":"Home","item":"https:\/\/www.gaveanews.com\/"},{"@type":"ListItem","position":2,"name":"Gr\u00eamio: veja o que trava a contrata\u00e7\u00e3o de Matheus Magalh\u00e3es"}]},{"@type":"WebSite","@id":"https:\/\/www.gaveanews.com\/#website","url":"https:\/\/www.gaveanews.com\/","name":"G\u00e1vea News","description":"Veja todas as not\u00edcias sobre o Flamengo: Contrata\u00e7\u00f5es, categorias de base, resultados das partidas, tabela de classifica\u00e7\u00e3o, pr\u00f3ximos jogos!","potentialAction":[{"@type":"SearchAction","target":{"@type":"EntryPoint","urlTemplate":"https:\/\/www.gaveanews.com\/?s={search_term_string}"},"query-input":{"@type":"PropertyValueSpecification","valueRequired":true,"valueName":"search_term_string"}}],"inLanguage":"pt-BR"},{"@type":"Person","@id":"https:\/\/www.gaveanews.com\/#\/schema\/person\/37122681a8575a5c8db05a56f099a5e4","name":"D\u00e9bora Figueiredo","image":{"@type":"ImageObject","inLanguage":"pt-BR","@id":"https:\/\/www.gaveanews.com\/#\/schema\/person\/image\/","url":"https:\/\/secure.gravatar.com\/avatar\/1f44802859351588499d26f52aed1d15796ce17e67602895b72837c08018868d?s=96&d=mm&r=g","contentUrl":"https:\/\/secure.gravatar.com\/avatar\/1f44802859351588499d26f52aed1d15796ce17e67602895b72837c08018868d?s=96&d=mm&r=g","caption":"D\u00e9bora Figueiredo"}}]}},"_links":{"self":[{"href":"https:\/\/www.gaveanews.com\/index.php\/wp-json\/wp\/v2\/posts\/216034","targetHints":{"allow":["GET"]}}],"collection":[{"href":"https:\/\/www.gaveanews.com\/index.php\/wp-json\/wp\/v2\/posts"}],"about":[{"href":"https:\/\/www.gaveanews.com\/index.php\/wp-json\/wp\/v2\/types\/post"}],"author":[{"embeddable":true,"href":"https:\/\/www.gaveanews.com\/index.php\/wp-json\/wp\/v2\/users\/16"}],"replies":[{"embeddable":true,"href":"https:\/\/www.gaveanews.com\/index.php\/wp-json\/wp\/v2\/comments?post=216034"}],"version-history":[{"count":1,"href":"https:\/\/www.gaveanews.com\/index.php\/wp-json\/wp\/v2\/posts\/216034\/revisions"}],"predecessor-version":[{"id":216037,"href":"https:\/\/www.gaveanews.com\/index.php\/wp-json\/wp\/v2\/posts\/216034\/revisions\/216037"}],"wp:featuredmedia":[{"embeddable":true,"href":"https:\/\/www.gaveanews.com\/index.php\/wp-json\/wp\/v2\/media\/154785"}],"wp:attachment":[{"href":"https:\/\/www.gaveanews.com\/index.php\/wp-json\/wp\/v2\/media?parent=216034"}],"wp:term":[{"taxonomy":"category","embeddable":true,"href":"https:\/\/www.gaveanews.com\/index.php\/wp-json\/wp\/v2\/categories?post=216034"},{"taxonomy":"post_tag","embeddable":true,"href":"https:\/\/www.gaveanews.com\/index.php\/wp-json\/wp\/v2\/tags?post=216034"}],"curies":[{"name":"wp","href":"https:\/\/api.w.org\/{rel}","templated":true}]}}