{"id":216307,"date":"2025-01-22T16:00:38","date_gmt":"2025-01-22T19:00:38","guid":{"rendered":"https:\/\/www.gaveanews.com\/?p=216307"},"modified":"2025-01-22T13:59:13","modified_gmt":"2025-01-22T16:59:13","slug":"atualizacao-sobre-a-chegada-de-jorginho-ao-flamengo","status":"publish","type":"post","link":"https:\/\/www.gaveanews.com\/index.php\/2025\/01\/22\/atualizacao-sobre-a-chegada-de-jorginho-ao-flamengo\/","title":{"rendered":"Atualiza\u00e7\u00e3o sobre a chegada de Jorginho ao Flamengo"},"content":{"rendered":"\n<p>As conversas entre Flamengo e Jorginho, volante \u00edtalo-brasileiro do Arsenal, esfriaram nas \u00faltimas semanas. O motivo? Uma diverg\u00eancia significativa nos valores. Enquanto os torcedores sonham com a chegada do jogador, o clube adota cautela. Ser\u00e1 que o Rubro-Negro ceder\u00e1 para realizar a contrata\u00e7\u00e3o?<\/p>\n\n\n\n<ul class=\"wp-block-list\">\n<li><a href=\"https:\/\/www.gaveanews.com\/index.php\/2025\/01\/21\/idolo-do-flamengo-anuncia-aposentadoria\/\">\u00cddolo do Flamengo anuncia aposentadoria<\/a><\/li>\n\n\n\n<li><a href=\"https:\/\/www.gaveanews.com\/index.php\/2025\/01\/22\/flamengo-negocia-com-jogador-do-internacional\/\">Flamengo negocia com jogador do Internacional<\/a><\/li>\n<\/ul>\n\n\n\n<h2 class=\"wp-block-heading\" id=\"h-disputa-por-valores-trava-o-negocio\">Disputa por valores trava o neg\u00f3cio<\/h2>\n\n\n\n<p>O Flamengo apresentou uma proposta de pouco mais de 10 milh\u00f5es de euros (R$ 63 milh\u00f5es) em luvas e sal\u00e1rios para um contrato de tr\u00eas anos. No entanto, Jorginho exige 13 milh\u00f5es de euros (R$ 82 milh\u00f5es) para o mesmo per\u00edodo, justificando que o valor est\u00e1 abaixo do padr\u00e3o do seu contrato atual com o Arsenal. Vale destacar que a diferen\u00e7a de quase 3 milh\u00f5es de euros tem sido o principal entrave.<\/p>\n\n\n\n<p>Al\u00e9m disso, cabe ressaltar que o jogador ainda n\u00e3o negociou diretamente com o Arsenal sobre sua libera\u00e7\u00e3o sem custos, algo que s\u00f3 acontecer\u00e1 caso um acordo com o Flamengo seja alcan\u00e7ado. Por isso, a negocia\u00e7\u00e3o permanece estagnada, com ambas as partes aguardando quem dar\u00e1 o pr\u00f3ximo passo.<\/p>\n\n\n\n<blockquote class=\"twitter-tweet\"><p lang=\"pt\" dir=\"ltr\">\u26a0\ufe0f Negocia\u00e7\u00f5es entre Flamengo e Jorginho esfriam.<br><br>As conversas esbarram na quest\u00e3o financeira. A diferen\u00e7a entre a pedida do volante e a proposta rubro-negra \u00e9 de cerca de 3 milh\u00f5es de euros (R$ 18,8 milh\u00f5es).<br><br>O Flamengo oferece pouco mais de 10 milh\u00f5es de euros (R$ 63 milh\u00f5es)\u2026 <a href=\"https:\/\/t.co\/9DQNlA980t\">pic.twitter.com\/9DQNlA980t<\/a><\/p>&mdash; Planeta do Futebol \ud83c\udf0e (@futebol_info) <a href=\"https:\/\/twitter.com\/futebol_info\/status\/1882052483888906368?ref_src=twsrc%5Etfw\">January 22, 2025<\/a><\/blockquote> <script async src=\"https:\/\/platform.twitter.com\/widgets.js\" charset=\"utf-8\"><\/script>\n\n\n\n<h2 class=\"wp-block-heading\" id=\"h-arsenal-avalia-renovacao\">Arsenal avalia renova\u00e7\u00e3o<\/h2>\n\n\n\n<p>Dessa maneira, o Flamengo ainda n\u00e3o descartou totalmente a contrata\u00e7\u00e3o, mas sabe que ser\u00e1 necess\u00e1rio um gesto de flexibiliza\u00e7\u00e3o por parte de Jorginho. Sendo assim, o discurso interno no clube \u00e9 claro: o volante precisa demonstrar interesse real em vestir a camisa rubro-negra e ajustar sua pedida financeira.<\/p>\n\n\n\n<p>Enquanto isso, o Arsenal avalia uma poss\u00edvel renova\u00e7\u00e3o do contrato do jogador, que se encerra em junho deste ano. Apesar disso, a prioridade de Jorginho \u00e9 atuar mais minutos, o que o levou a buscar alternativas no mercado.<\/p>\n\n\n\n<p>Com isso, o Flamengo segue atento \u00e0 situa\u00e7\u00e3o, mas tamb\u00e9m negocia com outros refor\u00e7os, como o zagueiro e lateral Danilo, cujo acerto para um contrato de dois anos est\u00e1 bem encaminhado. Al\u00e9m de Danilo, o clube j\u00e1 anunciou Juninho, ex-Qarabag, como refor\u00e7o para 2025.<\/p>\n","protected":false},"excerpt":{"rendered":"<p>As conversas entre Flamengo e Jorginho, volante \u00edtalo-brasileiro do Arsenal, esfriaram nas \u00faltimas semanas. O motivo? Uma diverg\u00eancia significativa nos valores. Enquanto os torcedores sonham com a chegada do jogador, o clube adota cautela. Ser\u00e1 que o Rubro-Negro ceder\u00e1 para realizar a contrata\u00e7\u00e3o? Disputa por valores trava o neg\u00f3cio O Flamengo apresentou uma proposta de [&hellip;]<\/p>\n","protected":false},"author":24,"featured_media":124380,"comment_status":"open","ping_status":"closed","sticky":false,"template":"","format":"standard","meta":{"footnotes":""},"categories":[91,1],"tags":[],"class_list":["post-216307","post","type-post","status-publish","format-standard","has-post-thumbnail","hentry","category-arsenal","category-flamengo"],"yoast_head":"<!-- This site is optimized with the Yoast SEO Premium plugin v24.2 (Yoast SEO v26.9) - https:\/\/yoast.com\/product\/yoast-seo-premium-wordpress\/ -->\n<title>Atualiza\u00e7\u00e3o sobre a chegada de Jorginho ao Flamengo<\/title>\n<meta name=\"robots\" content=\"index, follow, max-snippet:-1, max-image-preview:large, max-video-preview:-1\" \/>\n<link rel=\"canonical\" href=\"https:\/\/www.gaveanews.com\/index.php\/2025\/01\/22\/atualizacao-sobre-a-chegada-de-jorginho-ao-flamengo\/\" \/>\n<meta property=\"og:locale\" content=\"pt_BR\" \/>\n<meta property=\"og:type\" content=\"article\" \/>\n<meta property=\"og:title\" content=\"Atualiza\u00e7\u00e3o sobre a chegada de Jorginho ao Flamengo\" \/>\n<meta property=\"og:description\" content=\"As conversas entre Flamengo e Jorginho, volante \u00edtalo-brasileiro do Arsenal, esfriaram nas \u00faltimas semanas. O motivo? Uma diverg\u00eancia significativa nos valores. Enquanto os torcedores sonham com a chegada do jogador, o clube adota cautela. Ser\u00e1 que o Rubro-Negro ceder\u00e1 para realizar a contrata\u00e7\u00e3o? Disputa por valores trava o neg\u00f3cio O Flamengo apresentou uma proposta de [&hellip;]\" \/>\n<meta property=\"og:url\" content=\"https:\/\/www.gaveanews.com\/index.php\/2025\/01\/22\/atualizacao-sobre-a-chegada-de-jorginho-ao-flamengo\/\" \/>\n<meta property=\"og:site_name\" content=\"G\u00e1vea News\" \/>\n<meta property=\"article:publisher\" content=\"https:\/\/facebook.com\/gaveaNews\/\" \/>\n<meta property=\"article:published_time\" content=\"2025-01-22T19:00:38+00:00\" \/>\n<meta property=\"og:image\" content=\"https:\/\/www.gaveanews.com\/wp-content\/uploads\/jorginhofrello_1706562684408-edited.webp\" \/>\n\t<meta property=\"og:image:width\" content=\"720\" \/>\n\t<meta property=\"og:image:height\" content=\"480\" \/>\n\t<meta property=\"og:image:type\" content=\"image\/jpeg\" \/>\n<meta name=\"author\" content=\"Leandro Cardoso\" \/>\n<meta name=\"twitter:card\" content=\"summary_large_image\" \/>\n<meta name=\"twitter:label1\" content=\"Escrito por\" \/>\n\t<meta name=\"twitter:data1\" content=\"Leandro Cardoso\" \/>\n\t<meta name=\"twitter:label2\" content=\"Est. tempo de leitura\" \/>\n\t<meta name=\"twitter:data2\" content=\"2 minutos\" \/>\n<script type=\"application\/ld+json\" class=\"yoast-schema-graph\">{\"@context\":\"https:\/\/schema.org\",\"@graph\":[{\"@type\":\"NewsArticle\",\"@id\":\"https:\/\/www.gaveanews.com\/index.php\/2025\/01\/22\/atualizacao-sobre-a-chegada-de-jorginho-ao-flamengo\/#article\",\"isPartOf\":{\"@id\":\"https:\/\/www.gaveanews.com\/index.php\/2025\/01\/22\/atualizacao-sobre-a-chegada-de-jorginho-ao-flamengo\/\"},\"author\":{\"name\":\"Leandro Cardoso\",\"@id\":\"https:\/\/www.gaveanews.com\/#\/schema\/person\/2424ec6409bc3f068411fc5e4e9b6168\"},\"headline\":\"Atualiza\u00e7\u00e3o sobre a chegada de Jorginho ao Flamengo\",\"datePublished\":\"2025-01-22T19:00:38+00:00\",\"mainEntityOfPage\":{\"@id\":\"https:\/\/www.gaveanews.com\/index.php\/2025\/01\/22\/atualizacao-sobre-a-chegada-de-jorginho-ao-flamengo\/\"},\"wordCount\":404,\"commentCount\":0,\"image\":{\"@id\":\"https:\/\/www.gaveanews.com\/index.php\/2025\/01\/22\/atualizacao-sobre-a-chegada-de-jorginho-ao-flamengo\/#primaryimage\"},\"thumbnailUrl\":\"https:\/\/www.gaveanews.com\/wp-content\/uploads\/jorginhofrello_1706562684408-edited.webp\",\"articleSection\":[\"Arsenal\",\"Flamengo\"],\"inLanguage\":\"pt-BR\",\"potentialAction\":[{\"@type\":\"CommentAction\",\"name\":\"Comment\",\"target\":[\"https:\/\/www.gaveanews.com\/index.php\/2025\/01\/22\/atualizacao-sobre-a-chegada-de-jorginho-ao-flamengo\/#respond\"]}],\"copyrightYear\":\"2025\",\"copyrightHolder\":{\"@id\":\"https:\/\/www.gaveanews.com\/#organization\"}},{\"@type\":\"WebPage\",\"@id\":\"https:\/\/www.gaveanews.com\/index.php\/2025\/01\/22\/atualizacao-sobre-a-chegada-de-jorginho-ao-flamengo\/\",\"url\":\"https:\/\/www.gaveanews.com\/index.php\/2025\/01\/22\/atualizacao-sobre-a-chegada-de-jorginho-ao-flamengo\/\",\"name\":\"Atualiza\u00e7\u00e3o sobre a chegada de Jorginho ao Flamengo\",\"isPartOf\":{\"@id\":\"https:\/\/www.gaveanews.com\/#website\"},\"primaryImageOfPage\":{\"@id\":\"https:\/\/www.gaveanews.com\/index.php\/2025\/01\/22\/atualizacao-sobre-a-chegada-de-jorginho-ao-flamengo\/#primaryimage\"},\"image\":{\"@id\":\"https:\/\/www.gaveanews.com\/index.php\/2025\/01\/22\/atualizacao-sobre-a-chegada-de-jorginho-ao-flamengo\/#primaryimage\"},\"thumbnailUrl\":\"https:\/\/www.gaveanews.com\/wp-content\/uploads\/jorginhofrello_1706562684408-edited.webp\",\"datePublished\":\"2025-01-22T19:00:38+00:00\",\"author\":{\"@id\":\"https:\/\/www.gaveanews.com\/#\/schema\/person\/2424ec6409bc3f068411fc5e4e9b6168\"},\"breadcrumb\":{\"@id\":\"https:\/\/www.gaveanews.com\/index.php\/2025\/01\/22\/atualizacao-sobre-a-chegada-de-jorginho-ao-flamengo\/#breadcrumb\"},\"inLanguage\":\"pt-BR\",\"potentialAction\":[{\"@type\":\"ReadAction\",\"target\":[\"https:\/\/www.gaveanews.com\/index.php\/2025\/01\/22\/atualizacao-sobre-a-chegada-de-jorginho-ao-flamengo\/\"]}]},{\"@type\":\"ImageObject\",\"inLanguage\":\"pt-BR\",\"@id\":\"https:\/\/www.gaveanews.com\/index.php\/2025\/01\/22\/atualizacao-sobre-a-chegada-de-jorginho-ao-flamengo\/#primaryimage\",\"url\":\"https:\/\/www.gaveanews.com\/wp-content\/uploads\/jorginhofrello_1706562684408-edited.webp\",\"contentUrl\":\"https:\/\/www.gaveanews.com\/wp-content\/uploads\/jorginhofrello_1706562684408-edited.webp\",\"width\":720,\"height\":480,\"caption\":\"Jorginho pela sele\u00e7\u00e3o da It\u00e1lia (Foto: Reprodu\u00e7\u00e3o\/Instagram)\"},{\"@type\":\"BreadcrumbList\",\"@id\":\"https:\/\/www.gaveanews.com\/index.php\/2025\/01\/22\/atualizacao-sobre-a-chegada-de-jorginho-ao-flamengo\/#breadcrumb\",\"itemListElement\":[{\"@type\":\"ListItem\",\"position\":1,\"name\":\"Home\",\"item\":\"https:\/\/www.gaveanews.com\/\"},{\"@type\":\"ListItem\",\"position\":2,\"name\":\"Atualiza\u00e7\u00e3o sobre a chegada de Jorginho ao Flamengo\"}]},{\"@type\":\"WebSite\",\"@id\":\"https:\/\/www.gaveanews.com\/#website\",\"url\":\"https:\/\/www.gaveanews.com\/\",\"name\":\"G\u00e1vea News\",\"description\":\"Veja todas as not\u00edcias sobre o Flamengo: Contrata\u00e7\u00f5es, categorias de base, resultados das partidas, tabela de classifica\u00e7\u00e3o, pr\u00f3ximos jogos!\",\"potentialAction\":[{\"@type\":\"SearchAction\",\"target\":{\"@type\":\"EntryPoint\",\"urlTemplate\":\"https:\/\/www.gaveanews.com\/?s={search_term_string}\"},\"query-input\":{\"@type\":\"PropertyValueSpecification\",\"valueRequired\":true,\"valueName\":\"search_term_string\"}}],\"inLanguage\":\"pt-BR\"},{\"@type\":\"Person\",\"@id\":\"https:\/\/www.gaveanews.com\/#\/schema\/person\/2424ec6409bc3f068411fc5e4e9b6168\",\"name\":\"Leandro Cardoso\",\"image\":{\"@type\":\"ImageObject\",\"inLanguage\":\"pt-BR\",\"@id\":\"https:\/\/www.gaveanews.com\/#\/schema\/person\/image\/\",\"url\":\"https:\/\/secure.gravatar.com\/avatar\/8ca179f9b55eefe9f376f5493ef25475bfa59fbc28ce937f6076ce20e523098f?s=96&d=mm&r=g\",\"contentUrl\":\"https:\/\/secure.gravatar.com\/avatar\/8ca179f9b55eefe9f376f5493ef25475bfa59fbc28ce937f6076ce20e523098f?s=96&d=mm&r=g\",\"caption\":\"Leandro Cardoso\"}}]}<\/script>\n<!-- \/ Yoast SEO Premium plugin. -->","yoast_head_json":{"title":"Atualiza\u00e7\u00e3o sobre a chegada de Jorginho ao Flamengo","robots":{"index":"index","follow":"follow","max-snippet":"max-snippet:-1","max-image-preview":"max-image-preview:large","max-video-preview":"max-video-preview:-1"},"canonical":"https:\/\/www.gaveanews.com\/index.php\/2025\/01\/22\/atualizacao-sobre-a-chegada-de-jorginho-ao-flamengo\/","og_locale":"pt_BR","og_type":"article","og_title":"Atualiza\u00e7\u00e3o sobre a chegada de Jorginho ao Flamengo","og_description":"As conversas entre Flamengo e Jorginho, volante \u00edtalo-brasileiro do Arsenal, esfriaram nas \u00faltimas semanas. O motivo? Uma diverg\u00eancia significativa nos valores. Enquanto os torcedores sonham com a chegada do jogador, o clube adota cautela. Ser\u00e1 que o Rubro-Negro ceder\u00e1 para realizar a contrata\u00e7\u00e3o? Disputa por valores trava o neg\u00f3cio O Flamengo apresentou uma proposta de [&hellip;]","og_url":"https:\/\/www.gaveanews.com\/index.php\/2025\/01\/22\/atualizacao-sobre-a-chegada-de-jorginho-ao-flamengo\/","og_site_name":"G\u00e1vea News","article_publisher":"https:\/\/facebook.com\/gaveaNews\/","article_published_time":"2025-01-22T19:00:38+00:00","og_image":[{"width":720,"height":480,"url":"https:\/\/www.gaveanews.com\/wp-content\/uploads\/jorginhofrello_1706562684408-edited.webp","type":"image\/jpeg"}],"author":"Leandro Cardoso","twitter_card":"summary_large_image","twitter_misc":{"Escrito por":"Leandro Cardoso","Est. tempo de leitura":"2 minutos"},"schema":{"@context":"https:\/\/schema.org","@graph":[{"@type":"NewsArticle","@id":"https:\/\/www.gaveanews.com\/index.php\/2025\/01\/22\/atualizacao-sobre-a-chegada-de-jorginho-ao-flamengo\/#article","isPartOf":{"@id":"https:\/\/www.gaveanews.com\/index.php\/2025\/01\/22\/atualizacao-sobre-a-chegada-de-jorginho-ao-flamengo\/"},"author":{"name":"Leandro Cardoso","@id":"https:\/\/www.gaveanews.com\/#\/schema\/person\/2424ec6409bc3f068411fc5e4e9b6168"},"headline":"Atualiza\u00e7\u00e3o sobre a chegada de Jorginho ao Flamengo","datePublished":"2025-01-22T19:00:38+00:00","mainEntityOfPage":{"@id":"https:\/\/www.gaveanews.com\/index.php\/2025\/01\/22\/atualizacao-sobre-a-chegada-de-jorginho-ao-flamengo\/"},"wordCount":404,"commentCount":0,"image":{"@id":"https:\/\/www.gaveanews.com\/index.php\/2025\/01\/22\/atualizacao-sobre-a-chegada-de-jorginho-ao-flamengo\/#primaryimage"},"thumbnailUrl":"https:\/\/www.gaveanews.com\/wp-content\/uploads\/jorginhofrello_1706562684408-edited.webp","articleSection":["Arsenal","Flamengo"],"inLanguage":"pt-BR","potentialAction":[{"@type":"CommentAction","name":"Comment","target":["https:\/\/www.gaveanews.com\/index.php\/2025\/01\/22\/atualizacao-sobre-a-chegada-de-jorginho-ao-flamengo\/#respond"]}],"copyrightYear":"2025","copyrightHolder":{"@id":"https:\/\/www.gaveanews.com\/#organization"}},{"@type":"WebPage","@id":"https:\/\/www.gaveanews.com\/index.php\/2025\/01\/22\/atualizacao-sobre-a-chegada-de-jorginho-ao-flamengo\/","url":"https:\/\/www.gaveanews.com\/index.php\/2025\/01\/22\/atualizacao-sobre-a-chegada-de-jorginho-ao-flamengo\/","name":"Atualiza\u00e7\u00e3o sobre a chegada de Jorginho ao Flamengo","isPartOf":{"@id":"https:\/\/www.gaveanews.com\/#website"},"primaryImageOfPage":{"@id":"https:\/\/www.gaveanews.com\/index.php\/2025\/01\/22\/atualizacao-sobre-a-chegada-de-jorginho-ao-flamengo\/#primaryimage"},"image":{"@id":"https:\/\/www.gaveanews.com\/index.php\/2025\/01\/22\/atualizacao-sobre-a-chegada-de-jorginho-ao-flamengo\/#primaryimage"},"thumbnailUrl":"https:\/\/www.gaveanews.com\/wp-content\/uploads\/jorginhofrello_1706562684408-edited.webp","datePublished":"2025-01-22T19:00:38+00:00","author":{"@id":"https:\/\/www.gaveanews.com\/#\/schema\/person\/2424ec6409bc3f068411fc5e4e9b6168"},"breadcrumb":{"@id":"https:\/\/www.gaveanews.com\/index.php\/2025\/01\/22\/atualizacao-sobre-a-chegada-de-jorginho-ao-flamengo\/#breadcrumb"},"inLanguage":"pt-BR","potentialAction":[{"@type":"ReadAction","target":["https:\/\/www.gaveanews.com\/index.php\/2025\/01\/22\/atualizacao-sobre-a-chegada-de-jorginho-ao-flamengo\/"]}]},{"@type":"ImageObject","inLanguage":"pt-BR","@id":"https:\/\/www.gaveanews.com\/index.php\/2025\/01\/22\/atualizacao-sobre-a-chegada-de-jorginho-ao-flamengo\/#primaryimage","url":"https:\/\/www.gaveanews.com\/wp-content\/uploads\/jorginhofrello_1706562684408-edited.webp","contentUrl":"https:\/\/www.gaveanews.com\/wp-content\/uploads\/jorginhofrello_1706562684408-edited.webp","width":720,"height":480,"caption":"Jorginho pela sele\u00e7\u00e3o da It\u00e1lia (Foto: Reprodu\u00e7\u00e3o\/Instagram)"},{"@type":"BreadcrumbList","@id":"https:\/\/www.gaveanews.com\/index.php\/2025\/01\/22\/atualizacao-sobre-a-chegada-de-jorginho-ao-flamengo\/#breadcrumb","itemListElement":[{"@type":"ListItem","position":1,"name":"Home","item":"https:\/\/www.gaveanews.com\/"},{"@type":"ListItem","position":2,"name":"Atualiza\u00e7\u00e3o sobre a chegada de Jorginho ao Flamengo"}]},{"@type":"WebSite","@id":"https:\/\/www.gaveanews.com\/#website","url":"https:\/\/www.gaveanews.com\/","name":"G\u00e1vea News","description":"Veja todas as not\u00edcias sobre o Flamengo: Contrata\u00e7\u00f5es, categorias de base, resultados das partidas, tabela de classifica\u00e7\u00e3o, pr\u00f3ximos jogos!","potentialAction":[{"@type":"SearchAction","target":{"@type":"EntryPoint","urlTemplate":"https:\/\/www.gaveanews.com\/?s={search_term_string}"},"query-input":{"@type":"PropertyValueSpecification","valueRequired":true,"valueName":"search_term_string"}}],"inLanguage":"pt-BR"},{"@type":"Person","@id":"https:\/\/www.gaveanews.com\/#\/schema\/person\/2424ec6409bc3f068411fc5e4e9b6168","name":"Leandro Cardoso","image":{"@type":"ImageObject","inLanguage":"pt-BR","@id":"https:\/\/www.gaveanews.com\/#\/schema\/person\/image\/","url":"https:\/\/secure.gravatar.com\/avatar\/8ca179f9b55eefe9f376f5493ef25475bfa59fbc28ce937f6076ce20e523098f?s=96&d=mm&r=g","contentUrl":"https:\/\/secure.gravatar.com\/avatar\/8ca179f9b55eefe9f376f5493ef25475bfa59fbc28ce937f6076ce20e523098f?s=96&d=mm&r=g","caption":"Leandro Cardoso"}}]}},"_links":{"self":[{"href":"https:\/\/www.gaveanews.com\/index.php\/wp-json\/wp\/v2\/posts\/216307","targetHints":{"allow":["GET"]}}],"collection":[{"href":"https:\/\/www.gaveanews.com\/index.php\/wp-json\/wp\/v2\/posts"}],"about":[{"href":"https:\/\/www.gaveanews.com\/index.php\/wp-json\/wp\/v2\/types\/post"}],"author":[{"embeddable":true,"href":"https:\/\/www.gaveanews.com\/index.php\/wp-json\/wp\/v2\/users\/24"}],"replies":[{"embeddable":true,"href":"https:\/\/www.gaveanews.com\/index.php\/wp-json\/wp\/v2\/comments?post=216307"}],"version-history":[{"count":1,"href":"https:\/\/www.gaveanews.com\/index.php\/wp-json\/wp\/v2\/posts\/216307\/revisions"}],"predecessor-version":[{"id":216310,"href":"https:\/\/www.gaveanews.com\/index.php\/wp-json\/wp\/v2\/posts\/216307\/revisions\/216310"}],"wp:featuredmedia":[{"embeddable":true,"href":"https:\/\/www.gaveanews.com\/index.php\/wp-json\/wp\/v2\/media\/124380"}],"wp:attachment":[{"href":"https:\/\/www.gaveanews.com\/index.php\/wp-json\/wp\/v2\/media?parent=216307"}],"wp:term":[{"taxonomy":"category","embeddable":true,"href":"https:\/\/www.gaveanews.com\/index.php\/wp-json\/wp\/v2\/categories?post=216307"},{"taxonomy":"post_tag","embeddable":true,"href":"https:\/\/www.gaveanews.com\/index.php\/wp-json\/wp\/v2\/tags?post=216307"}],"curies":[{"name":"wp","href":"https:\/\/api.w.org\/{rel}","templated":true}]}}