{"id":216392,"date":"2025-01-22T19:05:00","date_gmt":"2025-01-22T22:05:00","guid":{"rendered":"https:\/\/www.gaveanews.com\/?p=216392"},"modified":"2025-01-22T17:33:08","modified_gmt":"2025-01-22T20:33:08","slug":"mais-de-r-350-milhoes-veja-o-orcamento-do-botafogo-para-contratacoes-em-2025","status":"publish","type":"post","link":"https:\/\/www.gaveanews.com\/index.php\/2025\/01\/22\/mais-de-r-350-milhoes-veja-o-orcamento-do-botafogo-para-contratacoes-em-2025\/","title":{"rendered":"Mais de R$ 350 milh\u00f5es! Veja o or\u00e7amento do Botafogo para contrata\u00e7\u00f5es em 2025"},"content":{"rendered":"\n<p>O Botafogo de John Textor est\u00e1 determinado a seguir forte no mercado em 2025. Em uma entrevista exclusiva \u00e0 revista <em>Placar<\/em>, o empres\u00e1rio revelou que o clube alvinegro contar\u00e1 com um or\u00e7amento robusto para refor\u00e7ar o elenco e manter o n\u00edvel de competitividade observado em 2024.&nbsp;<\/p>\n\n\n\n<ul class=\"wp-block-list\">\n<li><a href=\"https:\/\/www.gaveanews.com\/index.php\/2025\/01\/21\/botafogo-abre-conversas-para-contracao-de-tecnico\/\">Botafogo abre conversas para contra\u00e7\u00e3o de t\u00e9cnico<\/a><\/li>\n\n\n\n<li><a href=\"https:\/\/www.gaveanews.com\/index.php\/2025\/01\/21\/botafogo-emite-nota-oficial-sobre-luiz-henrique\/\">Botafogo emite nota oficial sobre Luiz Henrique<\/a><\/li>\n<\/ul>\n\n\n\n<p>Com um investimento previsto de 60 milh\u00f5es de d\u00f3lares, ou cerca de R$ 360 milh\u00f5es, o Botafogo promete movimentar o mercado e refor\u00e7ar seu elenco para os pr\u00f3ximos desafios.<\/p>\n\n\n\n<h2 class=\"wp-block-heading\" id=\"h-o-que-esperar-dos-reforcos-do-botafogo-em-2025\">O que esperar dos refor\u00e7os do Botafogo em 2025?<\/h2>\n\n\n\n<p>Em sua declara\u00e7\u00e3o, Textor deixa claro que o objetivo \u00e9 fortalecer o time de forma gradual, mas consistente.&nbsp;<\/p>\n\n\n\n<p>&#8220;Certamente n\u00f3s seremos t\u00e3o fortes quanto 2024. Nosso or\u00e7amento para refor\u00e7os este ano \u00e9 de 60 milh\u00f5es de d\u00f3lares (R$ 360 milh\u00f5es). \u00c9 um investimento pesado&#8221;, afirmou o presidente do clube.&nbsp;<\/p>\n\n\n\n<p>Com isso, o Botafogo se coloca em uma posi\u00e7\u00e3o privilegiada para disputar t\u00edtulos importantes em 2025, ao lado dos maiores clubes brasileiros.<\/p>\n\n\n\n<p>Vale destacar que, al\u00e9m do investimento significativo, a diretoria alvinegra planeja uma estrat\u00e9gia de contrata\u00e7\u00f5es que ser\u00e1 feita ao longo do tempo, e n\u00e3o de forma imediata.&nbsp;<\/p>\n\n\n\n<p>&#8220;Os refor\u00e7os n\u00e3o chegar\u00e3o no mesmo dia juntos. Vamos contratar at\u00e9 o come\u00e7o da temporada, em abril&#8221;, completou Textor. Embora o valor seja expressivo, o clube pretende realizar aquisi\u00e7\u00f5es que tragam reais melhorias no elenco, sem pressa, mas com a devida qualidade.<\/p>\n\n\n\n<blockquote class=\"twitter-tweet\"><p lang=\"pt\" dir=\"ltr\">Em entrevista \u00e0 Placar, John Textor revela valor que o Botafogo investir\u00e1 em refor\u00e7os em 2025:<br><br>&quot;Certamente n\u00f3s seremos t\u00e3o fortes quanto 2024. Nosso or\u00e7amento para refor\u00e7os este ano \u00e9 de 60 milh\u00f5es de d\u00f3lares (R$ 360 milh\u00f5es). \u00c9 um investimento pesado. Claro que alguns jogadores\u2026 <a href=\"https:\/\/t.co\/DQPxxpLOZJ\">pic.twitter.com\/DQPxxpLOZJ<\/a><\/p>&mdash; Planeta do Futebol \ud83c\udf0e (@futebol_info) <a href=\"https:\/\/twitter.com\/futebol_info\/status\/1882112708281028834?ref_src=twsrc%5Etfw\">January 22, 2025<\/a><\/blockquote> <script async src=\"https:\/\/platform.twitter.com\/widgets.js\" charset=\"utf-8\"><\/script>\n\n\n\n<h2 class=\"wp-block-heading\" id=\"h-a-meta-do-botafogo-para-2025\">A meta do Botafogo para 2025<\/h2>\n\n\n\n<p>Sendo assim, o Botafogo trabalha com o objetivo de n\u00e3o apenas manter a competitividade em 2025, mas tamb\u00e9m de dar um passo importante para o futuro. Com os refor\u00e7os planejados, Textor demonstra que o clube almeja alcan\u00e7ar resultados ainda melhores, sem deixar de lado a sua estrat\u00e9gia de valoriza\u00e7\u00e3o e estabilidade financeira.<\/p>\n\n\n\n<p>Com um or\u00e7amento t\u00e3o expressivo, o Botafogo tem condi\u00e7\u00f5es de se fortalecer em posi\u00e7\u00f5es-chave e, assim, competir de igual para igual com os principais clubes do pa\u00eds.&nbsp;<\/p>\n\n\n\n<p>Dessa maneira, a temporada 2025 promete ser ainda mais desafiadora para os advers\u00e1rios do time carioca.<\/p>\n","protected":false},"excerpt":{"rendered":"<p>O Botafogo de John Textor est\u00e1 determinado a seguir forte no mercado em 2025. Em uma entrevista exclusiva \u00e0 revista Placar, o empres\u00e1rio revelou que o clube alvinegro contar\u00e1 com um or\u00e7amento robusto para refor\u00e7ar o elenco e manter o n\u00edvel de competitividade observado em 2024.&nbsp; Com um investimento previsto de 60 milh\u00f5es de d\u00f3lares, [&hellip;]<\/p>\n","protected":false},"author":25,"featured_media":146326,"comment_status":"open","ping_status":"closed","sticky":false,"template":"","format":"standard","meta":{"footnotes":""},"categories":[138],"tags":[],"class_list":["post-216392","post","type-post","status-publish","format-standard","has-post-thumbnail","hentry","category-botafogo"],"yoast_head":"<!-- This site is optimized with the Yoast SEO Premium plugin v24.2 (Yoast SEO v26.9) - https:\/\/yoast.com\/product\/yoast-seo-premium-wordpress\/ -->\n<title>Mais de R$ 350 milh\u00f5es! Veja o or\u00e7amento do Botafogo para contrata\u00e7\u00f5es em 2025<\/title>\n<meta name=\"robots\" content=\"index, follow, max-snippet:-1, max-image-preview:large, max-video-preview:-1\" \/>\n<link rel=\"canonical\" href=\"https:\/\/www.gaveanews.com\/index.php\/2025\/01\/22\/mais-de-r-350-milhoes-veja-o-orcamento-do-botafogo-para-contratacoes-em-2025\/\" \/>\n<meta property=\"og:locale\" content=\"pt_BR\" \/>\n<meta property=\"og:type\" content=\"article\" \/>\n<meta property=\"og:title\" content=\"Mais de R$ 350 milh\u00f5es! Veja o or\u00e7amento do Botafogo para contrata\u00e7\u00f5es em 2025\" \/>\n<meta property=\"og:description\" content=\"O Botafogo de John Textor est\u00e1 determinado a seguir forte no mercado em 2025. Em uma entrevista exclusiva \u00e0 revista Placar, o empres\u00e1rio revelou que o clube alvinegro contar\u00e1 com um or\u00e7amento robusto para refor\u00e7ar o elenco e manter o n\u00edvel de competitividade observado em 2024.&nbsp; Com um investimento previsto de 60 milh\u00f5es de d\u00f3lares, [&hellip;]\" \/>\n<meta property=\"og:url\" content=\"https:\/\/www.gaveanews.com\/index.php\/2025\/01\/22\/mais-de-r-350-milhoes-veja-o-orcamento-do-botafogo-para-contratacoes-em-2025\/\" \/>\n<meta property=\"og:site_name\" content=\"G\u00e1vea News\" \/>\n<meta property=\"article:publisher\" content=\"https:\/\/facebook.com\/gaveaNews\/\" \/>\n<meta property=\"article:published_time\" content=\"2025-01-22T22:05:00+00:00\" \/>\n<meta name=\"author\" content=\"Rafaela Ladeira\" \/>\n<meta name=\"twitter:card\" content=\"summary_large_image\" \/>\n<meta name=\"twitter:label1\" content=\"Escrito por\" \/>\n\t<meta name=\"twitter:data1\" content=\"Rafaela Ladeira\" \/>\n\t<meta name=\"twitter:label2\" content=\"Est. tempo de leitura\" \/>\n\t<meta name=\"twitter:data2\" content=\"3 minutos\" \/>\n<script type=\"application\/ld+json\" class=\"yoast-schema-graph\">{\"@context\":\"https:\/\/schema.org\",\"@graph\":[{\"@type\":\"NewsArticle\",\"@id\":\"https:\/\/www.gaveanews.com\/index.php\/2025\/01\/22\/mais-de-r-350-milhoes-veja-o-orcamento-do-botafogo-para-contratacoes-em-2025\/#article\",\"isPartOf\":{\"@id\":\"https:\/\/www.gaveanews.com\/index.php\/2025\/01\/22\/mais-de-r-350-milhoes-veja-o-orcamento-do-botafogo-para-contratacoes-em-2025\/\"},\"author\":{\"name\":\"Rafaela Ladeira\",\"@id\":\"https:\/\/www.gaveanews.com\/#\/schema\/person\/0eb3e3fe1754f0205218538adbe8f5ed\"},\"headline\":\"Mais de R$ 350 milh\u00f5es! Veja o or\u00e7amento do Botafogo para contrata\u00e7\u00f5es em 2025\",\"datePublished\":\"2025-01-22T22:05:00+00:00\",\"mainEntityOfPage\":{\"@id\":\"https:\/\/www.gaveanews.com\/index.php\/2025\/01\/22\/mais-de-r-350-milhoes-veja-o-orcamento-do-botafogo-para-contratacoes-em-2025\/\"},\"wordCount\":445,\"commentCount\":0,\"image\":{\"@id\":\"https:\/\/www.gaveanews.com\/index.php\/2025\/01\/22\/mais-de-r-350-milhoes-veja-o-orcamento-do-botafogo-para-contratacoes-em-2025\/#primaryimage\"},\"thumbnailUrl\":\"https:\/\/www.gaveanews.com\/wp-content\/uploads\/textor4.avif\",\"articleSection\":[\"Botafogo\"],\"inLanguage\":\"pt-BR\",\"potentialAction\":[{\"@type\":\"CommentAction\",\"name\":\"Comment\",\"target\":[\"https:\/\/www.gaveanews.com\/index.php\/2025\/01\/22\/mais-de-r-350-milhoes-veja-o-orcamento-do-botafogo-para-contratacoes-em-2025\/#respond\"]}],\"copyrightYear\":\"2025\",\"copyrightHolder\":{\"@id\":\"https:\/\/www.gaveanews.com\/#organization\"}},{\"@type\":\"WebPage\",\"@id\":\"https:\/\/www.gaveanews.com\/index.php\/2025\/01\/22\/mais-de-r-350-milhoes-veja-o-orcamento-do-botafogo-para-contratacoes-em-2025\/\",\"url\":\"https:\/\/www.gaveanews.com\/index.php\/2025\/01\/22\/mais-de-r-350-milhoes-veja-o-orcamento-do-botafogo-para-contratacoes-em-2025\/\",\"name\":\"Mais de R$ 350 milh\u00f5es! Veja o or\u00e7amento do Botafogo para contrata\u00e7\u00f5es em 2025\",\"isPartOf\":{\"@id\":\"https:\/\/www.gaveanews.com\/#website\"},\"primaryImageOfPage\":{\"@id\":\"https:\/\/www.gaveanews.com\/index.php\/2025\/01\/22\/mais-de-r-350-milhoes-veja-o-orcamento-do-botafogo-para-contratacoes-em-2025\/#primaryimage\"},\"image\":{\"@id\":\"https:\/\/www.gaveanews.com\/index.php\/2025\/01\/22\/mais-de-r-350-milhoes-veja-o-orcamento-do-botafogo-para-contratacoes-em-2025\/#primaryimage\"},\"thumbnailUrl\":\"https:\/\/www.gaveanews.com\/wp-content\/uploads\/textor4.avif\",\"datePublished\":\"2025-01-22T22:05:00+00:00\",\"author\":{\"@id\":\"https:\/\/www.gaveanews.com\/#\/schema\/person\/0eb3e3fe1754f0205218538adbe8f5ed\"},\"breadcrumb\":{\"@id\":\"https:\/\/www.gaveanews.com\/index.php\/2025\/01\/22\/mais-de-r-350-milhoes-veja-o-orcamento-do-botafogo-para-contratacoes-em-2025\/#breadcrumb\"},\"inLanguage\":\"pt-BR\",\"potentialAction\":[{\"@type\":\"ReadAction\",\"target\":[\"https:\/\/www.gaveanews.com\/index.php\/2025\/01\/22\/mais-de-r-350-milhoes-veja-o-orcamento-do-botafogo-para-contratacoes-em-2025\/\"]}]},{\"@type\":\"ImageObject\",\"inLanguage\":\"pt-BR\",\"@id\":\"https:\/\/www.gaveanews.com\/index.php\/2025\/01\/22\/mais-de-r-350-milhoes-veja-o-orcamento-do-botafogo-para-contratacoes-em-2025\/#primaryimage\",\"url\":\"https:\/\/www.gaveanews.com\/wp-content\/uploads\/textor4.avif\",\"contentUrl\":\"https:\/\/www.gaveanews.com\/wp-content\/uploads\/textor4.avif\",\"width\":888,\"height\":602,\"caption\":\"John Textor, dono da SAF do Botafogo \u2014 Foto: Reprodu\u00e7\u00e3o\"},{\"@type\":\"BreadcrumbList\",\"@id\":\"https:\/\/www.gaveanews.com\/index.php\/2025\/01\/22\/mais-de-r-350-milhoes-veja-o-orcamento-do-botafogo-para-contratacoes-em-2025\/#breadcrumb\",\"itemListElement\":[{\"@type\":\"ListItem\",\"position\":1,\"name\":\"Home\",\"item\":\"https:\/\/www.gaveanews.com\/\"},{\"@type\":\"ListItem\",\"position\":2,\"name\":\"Mais de R$ 350 milh\u00f5es! Veja o or\u00e7amento do Botafogo para contrata\u00e7\u00f5es em 2025\"}]},{\"@type\":\"WebSite\",\"@id\":\"https:\/\/www.gaveanews.com\/#website\",\"url\":\"https:\/\/www.gaveanews.com\/\",\"name\":\"G\u00e1vea News\",\"description\":\"Veja todas as not\u00edcias sobre o Flamengo: Contrata\u00e7\u00f5es, categorias de base, resultados das partidas, tabela de classifica\u00e7\u00e3o, pr\u00f3ximos jogos!\",\"potentialAction\":[{\"@type\":\"SearchAction\",\"target\":{\"@type\":\"EntryPoint\",\"urlTemplate\":\"https:\/\/www.gaveanews.com\/?s={search_term_string}\"},\"query-input\":{\"@type\":\"PropertyValueSpecification\",\"valueRequired\":true,\"valueName\":\"search_term_string\"}}],\"inLanguage\":\"pt-BR\"},{\"@type\":\"Person\",\"@id\":\"https:\/\/www.gaveanews.com\/#\/schema\/person\/0eb3e3fe1754f0205218538adbe8f5ed\",\"name\":\"Rafaela Ladeira\",\"image\":{\"@type\":\"ImageObject\",\"inLanguage\":\"pt-BR\",\"@id\":\"https:\/\/www.gaveanews.com\/#\/schema\/person\/image\/\",\"url\":\"https:\/\/secure.gravatar.com\/avatar\/c31f513acffd85eacab5730cbdfdbbf59f21ba5aeada8cd890acea879fbb2455?s=96&d=mm&r=g\",\"contentUrl\":\"https:\/\/secure.gravatar.com\/avatar\/c31f513acffd85eacab5730cbdfdbbf59f21ba5aeada8cd890acea879fbb2455?s=96&d=mm&r=g\",\"caption\":\"Rafaela Ladeira\"}}]}<\/script>\n<!-- \/ Yoast SEO Premium plugin. -->","yoast_head_json":{"title":"Mais de R$ 350 milh\u00f5es! Veja o or\u00e7amento do Botafogo para contrata\u00e7\u00f5es em 2025","robots":{"index":"index","follow":"follow","max-snippet":"max-snippet:-1","max-image-preview":"max-image-preview:large","max-video-preview":"max-video-preview:-1"},"canonical":"https:\/\/www.gaveanews.com\/index.php\/2025\/01\/22\/mais-de-r-350-milhoes-veja-o-orcamento-do-botafogo-para-contratacoes-em-2025\/","og_locale":"pt_BR","og_type":"article","og_title":"Mais de R$ 350 milh\u00f5es! Veja o or\u00e7amento do Botafogo para contrata\u00e7\u00f5es em 2025","og_description":"O Botafogo de John Textor est\u00e1 determinado a seguir forte no mercado em 2025. Em uma entrevista exclusiva \u00e0 revista Placar, o empres\u00e1rio revelou que o clube alvinegro contar\u00e1 com um or\u00e7amento robusto para refor\u00e7ar o elenco e manter o n\u00edvel de competitividade observado em 2024.&nbsp; Com um investimento previsto de 60 milh\u00f5es de d\u00f3lares, [&hellip;]","og_url":"https:\/\/www.gaveanews.com\/index.php\/2025\/01\/22\/mais-de-r-350-milhoes-veja-o-orcamento-do-botafogo-para-contratacoes-em-2025\/","og_site_name":"G\u00e1vea News","article_publisher":"https:\/\/facebook.com\/gaveaNews\/","article_published_time":"2025-01-22T22:05:00+00:00","author":"Rafaela Ladeira","twitter_card":"summary_large_image","twitter_misc":{"Escrito por":"Rafaela Ladeira","Est. tempo de leitura":"3 minutos"},"schema":{"@context":"https:\/\/schema.org","@graph":[{"@type":"NewsArticle","@id":"https:\/\/www.gaveanews.com\/index.php\/2025\/01\/22\/mais-de-r-350-milhoes-veja-o-orcamento-do-botafogo-para-contratacoes-em-2025\/#article","isPartOf":{"@id":"https:\/\/www.gaveanews.com\/index.php\/2025\/01\/22\/mais-de-r-350-milhoes-veja-o-orcamento-do-botafogo-para-contratacoes-em-2025\/"},"author":{"name":"Rafaela Ladeira","@id":"https:\/\/www.gaveanews.com\/#\/schema\/person\/0eb3e3fe1754f0205218538adbe8f5ed"},"headline":"Mais de R$ 350 milh\u00f5es! Veja o or\u00e7amento do Botafogo para contrata\u00e7\u00f5es em 2025","datePublished":"2025-01-22T22:05:00+00:00","mainEntityOfPage":{"@id":"https:\/\/www.gaveanews.com\/index.php\/2025\/01\/22\/mais-de-r-350-milhoes-veja-o-orcamento-do-botafogo-para-contratacoes-em-2025\/"},"wordCount":445,"commentCount":0,"image":{"@id":"https:\/\/www.gaveanews.com\/index.php\/2025\/01\/22\/mais-de-r-350-milhoes-veja-o-orcamento-do-botafogo-para-contratacoes-em-2025\/#primaryimage"},"thumbnailUrl":"https:\/\/www.gaveanews.com\/wp-content\/uploads\/textor4.avif","articleSection":["Botafogo"],"inLanguage":"pt-BR","potentialAction":[{"@type":"CommentAction","name":"Comment","target":["https:\/\/www.gaveanews.com\/index.php\/2025\/01\/22\/mais-de-r-350-milhoes-veja-o-orcamento-do-botafogo-para-contratacoes-em-2025\/#respond"]}],"copyrightYear":"2025","copyrightHolder":{"@id":"https:\/\/www.gaveanews.com\/#organization"}},{"@type":"WebPage","@id":"https:\/\/www.gaveanews.com\/index.php\/2025\/01\/22\/mais-de-r-350-milhoes-veja-o-orcamento-do-botafogo-para-contratacoes-em-2025\/","url":"https:\/\/www.gaveanews.com\/index.php\/2025\/01\/22\/mais-de-r-350-milhoes-veja-o-orcamento-do-botafogo-para-contratacoes-em-2025\/","name":"Mais de R$ 350 milh\u00f5es! Veja o or\u00e7amento do Botafogo para contrata\u00e7\u00f5es em 2025","isPartOf":{"@id":"https:\/\/www.gaveanews.com\/#website"},"primaryImageOfPage":{"@id":"https:\/\/www.gaveanews.com\/index.php\/2025\/01\/22\/mais-de-r-350-milhoes-veja-o-orcamento-do-botafogo-para-contratacoes-em-2025\/#primaryimage"},"image":{"@id":"https:\/\/www.gaveanews.com\/index.php\/2025\/01\/22\/mais-de-r-350-milhoes-veja-o-orcamento-do-botafogo-para-contratacoes-em-2025\/#primaryimage"},"thumbnailUrl":"https:\/\/www.gaveanews.com\/wp-content\/uploads\/textor4.avif","datePublished":"2025-01-22T22:05:00+00:00","author":{"@id":"https:\/\/www.gaveanews.com\/#\/schema\/person\/0eb3e3fe1754f0205218538adbe8f5ed"},"breadcrumb":{"@id":"https:\/\/www.gaveanews.com\/index.php\/2025\/01\/22\/mais-de-r-350-milhoes-veja-o-orcamento-do-botafogo-para-contratacoes-em-2025\/#breadcrumb"},"inLanguage":"pt-BR","potentialAction":[{"@type":"ReadAction","target":["https:\/\/www.gaveanews.com\/index.php\/2025\/01\/22\/mais-de-r-350-milhoes-veja-o-orcamento-do-botafogo-para-contratacoes-em-2025\/"]}]},{"@type":"ImageObject","inLanguage":"pt-BR","@id":"https:\/\/www.gaveanews.com\/index.php\/2025\/01\/22\/mais-de-r-350-milhoes-veja-o-orcamento-do-botafogo-para-contratacoes-em-2025\/#primaryimage","url":"https:\/\/www.gaveanews.com\/wp-content\/uploads\/textor4.avif","contentUrl":"https:\/\/www.gaveanews.com\/wp-content\/uploads\/textor4.avif","width":888,"height":602,"caption":"John Textor, dono da SAF do Botafogo \u2014 Foto: Reprodu\u00e7\u00e3o"},{"@type":"BreadcrumbList","@id":"https:\/\/www.gaveanews.com\/index.php\/2025\/01\/22\/mais-de-r-350-milhoes-veja-o-orcamento-do-botafogo-para-contratacoes-em-2025\/#breadcrumb","itemListElement":[{"@type":"ListItem","position":1,"name":"Home","item":"https:\/\/www.gaveanews.com\/"},{"@type":"ListItem","position":2,"name":"Mais de R$ 350 milh\u00f5es! Veja o or\u00e7amento do Botafogo para contrata\u00e7\u00f5es em 2025"}]},{"@type":"WebSite","@id":"https:\/\/www.gaveanews.com\/#website","url":"https:\/\/www.gaveanews.com\/","name":"G\u00e1vea News","description":"Veja todas as not\u00edcias sobre o Flamengo: Contrata\u00e7\u00f5es, categorias de base, resultados das partidas, tabela de classifica\u00e7\u00e3o, pr\u00f3ximos jogos!","potentialAction":[{"@type":"SearchAction","target":{"@type":"EntryPoint","urlTemplate":"https:\/\/www.gaveanews.com\/?s={search_term_string}"},"query-input":{"@type":"PropertyValueSpecification","valueRequired":true,"valueName":"search_term_string"}}],"inLanguage":"pt-BR"},{"@type":"Person","@id":"https:\/\/www.gaveanews.com\/#\/schema\/person\/0eb3e3fe1754f0205218538adbe8f5ed","name":"Rafaela Ladeira","image":{"@type":"ImageObject","inLanguage":"pt-BR","@id":"https:\/\/www.gaveanews.com\/#\/schema\/person\/image\/","url":"https:\/\/secure.gravatar.com\/avatar\/c31f513acffd85eacab5730cbdfdbbf59f21ba5aeada8cd890acea879fbb2455?s=96&d=mm&r=g","contentUrl":"https:\/\/secure.gravatar.com\/avatar\/c31f513acffd85eacab5730cbdfdbbf59f21ba5aeada8cd890acea879fbb2455?s=96&d=mm&r=g","caption":"Rafaela Ladeira"}}]}},"_links":{"self":[{"href":"https:\/\/www.gaveanews.com\/index.php\/wp-json\/wp\/v2\/posts\/216392","targetHints":{"allow":["GET"]}}],"collection":[{"href":"https:\/\/www.gaveanews.com\/index.php\/wp-json\/wp\/v2\/posts"}],"about":[{"href":"https:\/\/www.gaveanews.com\/index.php\/wp-json\/wp\/v2\/types\/post"}],"author":[{"embeddable":true,"href":"https:\/\/www.gaveanews.com\/index.php\/wp-json\/wp\/v2\/users\/25"}],"replies":[{"embeddable":true,"href":"https:\/\/www.gaveanews.com\/index.php\/wp-json\/wp\/v2\/comments?post=216392"}],"version-history":[{"count":2,"href":"https:\/\/www.gaveanews.com\/index.php\/wp-json\/wp\/v2\/posts\/216392\/revisions"}],"predecessor-version":[{"id":216432,"href":"https:\/\/www.gaveanews.com\/index.php\/wp-json\/wp\/v2\/posts\/216392\/revisions\/216432"}],"wp:featuredmedia":[{"embeddable":true,"href":"https:\/\/www.gaveanews.com\/index.php\/wp-json\/wp\/v2\/media\/146326"}],"wp:attachment":[{"href":"https:\/\/www.gaveanews.com\/index.php\/wp-json\/wp\/v2\/media?parent=216392"}],"wp:term":[{"taxonomy":"category","embeddable":true,"href":"https:\/\/www.gaveanews.com\/index.php\/wp-json\/wp\/v2\/categories?post=216392"},{"taxonomy":"post_tag","embeddable":true,"href":"https:\/\/www.gaveanews.com\/index.php\/wp-json\/wp\/v2\/tags?post=216392"}],"curies":[{"name":"wp","href":"https:\/\/api.w.org\/{rel}","templated":true}]}}