{"id":216681,"date":"2025-01-23T11:20:31","date_gmt":"2025-01-23T14:20:31","guid":{"rendered":"https:\/\/www.gaveanews.com\/?p=216681"},"modified":"2025-01-23T10:58:51","modified_gmt":"2025-01-23T13:58:51","slug":"atletico-mg-everson-planeja-realizar-sonho-no-clube","status":"publish","type":"post","link":"https:\/\/www.gaveanews.com\/index.php\/2025\/01\/23\/atletico-mg-everson-planeja-realizar-sonho-no-clube\/","title":{"rendered":"Atl\u00e9tico-MG: Everson planeja realizar sonho no clube"},"content":{"rendered":"\n<p>Durante a intertemporada, Everson renovou o contrato com o Atl\u00e9tico-MG at\u00e9 o fim de 2027. Em uma entrevista, ele revelou quais foram os motivos que o levaram a permanecer no clube, mesmo com ofertas para se transferir. Um deles, segundo ele, \u00e9 a \u201crealiza\u00e7\u00e3o de um sonho\u201d.<\/p>\n\n\n\n<ul class=\"wp-block-list\">\n<li><a href=\"https:\/\/www.gaveanews.com\/index.php\/2025\/01\/23\/emprestimo-de-rabello-e-palacios-chegada-de-cuello-e-os-jogadores-mais-antigo-as-ultimas-noticias-do-atletico-mg\/\">Empr\u00e9stimo de Rabello e Palacios, chegada de Cuello e os jogadores mais antigo: as \u00faltimas not\u00edcias do Atl\u00e9tico-MG<\/a><\/li>\n\n\n\n<li><a href=\"https:\/\/www.gaveanews.com\/index.php\/2025\/01\/23\/fagner-felipe-melo-kannemann-battaglia-alan-franco-hugo-moura-gustavo-gomez-ferraresi-felipinho-diego-costa-torcedores-elegem-o-jogador-mais-violento-do-brasil\/\">Fagner, Felipe Melo, Kannemann, Battaglia, Alan Franco, Hugo Moura, Gustavo G\u00f3mez, Ferraresi, Felipinho, Diego Costa: torcedores elegem o jogador mais violento do Brasil<\/a><\/li>\n<\/ul>\n\n\n\n<p>No clube desde a metade de 2020, Everson conquistou quatro t\u00edtulos do Campeonato Mineiro, um do Campeonato Brasileiro e um da Copa do Brasil e se tornou um dos maiores \u00eddolos da hist\u00f3ria recente do Galo.<\/p>\n\n\n\n<p>No entanto, o v\u00ednculo dele com o clube estava se encerrando e o ass\u00e9dio do Bahia o rondou com o fim da \u00faltima temporada. Rog\u00e9rio Ceni queria que ele se transferisse para Salvador e se juntasse ao projeto do Tricolor de A\u00e7o.<\/p>\n\n\n\n<p>Em uma entrevista ao site \u201cge\u201d, ele contou que se sentiu seduzido, mas a hist\u00f3ria que construiu no Atl\u00e9tico-MG o convenceu a estender o contrato at\u00e9 o fim de 2027.<\/p>\n\n\n\n<p>\u201cMinha hist\u00f3ria (crucial para renova\u00e7\u00e3o), tudo que conquistei aqui, onde mais joguei, mais conquistei t\u00edtulos, onde cheguei na sele\u00e7\u00e3o brasileira. Tenho essa vontade de continuar em alto n\u00edvel e se manter no radar da sele\u00e7\u00e3o brasileira. Ent\u00e3o, com certeza, minha hist\u00f3ria aqui no clube\u201d, disse.<\/p>\n\n\n\n<p>Para al\u00e9m da rela\u00e7\u00e3o de carinho que construiu com o Alvinegro, Everson tem tamb\u00e9m uma motiva\u00e7\u00e3o pessoal. Ele contou que ver um dos goleiros da base do Galo, que est\u00e1 treinando com o grupo nos Estados Unidos o lembra o pr\u00f3prio filho e que quis ficar no Atl\u00e9tico-MG para um dia jogar com ele.<\/p>\n\n\n\n<p>\u201cVejo o Kaio e passa um filme na minha cabe\u00e7a, n\u00e3o do passado, mas do futuro. O Kaio tem 16 anos, e eu tenho um filho de 14 anos, que est\u00e1 no sub-15 hoje. Comecei a pensar, ser\u00e1 que daqui a tr\u00eas anos, no Galo em 2027, numa viagem dessa, eu vou t\u00e1 treinando com meu filho? Seria a realiza\u00e7\u00e3o de um sonho\u201d, finalizou.<\/p>\n","protected":false},"excerpt":{"rendered":"<p>Durante a intertemporada, Everson renovou o contrato com o Atl\u00e9tico-MG at\u00e9 o fim de 2027. Em uma entrevista, ele revelou quais foram os motivos que o levaram a permanecer no clube, mesmo com ofertas para se transferir. Um deles, segundo ele, \u00e9 a \u201crealiza\u00e7\u00e3o de um sonho\u201d. No clube desde a metade de 2020, Everson [&hellip;]<\/p>\n","protected":false},"author":29,"featured_media":140586,"comment_status":"open","ping_status":"closed","sticky":false,"template":"","format":"standard","meta":{"footnotes":""},"categories":[136],"tags":[],"class_list":["post-216681","post","type-post","status-publish","format-standard","has-post-thumbnail","hentry","category-atletico-mg"],"yoast_head":"<!-- This site is optimized with the Yoast SEO Premium plugin v24.2 (Yoast SEO v26.9) - https:\/\/yoast.com\/product\/yoast-seo-premium-wordpress\/ -->\n<title>Atl\u00e9tico-MG: Everson planeja realizar sonho no clube<\/title>\n<meta name=\"robots\" content=\"index, follow, max-snippet:-1, max-image-preview:large, max-video-preview:-1\" \/>\n<link rel=\"canonical\" href=\"https:\/\/www.gaveanews.com\/index.php\/2025\/01\/23\/atletico-mg-everson-planeja-realizar-sonho-no-clube\/\" \/>\n<meta property=\"og:locale\" content=\"pt_BR\" \/>\n<meta property=\"og:type\" content=\"article\" \/>\n<meta property=\"og:title\" content=\"Atl\u00e9tico-MG: Everson planeja realizar sonho no clube\" \/>\n<meta property=\"og:description\" content=\"Durante a intertemporada, Everson renovou o contrato com o Atl\u00e9tico-MG at\u00e9 o fim de 2027. Em uma entrevista, ele revelou quais foram os motivos que o levaram a permanecer no clube, mesmo com ofertas para se transferir. Um deles, segundo ele, \u00e9 a \u201crealiza\u00e7\u00e3o de um sonho\u201d. No clube desde a metade de 2020, Everson [&hellip;]\" \/>\n<meta property=\"og:url\" content=\"https:\/\/www.gaveanews.com\/index.php\/2025\/01\/23\/atletico-mg-everson-planeja-realizar-sonho-no-clube\/\" \/>\n<meta property=\"og:site_name\" content=\"G\u00e1vea News\" \/>\n<meta property=\"article:publisher\" content=\"https:\/\/facebook.com\/gaveaNews\/\" \/>\n<meta property=\"article:published_time\" content=\"2025-01-23T14:20:31+00:00\" \/>\n<meta property=\"og:image\" content=\"https:\/\/www.gaveanews.com\/wp-content\/uploads\/Everson-durante-treino-do-Atletico-MG.webp\" \/>\n\t<meta property=\"og:image:width\" content=\"1224\" \/>\n\t<meta property=\"og:image:height\" content=\"816\" \/>\n\t<meta property=\"og:image:type\" content=\"image\/jpeg\" \/>\n<meta name=\"author\" content=\"Marco Menezes\" \/>\n<meta name=\"twitter:card\" content=\"summary_large_image\" \/>\n<meta name=\"twitter:label1\" content=\"Escrito por\" \/>\n\t<meta name=\"twitter:data1\" content=\"Marco Menezes\" \/>\n\t<meta name=\"twitter:label2\" content=\"Est. tempo de leitura\" \/>\n\t<meta name=\"twitter:data2\" content=\"3 minutos\" \/>\n<script type=\"application\/ld+json\" class=\"yoast-schema-graph\">{\"@context\":\"https:\/\/schema.org\",\"@graph\":[{\"@type\":\"NewsArticle\",\"@id\":\"https:\/\/www.gaveanews.com\/index.php\/2025\/01\/23\/atletico-mg-everson-planeja-realizar-sonho-no-clube\/#article\",\"isPartOf\":{\"@id\":\"https:\/\/www.gaveanews.com\/index.php\/2025\/01\/23\/atletico-mg-everson-planeja-realizar-sonho-no-clube\/\"},\"author\":{\"name\":\"Marco Menezes\",\"@id\":\"https:\/\/www.gaveanews.com\/#\/schema\/person\/a9f62fe75380c6bada1b2fc49bc23d69\"},\"headline\":\"Atl\u00e9tico-MG: Everson planeja realizar sonho no clube\",\"datePublished\":\"2025-01-23T14:20:31+00:00\",\"mainEntityOfPage\":{\"@id\":\"https:\/\/www.gaveanews.com\/index.php\/2025\/01\/23\/atletico-mg-everson-planeja-realizar-sonho-no-clube\/\"},\"wordCount\":392,\"commentCount\":0,\"image\":{\"@id\":\"https:\/\/www.gaveanews.com\/index.php\/2025\/01\/23\/atletico-mg-everson-planeja-realizar-sonho-no-clube\/#primaryimage\"},\"thumbnailUrl\":\"https:\/\/www.gaveanews.com\/wp-content\/uploads\/Everson-durante-treino-do-Atletico-MG.webp\",\"articleSection\":[\"Atl\u00e9tico-MG\"],\"inLanguage\":\"pt-BR\",\"potentialAction\":[{\"@type\":\"CommentAction\",\"name\":\"Comment\",\"target\":[\"https:\/\/www.gaveanews.com\/index.php\/2025\/01\/23\/atletico-mg-everson-planeja-realizar-sonho-no-clube\/#respond\"]}],\"copyrightYear\":\"2025\",\"copyrightHolder\":{\"@id\":\"https:\/\/www.gaveanews.com\/#organization\"}},{\"@type\":\"WebPage\",\"@id\":\"https:\/\/www.gaveanews.com\/index.php\/2025\/01\/23\/atletico-mg-everson-planeja-realizar-sonho-no-clube\/\",\"url\":\"https:\/\/www.gaveanews.com\/index.php\/2025\/01\/23\/atletico-mg-everson-planeja-realizar-sonho-no-clube\/\",\"name\":\"Atl\u00e9tico-MG: Everson planeja realizar sonho no clube\",\"isPartOf\":{\"@id\":\"https:\/\/www.gaveanews.com\/#website\"},\"primaryImageOfPage\":{\"@id\":\"https:\/\/www.gaveanews.com\/index.php\/2025\/01\/23\/atletico-mg-everson-planeja-realizar-sonho-no-clube\/#primaryimage\"},\"image\":{\"@id\":\"https:\/\/www.gaveanews.com\/index.php\/2025\/01\/23\/atletico-mg-everson-planeja-realizar-sonho-no-clube\/#primaryimage\"},\"thumbnailUrl\":\"https:\/\/www.gaveanews.com\/wp-content\/uploads\/Everson-durante-treino-do-Atletico-MG.webp\",\"datePublished\":\"2025-01-23T14:20:31+00:00\",\"author\":{\"@id\":\"https:\/\/www.gaveanews.com\/#\/schema\/person\/a9f62fe75380c6bada1b2fc49bc23d69\"},\"breadcrumb\":{\"@id\":\"https:\/\/www.gaveanews.com\/index.php\/2025\/01\/23\/atletico-mg-everson-planeja-realizar-sonho-no-clube\/#breadcrumb\"},\"inLanguage\":\"pt-BR\",\"potentialAction\":[{\"@type\":\"ReadAction\",\"target\":[\"https:\/\/www.gaveanews.com\/index.php\/2025\/01\/23\/atletico-mg-everson-planeja-realizar-sonho-no-clube\/\"]}]},{\"@type\":\"ImageObject\",\"inLanguage\":\"pt-BR\",\"@id\":\"https:\/\/www.gaveanews.com\/index.php\/2025\/01\/23\/atletico-mg-everson-planeja-realizar-sonho-no-clube\/#primaryimage\",\"url\":\"https:\/\/www.gaveanews.com\/wp-content\/uploads\/Everson-durante-treino-do-Atletico-MG.webp\",\"contentUrl\":\"https:\/\/www.gaveanews.com\/wp-content\/uploads\/Everson-durante-treino-do-Atletico-MG.webp\",\"width\":1224,\"height\":816,\"caption\":\"Everson durante treino do Atl\u00e9tico-MG (Foto: Pedro Souza\/Atl\u00e9tico)\"},{\"@type\":\"BreadcrumbList\",\"@id\":\"https:\/\/www.gaveanews.com\/index.php\/2025\/01\/23\/atletico-mg-everson-planeja-realizar-sonho-no-clube\/#breadcrumb\",\"itemListElement\":[{\"@type\":\"ListItem\",\"position\":1,\"name\":\"Home\",\"item\":\"https:\/\/www.gaveanews.com\/\"},{\"@type\":\"ListItem\",\"position\":2,\"name\":\"Atl\u00e9tico-MG: Everson planeja realizar sonho no clube\"}]},{\"@type\":\"WebSite\",\"@id\":\"https:\/\/www.gaveanews.com\/#website\",\"url\":\"https:\/\/www.gaveanews.com\/\",\"name\":\"G\u00e1vea News\",\"description\":\"Veja todas as not\u00edcias sobre o Flamengo: Contrata\u00e7\u00f5es, categorias de base, resultados das partidas, tabela de classifica\u00e7\u00e3o, pr\u00f3ximos jogos!\",\"potentialAction\":[{\"@type\":\"SearchAction\",\"target\":{\"@type\":\"EntryPoint\",\"urlTemplate\":\"https:\/\/www.gaveanews.com\/?s={search_term_string}\"},\"query-input\":{\"@type\":\"PropertyValueSpecification\",\"valueRequired\":true,\"valueName\":\"search_term_string\"}}],\"inLanguage\":\"pt-BR\"},{\"@type\":\"Person\",\"@id\":\"https:\/\/www.gaveanews.com\/#\/schema\/person\/a9f62fe75380c6bada1b2fc49bc23d69\",\"name\":\"Marco Menezes\",\"image\":{\"@type\":\"ImageObject\",\"inLanguage\":\"pt-BR\",\"@id\":\"https:\/\/www.gaveanews.com\/#\/schema\/person\/image\/\",\"url\":\"https:\/\/secure.gravatar.com\/avatar\/a1d148ae17fc8bfc5dbccffd07979e8bd2c9ba494221779de86ec2c7907b71ec?s=96&d=mm&r=g\",\"contentUrl\":\"https:\/\/secure.gravatar.com\/avatar\/a1d148ae17fc8bfc5dbccffd07979e8bd2c9ba494221779de86ec2c7907b71ec?s=96&d=mm&r=g\",\"caption\":\"Marco Menezes\"}}]}<\/script>\n<!-- \/ Yoast SEO Premium plugin. -->","yoast_head_json":{"title":"Atl\u00e9tico-MG: Everson planeja realizar sonho no clube","robots":{"index":"index","follow":"follow","max-snippet":"max-snippet:-1","max-image-preview":"max-image-preview:large","max-video-preview":"max-video-preview:-1"},"canonical":"https:\/\/www.gaveanews.com\/index.php\/2025\/01\/23\/atletico-mg-everson-planeja-realizar-sonho-no-clube\/","og_locale":"pt_BR","og_type":"article","og_title":"Atl\u00e9tico-MG: Everson planeja realizar sonho no clube","og_description":"Durante a intertemporada, Everson renovou o contrato com o Atl\u00e9tico-MG at\u00e9 o fim de 2027. Em uma entrevista, ele revelou quais foram os motivos que o levaram a permanecer no clube, mesmo com ofertas para se transferir. Um deles, segundo ele, \u00e9 a \u201crealiza\u00e7\u00e3o de um sonho\u201d. No clube desde a metade de 2020, Everson [&hellip;]","og_url":"https:\/\/www.gaveanews.com\/index.php\/2025\/01\/23\/atletico-mg-everson-planeja-realizar-sonho-no-clube\/","og_site_name":"G\u00e1vea News","article_publisher":"https:\/\/facebook.com\/gaveaNews\/","article_published_time":"2025-01-23T14:20:31+00:00","og_image":[{"width":1224,"height":816,"url":"https:\/\/www.gaveanews.com\/wp-content\/uploads\/Everson-durante-treino-do-Atletico-MG.webp","type":"image\/jpeg"}],"author":"Marco Menezes","twitter_card":"summary_large_image","twitter_misc":{"Escrito por":"Marco Menezes","Est. tempo de leitura":"3 minutos"},"schema":{"@context":"https:\/\/schema.org","@graph":[{"@type":"NewsArticle","@id":"https:\/\/www.gaveanews.com\/index.php\/2025\/01\/23\/atletico-mg-everson-planeja-realizar-sonho-no-clube\/#article","isPartOf":{"@id":"https:\/\/www.gaveanews.com\/index.php\/2025\/01\/23\/atletico-mg-everson-planeja-realizar-sonho-no-clube\/"},"author":{"name":"Marco Menezes","@id":"https:\/\/www.gaveanews.com\/#\/schema\/person\/a9f62fe75380c6bada1b2fc49bc23d69"},"headline":"Atl\u00e9tico-MG: Everson planeja realizar sonho no clube","datePublished":"2025-01-23T14:20:31+00:00","mainEntityOfPage":{"@id":"https:\/\/www.gaveanews.com\/index.php\/2025\/01\/23\/atletico-mg-everson-planeja-realizar-sonho-no-clube\/"},"wordCount":392,"commentCount":0,"image":{"@id":"https:\/\/www.gaveanews.com\/index.php\/2025\/01\/23\/atletico-mg-everson-planeja-realizar-sonho-no-clube\/#primaryimage"},"thumbnailUrl":"https:\/\/www.gaveanews.com\/wp-content\/uploads\/Everson-durante-treino-do-Atletico-MG.webp","articleSection":["Atl\u00e9tico-MG"],"inLanguage":"pt-BR","potentialAction":[{"@type":"CommentAction","name":"Comment","target":["https:\/\/www.gaveanews.com\/index.php\/2025\/01\/23\/atletico-mg-everson-planeja-realizar-sonho-no-clube\/#respond"]}],"copyrightYear":"2025","copyrightHolder":{"@id":"https:\/\/www.gaveanews.com\/#organization"}},{"@type":"WebPage","@id":"https:\/\/www.gaveanews.com\/index.php\/2025\/01\/23\/atletico-mg-everson-planeja-realizar-sonho-no-clube\/","url":"https:\/\/www.gaveanews.com\/index.php\/2025\/01\/23\/atletico-mg-everson-planeja-realizar-sonho-no-clube\/","name":"Atl\u00e9tico-MG: Everson planeja realizar sonho no clube","isPartOf":{"@id":"https:\/\/www.gaveanews.com\/#website"},"primaryImageOfPage":{"@id":"https:\/\/www.gaveanews.com\/index.php\/2025\/01\/23\/atletico-mg-everson-planeja-realizar-sonho-no-clube\/#primaryimage"},"image":{"@id":"https:\/\/www.gaveanews.com\/index.php\/2025\/01\/23\/atletico-mg-everson-planeja-realizar-sonho-no-clube\/#primaryimage"},"thumbnailUrl":"https:\/\/www.gaveanews.com\/wp-content\/uploads\/Everson-durante-treino-do-Atletico-MG.webp","datePublished":"2025-01-23T14:20:31+00:00","author":{"@id":"https:\/\/www.gaveanews.com\/#\/schema\/person\/a9f62fe75380c6bada1b2fc49bc23d69"},"breadcrumb":{"@id":"https:\/\/www.gaveanews.com\/index.php\/2025\/01\/23\/atletico-mg-everson-planeja-realizar-sonho-no-clube\/#breadcrumb"},"inLanguage":"pt-BR","potentialAction":[{"@type":"ReadAction","target":["https:\/\/www.gaveanews.com\/index.php\/2025\/01\/23\/atletico-mg-everson-planeja-realizar-sonho-no-clube\/"]}]},{"@type":"ImageObject","inLanguage":"pt-BR","@id":"https:\/\/www.gaveanews.com\/index.php\/2025\/01\/23\/atletico-mg-everson-planeja-realizar-sonho-no-clube\/#primaryimage","url":"https:\/\/www.gaveanews.com\/wp-content\/uploads\/Everson-durante-treino-do-Atletico-MG.webp","contentUrl":"https:\/\/www.gaveanews.com\/wp-content\/uploads\/Everson-durante-treino-do-Atletico-MG.webp","width":1224,"height":816,"caption":"Everson durante treino do Atl\u00e9tico-MG (Foto: Pedro Souza\/Atl\u00e9tico)"},{"@type":"BreadcrumbList","@id":"https:\/\/www.gaveanews.com\/index.php\/2025\/01\/23\/atletico-mg-everson-planeja-realizar-sonho-no-clube\/#breadcrumb","itemListElement":[{"@type":"ListItem","position":1,"name":"Home","item":"https:\/\/www.gaveanews.com\/"},{"@type":"ListItem","position":2,"name":"Atl\u00e9tico-MG: Everson planeja realizar sonho no clube"}]},{"@type":"WebSite","@id":"https:\/\/www.gaveanews.com\/#website","url":"https:\/\/www.gaveanews.com\/","name":"G\u00e1vea News","description":"Veja todas as not\u00edcias sobre o Flamengo: Contrata\u00e7\u00f5es, categorias de base, resultados das partidas, tabela de classifica\u00e7\u00e3o, pr\u00f3ximos jogos!","potentialAction":[{"@type":"SearchAction","target":{"@type":"EntryPoint","urlTemplate":"https:\/\/www.gaveanews.com\/?s={search_term_string}"},"query-input":{"@type":"PropertyValueSpecification","valueRequired":true,"valueName":"search_term_string"}}],"inLanguage":"pt-BR"},{"@type":"Person","@id":"https:\/\/www.gaveanews.com\/#\/schema\/person\/a9f62fe75380c6bada1b2fc49bc23d69","name":"Marco Menezes","image":{"@type":"ImageObject","inLanguage":"pt-BR","@id":"https:\/\/www.gaveanews.com\/#\/schema\/person\/image\/","url":"https:\/\/secure.gravatar.com\/avatar\/a1d148ae17fc8bfc5dbccffd07979e8bd2c9ba494221779de86ec2c7907b71ec?s=96&d=mm&r=g","contentUrl":"https:\/\/secure.gravatar.com\/avatar\/a1d148ae17fc8bfc5dbccffd07979e8bd2c9ba494221779de86ec2c7907b71ec?s=96&d=mm&r=g","caption":"Marco Menezes"}}]}},"_links":{"self":[{"href":"https:\/\/www.gaveanews.com\/index.php\/wp-json\/wp\/v2\/posts\/216681","targetHints":{"allow":["GET"]}}],"collection":[{"href":"https:\/\/www.gaveanews.com\/index.php\/wp-json\/wp\/v2\/posts"}],"about":[{"href":"https:\/\/www.gaveanews.com\/index.php\/wp-json\/wp\/v2\/types\/post"}],"author":[{"embeddable":true,"href":"https:\/\/www.gaveanews.com\/index.php\/wp-json\/wp\/v2\/users\/29"}],"replies":[{"embeddable":true,"href":"https:\/\/www.gaveanews.com\/index.php\/wp-json\/wp\/v2\/comments?post=216681"}],"version-history":[{"count":1,"href":"https:\/\/www.gaveanews.com\/index.php\/wp-json\/wp\/v2\/posts\/216681\/revisions"}],"predecessor-version":[{"id":216682,"href":"https:\/\/www.gaveanews.com\/index.php\/wp-json\/wp\/v2\/posts\/216681\/revisions\/216682"}],"wp:featuredmedia":[{"embeddable":true,"href":"https:\/\/www.gaveanews.com\/index.php\/wp-json\/wp\/v2\/media\/140586"}],"wp:attachment":[{"href":"https:\/\/www.gaveanews.com\/index.php\/wp-json\/wp\/v2\/media?parent=216681"}],"wp:term":[{"taxonomy":"category","embeddable":true,"href":"https:\/\/www.gaveanews.com\/index.php\/wp-json\/wp\/v2\/categories?post=216681"},{"taxonomy":"post_tag","embeddable":true,"href":"https:\/\/www.gaveanews.com\/index.php\/wp-json\/wp\/v2\/tags?post=216681"}],"curies":[{"name":"wp","href":"https:\/\/api.w.org\/{rel}","templated":true}]}}