{"id":216728,"date":"2025-01-23T14:45:00","date_gmt":"2025-01-23T17:45:00","guid":{"rendered":"https:\/\/www.gaveanews.com\/?p=216728"},"modified":"2025-01-23T13:22:24","modified_gmt":"2025-01-23T16:22:24","slug":"ferj-define-estadio-para-jogo-entre-vasco-e-fluminense","status":"publish","type":"post","link":"https:\/\/www.gaveanews.com\/index.php\/2025\/01\/23\/ferj-define-estadio-para-jogo-entre-vasco-e-fluminense\/","title":{"rendered":"Ferj define est\u00e1dio para jogo entre Vasco e Fluminense"},"content":{"rendered":"\n<p>A partida entre Vasco da Gama e Fluminense v\u00e1lida pela oitava rodada do Campeonato Carioca ser\u00e1 disputada no est\u00e1dio Man\u00e9 Garrincha, em Bras\u00edlia. As equipes se enfrentam em uma quarta-feira, 5 de fevereiro, \u00e0s 21h30.<\/p>\n\n\n\n<ul class=\"wp-block-list\">\n<li><a href=\"https:\/\/www.gaveanews.com\/index.php\/2025\/01\/23\/situacao-de-rony-estreia-de-canobbio-e-os-centroavantes-mais-valiosos-as-ultimas-noticias-do-fluminense\/\">Situa\u00e7\u00e3o de Rony, estreia de Canobbio e os centroavantes mais valiosos: as \u00faltimas not\u00edcias do Fluminense<\/a><\/li>\n\n\n\n<li><a href=\"https:\/\/www.gaveanews.com\/index.php\/2025\/01\/22\/fluminense-a-declaracao-de-facincani-sobre-a-contratacao-de-rony\/\">Fluminense: a declara\u00e7\u00e3o de Facincani sobre a contrata\u00e7\u00e3o de Rony<\/a><\/li>\n<\/ul>\n\n\n\n<p>Por ser dono do mando de campo, o Cruz-Maltino decidiu vender os direitos dele e assim foi levado para o Distrito Federal. Na pr\u00f3xima sexta-feira (24\/1), a pr\u00e9-venda come\u00e7a para os clientes do banco que patrocina o est\u00e1dio e tamb\u00e9m para s\u00f3cio-torcedores. Eles t\u00eam at\u00e9 o dia 27 de janeiro para adquirir as entradas com exclusividade, antes de ser disponibilizado para o p\u00fablico geral.<\/p>\n\n\n\n<p>A transfer\u00eancia do jogo para a capital do Brasil \u00e9 um facilitador em meio \u00e0s brigas que cercam o Maracan\u00e3. Vasco da Gama e Fluminense t\u00eam uma rixa que surgiu desde que o Tricolor passou a administrar o Maior do Mundo sob a tutela do Flamengo.<\/p>\n\n\n\n<p>Desde 2013, quando os coirm\u00e3os assumiram o controle do est\u00e1dio, existe uma diverg\u00eancia ao lado da torcida, quando o assunto \u00e9 Vasco da Gama. Por ser o primeiro campe\u00e3o do Maracan\u00e3, o Cruz-Maltino entende que \u00e9 direito dele ocupar o setor sul das arquibancadas, conhecido como lado direito das cabines de televis\u00e3o.<\/p>\n\n\n\n<p>Por sua vez, como permission\u00e1rio, o Fluminense defende que por ter assinado um contrato, \u00e9 quem deve ser beneficiado.<\/p>\n\n\n\n<p>Sempre que acontece um cl\u00e1ssico entre as duas equipes no est\u00e1dio, as partes discutem, muitas vezes at\u00e9 levando o caso para os tribunais. A administra\u00e7\u00e3o de Jorge Salgado at\u00e9 tentou comprar essa briga em determinado momento, mas ap\u00f3s a venda das a\u00e7\u00f5es para a 777 Partners, o Vasco passou a mandar os jogos com o Tricolor no Nilton Santos ou em outros lugares.<\/p>\n\n\n\n<p>O cl\u00e1ssico do Campeonato Carioca de 2025, no entanto, acontecer\u00e1 no Man\u00e9 Garrincha. Mas caso aconte\u00e7a um confronto nas semifinais ou finais do estadual, o t\u00f3pico voltar\u00e1 a ser debatido, pois obrigatoriamente pelo contrato os jogos t\u00eam que acontecer no Maracan\u00e3.<\/p>\n","protected":false},"excerpt":{"rendered":"<p>A partida entre Vasco da Gama e Fluminense v\u00e1lida pela oitava rodada do Campeonato Carioca ser\u00e1 disputada no est\u00e1dio Man\u00e9 Garrincha, em Bras\u00edlia. As equipes se enfrentam em uma quarta-feira, 5 de fevereiro, \u00e0s 21h30. Por ser dono do mando de campo, o Cruz-Maltino decidiu vender os direitos dele e assim foi levado para o [&hellip;]<\/p>\n","protected":false},"author":29,"featured_media":157657,"comment_status":"open","ping_status":"closed","sticky":false,"template":"","format":"standard","meta":{"footnotes":""},"categories":[145,152],"tags":[],"class_list":["post-216728","post","type-post","status-publish","format-standard","has-post-thumbnail","hentry","category-fluminense","category-vasco"],"yoast_head":"<!-- This site is optimized with the Yoast SEO Premium plugin v24.2 (Yoast SEO v26.9) - https:\/\/yoast.com\/product\/yoast-seo-premium-wordpress\/ -->\n<title>Ferj define est\u00e1dio para jogo entre Vasco e Fluminense<\/title>\n<meta name=\"robots\" content=\"index, follow, max-snippet:-1, max-image-preview:large, max-video-preview:-1\" \/>\n<link rel=\"canonical\" href=\"https:\/\/www.gaveanews.com\/index.php\/2025\/01\/23\/ferj-define-estadio-para-jogo-entre-vasco-e-fluminense\/\" \/>\n<meta property=\"og:locale\" content=\"pt_BR\" \/>\n<meta property=\"og:type\" content=\"article\" \/>\n<meta property=\"og:title\" content=\"Ferj define est\u00e1dio para jogo entre Vasco e Fluminense\" \/>\n<meta property=\"og:description\" content=\"A partida entre Vasco da Gama e Fluminense v\u00e1lida pela oitava rodada do Campeonato Carioca ser\u00e1 disputada no est\u00e1dio Man\u00e9 Garrincha, em Bras\u00edlia. As equipes se enfrentam em uma quarta-feira, 5 de fevereiro, \u00e0s 21h30. Por ser dono do mando de campo, o Cruz-Maltino decidiu vender os direitos dele e assim foi levado para o [&hellip;]\" \/>\n<meta property=\"og:url\" content=\"https:\/\/www.gaveanews.com\/index.php\/2025\/01\/23\/ferj-define-estadio-para-jogo-entre-vasco-e-fluminense\/\" \/>\n<meta property=\"og:site_name\" content=\"G\u00e1vea News\" \/>\n<meta property=\"article:publisher\" content=\"https:\/\/facebook.com\/gaveaNews\/\" \/>\n<meta property=\"article:published_time\" content=\"2025-01-23T17:45:00+00:00\" \/>\n<meta property=\"og:image\" content=\"https:\/\/www.gaveanews.com\/wp-content\/uploads\/vasco-x-fluminense-guia-729x400-1.webp\" \/>\n\t<meta property=\"og:image:width\" content=\"729\" \/>\n\t<meta property=\"og:image:height\" content=\"400\" \/>\n\t<meta property=\"og:image:type\" content=\"image\/jpeg\" \/>\n<meta name=\"author\" content=\"Marco Menezes\" \/>\n<meta name=\"twitter:card\" content=\"summary_large_image\" \/>\n<meta name=\"twitter:label1\" content=\"Escrito por\" \/>\n\t<meta name=\"twitter:data1\" content=\"Marco Menezes\" \/>\n\t<meta name=\"twitter:label2\" content=\"Est. tempo de leitura\" \/>\n\t<meta name=\"twitter:data2\" content=\"3 minutos\" \/>\n<script type=\"application\/ld+json\" class=\"yoast-schema-graph\">{\"@context\":\"https:\/\/schema.org\",\"@graph\":[{\"@type\":\"NewsArticle\",\"@id\":\"https:\/\/www.gaveanews.com\/index.php\/2025\/01\/23\/ferj-define-estadio-para-jogo-entre-vasco-e-fluminense\/#article\",\"isPartOf\":{\"@id\":\"https:\/\/www.gaveanews.com\/index.php\/2025\/01\/23\/ferj-define-estadio-para-jogo-entre-vasco-e-fluminense\/\"},\"author\":{\"name\":\"Marco Menezes\",\"@id\":\"https:\/\/www.gaveanews.com\/#\/schema\/person\/a9f62fe75380c6bada1b2fc49bc23d69\"},\"headline\":\"Ferj define est\u00e1dio para jogo entre Vasco e Fluminense\",\"datePublished\":\"2025-01-23T17:45:00+00:00\",\"mainEntityOfPage\":{\"@id\":\"https:\/\/www.gaveanews.com\/index.php\/2025\/01\/23\/ferj-define-estadio-para-jogo-entre-vasco-e-fluminense\/\"},\"wordCount\":378,\"commentCount\":0,\"image\":{\"@id\":\"https:\/\/www.gaveanews.com\/index.php\/2025\/01\/23\/ferj-define-estadio-para-jogo-entre-vasco-e-fluminense\/#primaryimage\"},\"thumbnailUrl\":\"https:\/\/www.gaveanews.com\/wp-content\/uploads\/vasco-x-fluminense-guia-729x400-1.webp\",\"articleSection\":[\"Fluminense\",\"Vasco\"],\"inLanguage\":\"pt-BR\",\"potentialAction\":[{\"@type\":\"CommentAction\",\"name\":\"Comment\",\"target\":[\"https:\/\/www.gaveanews.com\/index.php\/2025\/01\/23\/ferj-define-estadio-para-jogo-entre-vasco-e-fluminense\/#respond\"]}],\"copyrightYear\":\"2025\",\"copyrightHolder\":{\"@id\":\"https:\/\/www.gaveanews.com\/#organization\"}},{\"@type\":\"WebPage\",\"@id\":\"https:\/\/www.gaveanews.com\/index.php\/2025\/01\/23\/ferj-define-estadio-para-jogo-entre-vasco-e-fluminense\/\",\"url\":\"https:\/\/www.gaveanews.com\/index.php\/2025\/01\/23\/ferj-define-estadio-para-jogo-entre-vasco-e-fluminense\/\",\"name\":\"Ferj define est\u00e1dio para jogo entre Vasco e Fluminense\",\"isPartOf\":{\"@id\":\"https:\/\/www.gaveanews.com\/#website\"},\"primaryImageOfPage\":{\"@id\":\"https:\/\/www.gaveanews.com\/index.php\/2025\/01\/23\/ferj-define-estadio-para-jogo-entre-vasco-e-fluminense\/#primaryimage\"},\"image\":{\"@id\":\"https:\/\/www.gaveanews.com\/index.php\/2025\/01\/23\/ferj-define-estadio-para-jogo-entre-vasco-e-fluminense\/#primaryimage\"},\"thumbnailUrl\":\"https:\/\/www.gaveanews.com\/wp-content\/uploads\/vasco-x-fluminense-guia-729x400-1.webp\",\"datePublished\":\"2025-01-23T17:45:00+00:00\",\"author\":{\"@id\":\"https:\/\/www.gaveanews.com\/#\/schema\/person\/a9f62fe75380c6bada1b2fc49bc23d69\"},\"breadcrumb\":{\"@id\":\"https:\/\/www.gaveanews.com\/index.php\/2025\/01\/23\/ferj-define-estadio-para-jogo-entre-vasco-e-fluminense\/#breadcrumb\"},\"inLanguage\":\"pt-BR\",\"potentialAction\":[{\"@type\":\"ReadAction\",\"target\":[\"https:\/\/www.gaveanews.com\/index.php\/2025\/01\/23\/ferj-define-estadio-para-jogo-entre-vasco-e-fluminense\/\"]}]},{\"@type\":\"ImageObject\",\"inLanguage\":\"pt-BR\",\"@id\":\"https:\/\/www.gaveanews.com\/index.php\/2025\/01\/23\/ferj-define-estadio-para-jogo-entre-vasco-e-fluminense\/#primaryimage\",\"url\":\"https:\/\/www.gaveanews.com\/wp-content\/uploads\/vasco-x-fluminense-guia-729x400-1.webp\",\"contentUrl\":\"https:\/\/www.gaveanews.com\/wp-content\/uploads\/vasco-x-fluminense-guia-729x400-1.webp\",\"width\":729,\"height\":400,\"caption\":\"Vasco x Fluminense se enfrentam neste s\u00e1bado no cl\u00e1ssico carioca do dia (Foto: Leandro Amorim\/Vasco)\"},{\"@type\":\"BreadcrumbList\",\"@id\":\"https:\/\/www.gaveanews.com\/index.php\/2025\/01\/23\/ferj-define-estadio-para-jogo-entre-vasco-e-fluminense\/#breadcrumb\",\"itemListElement\":[{\"@type\":\"ListItem\",\"position\":1,\"name\":\"Home\",\"item\":\"https:\/\/www.gaveanews.com\/\"},{\"@type\":\"ListItem\",\"position\":2,\"name\":\"Ferj define est\u00e1dio para jogo entre Vasco e Fluminense\"}]},{\"@type\":\"WebSite\",\"@id\":\"https:\/\/www.gaveanews.com\/#website\",\"url\":\"https:\/\/www.gaveanews.com\/\",\"name\":\"G\u00e1vea News\",\"description\":\"Veja todas as not\u00edcias sobre o Flamengo: Contrata\u00e7\u00f5es, categorias de base, resultados das partidas, tabela de classifica\u00e7\u00e3o, pr\u00f3ximos jogos!\",\"potentialAction\":[{\"@type\":\"SearchAction\",\"target\":{\"@type\":\"EntryPoint\",\"urlTemplate\":\"https:\/\/www.gaveanews.com\/?s={search_term_string}\"},\"query-input\":{\"@type\":\"PropertyValueSpecification\",\"valueRequired\":true,\"valueName\":\"search_term_string\"}}],\"inLanguage\":\"pt-BR\"},{\"@type\":\"Person\",\"@id\":\"https:\/\/www.gaveanews.com\/#\/schema\/person\/a9f62fe75380c6bada1b2fc49bc23d69\",\"name\":\"Marco Menezes\",\"image\":{\"@type\":\"ImageObject\",\"inLanguage\":\"pt-BR\",\"@id\":\"https:\/\/www.gaveanews.com\/#\/schema\/person\/image\/\",\"url\":\"https:\/\/secure.gravatar.com\/avatar\/a1d148ae17fc8bfc5dbccffd07979e8bd2c9ba494221779de86ec2c7907b71ec?s=96&d=mm&r=g\",\"contentUrl\":\"https:\/\/secure.gravatar.com\/avatar\/a1d148ae17fc8bfc5dbccffd07979e8bd2c9ba494221779de86ec2c7907b71ec?s=96&d=mm&r=g\",\"caption\":\"Marco Menezes\"}}]}<\/script>\n<!-- \/ Yoast SEO Premium plugin. -->","yoast_head_json":{"title":"Ferj define est\u00e1dio para jogo entre Vasco e Fluminense","robots":{"index":"index","follow":"follow","max-snippet":"max-snippet:-1","max-image-preview":"max-image-preview:large","max-video-preview":"max-video-preview:-1"},"canonical":"https:\/\/www.gaveanews.com\/index.php\/2025\/01\/23\/ferj-define-estadio-para-jogo-entre-vasco-e-fluminense\/","og_locale":"pt_BR","og_type":"article","og_title":"Ferj define est\u00e1dio para jogo entre Vasco e Fluminense","og_description":"A partida entre Vasco da Gama e Fluminense v\u00e1lida pela oitava rodada do Campeonato Carioca ser\u00e1 disputada no est\u00e1dio Man\u00e9 Garrincha, em Bras\u00edlia. As equipes se enfrentam em uma quarta-feira, 5 de fevereiro, \u00e0s 21h30. Por ser dono do mando de campo, o Cruz-Maltino decidiu vender os direitos dele e assim foi levado para o [&hellip;]","og_url":"https:\/\/www.gaveanews.com\/index.php\/2025\/01\/23\/ferj-define-estadio-para-jogo-entre-vasco-e-fluminense\/","og_site_name":"G\u00e1vea News","article_publisher":"https:\/\/facebook.com\/gaveaNews\/","article_published_time":"2025-01-23T17:45:00+00:00","og_image":[{"width":729,"height":400,"url":"https:\/\/www.gaveanews.com\/wp-content\/uploads\/vasco-x-fluminense-guia-729x400-1.webp","type":"image\/jpeg"}],"author":"Marco Menezes","twitter_card":"summary_large_image","twitter_misc":{"Escrito por":"Marco Menezes","Est. tempo de leitura":"3 minutos"},"schema":{"@context":"https:\/\/schema.org","@graph":[{"@type":"NewsArticle","@id":"https:\/\/www.gaveanews.com\/index.php\/2025\/01\/23\/ferj-define-estadio-para-jogo-entre-vasco-e-fluminense\/#article","isPartOf":{"@id":"https:\/\/www.gaveanews.com\/index.php\/2025\/01\/23\/ferj-define-estadio-para-jogo-entre-vasco-e-fluminense\/"},"author":{"name":"Marco Menezes","@id":"https:\/\/www.gaveanews.com\/#\/schema\/person\/a9f62fe75380c6bada1b2fc49bc23d69"},"headline":"Ferj define est\u00e1dio para jogo entre Vasco e Fluminense","datePublished":"2025-01-23T17:45:00+00:00","mainEntityOfPage":{"@id":"https:\/\/www.gaveanews.com\/index.php\/2025\/01\/23\/ferj-define-estadio-para-jogo-entre-vasco-e-fluminense\/"},"wordCount":378,"commentCount":0,"image":{"@id":"https:\/\/www.gaveanews.com\/index.php\/2025\/01\/23\/ferj-define-estadio-para-jogo-entre-vasco-e-fluminense\/#primaryimage"},"thumbnailUrl":"https:\/\/www.gaveanews.com\/wp-content\/uploads\/vasco-x-fluminense-guia-729x400-1.webp","articleSection":["Fluminense","Vasco"],"inLanguage":"pt-BR","potentialAction":[{"@type":"CommentAction","name":"Comment","target":["https:\/\/www.gaveanews.com\/index.php\/2025\/01\/23\/ferj-define-estadio-para-jogo-entre-vasco-e-fluminense\/#respond"]}],"copyrightYear":"2025","copyrightHolder":{"@id":"https:\/\/www.gaveanews.com\/#organization"}},{"@type":"WebPage","@id":"https:\/\/www.gaveanews.com\/index.php\/2025\/01\/23\/ferj-define-estadio-para-jogo-entre-vasco-e-fluminense\/","url":"https:\/\/www.gaveanews.com\/index.php\/2025\/01\/23\/ferj-define-estadio-para-jogo-entre-vasco-e-fluminense\/","name":"Ferj define est\u00e1dio para jogo entre Vasco e Fluminense","isPartOf":{"@id":"https:\/\/www.gaveanews.com\/#website"},"primaryImageOfPage":{"@id":"https:\/\/www.gaveanews.com\/index.php\/2025\/01\/23\/ferj-define-estadio-para-jogo-entre-vasco-e-fluminense\/#primaryimage"},"image":{"@id":"https:\/\/www.gaveanews.com\/index.php\/2025\/01\/23\/ferj-define-estadio-para-jogo-entre-vasco-e-fluminense\/#primaryimage"},"thumbnailUrl":"https:\/\/www.gaveanews.com\/wp-content\/uploads\/vasco-x-fluminense-guia-729x400-1.webp","datePublished":"2025-01-23T17:45:00+00:00","author":{"@id":"https:\/\/www.gaveanews.com\/#\/schema\/person\/a9f62fe75380c6bada1b2fc49bc23d69"},"breadcrumb":{"@id":"https:\/\/www.gaveanews.com\/index.php\/2025\/01\/23\/ferj-define-estadio-para-jogo-entre-vasco-e-fluminense\/#breadcrumb"},"inLanguage":"pt-BR","potentialAction":[{"@type":"ReadAction","target":["https:\/\/www.gaveanews.com\/index.php\/2025\/01\/23\/ferj-define-estadio-para-jogo-entre-vasco-e-fluminense\/"]}]},{"@type":"ImageObject","inLanguage":"pt-BR","@id":"https:\/\/www.gaveanews.com\/index.php\/2025\/01\/23\/ferj-define-estadio-para-jogo-entre-vasco-e-fluminense\/#primaryimage","url":"https:\/\/www.gaveanews.com\/wp-content\/uploads\/vasco-x-fluminense-guia-729x400-1.webp","contentUrl":"https:\/\/www.gaveanews.com\/wp-content\/uploads\/vasco-x-fluminense-guia-729x400-1.webp","width":729,"height":400,"caption":"Vasco x Fluminense se enfrentam neste s\u00e1bado no cl\u00e1ssico carioca do dia (Foto: Leandro Amorim\/Vasco)"},{"@type":"BreadcrumbList","@id":"https:\/\/www.gaveanews.com\/index.php\/2025\/01\/23\/ferj-define-estadio-para-jogo-entre-vasco-e-fluminense\/#breadcrumb","itemListElement":[{"@type":"ListItem","position":1,"name":"Home","item":"https:\/\/www.gaveanews.com\/"},{"@type":"ListItem","position":2,"name":"Ferj define est\u00e1dio para jogo entre Vasco e Fluminense"}]},{"@type":"WebSite","@id":"https:\/\/www.gaveanews.com\/#website","url":"https:\/\/www.gaveanews.com\/","name":"G\u00e1vea News","description":"Veja todas as not\u00edcias sobre o Flamengo: Contrata\u00e7\u00f5es, categorias de base, resultados das partidas, tabela de classifica\u00e7\u00e3o, pr\u00f3ximos jogos!","potentialAction":[{"@type":"SearchAction","target":{"@type":"EntryPoint","urlTemplate":"https:\/\/www.gaveanews.com\/?s={search_term_string}"},"query-input":{"@type":"PropertyValueSpecification","valueRequired":true,"valueName":"search_term_string"}}],"inLanguage":"pt-BR"},{"@type":"Person","@id":"https:\/\/www.gaveanews.com\/#\/schema\/person\/a9f62fe75380c6bada1b2fc49bc23d69","name":"Marco Menezes","image":{"@type":"ImageObject","inLanguage":"pt-BR","@id":"https:\/\/www.gaveanews.com\/#\/schema\/person\/image\/","url":"https:\/\/secure.gravatar.com\/avatar\/a1d148ae17fc8bfc5dbccffd07979e8bd2c9ba494221779de86ec2c7907b71ec?s=96&d=mm&r=g","contentUrl":"https:\/\/secure.gravatar.com\/avatar\/a1d148ae17fc8bfc5dbccffd07979e8bd2c9ba494221779de86ec2c7907b71ec?s=96&d=mm&r=g","caption":"Marco Menezes"}}]}},"_links":{"self":[{"href":"https:\/\/www.gaveanews.com\/index.php\/wp-json\/wp\/v2\/posts\/216728","targetHints":{"allow":["GET"]}}],"collection":[{"href":"https:\/\/www.gaveanews.com\/index.php\/wp-json\/wp\/v2\/posts"}],"about":[{"href":"https:\/\/www.gaveanews.com\/index.php\/wp-json\/wp\/v2\/types\/post"}],"author":[{"embeddable":true,"href":"https:\/\/www.gaveanews.com\/index.php\/wp-json\/wp\/v2\/users\/29"}],"replies":[{"embeddable":true,"href":"https:\/\/www.gaveanews.com\/index.php\/wp-json\/wp\/v2\/comments?post=216728"}],"version-history":[{"count":1,"href":"https:\/\/www.gaveanews.com\/index.php\/wp-json\/wp\/v2\/posts\/216728\/revisions"}],"predecessor-version":[{"id":216730,"href":"https:\/\/www.gaveanews.com\/index.php\/wp-json\/wp\/v2\/posts\/216728\/revisions\/216730"}],"wp:featuredmedia":[{"embeddable":true,"href":"https:\/\/www.gaveanews.com\/index.php\/wp-json\/wp\/v2\/media\/157657"}],"wp:attachment":[{"href":"https:\/\/www.gaveanews.com\/index.php\/wp-json\/wp\/v2\/media?parent=216728"}],"wp:term":[{"taxonomy":"category","embeddable":true,"href":"https:\/\/www.gaveanews.com\/index.php\/wp-json\/wp\/v2\/categories?post=216728"},{"taxonomy":"post_tag","embeddable":true,"href":"https:\/\/www.gaveanews.com\/index.php\/wp-json\/wp\/v2\/tags?post=216728"}],"curies":[{"name":"wp","href":"https:\/\/api.w.org\/{rel}","templated":true}]}}