{"id":216940,"date":"2025-01-23T17:59:46","date_gmt":"2025-01-23T20:59:46","guid":{"rendered":"https:\/\/www.gaveanews.com\/?p=216940"},"modified":"2025-01-23T17:59:51","modified_gmt":"2025-01-23T20:59:51","slug":"flavio-padrao-aponta-rival-que-da-trabalho-ao-palmeiras","status":"publish","type":"post","link":"https:\/\/www.gaveanews.com\/index.php\/2025\/01\/23\/flavio-padrao-aponta-rival-que-da-trabalho-ao-palmeiras\/","title":{"rendered":"Fl\u00e1vio Padr\u00e3o aponta rival que d\u00e1 trabalho ao Palmeiras"},"content":{"rendered":"\n<p>O famoso jornalista Fl\u00e1vio Prado\u00a0comentou na r\u00e1dio Jovem Pan, sobre o grande dom\u00ednio do clube \u00a0Palmeiras\u00a0em seu estado (SP).  Mas ele n\u00e3o deixou de comentar tamb\u00e9m de como o time do  S\u00e3o Paulo \u00e9 e vem sendo uma \u201cpedra no sapato\u201d da equipe Alviverde, que atualmente \u00e9 comandada pelo t\u00e9cnico portugu\u00eas, Abel Ferreira. <\/p>\n\n\n\n<ul class=\"wp-block-list\">\n<li><a href=\"https:\/\/www.gaveanews.com\/index.php\/2025\/01\/23\/palmeiras-se-manifesta-sobre-proposta-por-vitor-roque\/\">Palmeiras se manifesta sobre proposta por Vitor Roque<\/a><\/li>\n\n\n\n<li><a href=\"https:\/\/www.gaveanews.com\/index.php\/2025\/01\/22\/leandro-quesada-aprova-chegada-de-atacante-ao-palmeiras\/\">Leandro Quesada aprova chegada de atacante ao Palmeiras<\/a><\/li>\n<\/ul>\n\n\n\n<p>\u201cA diferen\u00e7a que existe hoje entre o Palmeiras e os outros aqui em S\u00e3o Paulo (\u00e9 grande). Com exce\u00e7\u00e3o feita ao SPFC, que por alguma raz\u00e3o, que a gente n\u00e3o sabe exatamente qual, consegue criar problemas para o Palmeiras\u201d, disse o jornalista, durante o programa \u201cBate-Pronto\u201d, da Jovem Pan. \u201c\u00c9 uma coisa meio hist\u00f3rica. Mas \u00e9 claro que a consist\u00eancia do Palmeiras est\u00e1 em um n\u00edvel muito diferente do S\u00e3o Paulo. O n\u00edvel de organiza\u00e7\u00e3o, de time, de tudo, \u00e9 muito diferente\u201d, completou ele.<\/p>\n\n\n\n<h2 class=\"wp-block-heading\" id=\"h-palmeiras-x-spfc\">Palmeiras X SPFC<\/h2>\n\n\n\n<p>O Tricolor Paulista obteve vantagem sobre seu principal advers\u00e1rio em diversos momentos ao longo desta d\u00e9cada. Conquistou dois t\u00edtulos de maneira direta: o Campeonato Paulista de 2021 e a Supercopa do Brasil de 2024. Al\u00e9m disso, garantiu duas classifica\u00e7\u00f5es importantes no mata-mata da Copa do Brasil, em 2022 e 2023, reafirmando sua for\u00e7a competitiva no cen\u00e1rio nacional.<\/p>\n\n\n\n<p>No entanto, os comandados de Abel n\u00e3o ficam muito atr\u00e1s. Em 2021, o Alviverde superou o time do Morumbi nas quartas de final da Libertadores, seguindo em frente rumo ao bicampeonato consecutivo. Al\u00e9m disso, conquistaram o t\u00edtulo estadual em 2022, com uma impressionante goleada por 4 a 0 no segundo jogo, consolidando sua for\u00e7a no cen\u00e1rio nacional.<\/p>\n\n\n\n<h2 class=\"wp-block-heading\" id=\"h-elogiado-por-fp-o-verdao-domina-em-sp\">Elogiado por FP, o Verd\u00e3o domina em SP<\/h2>\n\n\n\n<p>Sob a lideran\u00e7a de Abel, o Palmeiras se consolidou como uma das principais pot\u00eancias do futebol brasileiro. O treinador europeu acumula impressionantes 10 t\u00edtulos desde 2020, entre eles duas edi\u00e7\u00f5es da Copa Libertadores da Am\u00e9rica e o Campeonato Brasileiro S\u00e9rie A, comprovando sua compet\u00eancia e capacidade de manter a equipe no topo do cen\u00e1rio nacional e internacional.<\/p>\n\n\n\n<p>Como destacou Fl\u00e1vio Prado, o time da Barra Funda tem dominado o futebol paulista. Com tr\u00eas t\u00edtulos consecutivos do Paulist\u00e3o, o Palmeiras busca em 2025 conquistar um hist\u00f3rico tetracampeonato. Na \u00faltima quarta-feira (22), o Verd\u00e3o foi at\u00e9 a Vila Belmiro e, de forma convincente, venceu o Santos por 2 a 1, em uma virada emocionante no cl\u00e1ssico v\u00e1lido pela terceira rodada do Campeonato Paulista.<\/p>\n","protected":false},"excerpt":{"rendered":"<p>O famoso jornalista Fl\u00e1vio Prado\u00a0comentou na r\u00e1dio Jovem Pan, sobre o grande dom\u00ednio do clube \u00a0Palmeiras\u00a0em seu estado (SP). Mas ele n\u00e3o deixou de comentar tamb\u00e9m de como o time do S\u00e3o Paulo \u00e9 e vem sendo uma \u201cpedra no sapato\u201d da equipe Alviverde, que atualmente \u00e9 comandada pelo t\u00e9cnico portugu\u00eas, Abel Ferreira. \u201cA diferen\u00e7a [&hellip;]<\/p>\n","protected":false},"author":31,"featured_media":102292,"comment_status":"open","ping_status":"closed","sticky":false,"template":"","format":"standard","meta":{"footnotes":""},"categories":[150],"tags":[],"class_list":["post-216940","post","type-post","status-publish","format-standard","has-post-thumbnail","hentry","category-palmeiras"],"yoast_head":"<!-- This site is optimized with the Yoast SEO Premium plugin v24.2 (Yoast SEO v26.9) - https:\/\/yoast.com\/product\/yoast-seo-premium-wordpress\/ -->\n<title>Fl\u00e1vio Padr\u00e3o aponta rival que d\u00e1 trabalho ao Palmeiras<\/title>\n<meta name=\"robots\" content=\"index, follow, max-snippet:-1, max-image-preview:large, max-video-preview:-1\" \/>\n<link rel=\"canonical\" href=\"https:\/\/www.gaveanews.com\/index.php\/2025\/01\/23\/flavio-padrao-aponta-rival-que-da-trabalho-ao-palmeiras\/\" \/>\n<meta property=\"og:locale\" content=\"pt_BR\" \/>\n<meta property=\"og:type\" content=\"article\" \/>\n<meta property=\"og:title\" content=\"Fl\u00e1vio Padr\u00e3o aponta rival que d\u00e1 trabalho ao Palmeiras\" \/>\n<meta property=\"og:description\" content=\"O famoso jornalista Fl\u00e1vio Prado\u00a0comentou na r\u00e1dio Jovem Pan, sobre o grande dom\u00ednio do clube \u00a0Palmeiras\u00a0em seu estado (SP). Mas ele n\u00e3o deixou de comentar tamb\u00e9m de como o time do S\u00e3o Paulo \u00e9 e vem sendo uma \u201cpedra no sapato\u201d da equipe Alviverde, que atualmente \u00e9 comandada pelo t\u00e9cnico portugu\u00eas, Abel Ferreira. \u201cA diferen\u00e7a [&hellip;]\" \/>\n<meta property=\"og:url\" content=\"https:\/\/www.gaveanews.com\/index.php\/2025\/01\/23\/flavio-padrao-aponta-rival-que-da-trabalho-ao-palmeiras\/\" \/>\n<meta property=\"og:site_name\" content=\"G\u00e1vea News\" \/>\n<meta property=\"article:publisher\" content=\"https:\/\/facebook.com\/gaveaNews\/\" \/>\n<meta property=\"article:published_time\" content=\"2025-01-23T20:59:46+00:00\" \/>\n<meta property=\"article:modified_time\" content=\"2025-01-23T20:59:51+00:00\" \/>\n<meta property=\"og:image\" content=\"http:\/\/www.gaveanews.com\/wp-content\/uploads\/Flavio-Prado.webp\" \/>\n\t<meta property=\"og:image:width\" content=\"999\" \/>\n\t<meta property=\"og:image:height\" content=\"548\" \/>\n\t<meta property=\"og:image:type\" content=\"image\/png\" \/>\n<meta name=\"author\" content=\"Michel Camargo\" \/>\n<meta name=\"twitter:card\" content=\"summary_large_image\" \/>\n<meta name=\"twitter:label1\" content=\"Escrito por\" \/>\n\t<meta name=\"twitter:data1\" content=\"Michel Camargo\" \/>\n\t<meta name=\"twitter:label2\" content=\"Est. tempo de leitura\" \/>\n\t<meta name=\"twitter:data2\" content=\"3 minutos\" \/>\n<script type=\"application\/ld+json\" class=\"yoast-schema-graph\">{\"@context\":\"https:\/\/schema.org\",\"@graph\":[{\"@type\":\"NewsArticle\",\"@id\":\"https:\/\/www.gaveanews.com\/index.php\/2025\/01\/23\/flavio-padrao-aponta-rival-que-da-trabalho-ao-palmeiras\/#article\",\"isPartOf\":{\"@id\":\"https:\/\/www.gaveanews.com\/index.php\/2025\/01\/23\/flavio-padrao-aponta-rival-que-da-trabalho-ao-palmeiras\/\"},\"author\":{\"name\":\"Michel Camargo\",\"@id\":\"https:\/\/www.gaveanews.com\/#\/schema\/person\/6f5583f09aa4bcc9866a7360b5604486\"},\"headline\":\"Fl\u00e1vio Padr\u00e3o aponta rival que d\u00e1 trabalho ao Palmeiras\",\"datePublished\":\"2025-01-23T20:59:46+00:00\",\"dateModified\":\"2025-01-23T20:59:51+00:00\",\"mainEntityOfPage\":{\"@id\":\"https:\/\/www.gaveanews.com\/index.php\/2025\/01\/23\/flavio-padrao-aponta-rival-que-da-trabalho-ao-palmeiras\/\"},\"wordCount\":441,\"commentCount\":0,\"image\":{\"@id\":\"https:\/\/www.gaveanews.com\/index.php\/2025\/01\/23\/flavio-padrao-aponta-rival-que-da-trabalho-ao-palmeiras\/#primaryimage\"},\"thumbnailUrl\":\"https:\/\/www.gaveanews.com\/wp-content\/uploads\/Flavio-Prado.webp\",\"articleSection\":[\"Palmeiras\"],\"inLanguage\":\"pt-BR\",\"potentialAction\":[{\"@type\":\"CommentAction\",\"name\":\"Comment\",\"target\":[\"https:\/\/www.gaveanews.com\/index.php\/2025\/01\/23\/flavio-padrao-aponta-rival-que-da-trabalho-ao-palmeiras\/#respond\"]}],\"copyrightYear\":\"2025\",\"copyrightHolder\":{\"@id\":\"https:\/\/www.gaveanews.com\/#organization\"}},{\"@type\":\"WebPage\",\"@id\":\"https:\/\/www.gaveanews.com\/index.php\/2025\/01\/23\/flavio-padrao-aponta-rival-que-da-trabalho-ao-palmeiras\/\",\"url\":\"https:\/\/www.gaveanews.com\/index.php\/2025\/01\/23\/flavio-padrao-aponta-rival-que-da-trabalho-ao-palmeiras\/\",\"name\":\"Fl\u00e1vio Padr\u00e3o aponta rival que d\u00e1 trabalho ao Palmeiras\",\"isPartOf\":{\"@id\":\"https:\/\/www.gaveanews.com\/#website\"},\"primaryImageOfPage\":{\"@id\":\"https:\/\/www.gaveanews.com\/index.php\/2025\/01\/23\/flavio-padrao-aponta-rival-que-da-trabalho-ao-palmeiras\/#primaryimage\"},\"image\":{\"@id\":\"https:\/\/www.gaveanews.com\/index.php\/2025\/01\/23\/flavio-padrao-aponta-rival-que-da-trabalho-ao-palmeiras\/#primaryimage\"},\"thumbnailUrl\":\"https:\/\/www.gaveanews.com\/wp-content\/uploads\/Flavio-Prado.webp\",\"datePublished\":\"2025-01-23T20:59:46+00:00\",\"dateModified\":\"2025-01-23T20:59:51+00:00\",\"author\":{\"@id\":\"https:\/\/www.gaveanews.com\/#\/schema\/person\/6f5583f09aa4bcc9866a7360b5604486\"},\"breadcrumb\":{\"@id\":\"https:\/\/www.gaveanews.com\/index.php\/2025\/01\/23\/flavio-padrao-aponta-rival-que-da-trabalho-ao-palmeiras\/#breadcrumb\"},\"inLanguage\":\"pt-BR\",\"potentialAction\":[{\"@type\":\"ReadAction\",\"target\":[\"https:\/\/www.gaveanews.com\/index.php\/2025\/01\/23\/flavio-padrao-aponta-rival-que-da-trabalho-ao-palmeiras\/\"]}]},{\"@type\":\"ImageObject\",\"inLanguage\":\"pt-BR\",\"@id\":\"https:\/\/www.gaveanews.com\/index.php\/2025\/01\/23\/flavio-padrao-aponta-rival-que-da-trabalho-ao-palmeiras\/#primaryimage\",\"url\":\"https:\/\/www.gaveanews.com\/wp-content\/uploads\/Flavio-Prado.webp\",\"contentUrl\":\"https:\/\/www.gaveanews.com\/wp-content\/uploads\/Flavio-Prado.webp\",\"width\":999,\"height\":548,\"caption\":\"Flavio Prado - Foto: Reprodu\u00e7\u00e3o\"},{\"@type\":\"BreadcrumbList\",\"@id\":\"https:\/\/www.gaveanews.com\/index.php\/2025\/01\/23\/flavio-padrao-aponta-rival-que-da-trabalho-ao-palmeiras\/#breadcrumb\",\"itemListElement\":[{\"@type\":\"ListItem\",\"position\":1,\"name\":\"Home\",\"item\":\"https:\/\/www.gaveanews.com\/\"},{\"@type\":\"ListItem\",\"position\":2,\"name\":\"Fl\u00e1vio Padr\u00e3o aponta rival que d\u00e1 trabalho ao Palmeiras\"}]},{\"@type\":\"WebSite\",\"@id\":\"https:\/\/www.gaveanews.com\/#website\",\"url\":\"https:\/\/www.gaveanews.com\/\",\"name\":\"G\u00e1vea News\",\"description\":\"Veja todas as not\u00edcias sobre o Flamengo: Contrata\u00e7\u00f5es, categorias de base, resultados das partidas, tabela de classifica\u00e7\u00e3o, pr\u00f3ximos jogos!\",\"potentialAction\":[{\"@type\":\"SearchAction\",\"target\":{\"@type\":\"EntryPoint\",\"urlTemplate\":\"https:\/\/www.gaveanews.com\/?s={search_term_string}\"},\"query-input\":{\"@type\":\"PropertyValueSpecification\",\"valueRequired\":true,\"valueName\":\"search_term_string\"}}],\"inLanguage\":\"pt-BR\"},{\"@type\":\"Person\",\"@id\":\"https:\/\/www.gaveanews.com\/#\/schema\/person\/6f5583f09aa4bcc9866a7360b5604486\",\"name\":\"Michel Camargo\",\"image\":{\"@type\":\"ImageObject\",\"inLanguage\":\"pt-BR\",\"@id\":\"https:\/\/www.gaveanews.com\/#\/schema\/person\/image\/\",\"url\":\"https:\/\/secure.gravatar.com\/avatar\/59285e68c26a1d55b30461b1bb1cc6534e5c51ef836b39890a73916a1db2d486?s=96&d=mm&r=g\",\"contentUrl\":\"https:\/\/secure.gravatar.com\/avatar\/59285e68c26a1d55b30461b1bb1cc6534e5c51ef836b39890a73916a1db2d486?s=96&d=mm&r=g\",\"caption\":\"Michel Camargo\"}}]}<\/script>\n<!-- \/ Yoast SEO Premium plugin. -->","yoast_head_json":{"title":"Fl\u00e1vio Padr\u00e3o aponta rival que d\u00e1 trabalho ao Palmeiras","robots":{"index":"index","follow":"follow","max-snippet":"max-snippet:-1","max-image-preview":"max-image-preview:large","max-video-preview":"max-video-preview:-1"},"canonical":"https:\/\/www.gaveanews.com\/index.php\/2025\/01\/23\/flavio-padrao-aponta-rival-que-da-trabalho-ao-palmeiras\/","og_locale":"pt_BR","og_type":"article","og_title":"Fl\u00e1vio Padr\u00e3o aponta rival que d\u00e1 trabalho ao Palmeiras","og_description":"O famoso jornalista Fl\u00e1vio Prado\u00a0comentou na r\u00e1dio Jovem Pan, sobre o grande dom\u00ednio do clube \u00a0Palmeiras\u00a0em seu estado (SP). Mas ele n\u00e3o deixou de comentar tamb\u00e9m de como o time do S\u00e3o Paulo \u00e9 e vem sendo uma \u201cpedra no sapato\u201d da equipe Alviverde, que atualmente \u00e9 comandada pelo t\u00e9cnico portugu\u00eas, Abel Ferreira. \u201cA diferen\u00e7a [&hellip;]","og_url":"https:\/\/www.gaveanews.com\/index.php\/2025\/01\/23\/flavio-padrao-aponta-rival-que-da-trabalho-ao-palmeiras\/","og_site_name":"G\u00e1vea News","article_publisher":"https:\/\/facebook.com\/gaveaNews\/","article_published_time":"2025-01-23T20:59:46+00:00","article_modified_time":"2025-01-23T20:59:51+00:00","og_image":[{"width":999,"height":548,"url":"http:\/\/www.gaveanews.com\/wp-content\/uploads\/Flavio-Prado.webp","type":"image\/png"}],"author":"Michel Camargo","twitter_card":"summary_large_image","twitter_misc":{"Escrito por":"Michel Camargo","Est. tempo de leitura":"3 minutos"},"schema":{"@context":"https:\/\/schema.org","@graph":[{"@type":"NewsArticle","@id":"https:\/\/www.gaveanews.com\/index.php\/2025\/01\/23\/flavio-padrao-aponta-rival-que-da-trabalho-ao-palmeiras\/#article","isPartOf":{"@id":"https:\/\/www.gaveanews.com\/index.php\/2025\/01\/23\/flavio-padrao-aponta-rival-que-da-trabalho-ao-palmeiras\/"},"author":{"name":"Michel Camargo","@id":"https:\/\/www.gaveanews.com\/#\/schema\/person\/6f5583f09aa4bcc9866a7360b5604486"},"headline":"Fl\u00e1vio Padr\u00e3o aponta rival que d\u00e1 trabalho ao Palmeiras","datePublished":"2025-01-23T20:59:46+00:00","dateModified":"2025-01-23T20:59:51+00:00","mainEntityOfPage":{"@id":"https:\/\/www.gaveanews.com\/index.php\/2025\/01\/23\/flavio-padrao-aponta-rival-que-da-trabalho-ao-palmeiras\/"},"wordCount":441,"commentCount":0,"image":{"@id":"https:\/\/www.gaveanews.com\/index.php\/2025\/01\/23\/flavio-padrao-aponta-rival-que-da-trabalho-ao-palmeiras\/#primaryimage"},"thumbnailUrl":"https:\/\/www.gaveanews.com\/wp-content\/uploads\/Flavio-Prado.webp","articleSection":["Palmeiras"],"inLanguage":"pt-BR","potentialAction":[{"@type":"CommentAction","name":"Comment","target":["https:\/\/www.gaveanews.com\/index.php\/2025\/01\/23\/flavio-padrao-aponta-rival-que-da-trabalho-ao-palmeiras\/#respond"]}],"copyrightYear":"2025","copyrightHolder":{"@id":"https:\/\/www.gaveanews.com\/#organization"}},{"@type":"WebPage","@id":"https:\/\/www.gaveanews.com\/index.php\/2025\/01\/23\/flavio-padrao-aponta-rival-que-da-trabalho-ao-palmeiras\/","url":"https:\/\/www.gaveanews.com\/index.php\/2025\/01\/23\/flavio-padrao-aponta-rival-que-da-trabalho-ao-palmeiras\/","name":"Fl\u00e1vio Padr\u00e3o aponta rival que d\u00e1 trabalho ao Palmeiras","isPartOf":{"@id":"https:\/\/www.gaveanews.com\/#website"},"primaryImageOfPage":{"@id":"https:\/\/www.gaveanews.com\/index.php\/2025\/01\/23\/flavio-padrao-aponta-rival-que-da-trabalho-ao-palmeiras\/#primaryimage"},"image":{"@id":"https:\/\/www.gaveanews.com\/index.php\/2025\/01\/23\/flavio-padrao-aponta-rival-que-da-trabalho-ao-palmeiras\/#primaryimage"},"thumbnailUrl":"https:\/\/www.gaveanews.com\/wp-content\/uploads\/Flavio-Prado.webp","datePublished":"2025-01-23T20:59:46+00:00","dateModified":"2025-01-23T20:59:51+00:00","author":{"@id":"https:\/\/www.gaveanews.com\/#\/schema\/person\/6f5583f09aa4bcc9866a7360b5604486"},"breadcrumb":{"@id":"https:\/\/www.gaveanews.com\/index.php\/2025\/01\/23\/flavio-padrao-aponta-rival-que-da-trabalho-ao-palmeiras\/#breadcrumb"},"inLanguage":"pt-BR","potentialAction":[{"@type":"ReadAction","target":["https:\/\/www.gaveanews.com\/index.php\/2025\/01\/23\/flavio-padrao-aponta-rival-que-da-trabalho-ao-palmeiras\/"]}]},{"@type":"ImageObject","inLanguage":"pt-BR","@id":"https:\/\/www.gaveanews.com\/index.php\/2025\/01\/23\/flavio-padrao-aponta-rival-que-da-trabalho-ao-palmeiras\/#primaryimage","url":"https:\/\/www.gaveanews.com\/wp-content\/uploads\/Flavio-Prado.webp","contentUrl":"https:\/\/www.gaveanews.com\/wp-content\/uploads\/Flavio-Prado.webp","width":999,"height":548,"caption":"Flavio Prado - Foto: Reprodu\u00e7\u00e3o"},{"@type":"BreadcrumbList","@id":"https:\/\/www.gaveanews.com\/index.php\/2025\/01\/23\/flavio-padrao-aponta-rival-que-da-trabalho-ao-palmeiras\/#breadcrumb","itemListElement":[{"@type":"ListItem","position":1,"name":"Home","item":"https:\/\/www.gaveanews.com\/"},{"@type":"ListItem","position":2,"name":"Fl\u00e1vio Padr\u00e3o aponta rival que d\u00e1 trabalho ao Palmeiras"}]},{"@type":"WebSite","@id":"https:\/\/www.gaveanews.com\/#website","url":"https:\/\/www.gaveanews.com\/","name":"G\u00e1vea News","description":"Veja todas as not\u00edcias sobre o Flamengo: Contrata\u00e7\u00f5es, categorias de base, resultados das partidas, tabela de classifica\u00e7\u00e3o, pr\u00f3ximos jogos!","potentialAction":[{"@type":"SearchAction","target":{"@type":"EntryPoint","urlTemplate":"https:\/\/www.gaveanews.com\/?s={search_term_string}"},"query-input":{"@type":"PropertyValueSpecification","valueRequired":true,"valueName":"search_term_string"}}],"inLanguage":"pt-BR"},{"@type":"Person","@id":"https:\/\/www.gaveanews.com\/#\/schema\/person\/6f5583f09aa4bcc9866a7360b5604486","name":"Michel Camargo","image":{"@type":"ImageObject","inLanguage":"pt-BR","@id":"https:\/\/www.gaveanews.com\/#\/schema\/person\/image\/","url":"https:\/\/secure.gravatar.com\/avatar\/59285e68c26a1d55b30461b1bb1cc6534e5c51ef836b39890a73916a1db2d486?s=96&d=mm&r=g","contentUrl":"https:\/\/secure.gravatar.com\/avatar\/59285e68c26a1d55b30461b1bb1cc6534e5c51ef836b39890a73916a1db2d486?s=96&d=mm&r=g","caption":"Michel Camargo"}}]}},"_links":{"self":[{"href":"https:\/\/www.gaveanews.com\/index.php\/wp-json\/wp\/v2\/posts\/216940","targetHints":{"allow":["GET"]}}],"collection":[{"href":"https:\/\/www.gaveanews.com\/index.php\/wp-json\/wp\/v2\/posts"}],"about":[{"href":"https:\/\/www.gaveanews.com\/index.php\/wp-json\/wp\/v2\/types\/post"}],"author":[{"embeddable":true,"href":"https:\/\/www.gaveanews.com\/index.php\/wp-json\/wp\/v2\/users\/31"}],"replies":[{"embeddable":true,"href":"https:\/\/www.gaveanews.com\/index.php\/wp-json\/wp\/v2\/comments?post=216940"}],"version-history":[{"count":1,"href":"https:\/\/www.gaveanews.com\/index.php\/wp-json\/wp\/v2\/posts\/216940\/revisions"}],"predecessor-version":[{"id":216945,"href":"https:\/\/www.gaveanews.com\/index.php\/wp-json\/wp\/v2\/posts\/216940\/revisions\/216945"}],"wp:featuredmedia":[{"embeddable":true,"href":"https:\/\/www.gaveanews.com\/index.php\/wp-json\/wp\/v2\/media\/102292"}],"wp:attachment":[{"href":"https:\/\/www.gaveanews.com\/index.php\/wp-json\/wp\/v2\/media?parent=216940"}],"wp:term":[{"taxonomy":"category","embeddable":true,"href":"https:\/\/www.gaveanews.com\/index.php\/wp-json\/wp\/v2\/categories?post=216940"},{"taxonomy":"post_tag","embeddable":true,"href":"https:\/\/www.gaveanews.com\/index.php\/wp-json\/wp\/v2\/tags?post=216940"}],"curies":[{"name":"wp","href":"https:\/\/api.w.org\/{rel}","templated":true}]}}