{"id":216999,"date":"2025-01-23T23:40:00","date_gmt":"2025-01-24T02:40:00","guid":{"rendered":"https:\/\/www.gaveanews.com\/?p=216999"},"modified":"2025-01-23T23:18:03","modified_gmt":"2025-01-24T02:18:03","slug":"real-madrid-e-barcelona-disputam-contratacao-de-craque-da-alemanha","status":"publish","type":"post","link":"https:\/\/www.gaveanews.com\/index.php\/2025\/01\/23\/real-madrid-e-barcelona-disputam-contratacao-de-craque-da-alemanha\/","title":{"rendered":"Real Madrid e Barcelona disputam contrata\u00e7\u00e3o de craque da Alemanha"},"content":{"rendered":"\n<p>O Real Madrid est\u00e1 muito pr\u00f3ximo de dar um &#8220;chap\u00e9u&#8221; no Barcelona na disputa pelo meio-campista Joshua Kimmich, do Bayern de Munique. Segundo o jornal alem\u00e3o <em>BILD<\/em>, o clube merengue lidera as negocia\u00e7\u00f5es com o jogador, que est\u00e1 em fim de contrato com a equipe b\u00e1vara. O acordo seria para a pr\u00f3xima temporada europeia, j\u00e1 que Kimmich poder\u00e1 assinar um pr\u00e9-contrato a partir de janeiro.<\/p>\n\n\n\n<ul class=\"wp-block-list\">\n<li><strong><a href=\"https:\/\/www.gaveanews.com\/index.php\/2025\/01\/23\/real-madrid-garante-classificacao-na-champions-league\/?utm_source=terra_capa_parceiros&amp;utm_medium=referral\">Real Madrid garante classifica\u00e7\u00e3o na Champions League<\/a><\/strong><\/li>\n\n\n\n<li><a href=\"https:\/\/www.gaveanews.com\/index.php\/2025\/01\/18\/real-madrid-ancelotti-toma-decisao-envolvendo-mbappe\/\"><strong>Real Madrid: Ancelotti toma decis\u00e3o envolvendo Mbapp\u00e9<\/strong><\/a><\/li>\n<\/ul>\n\n\n\n<p>Aos 29 anos, Kimmich \u00e9 titular absoluto no Bayern e pe\u00e7a-chave na Sele\u00e7\u00e3o Alem\u00e3. Na atual temporada, o meio-campista j\u00e1 disputou 34 partidas, marcando dois gols e contribuindo com oito assist\u00eancias. Grande parte de suas atua\u00e7\u00f5es ocorreram pelo Bayern, com destaque para sua precis\u00e3o no passe e capacidade de iniciar jogadas ofensivas.<\/p>\n\n\n\n<p>A movimenta\u00e7\u00e3o do Real Madrid por Kimmich \u00e9 estrat\u00e9gica, especialmente diante da iminente aposentadoria de Toni Kroos. O clube busca um jogador com caracter\u00edsticas semelhantes para preencher a lacuna no meio-campo e dar mais fluidez \u00e0s sa\u00eddas de bola, setor onde Aur\u00e9lien Tchouam\u00e9ni ainda enfrenta dificuldades.<\/p>\n\n\n\n<p>Apesar do interesse merengue, o Bayern de Munique ainda tenta a renova\u00e7\u00e3o contratual de Kimmich. O clube alem\u00e3o tem mantido di\u00e1logo com o jogador e espera convenc\u00ea-lo a permanecer na Allianz Arena. No entanto, o desejo de Kimmich de atuar no Santiago Bernab\u00e9u pode pesar na decis\u00e3o.<\/p>\n\n\n\n<p>O Barcelona, que tamb\u00e9m estava interessado no meio-campista, parece ter ficado para tr\u00e1s na disputa. A prefer\u00eancia de Kimmich pelo Real Madrid, apontada pelo <em>BILD<\/em>, coloca os merengues em uma posi\u00e7\u00e3o privilegiada, frustrando os planos do arquirrival catal\u00e3o.<\/p>\n\n\n\n<p>O desfecho da negocia\u00e7\u00e3o deve ocorrer apenas no pr\u00f3ximo ano, mas o Real Madrid j\u00e1 trabalha para garantir um dos jogadores mais consistentes da Europa nos \u00faltimos anos. Caso a transfer\u00eancia se concretize, Kimmich ser\u00e1 mais um nome de peso a refor\u00e7ar o projeto merengue, que segue em busca de manter sua hegemonia no cen\u00e1rio europeu.<\/p>\n","protected":false},"excerpt":{"rendered":"<p>O Real Madrid est\u00e1 muito pr\u00f3ximo de dar um &#8220;chap\u00e9u&#8221; no Barcelona na disputa pelo meio-campista Joshua Kimmich, do Bayern de Munique. Segundo o jornal alem\u00e3o BILD, o clube merengue lidera as negocia\u00e7\u00f5es com o jogador, que est\u00e1 em fim de contrato com a equipe b\u00e1vara. O acordo seria para a pr\u00f3xima temporada europeia, j\u00e1 [&hellip;]<\/p>\n","protected":false},"author":23,"featured_media":120885,"comment_status":"open","ping_status":"closed","sticky":false,"template":"","format":"standard","meta":{"footnotes":""},"categories":[78],"tags":[],"class_list":["post-216999","post","type-post","status-publish","format-standard","has-post-thumbnail","hentry","category-futebol-internacional"],"yoast_head":"<!-- This site is optimized with the Yoast SEO Premium plugin v24.2 (Yoast SEO v26.9) - https:\/\/yoast.com\/product\/yoast-seo-premium-wordpress\/ -->\n<title>Real Madrid e Barcelona disputam contrata\u00e7\u00e3o de craque da Alemanha<\/title>\n<meta name=\"robots\" content=\"index, follow, max-snippet:-1, max-image-preview:large, max-video-preview:-1\" \/>\n<link rel=\"canonical\" href=\"https:\/\/www.gaveanews.com\/index.php\/2025\/01\/23\/real-madrid-e-barcelona-disputam-contratacao-de-craque-da-alemanha\/\" \/>\n<meta property=\"og:locale\" content=\"pt_BR\" \/>\n<meta property=\"og:type\" content=\"article\" \/>\n<meta property=\"og:title\" content=\"Real Madrid e Barcelona disputam contrata\u00e7\u00e3o de craque da Alemanha\" \/>\n<meta property=\"og:description\" content=\"O Real Madrid est\u00e1 muito pr\u00f3ximo de dar um &#8220;chap\u00e9u&#8221; no Barcelona na disputa pelo meio-campista Joshua Kimmich, do Bayern de Munique. Segundo o jornal alem\u00e3o BILD, o clube merengue lidera as negocia\u00e7\u00f5es com o jogador, que est\u00e1 em fim de contrato com a equipe b\u00e1vara. O acordo seria para a pr\u00f3xima temporada europeia, j\u00e1 [&hellip;]\" \/>\n<meta property=\"og:url\" content=\"https:\/\/www.gaveanews.com\/index.php\/2025\/01\/23\/real-madrid-e-barcelona-disputam-contratacao-de-craque-da-alemanha\/\" \/>\n<meta property=\"og:site_name\" content=\"G\u00e1vea News\" \/>\n<meta property=\"article:publisher\" content=\"https:\/\/facebook.com\/gaveaNews\/\" \/>\n<meta property=\"article:published_time\" content=\"2025-01-24T02:40:00+00:00\" \/>\n<meta property=\"og:image\" content=\"https:\/\/www.gaveanews.com\/wp-content\/uploads\/Real-Madrid-e-Barcelona.webp\" \/>\n\t<meta property=\"og:image:width\" content=\"1296\" \/>\n\t<meta property=\"og:image:height\" content=\"729\" \/>\n\t<meta property=\"og:image:type\" content=\"image\/jpeg\" \/>\n<meta name=\"author\" content=\"Leandro Azevedo\" \/>\n<meta name=\"twitter:card\" content=\"summary_large_image\" \/>\n<meta name=\"twitter:label1\" content=\"Escrito por\" \/>\n\t<meta name=\"twitter:data1\" content=\"Leandro Azevedo\" \/>\n\t<meta name=\"twitter:label2\" content=\"Est. tempo de leitura\" \/>\n\t<meta name=\"twitter:data2\" content=\"2 minutos\" \/>\n<script type=\"application\/ld+json\" class=\"yoast-schema-graph\">{\"@context\":\"https:\/\/schema.org\",\"@graph\":[{\"@type\":\"NewsArticle\",\"@id\":\"https:\/\/www.gaveanews.com\/index.php\/2025\/01\/23\/real-madrid-e-barcelona-disputam-contratacao-de-craque-da-alemanha\/#article\",\"isPartOf\":{\"@id\":\"https:\/\/www.gaveanews.com\/index.php\/2025\/01\/23\/real-madrid-e-barcelona-disputam-contratacao-de-craque-da-alemanha\/\"},\"author\":{\"name\":\"Leandro Azevedo\",\"@id\":\"https:\/\/www.gaveanews.com\/#\/schema\/person\/2877169f354c4596cf5aab74ea7c56a8\"},\"headline\":\"Real Madrid e Barcelona disputam contrata\u00e7\u00e3o de craque da Alemanha\",\"datePublished\":\"2025-01-24T02:40:00+00:00\",\"mainEntityOfPage\":{\"@id\":\"https:\/\/www.gaveanews.com\/index.php\/2025\/01\/23\/real-madrid-e-barcelona-disputam-contratacao-de-craque-da-alemanha\/\"},\"wordCount\":361,\"commentCount\":0,\"image\":{\"@id\":\"https:\/\/www.gaveanews.com\/index.php\/2025\/01\/23\/real-madrid-e-barcelona-disputam-contratacao-de-craque-da-alemanha\/#primaryimage\"},\"thumbnailUrl\":\"https:\/\/www.gaveanews.com\/wp-content\/uploads\/Real-Madrid-e-Barcelona.webp\",\"articleSection\":[\"Futebol Internacional\"],\"inLanguage\":\"pt-BR\",\"potentialAction\":[{\"@type\":\"CommentAction\",\"name\":\"Comment\",\"target\":[\"https:\/\/www.gaveanews.com\/index.php\/2025\/01\/23\/real-madrid-e-barcelona-disputam-contratacao-de-craque-da-alemanha\/#respond\"]}],\"copyrightYear\":\"2025\",\"copyrightHolder\":{\"@id\":\"https:\/\/www.gaveanews.com\/#organization\"}},{\"@type\":\"WebPage\",\"@id\":\"https:\/\/www.gaveanews.com\/index.php\/2025\/01\/23\/real-madrid-e-barcelona-disputam-contratacao-de-craque-da-alemanha\/\",\"url\":\"https:\/\/www.gaveanews.com\/index.php\/2025\/01\/23\/real-madrid-e-barcelona-disputam-contratacao-de-craque-da-alemanha\/\",\"name\":\"Real Madrid e Barcelona disputam contrata\u00e7\u00e3o de craque da Alemanha\",\"isPartOf\":{\"@id\":\"https:\/\/www.gaveanews.com\/#website\"},\"primaryImageOfPage\":{\"@id\":\"https:\/\/www.gaveanews.com\/index.php\/2025\/01\/23\/real-madrid-e-barcelona-disputam-contratacao-de-craque-da-alemanha\/#primaryimage\"},\"image\":{\"@id\":\"https:\/\/www.gaveanews.com\/index.php\/2025\/01\/23\/real-madrid-e-barcelona-disputam-contratacao-de-craque-da-alemanha\/#primaryimage\"},\"thumbnailUrl\":\"https:\/\/www.gaveanews.com\/wp-content\/uploads\/Real-Madrid-e-Barcelona.webp\",\"datePublished\":\"2025-01-24T02:40:00+00:00\",\"author\":{\"@id\":\"https:\/\/www.gaveanews.com\/#\/schema\/person\/2877169f354c4596cf5aab74ea7c56a8\"},\"breadcrumb\":{\"@id\":\"https:\/\/www.gaveanews.com\/index.php\/2025\/01\/23\/real-madrid-e-barcelona-disputam-contratacao-de-craque-da-alemanha\/#breadcrumb\"},\"inLanguage\":\"pt-BR\",\"potentialAction\":[{\"@type\":\"ReadAction\",\"target\":[\"https:\/\/www.gaveanews.com\/index.php\/2025\/01\/23\/real-madrid-e-barcelona-disputam-contratacao-de-craque-da-alemanha\/\"]}]},{\"@type\":\"ImageObject\",\"inLanguage\":\"pt-BR\",\"@id\":\"https:\/\/www.gaveanews.com\/index.php\/2025\/01\/23\/real-madrid-e-barcelona-disputam-contratacao-de-craque-da-alemanha\/#primaryimage\",\"url\":\"https:\/\/www.gaveanews.com\/wp-content\/uploads\/Real-Madrid-e-Barcelona.webp\",\"contentUrl\":\"https:\/\/www.gaveanews.com\/wp-content\/uploads\/Real-Madrid-e-Barcelona.webp\",\"width\":1296,\"height\":729,\"caption\":\"Escudo do Real Madrid e Barcelona (Foto: Divulga\u00e7\u00e3o)\"},{\"@type\":\"BreadcrumbList\",\"@id\":\"https:\/\/www.gaveanews.com\/index.php\/2025\/01\/23\/real-madrid-e-barcelona-disputam-contratacao-de-craque-da-alemanha\/#breadcrumb\",\"itemListElement\":[{\"@type\":\"ListItem\",\"position\":1,\"name\":\"Home\",\"item\":\"https:\/\/www.gaveanews.com\/\"},{\"@type\":\"ListItem\",\"position\":2,\"name\":\"Real Madrid e Barcelona disputam contrata\u00e7\u00e3o de craque da Alemanha\"}]},{\"@type\":\"WebSite\",\"@id\":\"https:\/\/www.gaveanews.com\/#website\",\"url\":\"https:\/\/www.gaveanews.com\/\",\"name\":\"G\u00e1vea News\",\"description\":\"Veja todas as not\u00edcias sobre o Flamengo: Contrata\u00e7\u00f5es, categorias de base, resultados das partidas, tabela de classifica\u00e7\u00e3o, pr\u00f3ximos jogos!\",\"potentialAction\":[{\"@type\":\"SearchAction\",\"target\":{\"@type\":\"EntryPoint\",\"urlTemplate\":\"https:\/\/www.gaveanews.com\/?s={search_term_string}\"},\"query-input\":{\"@type\":\"PropertyValueSpecification\",\"valueRequired\":true,\"valueName\":\"search_term_string\"}}],\"inLanguage\":\"pt-BR\"},{\"@type\":\"Person\",\"@id\":\"https:\/\/www.gaveanews.com\/#\/schema\/person\/2877169f354c4596cf5aab74ea7c56a8\",\"name\":\"Leandro Azevedo\",\"image\":{\"@type\":\"ImageObject\",\"inLanguage\":\"pt-BR\",\"@id\":\"https:\/\/www.gaveanews.com\/#\/schema\/person\/image\/\",\"url\":\"https:\/\/secure.gravatar.com\/avatar\/e2f72eb6d986a41d592a85e4e36a6c6170e9ea8a1f433dfc29d0011a8968f89c?s=96&d=mm&r=g\",\"contentUrl\":\"https:\/\/secure.gravatar.com\/avatar\/e2f72eb6d986a41d592a85e4e36a6c6170e9ea8a1f433dfc29d0011a8968f89c?s=96&d=mm&r=g\",\"caption\":\"Leandro Azevedo\"}}]}<\/script>\n<!-- \/ Yoast SEO Premium plugin. -->","yoast_head_json":{"title":"Real Madrid e Barcelona disputam contrata\u00e7\u00e3o de craque da Alemanha","robots":{"index":"index","follow":"follow","max-snippet":"max-snippet:-1","max-image-preview":"max-image-preview:large","max-video-preview":"max-video-preview:-1"},"canonical":"https:\/\/www.gaveanews.com\/index.php\/2025\/01\/23\/real-madrid-e-barcelona-disputam-contratacao-de-craque-da-alemanha\/","og_locale":"pt_BR","og_type":"article","og_title":"Real Madrid e Barcelona disputam contrata\u00e7\u00e3o de craque da Alemanha","og_description":"O Real Madrid est\u00e1 muito pr\u00f3ximo de dar um &#8220;chap\u00e9u&#8221; no Barcelona na disputa pelo meio-campista Joshua Kimmich, do Bayern de Munique. Segundo o jornal alem\u00e3o BILD, o clube merengue lidera as negocia\u00e7\u00f5es com o jogador, que est\u00e1 em fim de contrato com a equipe b\u00e1vara. O acordo seria para a pr\u00f3xima temporada europeia, j\u00e1 [&hellip;]","og_url":"https:\/\/www.gaveanews.com\/index.php\/2025\/01\/23\/real-madrid-e-barcelona-disputam-contratacao-de-craque-da-alemanha\/","og_site_name":"G\u00e1vea News","article_publisher":"https:\/\/facebook.com\/gaveaNews\/","article_published_time":"2025-01-24T02:40:00+00:00","og_image":[{"width":1296,"height":729,"url":"https:\/\/www.gaveanews.com\/wp-content\/uploads\/Real-Madrid-e-Barcelona.webp","type":"image\/jpeg"}],"author":"Leandro Azevedo","twitter_card":"summary_large_image","twitter_misc":{"Escrito por":"Leandro Azevedo","Est. tempo de leitura":"2 minutos"},"schema":{"@context":"https:\/\/schema.org","@graph":[{"@type":"NewsArticle","@id":"https:\/\/www.gaveanews.com\/index.php\/2025\/01\/23\/real-madrid-e-barcelona-disputam-contratacao-de-craque-da-alemanha\/#article","isPartOf":{"@id":"https:\/\/www.gaveanews.com\/index.php\/2025\/01\/23\/real-madrid-e-barcelona-disputam-contratacao-de-craque-da-alemanha\/"},"author":{"name":"Leandro Azevedo","@id":"https:\/\/www.gaveanews.com\/#\/schema\/person\/2877169f354c4596cf5aab74ea7c56a8"},"headline":"Real Madrid e Barcelona disputam contrata\u00e7\u00e3o de craque da Alemanha","datePublished":"2025-01-24T02:40:00+00:00","mainEntityOfPage":{"@id":"https:\/\/www.gaveanews.com\/index.php\/2025\/01\/23\/real-madrid-e-barcelona-disputam-contratacao-de-craque-da-alemanha\/"},"wordCount":361,"commentCount":0,"image":{"@id":"https:\/\/www.gaveanews.com\/index.php\/2025\/01\/23\/real-madrid-e-barcelona-disputam-contratacao-de-craque-da-alemanha\/#primaryimage"},"thumbnailUrl":"https:\/\/www.gaveanews.com\/wp-content\/uploads\/Real-Madrid-e-Barcelona.webp","articleSection":["Futebol Internacional"],"inLanguage":"pt-BR","potentialAction":[{"@type":"CommentAction","name":"Comment","target":["https:\/\/www.gaveanews.com\/index.php\/2025\/01\/23\/real-madrid-e-barcelona-disputam-contratacao-de-craque-da-alemanha\/#respond"]}],"copyrightYear":"2025","copyrightHolder":{"@id":"https:\/\/www.gaveanews.com\/#organization"}},{"@type":"WebPage","@id":"https:\/\/www.gaveanews.com\/index.php\/2025\/01\/23\/real-madrid-e-barcelona-disputam-contratacao-de-craque-da-alemanha\/","url":"https:\/\/www.gaveanews.com\/index.php\/2025\/01\/23\/real-madrid-e-barcelona-disputam-contratacao-de-craque-da-alemanha\/","name":"Real Madrid e Barcelona disputam contrata\u00e7\u00e3o de craque da Alemanha","isPartOf":{"@id":"https:\/\/www.gaveanews.com\/#website"},"primaryImageOfPage":{"@id":"https:\/\/www.gaveanews.com\/index.php\/2025\/01\/23\/real-madrid-e-barcelona-disputam-contratacao-de-craque-da-alemanha\/#primaryimage"},"image":{"@id":"https:\/\/www.gaveanews.com\/index.php\/2025\/01\/23\/real-madrid-e-barcelona-disputam-contratacao-de-craque-da-alemanha\/#primaryimage"},"thumbnailUrl":"https:\/\/www.gaveanews.com\/wp-content\/uploads\/Real-Madrid-e-Barcelona.webp","datePublished":"2025-01-24T02:40:00+00:00","author":{"@id":"https:\/\/www.gaveanews.com\/#\/schema\/person\/2877169f354c4596cf5aab74ea7c56a8"},"breadcrumb":{"@id":"https:\/\/www.gaveanews.com\/index.php\/2025\/01\/23\/real-madrid-e-barcelona-disputam-contratacao-de-craque-da-alemanha\/#breadcrumb"},"inLanguage":"pt-BR","potentialAction":[{"@type":"ReadAction","target":["https:\/\/www.gaveanews.com\/index.php\/2025\/01\/23\/real-madrid-e-barcelona-disputam-contratacao-de-craque-da-alemanha\/"]}]},{"@type":"ImageObject","inLanguage":"pt-BR","@id":"https:\/\/www.gaveanews.com\/index.php\/2025\/01\/23\/real-madrid-e-barcelona-disputam-contratacao-de-craque-da-alemanha\/#primaryimage","url":"https:\/\/www.gaveanews.com\/wp-content\/uploads\/Real-Madrid-e-Barcelona.webp","contentUrl":"https:\/\/www.gaveanews.com\/wp-content\/uploads\/Real-Madrid-e-Barcelona.webp","width":1296,"height":729,"caption":"Escudo do Real Madrid e Barcelona (Foto: Divulga\u00e7\u00e3o)"},{"@type":"BreadcrumbList","@id":"https:\/\/www.gaveanews.com\/index.php\/2025\/01\/23\/real-madrid-e-barcelona-disputam-contratacao-de-craque-da-alemanha\/#breadcrumb","itemListElement":[{"@type":"ListItem","position":1,"name":"Home","item":"https:\/\/www.gaveanews.com\/"},{"@type":"ListItem","position":2,"name":"Real Madrid e Barcelona disputam contrata\u00e7\u00e3o de craque da Alemanha"}]},{"@type":"WebSite","@id":"https:\/\/www.gaveanews.com\/#website","url":"https:\/\/www.gaveanews.com\/","name":"G\u00e1vea News","description":"Veja todas as not\u00edcias sobre o Flamengo: Contrata\u00e7\u00f5es, categorias de base, resultados das partidas, tabela de classifica\u00e7\u00e3o, pr\u00f3ximos jogos!","potentialAction":[{"@type":"SearchAction","target":{"@type":"EntryPoint","urlTemplate":"https:\/\/www.gaveanews.com\/?s={search_term_string}"},"query-input":{"@type":"PropertyValueSpecification","valueRequired":true,"valueName":"search_term_string"}}],"inLanguage":"pt-BR"},{"@type":"Person","@id":"https:\/\/www.gaveanews.com\/#\/schema\/person\/2877169f354c4596cf5aab74ea7c56a8","name":"Leandro Azevedo","image":{"@type":"ImageObject","inLanguage":"pt-BR","@id":"https:\/\/www.gaveanews.com\/#\/schema\/person\/image\/","url":"https:\/\/secure.gravatar.com\/avatar\/e2f72eb6d986a41d592a85e4e36a6c6170e9ea8a1f433dfc29d0011a8968f89c?s=96&d=mm&r=g","contentUrl":"https:\/\/secure.gravatar.com\/avatar\/e2f72eb6d986a41d592a85e4e36a6c6170e9ea8a1f433dfc29d0011a8968f89c?s=96&d=mm&r=g","caption":"Leandro Azevedo"}}]}},"_links":{"self":[{"href":"https:\/\/www.gaveanews.com\/index.php\/wp-json\/wp\/v2\/posts\/216999","targetHints":{"allow":["GET"]}}],"collection":[{"href":"https:\/\/www.gaveanews.com\/index.php\/wp-json\/wp\/v2\/posts"}],"about":[{"href":"https:\/\/www.gaveanews.com\/index.php\/wp-json\/wp\/v2\/types\/post"}],"author":[{"embeddable":true,"href":"https:\/\/www.gaveanews.com\/index.php\/wp-json\/wp\/v2\/users\/23"}],"replies":[{"embeddable":true,"href":"https:\/\/www.gaveanews.com\/index.php\/wp-json\/wp\/v2\/comments?post=216999"}],"version-history":[{"count":2,"href":"https:\/\/www.gaveanews.com\/index.php\/wp-json\/wp\/v2\/posts\/216999\/revisions"}],"predecessor-version":[{"id":217133,"href":"https:\/\/www.gaveanews.com\/index.php\/wp-json\/wp\/v2\/posts\/216999\/revisions\/217133"}],"wp:featuredmedia":[{"embeddable":true,"href":"https:\/\/www.gaveanews.com\/index.php\/wp-json\/wp\/v2\/media\/120885"}],"wp:attachment":[{"href":"https:\/\/www.gaveanews.com\/index.php\/wp-json\/wp\/v2\/media?parent=216999"}],"wp:term":[{"taxonomy":"category","embeddable":true,"href":"https:\/\/www.gaveanews.com\/index.php\/wp-json\/wp\/v2\/categories?post=216999"},{"taxonomy":"post_tag","embeddable":true,"href":"https:\/\/www.gaveanews.com\/index.php\/wp-json\/wp\/v2\/tags?post=216999"}],"curies":[{"name":"wp","href":"https:\/\/api.w.org\/{rel}","templated":true}]}}