{"id":217004,"date":"2025-01-23T23:50:00","date_gmt":"2025-01-24T02:50:00","guid":{"rendered":"https:\/\/www.gaveanews.com\/?p=217004"},"modified":"2025-01-23T23:01:01","modified_gmt":"2025-01-24T02:01:01","slug":"pode-estrear-reforco-do-palmeiras-e-regularizado-no-bid","status":"publish","type":"post","link":"https:\/\/www.gaveanews.com\/index.php\/2025\/01\/23\/pode-estrear-reforco-do-palmeiras-e-regularizado-no-bid\/","title":{"rendered":"Pode estrear! Refor\u00e7o do Palmeiras \u00e9 regularizado no BID"},"content":{"rendered":"\n<p>O Palmeiras registrou oficialmente o atacante Paulinho como seu novo jogador. O nome do atleta foi publicado no Boletim Informativo Di\u00e1rio (BID) da CBF nesta quinta-feira, garantindo sua regulariza\u00e7\u00e3o. No entanto, a estreia do jogador ainda est\u00e1 condicionada a uma libera\u00e7\u00e3o m\u00e9dica, j\u00e1 que ele segue em recupera\u00e7\u00e3o de uma cirurgia na canela realizada no ano passado.<\/p>\n\n\n\n<ul class=\"wp-block-list\">\n<li><strong><a href=\"https:\/\/www.gaveanews.com\/index.php\/2025\/01\/23\/palmeiras-drible-absurdo-de-estevao-viraliza-nas-redes-sociais\/?utm_source=terra_capa_parceiros&amp;utm_medium=referral\">Palmeiras: drible absurdo de Est\u00eav\u00e3o viraliza nas redes sociais<\/a><\/strong><\/li>\n\n\n\n<li><strong><a href=\"https:\/\/www.gaveanews.com\/index.php\/2025\/01\/23\/saiba-tudo-sobre-emiliano-martinez-jogador-na-mira-do-palmeiras\/?utm_source=terra_capa_parceiros&amp;utm_medium=referral\">Saiba tudo sobre Emiliano Mart\u00ednez, jogador na mira do Palmeiras<\/a><\/strong><\/li>\n<\/ul>\n\n\n\n<p>Apesar da regulariza\u00e7\u00e3o, Paulinho, de 24 anos, ainda n\u00e3o iniciou os treinos com o elenco comandado por Abel Ferreira. O atacante tem seguido um cronograma de reabilita\u00e7\u00e3o, e a previs\u00e3o do clube \u00e9 de que ele esteja \u00e0 disposi\u00e7\u00e3o da comiss\u00e3o t\u00e9cnica somente em abril. O atleta \u00e9 considerado a principal contrata\u00e7\u00e3o do Verd\u00e3o nesta temporada.<\/p>\n\n\n\n<p>Paulinho assinou contrato com o Palmeiras at\u00e9 o final de 2029. A chegada do atacante foi tratada como prioridade pela diretoria, que buscava refor\u00e7ar o setor ofensivo. Al\u00e9m de Paulinho, o Palmeiras tamb\u00e9m anunciou recentemente a contrata\u00e7\u00e3o do uruguaio Facundo Torres, em mais uma demonstra\u00e7\u00e3o do poder de mercado do clube.<\/p>\n\n\n\n<p>A negocia\u00e7\u00e3o com o Atl\u00e9tico-MG envolveu um investimento robusto por parte do Palmeiras. Para adquirir Paulinho, o clube desembolsou 18 milh\u00f5es de euros (cerca de R$ 115 milh\u00f5es na cota\u00e7\u00e3o da \u00e9poca), al\u00e9m de incluir os jogadores Patrick e Gabriel Menino como parte da transa\u00e7\u00e3o. A opera\u00e7\u00e3o foi uma das maiores do futebol brasileiro nos \u00faltimos anos.<\/p>\n\n\n\n<p>No Atl\u00e9tico-MG, Paulinho se destacou pela velocidade e capacidade de decis\u00e3o no ataque, mas enfrentou dificuldades com les\u00f5es, incluindo a cirurgia que agora atrasa sua estreia no Palmeiras. Mesmo assim, o clube paulista aposta no potencial do jogador para fortalecer seu elenco na disputa das principais competi\u00e7\u00f5es da temporada.<\/p>\n\n\n\n<p>A expectativa da torcida alviverde \u00e9 grande para ver Paulinho em campo, principalmente ap\u00f3s um investimento significativo para sua contrata\u00e7\u00e3o. Enquanto aguarda a libera\u00e7\u00e3o m\u00e9dica, o atleta segue com trabalhos espec\u00edficos para acelerar sua recupera\u00e7\u00e3o e atender \u00e0s exig\u00eancias f\u00edsicas da comiss\u00e3o t\u00e9cnica.<\/p>\n","protected":false},"excerpt":{"rendered":"<p>O Palmeiras registrou oficialmente o atacante Paulinho como seu novo jogador. O nome do atleta foi publicado no Boletim Informativo Di\u00e1rio (BID) da CBF nesta quinta-feira, garantindo sua regulariza\u00e7\u00e3o. No entanto, a estreia do jogador ainda est\u00e1 condicionada a uma libera\u00e7\u00e3o m\u00e9dica, j\u00e1 que ele segue em recupera\u00e7\u00e3o de uma cirurgia na canela realizada no [&hellip;]<\/p>\n","protected":false},"author":23,"featured_media":217006,"comment_status":"open","ping_status":"closed","sticky":false,"template":"","format":"standard","meta":{"footnotes":""},"categories":[150],"tags":[],"class_list":["post-217004","post","type-post","status-publish","format-standard","has-post-thumbnail","hentry","category-palmeiras"],"yoast_head":"<!-- This site is optimized with the Yoast SEO Premium plugin v24.2 (Yoast SEO v26.9) - https:\/\/yoast.com\/product\/yoast-seo-premium-wordpress\/ -->\n<title>Pode estrear! Refor\u00e7o do Palmeiras \u00e9 regularizado no BID<\/title>\n<meta name=\"robots\" content=\"index, follow, max-snippet:-1, max-image-preview:large, max-video-preview:-1\" \/>\n<link rel=\"canonical\" href=\"https:\/\/www.gaveanews.com\/index.php\/2025\/01\/23\/pode-estrear-reforco-do-palmeiras-e-regularizado-no-bid\/\" \/>\n<meta property=\"og:locale\" content=\"pt_BR\" \/>\n<meta property=\"og:type\" content=\"article\" \/>\n<meta property=\"og:title\" content=\"Pode estrear! Refor\u00e7o do Palmeiras \u00e9 regularizado no BID\" \/>\n<meta property=\"og:description\" content=\"O Palmeiras registrou oficialmente o atacante Paulinho como seu novo jogador. O nome do atleta foi publicado no Boletim Informativo Di\u00e1rio (BID) da CBF nesta quinta-feira, garantindo sua regulariza\u00e7\u00e3o. No entanto, a estreia do jogador ainda est\u00e1 condicionada a uma libera\u00e7\u00e3o m\u00e9dica, j\u00e1 que ele segue em recupera\u00e7\u00e3o de uma cirurgia na canela realizada no [&hellip;]\" \/>\n<meta property=\"og:url\" content=\"https:\/\/www.gaveanews.com\/index.php\/2025\/01\/23\/pode-estrear-reforco-do-palmeiras-e-regularizado-no-bid\/\" \/>\n<meta property=\"og:site_name\" content=\"G\u00e1vea News\" \/>\n<meta property=\"article:publisher\" content=\"https:\/\/facebook.com\/gaveaNews\/\" \/>\n<meta property=\"article:published_time\" content=\"2025-01-24T02:50:00+00:00\" \/>\n<meta property=\"og:image\" content=\"https:\/\/www.gaveanews.com\/wp-content\/uploads\/Imagem-do-WhatsApp-de-2025-01-23-as-20.35.48_10028298.webp\" \/>\n\t<meta property=\"og:image:width\" content=\"1130\" \/>\n\t<meta property=\"og:image:height\" content=\"631\" \/>\n\t<meta property=\"og:image:type\" content=\"image\/jpeg\" \/>\n<meta name=\"author\" content=\"Leandro Azevedo\" \/>\n<meta name=\"twitter:card\" content=\"summary_large_image\" \/>\n<meta name=\"twitter:label1\" content=\"Escrito por\" \/>\n\t<meta name=\"twitter:data1\" content=\"Leandro Azevedo\" \/>\n\t<meta name=\"twitter:label2\" content=\"Est. tempo de leitura\" \/>\n\t<meta name=\"twitter:data2\" content=\"3 minutos\" \/>\n<script type=\"application\/ld+json\" class=\"yoast-schema-graph\">{\"@context\":\"https:\/\/schema.org\",\"@graph\":[{\"@type\":\"NewsArticle\",\"@id\":\"https:\/\/www.gaveanews.com\/index.php\/2025\/01\/23\/pode-estrear-reforco-do-palmeiras-e-regularizado-no-bid\/#article\",\"isPartOf\":{\"@id\":\"https:\/\/www.gaveanews.com\/index.php\/2025\/01\/23\/pode-estrear-reforco-do-palmeiras-e-regularizado-no-bid\/\"},\"author\":{\"name\":\"Leandro Azevedo\",\"@id\":\"https:\/\/www.gaveanews.com\/#\/schema\/person\/2877169f354c4596cf5aab74ea7c56a8\"},\"headline\":\"Pode estrear! Refor\u00e7o do Palmeiras \u00e9 regularizado no BID\",\"datePublished\":\"2025-01-24T02:50:00+00:00\",\"mainEntityOfPage\":{\"@id\":\"https:\/\/www.gaveanews.com\/index.php\/2025\/01\/23\/pode-estrear-reforco-do-palmeiras-e-regularizado-no-bid\/\"},\"wordCount\":377,\"commentCount\":0,\"image\":{\"@id\":\"https:\/\/www.gaveanews.com\/index.php\/2025\/01\/23\/pode-estrear-reforco-do-palmeiras-e-regularizado-no-bid\/#primaryimage\"},\"thumbnailUrl\":\"https:\/\/www.gaveanews.com\/wp-content\/uploads\/Imagem-do-WhatsApp-de-2025-01-23-as-20.35.48_10028298.webp\",\"articleSection\":[\"Palmeiras\"],\"inLanguage\":\"pt-BR\",\"potentialAction\":[{\"@type\":\"CommentAction\",\"name\":\"Comment\",\"target\":[\"https:\/\/www.gaveanews.com\/index.php\/2025\/01\/23\/pode-estrear-reforco-do-palmeiras-e-regularizado-no-bid\/#respond\"]}],\"copyrightYear\":\"2025\",\"copyrightHolder\":{\"@id\":\"https:\/\/www.gaveanews.com\/#organization\"}},{\"@type\":\"WebPage\",\"@id\":\"https:\/\/www.gaveanews.com\/index.php\/2025\/01\/23\/pode-estrear-reforco-do-palmeiras-e-regularizado-no-bid\/\",\"url\":\"https:\/\/www.gaveanews.com\/index.php\/2025\/01\/23\/pode-estrear-reforco-do-palmeiras-e-regularizado-no-bid\/\",\"name\":\"Pode estrear! Refor\u00e7o do Palmeiras \u00e9 regularizado no BID\",\"isPartOf\":{\"@id\":\"https:\/\/www.gaveanews.com\/#website\"},\"primaryImageOfPage\":{\"@id\":\"https:\/\/www.gaveanews.com\/index.php\/2025\/01\/23\/pode-estrear-reforco-do-palmeiras-e-regularizado-no-bid\/#primaryimage\"},\"image\":{\"@id\":\"https:\/\/www.gaveanews.com\/index.php\/2025\/01\/23\/pode-estrear-reforco-do-palmeiras-e-regularizado-no-bid\/#primaryimage\"},\"thumbnailUrl\":\"https:\/\/www.gaveanews.com\/wp-content\/uploads\/Imagem-do-WhatsApp-de-2025-01-23-as-20.35.48_10028298.webp\",\"datePublished\":\"2025-01-24T02:50:00+00:00\",\"author\":{\"@id\":\"https:\/\/www.gaveanews.com\/#\/schema\/person\/2877169f354c4596cf5aab74ea7c56a8\"},\"breadcrumb\":{\"@id\":\"https:\/\/www.gaveanews.com\/index.php\/2025\/01\/23\/pode-estrear-reforco-do-palmeiras-e-regularizado-no-bid\/#breadcrumb\"},\"inLanguage\":\"pt-BR\",\"potentialAction\":[{\"@type\":\"ReadAction\",\"target\":[\"https:\/\/www.gaveanews.com\/index.php\/2025\/01\/23\/pode-estrear-reforco-do-palmeiras-e-regularizado-no-bid\/\"]}]},{\"@type\":\"ImageObject\",\"inLanguage\":\"pt-BR\",\"@id\":\"https:\/\/www.gaveanews.com\/index.php\/2025\/01\/23\/pode-estrear-reforco-do-palmeiras-e-regularizado-no-bid\/#primaryimage\",\"url\":\"https:\/\/www.gaveanews.com\/wp-content\/uploads\/Imagem-do-WhatsApp-de-2025-01-23-as-20.35.48_10028298.webp\",\"contentUrl\":\"https:\/\/www.gaveanews.com\/wp-content\/uploads\/Imagem-do-WhatsApp-de-2025-01-23-as-20.35.48_10028298.webp\",\"width\":1130,\"height\":631,\"caption\":\"Foto: Reprodu\u00e7\u00e3o \/ Palmeiras\"},{\"@type\":\"BreadcrumbList\",\"@id\":\"https:\/\/www.gaveanews.com\/index.php\/2025\/01\/23\/pode-estrear-reforco-do-palmeiras-e-regularizado-no-bid\/#breadcrumb\",\"itemListElement\":[{\"@type\":\"ListItem\",\"position\":1,\"name\":\"Home\",\"item\":\"https:\/\/www.gaveanews.com\/\"},{\"@type\":\"ListItem\",\"position\":2,\"name\":\"Pode estrear! Refor\u00e7o do Palmeiras \u00e9 regularizado no BID\"}]},{\"@type\":\"WebSite\",\"@id\":\"https:\/\/www.gaveanews.com\/#website\",\"url\":\"https:\/\/www.gaveanews.com\/\",\"name\":\"G\u00e1vea News\",\"description\":\"Veja todas as not\u00edcias sobre o Flamengo: Contrata\u00e7\u00f5es, categorias de base, resultados das partidas, tabela de classifica\u00e7\u00e3o, pr\u00f3ximos jogos!\",\"potentialAction\":[{\"@type\":\"SearchAction\",\"target\":{\"@type\":\"EntryPoint\",\"urlTemplate\":\"https:\/\/www.gaveanews.com\/?s={search_term_string}\"},\"query-input\":{\"@type\":\"PropertyValueSpecification\",\"valueRequired\":true,\"valueName\":\"search_term_string\"}}],\"inLanguage\":\"pt-BR\"},{\"@type\":\"Person\",\"@id\":\"https:\/\/www.gaveanews.com\/#\/schema\/person\/2877169f354c4596cf5aab74ea7c56a8\",\"name\":\"Leandro Azevedo\",\"image\":{\"@type\":\"ImageObject\",\"inLanguage\":\"pt-BR\",\"@id\":\"https:\/\/www.gaveanews.com\/#\/schema\/person\/image\/\",\"url\":\"https:\/\/secure.gravatar.com\/avatar\/e2f72eb6d986a41d592a85e4e36a6c6170e9ea8a1f433dfc29d0011a8968f89c?s=96&d=mm&r=g\",\"contentUrl\":\"https:\/\/secure.gravatar.com\/avatar\/e2f72eb6d986a41d592a85e4e36a6c6170e9ea8a1f433dfc29d0011a8968f89c?s=96&d=mm&r=g\",\"caption\":\"Leandro Azevedo\"}}]}<\/script>\n<!-- \/ Yoast SEO Premium plugin. -->","yoast_head_json":{"title":"Pode estrear! Refor\u00e7o do Palmeiras \u00e9 regularizado no BID","robots":{"index":"index","follow":"follow","max-snippet":"max-snippet:-1","max-image-preview":"max-image-preview:large","max-video-preview":"max-video-preview:-1"},"canonical":"https:\/\/www.gaveanews.com\/index.php\/2025\/01\/23\/pode-estrear-reforco-do-palmeiras-e-regularizado-no-bid\/","og_locale":"pt_BR","og_type":"article","og_title":"Pode estrear! Refor\u00e7o do Palmeiras \u00e9 regularizado no BID","og_description":"O Palmeiras registrou oficialmente o atacante Paulinho como seu novo jogador. O nome do atleta foi publicado no Boletim Informativo Di\u00e1rio (BID) da CBF nesta quinta-feira, garantindo sua regulariza\u00e7\u00e3o. No entanto, a estreia do jogador ainda est\u00e1 condicionada a uma libera\u00e7\u00e3o m\u00e9dica, j\u00e1 que ele segue em recupera\u00e7\u00e3o de uma cirurgia na canela realizada no [&hellip;]","og_url":"https:\/\/www.gaveanews.com\/index.php\/2025\/01\/23\/pode-estrear-reforco-do-palmeiras-e-regularizado-no-bid\/","og_site_name":"G\u00e1vea News","article_publisher":"https:\/\/facebook.com\/gaveaNews\/","article_published_time":"2025-01-24T02:50:00+00:00","og_image":[{"width":1130,"height":631,"url":"https:\/\/www.gaveanews.com\/wp-content\/uploads\/Imagem-do-WhatsApp-de-2025-01-23-as-20.35.48_10028298.webp","type":"image\/jpeg"}],"author":"Leandro Azevedo","twitter_card":"summary_large_image","twitter_misc":{"Escrito por":"Leandro Azevedo","Est. tempo de leitura":"3 minutos"},"schema":{"@context":"https:\/\/schema.org","@graph":[{"@type":"NewsArticle","@id":"https:\/\/www.gaveanews.com\/index.php\/2025\/01\/23\/pode-estrear-reforco-do-palmeiras-e-regularizado-no-bid\/#article","isPartOf":{"@id":"https:\/\/www.gaveanews.com\/index.php\/2025\/01\/23\/pode-estrear-reforco-do-palmeiras-e-regularizado-no-bid\/"},"author":{"name":"Leandro Azevedo","@id":"https:\/\/www.gaveanews.com\/#\/schema\/person\/2877169f354c4596cf5aab74ea7c56a8"},"headline":"Pode estrear! Refor\u00e7o do Palmeiras \u00e9 regularizado no BID","datePublished":"2025-01-24T02:50:00+00:00","mainEntityOfPage":{"@id":"https:\/\/www.gaveanews.com\/index.php\/2025\/01\/23\/pode-estrear-reforco-do-palmeiras-e-regularizado-no-bid\/"},"wordCount":377,"commentCount":0,"image":{"@id":"https:\/\/www.gaveanews.com\/index.php\/2025\/01\/23\/pode-estrear-reforco-do-palmeiras-e-regularizado-no-bid\/#primaryimage"},"thumbnailUrl":"https:\/\/www.gaveanews.com\/wp-content\/uploads\/Imagem-do-WhatsApp-de-2025-01-23-as-20.35.48_10028298.webp","articleSection":["Palmeiras"],"inLanguage":"pt-BR","potentialAction":[{"@type":"CommentAction","name":"Comment","target":["https:\/\/www.gaveanews.com\/index.php\/2025\/01\/23\/pode-estrear-reforco-do-palmeiras-e-regularizado-no-bid\/#respond"]}],"copyrightYear":"2025","copyrightHolder":{"@id":"https:\/\/www.gaveanews.com\/#organization"}},{"@type":"WebPage","@id":"https:\/\/www.gaveanews.com\/index.php\/2025\/01\/23\/pode-estrear-reforco-do-palmeiras-e-regularizado-no-bid\/","url":"https:\/\/www.gaveanews.com\/index.php\/2025\/01\/23\/pode-estrear-reforco-do-palmeiras-e-regularizado-no-bid\/","name":"Pode estrear! Refor\u00e7o do Palmeiras \u00e9 regularizado no BID","isPartOf":{"@id":"https:\/\/www.gaveanews.com\/#website"},"primaryImageOfPage":{"@id":"https:\/\/www.gaveanews.com\/index.php\/2025\/01\/23\/pode-estrear-reforco-do-palmeiras-e-regularizado-no-bid\/#primaryimage"},"image":{"@id":"https:\/\/www.gaveanews.com\/index.php\/2025\/01\/23\/pode-estrear-reforco-do-palmeiras-e-regularizado-no-bid\/#primaryimage"},"thumbnailUrl":"https:\/\/www.gaveanews.com\/wp-content\/uploads\/Imagem-do-WhatsApp-de-2025-01-23-as-20.35.48_10028298.webp","datePublished":"2025-01-24T02:50:00+00:00","author":{"@id":"https:\/\/www.gaveanews.com\/#\/schema\/person\/2877169f354c4596cf5aab74ea7c56a8"},"breadcrumb":{"@id":"https:\/\/www.gaveanews.com\/index.php\/2025\/01\/23\/pode-estrear-reforco-do-palmeiras-e-regularizado-no-bid\/#breadcrumb"},"inLanguage":"pt-BR","potentialAction":[{"@type":"ReadAction","target":["https:\/\/www.gaveanews.com\/index.php\/2025\/01\/23\/pode-estrear-reforco-do-palmeiras-e-regularizado-no-bid\/"]}]},{"@type":"ImageObject","inLanguage":"pt-BR","@id":"https:\/\/www.gaveanews.com\/index.php\/2025\/01\/23\/pode-estrear-reforco-do-palmeiras-e-regularizado-no-bid\/#primaryimage","url":"https:\/\/www.gaveanews.com\/wp-content\/uploads\/Imagem-do-WhatsApp-de-2025-01-23-as-20.35.48_10028298.webp","contentUrl":"https:\/\/www.gaveanews.com\/wp-content\/uploads\/Imagem-do-WhatsApp-de-2025-01-23-as-20.35.48_10028298.webp","width":1130,"height":631,"caption":"Foto: Reprodu\u00e7\u00e3o \/ Palmeiras"},{"@type":"BreadcrumbList","@id":"https:\/\/www.gaveanews.com\/index.php\/2025\/01\/23\/pode-estrear-reforco-do-palmeiras-e-regularizado-no-bid\/#breadcrumb","itemListElement":[{"@type":"ListItem","position":1,"name":"Home","item":"https:\/\/www.gaveanews.com\/"},{"@type":"ListItem","position":2,"name":"Pode estrear! Refor\u00e7o do Palmeiras \u00e9 regularizado no BID"}]},{"@type":"WebSite","@id":"https:\/\/www.gaveanews.com\/#website","url":"https:\/\/www.gaveanews.com\/","name":"G\u00e1vea News","description":"Veja todas as not\u00edcias sobre o Flamengo: Contrata\u00e7\u00f5es, categorias de base, resultados das partidas, tabela de classifica\u00e7\u00e3o, pr\u00f3ximos jogos!","potentialAction":[{"@type":"SearchAction","target":{"@type":"EntryPoint","urlTemplate":"https:\/\/www.gaveanews.com\/?s={search_term_string}"},"query-input":{"@type":"PropertyValueSpecification","valueRequired":true,"valueName":"search_term_string"}}],"inLanguage":"pt-BR"},{"@type":"Person","@id":"https:\/\/www.gaveanews.com\/#\/schema\/person\/2877169f354c4596cf5aab74ea7c56a8","name":"Leandro Azevedo","image":{"@type":"ImageObject","inLanguage":"pt-BR","@id":"https:\/\/www.gaveanews.com\/#\/schema\/person\/image\/","url":"https:\/\/secure.gravatar.com\/avatar\/e2f72eb6d986a41d592a85e4e36a6c6170e9ea8a1f433dfc29d0011a8968f89c?s=96&d=mm&r=g","contentUrl":"https:\/\/secure.gravatar.com\/avatar\/e2f72eb6d986a41d592a85e4e36a6c6170e9ea8a1f433dfc29d0011a8968f89c?s=96&d=mm&r=g","caption":"Leandro Azevedo"}}]}},"_links":{"self":[{"href":"https:\/\/www.gaveanews.com\/index.php\/wp-json\/wp\/v2\/posts\/217004","targetHints":{"allow":["GET"]}}],"collection":[{"href":"https:\/\/www.gaveanews.com\/index.php\/wp-json\/wp\/v2\/posts"}],"about":[{"href":"https:\/\/www.gaveanews.com\/index.php\/wp-json\/wp\/v2\/types\/post"}],"author":[{"embeddable":true,"href":"https:\/\/www.gaveanews.com\/index.php\/wp-json\/wp\/v2\/users\/23"}],"replies":[{"embeddable":true,"href":"https:\/\/www.gaveanews.com\/index.php\/wp-json\/wp\/v2\/comments?post=217004"}],"version-history":[{"count":1,"href":"https:\/\/www.gaveanews.com\/index.php\/wp-json\/wp\/v2\/posts\/217004\/revisions"}],"predecessor-version":[{"id":217008,"href":"https:\/\/www.gaveanews.com\/index.php\/wp-json\/wp\/v2\/posts\/217004\/revisions\/217008"}],"wp:featuredmedia":[{"embeddable":true,"href":"https:\/\/www.gaveanews.com\/index.php\/wp-json\/wp\/v2\/media\/217006"}],"wp:attachment":[{"href":"https:\/\/www.gaveanews.com\/index.php\/wp-json\/wp\/v2\/media?parent=217004"}],"wp:term":[{"taxonomy":"category","embeddable":true,"href":"https:\/\/www.gaveanews.com\/index.php\/wp-json\/wp\/v2\/categories?post=217004"},{"taxonomy":"post_tag","embeddable":true,"href":"https:\/\/www.gaveanews.com\/index.php\/wp-json\/wp\/v2\/tags?post=217004"}],"curies":[{"name":"wp","href":"https:\/\/api.w.org\/{rel}","templated":true}]}}