{"id":217065,"date":"2025-01-24T08:40:00","date_gmt":"2025-01-24T11:40:00","guid":{"rendered":"https:\/\/www.gaveanews.com\/?p=217065"},"modified":"2025-01-24T04:08:49","modified_gmt":"2025-01-24T07:08:49","slug":"a-declaracao-de-casagrande-sobre-claudinho-alvo-do-palmeiras","status":"publish","type":"post","link":"https:\/\/www.gaveanews.com\/index.php\/2025\/01\/24\/a-declaracao-de-casagrande-sobre-claudinho-alvo-do-palmeiras\/","title":{"rendered":"A declara\u00e7\u00e3o de Casagrande sobre Claudinho, alvo do Palmeiras"},"content":{"rendered":"\n<p>A gest\u00e3o de carreira do meia Claudinho, refor\u00e7o do Al Sadd, se tornou tema do &#8216;UOL News Esporte&#8217; nesta semana. Para o comentarista Walter Casagrande, o jogador desperdi\u00e7ou uma grande chance de disputar vaga na Sele\u00e7\u00e3o Brasileira ao recusar o Palmeiras. Vale frisar que o Alviverde encaminhou a contrata\u00e7\u00e3o do atleta antes do &#8216;chap\u00e9u&#8217; dos sauditas.<\/p>\n\n\n\n<ul class=\"wp-block-list\">\n<li><a href=\"https:\/\/www.gaveanews.com\/index.php\/2025\/01\/23\/abel-ferreira-nao-permite-saida-de-atacante-do-palmeiras\/\">Abel Ferreira n\u00e3o permite sa\u00edda de atacante do Palmeiras<\/a><\/li>\n\n\n\n<li><a href=\"https:\/\/www.gaveanews.com\/index.php\/2025\/01\/23\/palmeiras-a-declaracao-de-abel-ferreira-sobre-contratacao-de-claudinho\/\">A declara\u00e7\u00e3o de Abel Ferreira sobre contrata\u00e7\u00e3o de Claudinho<\/a><\/li>\n<\/ul>\n\n\n\n<p>Casagrande compreendeu o peso do lado financeiro na decis\u00e3o do meia, mas tamb\u00e9m lamentou que o dinheiro tenha sido tratado como prioridade nesse contexto.<\/p>\n\n\n\n<p>\u201cP\u00f4, o Claudinho escolhe o Catar ao inv\u00e9s do Palmeiras? \u00c9 assim, ele est\u00e1 falando que n\u00e3o quer ir para a sele\u00e7\u00e3o brasileira, n\u00e3o quer jogar em um campeonato competitivo\u2026 porque financeiramente ok, vai ganhar provavelmente o dobro no Catar do que ganharia aqui, mas ia ganhar um mont\u00e3o no Palmeiras tamb\u00e9m\u201d, iniciou.<\/p>\n\n\n\n<p>\u201cChega um momento na carreira do jogador de futebol que ganhar 2 milh\u00f5es por m\u00eas, 3 milh\u00f5es por m\u00eas ou 5 milh\u00f5es por m\u00eas, s\u00f3 aumenta a sobra que vai para o banco, porque na vida do cara n\u00e3o modifica nada, ele j\u00e1 est\u00e1 em uma situa\u00e7\u00e3o confort\u00e1vel para poder fazer escolhas diferentes. E acho que isso ai tem 20% do jogador e 80% do empres\u00e1rio, na minha opini\u00e3o\u201d, finalizou Cas\u00e3o.<\/p>\n\n\n\n<h2 class=\"wp-block-heading\" id=\"h-al-sadd-anuncia-claudinho\">Al-Sadd anuncia Claudinho<\/h2>\n\n\n\n<p>Alvo de Flamengo e Palmeiras, o meia Claudinho foi anunciado pelo Al-Sadd, do Catar, na \u00faltima quarta-feira (22). O brasileiro chega ao clube saudita ap\u00f3s quatro temporadas no Zenit, da R\u00fassia.<\/p>\n\n\n\n<p>O Palmeiras dava a contrata\u00e7\u00e3o como encaminhada quando foi surpreendido sobre o acordo com o Al-Sadd, na \u00faltima ter\u00e7a-feira (21). A c\u00fapula alviverde se preparava para trocar documentos com os russos e recebeu um comunicado do estafe do atleta sobre a mudan\u00e7a de decis\u00e3o.<\/p>\n","protected":false},"excerpt":{"rendered":"<p>A gest\u00e3o de carreira do meia Claudinho, refor\u00e7o do Al Sadd, se tornou tema do &#8216;UOL News Esporte&#8217; nesta semana. Para o comentarista Walter Casagrande, o jogador desperdi\u00e7ou uma grande chance de disputar vaga na Sele\u00e7\u00e3o Brasileira ao recusar o Palmeiras. Vale frisar que o Alviverde encaminhou a contrata\u00e7\u00e3o do atleta antes do &#8216;chap\u00e9u&#8217; dos [&hellip;]<\/p>\n","protected":false},"author":30,"featured_media":158142,"comment_status":"open","ping_status":"closed","sticky":false,"template":"","format":"standard","meta":{"footnotes":""},"categories":[150],"tags":[],"class_list":["post-217065","post","type-post","status-publish","format-standard","has-post-thumbnail","hentry","category-palmeiras"],"yoast_head":"<!-- This site is optimized with the Yoast SEO Premium plugin v24.2 (Yoast SEO v26.9) - https:\/\/yoast.com\/product\/yoast-seo-premium-wordpress\/ -->\n<title>A declara\u00e7\u00e3o de Casagrande sobre Claudinho, alvo do Palmeiras<\/title>\n<meta name=\"robots\" content=\"index, follow, max-snippet:-1, max-image-preview:large, max-video-preview:-1\" \/>\n<link rel=\"canonical\" href=\"https:\/\/www.gaveanews.com\/index.php\/2025\/01\/24\/a-declaracao-de-casagrande-sobre-claudinho-alvo-do-palmeiras\/\" \/>\n<meta property=\"og:locale\" content=\"pt_BR\" \/>\n<meta property=\"og:type\" content=\"article\" \/>\n<meta property=\"og:title\" content=\"A declara\u00e7\u00e3o de Casagrande sobre Claudinho, alvo do Palmeiras\" \/>\n<meta property=\"og:description\" content=\"A gest\u00e3o de carreira do meia Claudinho, refor\u00e7o do Al Sadd, se tornou tema do &#8216;UOL News Esporte&#8217; nesta semana. Para o comentarista Walter Casagrande, o jogador desperdi\u00e7ou uma grande chance de disputar vaga na Sele\u00e7\u00e3o Brasileira ao recusar o Palmeiras. Vale frisar que o Alviverde encaminhou a contrata\u00e7\u00e3o do atleta antes do &#8216;chap\u00e9u&#8217; dos [&hellip;]\" \/>\n<meta property=\"og:url\" content=\"https:\/\/www.gaveanews.com\/index.php\/2025\/01\/24\/a-declaracao-de-casagrande-sobre-claudinho-alvo-do-palmeiras\/\" \/>\n<meta property=\"og:site_name\" content=\"G\u00e1vea News\" \/>\n<meta property=\"article:publisher\" content=\"https:\/\/facebook.com\/gaveaNews\/\" \/>\n<meta property=\"article:published_time\" content=\"2025-01-24T11:40:00+00:00\" \/>\n<meta property=\"og:image\" content=\"https:\/\/www.gaveanews.com\/wp-content\/uploads\/Claudinho-em-acao-pelo-Zenit.webp\" \/>\n\t<meta property=\"og:image:width\" content=\"888\" \/>\n\t<meta property=\"og:image:height\" content=\"678\" \/>\n\t<meta property=\"og:image:type\" content=\"image\/jpeg\" \/>\n<meta name=\"author\" content=\"Ana Teixeira\" \/>\n<meta name=\"twitter:card\" content=\"summary_large_image\" \/>\n<meta name=\"twitter:label1\" content=\"Escrito por\" \/>\n\t<meta name=\"twitter:data1\" content=\"Ana Teixeira\" \/>\n\t<meta name=\"twitter:label2\" content=\"Est. tempo de leitura\" \/>\n\t<meta name=\"twitter:data2\" content=\"2 minutos\" \/>\n<script type=\"application\/ld+json\" class=\"yoast-schema-graph\">{\"@context\":\"https:\/\/schema.org\",\"@graph\":[{\"@type\":\"NewsArticle\",\"@id\":\"https:\/\/www.gaveanews.com\/index.php\/2025\/01\/24\/a-declaracao-de-casagrande-sobre-claudinho-alvo-do-palmeiras\/#article\",\"isPartOf\":{\"@id\":\"https:\/\/www.gaveanews.com\/index.php\/2025\/01\/24\/a-declaracao-de-casagrande-sobre-claudinho-alvo-do-palmeiras\/\"},\"author\":{\"name\":\"Ana Teixeira\",\"@id\":\"https:\/\/www.gaveanews.com\/#\/schema\/person\/3b19f7288b0ce20372991275e4f2e6c2\"},\"headline\":\"A declara\u00e7\u00e3o de Casagrande sobre Claudinho, alvo do Palmeiras\",\"datePublished\":\"2025-01-24T11:40:00+00:00\",\"mainEntityOfPage\":{\"@id\":\"https:\/\/www.gaveanews.com\/index.php\/2025\/01\/24\/a-declaracao-de-casagrande-sobre-claudinho-alvo-do-palmeiras\/\"},\"wordCount\":339,\"commentCount\":0,\"image\":{\"@id\":\"https:\/\/www.gaveanews.com\/index.php\/2025\/01\/24\/a-declaracao-de-casagrande-sobre-claudinho-alvo-do-palmeiras\/#primaryimage\"},\"thumbnailUrl\":\"https:\/\/www.gaveanews.com\/wp-content\/uploads\/Claudinho-em-acao-pelo-Zenit.webp\",\"articleSection\":[\"Palmeiras\"],\"inLanguage\":\"pt-BR\",\"potentialAction\":[{\"@type\":\"CommentAction\",\"name\":\"Comment\",\"target\":[\"https:\/\/www.gaveanews.com\/index.php\/2025\/01\/24\/a-declaracao-de-casagrande-sobre-claudinho-alvo-do-palmeiras\/#respond\"]}],\"copyrightYear\":\"2025\",\"copyrightHolder\":{\"@id\":\"https:\/\/www.gaveanews.com\/#organization\"}},{\"@type\":\"WebPage\",\"@id\":\"https:\/\/www.gaveanews.com\/index.php\/2025\/01\/24\/a-declaracao-de-casagrande-sobre-claudinho-alvo-do-palmeiras\/\",\"url\":\"https:\/\/www.gaveanews.com\/index.php\/2025\/01\/24\/a-declaracao-de-casagrande-sobre-claudinho-alvo-do-palmeiras\/\",\"name\":\"A declara\u00e7\u00e3o de Casagrande sobre Claudinho, alvo do Palmeiras\",\"isPartOf\":{\"@id\":\"https:\/\/www.gaveanews.com\/#website\"},\"primaryImageOfPage\":{\"@id\":\"https:\/\/www.gaveanews.com\/index.php\/2025\/01\/24\/a-declaracao-de-casagrande-sobre-claudinho-alvo-do-palmeiras\/#primaryimage\"},\"image\":{\"@id\":\"https:\/\/www.gaveanews.com\/index.php\/2025\/01\/24\/a-declaracao-de-casagrande-sobre-claudinho-alvo-do-palmeiras\/#primaryimage\"},\"thumbnailUrl\":\"https:\/\/www.gaveanews.com\/wp-content\/uploads\/Claudinho-em-acao-pelo-Zenit.webp\",\"datePublished\":\"2025-01-24T11:40:00+00:00\",\"author\":{\"@id\":\"https:\/\/www.gaveanews.com\/#\/schema\/person\/3b19f7288b0ce20372991275e4f2e6c2\"},\"breadcrumb\":{\"@id\":\"https:\/\/www.gaveanews.com\/index.php\/2025\/01\/24\/a-declaracao-de-casagrande-sobre-claudinho-alvo-do-palmeiras\/#breadcrumb\"},\"inLanguage\":\"pt-BR\",\"potentialAction\":[{\"@type\":\"ReadAction\",\"target\":[\"https:\/\/www.gaveanews.com\/index.php\/2025\/01\/24\/a-declaracao-de-casagrande-sobre-claudinho-alvo-do-palmeiras\/\"]}]},{\"@type\":\"ImageObject\",\"inLanguage\":\"pt-BR\",\"@id\":\"https:\/\/www.gaveanews.com\/index.php\/2025\/01\/24\/a-declaracao-de-casagrande-sobre-claudinho-alvo-do-palmeiras\/#primaryimage\",\"url\":\"https:\/\/www.gaveanews.com\/wp-content\/uploads\/Claudinho-em-acao-pelo-Zenit.webp\",\"contentUrl\":\"https:\/\/www.gaveanews.com\/wp-content\/uploads\/Claudinho-em-acao-pelo-Zenit.webp\",\"width\":888,\"height\":678,\"caption\":\"Claudinho em a\u00e7\u00e3o pelo Zenit (Foto: Divulga\u00e7\u00e3o\/Zenit)\"},{\"@type\":\"BreadcrumbList\",\"@id\":\"https:\/\/www.gaveanews.com\/index.php\/2025\/01\/24\/a-declaracao-de-casagrande-sobre-claudinho-alvo-do-palmeiras\/#breadcrumb\",\"itemListElement\":[{\"@type\":\"ListItem\",\"position\":1,\"name\":\"Home\",\"item\":\"https:\/\/www.gaveanews.com\/\"},{\"@type\":\"ListItem\",\"position\":2,\"name\":\"A declara\u00e7\u00e3o de Casagrande sobre Claudinho, alvo do Palmeiras\"}]},{\"@type\":\"WebSite\",\"@id\":\"https:\/\/www.gaveanews.com\/#website\",\"url\":\"https:\/\/www.gaveanews.com\/\",\"name\":\"G\u00e1vea News\",\"description\":\"Veja todas as not\u00edcias sobre o Flamengo: Contrata\u00e7\u00f5es, categorias de base, resultados das partidas, tabela de classifica\u00e7\u00e3o, pr\u00f3ximos jogos!\",\"potentialAction\":[{\"@type\":\"SearchAction\",\"target\":{\"@type\":\"EntryPoint\",\"urlTemplate\":\"https:\/\/www.gaveanews.com\/?s={search_term_string}\"},\"query-input\":{\"@type\":\"PropertyValueSpecification\",\"valueRequired\":true,\"valueName\":\"search_term_string\"}}],\"inLanguage\":\"pt-BR\"},{\"@type\":\"Person\",\"@id\":\"https:\/\/www.gaveanews.com\/#\/schema\/person\/3b19f7288b0ce20372991275e4f2e6c2\",\"name\":\"Ana Teixeira\",\"image\":{\"@type\":\"ImageObject\",\"inLanguage\":\"pt-BR\",\"@id\":\"https:\/\/www.gaveanews.com\/#\/schema\/person\/image\/\",\"url\":\"https:\/\/secure.gravatar.com\/avatar\/0a73f5a5258f3fed37fc2fa641892f3f7a4748456d4d4792f9bc550e6c19e06c?s=96&d=mm&r=g\",\"contentUrl\":\"https:\/\/secure.gravatar.com\/avatar\/0a73f5a5258f3fed37fc2fa641892f3f7a4748456d4d4792f9bc550e6c19e06c?s=96&d=mm&r=g\",\"caption\":\"Ana Teixeira\"}}]}<\/script>\n<!-- \/ Yoast SEO Premium plugin. -->","yoast_head_json":{"title":"A declara\u00e7\u00e3o de Casagrande sobre Claudinho, alvo do Palmeiras","robots":{"index":"index","follow":"follow","max-snippet":"max-snippet:-1","max-image-preview":"max-image-preview:large","max-video-preview":"max-video-preview:-1"},"canonical":"https:\/\/www.gaveanews.com\/index.php\/2025\/01\/24\/a-declaracao-de-casagrande-sobre-claudinho-alvo-do-palmeiras\/","og_locale":"pt_BR","og_type":"article","og_title":"A declara\u00e7\u00e3o de Casagrande sobre Claudinho, alvo do Palmeiras","og_description":"A gest\u00e3o de carreira do meia Claudinho, refor\u00e7o do Al Sadd, se tornou tema do &#8216;UOL News Esporte&#8217; nesta semana. Para o comentarista Walter Casagrande, o jogador desperdi\u00e7ou uma grande chance de disputar vaga na Sele\u00e7\u00e3o Brasileira ao recusar o Palmeiras. Vale frisar que o Alviverde encaminhou a contrata\u00e7\u00e3o do atleta antes do &#8216;chap\u00e9u&#8217; dos [&hellip;]","og_url":"https:\/\/www.gaveanews.com\/index.php\/2025\/01\/24\/a-declaracao-de-casagrande-sobre-claudinho-alvo-do-palmeiras\/","og_site_name":"G\u00e1vea News","article_publisher":"https:\/\/facebook.com\/gaveaNews\/","article_published_time":"2025-01-24T11:40:00+00:00","og_image":[{"width":888,"height":678,"url":"https:\/\/www.gaveanews.com\/wp-content\/uploads\/Claudinho-em-acao-pelo-Zenit.webp","type":"image\/jpeg"}],"author":"Ana Teixeira","twitter_card":"summary_large_image","twitter_misc":{"Escrito por":"Ana Teixeira","Est. tempo de leitura":"2 minutos"},"schema":{"@context":"https:\/\/schema.org","@graph":[{"@type":"NewsArticle","@id":"https:\/\/www.gaveanews.com\/index.php\/2025\/01\/24\/a-declaracao-de-casagrande-sobre-claudinho-alvo-do-palmeiras\/#article","isPartOf":{"@id":"https:\/\/www.gaveanews.com\/index.php\/2025\/01\/24\/a-declaracao-de-casagrande-sobre-claudinho-alvo-do-palmeiras\/"},"author":{"name":"Ana Teixeira","@id":"https:\/\/www.gaveanews.com\/#\/schema\/person\/3b19f7288b0ce20372991275e4f2e6c2"},"headline":"A declara\u00e7\u00e3o de Casagrande sobre Claudinho, alvo do Palmeiras","datePublished":"2025-01-24T11:40:00+00:00","mainEntityOfPage":{"@id":"https:\/\/www.gaveanews.com\/index.php\/2025\/01\/24\/a-declaracao-de-casagrande-sobre-claudinho-alvo-do-palmeiras\/"},"wordCount":339,"commentCount":0,"image":{"@id":"https:\/\/www.gaveanews.com\/index.php\/2025\/01\/24\/a-declaracao-de-casagrande-sobre-claudinho-alvo-do-palmeiras\/#primaryimage"},"thumbnailUrl":"https:\/\/www.gaveanews.com\/wp-content\/uploads\/Claudinho-em-acao-pelo-Zenit.webp","articleSection":["Palmeiras"],"inLanguage":"pt-BR","potentialAction":[{"@type":"CommentAction","name":"Comment","target":["https:\/\/www.gaveanews.com\/index.php\/2025\/01\/24\/a-declaracao-de-casagrande-sobre-claudinho-alvo-do-palmeiras\/#respond"]}],"copyrightYear":"2025","copyrightHolder":{"@id":"https:\/\/www.gaveanews.com\/#organization"}},{"@type":"WebPage","@id":"https:\/\/www.gaveanews.com\/index.php\/2025\/01\/24\/a-declaracao-de-casagrande-sobre-claudinho-alvo-do-palmeiras\/","url":"https:\/\/www.gaveanews.com\/index.php\/2025\/01\/24\/a-declaracao-de-casagrande-sobre-claudinho-alvo-do-palmeiras\/","name":"A declara\u00e7\u00e3o de Casagrande sobre Claudinho, alvo do Palmeiras","isPartOf":{"@id":"https:\/\/www.gaveanews.com\/#website"},"primaryImageOfPage":{"@id":"https:\/\/www.gaveanews.com\/index.php\/2025\/01\/24\/a-declaracao-de-casagrande-sobre-claudinho-alvo-do-palmeiras\/#primaryimage"},"image":{"@id":"https:\/\/www.gaveanews.com\/index.php\/2025\/01\/24\/a-declaracao-de-casagrande-sobre-claudinho-alvo-do-palmeiras\/#primaryimage"},"thumbnailUrl":"https:\/\/www.gaveanews.com\/wp-content\/uploads\/Claudinho-em-acao-pelo-Zenit.webp","datePublished":"2025-01-24T11:40:00+00:00","author":{"@id":"https:\/\/www.gaveanews.com\/#\/schema\/person\/3b19f7288b0ce20372991275e4f2e6c2"},"breadcrumb":{"@id":"https:\/\/www.gaveanews.com\/index.php\/2025\/01\/24\/a-declaracao-de-casagrande-sobre-claudinho-alvo-do-palmeiras\/#breadcrumb"},"inLanguage":"pt-BR","potentialAction":[{"@type":"ReadAction","target":["https:\/\/www.gaveanews.com\/index.php\/2025\/01\/24\/a-declaracao-de-casagrande-sobre-claudinho-alvo-do-palmeiras\/"]}]},{"@type":"ImageObject","inLanguage":"pt-BR","@id":"https:\/\/www.gaveanews.com\/index.php\/2025\/01\/24\/a-declaracao-de-casagrande-sobre-claudinho-alvo-do-palmeiras\/#primaryimage","url":"https:\/\/www.gaveanews.com\/wp-content\/uploads\/Claudinho-em-acao-pelo-Zenit.webp","contentUrl":"https:\/\/www.gaveanews.com\/wp-content\/uploads\/Claudinho-em-acao-pelo-Zenit.webp","width":888,"height":678,"caption":"Claudinho em a\u00e7\u00e3o pelo Zenit (Foto: Divulga\u00e7\u00e3o\/Zenit)"},{"@type":"BreadcrumbList","@id":"https:\/\/www.gaveanews.com\/index.php\/2025\/01\/24\/a-declaracao-de-casagrande-sobre-claudinho-alvo-do-palmeiras\/#breadcrumb","itemListElement":[{"@type":"ListItem","position":1,"name":"Home","item":"https:\/\/www.gaveanews.com\/"},{"@type":"ListItem","position":2,"name":"A declara\u00e7\u00e3o de Casagrande sobre Claudinho, alvo do Palmeiras"}]},{"@type":"WebSite","@id":"https:\/\/www.gaveanews.com\/#website","url":"https:\/\/www.gaveanews.com\/","name":"G\u00e1vea News","description":"Veja todas as not\u00edcias sobre o Flamengo: Contrata\u00e7\u00f5es, categorias de base, resultados das partidas, tabela de classifica\u00e7\u00e3o, pr\u00f3ximos jogos!","potentialAction":[{"@type":"SearchAction","target":{"@type":"EntryPoint","urlTemplate":"https:\/\/www.gaveanews.com\/?s={search_term_string}"},"query-input":{"@type":"PropertyValueSpecification","valueRequired":true,"valueName":"search_term_string"}}],"inLanguage":"pt-BR"},{"@type":"Person","@id":"https:\/\/www.gaveanews.com\/#\/schema\/person\/3b19f7288b0ce20372991275e4f2e6c2","name":"Ana Teixeira","image":{"@type":"ImageObject","inLanguage":"pt-BR","@id":"https:\/\/www.gaveanews.com\/#\/schema\/person\/image\/","url":"https:\/\/secure.gravatar.com\/avatar\/0a73f5a5258f3fed37fc2fa641892f3f7a4748456d4d4792f9bc550e6c19e06c?s=96&d=mm&r=g","contentUrl":"https:\/\/secure.gravatar.com\/avatar\/0a73f5a5258f3fed37fc2fa641892f3f7a4748456d4d4792f9bc550e6c19e06c?s=96&d=mm&r=g","caption":"Ana Teixeira"}}]}},"_links":{"self":[{"href":"https:\/\/www.gaveanews.com\/index.php\/wp-json\/wp\/v2\/posts\/217065","targetHints":{"allow":["GET"]}}],"collection":[{"href":"https:\/\/www.gaveanews.com\/index.php\/wp-json\/wp\/v2\/posts"}],"about":[{"href":"https:\/\/www.gaveanews.com\/index.php\/wp-json\/wp\/v2\/types\/post"}],"author":[{"embeddable":true,"href":"https:\/\/www.gaveanews.com\/index.php\/wp-json\/wp\/v2\/users\/30"}],"replies":[{"embeddable":true,"href":"https:\/\/www.gaveanews.com\/index.php\/wp-json\/wp\/v2\/comments?post=217065"}],"version-history":[{"count":2,"href":"https:\/\/www.gaveanews.com\/index.php\/wp-json\/wp\/v2\/posts\/217065\/revisions"}],"predecessor-version":[{"id":217258,"href":"https:\/\/www.gaveanews.com\/index.php\/wp-json\/wp\/v2\/posts\/217065\/revisions\/217258"}],"wp:featuredmedia":[{"embeddable":true,"href":"https:\/\/www.gaveanews.com\/index.php\/wp-json\/wp\/v2\/media\/158142"}],"wp:attachment":[{"href":"https:\/\/www.gaveanews.com\/index.php\/wp-json\/wp\/v2\/media?parent=217065"}],"wp:term":[{"taxonomy":"category","embeddable":true,"href":"https:\/\/www.gaveanews.com\/index.php\/wp-json\/wp\/v2\/categories?post=217065"},{"taxonomy":"post_tag","embeddable":true,"href":"https:\/\/www.gaveanews.com\/index.php\/wp-json\/wp\/v2\/tags?post=217065"}],"curies":[{"name":"wp","href":"https:\/\/api.w.org\/{rel}","templated":true}]}}