{"id":217191,"date":"2025-01-24T07:25:00","date_gmt":"2025-01-24T10:25:00","guid":{"rendered":"https:\/\/www.gaveanews.com\/?p=217191"},"modified":"2025-01-24T01:18:37","modified_gmt":"2025-01-24T04:18:37","slug":"novo-uniforme-declaracao-de-abel-ferreira-e-os-jogadores-mais-antigos-as-ultimas-noticias-do-palmeiras","status":"publish","type":"post","link":"https:\/\/www.gaveanews.com\/index.php\/2025\/01\/24\/novo-uniforme-declaracao-de-abel-ferreira-e-os-jogadores-mais-antigos-as-ultimas-noticias-do-palmeiras\/","title":{"rendered":"Novo uniforme, declara\u00e7\u00e3o de Abel Ferreira e os jogadores mais antigos: as \u00faltimas not\u00edcias do Palmeiras"},"content":{"rendered":"\n<p>Nas \u00faltimas horas, o foco das not\u00edcias sobre o Palmeiras se concentram nos bastidores do clube, com destaques do dia a dia do time.<\/p>\n\n\n\n<p>Por conta deste contexto, leia abaixo um resumo preparado pela equipe do portal G\u00e1vea News para lhe manter muito bem informado!<\/p>\n\n\n\n<h2 class=\"wp-block-heading\" id=\"h-os-jogadores-mais-antigos\">Os jogadores mais antigos<\/h2>\n\n\n\n<p>Com a evolu\u00e7\u00e3o do futebol, que exige mais preparo f\u00edsico e longevidade dos atletas, o elenco do Palmeiras conta com v\u00e1rios jogadores experientes que se destacam pela regularidade. Marcelo Lomba, aos 38 anos, \u00e9 o mais velho do time e atua como reserva imediato de Weverton, de 37 anos, que lidera a defesa alviverde desde 2018. Entre os mais experientes, tamb\u00e9m est\u00e3o Marcos Rocha, lateral-direito de 36 anos, e Mayke, com 32, que contribuem com consist\u00eancia no setor defensivo <strong><a href=\"https:\/\/www.gaveanews.com\/index.php\/2025\/01\/19\/marcelo-lomba-weverton-marcos-rocha-mayke-felipe-anderson-gustavo-gomez-ze-rafael-rony-raphael-veiga-e-bruno-rodrigues-os-jogadores-mais-velhos-do-palmeiras\/\">(leia a mat\u00e9ria completa).<\/a><\/strong><\/p>\n\n\n\n<figure class=\"wp-block-image size-large\"><img loading=\"lazy\" decoding=\"async\" width=\"1024\" height=\"576\" src=\"http:\/\/www.gaveanews.com\/wp-content\/uploads\/Abel-Ferreira-e-Marcelo-Lomba-durante-um-treinamento-do-Palmeiras-na-Academia-de-Futebol-1024x576.webp\" alt=\"\" class=\"wp-image-157821\" srcset=\"https:\/\/www.gaveanews.com\/wp-content\/uploads\/Abel-Ferreira-e-Marcelo-Lomba-durante-um-treinamento-do-Palmeiras-na-Academia-de-Futebol-1024x576.webp 1024w, https:\/\/www.gaveanews.com\/wp-content\/uploads\/Abel-Ferreira-e-Marcelo-Lomba-durante-um-treinamento-do-Palmeiras-na-Academia-de-Futebol-300x169.webp 300w, https:\/\/www.gaveanews.com\/wp-content\/uploads\/Abel-Ferreira-e-Marcelo-Lomba-durante-um-treinamento-do-Palmeiras-na-Academia-de-Futebol-768x432.webp 768w, https:\/\/www.gaveanews.com\/wp-content\/uploads\/Abel-Ferreira-e-Marcelo-Lomba-durante-um-treinamento-do-Palmeiras-na-Academia-de-Futebol-746x420.webp 746w, https:\/\/www.gaveanews.com\/wp-content\/uploads\/Abel-Ferreira-e-Marcelo-Lomba-durante-um-treinamento-do-Palmeiras-na-Academia-de-Futebol-1493x840.webp 1493w, https:\/\/www.gaveanews.com\/wp-content\/uploads\/Abel-Ferreira-e-Marcelo-Lomba-durante-um-treinamento-do-Palmeiras-na-Academia-de-Futebol-640x360.webp 640w, https:\/\/www.gaveanews.com\/wp-content\/uploads\/Abel-Ferreira-e-Marcelo-Lomba-durante-um-treinamento-do-Palmeiras-na-Academia-de-Futebol-1280x720.webp 1280w, https:\/\/www.gaveanews.com\/wp-content\/uploads\/Abel-Ferreira-e-Marcelo-Lomba-durante-um-treinamento-do-Palmeiras-na-Academia-de-Futebol-681x383.webp 681w, https:\/\/www.gaveanews.com\/wp-content\/uploads\/Abel-Ferreira-e-Marcelo-Lomba-durante-um-treinamento-do-Palmeiras-na-Academia-de-Futebol-1362x766.webp 1362w, https:\/\/www.gaveanews.com\/wp-content\/uploads\/Abel-Ferreira-e-Marcelo-Lomba-durante-um-treinamento-do-Palmeiras-na-Academia-de-Futebol-100x56.webp 100w, https:\/\/www.gaveanews.com\/wp-content\/uploads\/Abel-Ferreira-e-Marcelo-Lomba-durante-um-treinamento-do-Palmeiras-na-Academia-de-Futebol.webp 1500w\" sizes=\"auto, (max-width: 1024px) 100vw, 1024px\" \/><figcaption class=\"wp-element-caption\">Abel Ferreira e Marcelo Lomba durante um treinamento do Palmeiras na Academia de Futebol (Foto: Cesar Greco\/Palmeiras)<\/figcaption><\/figure>\n\n\n\n<p>No meio e ataque, Z\u00e9 Rafael e Gustavo G\u00f3mez, ambos com 31 anos, figuram entre os mais valiosos pela lideran\u00e7a e impacto em campo. <\/p>\n\n\n\n<p>Felipe Anderson, tamb\u00e9m de 31, chegou recentemente e tem mostrado sua versatilidade no ataque. Raphael Veiga e Rony, ambos com 29 anos, s\u00e3o os pilares ofensivos da equipe, acumulando t\u00edtulos e desempenhos consistentes ao longo dos anos.<\/p>\n\n\n\n<p>Com atletas experientes mesclados a jovens promessas, o Palmeiras mant\u00e9m um equil\u00edbrio em seu elenco, permitindo competitividade em diferentes competi\u00e7\u00f5es. A gest\u00e3o de Abel Ferreira, que valoriza a longevidade e o preparo dos jogadores, reflete na capacidade do time de competir em alto n\u00edvel, consolidando-se como um dos grandes favoritos para os desafios de 2025.<\/p>\n\n\n\n<h2 class=\"wp-block-heading\" id=\"h-declaracao-de-abel-ferreira\">Declara\u00e7\u00e3o de Abel Ferreira<\/h2>\n\n\n\n<p>Ap\u00f3s o empate em 1 a 1 contra o Noroeste, Abel Ferreira destacou que o Palmeiras n\u00e3o poupou jogadores, mas est\u00e1 focado em uma fase intensa de prepara\u00e7\u00e3o f\u00edsica. O treinador enfatizou que o desempenho na primeira etapa refletiu a falta de ritmo de jogo, j\u00e1 que os jogadores advers\u00e1rios come\u00e7aram a prepara\u00e7\u00e3o enquanto o elenco palmeirense ainda estava de f\u00e9rias. Abel refor\u00e7ou a import\u00e2ncia de equilibrar a condi\u00e7\u00e3o f\u00edsica com os resultados, apesar das exig\u00eancias imediatas do futebol brasileiro <strong><a href=\"https:\/\/www.gaveanews.com\/index.php\/2025\/01\/19\/palmeiras-a-declaracao-de-abel-ferreira-sobre-a-preparacao-fisica-do-elenco\/\">(leia a mat\u00e9ria completa)<\/a><\/strong><\/p>\n\n\n\n<figure class=\"wp-block-image size-full\"><img loading=\"lazy\" decoding=\"async\" width=\"870\" height=\"458\" src=\"http:\/\/www.gaveanews.com\/wp-content\/uploads\/Abel-Ferreira-tecnico-do-Palmeiras.webp\" alt=\"\" class=\"wp-image-141983\" srcset=\"https:\/\/www.gaveanews.com\/wp-content\/uploads\/Abel-Ferreira-tecnico-do-Palmeiras.webp 870w, https:\/\/www.gaveanews.com\/wp-content\/uploads\/Abel-Ferreira-tecnico-do-Palmeiras-300x158.webp 300w, https:\/\/www.gaveanews.com\/wp-content\/uploads\/Abel-Ferreira-tecnico-do-Palmeiras-768x404.webp 768w, https:\/\/www.gaveanews.com\/wp-content\/uploads\/Abel-Ferreira-tecnico-do-Palmeiras-798x420.webp 798w, https:\/\/www.gaveanews.com\/wp-content\/uploads\/Abel-Ferreira-tecnico-do-Palmeiras-640x337.webp 640w, https:\/\/www.gaveanews.com\/wp-content\/uploads\/Abel-Ferreira-tecnico-do-Palmeiras-681x359.webp 681w, https:\/\/www.gaveanews.com\/wp-content\/uploads\/Abel-Ferreira-tecnico-do-Palmeiras-100x53.webp 100w\" sizes=\"auto, (max-width: 870px) 100vw, 870px\" \/><figcaption class=\"wp-element-caption\">Abel Ferreira &#8211; Foto: C\u00e9sar Greco \/ Palmeiras<\/figcaption><\/figure>\n\n\n\n<p>Comparando com o contexto europeu, Abel mencionou que l\u00e1 o foco estaria exclusivamente na prepara\u00e7\u00e3o, mas reconheceu que, no Brasil, o resultado \u00e9 sempre priorit\u00e1rio. Apesar disso, ele mant\u00e9m a vis\u00e3o de que o trabalho f\u00edsico e t\u00e9cnico do grupo deve ser respeitado, independente de quem esteja em campo. O treinador tamb\u00e9m deixou claro que, mesmo em fases de rod\u00edzio, todos os jogadores seguem o mesmo n\u00edvel de exig\u00eancia nos treinos.<\/p>\n\n\n\n<p>O Palmeiras enfrentar\u00e1 o Santos na pr\u00f3xima quarta-feira, pela terceira rodada do Campeonato Paulista. Com o elenco ainda em ajustes f\u00edsicos e t\u00e9cnicos, Abel Ferreira busca consolidar a equipe para manter a competitividade e alcan\u00e7ar bons resultados nas pr\u00f3ximas partidas.<\/p>\n\n\n\n<h2 class=\"wp-block-heading\" id=\"h-novo-uniforme\">Novo uniforme<\/h2>\n\n\n\n<p>O Palmeiras apresentar\u00e1 seu novo uniforme oficial no cl\u00e1ssico contra o Corinthians, marcado para 6 de fevereiro no Allianz Parque. A nova camisa aposta em um design mais minimalista e sofisticado, com menos marcas estampadas para reduzir a \u201cpolui\u00e7\u00e3o visual\u201d. A Sportingbet ser\u00e1 a patrocinadora m\u00e1ster, ocupando um espa\u00e7o menor em compara\u00e7\u00e3o \u00e0 antiga parceira, Crefisa. J\u00e1 as mangas contar\u00e3o com o patroc\u00ednio da Sil, enquanto a regi\u00e3o inferior da camisa permanecer\u00e1 sem marcas, refor\u00e7ando a proposta de um visual mais limpo. <strong><a href=\"https:\/\/www.gaveanews.com\/index.php\/2025\/01\/18\/veja-fotos-das-novas-camisas-do-palmeiras\/\">(leia a mat\u00e9ria completa)<\/a><\/strong><\/p>\n\n\n\n<figure class=\"wp-block-image size-full\"><img loading=\"lazy\" decoding=\"async\" width=\"1000\" height=\"667\" src=\"http:\/\/www.gaveanews.com\/wp-content\/uploads\/Escudo-do-Palmeiras.webp\" alt=\"\" class=\"wp-image-152159\" srcset=\"https:\/\/www.gaveanews.com\/wp-content\/uploads\/Escudo-do-Palmeiras.webp 1000w, https:\/\/www.gaveanews.com\/wp-content\/uploads\/Escudo-do-Palmeiras-300x200.webp 300w, https:\/\/www.gaveanews.com\/wp-content\/uploads\/Escudo-do-Palmeiras-768x512.webp 768w, https:\/\/www.gaveanews.com\/wp-content\/uploads\/Escudo-do-Palmeiras-630x420.webp 630w, https:\/\/www.gaveanews.com\/wp-content\/uploads\/Escudo-do-Palmeiras-640x427.webp 640w, https:\/\/www.gaveanews.com\/wp-content\/uploads\/Escudo-do-Palmeiras-681x454.webp 681w, https:\/\/www.gaveanews.com\/wp-content\/uploads\/Escudo-do-Palmeiras-100x67.webp 100w\" sizes=\"auto, (max-width: 1000px) 100vw, 1000px\" \/><figcaption class=\"wp-element-caption\">Escudo do Palmeiras (Foto Reprodu\u00e7\u00e3o\/Instagram)<\/figcaption><\/figure>\n\n\n\n<p>Os contratos de patroc\u00ednio firmados pelo Palmeiras somam R$ 111 milh\u00f5es anuais, al\u00e9m de bonifica\u00e7\u00f5es vari\u00e1veis. A parceria com a Sportingbet pode render at\u00e9 R$ 70 milh\u00f5es adicionais, enquanto a Sil tamb\u00e9m pagar\u00e1 b\u00f4nus por conquistas esportivas. O clube ainda renovou seu contrato com a Puma, que, a partir de 2025, oferecer\u00e1 R$ 50 milh\u00f5es anuais, entre valores fixos e royalties, com possibilidade de aumento mediante bom desempenho.<\/p>\n\n\n\n<p>O novo uniforme reflete n\u00e3o apenas mudan\u00e7as est\u00e9ticas, mas tamb\u00e9m um esfor\u00e7o estrat\u00e9gico do departamento de marketing do clube para aliar modernidade, valoriza\u00e7\u00e3o da identidade palmeirense e atra\u00e7\u00e3o de patrocinadores de alto n\u00edvel. As camisas de treino, j\u00e1 divulgadas nas redes sociais, mostram como o Palmeiras busca ser uma refer\u00eancia em design e gest\u00e3o no mercado esportivo.<\/p>\n","protected":false},"excerpt":{"rendered":"<p>Nas \u00faltimas horas, o foco das not\u00edcias sobre o Palmeiras se concentram nos bastidores do clube, com destaques do dia a dia do time. Por conta deste contexto, leia abaixo um resumo preparado pela equipe do portal G\u00e1vea News para lhe manter muito bem informado! Os jogadores mais antigos Com a evolu\u00e7\u00e3o do futebol, que [&hellip;]<\/p>\n","protected":false},"author":27,"featured_media":158317,"comment_status":"open","ping_status":"closed","sticky":false,"template":"","format":"standard","meta":{"footnotes":""},"categories":[150],"tags":[],"class_list":["post-217191","post","type-post","status-publish","format-standard","has-post-thumbnail","hentry","category-palmeiras"],"yoast_head":"<!-- This site is optimized with the Yoast SEO Premium plugin v24.2 (Yoast SEO v26.9) - https:\/\/yoast.com\/product\/yoast-seo-premium-wordpress\/ -->\n<title>Novo uniforme, declara\u00e7\u00e3o de Abel Ferreira e os jogadores mais antigos: as \u00faltimas not\u00edcias do Palmeiras<\/title>\n<meta name=\"robots\" content=\"index, follow, max-snippet:-1, max-image-preview:large, max-video-preview:-1\" \/>\n<link rel=\"canonical\" href=\"https:\/\/www.gaveanews.com\/index.php\/2025\/01\/24\/novo-uniforme-declaracao-de-abel-ferreira-e-os-jogadores-mais-antigos-as-ultimas-noticias-do-palmeiras\/\" \/>\n<meta property=\"og:locale\" content=\"pt_BR\" \/>\n<meta property=\"og:type\" content=\"article\" \/>\n<meta property=\"og:title\" content=\"Novo uniforme, declara\u00e7\u00e3o de Abel Ferreira e os jogadores mais antigos: as \u00faltimas not\u00edcias do Palmeiras\" \/>\n<meta property=\"og:description\" content=\"Nas \u00faltimas horas, o foco das not\u00edcias sobre o Palmeiras se concentram nos bastidores do clube, com destaques do dia a dia do time. Por conta deste contexto, leia abaixo um resumo preparado pela equipe do portal G\u00e1vea News para lhe manter muito bem informado! Os jogadores mais antigos Com a evolu\u00e7\u00e3o do futebol, que [&hellip;]\" \/>\n<meta property=\"og:url\" content=\"https:\/\/www.gaveanews.com\/index.php\/2025\/01\/24\/novo-uniforme-declaracao-de-abel-ferreira-e-os-jogadores-mais-antigos-as-ultimas-noticias-do-palmeiras\/\" \/>\n<meta property=\"og:site_name\" content=\"G\u00e1vea News\" \/>\n<meta property=\"article:publisher\" content=\"https:\/\/facebook.com\/gaveaNews\/\" \/>\n<meta property=\"article:published_time\" content=\"2025-01-24T10:25:00+00:00\" \/>\n<meta property=\"og:image\" content=\"https:\/\/www.gaveanews.com\/wp-content\/uploads\/Jogadores-do-Palmeiras-reunidos-durante-partida-da-Copa-do-Brasil-2024.webp\" \/>\n\t<meta property=\"og:image:width\" content=\"1187\" \/>\n\t<meta property=\"og:image:height\" content=\"792\" \/>\n\t<meta property=\"og:image:type\" content=\"image\/webp\" \/>\n<meta name=\"author\" content=\"Matheus Felipe\" \/>\n<meta name=\"twitter:card\" content=\"summary_large_image\" \/>\n<meta name=\"twitter:label1\" content=\"Escrito por\" \/>\n\t<meta name=\"twitter:data1\" content=\"Matheus Felipe\" \/>\n\t<meta name=\"twitter:label2\" content=\"Est. tempo de leitura\" \/>\n\t<meta name=\"twitter:data2\" content=\"5 minutos\" \/>\n<script type=\"application\/ld+json\" class=\"yoast-schema-graph\">{\"@context\":\"https:\/\/schema.org\",\"@graph\":[{\"@type\":\"NewsArticle\",\"@id\":\"https:\/\/www.gaveanews.com\/index.php\/2025\/01\/24\/novo-uniforme-declaracao-de-abel-ferreira-e-os-jogadores-mais-antigos-as-ultimas-noticias-do-palmeiras\/#article\",\"isPartOf\":{\"@id\":\"https:\/\/www.gaveanews.com\/index.php\/2025\/01\/24\/novo-uniforme-declaracao-de-abel-ferreira-e-os-jogadores-mais-antigos-as-ultimas-noticias-do-palmeiras\/\"},\"author\":{\"name\":\"Matheus Felipe\",\"@id\":\"https:\/\/www.gaveanews.com\/#\/schema\/person\/8207cd4627f56151707418bfc835b2fb\"},\"headline\":\"Novo uniforme, declara\u00e7\u00e3o de Abel Ferreira e os jogadores mais antigos: as \u00faltimas not\u00edcias do Palmeiras\",\"datePublished\":\"2025-01-24T10:25:00+00:00\",\"mainEntityOfPage\":{\"@id\":\"https:\/\/www.gaveanews.com\/index.php\/2025\/01\/24\/novo-uniforme-declaracao-de-abel-ferreira-e-os-jogadores-mais-antigos-as-ultimas-noticias-do-palmeiras\/\"},\"wordCount\":771,\"commentCount\":0,\"image\":{\"@id\":\"https:\/\/www.gaveanews.com\/index.php\/2025\/01\/24\/novo-uniforme-declaracao-de-abel-ferreira-e-os-jogadores-mais-antigos-as-ultimas-noticias-do-palmeiras\/#primaryimage\"},\"thumbnailUrl\":\"https:\/\/www.gaveanews.com\/wp-content\/uploads\/Jogadores-do-Palmeiras-reunidos-durante-partida-da-Copa-do-Brasil-2024.webp\",\"articleSection\":[\"Palmeiras\"],\"inLanguage\":\"pt-BR\",\"potentialAction\":[{\"@type\":\"CommentAction\",\"name\":\"Comment\",\"target\":[\"https:\/\/www.gaveanews.com\/index.php\/2025\/01\/24\/novo-uniforme-declaracao-de-abel-ferreira-e-os-jogadores-mais-antigos-as-ultimas-noticias-do-palmeiras\/#respond\"]}],\"copyrightYear\":\"2025\",\"copyrightHolder\":{\"@id\":\"https:\/\/www.gaveanews.com\/#organization\"}},{\"@type\":\"WebPage\",\"@id\":\"https:\/\/www.gaveanews.com\/index.php\/2025\/01\/24\/novo-uniforme-declaracao-de-abel-ferreira-e-os-jogadores-mais-antigos-as-ultimas-noticias-do-palmeiras\/\",\"url\":\"https:\/\/www.gaveanews.com\/index.php\/2025\/01\/24\/novo-uniforme-declaracao-de-abel-ferreira-e-os-jogadores-mais-antigos-as-ultimas-noticias-do-palmeiras\/\",\"name\":\"Novo uniforme, declara\u00e7\u00e3o de Abel Ferreira e os jogadores mais antigos: as \u00faltimas not\u00edcias do Palmeiras\",\"isPartOf\":{\"@id\":\"https:\/\/www.gaveanews.com\/#website\"},\"primaryImageOfPage\":{\"@id\":\"https:\/\/www.gaveanews.com\/index.php\/2025\/01\/24\/novo-uniforme-declaracao-de-abel-ferreira-e-os-jogadores-mais-antigos-as-ultimas-noticias-do-palmeiras\/#primaryimage\"},\"image\":{\"@id\":\"https:\/\/www.gaveanews.com\/index.php\/2025\/01\/24\/novo-uniforme-declaracao-de-abel-ferreira-e-os-jogadores-mais-antigos-as-ultimas-noticias-do-palmeiras\/#primaryimage\"},\"thumbnailUrl\":\"https:\/\/www.gaveanews.com\/wp-content\/uploads\/Jogadores-do-Palmeiras-reunidos-durante-partida-da-Copa-do-Brasil-2024.webp\",\"datePublished\":\"2025-01-24T10:25:00+00:00\",\"author\":{\"@id\":\"https:\/\/www.gaveanews.com\/#\/schema\/person\/8207cd4627f56151707418bfc835b2fb\"},\"breadcrumb\":{\"@id\":\"https:\/\/www.gaveanews.com\/index.php\/2025\/01\/24\/novo-uniforme-declaracao-de-abel-ferreira-e-os-jogadores-mais-antigos-as-ultimas-noticias-do-palmeiras\/#breadcrumb\"},\"inLanguage\":\"pt-BR\",\"potentialAction\":[{\"@type\":\"ReadAction\",\"target\":[\"https:\/\/www.gaveanews.com\/index.php\/2025\/01\/24\/novo-uniforme-declaracao-de-abel-ferreira-e-os-jogadores-mais-antigos-as-ultimas-noticias-do-palmeiras\/\"]}]},{\"@type\":\"ImageObject\",\"inLanguage\":\"pt-BR\",\"@id\":\"https:\/\/www.gaveanews.com\/index.php\/2025\/01\/24\/novo-uniforme-declaracao-de-abel-ferreira-e-os-jogadores-mais-antigos-as-ultimas-noticias-do-palmeiras\/#primaryimage\",\"url\":\"https:\/\/www.gaveanews.com\/wp-content\/uploads\/Jogadores-do-Palmeiras-reunidos-durante-partida-da-Copa-do-Brasil-2024.webp\",\"contentUrl\":\"https:\/\/www.gaveanews.com\/wp-content\/uploads\/Jogadores-do-Palmeiras-reunidos-durante-partida-da-Copa-do-Brasil-2024.webp\",\"width\":1187,\"height\":792,\"caption\":\"Jogadores do Palmeiras reunidos durante partida da Copa do Brasil 2024 (Foto: Reprodu\u00e7\u00e3o\/Palmeiras)\"},{\"@type\":\"BreadcrumbList\",\"@id\":\"https:\/\/www.gaveanews.com\/index.php\/2025\/01\/24\/novo-uniforme-declaracao-de-abel-ferreira-e-os-jogadores-mais-antigos-as-ultimas-noticias-do-palmeiras\/#breadcrumb\",\"itemListElement\":[{\"@type\":\"ListItem\",\"position\":1,\"name\":\"Home\",\"item\":\"https:\/\/www.gaveanews.com\/\"},{\"@type\":\"ListItem\",\"position\":2,\"name\":\"Novo uniforme, declara\u00e7\u00e3o de Abel Ferreira e os jogadores mais antigos: as \u00faltimas not\u00edcias do Palmeiras\"}]},{\"@type\":\"WebSite\",\"@id\":\"https:\/\/www.gaveanews.com\/#website\",\"url\":\"https:\/\/www.gaveanews.com\/\",\"name\":\"G\u00e1vea News\",\"description\":\"Veja todas as not\u00edcias sobre o Flamengo: Contrata\u00e7\u00f5es, categorias de base, resultados das partidas, tabela de classifica\u00e7\u00e3o, pr\u00f3ximos jogos!\",\"potentialAction\":[{\"@type\":\"SearchAction\",\"target\":{\"@type\":\"EntryPoint\",\"urlTemplate\":\"https:\/\/www.gaveanews.com\/?s={search_term_string}\"},\"query-input\":{\"@type\":\"PropertyValueSpecification\",\"valueRequired\":true,\"valueName\":\"search_term_string\"}}],\"inLanguage\":\"pt-BR\"},{\"@type\":\"Person\",\"@id\":\"https:\/\/www.gaveanews.com\/#\/schema\/person\/8207cd4627f56151707418bfc835b2fb\",\"name\":\"Matheus Felipe\",\"image\":{\"@type\":\"ImageObject\",\"inLanguage\":\"pt-BR\",\"@id\":\"https:\/\/www.gaveanews.com\/#\/schema\/person\/image\/\",\"url\":\"https:\/\/secure.gravatar.com\/avatar\/a452ffbed9130f726358b298bb3a99ce4bd3c5338411f8440e87e14d74c7c087?s=96&d=mm&r=g\",\"contentUrl\":\"https:\/\/secure.gravatar.com\/avatar\/a452ffbed9130f726358b298bb3a99ce4bd3c5338411f8440e87e14d74c7c087?s=96&d=mm&r=g\",\"caption\":\"Matheus Felipe\"}}]}<\/script>\n<!-- \/ Yoast SEO Premium plugin. -->","yoast_head_json":{"title":"Novo uniforme, declara\u00e7\u00e3o de Abel Ferreira e os jogadores mais antigos: as \u00faltimas not\u00edcias do Palmeiras","robots":{"index":"index","follow":"follow","max-snippet":"max-snippet:-1","max-image-preview":"max-image-preview:large","max-video-preview":"max-video-preview:-1"},"canonical":"https:\/\/www.gaveanews.com\/index.php\/2025\/01\/24\/novo-uniforme-declaracao-de-abel-ferreira-e-os-jogadores-mais-antigos-as-ultimas-noticias-do-palmeiras\/","og_locale":"pt_BR","og_type":"article","og_title":"Novo uniforme, declara\u00e7\u00e3o de Abel Ferreira e os jogadores mais antigos: as \u00faltimas not\u00edcias do Palmeiras","og_description":"Nas \u00faltimas horas, o foco das not\u00edcias sobre o Palmeiras se concentram nos bastidores do clube, com destaques do dia a dia do time. Por conta deste contexto, leia abaixo um resumo preparado pela equipe do portal G\u00e1vea News para lhe manter muito bem informado! Os jogadores mais antigos Com a evolu\u00e7\u00e3o do futebol, que [&hellip;]","og_url":"https:\/\/www.gaveanews.com\/index.php\/2025\/01\/24\/novo-uniforme-declaracao-de-abel-ferreira-e-os-jogadores-mais-antigos-as-ultimas-noticias-do-palmeiras\/","og_site_name":"G\u00e1vea News","article_publisher":"https:\/\/facebook.com\/gaveaNews\/","article_published_time":"2025-01-24T10:25:00+00:00","og_image":[{"width":1187,"height":792,"url":"https:\/\/www.gaveanews.com\/wp-content\/uploads\/Jogadores-do-Palmeiras-reunidos-durante-partida-da-Copa-do-Brasil-2024.webp","type":"image\/webp"}],"author":"Matheus Felipe","twitter_card":"summary_large_image","twitter_misc":{"Escrito por":"Matheus Felipe","Est. tempo de leitura":"5 minutos"},"schema":{"@context":"https:\/\/schema.org","@graph":[{"@type":"NewsArticle","@id":"https:\/\/www.gaveanews.com\/index.php\/2025\/01\/24\/novo-uniforme-declaracao-de-abel-ferreira-e-os-jogadores-mais-antigos-as-ultimas-noticias-do-palmeiras\/#article","isPartOf":{"@id":"https:\/\/www.gaveanews.com\/index.php\/2025\/01\/24\/novo-uniforme-declaracao-de-abel-ferreira-e-os-jogadores-mais-antigos-as-ultimas-noticias-do-palmeiras\/"},"author":{"name":"Matheus Felipe","@id":"https:\/\/www.gaveanews.com\/#\/schema\/person\/8207cd4627f56151707418bfc835b2fb"},"headline":"Novo uniforme, declara\u00e7\u00e3o de Abel Ferreira e os jogadores mais antigos: as \u00faltimas not\u00edcias do Palmeiras","datePublished":"2025-01-24T10:25:00+00:00","mainEntityOfPage":{"@id":"https:\/\/www.gaveanews.com\/index.php\/2025\/01\/24\/novo-uniforme-declaracao-de-abel-ferreira-e-os-jogadores-mais-antigos-as-ultimas-noticias-do-palmeiras\/"},"wordCount":771,"commentCount":0,"image":{"@id":"https:\/\/www.gaveanews.com\/index.php\/2025\/01\/24\/novo-uniforme-declaracao-de-abel-ferreira-e-os-jogadores-mais-antigos-as-ultimas-noticias-do-palmeiras\/#primaryimage"},"thumbnailUrl":"https:\/\/www.gaveanews.com\/wp-content\/uploads\/Jogadores-do-Palmeiras-reunidos-durante-partida-da-Copa-do-Brasil-2024.webp","articleSection":["Palmeiras"],"inLanguage":"pt-BR","potentialAction":[{"@type":"CommentAction","name":"Comment","target":["https:\/\/www.gaveanews.com\/index.php\/2025\/01\/24\/novo-uniforme-declaracao-de-abel-ferreira-e-os-jogadores-mais-antigos-as-ultimas-noticias-do-palmeiras\/#respond"]}],"copyrightYear":"2025","copyrightHolder":{"@id":"https:\/\/www.gaveanews.com\/#organization"}},{"@type":"WebPage","@id":"https:\/\/www.gaveanews.com\/index.php\/2025\/01\/24\/novo-uniforme-declaracao-de-abel-ferreira-e-os-jogadores-mais-antigos-as-ultimas-noticias-do-palmeiras\/","url":"https:\/\/www.gaveanews.com\/index.php\/2025\/01\/24\/novo-uniforme-declaracao-de-abel-ferreira-e-os-jogadores-mais-antigos-as-ultimas-noticias-do-palmeiras\/","name":"Novo uniforme, declara\u00e7\u00e3o de Abel Ferreira e os jogadores mais antigos: as \u00faltimas not\u00edcias do Palmeiras","isPartOf":{"@id":"https:\/\/www.gaveanews.com\/#website"},"primaryImageOfPage":{"@id":"https:\/\/www.gaveanews.com\/index.php\/2025\/01\/24\/novo-uniforme-declaracao-de-abel-ferreira-e-os-jogadores-mais-antigos-as-ultimas-noticias-do-palmeiras\/#primaryimage"},"image":{"@id":"https:\/\/www.gaveanews.com\/index.php\/2025\/01\/24\/novo-uniforme-declaracao-de-abel-ferreira-e-os-jogadores-mais-antigos-as-ultimas-noticias-do-palmeiras\/#primaryimage"},"thumbnailUrl":"https:\/\/www.gaveanews.com\/wp-content\/uploads\/Jogadores-do-Palmeiras-reunidos-durante-partida-da-Copa-do-Brasil-2024.webp","datePublished":"2025-01-24T10:25:00+00:00","author":{"@id":"https:\/\/www.gaveanews.com\/#\/schema\/person\/8207cd4627f56151707418bfc835b2fb"},"breadcrumb":{"@id":"https:\/\/www.gaveanews.com\/index.php\/2025\/01\/24\/novo-uniforme-declaracao-de-abel-ferreira-e-os-jogadores-mais-antigos-as-ultimas-noticias-do-palmeiras\/#breadcrumb"},"inLanguage":"pt-BR","potentialAction":[{"@type":"ReadAction","target":["https:\/\/www.gaveanews.com\/index.php\/2025\/01\/24\/novo-uniforme-declaracao-de-abel-ferreira-e-os-jogadores-mais-antigos-as-ultimas-noticias-do-palmeiras\/"]}]},{"@type":"ImageObject","inLanguage":"pt-BR","@id":"https:\/\/www.gaveanews.com\/index.php\/2025\/01\/24\/novo-uniforme-declaracao-de-abel-ferreira-e-os-jogadores-mais-antigos-as-ultimas-noticias-do-palmeiras\/#primaryimage","url":"https:\/\/www.gaveanews.com\/wp-content\/uploads\/Jogadores-do-Palmeiras-reunidos-durante-partida-da-Copa-do-Brasil-2024.webp","contentUrl":"https:\/\/www.gaveanews.com\/wp-content\/uploads\/Jogadores-do-Palmeiras-reunidos-durante-partida-da-Copa-do-Brasil-2024.webp","width":1187,"height":792,"caption":"Jogadores do Palmeiras reunidos durante partida da Copa do Brasil 2024 (Foto: Reprodu\u00e7\u00e3o\/Palmeiras)"},{"@type":"BreadcrumbList","@id":"https:\/\/www.gaveanews.com\/index.php\/2025\/01\/24\/novo-uniforme-declaracao-de-abel-ferreira-e-os-jogadores-mais-antigos-as-ultimas-noticias-do-palmeiras\/#breadcrumb","itemListElement":[{"@type":"ListItem","position":1,"name":"Home","item":"https:\/\/www.gaveanews.com\/"},{"@type":"ListItem","position":2,"name":"Novo uniforme, declara\u00e7\u00e3o de Abel Ferreira e os jogadores mais antigos: as \u00faltimas not\u00edcias do Palmeiras"}]},{"@type":"WebSite","@id":"https:\/\/www.gaveanews.com\/#website","url":"https:\/\/www.gaveanews.com\/","name":"G\u00e1vea News","description":"Veja todas as not\u00edcias sobre o Flamengo: Contrata\u00e7\u00f5es, categorias de base, resultados das partidas, tabela de classifica\u00e7\u00e3o, pr\u00f3ximos jogos!","potentialAction":[{"@type":"SearchAction","target":{"@type":"EntryPoint","urlTemplate":"https:\/\/www.gaveanews.com\/?s={search_term_string}"},"query-input":{"@type":"PropertyValueSpecification","valueRequired":true,"valueName":"search_term_string"}}],"inLanguage":"pt-BR"},{"@type":"Person","@id":"https:\/\/www.gaveanews.com\/#\/schema\/person\/8207cd4627f56151707418bfc835b2fb","name":"Matheus Felipe","image":{"@type":"ImageObject","inLanguage":"pt-BR","@id":"https:\/\/www.gaveanews.com\/#\/schema\/person\/image\/","url":"https:\/\/secure.gravatar.com\/avatar\/a452ffbed9130f726358b298bb3a99ce4bd3c5338411f8440e87e14d74c7c087?s=96&d=mm&r=g","contentUrl":"https:\/\/secure.gravatar.com\/avatar\/a452ffbed9130f726358b298bb3a99ce4bd3c5338411f8440e87e14d74c7c087?s=96&d=mm&r=g","caption":"Matheus Felipe"}}]}},"_links":{"self":[{"href":"https:\/\/www.gaveanews.com\/index.php\/wp-json\/wp\/v2\/posts\/217191","targetHints":{"allow":["GET"]}}],"collection":[{"href":"https:\/\/www.gaveanews.com\/index.php\/wp-json\/wp\/v2\/posts"}],"about":[{"href":"https:\/\/www.gaveanews.com\/index.php\/wp-json\/wp\/v2\/types\/post"}],"author":[{"embeddable":true,"href":"https:\/\/www.gaveanews.com\/index.php\/wp-json\/wp\/v2\/users\/27"}],"replies":[{"embeddable":true,"href":"https:\/\/www.gaveanews.com\/index.php\/wp-json\/wp\/v2\/comments?post=217191"}],"version-history":[{"count":1,"href":"https:\/\/www.gaveanews.com\/index.php\/wp-json\/wp\/v2\/posts\/217191\/revisions"}],"predecessor-version":[{"id":217196,"href":"https:\/\/www.gaveanews.com\/index.php\/wp-json\/wp\/v2\/posts\/217191\/revisions\/217196"}],"wp:featuredmedia":[{"embeddable":true,"href":"https:\/\/www.gaveanews.com\/index.php\/wp-json\/wp\/v2\/media\/158317"}],"wp:attachment":[{"href":"https:\/\/www.gaveanews.com\/index.php\/wp-json\/wp\/v2\/media?parent=217191"}],"wp:term":[{"taxonomy":"category","embeddable":true,"href":"https:\/\/www.gaveanews.com\/index.php\/wp-json\/wp\/v2\/categories?post=217191"},{"taxonomy":"post_tag","embeddable":true,"href":"https:\/\/www.gaveanews.com\/index.php\/wp-json\/wp\/v2\/tags?post=217191"}],"curies":[{"name":"wp","href":"https:\/\/api.w.org\/{rel}","templated":true}]}}