{"id":217195,"date":"2025-01-24T06:30:00","date_gmt":"2025-01-24T09:30:00","guid":{"rendered":"https:\/\/www.gaveanews.com\/?p=217195"},"modified":"2025-01-24T01:38:51","modified_gmt":"2025-01-24T04:38:51","slug":"declaracao-de-igor-vinicius-recado-de-zubeldia-e-os-jogadores-mais-antigos-as-ultimas-noticias-do-sao-paulo","status":"publish","type":"post","link":"https:\/\/www.gaveanews.com\/index.php\/2025\/01\/24\/declaracao-de-igor-vinicius-recado-de-zubeldia-e-os-jogadores-mais-antigos-as-ultimas-noticias-do-sao-paulo\/","title":{"rendered":"Declara\u00e7\u00e3o de Igor Vin\u00edcius, recado de Zubeld\u00eda e os jogadores mais antigos: as \u00faltimas not\u00edcias do S\u00e3o Paulo"},"content":{"rendered":"\n<p>Nas \u00faltimas horas, o foco das not\u00edcias sobre o S\u00e3o Paulo se concentram nos bastidores do clube, com destaques do dia a dia do time.<\/p>\n\n\n\n<p>Por conta deste contexto, leia abaixo um resumo preparado pela equipe do portal G\u00e1vea News para lhe manter muito bem informado!<\/p>\n\n\n\n<h2 class=\"wp-block-heading\" id=\"h-os-jogadores-mais-antigos\">Os jogadores mais antigos<\/h2>\n\n\n\n<p>O S\u00e3o Paulo conta com jogadores experientes em seu elenco, que combinam lideran\u00e7a e bagagem para manter o time competitivo. Luiz Gustavo, de 37 anos, \u00e9 o mais velho do grupo, tendo retornado ao Brasil ap\u00f3s longa passagem pela Europa. Na sequ\u00eancia, aparece o goleiro Rafael, com 35 anos, e o meia Oscar, de 33, contrata\u00e7\u00e3o de destaque nesta janela de transfer\u00eancias, que chegou para refor\u00e7ar o time at\u00e9 2027 <strong><a href=\"https:\/\/www.gaveanews.com\/index.php\/2025\/01\/19\/luiz-gustavo-rafael-oscar-arboleda-lucas-moura-jandrei-luciano-alisson-calleri-e-orejuela-os-jogadores-mais-velhos-do-sao-paulo\/\">(leia a mat\u00e9ria completa).<\/a><\/strong><\/p>\n\n\n\n<figure class=\"wp-block-image size-full\"><img loading=\"lazy\" decoding=\"async\" width=\"791\" height=\"518\" src=\"http:\/\/www.gaveanews.com\/wp-content\/uploads\/Luiz-Gustavo-pelo-Sao-Paulo.webp\" alt=\"\" class=\"wp-image-178655\" srcset=\"https:\/\/www.gaveanews.com\/wp-content\/uploads\/Luiz-Gustavo-pelo-Sao-Paulo.webp 791w, https:\/\/www.gaveanews.com\/wp-content\/uploads\/Luiz-Gustavo-pelo-Sao-Paulo-300x196.webp 300w, https:\/\/www.gaveanews.com\/wp-content\/uploads\/Luiz-Gustavo-pelo-Sao-Paulo-768x503.webp 768w, https:\/\/www.gaveanews.com\/wp-content\/uploads\/Luiz-Gustavo-pelo-Sao-Paulo-641x420.webp 641w, https:\/\/www.gaveanews.com\/wp-content\/uploads\/Luiz-Gustavo-pelo-Sao-Paulo-640x419.webp 640w, https:\/\/www.gaveanews.com\/wp-content\/uploads\/Luiz-Gustavo-pelo-Sao-Paulo-681x446.webp 681w, https:\/\/www.gaveanews.com\/wp-content\/uploads\/Luiz-Gustavo-pelo-Sao-Paulo-100x65.webp 100w\" sizes=\"auto, (max-width: 791px) 100vw, 791px\" \/><figcaption class=\"wp-element-caption\">Luiz Gustavo pelo S\u00e3o Paulo (Foto: Rubens Chiri \/ saopaulofc)<\/figcaption><\/figure>\n\n\n\n<p>Outros veteranos importantes incluem Arboleda, zagueiro de 33 anos, que pode completar uma d\u00e9cada no clube caso cumpra todo o contrato, e Lucas Moura, de 32, que retornou em 2023 para ser campe\u00e3o da Copa do Brasil. Jandrei, Luciano, Alisson e Calleri, todos com 31 anos, tamb\u00e9m formam a espinha dorsal da equipe, somando regularidade e experi\u00eancia ao elenco tricolor.<\/p>\n\n\n\n<p>Com nomes de peso, o S\u00e3o Paulo alia experi\u00eancia \u00e0 juventude para buscar t\u00edtulos na temporada. A gest\u00e3o do elenco, que valoriza a longevidade dos atletas, \u00e9 uma pe\u00e7a-chave no trabalho do t\u00e9cnico Zubeld\u00eda, visando manter o time competitivo em torneios nacionais e internacionais ao longo de 2025.<\/p>\n\n\n\n<h2 class=\"wp-block-heading\" id=\"h-recado-de-zubeldia\">Recado de Zubeld\u00eda<\/h2>\n\n\n\n<p>O t\u00e9cnico Luis Zubeld\u00eda avaliou positivamente a pr\u00e9-temporada do S\u00e3o Paulo nos Estados Unidos ap\u00f3s o empate sem gols contra o Flamengo. O treinador destacou a evolu\u00e7\u00e3o da equipe e elogiou o desempenho de Oscar, refor\u00e7o contratado para 2025. Segundo Zubeld\u00eda, Oscar \u00e9 o jogador que faltava na temporada anterior, com versatilidade para atuar centralizado ou pelas laterais, o que traz mais op\u00e7\u00f5es t\u00e1ticas para o time <strong><a href=\"https:\/\/www.gaveanews.com\/index.php\/2025\/01\/20\/sao-paulo-a-declaracao-de-zubeldia-sobre-oscar\/\">(leia a mat\u00e9ria completa).<\/a><\/strong><\/p>\n\n\n\n<figure class=\"wp-block-image size-large\"><img loading=\"lazy\" decoding=\"async\" width=\"1024\" height=\"683\" src=\"http:\/\/www.gaveanews.com\/wp-content\/uploads\/Luis-Francisco-Zubeldia-treinador-do-Sao-Paulo-durante-partida-da-Copa-do-Brasil-2024-1024x683.webp\" alt=\"\" class=\"wp-image-155699\" srcset=\"https:\/\/www.gaveanews.com\/wp-content\/uploads\/Luis-Francisco-Zubeldia-treinador-do-Sao-Paulo-durante-partida-da-Copa-do-Brasil-2024-1024x683.webp 1024w, https:\/\/www.gaveanews.com\/wp-content\/uploads\/Luis-Francisco-Zubeldia-treinador-do-Sao-Paulo-durante-partida-da-Copa-do-Brasil-2024-300x200.webp 300w, https:\/\/www.gaveanews.com\/wp-content\/uploads\/Luis-Francisco-Zubeldia-treinador-do-Sao-Paulo-durante-partida-da-Copa-do-Brasil-2024-768x512.webp 768w, https:\/\/www.gaveanews.com\/wp-content\/uploads\/Luis-Francisco-Zubeldia-treinador-do-Sao-Paulo-durante-partida-da-Copa-do-Brasil-2024-630x420.webp 630w, https:\/\/www.gaveanews.com\/wp-content\/uploads\/Luis-Francisco-Zubeldia-treinador-do-Sao-Paulo-durante-partida-da-Copa-do-Brasil-2024-1260x840.webp 1260w, https:\/\/www.gaveanews.com\/wp-content\/uploads\/Luis-Francisco-Zubeldia-treinador-do-Sao-Paulo-durante-partida-da-Copa-do-Brasil-2024-640x427.webp 640w, https:\/\/www.gaveanews.com\/wp-content\/uploads\/Luis-Francisco-Zubeldia-treinador-do-Sao-Paulo-durante-partida-da-Copa-do-Brasil-2024-1280x854.webp 1280w, https:\/\/www.gaveanews.com\/wp-content\/uploads\/Luis-Francisco-Zubeldia-treinador-do-Sao-Paulo-durante-partida-da-Copa-do-Brasil-2024-681x454.webp 681w, https:\/\/www.gaveanews.com\/wp-content\/uploads\/Luis-Francisco-Zubeldia-treinador-do-Sao-Paulo-durante-partida-da-Copa-do-Brasil-2024-100x67.webp 100w, https:\/\/www.gaveanews.com\/wp-content\/uploads\/Luis-Francisco-Zubeldia-treinador-do-Sao-Paulo-durante-partida-da-Copa-do-Brasil-2024.webp 1333w\" sizes=\"auto, (max-width: 1024px) 100vw, 1024px\" \/><figcaption class=\"wp-element-caption\">Luis Francisco Zubeld\u00eda, treinador do S\u00e3o Paulo durante partida da Copa do Brasil 2024 (Foto: Rubens Chiri e Paulo Pinto\/S\u00e3o Paulo)<\/figcaption><\/figure>\n\n\n\n<p>Zubeld\u00eda tamb\u00e9m ressaltou a condi\u00e7\u00e3o f\u00edsica de Oscar, comparando-o com Luiz Gustavo, outro veterano da equipe. <\/p>\n\n\n\n<p>Apesar da idade semelhante, Oscar apresentou melhor preparo f\u00edsico, um ponto considerado crucial pelo t\u00e9cnico para sua performance ao longo do ano. O treinador elogiou a capacidade de Oscar em criar oportunidades e sua adapta\u00e7\u00e3o ao esquema t\u00e1tico do time.<\/p>\n\n\n\n<p>O S\u00e3o Paulo retorna ao Brasil para estrear no Campeonato Paulista contra o Botafogo-SP nesta segunda-feira. Com a equipe principal ainda em recupera\u00e7\u00e3o da pr\u00e9-temporada, o jogo contar\u00e1 com reservas e atletas do sub-20, enquanto Zubeld\u00eda ser\u00e1 representado no banco de reservas por seu auxiliar, Maxi Cuberas. A expectativa \u00e9 consolidar os ajustes realizados durante os amistosos nos Estados Unidos.<\/p>\n\n\n\n<h2 class=\"wp-block-heading\" id=\"h-declaracao-de-igor-vinicius\">Declara\u00e7\u00e3o de Igor Vin\u00edcius<\/h2>\n\n\n\n<p>Com a sa\u00edda de Rafinha, Igor Vin\u00edcius assumiu a titularidade na lateral-direita do S\u00e3o Paulo, mas o clube segue buscando refor\u00e7os para o setor. O jogador de 27 anos foi titular na estreia contra o Cruzeiro, na FC Series, e est\u00e1 confirmado para o pr\u00f3ximo jogo contra o Flamengo. Apesar da confian\u00e7a no in\u00edcio da temporada, Igor reconhece a necessidade do clube em contratar outro lateral para ampliar as op\u00e7\u00f5es dispon\u00edveis, uma vez que apenas o zagueiro Ferraresi pode atuar improvisado na posi\u00e7\u00e3o. <strong><a href=\"https:\/\/www.gaveanews.com\/index.php\/2025\/01\/19\/a-declaracao-de-igor-vinicius-sobre-sua-atual-situacao-no-sao-paulo\/\">(leia a mat\u00e9ria completa)<\/a><\/strong><\/p>\n\n\n\n<figure class=\"wp-block-image size-large\"><img loading=\"lazy\" decoding=\"async\" width=\"1024\" height=\"777\" src=\"http:\/\/www.gaveanews.com\/wp-content\/uploads\/Igor-Vinicius-pelo-Sao-Paulo-1024x777.webp\" alt=\"\" class=\"wp-image-171719\" srcset=\"https:\/\/www.gaveanews.com\/wp-content\/uploads\/Igor-Vinicius-pelo-Sao-Paulo-1024x777.webp 1024w, https:\/\/www.gaveanews.com\/wp-content\/uploads\/Igor-Vinicius-pelo-Sao-Paulo-300x228.webp 300w, https:\/\/www.gaveanews.com\/wp-content\/uploads\/Igor-Vinicius-pelo-Sao-Paulo-768x583.webp 768w, https:\/\/www.gaveanews.com\/wp-content\/uploads\/Igor-Vinicius-pelo-Sao-Paulo-553x420.webp 553w, https:\/\/www.gaveanews.com\/wp-content\/uploads\/Igor-Vinicius-pelo-Sao-Paulo-1106x840.webp 1106w, https:\/\/www.gaveanews.com\/wp-content\/uploads\/Igor-Vinicius-pelo-Sao-Paulo-80x60.webp 80w, https:\/\/www.gaveanews.com\/wp-content\/uploads\/Igor-Vinicius-pelo-Sao-Paulo-160x120.webp 160w, https:\/\/www.gaveanews.com\/wp-content\/uploads\/Igor-Vinicius-pelo-Sao-Paulo-100x76.webp 100w, https:\/\/www.gaveanews.com\/wp-content\/uploads\/Igor-Vinicius-pelo-Sao-Paulo-640x486.webp 640w, https:\/\/www.gaveanews.com\/wp-content\/uploads\/Igor-Vinicius-pelo-Sao-Paulo-1280x972.webp 1280w, https:\/\/www.gaveanews.com\/wp-content\/uploads\/Igor-Vinicius-pelo-Sao-Paulo-681x517.webp 681w, https:\/\/www.gaveanews.com\/wp-content\/uploads\/Igor-Vinicius-pelo-Sao-Paulo.webp 1329w\" sizes=\"auto, (max-width: 1024px) 100vw, 1024px\" \/><figcaption class=\"wp-element-caption\">Igor Vin\u00edcius pelo S\u00e3o Paulo (Foto: Divulga\u00e7\u00e3o\/S\u00e3o Paulo)<\/figcaption><\/figure>\n\n\n\n<p>Igor Vin\u00edcius chegou ao S\u00e3o Paulo em 2019, inicialmente emprestado pelo Ituano, e teve seus direitos adquiridos ao final daquele ano. Com 202 partidas disputadas, ele \u00e9 um dos jogadores mais longevos do atual elenco, atr\u00e1s apenas de Arboleda. O lateral destacou que sua perman\u00eancia no clube por tanto tempo \u00e9 fruto de dedica\u00e7\u00e3o e evolu\u00e7\u00e3o cont\u00ednua, ressaltando que encara a concorr\u00eancia como algo natural em um time grande como o S\u00e3o Paulo.<\/p>\n\n\n\n<p>Enquanto o clube trabalha no mercado em busca de refor\u00e7os, Igor Vin\u00edcius \u00e9 pe\u00e7a fundamental para a lateral-direita nos primeiros desafios do ano. Com a confian\u00e7a da comiss\u00e3o t\u00e9cnica, ele promete manter o foco e contribuir para o time, que tamb\u00e9m espera resolver a lacuna deixada por Rafinha com uma contrata\u00e7\u00e3o em breve.<\/p>\n","protected":false},"excerpt":{"rendered":"<p>Nas \u00faltimas horas, o foco das not\u00edcias sobre o S\u00e3o Paulo se concentram nos bastidores do clube, com destaques do dia a dia do time. Por conta deste contexto, leia abaixo um resumo preparado pela equipe do portal G\u00e1vea News para lhe manter muito bem informado! Os jogadores mais antigos O S\u00e3o Paulo conta com [&hellip;]<\/p>\n","protected":false},"author":27,"featured_media":157734,"comment_status":"open","ping_status":"closed","sticky":false,"template":"","format":"standard","meta":{"footnotes":""},"categories":[151],"tags":[],"class_list":["post-217195","post","type-post","status-publish","format-standard","has-post-thumbnail","hentry","category-sao-paulo"],"yoast_head":"<!-- This site is optimized with the Yoast SEO Premium plugin v24.2 (Yoast SEO v26.9) - https:\/\/yoast.com\/product\/yoast-seo-premium-wordpress\/ -->\n<title>Declara\u00e7\u00e3o de Igor Vin\u00edcius, recado de Zubeld\u00eda e os jogadores mais antigos: as \u00faltimas not\u00edcias do S\u00e3o Paulo<\/title>\n<meta name=\"robots\" content=\"index, follow, max-snippet:-1, max-image-preview:large, max-video-preview:-1\" \/>\n<link rel=\"canonical\" href=\"https:\/\/www.gaveanews.com\/index.php\/2025\/01\/24\/declaracao-de-igor-vinicius-recado-de-zubeldia-e-os-jogadores-mais-antigos-as-ultimas-noticias-do-sao-paulo\/\" \/>\n<meta property=\"og:locale\" content=\"pt_BR\" \/>\n<meta property=\"og:type\" content=\"article\" \/>\n<meta property=\"og:title\" content=\"Declara\u00e7\u00e3o de Igor Vin\u00edcius, recado de Zubeld\u00eda e os jogadores mais antigos: as \u00faltimas not\u00edcias do S\u00e3o Paulo\" \/>\n<meta property=\"og:description\" content=\"Nas \u00faltimas horas, o foco das not\u00edcias sobre o S\u00e3o Paulo se concentram nos bastidores do clube, com destaques do dia a dia do time. Por conta deste contexto, leia abaixo um resumo preparado pela equipe do portal G\u00e1vea News para lhe manter muito bem informado! Os jogadores mais antigos O S\u00e3o Paulo conta com [&hellip;]\" \/>\n<meta property=\"og:url\" content=\"https:\/\/www.gaveanews.com\/index.php\/2025\/01\/24\/declaracao-de-igor-vinicius-recado-de-zubeldia-e-os-jogadores-mais-antigos-as-ultimas-noticias-do-sao-paulo\/\" \/>\n<meta property=\"og:site_name\" content=\"G\u00e1vea News\" \/>\n<meta property=\"article:publisher\" content=\"https:\/\/facebook.com\/gaveaNews\/\" \/>\n<meta property=\"article:published_time\" content=\"2025-01-24T09:30:00+00:00\" \/>\n<meta property=\"og:image\" content=\"https:\/\/www.gaveanews.com\/wp-content\/uploads\/Elenco-do-Sao-Paulo.webp\" \/>\n\t<meta property=\"og:image:width\" content=\"1242\" \/>\n\t<meta property=\"og:image:height\" content=\"1235\" \/>\n\t<meta property=\"og:image:type\" content=\"image\/jpeg\" \/>\n<meta name=\"author\" content=\"Matheus Felipe\" \/>\n<meta name=\"twitter:card\" content=\"summary_large_image\" \/>\n<meta name=\"twitter:label1\" content=\"Escrito por\" \/>\n\t<meta name=\"twitter:data1\" content=\"Matheus Felipe\" \/>\n\t<meta name=\"twitter:label2\" content=\"Est. tempo de leitura\" \/>\n\t<meta name=\"twitter:data2\" content=\"5 minutos\" \/>\n<script type=\"application\/ld+json\" class=\"yoast-schema-graph\">{\"@context\":\"https:\/\/schema.org\",\"@graph\":[{\"@type\":\"NewsArticle\",\"@id\":\"https:\/\/www.gaveanews.com\/index.php\/2025\/01\/24\/declaracao-de-igor-vinicius-recado-de-zubeldia-e-os-jogadores-mais-antigos-as-ultimas-noticias-do-sao-paulo\/#article\",\"isPartOf\":{\"@id\":\"https:\/\/www.gaveanews.com\/index.php\/2025\/01\/24\/declaracao-de-igor-vinicius-recado-de-zubeldia-e-os-jogadores-mais-antigos-as-ultimas-noticias-do-sao-paulo\/\"},\"author\":{\"name\":\"Matheus Felipe\",\"@id\":\"https:\/\/www.gaveanews.com\/#\/schema\/person\/8207cd4627f56151707418bfc835b2fb\"},\"headline\":\"Declara\u00e7\u00e3o de Igor Vin\u00edcius, recado de Zubeld\u00eda e os jogadores mais antigos: as \u00faltimas not\u00edcias do S\u00e3o Paulo\",\"datePublished\":\"2025-01-24T09:30:00+00:00\",\"mainEntityOfPage\":{\"@id\":\"https:\/\/www.gaveanews.com\/index.php\/2025\/01\/24\/declaracao-de-igor-vinicius-recado-de-zubeldia-e-os-jogadores-mais-antigos-as-ultimas-noticias-do-sao-paulo\/\"},\"wordCount\":764,\"commentCount\":0,\"image\":{\"@id\":\"https:\/\/www.gaveanews.com\/index.php\/2025\/01\/24\/declaracao-de-igor-vinicius-recado-de-zubeldia-e-os-jogadores-mais-antigos-as-ultimas-noticias-do-sao-paulo\/#primaryimage\"},\"thumbnailUrl\":\"https:\/\/www.gaveanews.com\/wp-content\/uploads\/Elenco-do-Sao-Paulo.webp\",\"articleSection\":[\"S\u00e3o Paulo\"],\"inLanguage\":\"pt-BR\",\"potentialAction\":[{\"@type\":\"CommentAction\",\"name\":\"Comment\",\"target\":[\"https:\/\/www.gaveanews.com\/index.php\/2025\/01\/24\/declaracao-de-igor-vinicius-recado-de-zubeldia-e-os-jogadores-mais-antigos-as-ultimas-noticias-do-sao-paulo\/#respond\"]}],\"copyrightYear\":\"2025\",\"copyrightHolder\":{\"@id\":\"https:\/\/www.gaveanews.com\/#organization\"}},{\"@type\":\"WebPage\",\"@id\":\"https:\/\/www.gaveanews.com\/index.php\/2025\/01\/24\/declaracao-de-igor-vinicius-recado-de-zubeldia-e-os-jogadores-mais-antigos-as-ultimas-noticias-do-sao-paulo\/\",\"url\":\"https:\/\/www.gaveanews.com\/index.php\/2025\/01\/24\/declaracao-de-igor-vinicius-recado-de-zubeldia-e-os-jogadores-mais-antigos-as-ultimas-noticias-do-sao-paulo\/\",\"name\":\"Declara\u00e7\u00e3o de Igor Vin\u00edcius, recado de Zubeld\u00eda e os jogadores mais antigos: as \u00faltimas not\u00edcias do S\u00e3o Paulo\",\"isPartOf\":{\"@id\":\"https:\/\/www.gaveanews.com\/#website\"},\"primaryImageOfPage\":{\"@id\":\"https:\/\/www.gaveanews.com\/index.php\/2025\/01\/24\/declaracao-de-igor-vinicius-recado-de-zubeldia-e-os-jogadores-mais-antigos-as-ultimas-noticias-do-sao-paulo\/#primaryimage\"},\"image\":{\"@id\":\"https:\/\/www.gaveanews.com\/index.php\/2025\/01\/24\/declaracao-de-igor-vinicius-recado-de-zubeldia-e-os-jogadores-mais-antigos-as-ultimas-noticias-do-sao-paulo\/#primaryimage\"},\"thumbnailUrl\":\"https:\/\/www.gaveanews.com\/wp-content\/uploads\/Elenco-do-Sao-Paulo.webp\",\"datePublished\":\"2025-01-24T09:30:00+00:00\",\"author\":{\"@id\":\"https:\/\/www.gaveanews.com\/#\/schema\/person\/8207cd4627f56151707418bfc835b2fb\"},\"breadcrumb\":{\"@id\":\"https:\/\/www.gaveanews.com\/index.php\/2025\/01\/24\/declaracao-de-igor-vinicius-recado-de-zubeldia-e-os-jogadores-mais-antigos-as-ultimas-noticias-do-sao-paulo\/#breadcrumb\"},\"inLanguage\":\"pt-BR\",\"potentialAction\":[{\"@type\":\"ReadAction\",\"target\":[\"https:\/\/www.gaveanews.com\/index.php\/2025\/01\/24\/declaracao-de-igor-vinicius-recado-de-zubeldia-e-os-jogadores-mais-antigos-as-ultimas-noticias-do-sao-paulo\/\"]}]},{\"@type\":\"ImageObject\",\"inLanguage\":\"pt-BR\",\"@id\":\"https:\/\/www.gaveanews.com\/index.php\/2025\/01\/24\/declaracao-de-igor-vinicius-recado-de-zubeldia-e-os-jogadores-mais-antigos-as-ultimas-noticias-do-sao-paulo\/#primaryimage\",\"url\":\"https:\/\/www.gaveanews.com\/wp-content\/uploads\/Elenco-do-Sao-Paulo.webp\",\"contentUrl\":\"https:\/\/www.gaveanews.com\/wp-content\/uploads\/Elenco-do-Sao-Paulo.webp\",\"width\":1242,\"height\":1235,\"caption\":\"Elenco do S\u00e3o Paulo (Foto: Reprodu\u00e7\u00e3o\/Instagram)\"},{\"@type\":\"BreadcrumbList\",\"@id\":\"https:\/\/www.gaveanews.com\/index.php\/2025\/01\/24\/declaracao-de-igor-vinicius-recado-de-zubeldia-e-os-jogadores-mais-antigos-as-ultimas-noticias-do-sao-paulo\/#breadcrumb\",\"itemListElement\":[{\"@type\":\"ListItem\",\"position\":1,\"name\":\"Home\",\"item\":\"https:\/\/www.gaveanews.com\/\"},{\"@type\":\"ListItem\",\"position\":2,\"name\":\"Declara\u00e7\u00e3o de Igor Vin\u00edcius, recado de Zubeld\u00eda e os jogadores mais antigos: as \u00faltimas not\u00edcias do S\u00e3o Paulo\"}]},{\"@type\":\"WebSite\",\"@id\":\"https:\/\/www.gaveanews.com\/#website\",\"url\":\"https:\/\/www.gaveanews.com\/\",\"name\":\"G\u00e1vea News\",\"description\":\"Veja todas as not\u00edcias sobre o Flamengo: Contrata\u00e7\u00f5es, categorias de base, resultados das partidas, tabela de classifica\u00e7\u00e3o, pr\u00f3ximos jogos!\",\"potentialAction\":[{\"@type\":\"SearchAction\",\"target\":{\"@type\":\"EntryPoint\",\"urlTemplate\":\"https:\/\/www.gaveanews.com\/?s={search_term_string}\"},\"query-input\":{\"@type\":\"PropertyValueSpecification\",\"valueRequired\":true,\"valueName\":\"search_term_string\"}}],\"inLanguage\":\"pt-BR\"},{\"@type\":\"Person\",\"@id\":\"https:\/\/www.gaveanews.com\/#\/schema\/person\/8207cd4627f56151707418bfc835b2fb\",\"name\":\"Matheus Felipe\",\"image\":{\"@type\":\"ImageObject\",\"inLanguage\":\"pt-BR\",\"@id\":\"https:\/\/www.gaveanews.com\/#\/schema\/person\/image\/\",\"url\":\"https:\/\/secure.gravatar.com\/avatar\/a452ffbed9130f726358b298bb3a99ce4bd3c5338411f8440e87e14d74c7c087?s=96&d=mm&r=g\",\"contentUrl\":\"https:\/\/secure.gravatar.com\/avatar\/a452ffbed9130f726358b298bb3a99ce4bd3c5338411f8440e87e14d74c7c087?s=96&d=mm&r=g\",\"caption\":\"Matheus Felipe\"}}]}<\/script>\n<!-- \/ Yoast SEO Premium plugin. -->","yoast_head_json":{"title":"Declara\u00e7\u00e3o de Igor Vin\u00edcius, recado de Zubeld\u00eda e os jogadores mais antigos: as \u00faltimas not\u00edcias do S\u00e3o Paulo","robots":{"index":"index","follow":"follow","max-snippet":"max-snippet:-1","max-image-preview":"max-image-preview:large","max-video-preview":"max-video-preview:-1"},"canonical":"https:\/\/www.gaveanews.com\/index.php\/2025\/01\/24\/declaracao-de-igor-vinicius-recado-de-zubeldia-e-os-jogadores-mais-antigos-as-ultimas-noticias-do-sao-paulo\/","og_locale":"pt_BR","og_type":"article","og_title":"Declara\u00e7\u00e3o de Igor Vin\u00edcius, recado de Zubeld\u00eda e os jogadores mais antigos: as \u00faltimas not\u00edcias do S\u00e3o Paulo","og_description":"Nas \u00faltimas horas, o foco das not\u00edcias sobre o S\u00e3o Paulo se concentram nos bastidores do clube, com destaques do dia a dia do time. Por conta deste contexto, leia abaixo um resumo preparado pela equipe do portal G\u00e1vea News para lhe manter muito bem informado! Os jogadores mais antigos O S\u00e3o Paulo conta com [&hellip;]","og_url":"https:\/\/www.gaveanews.com\/index.php\/2025\/01\/24\/declaracao-de-igor-vinicius-recado-de-zubeldia-e-os-jogadores-mais-antigos-as-ultimas-noticias-do-sao-paulo\/","og_site_name":"G\u00e1vea News","article_publisher":"https:\/\/facebook.com\/gaveaNews\/","article_published_time":"2025-01-24T09:30:00+00:00","og_image":[{"width":1242,"height":1235,"url":"https:\/\/www.gaveanews.com\/wp-content\/uploads\/Elenco-do-Sao-Paulo.webp","type":"image\/jpeg"}],"author":"Matheus Felipe","twitter_card":"summary_large_image","twitter_misc":{"Escrito por":"Matheus Felipe","Est. tempo de leitura":"5 minutos"},"schema":{"@context":"https:\/\/schema.org","@graph":[{"@type":"NewsArticle","@id":"https:\/\/www.gaveanews.com\/index.php\/2025\/01\/24\/declaracao-de-igor-vinicius-recado-de-zubeldia-e-os-jogadores-mais-antigos-as-ultimas-noticias-do-sao-paulo\/#article","isPartOf":{"@id":"https:\/\/www.gaveanews.com\/index.php\/2025\/01\/24\/declaracao-de-igor-vinicius-recado-de-zubeldia-e-os-jogadores-mais-antigos-as-ultimas-noticias-do-sao-paulo\/"},"author":{"name":"Matheus Felipe","@id":"https:\/\/www.gaveanews.com\/#\/schema\/person\/8207cd4627f56151707418bfc835b2fb"},"headline":"Declara\u00e7\u00e3o de Igor Vin\u00edcius, recado de Zubeld\u00eda e os jogadores mais antigos: as \u00faltimas not\u00edcias do S\u00e3o Paulo","datePublished":"2025-01-24T09:30:00+00:00","mainEntityOfPage":{"@id":"https:\/\/www.gaveanews.com\/index.php\/2025\/01\/24\/declaracao-de-igor-vinicius-recado-de-zubeldia-e-os-jogadores-mais-antigos-as-ultimas-noticias-do-sao-paulo\/"},"wordCount":764,"commentCount":0,"image":{"@id":"https:\/\/www.gaveanews.com\/index.php\/2025\/01\/24\/declaracao-de-igor-vinicius-recado-de-zubeldia-e-os-jogadores-mais-antigos-as-ultimas-noticias-do-sao-paulo\/#primaryimage"},"thumbnailUrl":"https:\/\/www.gaveanews.com\/wp-content\/uploads\/Elenco-do-Sao-Paulo.webp","articleSection":["S\u00e3o Paulo"],"inLanguage":"pt-BR","potentialAction":[{"@type":"CommentAction","name":"Comment","target":["https:\/\/www.gaveanews.com\/index.php\/2025\/01\/24\/declaracao-de-igor-vinicius-recado-de-zubeldia-e-os-jogadores-mais-antigos-as-ultimas-noticias-do-sao-paulo\/#respond"]}],"copyrightYear":"2025","copyrightHolder":{"@id":"https:\/\/www.gaveanews.com\/#organization"}},{"@type":"WebPage","@id":"https:\/\/www.gaveanews.com\/index.php\/2025\/01\/24\/declaracao-de-igor-vinicius-recado-de-zubeldia-e-os-jogadores-mais-antigos-as-ultimas-noticias-do-sao-paulo\/","url":"https:\/\/www.gaveanews.com\/index.php\/2025\/01\/24\/declaracao-de-igor-vinicius-recado-de-zubeldia-e-os-jogadores-mais-antigos-as-ultimas-noticias-do-sao-paulo\/","name":"Declara\u00e7\u00e3o de Igor Vin\u00edcius, recado de Zubeld\u00eda e os jogadores mais antigos: as \u00faltimas not\u00edcias do S\u00e3o Paulo","isPartOf":{"@id":"https:\/\/www.gaveanews.com\/#website"},"primaryImageOfPage":{"@id":"https:\/\/www.gaveanews.com\/index.php\/2025\/01\/24\/declaracao-de-igor-vinicius-recado-de-zubeldia-e-os-jogadores-mais-antigos-as-ultimas-noticias-do-sao-paulo\/#primaryimage"},"image":{"@id":"https:\/\/www.gaveanews.com\/index.php\/2025\/01\/24\/declaracao-de-igor-vinicius-recado-de-zubeldia-e-os-jogadores-mais-antigos-as-ultimas-noticias-do-sao-paulo\/#primaryimage"},"thumbnailUrl":"https:\/\/www.gaveanews.com\/wp-content\/uploads\/Elenco-do-Sao-Paulo.webp","datePublished":"2025-01-24T09:30:00+00:00","author":{"@id":"https:\/\/www.gaveanews.com\/#\/schema\/person\/8207cd4627f56151707418bfc835b2fb"},"breadcrumb":{"@id":"https:\/\/www.gaveanews.com\/index.php\/2025\/01\/24\/declaracao-de-igor-vinicius-recado-de-zubeldia-e-os-jogadores-mais-antigos-as-ultimas-noticias-do-sao-paulo\/#breadcrumb"},"inLanguage":"pt-BR","potentialAction":[{"@type":"ReadAction","target":["https:\/\/www.gaveanews.com\/index.php\/2025\/01\/24\/declaracao-de-igor-vinicius-recado-de-zubeldia-e-os-jogadores-mais-antigos-as-ultimas-noticias-do-sao-paulo\/"]}]},{"@type":"ImageObject","inLanguage":"pt-BR","@id":"https:\/\/www.gaveanews.com\/index.php\/2025\/01\/24\/declaracao-de-igor-vinicius-recado-de-zubeldia-e-os-jogadores-mais-antigos-as-ultimas-noticias-do-sao-paulo\/#primaryimage","url":"https:\/\/www.gaveanews.com\/wp-content\/uploads\/Elenco-do-Sao-Paulo.webp","contentUrl":"https:\/\/www.gaveanews.com\/wp-content\/uploads\/Elenco-do-Sao-Paulo.webp","width":1242,"height":1235,"caption":"Elenco do S\u00e3o Paulo (Foto: Reprodu\u00e7\u00e3o\/Instagram)"},{"@type":"BreadcrumbList","@id":"https:\/\/www.gaveanews.com\/index.php\/2025\/01\/24\/declaracao-de-igor-vinicius-recado-de-zubeldia-e-os-jogadores-mais-antigos-as-ultimas-noticias-do-sao-paulo\/#breadcrumb","itemListElement":[{"@type":"ListItem","position":1,"name":"Home","item":"https:\/\/www.gaveanews.com\/"},{"@type":"ListItem","position":2,"name":"Declara\u00e7\u00e3o de Igor Vin\u00edcius, recado de Zubeld\u00eda e os jogadores mais antigos: as \u00faltimas not\u00edcias do S\u00e3o Paulo"}]},{"@type":"WebSite","@id":"https:\/\/www.gaveanews.com\/#website","url":"https:\/\/www.gaveanews.com\/","name":"G\u00e1vea News","description":"Veja todas as not\u00edcias sobre o Flamengo: Contrata\u00e7\u00f5es, categorias de base, resultados das partidas, tabela de classifica\u00e7\u00e3o, pr\u00f3ximos jogos!","potentialAction":[{"@type":"SearchAction","target":{"@type":"EntryPoint","urlTemplate":"https:\/\/www.gaveanews.com\/?s={search_term_string}"},"query-input":{"@type":"PropertyValueSpecification","valueRequired":true,"valueName":"search_term_string"}}],"inLanguage":"pt-BR"},{"@type":"Person","@id":"https:\/\/www.gaveanews.com\/#\/schema\/person\/8207cd4627f56151707418bfc835b2fb","name":"Matheus Felipe","image":{"@type":"ImageObject","inLanguage":"pt-BR","@id":"https:\/\/www.gaveanews.com\/#\/schema\/person\/image\/","url":"https:\/\/secure.gravatar.com\/avatar\/a452ffbed9130f726358b298bb3a99ce4bd3c5338411f8440e87e14d74c7c087?s=96&d=mm&r=g","contentUrl":"https:\/\/secure.gravatar.com\/avatar\/a452ffbed9130f726358b298bb3a99ce4bd3c5338411f8440e87e14d74c7c087?s=96&d=mm&r=g","caption":"Matheus Felipe"}}]}},"_links":{"self":[{"href":"https:\/\/www.gaveanews.com\/index.php\/wp-json\/wp\/v2\/posts\/217195","targetHints":{"allow":["GET"]}}],"collection":[{"href":"https:\/\/www.gaveanews.com\/index.php\/wp-json\/wp\/v2\/posts"}],"about":[{"href":"https:\/\/www.gaveanews.com\/index.php\/wp-json\/wp\/v2\/types\/post"}],"author":[{"embeddable":true,"href":"https:\/\/www.gaveanews.com\/index.php\/wp-json\/wp\/v2\/users\/27"}],"replies":[{"embeddable":true,"href":"https:\/\/www.gaveanews.com\/index.php\/wp-json\/wp\/v2\/comments?post=217195"}],"version-history":[{"count":1,"href":"https:\/\/www.gaveanews.com\/index.php\/wp-json\/wp\/v2\/posts\/217195\/revisions"}],"predecessor-version":[{"id":217198,"href":"https:\/\/www.gaveanews.com\/index.php\/wp-json\/wp\/v2\/posts\/217195\/revisions\/217198"}],"wp:featuredmedia":[{"embeddable":true,"href":"https:\/\/www.gaveanews.com\/index.php\/wp-json\/wp\/v2\/media\/157734"}],"wp:attachment":[{"href":"https:\/\/www.gaveanews.com\/index.php\/wp-json\/wp\/v2\/media?parent=217195"}],"wp:term":[{"taxonomy":"category","embeddable":true,"href":"https:\/\/www.gaveanews.com\/index.php\/wp-json\/wp\/v2\/categories?post=217195"},{"taxonomy":"post_tag","embeddable":true,"href":"https:\/\/www.gaveanews.com\/index.php\/wp-json\/wp\/v2\/tags?post=217195"}],"curies":[{"name":"wp","href":"https:\/\/api.w.org\/{rel}","templated":true}]}}