{"id":217201,"date":"2025-01-24T08:20:00","date_gmt":"2025-01-24T11:20:00","guid":{"rendered":"https:\/\/www.gaveanews.com\/?p=217201"},"modified":"2025-01-24T04:07:51","modified_gmt":"2025-01-24T07:07:51","slug":"flavio-prado-e-sincero-ao-falar-sobre-thalys-do-palmeiras","status":"publish","type":"post","link":"https:\/\/www.gaveanews.com\/index.php\/2025\/01\/24\/flavio-prado-e-sincero-ao-falar-sobre-thalys-do-palmeiras\/","title":{"rendered":"Fl\u00e1vio Prado \u00e9 sincero ao falar sobre Thalys, do Palmeiras"},"content":{"rendered":"\n<p>Fl\u00e1vio Prado aprovou as oportunidades que Thalys tem recebido durante as primeiras rodadas do Campeonato Paulista. Para o jornalista da Jovem Pan, o atacante pode crescer sob o comando de Abel Ferreira e se tornar uma pe\u00e7a \u00fatil no esquema do portugu\u00eas.<\/p>\n\n\n\n<ul class=\"wp-block-list\">\n<li><a href=\"https:\/\/www.gaveanews.com\/index.php\/2025\/01\/23\/flavio-prado-nao-concorda-com-atitude-do-palmeiras-entenda\/\">Fl\u00e1vio Prado n\u00e3o concorda com atitude do Palmeiras; entenda<\/a><\/li>\n\n\n\n<li><a href=\"https:\/\/www.gaveanews.com\/index.php\/2025\/01\/23\/pode-estrear-reforco-do-palmeiras-e-regularizado-no-bid\/\">Pode estrear! Refor\u00e7o do Palmeiras \u00e9 regularizado no BID<\/a><\/li>\n<\/ul>\n\n\n\n<p>Thalys tem 18 anos de idade e \u00e9 mais uma das revela\u00e7\u00f5es da Academia de Futebol. Ele saltou \u00e0 frente de Flaco L\u00f3pez neste in\u00edcio de temporada e atuou em todos os jogos do Paulist\u00e3o. Nas tr\u00eas partidas, marcou dois gols, incluindo um no cl\u00e1ssico contra o Santos, na vit\u00f3ria por 2 a 1, na Vila Belmiro.<\/p>\n\n\n\n<p>O destaque do garoto das categorias de base chamou aten\u00e7\u00e3o n\u00e3o s\u00f3 do t\u00e9cnico Abel Ferreira, como tamb\u00e9m do jornalista do Jovem Pan, Fl\u00e1vio Prado. O comunicador apontou que se o jogador continuar a receber oportunidades pode se tornar uma pe\u00e7a \u00fatil para o plantel.<\/p>\n\n\n\n<p>\u201cEle demorou para ter um destaque maior porque jogou com o Endrick, jogou com o Est\u00eav\u00e3o\u2026 Ele n\u00e3o \u00e9 um jogador desse n\u00edvel, mas \u00e9 um jogador interessante e que sabe fazer gols. Se ele continuar recebendo oportunidades, pode sim se firmar. Um cara que faz gol\u201d, disse.<\/p>\n\n\n\n<p>Fl\u00e1vio Prado continuou a explana\u00e7\u00e3o afirmando que esse per\u00edodo de adapta\u00e7\u00e3o ao time profissional ser\u00e1 importante para dar confian\u00e7a ao jogador.<\/p>\n\n\n\n<p>\u201cO atacante quando come\u00e7a a fazer gols, ele ganha confian\u00e7a e ele d\u00e1 confian\u00e7a aos seus companheiros para meter a bola nele. Eu acho que ele vai ser bem \u00fatil para o Palmeiras. Ele tem qualidade e \u00e9 \u00f3timo receber essas oportunidade, que ele est\u00e1 aproveitando\u201d, finalizou.<\/p>\n\n\n\n<p>Thalys tem aproveitado as chances de atuar durante o in\u00edcio de temporada, quando Abel Ferreira tem optado por equipes alternativas. Ele deve estar presente na lista de relacionados para o confronto contra o Novorizontino no pr\u00f3ximo s\u00e1bado (25\/1), no Allianz Parque, \u00e0s 20h30<\/p>\n","protected":false},"excerpt":{"rendered":"<p>Fl\u00e1vio Prado aprovou as oportunidades que Thalys tem recebido durante as primeiras rodadas do Campeonato Paulista. Para o jornalista da Jovem Pan, o atacante pode crescer sob o comando de Abel Ferreira e se tornar uma pe\u00e7a \u00fatil no esquema do portugu\u00eas. Thalys tem 18 anos de idade e \u00e9 mais uma das revela\u00e7\u00f5es da [&hellip;]<\/p>\n","protected":false},"author":29,"featured_media":153917,"comment_status":"open","ping_status":"closed","sticky":false,"template":"","format":"standard","meta":{"footnotes":""},"categories":[150],"tags":[],"class_list":["post-217201","post","type-post","status-publish","format-standard","has-post-thumbnail","hentry","category-palmeiras"],"yoast_head":"<!-- This site is optimized with the Yoast SEO Premium plugin v24.2 (Yoast SEO v26.9) - https:\/\/yoast.com\/product\/yoast-seo-premium-wordpress\/ -->\n<title>Fl\u00e1vio Prado \u00e9 sincero ao falar sobre Thalys, do Palmeiras<\/title>\n<meta name=\"robots\" content=\"index, follow, max-snippet:-1, max-image-preview:large, max-video-preview:-1\" \/>\n<link rel=\"canonical\" href=\"https:\/\/www.gaveanews.com\/index.php\/2025\/01\/24\/flavio-prado-e-sincero-ao-falar-sobre-thalys-do-palmeiras\/\" \/>\n<meta property=\"og:locale\" content=\"pt_BR\" \/>\n<meta property=\"og:type\" content=\"article\" \/>\n<meta property=\"og:title\" content=\"Fl\u00e1vio Prado \u00e9 sincero ao falar sobre Thalys, do Palmeiras\" \/>\n<meta property=\"og:description\" content=\"Fl\u00e1vio Prado aprovou as oportunidades que Thalys tem recebido durante as primeiras rodadas do Campeonato Paulista. Para o jornalista da Jovem Pan, o atacante pode crescer sob o comando de Abel Ferreira e se tornar uma pe\u00e7a \u00fatil no esquema do portugu\u00eas. Thalys tem 18 anos de idade e \u00e9 mais uma das revela\u00e7\u00f5es da [&hellip;]\" \/>\n<meta property=\"og:url\" content=\"https:\/\/www.gaveanews.com\/index.php\/2025\/01\/24\/flavio-prado-e-sincero-ao-falar-sobre-thalys-do-palmeiras\/\" \/>\n<meta property=\"og:site_name\" content=\"G\u00e1vea News\" \/>\n<meta property=\"article:publisher\" content=\"https:\/\/facebook.com\/gaveaNews\/\" \/>\n<meta property=\"article:published_time\" content=\"2025-01-24T11:20:00+00:00\" \/>\n<meta property=\"og:image\" content=\"https:\/\/www.gaveanews.com\/wp-content\/uploads\/Thalys-com-a-camisa-do-Palmeiras.webp\" \/>\n\t<meta property=\"og:image:width\" content=\"1482\" \/>\n\t<meta property=\"og:image:height\" content=\"1600\" \/>\n\t<meta property=\"og:image:type\" content=\"image\/jpeg\" \/>\n<meta name=\"author\" content=\"Marco Menezes\" \/>\n<meta name=\"twitter:card\" content=\"summary_large_image\" \/>\n<meta name=\"twitter:label1\" content=\"Escrito por\" \/>\n\t<meta name=\"twitter:data1\" content=\"Marco Menezes\" \/>\n\t<meta name=\"twitter:label2\" content=\"Est. tempo de leitura\" \/>\n\t<meta name=\"twitter:data2\" content=\"2 minutos\" \/>\n<script type=\"application\/ld+json\" class=\"yoast-schema-graph\">{\"@context\":\"https:\/\/schema.org\",\"@graph\":[{\"@type\":\"NewsArticle\",\"@id\":\"https:\/\/www.gaveanews.com\/index.php\/2025\/01\/24\/flavio-prado-e-sincero-ao-falar-sobre-thalys-do-palmeiras\/#article\",\"isPartOf\":{\"@id\":\"https:\/\/www.gaveanews.com\/index.php\/2025\/01\/24\/flavio-prado-e-sincero-ao-falar-sobre-thalys-do-palmeiras\/\"},\"author\":{\"name\":\"Marco Menezes\",\"@id\":\"https:\/\/www.gaveanews.com\/#\/schema\/person\/a9f62fe75380c6bada1b2fc49bc23d69\"},\"headline\":\"Fl\u00e1vio Prado \u00e9 sincero ao falar sobre Thalys, do Palmeiras\",\"datePublished\":\"2025-01-24T11:20:00+00:00\",\"mainEntityOfPage\":{\"@id\":\"https:\/\/www.gaveanews.com\/index.php\/2025\/01\/24\/flavio-prado-e-sincero-ao-falar-sobre-thalys-do-palmeiras\/\"},\"wordCount\":355,\"commentCount\":0,\"image\":{\"@id\":\"https:\/\/www.gaveanews.com\/index.php\/2025\/01\/24\/flavio-prado-e-sincero-ao-falar-sobre-thalys-do-palmeiras\/#primaryimage\"},\"thumbnailUrl\":\"https:\/\/www.gaveanews.com\/wp-content\/uploads\/Thalys-com-a-camisa-do-Palmeiras.webp\",\"articleSection\":[\"Palmeiras\"],\"inLanguage\":\"pt-BR\",\"potentialAction\":[{\"@type\":\"CommentAction\",\"name\":\"Comment\",\"target\":[\"https:\/\/www.gaveanews.com\/index.php\/2025\/01\/24\/flavio-prado-e-sincero-ao-falar-sobre-thalys-do-palmeiras\/#respond\"]}],\"copyrightYear\":\"2025\",\"copyrightHolder\":{\"@id\":\"https:\/\/www.gaveanews.com\/#organization\"}},{\"@type\":\"WebPage\",\"@id\":\"https:\/\/www.gaveanews.com\/index.php\/2025\/01\/24\/flavio-prado-e-sincero-ao-falar-sobre-thalys-do-palmeiras\/\",\"url\":\"https:\/\/www.gaveanews.com\/index.php\/2025\/01\/24\/flavio-prado-e-sincero-ao-falar-sobre-thalys-do-palmeiras\/\",\"name\":\"Fl\u00e1vio Prado \u00e9 sincero ao falar sobre Thalys, do Palmeiras\",\"isPartOf\":{\"@id\":\"https:\/\/www.gaveanews.com\/#website\"},\"primaryImageOfPage\":{\"@id\":\"https:\/\/www.gaveanews.com\/index.php\/2025\/01\/24\/flavio-prado-e-sincero-ao-falar-sobre-thalys-do-palmeiras\/#primaryimage\"},\"image\":{\"@id\":\"https:\/\/www.gaveanews.com\/index.php\/2025\/01\/24\/flavio-prado-e-sincero-ao-falar-sobre-thalys-do-palmeiras\/#primaryimage\"},\"thumbnailUrl\":\"https:\/\/www.gaveanews.com\/wp-content\/uploads\/Thalys-com-a-camisa-do-Palmeiras.webp\",\"datePublished\":\"2025-01-24T11:20:00+00:00\",\"author\":{\"@id\":\"https:\/\/www.gaveanews.com\/#\/schema\/person\/a9f62fe75380c6bada1b2fc49bc23d69\"},\"breadcrumb\":{\"@id\":\"https:\/\/www.gaveanews.com\/index.php\/2025\/01\/24\/flavio-prado-e-sincero-ao-falar-sobre-thalys-do-palmeiras\/#breadcrumb\"},\"inLanguage\":\"pt-BR\",\"potentialAction\":[{\"@type\":\"ReadAction\",\"target\":[\"https:\/\/www.gaveanews.com\/index.php\/2025\/01\/24\/flavio-prado-e-sincero-ao-falar-sobre-thalys-do-palmeiras\/\"]}]},{\"@type\":\"ImageObject\",\"inLanguage\":\"pt-BR\",\"@id\":\"https:\/\/www.gaveanews.com\/index.php\/2025\/01\/24\/flavio-prado-e-sincero-ao-falar-sobre-thalys-do-palmeiras\/#primaryimage\",\"url\":\"https:\/\/www.gaveanews.com\/wp-content\/uploads\/Thalys-com-a-camisa-do-Palmeiras.webp\",\"contentUrl\":\"https:\/\/www.gaveanews.com\/wp-content\/uploads\/Thalys-com-a-camisa-do-Palmeiras.webp\",\"width\":1482,\"height\":1600,\"caption\":\"Thalys com a camisa do Palmeiras (Foto: Reprodu\u00e7\u00e3o\/Palmeiras)\"},{\"@type\":\"BreadcrumbList\",\"@id\":\"https:\/\/www.gaveanews.com\/index.php\/2025\/01\/24\/flavio-prado-e-sincero-ao-falar-sobre-thalys-do-palmeiras\/#breadcrumb\",\"itemListElement\":[{\"@type\":\"ListItem\",\"position\":1,\"name\":\"Home\",\"item\":\"https:\/\/www.gaveanews.com\/\"},{\"@type\":\"ListItem\",\"position\":2,\"name\":\"Fl\u00e1vio Prado \u00e9 sincero ao falar sobre Thalys, do Palmeiras\"}]},{\"@type\":\"WebSite\",\"@id\":\"https:\/\/www.gaveanews.com\/#website\",\"url\":\"https:\/\/www.gaveanews.com\/\",\"name\":\"G\u00e1vea News\",\"description\":\"Veja todas as not\u00edcias sobre o Flamengo: Contrata\u00e7\u00f5es, categorias de base, resultados das partidas, tabela de classifica\u00e7\u00e3o, pr\u00f3ximos jogos!\",\"potentialAction\":[{\"@type\":\"SearchAction\",\"target\":{\"@type\":\"EntryPoint\",\"urlTemplate\":\"https:\/\/www.gaveanews.com\/?s={search_term_string}\"},\"query-input\":{\"@type\":\"PropertyValueSpecification\",\"valueRequired\":true,\"valueName\":\"search_term_string\"}}],\"inLanguage\":\"pt-BR\"},{\"@type\":\"Person\",\"@id\":\"https:\/\/www.gaveanews.com\/#\/schema\/person\/a9f62fe75380c6bada1b2fc49bc23d69\",\"name\":\"Marco Menezes\",\"image\":{\"@type\":\"ImageObject\",\"inLanguage\":\"pt-BR\",\"@id\":\"https:\/\/www.gaveanews.com\/#\/schema\/person\/image\/\",\"url\":\"https:\/\/secure.gravatar.com\/avatar\/a1d148ae17fc8bfc5dbccffd07979e8bd2c9ba494221779de86ec2c7907b71ec?s=96&d=mm&r=g\",\"contentUrl\":\"https:\/\/secure.gravatar.com\/avatar\/a1d148ae17fc8bfc5dbccffd07979e8bd2c9ba494221779de86ec2c7907b71ec?s=96&d=mm&r=g\",\"caption\":\"Marco Menezes\"}}]}<\/script>\n<!-- \/ Yoast SEO Premium plugin. -->","yoast_head_json":{"title":"Fl\u00e1vio Prado \u00e9 sincero ao falar sobre Thalys, do Palmeiras","robots":{"index":"index","follow":"follow","max-snippet":"max-snippet:-1","max-image-preview":"max-image-preview:large","max-video-preview":"max-video-preview:-1"},"canonical":"https:\/\/www.gaveanews.com\/index.php\/2025\/01\/24\/flavio-prado-e-sincero-ao-falar-sobre-thalys-do-palmeiras\/","og_locale":"pt_BR","og_type":"article","og_title":"Fl\u00e1vio Prado \u00e9 sincero ao falar sobre Thalys, do Palmeiras","og_description":"Fl\u00e1vio Prado aprovou as oportunidades que Thalys tem recebido durante as primeiras rodadas do Campeonato Paulista. Para o jornalista da Jovem Pan, o atacante pode crescer sob o comando de Abel Ferreira e se tornar uma pe\u00e7a \u00fatil no esquema do portugu\u00eas. Thalys tem 18 anos de idade e \u00e9 mais uma das revela\u00e7\u00f5es da [&hellip;]","og_url":"https:\/\/www.gaveanews.com\/index.php\/2025\/01\/24\/flavio-prado-e-sincero-ao-falar-sobre-thalys-do-palmeiras\/","og_site_name":"G\u00e1vea News","article_publisher":"https:\/\/facebook.com\/gaveaNews\/","article_published_time":"2025-01-24T11:20:00+00:00","og_image":[{"width":1482,"height":1600,"url":"https:\/\/www.gaveanews.com\/wp-content\/uploads\/Thalys-com-a-camisa-do-Palmeiras.webp","type":"image\/jpeg"}],"author":"Marco Menezes","twitter_card":"summary_large_image","twitter_misc":{"Escrito por":"Marco Menezes","Est. tempo de leitura":"2 minutos"},"schema":{"@context":"https:\/\/schema.org","@graph":[{"@type":"NewsArticle","@id":"https:\/\/www.gaveanews.com\/index.php\/2025\/01\/24\/flavio-prado-e-sincero-ao-falar-sobre-thalys-do-palmeiras\/#article","isPartOf":{"@id":"https:\/\/www.gaveanews.com\/index.php\/2025\/01\/24\/flavio-prado-e-sincero-ao-falar-sobre-thalys-do-palmeiras\/"},"author":{"name":"Marco Menezes","@id":"https:\/\/www.gaveanews.com\/#\/schema\/person\/a9f62fe75380c6bada1b2fc49bc23d69"},"headline":"Fl\u00e1vio Prado \u00e9 sincero ao falar sobre Thalys, do Palmeiras","datePublished":"2025-01-24T11:20:00+00:00","mainEntityOfPage":{"@id":"https:\/\/www.gaveanews.com\/index.php\/2025\/01\/24\/flavio-prado-e-sincero-ao-falar-sobre-thalys-do-palmeiras\/"},"wordCount":355,"commentCount":0,"image":{"@id":"https:\/\/www.gaveanews.com\/index.php\/2025\/01\/24\/flavio-prado-e-sincero-ao-falar-sobre-thalys-do-palmeiras\/#primaryimage"},"thumbnailUrl":"https:\/\/www.gaveanews.com\/wp-content\/uploads\/Thalys-com-a-camisa-do-Palmeiras.webp","articleSection":["Palmeiras"],"inLanguage":"pt-BR","potentialAction":[{"@type":"CommentAction","name":"Comment","target":["https:\/\/www.gaveanews.com\/index.php\/2025\/01\/24\/flavio-prado-e-sincero-ao-falar-sobre-thalys-do-palmeiras\/#respond"]}],"copyrightYear":"2025","copyrightHolder":{"@id":"https:\/\/www.gaveanews.com\/#organization"}},{"@type":"WebPage","@id":"https:\/\/www.gaveanews.com\/index.php\/2025\/01\/24\/flavio-prado-e-sincero-ao-falar-sobre-thalys-do-palmeiras\/","url":"https:\/\/www.gaveanews.com\/index.php\/2025\/01\/24\/flavio-prado-e-sincero-ao-falar-sobre-thalys-do-palmeiras\/","name":"Fl\u00e1vio Prado \u00e9 sincero ao falar sobre Thalys, do Palmeiras","isPartOf":{"@id":"https:\/\/www.gaveanews.com\/#website"},"primaryImageOfPage":{"@id":"https:\/\/www.gaveanews.com\/index.php\/2025\/01\/24\/flavio-prado-e-sincero-ao-falar-sobre-thalys-do-palmeiras\/#primaryimage"},"image":{"@id":"https:\/\/www.gaveanews.com\/index.php\/2025\/01\/24\/flavio-prado-e-sincero-ao-falar-sobre-thalys-do-palmeiras\/#primaryimage"},"thumbnailUrl":"https:\/\/www.gaveanews.com\/wp-content\/uploads\/Thalys-com-a-camisa-do-Palmeiras.webp","datePublished":"2025-01-24T11:20:00+00:00","author":{"@id":"https:\/\/www.gaveanews.com\/#\/schema\/person\/a9f62fe75380c6bada1b2fc49bc23d69"},"breadcrumb":{"@id":"https:\/\/www.gaveanews.com\/index.php\/2025\/01\/24\/flavio-prado-e-sincero-ao-falar-sobre-thalys-do-palmeiras\/#breadcrumb"},"inLanguage":"pt-BR","potentialAction":[{"@type":"ReadAction","target":["https:\/\/www.gaveanews.com\/index.php\/2025\/01\/24\/flavio-prado-e-sincero-ao-falar-sobre-thalys-do-palmeiras\/"]}]},{"@type":"ImageObject","inLanguage":"pt-BR","@id":"https:\/\/www.gaveanews.com\/index.php\/2025\/01\/24\/flavio-prado-e-sincero-ao-falar-sobre-thalys-do-palmeiras\/#primaryimage","url":"https:\/\/www.gaveanews.com\/wp-content\/uploads\/Thalys-com-a-camisa-do-Palmeiras.webp","contentUrl":"https:\/\/www.gaveanews.com\/wp-content\/uploads\/Thalys-com-a-camisa-do-Palmeiras.webp","width":1482,"height":1600,"caption":"Thalys com a camisa do Palmeiras (Foto: Reprodu\u00e7\u00e3o\/Palmeiras)"},{"@type":"BreadcrumbList","@id":"https:\/\/www.gaveanews.com\/index.php\/2025\/01\/24\/flavio-prado-e-sincero-ao-falar-sobre-thalys-do-palmeiras\/#breadcrumb","itemListElement":[{"@type":"ListItem","position":1,"name":"Home","item":"https:\/\/www.gaveanews.com\/"},{"@type":"ListItem","position":2,"name":"Fl\u00e1vio Prado \u00e9 sincero ao falar sobre Thalys, do Palmeiras"}]},{"@type":"WebSite","@id":"https:\/\/www.gaveanews.com\/#website","url":"https:\/\/www.gaveanews.com\/","name":"G\u00e1vea News","description":"Veja todas as not\u00edcias sobre o Flamengo: Contrata\u00e7\u00f5es, categorias de base, resultados das partidas, tabela de classifica\u00e7\u00e3o, pr\u00f3ximos jogos!","potentialAction":[{"@type":"SearchAction","target":{"@type":"EntryPoint","urlTemplate":"https:\/\/www.gaveanews.com\/?s={search_term_string}"},"query-input":{"@type":"PropertyValueSpecification","valueRequired":true,"valueName":"search_term_string"}}],"inLanguage":"pt-BR"},{"@type":"Person","@id":"https:\/\/www.gaveanews.com\/#\/schema\/person\/a9f62fe75380c6bada1b2fc49bc23d69","name":"Marco Menezes","image":{"@type":"ImageObject","inLanguage":"pt-BR","@id":"https:\/\/www.gaveanews.com\/#\/schema\/person\/image\/","url":"https:\/\/secure.gravatar.com\/avatar\/a1d148ae17fc8bfc5dbccffd07979e8bd2c9ba494221779de86ec2c7907b71ec?s=96&d=mm&r=g","contentUrl":"https:\/\/secure.gravatar.com\/avatar\/a1d148ae17fc8bfc5dbccffd07979e8bd2c9ba494221779de86ec2c7907b71ec?s=96&d=mm&r=g","caption":"Marco Menezes"}}]}},"_links":{"self":[{"href":"https:\/\/www.gaveanews.com\/index.php\/wp-json\/wp\/v2\/posts\/217201","targetHints":{"allow":["GET"]}}],"collection":[{"href":"https:\/\/www.gaveanews.com\/index.php\/wp-json\/wp\/v2\/posts"}],"about":[{"href":"https:\/\/www.gaveanews.com\/index.php\/wp-json\/wp\/v2\/types\/post"}],"author":[{"embeddable":true,"href":"https:\/\/www.gaveanews.com\/index.php\/wp-json\/wp\/v2\/users\/29"}],"replies":[{"embeddable":true,"href":"https:\/\/www.gaveanews.com\/index.php\/wp-json\/wp\/v2\/comments?post=217201"}],"version-history":[{"count":1,"href":"https:\/\/www.gaveanews.com\/index.php\/wp-json\/wp\/v2\/posts\/217201\/revisions"}],"predecessor-version":[{"id":217204,"href":"https:\/\/www.gaveanews.com\/index.php\/wp-json\/wp\/v2\/posts\/217201\/revisions\/217204"}],"wp:featuredmedia":[{"embeddable":true,"href":"https:\/\/www.gaveanews.com\/index.php\/wp-json\/wp\/v2\/media\/153917"}],"wp:attachment":[{"href":"https:\/\/www.gaveanews.com\/index.php\/wp-json\/wp\/v2\/media?parent=217201"}],"wp:term":[{"taxonomy":"category","embeddable":true,"href":"https:\/\/www.gaveanews.com\/index.php\/wp-json\/wp\/v2\/categories?post=217201"},{"taxonomy":"post_tag","embeddable":true,"href":"https:\/\/www.gaveanews.com\/index.php\/wp-json\/wp\/v2\/tags?post=217201"}],"curies":[{"name":"wp","href":"https:\/\/api.w.org\/{rel}","templated":true}]}}